{"id":41586,"date":"2023-07-27T07:39:13","date_gmt":"2023-07-27T10:39:13","guid":{"rendered":"http:\/\/www.radiohorizonte.fm\/radio\/?p=41586"},"modified":"2023-07-27T07:39:13","modified_gmt":"2023-07-27T10:39:13","slug":"los-salarios-perdieron-contra-la-inflacion-en-mayo-arrastrados-por-el-sector-informal","status":"publish","type":"post","link":"http:\/\/www.radiohorizonte.fm\/radio\/2023\/07\/27\/los-salarios-perdieron-contra-la-inflacion-en-mayo-arrastrados-por-el-sector-informal\/","title":{"rendered":"Los salarios perdieron contra la inflaci\u00f3n en mayo, arrastrados por el sector informal"},"content":{"rendered":"<p>El \u00cdndice de salarios se ubic\u00f3 en el 7,5% en mayo, por debajo de la inflaci\u00f3n, aunque hubo una fuerte disparidad de aumentos entre el sector informal y el formal.<br \/>\n<img loading=\"lazy\" decoding=\"async\" src=\"http:\/\/www.radiohorizonte.fm\/radio\/wp-content\/uploads\/2018\/07\/trabajo.png\" alt=\"\" width=\"635\" height=\"300\" class=\"alignnone size-full wp-image-15227\" srcset=\"http:\/\/www.radiohorizonte.fm\/radio\/wp-content\/uploads\/2018\/07\/trabajo.png 635w, http:\/\/www.radiohorizonte.fm\/radio\/wp-content\/uploads\/2018\/07\/trabajo-300x142.png 300w, http:\/\/www.radiohorizonte.fm\/radio\/wp-content\/uploads\/2018\/07\/trabajo-65x31.png 65w, http:\/\/www.radiohorizonte.fm\/radio\/wp-content\/uploads\/2018\/07\/trabajo-320x151.png 320w, http:\/\/www.radiohorizonte.fm\/radio\/wp-content\/uploads\/2018\/07\/trabajo-85x40.png 85w, http:\/\/www.radiohorizonte.fm\/radio\/wp-content\/uploads\/2018\/07\/trabajo-220x104.png 220w, http:\/\/www.radiohorizonte.fm\/radio\/wp-content\/uploads\/2018\/07\/trabajo-90x43.png 90w\" sizes=\"auto, (max-width: 635px) 100vw, 635px\" \/><br \/>\nEl \u00cdndice de salarios se ubic\u00f3 en el 7,5% en mayo, por debajo de la inflaci\u00f3n, que ese mes se ubic\u00f3 en el 7,8%. Sin embargo, se advirti\u00f3 una fuerte disparidad entre el sector informal y el formal.<\/p>\n<p>En mayo, el \u00cdndice de salarios se increment\u00f3 7,5% mensual y 106,3% interanual. El indicador acumula una suba del 38,8% respecto de diciembre previo.<\/p>\n<p>El crecimiento mensual se debe a subas de 8,1% en el sector privado registrado, 8,5% en el sector p\u00fablico, ambos le ganaron a la inflaci\u00f3n de ese mismo mes, y 3,2% en el sector privado no registrado, 3,6 puntos porcentuales debajo del IPC.<\/p>\n<p>El \u00cdndice de precios al consumidor registr\u00f3 un acumulado del 42,2% desde enero a mayo. Todas las mediciones quedaron por debajo del IPC ya que el \u00cdndice de salarios acumula una suba de 38,8%. El sector privado avanz\u00f3 39,4%, el sector p\u00fablico lo hizo con el 41,7% y 31,2% para el sector privado no registrado.<\/p>\n<p>A su vez, en los \u00faltimos 12 meses, la inflaci\u00f3n alcanz\u00f3 el 114,2%. En t\u00e9rminos interanuales, el \u00cdndice de salarios mostr\u00f3 una suba de 106,3% y en el desglose: 108,7% en el sector privado registrado, 118,4% en el sector p\u00fablico y 77,4% en el sector privado no registrado.<\/p>\n<p>En su an\u00e1lisis, el economista Nadin Arga\u00f1araz, sostuvo que &#8220;en t\u00e9rminos anuales los trabajadores p\u00fablicos tuvieron un aumento real del 2%, los privados registrados cayeron 1% y los trabajadores informales perdieron el 17,2%&#8221;.<\/p>\n<p>A su turno, Emilio Prado, economista de la Fundaci\u00f3n Libertad y Progreso, analiz\u00f3: &#8220;Argentina se encuentra en una fase recesiva, viene de dos ca\u00eddas consecutivas interanuales en el EMAE (en abril -4,4%ia y en mayo -5,5%ia) y se espera que con el correr de los meses se profundice la contracci\u00f3n. En ese sentido, los datos nos muestran que el mercado laboral, por ahora, viene haciendo sus ajustes v\u00eda salarios, sin embargo, con un panorama econ\u00f3mico recesivo hacia adelante, esperamos que este ajuste empiece a trasladarse desde los precios hacia las cantidades&#8221;.<\/p>\n<p>Fuente: \u00c1mbito<\/p>\n","protected":false},"excerpt":{"rendered":"<div class=\"post-excerpt\"><p>El \u00cdndice de salarios se ubic\u00f3 en el 7,5% en mayo, por debajo de la inflaci\u00f3n, aunque hubo una fuerte disparidad de aumentos entre el sector informal y el formal. El \u00cdndice de salarios se ubic\u00f3 en el 7,5% en mayo, por debajo de la inflaci\u00f3n, que ese mes se ubic\u00f3 en el 7,8%. Sin<\/p>\n<\/div>","protected":false},"author":2,"featured_media":15227,"comment_status":"closed","ping_status":"closed","sticky":false,"template":"","format":"standard","meta":{"_acf_changed":false,"footnotes":""},"categories":[2],"tags":[],"class_list":["post-41586","post","type-post","status-publish","format-standard","has-post-thumbnail","hentry","category-noticias"],"acf":[],"yoast_head":"<!-- This site is optimized with the Yoast SEO plugin v28.1 - https:\/\/yoast.com\/product\/yoast-seo-wordpress\/ -->\n<title>Los salarios perdieron contra la inflaci\u00f3n en mayo, arrastrados por el sector informal - Horizonte<\/title>\n<meta name=\"robots\" content=\"index, follow, max-snippet:-1, max-image-preview:large, max-video-preview:-1\" \/>\n<link rel=\"canonical\" href=\"http:\/\/www.radiohorizonte.fm\/radio\/2023\/07\/27\/los-salarios-perdieron-contra-la-inflacion-en-mayo-arrastrados-por-el-sector-informal\/\" \/>\n<meta property=\"og:locale\" content=\"es_ES\" \/>\n<meta property=\"og:type\" content=\"article\" \/>\n<meta property=\"og:title\" content=\"Los salarios perdieron contra la inflaci\u00f3n en mayo, arrastrados por el sector informal - Horizonte\" \/>\n<meta property=\"og:description\" content=\"El \u00cdndice de salarios se ubic\u00f3 en el 7,5% en mayo, por debajo de la inflaci\u00f3n, aunque hubo una fuerte disparidad de aumentos entre el sector informal y el formal. El \u00cdndice de salarios se ubic\u00f3 en el 7,5% en mayo, por debajo de la inflaci\u00f3n, que ese mes se ubic\u00f3 en el 7,8%. Sin\" \/>\n<meta property=\"og:url\" content=\"http:\/\/www.radiohorizonte.fm\/radio\/2023\/07\/27\/los-salarios-perdieron-contra-la-inflacion-en-mayo-arrastrados-por-el-sector-informal\/\" \/>\n<meta property=\"og:site_name\" content=\"Horizonte\" \/>\n<meta property=\"article:publisher\" content=\"http:\/\/www.facebook.com\/HORIZONTE106.1\" \/>\n<meta property=\"article:published_time\" content=\"2023-07-27T10:39:13+00:00\" \/>\n<meta property=\"og:image\" content=\"http:\/\/www.radiohorizonte.fm\/radio\/wp-content\/uploads\/2018\/07\/trabajo.png\" \/>\n\t<meta property=\"og:image:width\" content=\"635\" \/>\n\t<meta property=\"og:image:height\" content=\"300\" \/>\n\t<meta property=\"og:image:type\" content=\"image\/png\" \/>\n<meta name=\"author\" content=\"Cristian Galarza\" \/>\n<meta name=\"twitter:card\" content=\"summary_large_image\" \/>\n<meta name=\"twitter:creator\" content=\"@fmhorizonte1061\" \/>\n<meta name=\"twitter:site\" content=\"@fmhorizonte1061\" \/>\n<meta name=\"twitter:label1\" content=\"Escrito por\" \/>\n\t<meta name=\"twitter:data1\" content=\"Cristian Galarza\" \/>\n\t<meta name=\"twitter:label2\" content=\"Tiempo de lectura\" \/>\n\t<meta name=\"twitter:data2\" content=\"2 minutos\" \/>\n<script type=\"application\/ld+json\" class=\"yoast-schema-graph\">{\"@context\":\"https:\\\/\\\/schema.org\",\"@graph\":[{\"@type\":\"Article\",\"@id\":\"http:\\\/\\\/www.radiohorizonte.fm\\\/radio\\\/2023\\\/07\\\/27\\\/los-salarios-perdieron-contra-la-inflacion-en-mayo-arrastrados-por-el-sector-informal\\\/#article\",\"isPartOf\":{\"@id\":\"http:\\\/\\\/www.radiohorizonte.fm\\\/radio\\\/2023\\\/07\\\/27\\\/los-salarios-perdieron-contra-la-inflacion-en-mayo-arrastrados-por-el-sector-informal\\\/\"},\"author\":{\"name\":\"Cristian Galarza\",\"@id\":\"http:\\\/\\\/www.radiohorizonte.fm\\\/radio\\\/#\\\/schema\\\/person\\\/f8fa003a405bb86729fd87d15d0ddafa\"},\"headline\":\"Los salarios perdieron contra la inflaci\u00f3n en mayo, arrastrados por el sector informal\",\"datePublished\":\"2023-07-27T10:39:13+00:00\",\"mainEntityOfPage\":{\"@id\":\"http:\\\/\\\/www.radiohorizonte.fm\\\/radio\\\/2023\\\/07\\\/27\\\/los-salarios-perdieron-contra-la-inflacion-en-mayo-arrastrados-por-el-sector-informal\\\/\"},\"wordCount\":373,\"publisher\":{\"@id\":\"http:\\\/\\\/www.radiohorizonte.fm\\\/radio\\\/#organization\"},\"image\":{\"@id\":\"http:\\\/\\\/www.radiohorizonte.fm\\\/radio\\\/2023\\\/07\\\/27\\\/los-salarios-perdieron-contra-la-inflacion-en-mayo-arrastrados-por-el-sector-informal\\\/#primaryimage\"},\"thumbnailUrl\":\"http:\\\/\\\/www.radiohorizonte.fm\\\/radio\\\/wp-content\\\/uploads\\\/2018\\\/07\\\/trabajo.png\",\"articleSection\":[\"Noticias\"],\"inLanguage\":\"es-AR\"},{\"@type\":\"WebPage\",\"@id\":\"http:\\\/\\\/www.radiohorizonte.fm\\\/radio\\\/2023\\\/07\\\/27\\\/los-salarios-perdieron-contra-la-inflacion-en-mayo-arrastrados-por-el-sector-informal\\\/\",\"url\":\"http:\\\/\\\/www.radiohorizonte.fm\\\/radio\\\/2023\\\/07\\\/27\\\/los-salarios-perdieron-contra-la-inflacion-en-mayo-arrastrados-por-el-sector-informal\\\/\",\"name\":\"Los salarios perdieron contra la inflaci\u00f3n en mayo, arrastrados por el sector informal - Horizonte\",\"isPartOf\":{\"@id\":\"http:\\\/\\\/www.radiohorizonte.fm\\\/radio\\\/#website\"},\"primaryImageOfPage\":{\"@id\":\"http:\\\/\\\/www.radiohorizonte.fm\\\/radio\\\/2023\\\/07\\\/27\\\/los-salarios-perdieron-contra-la-inflacion-en-mayo-arrastrados-por-el-sector-informal\\\/#primaryimage\"},\"image\":{\"@id\":\"http:\\\/\\\/www.radiohorizonte.fm\\\/radio\\\/2023\\\/07\\\/27\\\/los-salarios-perdieron-contra-la-inflacion-en-mayo-arrastrados-por-el-sector-informal\\\/#primaryimage\"},\"thumbnailUrl\":\"http:\\\/\\\/www.radiohorizonte.fm\\\/radio\\\/wp-content\\\/uploads\\\/2018\\\/07\\\/trabajo.png\",\"datePublished\":\"2023-07-27T10:39:13+00:00\",\"breadcrumb\":{\"@id\":\"http:\\\/\\\/www.radiohorizonte.fm\\\/radio\\\/2023\\\/07\\\/27\\\/los-salarios-perdieron-contra-la-inflacion-en-mayo-arrastrados-por-el-sector-informal\\\/#breadcrumb\"},\"inLanguage\":\"es-AR\",\"potentialAction\":[{\"@type\":\"ReadAction\",\"target\":[\"http:\\\/\\\/www.radiohorizonte.fm\\\/radio\\\/2023\\\/07\\\/27\\\/los-salarios-perdieron-contra-la-inflacion-en-mayo-arrastrados-por-el-sector-informal\\\/\"]}]},{\"@type\":\"ImageObject\",\"inLanguage\":\"es-AR\",\"@id\":\"http:\\\/\\\/www.radiohorizonte.fm\\\/radio\\\/2023\\\/07\\\/27\\\/los-salarios-perdieron-contra-la-inflacion-en-mayo-arrastrados-por-el-sector-informal\\\/#primaryimage\",\"url\":\"http:\\\/\\\/www.radiohorizonte.fm\\\/radio\\\/wp-content\\\/uploads\\\/2018\\\/07\\\/trabajo.png\",\"contentUrl\":\"http:\\\/\\\/www.radiohorizonte.fm\\\/radio\\\/wp-content\\\/uploads\\\/2018\\\/07\\\/trabajo.png\",\"width\":635,\"height\":300},{\"@type\":\"BreadcrumbList\",\"@id\":\"http:\\\/\\\/www.radiohorizonte.fm\\\/radio\\\/2023\\\/07\\\/27\\\/los-salarios-perdieron-contra-la-inflacion-en-mayo-arrastrados-por-el-sector-informal\\\/#breadcrumb\",\"itemListElement\":[{\"@type\":\"ListItem\",\"position\":1,\"name\":\"Home\",\"item\":\"http:\\\/\\\/www.radiohorizonte.fm\\\/radio\\\/\"},{\"@type\":\"ListItem\",\"position\":2,\"name\":\"Los salarios perdieron contra la inflaci\u00f3n en mayo, arrastrados por el sector informal\"}]},{\"@type\":\"WebSite\",\"@id\":\"http:\\\/\\\/www.radiohorizonte.fm\\\/radio\\\/#website\",\"url\":\"http:\\\/\\\/www.radiohorizonte.fm\\\/radio\\\/\",\"name\":\"Horizonte\",\"description\":\"Radio Horizonte 106.1 - Una radio de clasicos\",\"publisher\":{\"@id\":\"http:\\\/\\\/www.radiohorizonte.fm\\\/radio\\\/#organization\"},\"potentialAction\":[{\"@type\":\"SearchAction\",\"target\":{\"@type\":\"EntryPoint\",\"urlTemplate\":\"http:\\\/\\\/www.radiohorizonte.fm\\\/radio\\\/?s={search_term_string}\"},\"query-input\":{\"@type\":\"PropertyValueSpecification\",\"valueRequired\":true,\"valueName\":\"search_term_string\"}}],\"inLanguage\":\"es-AR\"},{\"@type\":\"Organization\",\"@id\":\"http:\\\/\\\/www.radiohorizonte.fm\\\/radio\\\/#organization\",\"name\":\"Horizonte\",\"url\":\"http:\\\/\\\/www.radiohorizonte.fm\\\/radio\\\/\",\"logo\":{\"@type\":\"ImageObject\",\"inLanguage\":\"es-AR\",\"@id\":\"http:\\\/\\\/www.radiohorizonte.fm\\\/radio\\\/#\\\/schema\\\/logo\\\/image\\\/\",\"url\":\"http:\\\/\\\/www.radiohorizonte.fm\\\/radio\\\/wp-content\\\/uploads\\\/2025\\\/06\\\/Portada-FM-Horizonte_modelo-imagen-scaled.jpg\",\"contentUrl\":\"http:\\\/\\\/www.radiohorizonte.fm\\\/radio\\\/wp-content\\\/uploads\\\/2025\\\/06\\\/Portada-FM-Horizonte_modelo-imagen-scaled.jpg\",\"width\":2560,\"height\":1056,\"caption\":\"Horizonte\"},\"image\":{\"@id\":\"http:\\\/\\\/www.radiohorizonte.fm\\\/radio\\\/#\\\/schema\\\/logo\\\/image\\\/\"},\"sameAs\":[\"http:\\\/\\\/www.facebook.com\\\/HORIZONTE106.1\",\"https:\\\/\\\/x.com\\\/fmhorizonte1061\"]},{\"@type\":\"Person\",\"@id\":\"http:\\\/\\\/www.radiohorizonte.fm\\\/radio\\\/#\\\/schema\\\/person\\\/f8fa003a405bb86729fd87d15d0ddafa\",\"name\":\"Cristian Galarza\",\"image\":{\"@type\":\"ImageObject\",\"inLanguage\":\"es-AR\",\"@id\":\"https:\\\/\\\/secure.gravatar.com\\\/avatar\\\/fad34bc2c773209c05d7d53b08a69b680eeb55f3be014e52b31643d20ab65925?s=96&d=mm&r=g\",\"url\":\"https:\\\/\\\/secure.gravatar.com\\\/avatar\\\/fad34bc2c773209c05d7d53b08a69b680eeb55f3be014e52b31643d20ab65925?s=96&d=mm&r=g\",\"contentUrl\":\"https:\\\/\\\/secure.gravatar.com\\\/avatar\\\/fad34bc2c773209c05d7d53b08a69b680eeb55f3be014e52b31643d20ab65925?s=96&d=mm&r=g\",\"caption\":\"Cristian Galarza\"},\"url\":\"http:\\\/\\\/www.radiohorizonte.fm\\\/radio\\\/author\\\/cristian\\\/\"}]}<\/script>\n<!-- \/ Yoast SEO plugin. -->","yoast_head_json":{"title":"Los salarios perdieron contra la inflaci\u00f3n en mayo, arrastrados por el sector informal - Horizonte","robots":{"index":"index","follow":"follow","max-snippet":"max-snippet:-1","max-image-preview":"max-image-preview:large","max-video-preview":"max-video-preview:-1"},"canonical":"http:\/\/www.radiohorizonte.fm\/radio\/2023\/07\/27\/los-salarios-perdieron-contra-la-inflacion-en-mayo-arrastrados-por-el-sector-informal\/","og_locale":"es_ES","og_type":"article","og_title":"Los salarios perdieron contra la inflaci\u00f3n en mayo, arrastrados por el sector informal - Horizonte","og_description":"El \u00cdndice de salarios se ubic\u00f3 en el 7,5% en mayo, por debajo de la inflaci\u00f3n, aunque hubo una fuerte disparidad de aumentos entre el sector informal y el formal. El \u00cdndice de salarios se ubic\u00f3 en el 7,5% en mayo, por debajo de la inflaci\u00f3n, que ese mes se ubic\u00f3 en el 7,8%. Sin","og_url":"http:\/\/www.radiohorizonte.fm\/radio\/2023\/07\/27\/los-salarios-perdieron-contra-la-inflacion-en-mayo-arrastrados-por-el-sector-informal\/","og_site_name":"Horizonte","article_publisher":"http:\/\/www.facebook.com\/HORIZONTE106.1","article_published_time":"2023-07-27T10:39:13+00:00","og_image":[{"width":635,"height":300,"url":"http:\/\/www.radiohorizonte.fm\/radio\/wp-content\/uploads\/2018\/07\/trabajo.png","type":"image\/png"}],"author":"Cristian Galarza","twitter_card":"summary_large_image","twitter_creator":"@fmhorizonte1061","twitter_site":"@fmhorizonte1061","twitter_misc":{"Escrito por":"Cristian Galarza","Tiempo de lectura":"2 minutos"},"schema":{"@context":"https:\/\/schema.org","@graph":[{"@type":"Article","@id":"http:\/\/www.radiohorizonte.fm\/radio\/2023\/07\/27\/los-salarios-perdieron-contra-la-inflacion-en-mayo-arrastrados-por-el-sector-informal\/#article","isPartOf":{"@id":"http:\/\/www.radiohorizonte.fm\/radio\/2023\/07\/27\/los-salarios-perdieron-contra-la-inflacion-en-mayo-arrastrados-por-el-sector-informal\/"},"author":{"name":"Cristian Galarza","@id":"http:\/\/www.radiohorizonte.fm\/radio\/#\/schema\/person\/f8fa003a405bb86729fd87d15d0ddafa"},"headline":"Los salarios perdieron contra la inflaci\u00f3n en mayo, arrastrados por el sector informal","datePublished":"2023-07-27T10:39:13+00:00","mainEntityOfPage":{"@id":"http:\/\/www.radiohorizonte.fm\/radio\/2023\/07\/27\/los-salarios-perdieron-contra-la-inflacion-en-mayo-arrastrados-por-el-sector-informal\/"},"wordCount":373,"publisher":{"@id":"http:\/\/www.radiohorizonte.fm\/radio\/#organization"},"image":{"@id":"http:\/\/www.radiohorizonte.fm\/radio\/2023\/07\/27\/los-salarios-perdieron-contra-la-inflacion-en-mayo-arrastrados-por-el-sector-informal\/#primaryimage"},"thumbnailUrl":"http:\/\/www.radiohorizonte.fm\/radio\/wp-content\/uploads\/2018\/07\/trabajo.png","articleSection":["Noticias"],"inLanguage":"es-AR"},{"@type":"WebPage","@id":"http:\/\/www.radiohorizonte.fm\/radio\/2023\/07\/27\/los-salarios-perdieron-contra-la-inflacion-en-mayo-arrastrados-por-el-sector-informal\/","url":"http:\/\/www.radiohorizonte.fm\/radio\/2023\/07\/27\/los-salarios-perdieron-contra-la-inflacion-en-mayo-arrastrados-por-el-sector-informal\/","name":"Los salarios perdieron contra la inflaci\u00f3n en mayo, arrastrados por el sector informal - Horizonte","isPartOf":{"@id":"http:\/\/www.radiohorizonte.fm\/radio\/#website"},"primaryImageOfPage":{"@id":"http:\/\/www.radiohorizonte.fm\/radio\/2023\/07\/27\/los-salarios-perdieron-contra-la-inflacion-en-mayo-arrastrados-por-el-sector-informal\/#primaryimage"},"image":{"@id":"http:\/\/www.radiohorizonte.fm\/radio\/2023\/07\/27\/los-salarios-perdieron-contra-la-inflacion-en-mayo-arrastrados-por-el-sector-informal\/#primaryimage"},"thumbnailUrl":"http:\/\/www.radiohorizonte.fm\/radio\/wp-content\/uploads\/2018\/07\/trabajo.png","datePublished":"2023-07-27T10:39:13+00:00","breadcrumb":{"@id":"http:\/\/www.radiohorizonte.fm\/radio\/2023\/07\/27\/los-salarios-perdieron-contra-la-inflacion-en-mayo-arrastrados-por-el-sector-informal\/#breadcrumb"},"inLanguage":"es-AR","potentialAction":[{"@type":"ReadAction","target":["http:\/\/www.radiohorizonte.fm\/radio\/2023\/07\/27\/los-salarios-perdieron-contra-la-inflacion-en-mayo-arrastrados-por-el-sector-informal\/"]}]},{"@type":"ImageObject","inLanguage":"es-AR","@id":"http:\/\/www.radiohorizonte.fm\/radio\/2023\/07\/27\/los-salarios-perdieron-contra-la-inflacion-en-mayo-arrastrados-por-el-sector-informal\/#primaryimage","url":"http:\/\/www.radiohorizonte.fm\/radio\/wp-content\/uploads\/2018\/07\/trabajo.png","contentUrl":"http:\/\/www.radiohorizonte.fm\/radio\/wp-content\/uploads\/2018\/07\/trabajo.png","width":635,"height":300},{"@type":"BreadcrumbList","@id":"http:\/\/www.radiohorizonte.fm\/radio\/2023\/07\/27\/los-salarios-perdieron-contra-la-inflacion-en-mayo-arrastrados-por-el-sector-informal\/#breadcrumb","itemListElement":[{"@type":"ListItem","position":1,"name":"Home","item":"http:\/\/www.radiohorizonte.fm\/radio\/"},{"@type":"ListItem","position":2,"name":"Los salarios perdieron contra la inflaci\u00f3n en mayo, arrastrados por el sector informal"}]},{"@type":"WebSite","@id":"http:\/\/www.radiohorizonte.fm\/radio\/#website","url":"http:\/\/www.radiohorizonte.fm\/radio\/","name":"Horizonte","description":"Radio Horizonte 106.1 - Una radio de clasicos","publisher":{"@id":"http:\/\/www.radiohorizonte.fm\/radio\/#organization"},"potentialAction":[{"@type":"SearchAction","target":{"@type":"EntryPoint","urlTemplate":"http:\/\/www.radiohorizonte.fm\/radio\/?s={search_term_string}"},"query-input":{"@type":"PropertyValueSpecification","valueRequired":true,"valueName":"search_term_string"}}],"inLanguage":"es-AR"},{"@type":"Organization","@id":"http:\/\/www.radiohorizonte.fm\/radio\/#organization","name":"Horizonte","url":"http:\/\/www.radiohorizonte.fm\/radio\/","logo":{"@type":"ImageObject","inLanguage":"es-AR","@id":"http:\/\/www.radiohorizonte.fm\/radio\/#\/schema\/logo\/image\/","url":"http:\/\/www.radiohorizonte.fm\/radio\/wp-content\/uploads\/2025\/06\/Portada-FM-Horizonte_modelo-imagen-scaled.jpg","contentUrl":"http:\/\/www.radiohorizonte.fm\/radio\/wp-content\/uploads\/2025\/06\/Portada-FM-Horizonte_modelo-imagen-scaled.jpg","width":2560,"height":1056,"caption":"Horizonte"},"image":{"@id":"http:\/\/www.radiohorizonte.fm\/radio\/#\/schema\/logo\/image\/"},"sameAs":["http:\/\/www.facebook.com\/HORIZONTE106.1","https:\/\/x.com\/fmhorizonte1061"]},{"@type":"Person","@id":"http:\/\/www.radiohorizonte.fm\/radio\/#\/schema\/person\/f8fa003a405bb86729fd87d15d0ddafa","name":"Cristian Galarza","image":{"@type":"ImageObject","inLanguage":"es-AR","@id":"https:\/\/secure.gravatar.com\/avatar\/fad34bc2c773209c05d7d53b08a69b680eeb55f3be014e52b31643d20ab65925?s=96&d=mm&r=g","url":"https:\/\/secure.gravatar.com\/avatar\/fad34bc2c773209c05d7d53b08a69b680eeb55f3be014e52b31643d20ab65925?s=96&d=mm&r=g","contentUrl":"https:\/\/secure.gravatar.com\/avatar\/fad34bc2c773209c05d7d53b08a69b680eeb55f3be014e52b31643d20ab65925?s=96&d=mm&r=g","caption":"Cristian Galarza"},"url":"http:\/\/www.radiohorizonte.fm\/radio\/author\/cristian\/"}]}},"_links":{"self":[{"href":"http:\/\/www.radiohorizonte.fm\/radio\/wp-json\/wp\/v2\/posts\/41586","targetHints":{"allow":["GET"]}}],"collection":[{"href":"http:\/\/www.radiohorizonte.fm\/radio\/wp-json\/wp\/v2\/posts"}],"about":[{"href":"http:\/\/www.radiohorizonte.fm\/radio\/wp-json\/wp\/v2\/types\/post"}],"author":[{"embeddable":true,"href":"http:\/\/www.radiohorizonte.fm\/radio\/wp-json\/wp\/v2\/users\/2"}],"replies":[{"embeddable":true,"href":"http:\/\/www.radiohorizonte.fm\/radio\/wp-json\/wp\/v2\/comments?post=41586"}],"version-history":[{"count":1,"href":"http:\/\/www.radiohorizonte.fm\/radio\/wp-json\/wp\/v2\/posts\/41586\/revisions"}],"predecessor-version":[{"id":41587,"href":"http:\/\/www.radiohorizonte.fm\/radio\/wp-json\/wp\/v2\/posts\/41586\/revisions\/41587"}],"wp:featuredmedia":[{"embeddable":true,"href":"http:\/\/www.radiohorizonte.fm\/radio\/wp-json\/wp\/v2\/media\/15227"}],"wp:attachment":[{"href":"http:\/\/www.radiohorizonte.fm\/radio\/wp-json\/wp\/v2\/media?parent=41586"}],"wp:term":[{"taxonomy":"category","embeddable":true,"href":"http:\/\/www.radiohorizonte.fm\/radio\/wp-json\/wp\/v2\/categories?post=41586"},{"taxonomy":"post_tag","embeddable":true,"href":"http:\/\/www.radiohorizonte.fm\/radio\/wp-json\/wp\/v2\/tags?post=41586"}],"curies":[{"name":"wp","href":"https:\/\/api.w.org\/{rel}","templated":true}]}}