{"id":41588,"date":"2023-07-27T11:43:43","date_gmt":"2023-07-27T14:43:43","guid":{"rendered":"http:\/\/www.radiohorizonte.fm\/radio\/?p=41588"},"modified":"2023-07-27T11:44:01","modified_gmt":"2023-07-27T14:44:01","slug":"murio-la-cantante-irlandesa-sinead-oconnor","status":"publish","type":"post","link":"http:\/\/www.radiohorizonte.fm\/radio\/2023\/07\/27\/murio-la-cantante-irlandesa-sinead-oconnor\/","title":{"rendered":"Muri\u00f3 la cantante irlandesa Sin\u00e9ad O&#8221;Connor"},"content":{"rendered":"<p>Su familia confirm\u00f3 su fallecimiento. La artista, que perdi\u00f3 a su hijo de 17 a\u00f1os en 2022, estaba trabajando en un nuevo \u00e1lbum para 2024.<br \/>\n<img loading=\"lazy\" decoding=\"async\" src=\"http:\/\/www.radiohorizonte.fm\/radio\/wp-content\/uploads\/2023\/07\/158583w850h481c.jpg.jpg\" alt=\"\" width=\"850\" height=\"481\" class=\"alignnone size-full wp-image-41589\" srcset=\"http:\/\/www.radiohorizonte.fm\/radio\/wp-content\/uploads\/2023\/07\/158583w850h481c.jpg.jpg 850w, http:\/\/www.radiohorizonte.fm\/radio\/wp-content\/uploads\/2023\/07\/158583w850h481c.jpg-300x170.jpg 300w, http:\/\/www.radiohorizonte.fm\/radio\/wp-content\/uploads\/2023\/07\/158583w850h481c.jpg-768x435.jpg 768w, http:\/\/www.radiohorizonte.fm\/radio\/wp-content\/uploads\/2023\/07\/158583w850h481c.jpg-65x37.jpg 65w, http:\/\/www.radiohorizonte.fm\/radio\/wp-content\/uploads\/2023\/07\/158583w850h481c.jpg-320x181.jpg 320w, http:\/\/www.radiohorizonte.fm\/radio\/wp-content\/uploads\/2023\/07\/158583w850h481c.jpg-85x48.jpg 85w, http:\/\/www.radiohorizonte.fm\/radio\/wp-content\/uploads\/2023\/07\/158583w850h481c.jpg-220x125.jpg 220w, http:\/\/www.radiohorizonte.fm\/radio\/wp-content\/uploads\/2023\/07\/158583w850h481c.jpg-90x51.jpg 90w\" sizes=\"auto, (max-width: 850px) 100vw, 850px\" \/><\/p>\n<p>La cantante irlandesa Sin\u00e9ad O&#8221;Connor muri\u00f3 este mi\u00e9rcoles a los 56 a\u00f1os, inform\u00f3 su familia media un comunicado.<\/p>\n<p>&#8220;Es con mucha tristeza que anunciamos el fallecimiento de nuestra amada Sin\u00e9ad&#8221;, expresaron, y agregaron: &#8220;Su familia y amigos estan desvastados y piden privacidad en este momento dificil&#8221;, report\u00f3 la BBC.<\/p>\n<p>La artista lanz\u00f3 10 \u00e1lbumes a lo largo de su carrera, y su hit &#8220;Nothing Compares 2 U&#8221; fue el n\u00famero 1 de 1990 en los Billboard Music Awards.<\/p>\n<p>La cantante ha hablado sobre su lucha por su salud mental desde hace d\u00e9cadas. A principios de julio escribi\u00f3 en su p\u00e1gina de Facebook que se hab\u00eda mudado de vuelta a Londres, despu\u00e9s de 23 a\u00f1os, y que estaba t\u00e9rminando un disco para lanzar en 2024. Incluso planeaba salir de gira por Australia y Nueva Zelanda en 2024, y Europa, Estados Unidos y otros territorios en 2025.<\/p>\n<p>El a\u00f1o pasado, su nombre hab\u00eda vuelto a los medios tras el suicidio de su hijo Shane de tan solo 17 a\u00f1os. A los pocos d\u00edas del tr\u00e1gico hecho, la cantante hab\u00eda sido internada porque sus allegados tem\u00edan que intentara, una vez m\u00e1s, quitarse la vida.<\/p>\n<p>O&#8221;Connor hab\u00eda publicado una foto de Shane y escribi\u00f3: &#8220;Desde entonces, vivo como una criatura nocturna no muerta. Fue el amor de mi vida, la l\u00e1mpara de mi alma&#8221;, record\u00f3 la agencia de noticias brit\u00e1nica Reuters.<\/p>\n<p>Su \u00faltimo posteo en su cuenta de Twitter, el 17 de julio, refer\u00eda a este hecho y dec\u00eda &#8220;para todas las madres de hijos suicidas&#8221;, junto a una canci\u00f3n llamada &#8220;Chenrezi&#8221;, para ella un &#8220;mantra de compasi\u00f3n tibetano&#8221;.<\/p>\n<p>Atrevida y sin pelos en la lengua, la artista cambi\u00f3 la imagen de la mujer en la m\u00fasica a principios de la d\u00e9cada de 1990 con su cabeza rapada, su expresi\u00f3n dolorida y su vestuario, desafiando las nociones de feminidad y sexualidad imperantes durante mucho tiempo en la cultura popular.<\/p>\n<p>La int\u00e9rprete irrumpi\u00f3 en la escena musical mundial con su fascinante versi\u00f3n de &#8220;Nothing compares 2U&#8221;, la canci\u00f3n escrita originalmente por Prince, mirando directamente a la c\u00e1mara en un video musical que ha sido visto casi 400 millones de veces en YouTube.<\/p>\n<p>Conocida tanto por sus opiniones contundentes sobre la religi\u00f3n, el sexo, el feminismo y la guerra como por su m\u00fasica, algunos la recuerdan por haber roto una foto del papa Juan Pablo II durante una aparici\u00f3n televisiva en &#8220;Saturday Night Live&#8221;.<\/p>\n<p>&#8220;Todo el mundo quiere a una estrella del pop&#8221;, escribi\u00f3 en sus memorias de 2021, &#8220;Rememberings&#8221;. &#8220;Pero yo soy una cantante de protesta. S\u00f3lo ten\u00eda cosas que sacar de mi pecho. No ten\u00eda ning\u00fan deseo de fama&#8221;.<\/p>\n<p>O&#8221;Connor se convirti\u00f3 al Islam en 2018 y cambi\u00f3 su nombre a Shuhada Sadaqat, aunque sigui\u00f3 actuando bajo el nombre de Sinead O&#8221;Connor.<\/p>\n<p>&#8220;Su m\u00fasica era apreciada en todo el mundo y su talento era incomparable&#8221;, public\u00f3 el primer ministro irland\u00e9s, Leo Varadkar, en la red social X, antes conocida como Twitter, compartiendo sus condolencias con &#8220;todos los que amaban su m\u00fasica&#8221;.<\/p>\n","protected":false},"excerpt":{"rendered":"<div class=\"post-excerpt\"><p>Su familia confirm\u00f3 su fallecimiento. La artista, que perdi\u00f3 a su hijo de 17 a\u00f1os en 2022, estaba trabajando en un nuevo \u00e1lbum para 2024. La cantante irlandesa Sin\u00e9ad O&#8221;Connor muri\u00f3 este mi\u00e9rcoles a los 56 a\u00f1os, inform\u00f3 su familia media un comunicado. &#8220;Es con mucha tristeza que anunciamos el fallecimiento de nuestra amada Sin\u00e9ad&#8221;,<\/p>\n<\/div>","protected":false},"author":2,"featured_media":41589,"comment_status":"closed","ping_status":"closed","sticky":false,"template":"","format":"standard","meta":{"_acf_changed":false,"footnotes":""},"categories":[3],"tags":[],"class_list":["post-41588","post","type-post","status-publish","format-standard","has-post-thumbnail","hentry","category-infomusic"],"acf":[],"yoast_head":"<!-- This site is optimized with the Yoast SEO plugin v28.1 - https:\/\/yoast.com\/product\/yoast-seo-wordpress\/ -->\n<title>Muri\u00f3 la cantante irlandesa Sin\u00e9ad O&quot;Connor - Horizonte<\/title>\n<meta name=\"robots\" content=\"index, follow, max-snippet:-1, max-image-preview:large, max-video-preview:-1\" \/>\n<link rel=\"canonical\" href=\"https:\/\/www.radiohorizonte.fm\/radio\/2023\/07\/27\/murio-la-cantante-irlandesa-sinead-oconnor\/\" \/>\n<meta property=\"og:locale\" content=\"es_ES\" \/>\n<meta property=\"og:type\" content=\"article\" \/>\n<meta property=\"og:title\" content=\"Muri\u00f3 la cantante irlandesa Sin\u00e9ad O&quot;Connor - Horizonte\" \/>\n<meta property=\"og:description\" content=\"Su familia confirm\u00f3 su fallecimiento. La artista, que perdi\u00f3 a su hijo de 17 a\u00f1os en 2022, estaba trabajando en un nuevo \u00e1lbum para 2024. La cantante irlandesa Sin\u00e9ad O&#8221;Connor muri\u00f3 este mi\u00e9rcoles a los 56 a\u00f1os, inform\u00f3 su familia media un comunicado. &#8220;Es con mucha tristeza que anunciamos el fallecimiento de nuestra amada Sin\u00e9ad&#8221;,\" \/>\n<meta property=\"og:url\" content=\"https:\/\/www.radiohorizonte.fm\/radio\/2023\/07\/27\/murio-la-cantante-irlandesa-sinead-oconnor\/\" \/>\n<meta property=\"og:site_name\" content=\"Horizonte\" \/>\n<meta property=\"article:publisher\" content=\"http:\/\/www.facebook.com\/HORIZONTE106.1\" \/>\n<meta property=\"article:published_time\" content=\"2023-07-27T14:43:43+00:00\" \/>\n<meta property=\"article:modified_time\" content=\"2023-07-27T14:44:01+00:00\" \/>\n<meta property=\"og:image\" content=\"https:\/\/www.radiohorizonte.fm\/radio\/wp-content\/uploads\/2023\/07\/158583w850h481c.jpg.jpg\" \/>\n\t<meta property=\"og:image:width\" content=\"850\" \/>\n\t<meta property=\"og:image:height\" content=\"481\" \/>\n\t<meta property=\"og:image:type\" content=\"image\/jpeg\" \/>\n<meta name=\"author\" content=\"Cristian Galarza\" \/>\n<meta name=\"twitter:card\" content=\"summary_large_image\" \/>\n<meta name=\"twitter:creator\" content=\"@fmhorizonte1061\" \/>\n<meta name=\"twitter:site\" content=\"@fmhorizonte1061\" \/>\n<meta name=\"twitter:label1\" content=\"Escrito por\" \/>\n\t<meta name=\"twitter:data1\" content=\"Cristian Galarza\" \/>\n\t<meta name=\"twitter:label2\" content=\"Tiempo de lectura\" \/>\n\t<meta name=\"twitter:data2\" content=\"3 minutos\" \/>\n<script type=\"application\/ld+json\" class=\"yoast-schema-graph\">{\"@context\":\"https:\\\/\\\/schema.org\",\"@graph\":[{\"@type\":\"Article\",\"@id\":\"https:\\\/\\\/www.radiohorizonte.fm\\\/radio\\\/2023\\\/07\\\/27\\\/murio-la-cantante-irlandesa-sinead-oconnor\\\/#article\",\"isPartOf\":{\"@id\":\"https:\\\/\\\/www.radiohorizonte.fm\\\/radio\\\/2023\\\/07\\\/27\\\/murio-la-cantante-irlandesa-sinead-oconnor\\\/\"},\"author\":{\"name\":\"Cristian Galarza\",\"@id\":\"http:\\\/\\\/www.radiohorizonte.fm\\\/radio\\\/#\\\/schema\\\/person\\\/f8fa003a405bb86729fd87d15d0ddafa\"},\"headline\":\"Muri\u00f3 la cantante irlandesa Sin\u00e9ad O&#8221;Connor\",\"datePublished\":\"2023-07-27T14:43:43+00:00\",\"dateModified\":\"2023-07-27T14:44:01+00:00\",\"mainEntityOfPage\":{\"@id\":\"https:\\\/\\\/www.radiohorizonte.fm\\\/radio\\\/2023\\\/07\\\/27\\\/murio-la-cantante-irlandesa-sinead-oconnor\\\/\"},\"wordCount\":560,\"publisher\":{\"@id\":\"http:\\\/\\\/www.radiohorizonte.fm\\\/radio\\\/#organization\"},\"image\":{\"@id\":\"https:\\\/\\\/www.radiohorizonte.fm\\\/radio\\\/2023\\\/07\\\/27\\\/murio-la-cantante-irlandesa-sinead-oconnor\\\/#primaryimage\"},\"thumbnailUrl\":\"http:\\\/\\\/www.radiohorizonte.fm\\\/radio\\\/wp-content\\\/uploads\\\/2023\\\/07\\\/158583w850h481c.jpg.jpg\",\"articleSection\":[\"Infomusic\"],\"inLanguage\":\"es-AR\"},{\"@type\":\"WebPage\",\"@id\":\"https:\\\/\\\/www.radiohorizonte.fm\\\/radio\\\/2023\\\/07\\\/27\\\/murio-la-cantante-irlandesa-sinead-oconnor\\\/\",\"url\":\"https:\\\/\\\/www.radiohorizonte.fm\\\/radio\\\/2023\\\/07\\\/27\\\/murio-la-cantante-irlandesa-sinead-oconnor\\\/\",\"name\":\"Muri\u00f3 la cantante irlandesa Sin\u00e9ad O\\\"Connor - Horizonte\",\"isPartOf\":{\"@id\":\"http:\\\/\\\/www.radiohorizonte.fm\\\/radio\\\/#website\"},\"primaryImageOfPage\":{\"@id\":\"https:\\\/\\\/www.radiohorizonte.fm\\\/radio\\\/2023\\\/07\\\/27\\\/murio-la-cantante-irlandesa-sinead-oconnor\\\/#primaryimage\"},\"image\":{\"@id\":\"https:\\\/\\\/www.radiohorizonte.fm\\\/radio\\\/2023\\\/07\\\/27\\\/murio-la-cantante-irlandesa-sinead-oconnor\\\/#primaryimage\"},\"thumbnailUrl\":\"http:\\\/\\\/www.radiohorizonte.fm\\\/radio\\\/wp-content\\\/uploads\\\/2023\\\/07\\\/158583w850h481c.jpg.jpg\",\"datePublished\":\"2023-07-27T14:43:43+00:00\",\"dateModified\":\"2023-07-27T14:44:01+00:00\",\"breadcrumb\":{\"@id\":\"https:\\\/\\\/www.radiohorizonte.fm\\\/radio\\\/2023\\\/07\\\/27\\\/murio-la-cantante-irlandesa-sinead-oconnor\\\/#breadcrumb\"},\"inLanguage\":\"es-AR\",\"potentialAction\":[{\"@type\":\"ReadAction\",\"target\":[\"https:\\\/\\\/www.radiohorizonte.fm\\\/radio\\\/2023\\\/07\\\/27\\\/murio-la-cantante-irlandesa-sinead-oconnor\\\/\"]}]},{\"@type\":\"ImageObject\",\"inLanguage\":\"es-AR\",\"@id\":\"https:\\\/\\\/www.radiohorizonte.fm\\\/radio\\\/2023\\\/07\\\/27\\\/murio-la-cantante-irlandesa-sinead-oconnor\\\/#primaryimage\",\"url\":\"http:\\\/\\\/www.radiohorizonte.fm\\\/radio\\\/wp-content\\\/uploads\\\/2023\\\/07\\\/158583w850h481c.jpg.jpg\",\"contentUrl\":\"http:\\\/\\\/www.radiohorizonte.fm\\\/radio\\\/wp-content\\\/uploads\\\/2023\\\/07\\\/158583w850h481c.jpg.jpg\",\"width\":850,\"height\":481},{\"@type\":\"BreadcrumbList\",\"@id\":\"https:\\\/\\\/www.radiohorizonte.fm\\\/radio\\\/2023\\\/07\\\/27\\\/murio-la-cantante-irlandesa-sinead-oconnor\\\/#breadcrumb\",\"itemListElement\":[{\"@type\":\"ListItem\",\"position\":1,\"name\":\"Home\",\"item\":\"http:\\\/\\\/www.radiohorizonte.fm\\\/radio\\\/\"},{\"@type\":\"ListItem\",\"position\":2,\"name\":\"Muri\u00f3 la cantante irlandesa Sin\u00e9ad O&#8221;Connor\"}]},{\"@type\":\"WebSite\",\"@id\":\"http:\\\/\\\/www.radiohorizonte.fm\\\/radio\\\/#website\",\"url\":\"http:\\\/\\\/www.radiohorizonte.fm\\\/radio\\\/\",\"name\":\"Horizonte\",\"description\":\"Radio Horizonte 106.1 - Una radio de clasicos\",\"publisher\":{\"@id\":\"http:\\\/\\\/www.radiohorizonte.fm\\\/radio\\\/#organization\"},\"potentialAction\":[{\"@type\":\"SearchAction\",\"target\":{\"@type\":\"EntryPoint\",\"urlTemplate\":\"http:\\\/\\\/www.radiohorizonte.fm\\\/radio\\\/?s={search_term_string}\"},\"query-input\":{\"@type\":\"PropertyValueSpecification\",\"valueRequired\":true,\"valueName\":\"search_term_string\"}}],\"inLanguage\":\"es-AR\"},{\"@type\":\"Organization\",\"@id\":\"http:\\\/\\\/www.radiohorizonte.fm\\\/radio\\\/#organization\",\"name\":\"Horizonte\",\"url\":\"http:\\\/\\\/www.radiohorizonte.fm\\\/radio\\\/\",\"logo\":{\"@type\":\"ImageObject\",\"inLanguage\":\"es-AR\",\"@id\":\"http:\\\/\\\/www.radiohorizonte.fm\\\/radio\\\/#\\\/schema\\\/logo\\\/image\\\/\",\"url\":\"http:\\\/\\\/www.radiohorizonte.fm\\\/radio\\\/wp-content\\\/uploads\\\/2025\\\/06\\\/Portada-FM-Horizonte_modelo-imagen-scaled.jpg\",\"contentUrl\":\"http:\\\/\\\/www.radiohorizonte.fm\\\/radio\\\/wp-content\\\/uploads\\\/2025\\\/06\\\/Portada-FM-Horizonte_modelo-imagen-scaled.jpg\",\"width\":2560,\"height\":1056,\"caption\":\"Horizonte\"},\"image\":{\"@id\":\"http:\\\/\\\/www.radiohorizonte.fm\\\/radio\\\/#\\\/schema\\\/logo\\\/image\\\/\"},\"sameAs\":[\"http:\\\/\\\/www.facebook.com\\\/HORIZONTE106.1\",\"https:\\\/\\\/x.com\\\/fmhorizonte1061\"]},{\"@type\":\"Person\",\"@id\":\"http:\\\/\\\/www.radiohorizonte.fm\\\/radio\\\/#\\\/schema\\\/person\\\/f8fa003a405bb86729fd87d15d0ddafa\",\"name\":\"Cristian Galarza\",\"image\":{\"@type\":\"ImageObject\",\"inLanguage\":\"es-AR\",\"@id\":\"https:\\\/\\\/secure.gravatar.com\\\/avatar\\\/fad34bc2c773209c05d7d53b08a69b680eeb55f3be014e52b31643d20ab65925?s=96&d=mm&r=g\",\"url\":\"https:\\\/\\\/secure.gravatar.com\\\/avatar\\\/fad34bc2c773209c05d7d53b08a69b680eeb55f3be014e52b31643d20ab65925?s=96&d=mm&r=g\",\"contentUrl\":\"https:\\\/\\\/secure.gravatar.com\\\/avatar\\\/fad34bc2c773209c05d7d53b08a69b680eeb55f3be014e52b31643d20ab65925?s=96&d=mm&r=g\",\"caption\":\"Cristian Galarza\"},\"url\":\"http:\\\/\\\/www.radiohorizonte.fm\\\/radio\\\/author\\\/cristian\\\/\"}]}<\/script>\n<!-- \/ Yoast SEO plugin. -->","yoast_head_json":{"title":"Muri\u00f3 la cantante irlandesa Sin\u00e9ad O\"Connor - Horizonte","robots":{"index":"index","follow":"follow","max-snippet":"max-snippet:-1","max-image-preview":"max-image-preview:large","max-video-preview":"max-video-preview:-1"},"canonical":"https:\/\/www.radiohorizonte.fm\/radio\/2023\/07\/27\/murio-la-cantante-irlandesa-sinead-oconnor\/","og_locale":"es_ES","og_type":"article","og_title":"Muri\u00f3 la cantante irlandesa Sin\u00e9ad O\"Connor - Horizonte","og_description":"Su familia confirm\u00f3 su fallecimiento. La artista, que perdi\u00f3 a su hijo de 17 a\u00f1os en 2022, estaba trabajando en un nuevo \u00e1lbum para 2024. La cantante irlandesa Sin\u00e9ad O&#8221;Connor muri\u00f3 este mi\u00e9rcoles a los 56 a\u00f1os, inform\u00f3 su familia media un comunicado. &#8220;Es con mucha tristeza que anunciamos el fallecimiento de nuestra amada Sin\u00e9ad&#8221;,","og_url":"https:\/\/www.radiohorizonte.fm\/radio\/2023\/07\/27\/murio-la-cantante-irlandesa-sinead-oconnor\/","og_site_name":"Horizonte","article_publisher":"http:\/\/www.facebook.com\/HORIZONTE106.1","article_published_time":"2023-07-27T14:43:43+00:00","article_modified_time":"2023-07-27T14:44:01+00:00","og_image":[{"width":850,"height":481,"url":"https:\/\/www.radiohorizonte.fm\/radio\/wp-content\/uploads\/2023\/07\/158583w850h481c.jpg.jpg","type":"image\/jpeg"}],"author":"Cristian Galarza","twitter_card":"summary_large_image","twitter_creator":"@fmhorizonte1061","twitter_site":"@fmhorizonte1061","twitter_misc":{"Escrito por":"Cristian Galarza","Tiempo de lectura":"3 minutos"},"schema":{"@context":"https:\/\/schema.org","@graph":[{"@type":"Article","@id":"https:\/\/www.radiohorizonte.fm\/radio\/2023\/07\/27\/murio-la-cantante-irlandesa-sinead-oconnor\/#article","isPartOf":{"@id":"https:\/\/www.radiohorizonte.fm\/radio\/2023\/07\/27\/murio-la-cantante-irlandesa-sinead-oconnor\/"},"author":{"name":"Cristian Galarza","@id":"http:\/\/www.radiohorizonte.fm\/radio\/#\/schema\/person\/f8fa003a405bb86729fd87d15d0ddafa"},"headline":"Muri\u00f3 la cantante irlandesa Sin\u00e9ad O&#8221;Connor","datePublished":"2023-07-27T14:43:43+00:00","dateModified":"2023-07-27T14:44:01+00:00","mainEntityOfPage":{"@id":"https:\/\/www.radiohorizonte.fm\/radio\/2023\/07\/27\/murio-la-cantante-irlandesa-sinead-oconnor\/"},"wordCount":560,"publisher":{"@id":"http:\/\/www.radiohorizonte.fm\/radio\/#organization"},"image":{"@id":"https:\/\/www.radiohorizonte.fm\/radio\/2023\/07\/27\/murio-la-cantante-irlandesa-sinead-oconnor\/#primaryimage"},"thumbnailUrl":"http:\/\/www.radiohorizonte.fm\/radio\/wp-content\/uploads\/2023\/07\/158583w850h481c.jpg.jpg","articleSection":["Infomusic"],"inLanguage":"es-AR"},{"@type":"WebPage","@id":"https:\/\/www.radiohorizonte.fm\/radio\/2023\/07\/27\/murio-la-cantante-irlandesa-sinead-oconnor\/","url":"https:\/\/www.radiohorizonte.fm\/radio\/2023\/07\/27\/murio-la-cantante-irlandesa-sinead-oconnor\/","name":"Muri\u00f3 la cantante irlandesa Sin\u00e9ad O\"Connor - Horizonte","isPartOf":{"@id":"http:\/\/www.radiohorizonte.fm\/radio\/#website"},"primaryImageOfPage":{"@id":"https:\/\/www.radiohorizonte.fm\/radio\/2023\/07\/27\/murio-la-cantante-irlandesa-sinead-oconnor\/#primaryimage"},"image":{"@id":"https:\/\/www.radiohorizonte.fm\/radio\/2023\/07\/27\/murio-la-cantante-irlandesa-sinead-oconnor\/#primaryimage"},"thumbnailUrl":"http:\/\/www.radiohorizonte.fm\/radio\/wp-content\/uploads\/2023\/07\/158583w850h481c.jpg.jpg","datePublished":"2023-07-27T14:43:43+00:00","dateModified":"2023-07-27T14:44:01+00:00","breadcrumb":{"@id":"https:\/\/www.radiohorizonte.fm\/radio\/2023\/07\/27\/murio-la-cantante-irlandesa-sinead-oconnor\/#breadcrumb"},"inLanguage":"es-AR","potentialAction":[{"@type":"ReadAction","target":["https:\/\/www.radiohorizonte.fm\/radio\/2023\/07\/27\/murio-la-cantante-irlandesa-sinead-oconnor\/"]}]},{"@type":"ImageObject","inLanguage":"es-AR","@id":"https:\/\/www.radiohorizonte.fm\/radio\/2023\/07\/27\/murio-la-cantante-irlandesa-sinead-oconnor\/#primaryimage","url":"http:\/\/www.radiohorizonte.fm\/radio\/wp-content\/uploads\/2023\/07\/158583w850h481c.jpg.jpg","contentUrl":"http:\/\/www.radiohorizonte.fm\/radio\/wp-content\/uploads\/2023\/07\/158583w850h481c.jpg.jpg","width":850,"height":481},{"@type":"BreadcrumbList","@id":"https:\/\/www.radiohorizonte.fm\/radio\/2023\/07\/27\/murio-la-cantante-irlandesa-sinead-oconnor\/#breadcrumb","itemListElement":[{"@type":"ListItem","position":1,"name":"Home","item":"http:\/\/www.radiohorizonte.fm\/radio\/"},{"@type":"ListItem","position":2,"name":"Muri\u00f3 la cantante irlandesa Sin\u00e9ad O&#8221;Connor"}]},{"@type":"WebSite","@id":"http:\/\/www.radiohorizonte.fm\/radio\/#website","url":"http:\/\/www.radiohorizonte.fm\/radio\/","name":"Horizonte","description":"Radio Horizonte 106.1 - Una radio de clasicos","publisher":{"@id":"http:\/\/www.radiohorizonte.fm\/radio\/#organization"},"potentialAction":[{"@type":"SearchAction","target":{"@type":"EntryPoint","urlTemplate":"http:\/\/www.radiohorizonte.fm\/radio\/?s={search_term_string}"},"query-input":{"@type":"PropertyValueSpecification","valueRequired":true,"valueName":"search_term_string"}}],"inLanguage":"es-AR"},{"@type":"Organization","@id":"http:\/\/www.radiohorizonte.fm\/radio\/#organization","name":"Horizonte","url":"http:\/\/www.radiohorizonte.fm\/radio\/","logo":{"@type":"ImageObject","inLanguage":"es-AR","@id":"http:\/\/www.radiohorizonte.fm\/radio\/#\/schema\/logo\/image\/","url":"http:\/\/www.radiohorizonte.fm\/radio\/wp-content\/uploads\/2025\/06\/Portada-FM-Horizonte_modelo-imagen-scaled.jpg","contentUrl":"http:\/\/www.radiohorizonte.fm\/radio\/wp-content\/uploads\/2025\/06\/Portada-FM-Horizonte_modelo-imagen-scaled.jpg","width":2560,"height":1056,"caption":"Horizonte"},"image":{"@id":"http:\/\/www.radiohorizonte.fm\/radio\/#\/schema\/logo\/image\/"},"sameAs":["http:\/\/www.facebook.com\/HORIZONTE106.1","https:\/\/x.com\/fmhorizonte1061"]},{"@type":"Person","@id":"http:\/\/www.radiohorizonte.fm\/radio\/#\/schema\/person\/f8fa003a405bb86729fd87d15d0ddafa","name":"Cristian Galarza","image":{"@type":"ImageObject","inLanguage":"es-AR","@id":"https:\/\/secure.gravatar.com\/avatar\/fad34bc2c773209c05d7d53b08a69b680eeb55f3be014e52b31643d20ab65925?s=96&d=mm&r=g","url":"https:\/\/secure.gravatar.com\/avatar\/fad34bc2c773209c05d7d53b08a69b680eeb55f3be014e52b31643d20ab65925?s=96&d=mm&r=g","contentUrl":"https:\/\/secure.gravatar.com\/avatar\/fad34bc2c773209c05d7d53b08a69b680eeb55f3be014e52b31643d20ab65925?s=96&d=mm&r=g","caption":"Cristian Galarza"},"url":"http:\/\/www.radiohorizonte.fm\/radio\/author\/cristian\/"}]}},"_links":{"self":[{"href":"http:\/\/www.radiohorizonte.fm\/radio\/wp-json\/wp\/v2\/posts\/41588","targetHints":{"allow":["GET"]}}],"collection":[{"href":"http:\/\/www.radiohorizonte.fm\/radio\/wp-json\/wp\/v2\/posts"}],"about":[{"href":"http:\/\/www.radiohorizonte.fm\/radio\/wp-json\/wp\/v2\/types\/post"}],"author":[{"embeddable":true,"href":"http:\/\/www.radiohorizonte.fm\/radio\/wp-json\/wp\/v2\/users\/2"}],"replies":[{"embeddable":true,"href":"http:\/\/www.radiohorizonte.fm\/radio\/wp-json\/wp\/v2\/comments?post=41588"}],"version-history":[{"count":1,"href":"http:\/\/www.radiohorizonte.fm\/radio\/wp-json\/wp\/v2\/posts\/41588\/revisions"}],"predecessor-version":[{"id":41590,"href":"http:\/\/www.radiohorizonte.fm\/radio\/wp-json\/wp\/v2\/posts\/41588\/revisions\/41590"}],"wp:featuredmedia":[{"embeddable":true,"href":"http:\/\/www.radiohorizonte.fm\/radio\/wp-json\/wp\/v2\/media\/41589"}],"wp:attachment":[{"href":"http:\/\/www.radiohorizonte.fm\/radio\/wp-json\/wp\/v2\/media?parent=41588"}],"wp:term":[{"taxonomy":"category","embeddable":true,"href":"http:\/\/www.radiohorizonte.fm\/radio\/wp-json\/wp\/v2\/categories?post=41588"},{"taxonomy":"post_tag","embeddable":true,"href":"http:\/\/www.radiohorizonte.fm\/radio\/wp-json\/wp\/v2\/tags?post=41588"}],"curies":[{"name":"wp","href":"https:\/\/api.w.org\/{rel}","templated":true}]}}