{"id":41601,"date":"2023-07-31T07:16:44","date_gmt":"2023-07-31T10:16:44","guid":{"rendered":"http:\/\/www.radiohorizonte.fm\/radio\/?p=41601"},"modified":"2023-07-31T07:16:44","modified_gmt":"2023-07-31T10:16:44","slug":"le-balearon-el-auto-cuando-iba-trabajar","status":"publish","type":"post","link":"http:\/\/www.radiohorizonte.fm\/radio\/2023\/07\/31\/le-balearon-el-auto-cuando-iba-trabajar\/","title":{"rendered":"Le balearon el auto cuando iba a trabajar"},"content":{"rendered":"<p>El tiro fue a corta distancia y de grueso calibre, entr\u00f3 por la venta del conductor y sali\u00f3 por el lado derecho. No hizo denuncia, por el descr\u00e9dito que le genera la acci\u00f3n judicial contra los agresores.<\/p>\n<p><img loading=\"lazy\" decoding=\"async\" class=\"alignnone size-full wp-image-41602\" src=\"http:\/\/www.radiohorizonte.fm\/radio\/wp-content\/uploads\/2023\/07\/1311310w762h418c.jpg.jpg\" alt=\"\" width=\"762\" height=\"418\" srcset=\"http:\/\/www.radiohorizonte.fm\/radio\/wp-content\/uploads\/2023\/07\/1311310w762h418c.jpg.jpg 762w, http:\/\/www.radiohorizonte.fm\/radio\/wp-content\/uploads\/2023\/07\/1311310w762h418c.jpg-300x165.jpg 300w, http:\/\/www.radiohorizonte.fm\/radio\/wp-content\/uploads\/2023\/07\/1311310w762h418c.jpg-65x36.jpg 65w, http:\/\/www.radiohorizonte.fm\/radio\/wp-content\/uploads\/2023\/07\/1311310w762h418c.jpg-320x176.jpg 320w, http:\/\/www.radiohorizonte.fm\/radio\/wp-content\/uploads\/2023\/07\/1311310w762h418c.jpg-85x47.jpg 85w, http:\/\/www.radiohorizonte.fm\/radio\/wp-content\/uploads\/2023\/07\/1311310w762h418c.jpg-220x121.jpg 220w, http:\/\/www.radiohorizonte.fm\/radio\/wp-content\/uploads\/2023\/07\/1311310w762h418c.jpg-90x49.jpg 90w\" sizes=\"auto, (max-width: 762px) 100vw, 762px\" \/><\/p>\n<p>Un hombre sali\u00f3 ileso de milagro en la madrugada de ayer, luego de sufrir un violento ataque a balazos por parte de dos malvivientes que lo hab\u00edan detenido a punta de pistola en inmediaciones del barrio La Olla. Quisieron robarle el auto y cuando la v\u00edctima se neg\u00f3, abrieron fuego contra el veh\u00edculo. Uno de los balazos ingres\u00f3 por la ventanilla del conductor y por suerte no lo hiri\u00f3, permiti\u00e9ndole escapar r\u00e1pidamente del lugar.<\/p>\n<p>La v\u00edctima, de nombre Javier, y quien mantuvo un contacto con el portal digital Siempre Corrientes, mencion\u00f3 que el hecho ocurri\u00f3 alrededor de las 5:30 del s\u00e1bado, cuando se dirig\u00eda hacia su trabajo y circulaba por inmediaciones de la avenida Cartagena y vio cruzarse repentinamente sobre la calzada a dos j\u00f3venes con las manos hacia adelante, lo que le provoc\u00f3 inicialmente un gran susto, ya que no entend\u00eda lo que ocurr\u00eda.<\/p>\n<p>&#8220;Fue en la intersecci\u00f3n con calle Las Piedras. Dos j\u00f3venes se pararon frente a mi veh\u00edculo y al ver que la situaci\u00f3n era demasiado sospechosa, aceler\u00e9 r\u00e1pidamente para tratar de salir del lugar, porque estaban queriendo robarme el veh\u00edculo. Los sujeto tuvieron que correrse, porque yo no iba a frenar o esquivarlos. Uno de ellos ten\u00eda un arma de fuego y con ella me dispar\u00f3&#8221;, explic\u00f3 la v\u00edctima.<\/p>\n<p>El disparo ingres\u00f3 casi por el medio de la ventanilla del conductor, pero como el tirador casi se cae, fue de abajo hacia arriba, por lo que el proyectil pas\u00f3 casi frente al rostro de Javier, pero no lo lastim\u00f3. El disparo fue a muy corta distancia. La bala, presumiblemente un calibre 32, sali\u00f3 por el techo del auto dejando un orificio de entrada de grandes proporciones y otro de salida entre el marco de la puerta y el burlete del parabrisas.<\/p>\n<p>&#8220;Siempre paso por ese lugar, llevo mis ni\u00f1os al colegio, soy un laburante com\u00fan, pero ya no se puede transitar libremente. La inseguridad gan\u00f3 la calle y con el peligro que hay todos los d\u00edas, ya no sabemos -los que mantenemos una familia- qu\u00e9 nos va a pasar. La Polic\u00eda deber\u00eda recorrer en los horarios que la gente sale a trabajar. Las calles est\u00e1n desiertas y no hab\u00eda ning\u00fan patrullero por la zona donde me sucedi\u00f3 este ataque&#8221;, cont\u00f3 Javier. El hombre maneja un Chevrolet Cruce blanco, es empresario y hace habitualmente este camino para ir a su trabajo y llevar a sus hijos al colegio para acortar camino, pero desde lo sucedido asegura que no pasar\u00e1 m\u00e1s por all\u00ed, porque qued\u00f3 con mucho miedo de que pueda volverle a suceder. Pese a lo ocurrido, la v\u00edctima no hizo denuncia, excus\u00e1ndose en que &#8220;no tiene sentido, van a salir al rato&#8221;, concluy\u00f3.<\/p>\n","protected":false},"excerpt":{"rendered":"<div class=\"post-excerpt\"><p>El tiro fue a corta distancia y de grueso calibre, entr\u00f3 por la venta del conductor y sali\u00f3 por el lado derecho. No hizo denuncia, por el descr\u00e9dito que le genera la acci\u00f3n judicial contra los agresores. Un hombre sali\u00f3 ileso de milagro en la madrugada de ayer, luego de sufrir un violento ataque a<\/p>\n<\/div>","protected":false},"author":2,"featured_media":41602,"comment_status":"closed","ping_status":"closed","sticky":false,"template":"","format":"standard","meta":{"_acf_changed":false,"footnotes":""},"categories":[2],"tags":[],"class_list":["post-41601","post","type-post","status-publish","format-standard","has-post-thumbnail","hentry","category-noticias"],"acf":[],"yoast_head":"<!-- This site is optimized with the Yoast SEO plugin v28.1 - https:\/\/yoast.com\/product\/yoast-seo-wordpress\/ -->\n<title>Le balearon el auto cuando iba a trabajar - Horizonte<\/title>\n<meta name=\"robots\" content=\"index, follow, max-snippet:-1, max-image-preview:large, max-video-preview:-1\" \/>\n<link rel=\"canonical\" href=\"http:\/\/www.radiohorizonte.fm\/radio\/2023\/07\/31\/le-balearon-el-auto-cuando-iba-trabajar\/\" \/>\n<meta property=\"og:locale\" content=\"es_ES\" \/>\n<meta property=\"og:type\" content=\"article\" \/>\n<meta property=\"og:title\" content=\"Le balearon el auto cuando iba a trabajar - Horizonte\" \/>\n<meta property=\"og:description\" content=\"El tiro fue a corta distancia y de grueso calibre, entr\u00f3 por la venta del conductor y sali\u00f3 por el lado derecho. No hizo denuncia, por el descr\u00e9dito que le genera la acci\u00f3n judicial contra los agresores. Un hombre sali\u00f3 ileso de milagro en la madrugada de ayer, luego de sufrir un violento ataque a\" \/>\n<meta property=\"og:url\" content=\"http:\/\/www.radiohorizonte.fm\/radio\/2023\/07\/31\/le-balearon-el-auto-cuando-iba-trabajar\/\" \/>\n<meta property=\"og:site_name\" content=\"Horizonte\" \/>\n<meta property=\"article:publisher\" content=\"http:\/\/www.facebook.com\/HORIZONTE106.1\" \/>\n<meta property=\"article:published_time\" content=\"2023-07-31T10:16:44+00:00\" \/>\n<meta property=\"og:image\" content=\"http:\/\/www.radiohorizonte.fm\/radio\/wp-content\/uploads\/2023\/07\/1311310w762h418c.jpg.jpg\" \/>\n\t<meta property=\"og:image:width\" content=\"762\" \/>\n\t<meta property=\"og:image:height\" content=\"418\" \/>\n\t<meta property=\"og:image:type\" content=\"image\/jpeg\" \/>\n<meta name=\"author\" content=\"Cristian Galarza\" \/>\n<meta name=\"twitter:card\" content=\"summary_large_image\" \/>\n<meta name=\"twitter:creator\" content=\"@fmhorizonte1061\" \/>\n<meta name=\"twitter:site\" content=\"@fmhorizonte1061\" \/>\n<meta name=\"twitter:label1\" content=\"Escrito por\" \/>\n\t<meta name=\"twitter:data1\" content=\"Cristian Galarza\" \/>\n\t<meta name=\"twitter:label2\" content=\"Tiempo de lectura\" \/>\n\t<meta name=\"twitter:data2\" content=\"3 minutos\" \/>\n<script type=\"application\/ld+json\" class=\"yoast-schema-graph\">{\"@context\":\"https:\\\/\\\/schema.org\",\"@graph\":[{\"@type\":\"Article\",\"@id\":\"http:\\\/\\\/www.radiohorizonte.fm\\\/radio\\\/2023\\\/07\\\/31\\\/le-balearon-el-auto-cuando-iba-trabajar\\\/#article\",\"isPartOf\":{\"@id\":\"http:\\\/\\\/www.radiohorizonte.fm\\\/radio\\\/2023\\\/07\\\/31\\\/le-balearon-el-auto-cuando-iba-trabajar\\\/\"},\"author\":{\"name\":\"Cristian Galarza\",\"@id\":\"http:\\\/\\\/www.radiohorizonte.fm\\\/radio\\\/#\\\/schema\\\/person\\\/f8fa003a405bb86729fd87d15d0ddafa\"},\"headline\":\"Le balearon el auto cuando iba a trabajar\",\"datePublished\":\"2023-07-31T10:16:44+00:00\",\"mainEntityOfPage\":{\"@id\":\"http:\\\/\\\/www.radiohorizonte.fm\\\/radio\\\/2023\\\/07\\\/31\\\/le-balearon-el-auto-cuando-iba-trabajar\\\/\"},\"wordCount\":522,\"publisher\":{\"@id\":\"http:\\\/\\\/www.radiohorizonte.fm\\\/radio\\\/#organization\"},\"image\":{\"@id\":\"http:\\\/\\\/www.radiohorizonte.fm\\\/radio\\\/2023\\\/07\\\/31\\\/le-balearon-el-auto-cuando-iba-trabajar\\\/#primaryimage\"},\"thumbnailUrl\":\"http:\\\/\\\/www.radiohorizonte.fm\\\/radio\\\/wp-content\\\/uploads\\\/2023\\\/07\\\/1311310w762h418c.jpg.jpg\",\"articleSection\":[\"Noticias\"],\"inLanguage\":\"es-AR\"},{\"@type\":\"WebPage\",\"@id\":\"http:\\\/\\\/www.radiohorizonte.fm\\\/radio\\\/2023\\\/07\\\/31\\\/le-balearon-el-auto-cuando-iba-trabajar\\\/\",\"url\":\"http:\\\/\\\/www.radiohorizonte.fm\\\/radio\\\/2023\\\/07\\\/31\\\/le-balearon-el-auto-cuando-iba-trabajar\\\/\",\"name\":\"Le balearon el auto cuando iba a trabajar - Horizonte\",\"isPartOf\":{\"@id\":\"http:\\\/\\\/www.radiohorizonte.fm\\\/radio\\\/#website\"},\"primaryImageOfPage\":{\"@id\":\"http:\\\/\\\/www.radiohorizonte.fm\\\/radio\\\/2023\\\/07\\\/31\\\/le-balearon-el-auto-cuando-iba-trabajar\\\/#primaryimage\"},\"image\":{\"@id\":\"http:\\\/\\\/www.radiohorizonte.fm\\\/radio\\\/2023\\\/07\\\/31\\\/le-balearon-el-auto-cuando-iba-trabajar\\\/#primaryimage\"},\"thumbnailUrl\":\"http:\\\/\\\/www.radiohorizonte.fm\\\/radio\\\/wp-content\\\/uploads\\\/2023\\\/07\\\/1311310w762h418c.jpg.jpg\",\"datePublished\":\"2023-07-31T10:16:44+00:00\",\"breadcrumb\":{\"@id\":\"http:\\\/\\\/www.radiohorizonte.fm\\\/radio\\\/2023\\\/07\\\/31\\\/le-balearon-el-auto-cuando-iba-trabajar\\\/#breadcrumb\"},\"inLanguage\":\"es-AR\",\"potentialAction\":[{\"@type\":\"ReadAction\",\"target\":[\"http:\\\/\\\/www.radiohorizonte.fm\\\/radio\\\/2023\\\/07\\\/31\\\/le-balearon-el-auto-cuando-iba-trabajar\\\/\"]}]},{\"@type\":\"ImageObject\",\"inLanguage\":\"es-AR\",\"@id\":\"http:\\\/\\\/www.radiohorizonte.fm\\\/radio\\\/2023\\\/07\\\/31\\\/le-balearon-el-auto-cuando-iba-trabajar\\\/#primaryimage\",\"url\":\"http:\\\/\\\/www.radiohorizonte.fm\\\/radio\\\/wp-content\\\/uploads\\\/2023\\\/07\\\/1311310w762h418c.jpg.jpg\",\"contentUrl\":\"http:\\\/\\\/www.radiohorizonte.fm\\\/radio\\\/wp-content\\\/uploads\\\/2023\\\/07\\\/1311310w762h418c.jpg.jpg\",\"width\":762,\"height\":418},{\"@type\":\"BreadcrumbList\",\"@id\":\"http:\\\/\\\/www.radiohorizonte.fm\\\/radio\\\/2023\\\/07\\\/31\\\/le-balearon-el-auto-cuando-iba-trabajar\\\/#breadcrumb\",\"itemListElement\":[{\"@type\":\"ListItem\",\"position\":1,\"name\":\"Home\",\"item\":\"http:\\\/\\\/www.radiohorizonte.fm\\\/radio\\\/\"},{\"@type\":\"ListItem\",\"position\":2,\"name\":\"Le balearon el auto cuando iba a trabajar\"}]},{\"@type\":\"WebSite\",\"@id\":\"http:\\\/\\\/www.radiohorizonte.fm\\\/radio\\\/#website\",\"url\":\"http:\\\/\\\/www.radiohorizonte.fm\\\/radio\\\/\",\"name\":\"Horizonte\",\"description\":\"Radio Horizonte 106.1 - Una radio de clasicos\",\"publisher\":{\"@id\":\"http:\\\/\\\/www.radiohorizonte.fm\\\/radio\\\/#organization\"},\"potentialAction\":[{\"@type\":\"SearchAction\",\"target\":{\"@type\":\"EntryPoint\",\"urlTemplate\":\"http:\\\/\\\/www.radiohorizonte.fm\\\/radio\\\/?s={search_term_string}\"},\"query-input\":{\"@type\":\"PropertyValueSpecification\",\"valueRequired\":true,\"valueName\":\"search_term_string\"}}],\"inLanguage\":\"es-AR\"},{\"@type\":\"Organization\",\"@id\":\"http:\\\/\\\/www.radiohorizonte.fm\\\/radio\\\/#organization\",\"name\":\"Horizonte\",\"url\":\"http:\\\/\\\/www.radiohorizonte.fm\\\/radio\\\/\",\"logo\":{\"@type\":\"ImageObject\",\"inLanguage\":\"es-AR\",\"@id\":\"http:\\\/\\\/www.radiohorizonte.fm\\\/radio\\\/#\\\/schema\\\/logo\\\/image\\\/\",\"url\":\"http:\\\/\\\/www.radiohorizonte.fm\\\/radio\\\/wp-content\\\/uploads\\\/2025\\\/06\\\/Portada-FM-Horizonte_modelo-imagen-scaled.jpg\",\"contentUrl\":\"http:\\\/\\\/www.radiohorizonte.fm\\\/radio\\\/wp-content\\\/uploads\\\/2025\\\/06\\\/Portada-FM-Horizonte_modelo-imagen-scaled.jpg\",\"width\":2560,\"height\":1056,\"caption\":\"Horizonte\"},\"image\":{\"@id\":\"http:\\\/\\\/www.radiohorizonte.fm\\\/radio\\\/#\\\/schema\\\/logo\\\/image\\\/\"},\"sameAs\":[\"http:\\\/\\\/www.facebook.com\\\/HORIZONTE106.1\",\"https:\\\/\\\/x.com\\\/fmhorizonte1061\"]},{\"@type\":\"Person\",\"@id\":\"http:\\\/\\\/www.radiohorizonte.fm\\\/radio\\\/#\\\/schema\\\/person\\\/f8fa003a405bb86729fd87d15d0ddafa\",\"name\":\"Cristian Galarza\",\"image\":{\"@type\":\"ImageObject\",\"inLanguage\":\"es-AR\",\"@id\":\"https:\\\/\\\/secure.gravatar.com\\\/avatar\\\/fad34bc2c773209c05d7d53b08a69b680eeb55f3be014e52b31643d20ab65925?s=96&d=mm&r=g\",\"url\":\"https:\\\/\\\/secure.gravatar.com\\\/avatar\\\/fad34bc2c773209c05d7d53b08a69b680eeb55f3be014e52b31643d20ab65925?s=96&d=mm&r=g\",\"contentUrl\":\"https:\\\/\\\/secure.gravatar.com\\\/avatar\\\/fad34bc2c773209c05d7d53b08a69b680eeb55f3be014e52b31643d20ab65925?s=96&d=mm&r=g\",\"caption\":\"Cristian Galarza\"},\"url\":\"http:\\\/\\\/www.radiohorizonte.fm\\\/radio\\\/author\\\/cristian\\\/\"}]}<\/script>\n<!-- \/ Yoast SEO plugin. -->","yoast_head_json":{"title":"Le balearon el auto cuando iba a trabajar - Horizonte","robots":{"index":"index","follow":"follow","max-snippet":"max-snippet:-1","max-image-preview":"max-image-preview:large","max-video-preview":"max-video-preview:-1"},"canonical":"http:\/\/www.radiohorizonte.fm\/radio\/2023\/07\/31\/le-balearon-el-auto-cuando-iba-trabajar\/","og_locale":"es_ES","og_type":"article","og_title":"Le balearon el auto cuando iba a trabajar - Horizonte","og_description":"El tiro fue a corta distancia y de grueso calibre, entr\u00f3 por la venta del conductor y sali\u00f3 por el lado derecho. No hizo denuncia, por el descr\u00e9dito que le genera la acci\u00f3n judicial contra los agresores. Un hombre sali\u00f3 ileso de milagro en la madrugada de ayer, luego de sufrir un violento ataque a","og_url":"http:\/\/www.radiohorizonte.fm\/radio\/2023\/07\/31\/le-balearon-el-auto-cuando-iba-trabajar\/","og_site_name":"Horizonte","article_publisher":"http:\/\/www.facebook.com\/HORIZONTE106.1","article_published_time":"2023-07-31T10:16:44+00:00","og_image":[{"width":762,"height":418,"url":"http:\/\/www.radiohorizonte.fm\/radio\/wp-content\/uploads\/2023\/07\/1311310w762h418c.jpg.jpg","type":"image\/jpeg"}],"author":"Cristian Galarza","twitter_card":"summary_large_image","twitter_creator":"@fmhorizonte1061","twitter_site":"@fmhorizonte1061","twitter_misc":{"Escrito por":"Cristian Galarza","Tiempo de lectura":"3 minutos"},"schema":{"@context":"https:\/\/schema.org","@graph":[{"@type":"Article","@id":"http:\/\/www.radiohorizonte.fm\/radio\/2023\/07\/31\/le-balearon-el-auto-cuando-iba-trabajar\/#article","isPartOf":{"@id":"http:\/\/www.radiohorizonte.fm\/radio\/2023\/07\/31\/le-balearon-el-auto-cuando-iba-trabajar\/"},"author":{"name":"Cristian Galarza","@id":"http:\/\/www.radiohorizonte.fm\/radio\/#\/schema\/person\/f8fa003a405bb86729fd87d15d0ddafa"},"headline":"Le balearon el auto cuando iba a trabajar","datePublished":"2023-07-31T10:16:44+00:00","mainEntityOfPage":{"@id":"http:\/\/www.radiohorizonte.fm\/radio\/2023\/07\/31\/le-balearon-el-auto-cuando-iba-trabajar\/"},"wordCount":522,"publisher":{"@id":"http:\/\/www.radiohorizonte.fm\/radio\/#organization"},"image":{"@id":"http:\/\/www.radiohorizonte.fm\/radio\/2023\/07\/31\/le-balearon-el-auto-cuando-iba-trabajar\/#primaryimage"},"thumbnailUrl":"http:\/\/www.radiohorizonte.fm\/radio\/wp-content\/uploads\/2023\/07\/1311310w762h418c.jpg.jpg","articleSection":["Noticias"],"inLanguage":"es-AR"},{"@type":"WebPage","@id":"http:\/\/www.radiohorizonte.fm\/radio\/2023\/07\/31\/le-balearon-el-auto-cuando-iba-trabajar\/","url":"http:\/\/www.radiohorizonte.fm\/radio\/2023\/07\/31\/le-balearon-el-auto-cuando-iba-trabajar\/","name":"Le balearon el auto cuando iba a trabajar - Horizonte","isPartOf":{"@id":"http:\/\/www.radiohorizonte.fm\/radio\/#website"},"primaryImageOfPage":{"@id":"http:\/\/www.radiohorizonte.fm\/radio\/2023\/07\/31\/le-balearon-el-auto-cuando-iba-trabajar\/#primaryimage"},"image":{"@id":"http:\/\/www.radiohorizonte.fm\/radio\/2023\/07\/31\/le-balearon-el-auto-cuando-iba-trabajar\/#primaryimage"},"thumbnailUrl":"http:\/\/www.radiohorizonte.fm\/radio\/wp-content\/uploads\/2023\/07\/1311310w762h418c.jpg.jpg","datePublished":"2023-07-31T10:16:44+00:00","breadcrumb":{"@id":"http:\/\/www.radiohorizonte.fm\/radio\/2023\/07\/31\/le-balearon-el-auto-cuando-iba-trabajar\/#breadcrumb"},"inLanguage":"es-AR","potentialAction":[{"@type":"ReadAction","target":["http:\/\/www.radiohorizonte.fm\/radio\/2023\/07\/31\/le-balearon-el-auto-cuando-iba-trabajar\/"]}]},{"@type":"ImageObject","inLanguage":"es-AR","@id":"http:\/\/www.radiohorizonte.fm\/radio\/2023\/07\/31\/le-balearon-el-auto-cuando-iba-trabajar\/#primaryimage","url":"http:\/\/www.radiohorizonte.fm\/radio\/wp-content\/uploads\/2023\/07\/1311310w762h418c.jpg.jpg","contentUrl":"http:\/\/www.radiohorizonte.fm\/radio\/wp-content\/uploads\/2023\/07\/1311310w762h418c.jpg.jpg","width":762,"height":418},{"@type":"BreadcrumbList","@id":"http:\/\/www.radiohorizonte.fm\/radio\/2023\/07\/31\/le-balearon-el-auto-cuando-iba-trabajar\/#breadcrumb","itemListElement":[{"@type":"ListItem","position":1,"name":"Home","item":"http:\/\/www.radiohorizonte.fm\/radio\/"},{"@type":"ListItem","position":2,"name":"Le balearon el auto cuando iba a trabajar"}]},{"@type":"WebSite","@id":"http:\/\/www.radiohorizonte.fm\/radio\/#website","url":"http:\/\/www.radiohorizonte.fm\/radio\/","name":"Horizonte","description":"Radio Horizonte 106.1 - Una radio de clasicos","publisher":{"@id":"http:\/\/www.radiohorizonte.fm\/radio\/#organization"},"potentialAction":[{"@type":"SearchAction","target":{"@type":"EntryPoint","urlTemplate":"http:\/\/www.radiohorizonte.fm\/radio\/?s={search_term_string}"},"query-input":{"@type":"PropertyValueSpecification","valueRequired":true,"valueName":"search_term_string"}}],"inLanguage":"es-AR"},{"@type":"Organization","@id":"http:\/\/www.radiohorizonte.fm\/radio\/#organization","name":"Horizonte","url":"http:\/\/www.radiohorizonte.fm\/radio\/","logo":{"@type":"ImageObject","inLanguage":"es-AR","@id":"http:\/\/www.radiohorizonte.fm\/radio\/#\/schema\/logo\/image\/","url":"http:\/\/www.radiohorizonte.fm\/radio\/wp-content\/uploads\/2025\/06\/Portada-FM-Horizonte_modelo-imagen-scaled.jpg","contentUrl":"http:\/\/www.radiohorizonte.fm\/radio\/wp-content\/uploads\/2025\/06\/Portada-FM-Horizonte_modelo-imagen-scaled.jpg","width":2560,"height":1056,"caption":"Horizonte"},"image":{"@id":"http:\/\/www.radiohorizonte.fm\/radio\/#\/schema\/logo\/image\/"},"sameAs":["http:\/\/www.facebook.com\/HORIZONTE106.1","https:\/\/x.com\/fmhorizonte1061"]},{"@type":"Person","@id":"http:\/\/www.radiohorizonte.fm\/radio\/#\/schema\/person\/f8fa003a405bb86729fd87d15d0ddafa","name":"Cristian Galarza","image":{"@type":"ImageObject","inLanguage":"es-AR","@id":"https:\/\/secure.gravatar.com\/avatar\/fad34bc2c773209c05d7d53b08a69b680eeb55f3be014e52b31643d20ab65925?s=96&d=mm&r=g","url":"https:\/\/secure.gravatar.com\/avatar\/fad34bc2c773209c05d7d53b08a69b680eeb55f3be014e52b31643d20ab65925?s=96&d=mm&r=g","contentUrl":"https:\/\/secure.gravatar.com\/avatar\/fad34bc2c773209c05d7d53b08a69b680eeb55f3be014e52b31643d20ab65925?s=96&d=mm&r=g","caption":"Cristian Galarza"},"url":"http:\/\/www.radiohorizonte.fm\/radio\/author\/cristian\/"}]}},"_links":{"self":[{"href":"http:\/\/www.radiohorizonte.fm\/radio\/wp-json\/wp\/v2\/posts\/41601","targetHints":{"allow":["GET"]}}],"collection":[{"href":"http:\/\/www.radiohorizonte.fm\/radio\/wp-json\/wp\/v2\/posts"}],"about":[{"href":"http:\/\/www.radiohorizonte.fm\/radio\/wp-json\/wp\/v2\/types\/post"}],"author":[{"embeddable":true,"href":"http:\/\/www.radiohorizonte.fm\/radio\/wp-json\/wp\/v2\/users\/2"}],"replies":[{"embeddable":true,"href":"http:\/\/www.radiohorizonte.fm\/radio\/wp-json\/wp\/v2\/comments?post=41601"}],"version-history":[{"count":1,"href":"http:\/\/www.radiohorizonte.fm\/radio\/wp-json\/wp\/v2\/posts\/41601\/revisions"}],"predecessor-version":[{"id":41603,"href":"http:\/\/www.radiohorizonte.fm\/radio\/wp-json\/wp\/v2\/posts\/41601\/revisions\/41603"}],"wp:featuredmedia":[{"embeddable":true,"href":"http:\/\/www.radiohorizonte.fm\/radio\/wp-json\/wp\/v2\/media\/41602"}],"wp:attachment":[{"href":"http:\/\/www.radiohorizonte.fm\/radio\/wp-json\/wp\/v2\/media?parent=41601"}],"wp:term":[{"taxonomy":"category","embeddable":true,"href":"http:\/\/www.radiohorizonte.fm\/radio\/wp-json\/wp\/v2\/categories?post=41601"},{"taxonomy":"post_tag","embeddable":true,"href":"http:\/\/www.radiohorizonte.fm\/radio\/wp-json\/wp\/v2\/tags?post=41601"}],"curies":[{"name":"wp","href":"https:\/\/api.w.org\/{rel}","templated":true}]}}