{"id":41605,"date":"2023-07-31T07:44:17","date_gmt":"2023-07-31T10:44:17","guid":{"rendered":"http:\/\/www.radiohorizonte.fm\/radio\/?p=41605"},"modified":"2023-07-31T07:44:17","modified_gmt":"2023-07-31T10:44:17","slug":"detectaron-una-enfermedad-en-las-plantaciones-de-arroz-de-toda-la-provincia-de-corrientes","status":"publish","type":"post","link":"http:\/\/www.radiohorizonte.fm\/radio\/2023\/07\/31\/detectaron-una-enfermedad-en-las-plantaciones-de-arroz-de-toda-la-provincia-de-corrientes\/","title":{"rendered":"Detectaron una enfermedad en las plantaciones de arroz de toda la provincia de Corrientes"},"content":{"rendered":"<p>Para el estudio se tomaron 121 muestras de panojas de arroz pr\u00f3ximas a ser cosechadas en 18 establecimientos arroceros.<br \/>\nEl manchado del grano de arroz es una enfermedad que, como su nombre lo indica, genera distintos tipos y tama\u00f1os de manchas y\/o deformaciones en la c\u00e1scara y en el interior del grano, o en ambas partes.<br \/>\n<img loading=\"lazy\" decoding=\"async\" src=\"http:\/\/www.radiohorizonte.fm\/radio\/wp-content\/uploads\/2023\/07\/1690770315294.jpg\" alt=\"\" width=\"770\" height=\"440\" class=\"alignnone size-full wp-image-41606\" srcset=\"http:\/\/www.radiohorizonte.fm\/radio\/wp-content\/uploads\/2023\/07\/1690770315294.jpg 770w, http:\/\/www.radiohorizonte.fm\/radio\/wp-content\/uploads\/2023\/07\/1690770315294-300x171.jpg 300w, http:\/\/www.radiohorizonte.fm\/radio\/wp-content\/uploads\/2023\/07\/1690770315294-768x439.jpg 768w, http:\/\/www.radiohorizonte.fm\/radio\/wp-content\/uploads\/2023\/07\/1690770315294-65x37.jpg 65w, http:\/\/www.radiohorizonte.fm\/radio\/wp-content\/uploads\/2023\/07\/1690770315294-320x183.jpg 320w, http:\/\/www.radiohorizonte.fm\/radio\/wp-content\/uploads\/2023\/07\/1690770315294-85x49.jpg 85w, http:\/\/www.radiohorizonte.fm\/radio\/wp-content\/uploads\/2023\/07\/1690770315294-220x125.jpg 220w, http:\/\/www.radiohorizonte.fm\/radio\/wp-content\/uploads\/2023\/07\/1690770315294-90x51.jpg 90w\" sizes=\"auto, (max-width: 770px) 100vw, 770px\" \/><\/p>\n<p>Es ocasionado principalmente por hongos, y como consecuencia puede afectar la calidad culinaria ocasionando granos yesosos y de diferentes tonalidades, la calidad industrial o molinera, provocando un mayor n\u00famero de granos quebrados, y el uso como semilla para una pr\u00f3xima campa\u00f1a, generando plantas d\u00e9biles y portadoras de hongos que a su vez afectan al cultivo en etapas previas a la formaci\u00f3n de los granos.<\/p>\n<p>Es una patolog\u00eda que aparece todos los a\u00f1os en las distintas regiones arroceras de la provincia de Corrientes, a la que quiz\u00e1s no se le presta suficiente atenci\u00f3n, en parte por la escasa informaci\u00f3n con rigor cient\u00edfico sobre sus caracter\u00edsticas, efectos e incidencia.<\/p>\n<p>Ante la necesidad de aportar al conocimiento y abordaje de esta patolog\u00eda, una investigaci\u00f3n realizada en la C\u00e1tedra de Fitopatolog\u00eda de la Facultad de Ciencias Agrarias de la Unne tuvo como objetivo obtener conocimientos sobre esta enfermedad, sus efectos y su etiolog\u00eda, en relaci\u00f3n con las variables ambientales, y en las diferentes regiones productivas del cultivo en la provincia de Corrientes.<\/p>\n<p>\u201cEl manchado del grano de arroz es una enfermedad muy frecuente, pero como se sabe poco en cuanto a los efectos que ocasiona. No se le presta la atenci\u00f3n que quiz\u00e1s deber\u00edamos, por lo que adem\u00e1s de estimar su incidencia y efectos quer\u00edamos identificar qu\u00e9 condiciones ambientales predisponen a niveles severos  de esta patolog\u00eda\u201d, explic\u00f3 Pamela Dirchwolf, autora del estudio realizado en el marco de su tesis de doctorado en el \u00e1rea de Recursos Naturales de la Facultad de Ciencias Agrarias de la Unne, bajo la direcci\u00f3n de los ingenieros agr\u00f3nomos Marcelo Carmona y Susana Guti\u00e9rrez.<\/p>\n<p>Dirchwolf resalt\u00f3 la relevancia del estudio porque se llev\u00f3 a cabo de manera colaborativa con la Asociaci\u00f3n Correntina de Plantadores de Arroz, lo que evidencia el inter\u00e9s de los productores de atender el problema que representa el manchado del grano.<\/p>\n<p>Los principales resultados del estudio fueron presentados en la charla \u201cManchado del grano de arroz: monitoreo, disminuci\u00f3n del rendimiento, agentes causales y sistemas de pron\u00f3stico\u201d, brindada por Dirchwolf en la Jornada Arrocera del Inta Corrientes.<\/p>\n<p>Muestras<\/p>\n<p>Para el estudio se hicieron recolecciones de muestras a lo largo de tres campa\u00f1as agr\u00edcolas, con la toma de 121 muestras de panojas de arroz pr\u00f3ximas a ser cosechadas en 18 establecimientos arroceros de Corrientes.<\/p>\n<p>Se hicieron evaluaciones para identificar en cu\u00e1ntas muestras aparec\u00eda la enfermedad, registrar cu\u00e1ntas panojas enfermas hab\u00eda en cada muestra, cu\u00e1ntos granos enfermos se observaban por panojas y el tama\u00f1o de manchas que ten\u00edan esos granos.<\/p>\n<p>Con esos datos se podr\u00eda estimar cu\u00e1l de estas variables ten\u00eda injerencia en los indicadores de p\u00e9rdida de peso y porcentaje de granos llenos por panoja.<\/p>\n<p>Resultados<\/p>\n<p>Seg\u00fan detall\u00f3 la doctora Dirchwolf, se encontr\u00f3 la enfermedad en el 100% de las muestras recolectadas, lo que evidencia una presencia generalizada de la enfermedad. En cuanto a la evaluaci\u00f3n en las panojas de arroz, se registr\u00f3 la enfermedad en promedio en el 91% de las panojas de cada muestra, mientras que, en el caso de los granos manchados por panoja, se obtuvo un promedio de 22% de granos manchados.<\/p>\n<p>Respecto al tama\u00f1o de manchas, se determin\u00f3 que las manchas m\u00e1s peque\u00f1as presentaron una mayor correlaci\u00f3n negativa con el porcentaje de granos llenos por panoja, es decir que son las que explicaban mejor la disminuci\u00f3n de este componente del rendimiento del cultivo. El indicador de p\u00e9rdida de peso vari\u00f3 de 0 a 8% como promedio entre las distintas muestras evaluadas.<\/p>\n<p>An\u00e1lisis sanitario<\/p>\n<p>En el marco de la investigaci\u00f3n se estudiaron los agentes causales de la enfermedad a partir de granos sintom\u00e1ticos de las 121 muestras recolectadas.<\/p>\n<p>Este estudio, realizado en el Laboratorio de Fitopatolog\u00eda de la Facultad de Ciencias Agrarias, permiti\u00f3 identificar la presencia de 20 g\u00e9neros de hongos de los 56 g\u00e9neros de hongos citados en la bibliograf\u00eda como causantes del manchado del grano del arroz. Esas identificaciones se correlacionaron con las distintas regiones productivas de la provincia de Corrientes y se encontraron diferencias en cuanto a la incidencia de los principales g\u00e9neros de hongos y la incidencia de la enfermedad en cada una de ellas.<\/p>\n<p>Es as\u00ed que en la regi\u00f3n Costa del r\u00edo Uruguay se identific\u00f3 que el 96% de manchado de grano de arroz se relaciona con la presencia de los hongos que causan asimismo enfermedades foliares en el cultivo, conocidas vulgarmente como \u201cmancha foliar\u201d o \u201calternariosis\u201d y \u201cescaldadura de la hoja\u201d.<\/p>\n<p>En la regi\u00f3n centro-sur el principal hongo asociado al manchado del grano es el mismo que causa la \u201cescaldadura de la hoja\u201d, pero con una incidencia del 16 %, mientras que el resto se distribuye entre los dem\u00e1s agentes causales.<\/p>\n<p>En la regi\u00f3n Paran\u00e1 sur los hongos que ocasionan la \u201cmancha casta\u00f1a\u201d, la \u201cfusariosis de la espiga\u201d y \u201cmancha en grano por exserohilum\u201d explican el 24 %, 37 % y 39 % de la p\u00e9rdida de peso causada por el manchado del grano del arroz.<\/p>\n<p>En tanto que en la regi\u00f3n Paran\u00e1 medio aparecen en mayor frecuencia los hongos que causan \u201calternariosis\u201d, \u201cescaldadura de la hoja\u201d y \u201cmancha foliar por Curvularia\u201c. Pero no se observ\u00f3 correlaci\u00f3n entre la incidencia de estos hongos con la incidencia de la enfermedad, lo que permite inferir que podr\u00eda existir otra causa que pudiera estar causando enfermedad en esta regi\u00f3n.<\/p>\n<p>Predicci\u00f3n<\/p>\n<p>Con los datos de fechas de siembra, floraci\u00f3n y cosecha, y los datos meteorol\u00f3gicos asociados a ellas, el equipo de investigaci\u00f3n a cargo del estudio junto con el Dr. Ricardo Moschini de Inta Castelar, consideraron factible elaborar un modelo de predicci\u00f3n para poner mayor atenci\u00f3n a la enfermedad cuando se den ciertas condiciones ambientales.<\/p>\n<p>Seg\u00fan los modelos predictivos, \u201csi a partir de la floraci\u00f3n ocurren uno o dos d\u00edas con precipitaciones entre 0,2 a 12 mm y temperaturas de 13 a 28 \u00b0C, la probabilidad de ocurrencia en un nivel severo de manchado es alta\u201d.<\/p>\n<p>En tanto, si adem\u00e1s de lo antes descrito, \u201cen esos d\u00edas se presentan muy bajas acumulaciones a partir de 23 \u00b0C de temperatura m\u00ednima, la probabilidad de observar un nivel de manchado de grano de arroz severo ser\u00e1 a\u00fan mayor\u201d.<\/p>\n<p>Relevancia y perspectivas<\/p>\n<p>Desde la Fitopatolog\u00eda se puede decir que para que ocurra una patolog\u00eda deben darse en forma simult\u00e1nea los tres v\u00e9rtices del tri\u00e1ngulo de la enfermedad, es decir tener un hospedante susceptible, un pat\u00f3geno virulento y condiciones ambientales predisponentes.<\/p>\n<p>\u201cHasta el momento todos los cultivares de arroz son susceptibles a la enfermedad y registramos la existencia de numerosos pat\u00f3genos virulentos. A ello logramos a\u00f1adir condiciones espec\u00edficas en cuanto a variables ambientales se refiere\u201d resalt\u00f3 Dirchwolf, autora del estudio.<\/p>\n<p>En ese aspecto, destac\u00f3 que, en la continuidad de la l\u00ednea de investigaci\u00f3n, se considera necesario llevar a cabo una comparaci\u00f3n entre cultivares desarrollados en igualdad de condiciones, para evaluar la mayor o menor susceptibilidad de \u00e9stos.<\/p>\n<p>Tambi\u00e9n se proyecta la realizaci\u00f3n de ensayos de control qu\u00edmico y biol\u00f3gico, as\u00ed como pruebas de patogenicidad de hongos aislados en manchas foliares.<\/p>\n<p>Adem\u00e1s, se considera relevante profundizar en el conocimiento de la importancia de todos los hongos que no fueron nombrados como principales en el estudio.<\/p>\n","protected":false},"excerpt":{"rendered":"<div class=\"post-excerpt\"><p>Para el estudio se tomaron 121 muestras de panojas de arroz pr\u00f3ximas a ser cosechadas en 18 establecimientos arroceros. El manchado del grano de arroz es una enfermedad que, como su nombre lo indica, genera distintos tipos y tama\u00f1os de manchas y\/o deformaciones en la c\u00e1scara y en el interior del grano, o en ambas<\/p>\n<\/div>","protected":false},"author":2,"featured_media":41606,"comment_status":"closed","ping_status":"closed","sticky":false,"template":"","format":"standard","meta":{"_acf_changed":false,"footnotes":""},"categories":[2],"tags":[],"class_list":["post-41605","post","type-post","status-publish","format-standard","has-post-thumbnail","hentry","category-noticias"],"acf":[],"yoast_head":"<!-- This site is optimized with the Yoast SEO plugin v28.1 - https:\/\/yoast.com\/product\/yoast-seo-wordpress\/ -->\n<title>Detectaron una enfermedad en las plantaciones de arroz de toda la provincia de Corrientes - Horizonte<\/title>\n<meta name=\"robots\" content=\"index, follow, max-snippet:-1, max-image-preview:large, max-video-preview:-1\" \/>\n<link rel=\"canonical\" href=\"http:\/\/www.radiohorizonte.fm\/radio\/2023\/07\/31\/detectaron-una-enfermedad-en-las-plantaciones-de-arroz-de-toda-la-provincia-de-corrientes\/\" \/>\n<meta property=\"og:locale\" content=\"es_ES\" \/>\n<meta property=\"og:type\" content=\"article\" \/>\n<meta property=\"og:title\" content=\"Detectaron una enfermedad en las plantaciones de arroz de toda la provincia de Corrientes - Horizonte\" \/>\n<meta property=\"og:description\" content=\"Para el estudio se tomaron 121 muestras de panojas de arroz pr\u00f3ximas a ser cosechadas en 18 establecimientos arroceros. El manchado del grano de arroz es una enfermedad que, como su nombre lo indica, genera distintos tipos y tama\u00f1os de manchas y\/o deformaciones en la c\u00e1scara y en el interior del grano, o en ambas\" \/>\n<meta property=\"og:url\" content=\"http:\/\/www.radiohorizonte.fm\/radio\/2023\/07\/31\/detectaron-una-enfermedad-en-las-plantaciones-de-arroz-de-toda-la-provincia-de-corrientes\/\" \/>\n<meta property=\"og:site_name\" content=\"Horizonte\" \/>\n<meta property=\"article:publisher\" content=\"http:\/\/www.facebook.com\/HORIZONTE106.1\" \/>\n<meta property=\"article:published_time\" content=\"2023-07-31T10:44:17+00:00\" \/>\n<meta property=\"og:image\" content=\"http:\/\/www.radiohorizonte.fm\/radio\/wp-content\/uploads\/2023\/07\/1690770315294.jpg\" \/>\n\t<meta property=\"og:image:width\" content=\"770\" \/>\n\t<meta property=\"og:image:height\" content=\"440\" \/>\n\t<meta property=\"og:image:type\" content=\"image\/jpeg\" \/>\n<meta name=\"author\" content=\"Cristian Galarza\" \/>\n<meta name=\"twitter:card\" content=\"summary_large_image\" \/>\n<meta name=\"twitter:creator\" content=\"@fmhorizonte1061\" \/>\n<meta name=\"twitter:site\" content=\"@fmhorizonte1061\" \/>\n<meta name=\"twitter:label1\" content=\"Escrito por\" \/>\n\t<meta name=\"twitter:data1\" content=\"Cristian Galarza\" \/>\n\t<meta name=\"twitter:label2\" content=\"Tiempo de lectura\" \/>\n\t<meta name=\"twitter:data2\" content=\"7 minutos\" \/>\n<script type=\"application\/ld+json\" class=\"yoast-schema-graph\">{\"@context\":\"https:\\\/\\\/schema.org\",\"@graph\":[{\"@type\":\"Article\",\"@id\":\"http:\\\/\\\/www.radiohorizonte.fm\\\/radio\\\/2023\\\/07\\\/31\\\/detectaron-una-enfermedad-en-las-plantaciones-de-arroz-de-toda-la-provincia-de-corrientes\\\/#article\",\"isPartOf\":{\"@id\":\"http:\\\/\\\/www.radiohorizonte.fm\\\/radio\\\/2023\\\/07\\\/31\\\/detectaron-una-enfermedad-en-las-plantaciones-de-arroz-de-toda-la-provincia-de-corrientes\\\/\"},\"author\":{\"name\":\"Cristian Galarza\",\"@id\":\"http:\\\/\\\/www.radiohorizonte.fm\\\/radio\\\/#\\\/schema\\\/person\\\/f8fa003a405bb86729fd87d15d0ddafa\"},\"headline\":\"Detectaron una enfermedad en las plantaciones de arroz de toda la provincia de Corrientes\",\"datePublished\":\"2023-07-31T10:44:17+00:00\",\"mainEntityOfPage\":{\"@id\":\"http:\\\/\\\/www.radiohorizonte.fm\\\/radio\\\/2023\\\/07\\\/31\\\/detectaron-una-enfermedad-en-las-plantaciones-de-arroz-de-toda-la-provincia-de-corrientes\\\/\"},\"wordCount\":1318,\"publisher\":{\"@id\":\"http:\\\/\\\/www.radiohorizonte.fm\\\/radio\\\/#organization\"},\"image\":{\"@id\":\"http:\\\/\\\/www.radiohorizonte.fm\\\/radio\\\/2023\\\/07\\\/31\\\/detectaron-una-enfermedad-en-las-plantaciones-de-arroz-de-toda-la-provincia-de-corrientes\\\/#primaryimage\"},\"thumbnailUrl\":\"http:\\\/\\\/www.radiohorizonte.fm\\\/radio\\\/wp-content\\\/uploads\\\/2023\\\/07\\\/1690770315294.jpg\",\"articleSection\":[\"Noticias\"],\"inLanguage\":\"es-AR\"},{\"@type\":\"WebPage\",\"@id\":\"http:\\\/\\\/www.radiohorizonte.fm\\\/radio\\\/2023\\\/07\\\/31\\\/detectaron-una-enfermedad-en-las-plantaciones-de-arroz-de-toda-la-provincia-de-corrientes\\\/\",\"url\":\"http:\\\/\\\/www.radiohorizonte.fm\\\/radio\\\/2023\\\/07\\\/31\\\/detectaron-una-enfermedad-en-las-plantaciones-de-arroz-de-toda-la-provincia-de-corrientes\\\/\",\"name\":\"Detectaron una enfermedad en las plantaciones de arroz de toda la provincia de Corrientes - Horizonte\",\"isPartOf\":{\"@id\":\"http:\\\/\\\/www.radiohorizonte.fm\\\/radio\\\/#website\"},\"primaryImageOfPage\":{\"@id\":\"http:\\\/\\\/www.radiohorizonte.fm\\\/radio\\\/2023\\\/07\\\/31\\\/detectaron-una-enfermedad-en-las-plantaciones-de-arroz-de-toda-la-provincia-de-corrientes\\\/#primaryimage\"},\"image\":{\"@id\":\"http:\\\/\\\/www.radiohorizonte.fm\\\/radio\\\/2023\\\/07\\\/31\\\/detectaron-una-enfermedad-en-las-plantaciones-de-arroz-de-toda-la-provincia-de-corrientes\\\/#primaryimage\"},\"thumbnailUrl\":\"http:\\\/\\\/www.radiohorizonte.fm\\\/radio\\\/wp-content\\\/uploads\\\/2023\\\/07\\\/1690770315294.jpg\",\"datePublished\":\"2023-07-31T10:44:17+00:00\",\"breadcrumb\":{\"@id\":\"http:\\\/\\\/www.radiohorizonte.fm\\\/radio\\\/2023\\\/07\\\/31\\\/detectaron-una-enfermedad-en-las-plantaciones-de-arroz-de-toda-la-provincia-de-corrientes\\\/#breadcrumb\"},\"inLanguage\":\"es-AR\",\"potentialAction\":[{\"@type\":\"ReadAction\",\"target\":[\"http:\\\/\\\/www.radiohorizonte.fm\\\/radio\\\/2023\\\/07\\\/31\\\/detectaron-una-enfermedad-en-las-plantaciones-de-arroz-de-toda-la-provincia-de-corrientes\\\/\"]}]},{\"@type\":\"ImageObject\",\"inLanguage\":\"es-AR\",\"@id\":\"http:\\\/\\\/www.radiohorizonte.fm\\\/radio\\\/2023\\\/07\\\/31\\\/detectaron-una-enfermedad-en-las-plantaciones-de-arroz-de-toda-la-provincia-de-corrientes\\\/#primaryimage\",\"url\":\"http:\\\/\\\/www.radiohorizonte.fm\\\/radio\\\/wp-content\\\/uploads\\\/2023\\\/07\\\/1690770315294.jpg\",\"contentUrl\":\"http:\\\/\\\/www.radiohorizonte.fm\\\/radio\\\/wp-content\\\/uploads\\\/2023\\\/07\\\/1690770315294.jpg\",\"width\":770,\"height\":440},{\"@type\":\"BreadcrumbList\",\"@id\":\"http:\\\/\\\/www.radiohorizonte.fm\\\/radio\\\/2023\\\/07\\\/31\\\/detectaron-una-enfermedad-en-las-plantaciones-de-arroz-de-toda-la-provincia-de-corrientes\\\/#breadcrumb\",\"itemListElement\":[{\"@type\":\"ListItem\",\"position\":1,\"name\":\"Home\",\"item\":\"http:\\\/\\\/www.radiohorizonte.fm\\\/radio\\\/\"},{\"@type\":\"ListItem\",\"position\":2,\"name\":\"Detectaron una enfermedad en las plantaciones de arroz de toda la provincia de Corrientes\"}]},{\"@type\":\"WebSite\",\"@id\":\"http:\\\/\\\/www.radiohorizonte.fm\\\/radio\\\/#website\",\"url\":\"http:\\\/\\\/www.radiohorizonte.fm\\\/radio\\\/\",\"name\":\"Horizonte\",\"description\":\"Radio Horizonte 106.1 - Una radio de clasicos\",\"publisher\":{\"@id\":\"http:\\\/\\\/www.radiohorizonte.fm\\\/radio\\\/#organization\"},\"potentialAction\":[{\"@type\":\"SearchAction\",\"target\":{\"@type\":\"EntryPoint\",\"urlTemplate\":\"http:\\\/\\\/www.radiohorizonte.fm\\\/radio\\\/?s={search_term_string}\"},\"query-input\":{\"@type\":\"PropertyValueSpecification\",\"valueRequired\":true,\"valueName\":\"search_term_string\"}}],\"inLanguage\":\"es-AR\"},{\"@type\":\"Organization\",\"@id\":\"http:\\\/\\\/www.radiohorizonte.fm\\\/radio\\\/#organization\",\"name\":\"Horizonte\",\"url\":\"http:\\\/\\\/www.radiohorizonte.fm\\\/radio\\\/\",\"logo\":{\"@type\":\"ImageObject\",\"inLanguage\":\"es-AR\",\"@id\":\"http:\\\/\\\/www.radiohorizonte.fm\\\/radio\\\/#\\\/schema\\\/logo\\\/image\\\/\",\"url\":\"http:\\\/\\\/www.radiohorizonte.fm\\\/radio\\\/wp-content\\\/uploads\\\/2025\\\/06\\\/Portada-FM-Horizonte_modelo-imagen-scaled.jpg\",\"contentUrl\":\"http:\\\/\\\/www.radiohorizonte.fm\\\/radio\\\/wp-content\\\/uploads\\\/2025\\\/06\\\/Portada-FM-Horizonte_modelo-imagen-scaled.jpg\",\"width\":2560,\"height\":1056,\"caption\":\"Horizonte\"},\"image\":{\"@id\":\"http:\\\/\\\/www.radiohorizonte.fm\\\/radio\\\/#\\\/schema\\\/logo\\\/image\\\/\"},\"sameAs\":[\"http:\\\/\\\/www.facebook.com\\\/HORIZONTE106.1\",\"https:\\\/\\\/x.com\\\/fmhorizonte1061\"]},{\"@type\":\"Person\",\"@id\":\"http:\\\/\\\/www.radiohorizonte.fm\\\/radio\\\/#\\\/schema\\\/person\\\/f8fa003a405bb86729fd87d15d0ddafa\",\"name\":\"Cristian Galarza\",\"image\":{\"@type\":\"ImageObject\",\"inLanguage\":\"es-AR\",\"@id\":\"https:\\\/\\\/secure.gravatar.com\\\/avatar\\\/fad34bc2c773209c05d7d53b08a69b680eeb55f3be014e52b31643d20ab65925?s=96&d=mm&r=g\",\"url\":\"https:\\\/\\\/secure.gravatar.com\\\/avatar\\\/fad34bc2c773209c05d7d53b08a69b680eeb55f3be014e52b31643d20ab65925?s=96&d=mm&r=g\",\"contentUrl\":\"https:\\\/\\\/secure.gravatar.com\\\/avatar\\\/fad34bc2c773209c05d7d53b08a69b680eeb55f3be014e52b31643d20ab65925?s=96&d=mm&r=g\",\"caption\":\"Cristian Galarza\"},\"url\":\"http:\\\/\\\/www.radiohorizonte.fm\\\/radio\\\/author\\\/cristian\\\/\"}]}<\/script>\n<!-- \/ Yoast SEO plugin. -->","yoast_head_json":{"title":"Detectaron una enfermedad en las plantaciones de arroz de toda la provincia de Corrientes - Horizonte","robots":{"index":"index","follow":"follow","max-snippet":"max-snippet:-1","max-image-preview":"max-image-preview:large","max-video-preview":"max-video-preview:-1"},"canonical":"http:\/\/www.radiohorizonte.fm\/radio\/2023\/07\/31\/detectaron-una-enfermedad-en-las-plantaciones-de-arroz-de-toda-la-provincia-de-corrientes\/","og_locale":"es_ES","og_type":"article","og_title":"Detectaron una enfermedad en las plantaciones de arroz de toda la provincia de Corrientes - Horizonte","og_description":"Para el estudio se tomaron 121 muestras de panojas de arroz pr\u00f3ximas a ser cosechadas en 18 establecimientos arroceros. El manchado del grano de arroz es una enfermedad que, como su nombre lo indica, genera distintos tipos y tama\u00f1os de manchas y\/o deformaciones en la c\u00e1scara y en el interior del grano, o en ambas","og_url":"http:\/\/www.radiohorizonte.fm\/radio\/2023\/07\/31\/detectaron-una-enfermedad-en-las-plantaciones-de-arroz-de-toda-la-provincia-de-corrientes\/","og_site_name":"Horizonte","article_publisher":"http:\/\/www.facebook.com\/HORIZONTE106.1","article_published_time":"2023-07-31T10:44:17+00:00","og_image":[{"width":770,"height":440,"url":"http:\/\/www.radiohorizonte.fm\/radio\/wp-content\/uploads\/2023\/07\/1690770315294.jpg","type":"image\/jpeg"}],"author":"Cristian Galarza","twitter_card":"summary_large_image","twitter_creator":"@fmhorizonte1061","twitter_site":"@fmhorizonte1061","twitter_misc":{"Escrito por":"Cristian Galarza","Tiempo de lectura":"7 minutos"},"schema":{"@context":"https:\/\/schema.org","@graph":[{"@type":"Article","@id":"http:\/\/www.radiohorizonte.fm\/radio\/2023\/07\/31\/detectaron-una-enfermedad-en-las-plantaciones-de-arroz-de-toda-la-provincia-de-corrientes\/#article","isPartOf":{"@id":"http:\/\/www.radiohorizonte.fm\/radio\/2023\/07\/31\/detectaron-una-enfermedad-en-las-plantaciones-de-arroz-de-toda-la-provincia-de-corrientes\/"},"author":{"name":"Cristian Galarza","@id":"http:\/\/www.radiohorizonte.fm\/radio\/#\/schema\/person\/f8fa003a405bb86729fd87d15d0ddafa"},"headline":"Detectaron una enfermedad en las plantaciones de arroz de toda la provincia de Corrientes","datePublished":"2023-07-31T10:44:17+00:00","mainEntityOfPage":{"@id":"http:\/\/www.radiohorizonte.fm\/radio\/2023\/07\/31\/detectaron-una-enfermedad-en-las-plantaciones-de-arroz-de-toda-la-provincia-de-corrientes\/"},"wordCount":1318,"publisher":{"@id":"http:\/\/www.radiohorizonte.fm\/radio\/#organization"},"image":{"@id":"http:\/\/www.radiohorizonte.fm\/radio\/2023\/07\/31\/detectaron-una-enfermedad-en-las-plantaciones-de-arroz-de-toda-la-provincia-de-corrientes\/#primaryimage"},"thumbnailUrl":"http:\/\/www.radiohorizonte.fm\/radio\/wp-content\/uploads\/2023\/07\/1690770315294.jpg","articleSection":["Noticias"],"inLanguage":"es-AR"},{"@type":"WebPage","@id":"http:\/\/www.radiohorizonte.fm\/radio\/2023\/07\/31\/detectaron-una-enfermedad-en-las-plantaciones-de-arroz-de-toda-la-provincia-de-corrientes\/","url":"http:\/\/www.radiohorizonte.fm\/radio\/2023\/07\/31\/detectaron-una-enfermedad-en-las-plantaciones-de-arroz-de-toda-la-provincia-de-corrientes\/","name":"Detectaron una enfermedad en las plantaciones de arroz de toda la provincia de Corrientes - Horizonte","isPartOf":{"@id":"http:\/\/www.radiohorizonte.fm\/radio\/#website"},"primaryImageOfPage":{"@id":"http:\/\/www.radiohorizonte.fm\/radio\/2023\/07\/31\/detectaron-una-enfermedad-en-las-plantaciones-de-arroz-de-toda-la-provincia-de-corrientes\/#primaryimage"},"image":{"@id":"http:\/\/www.radiohorizonte.fm\/radio\/2023\/07\/31\/detectaron-una-enfermedad-en-las-plantaciones-de-arroz-de-toda-la-provincia-de-corrientes\/#primaryimage"},"thumbnailUrl":"http:\/\/www.radiohorizonte.fm\/radio\/wp-content\/uploads\/2023\/07\/1690770315294.jpg","datePublished":"2023-07-31T10:44:17+00:00","breadcrumb":{"@id":"http:\/\/www.radiohorizonte.fm\/radio\/2023\/07\/31\/detectaron-una-enfermedad-en-las-plantaciones-de-arroz-de-toda-la-provincia-de-corrientes\/#breadcrumb"},"inLanguage":"es-AR","potentialAction":[{"@type":"ReadAction","target":["http:\/\/www.radiohorizonte.fm\/radio\/2023\/07\/31\/detectaron-una-enfermedad-en-las-plantaciones-de-arroz-de-toda-la-provincia-de-corrientes\/"]}]},{"@type":"ImageObject","inLanguage":"es-AR","@id":"http:\/\/www.radiohorizonte.fm\/radio\/2023\/07\/31\/detectaron-una-enfermedad-en-las-plantaciones-de-arroz-de-toda-la-provincia-de-corrientes\/#primaryimage","url":"http:\/\/www.radiohorizonte.fm\/radio\/wp-content\/uploads\/2023\/07\/1690770315294.jpg","contentUrl":"http:\/\/www.radiohorizonte.fm\/radio\/wp-content\/uploads\/2023\/07\/1690770315294.jpg","width":770,"height":440},{"@type":"BreadcrumbList","@id":"http:\/\/www.radiohorizonte.fm\/radio\/2023\/07\/31\/detectaron-una-enfermedad-en-las-plantaciones-de-arroz-de-toda-la-provincia-de-corrientes\/#breadcrumb","itemListElement":[{"@type":"ListItem","position":1,"name":"Home","item":"http:\/\/www.radiohorizonte.fm\/radio\/"},{"@type":"ListItem","position":2,"name":"Detectaron una enfermedad en las plantaciones de arroz de toda la provincia de Corrientes"}]},{"@type":"WebSite","@id":"http:\/\/www.radiohorizonte.fm\/radio\/#website","url":"http:\/\/www.radiohorizonte.fm\/radio\/","name":"Horizonte","description":"Radio Horizonte 106.1 - Una radio de clasicos","publisher":{"@id":"http:\/\/www.radiohorizonte.fm\/radio\/#organization"},"potentialAction":[{"@type":"SearchAction","target":{"@type":"EntryPoint","urlTemplate":"http:\/\/www.radiohorizonte.fm\/radio\/?s={search_term_string}"},"query-input":{"@type":"PropertyValueSpecification","valueRequired":true,"valueName":"search_term_string"}}],"inLanguage":"es-AR"},{"@type":"Organization","@id":"http:\/\/www.radiohorizonte.fm\/radio\/#organization","name":"Horizonte","url":"http:\/\/www.radiohorizonte.fm\/radio\/","logo":{"@type":"ImageObject","inLanguage":"es-AR","@id":"http:\/\/www.radiohorizonte.fm\/radio\/#\/schema\/logo\/image\/","url":"http:\/\/www.radiohorizonte.fm\/radio\/wp-content\/uploads\/2025\/06\/Portada-FM-Horizonte_modelo-imagen-scaled.jpg","contentUrl":"http:\/\/www.radiohorizonte.fm\/radio\/wp-content\/uploads\/2025\/06\/Portada-FM-Horizonte_modelo-imagen-scaled.jpg","width":2560,"height":1056,"caption":"Horizonte"},"image":{"@id":"http:\/\/www.radiohorizonte.fm\/radio\/#\/schema\/logo\/image\/"},"sameAs":["http:\/\/www.facebook.com\/HORIZONTE106.1","https:\/\/x.com\/fmhorizonte1061"]},{"@type":"Person","@id":"http:\/\/www.radiohorizonte.fm\/radio\/#\/schema\/person\/f8fa003a405bb86729fd87d15d0ddafa","name":"Cristian Galarza","image":{"@type":"ImageObject","inLanguage":"es-AR","@id":"https:\/\/secure.gravatar.com\/avatar\/fad34bc2c773209c05d7d53b08a69b680eeb55f3be014e52b31643d20ab65925?s=96&d=mm&r=g","url":"https:\/\/secure.gravatar.com\/avatar\/fad34bc2c773209c05d7d53b08a69b680eeb55f3be014e52b31643d20ab65925?s=96&d=mm&r=g","contentUrl":"https:\/\/secure.gravatar.com\/avatar\/fad34bc2c773209c05d7d53b08a69b680eeb55f3be014e52b31643d20ab65925?s=96&d=mm&r=g","caption":"Cristian Galarza"},"url":"http:\/\/www.radiohorizonte.fm\/radio\/author\/cristian\/"}]}},"_links":{"self":[{"href":"http:\/\/www.radiohorizonte.fm\/radio\/wp-json\/wp\/v2\/posts\/41605","targetHints":{"allow":["GET"]}}],"collection":[{"href":"http:\/\/www.radiohorizonte.fm\/radio\/wp-json\/wp\/v2\/posts"}],"about":[{"href":"http:\/\/www.radiohorizonte.fm\/radio\/wp-json\/wp\/v2\/types\/post"}],"author":[{"embeddable":true,"href":"http:\/\/www.radiohorizonte.fm\/radio\/wp-json\/wp\/v2\/users\/2"}],"replies":[{"embeddable":true,"href":"http:\/\/www.radiohorizonte.fm\/radio\/wp-json\/wp\/v2\/comments?post=41605"}],"version-history":[{"count":1,"href":"http:\/\/www.radiohorizonte.fm\/radio\/wp-json\/wp\/v2\/posts\/41605\/revisions"}],"predecessor-version":[{"id":41607,"href":"http:\/\/www.radiohorizonte.fm\/radio\/wp-json\/wp\/v2\/posts\/41605\/revisions\/41607"}],"wp:featuredmedia":[{"embeddable":true,"href":"http:\/\/www.radiohorizonte.fm\/radio\/wp-json\/wp\/v2\/media\/41606"}],"wp:attachment":[{"href":"http:\/\/www.radiohorizonte.fm\/radio\/wp-json\/wp\/v2\/media?parent=41605"}],"wp:term":[{"taxonomy":"category","embeddable":true,"href":"http:\/\/www.radiohorizonte.fm\/radio\/wp-json\/wp\/v2\/categories?post=41605"},{"taxonomy":"post_tag","embeddable":true,"href":"http:\/\/www.radiohorizonte.fm\/radio\/wp-json\/wp\/v2\/tags?post=41605"}],"curies":[{"name":"wp","href":"https:\/\/api.w.org\/{rel}","templated":true}]}}