{"id":41608,"date":"2023-07-31T10:12:02","date_gmt":"2023-07-31T13:12:02","guid":{"rendered":"http:\/\/www.radiohorizonte.fm\/radio\/?p=41608"},"modified":"2023-07-31T10:12:02","modified_gmt":"2023-07-31T13:12:02","slug":"actualizacion-de-tarifa-del-transporte-llamado-audiencia-publica","status":"publish","type":"post","link":"http:\/\/www.radiohorizonte.fm\/radio\/2023\/07\/31\/actualizacion-de-tarifa-del-transporte-llamado-audiencia-publica\/","title":{"rendered":"Actualizaci\u00f3n de Tarifa del Transporte: Llamado a audiencia p\u00fablica"},"content":{"rendered":"<p>La Audiencia P\u00fablica es un procedimiento de participaci\u00f3n que permite que los ciudadanos se informen y expresen su postura antes del dictado de una decisi\u00f3n que puede afectar sus derechos. Este fue aprobado por la ordenanza N\u00b0\u00a0<a href=\"http:\/\/www.sgpc.concejocorrientes.gob.ar\/web\/norma\/documentos\/8b55a0c624ab9f78e899340efe58df76.pdf\">5345<\/a><\/p>\n<p><img loading=\"lazy\" decoding=\"async\" class=\"alignnone size-full wp-image-10433\" src=\"http:\/\/www.radiohorizonte.fm\/radio\/wp-content\/uploads\/2017\/11\/colectivos_corrientes_28689_28689.jpg\" alt=\"\" width=\"2048\" height=\"1360\" srcset=\"http:\/\/www.radiohorizonte.fm\/radio\/wp-content\/uploads\/2017\/11\/colectivos_corrientes_28689_28689.jpg 2048w, http:\/\/www.radiohorizonte.fm\/radio\/wp-content\/uploads\/2017\/11\/colectivos_corrientes_28689_28689-300x199.jpg 300w, http:\/\/www.radiohorizonte.fm\/radio\/wp-content\/uploads\/2017\/11\/colectivos_corrientes_28689_28689-768x510.jpg 768w, http:\/\/www.radiohorizonte.fm\/radio\/wp-content\/uploads\/2017\/11\/colectivos_corrientes_28689_28689-1024x680.jpg 1024w, http:\/\/www.radiohorizonte.fm\/radio\/wp-content\/uploads\/2017\/11\/colectivos_corrientes_28689_28689-65x43.jpg 65w, http:\/\/www.radiohorizonte.fm\/radio\/wp-content\/uploads\/2017\/11\/colectivos_corrientes_28689_28689-301x200.jpg 301w, http:\/\/www.radiohorizonte.fm\/radio\/wp-content\/uploads\/2017\/11\/colectivos_corrientes_28689_28689-85x56.jpg 85w, http:\/\/www.radiohorizonte.fm\/radio\/wp-content\/uploads\/2017\/11\/colectivos_corrientes_28689_28689-188x125.jpg 188w, http:\/\/www.radiohorizonte.fm\/radio\/wp-content\/uploads\/2017\/11\/colectivos_corrientes_28689_28689-90x60.jpg 90w\" sizes=\"auto, (max-width: 2048px) 100vw, 2048px\" \/><\/p>\n<p>Es una\u00a0herramienta participativa\u00a0que antecede a una determinada medida ofreciendo a la ciudadan\u00eda la posibilidad de conocer un proyecto, las ventajas y desventajas que conlleva su realizaci\u00f3n, pone de manifiesto la confrontaci\u00f3n de intereses, caracterizando aquellos de \u00edndole individual y los de \u00edndole colectivo y evidencia la complejidad de factores que deben tenerse en cuenta ante la ejecuci\u00f3n de una pol\u00edtica p\u00fablica.<\/p>\n<p>Es una oportunidad para los\/as vecinos\/as, ya que acceden a la informaci\u00f3n detallada sobre un proyecto en cuesti\u00f3n. Es una oportunidad para los funcionarios, porque recepciona en pie de igualdad las diferentes posiciones frente a un tema objeto de decisi\u00f3n y es una oportunidad para la gesti\u00f3n pues transparenta la ejecuci\u00f3n de un acto administrativo.<\/p>\n<h3>Informaci\u00f3n para participantes<\/h3>\n<p>Aquellas personas que se encuentren interesadas en exponer su parecer durante una Audiencia P\u00fablica determinada\u00a0deben inscribirse en el plazo de inscripci\u00f3n establecido, pudiendo hacerlo personalmente en el lugar de Registro habilitado o enviando un mail. En el caso de Instituciones o Asociaciones, estas pueden inscribirse a trav\u00e9s de sus representantes legales o apoderado, acreditando los libros correspondientes y copia certificada de designaci\u00f3n de mandato.<\/p>\n<p>Cada participante cuenta con una\u00a0intervenci\u00f3n oral de hasta 5 (cinco) minutos\u00a0pudiendo, en caso que sea necesario ampliar su exposici\u00f3n hasta 10 (diez) minutos, presentar un escrito que ser\u00e1 incorporada al expediente.<\/p>\n<p>Por su parte,\u00a0quienes s\u00f3lo quieran presenciar la Audiencia, sin exponer, s\u00f3lo tendr\u00e1n que acercarse a la misma en la fecha y horario correspondiente.<\/p>\n<p>Si bien las opiniones vertidas presentan un car\u00e1cter consultivo y no vinculante, luego de finalizada la Audiencia la autoridad a cargo debe elaborar un informe acerca de c\u00f3mo las ha incorporado o por qu\u00e9 se han desestimado, seg\u00fan el caso. En este sentido la Audiencia P\u00fablica se constituye como un espacio institucional para el contacto entre la autoridad responsable de la toma de decisi\u00f3n y los ciudadanos.<\/p>\n<h3>Formulario de inscripci\u00f3n<\/h3>\n<p>El formulario est\u00e1 disponible aqu\u00ed<a href=\"http:\/\/concejocorrientes.gob.ar\/sites\/default\/files\/Formulario_inscripcion_audiencia.docx\"><img decoding=\"async\" src=\"https:\/\/images.vexels.com\/media\/users\/3\/135092\/isolated\/preview\/8d5eef2139fe9c3c94dbf880f0bc8cc7-icono-de-sombra-de-archivo-de-documento-by-vexels.png\" alt=\"\" \/><\/a><\/p>\n","protected":false},"excerpt":{"rendered":"<div class=\"post-excerpt\"><p>La Audiencia P\u00fablica es un procedimiento de participaci\u00f3n que permite que los ciudadanos se informen y expresen su postura antes del dictado de una decisi\u00f3n que puede afectar sus derechos. Este fue aprobado por la ordenanza N\u00b0\u00a05345 Es una\u00a0herramienta participativa\u00a0que antecede a una determinada medida ofreciendo a la ciudadan\u00eda la posibilidad de conocer un proyecto,<\/p>\n<\/div>","protected":false},"author":2,"featured_media":6276,"comment_status":"closed","ping_status":"closed","sticky":false,"template":"","format":"standard","meta":{"_acf_changed":false,"footnotes":""},"categories":[2],"tags":[],"class_list":["post-41608","post","type-post","status-publish","format-standard","has-post-thumbnail","hentry","category-noticias"],"acf":[],"yoast_head":"<!-- This site is optimized with the Yoast SEO plugin v28.1 - https:\/\/yoast.com\/product\/yoast-seo-wordpress\/ -->\n<title>Actualizaci\u00f3n de Tarifa del Transporte: Llamado a audiencia p\u00fablica - Horizonte<\/title>\n<meta name=\"robots\" content=\"index, follow, max-snippet:-1, max-image-preview:large, max-video-preview:-1\" \/>\n<link rel=\"canonical\" href=\"http:\/\/www.radiohorizonte.fm\/radio\/2023\/07\/31\/actualizacion-de-tarifa-del-transporte-llamado-audiencia-publica\/\" \/>\n<meta property=\"og:locale\" content=\"es_ES\" \/>\n<meta property=\"og:type\" content=\"article\" \/>\n<meta property=\"og:title\" content=\"Actualizaci\u00f3n de Tarifa del Transporte: Llamado a audiencia p\u00fablica - Horizonte\" \/>\n<meta property=\"og:description\" content=\"La Audiencia P\u00fablica es un procedimiento de participaci\u00f3n que permite que los ciudadanos se informen y expresen su postura antes del dictado de una decisi\u00f3n que puede afectar sus derechos. Este fue aprobado por la ordenanza N\u00b0\u00a05345 Es una\u00a0herramienta participativa\u00a0que antecede a una determinada medida ofreciendo a la ciudadan\u00eda la posibilidad de conocer un proyecto,\" \/>\n<meta property=\"og:url\" content=\"http:\/\/www.radiohorizonte.fm\/radio\/2023\/07\/31\/actualizacion-de-tarifa-del-transporte-llamado-audiencia-publica\/\" \/>\n<meta property=\"og:site_name\" content=\"Horizonte\" \/>\n<meta property=\"article:publisher\" content=\"http:\/\/www.facebook.com\/HORIZONTE106.1\" \/>\n<meta property=\"article:published_time\" content=\"2023-07-31T13:12:02+00:00\" \/>\n<meta property=\"og:image\" content=\"http:\/\/www.radiohorizonte.fm\/radio\/wp-content\/uploads\/2017\/05\/boleto_1.jpg\" \/>\n\t<meta property=\"og:image:width\" content=\"620\" \/>\n\t<meta property=\"og:image:height\" content=\"413\" \/>\n\t<meta property=\"og:image:type\" content=\"image\/jpeg\" \/>\n<meta name=\"author\" content=\"Cristian Galarza\" \/>\n<meta name=\"twitter:card\" content=\"summary_large_image\" \/>\n<meta name=\"twitter:creator\" content=\"@fmhorizonte1061\" \/>\n<meta name=\"twitter:site\" content=\"@fmhorizonte1061\" \/>\n<meta name=\"twitter:label1\" content=\"Escrito por\" \/>\n\t<meta name=\"twitter:data1\" content=\"Cristian Galarza\" \/>\n\t<meta name=\"twitter:label2\" content=\"Tiempo de lectura\" \/>\n\t<meta name=\"twitter:data2\" content=\"2 minutos\" \/>\n<script type=\"application\/ld+json\" class=\"yoast-schema-graph\">{\"@context\":\"https:\\\/\\\/schema.org\",\"@graph\":[{\"@type\":\"Article\",\"@id\":\"http:\\\/\\\/www.radiohorizonte.fm\\\/radio\\\/2023\\\/07\\\/31\\\/actualizacion-de-tarifa-del-transporte-llamado-audiencia-publica\\\/#article\",\"isPartOf\":{\"@id\":\"http:\\\/\\\/www.radiohorizonte.fm\\\/radio\\\/2023\\\/07\\\/31\\\/actualizacion-de-tarifa-del-transporte-llamado-audiencia-publica\\\/\"},\"author\":{\"name\":\"Cristian Galarza\",\"@id\":\"http:\\\/\\\/www.radiohorizonte.fm\\\/radio\\\/#\\\/schema\\\/person\\\/f8fa003a405bb86729fd87d15d0ddafa\"},\"headline\":\"Actualizaci\u00f3n de Tarifa del Transporte: Llamado a audiencia p\u00fablica\",\"datePublished\":\"2023-07-31T13:12:02+00:00\",\"mainEntityOfPage\":{\"@id\":\"http:\\\/\\\/www.radiohorizonte.fm\\\/radio\\\/2023\\\/07\\\/31\\\/actualizacion-de-tarifa-del-transporte-llamado-audiencia-publica\\\/\"},\"wordCount\":396,\"publisher\":{\"@id\":\"http:\\\/\\\/www.radiohorizonte.fm\\\/radio\\\/#organization\"},\"image\":{\"@id\":\"http:\\\/\\\/www.radiohorizonte.fm\\\/radio\\\/2023\\\/07\\\/31\\\/actualizacion-de-tarifa-del-transporte-llamado-audiencia-publica\\\/#primaryimage\"},\"thumbnailUrl\":\"http:\\\/\\\/www.radiohorizonte.fm\\\/radio\\\/wp-content\\\/uploads\\\/2017\\\/05\\\/boleto_1.jpg\",\"articleSection\":[\"Noticias\"],\"inLanguage\":\"es-AR\"},{\"@type\":\"WebPage\",\"@id\":\"http:\\\/\\\/www.radiohorizonte.fm\\\/radio\\\/2023\\\/07\\\/31\\\/actualizacion-de-tarifa-del-transporte-llamado-audiencia-publica\\\/\",\"url\":\"http:\\\/\\\/www.radiohorizonte.fm\\\/radio\\\/2023\\\/07\\\/31\\\/actualizacion-de-tarifa-del-transporte-llamado-audiencia-publica\\\/\",\"name\":\"Actualizaci\u00f3n de Tarifa del Transporte: Llamado a audiencia p\u00fablica - Horizonte\",\"isPartOf\":{\"@id\":\"http:\\\/\\\/www.radiohorizonte.fm\\\/radio\\\/#website\"},\"primaryImageOfPage\":{\"@id\":\"http:\\\/\\\/www.radiohorizonte.fm\\\/radio\\\/2023\\\/07\\\/31\\\/actualizacion-de-tarifa-del-transporte-llamado-audiencia-publica\\\/#primaryimage\"},\"image\":{\"@id\":\"http:\\\/\\\/www.radiohorizonte.fm\\\/radio\\\/2023\\\/07\\\/31\\\/actualizacion-de-tarifa-del-transporte-llamado-audiencia-publica\\\/#primaryimage\"},\"thumbnailUrl\":\"http:\\\/\\\/www.radiohorizonte.fm\\\/radio\\\/wp-content\\\/uploads\\\/2017\\\/05\\\/boleto_1.jpg\",\"datePublished\":\"2023-07-31T13:12:02+00:00\",\"breadcrumb\":{\"@id\":\"http:\\\/\\\/www.radiohorizonte.fm\\\/radio\\\/2023\\\/07\\\/31\\\/actualizacion-de-tarifa-del-transporte-llamado-audiencia-publica\\\/#breadcrumb\"},\"inLanguage\":\"es-AR\",\"potentialAction\":[{\"@type\":\"ReadAction\",\"target\":[\"http:\\\/\\\/www.radiohorizonte.fm\\\/radio\\\/2023\\\/07\\\/31\\\/actualizacion-de-tarifa-del-transporte-llamado-audiencia-publica\\\/\"]}]},{\"@type\":\"ImageObject\",\"inLanguage\":\"es-AR\",\"@id\":\"http:\\\/\\\/www.radiohorizonte.fm\\\/radio\\\/2023\\\/07\\\/31\\\/actualizacion-de-tarifa-del-transporte-llamado-audiencia-publica\\\/#primaryimage\",\"url\":\"http:\\\/\\\/www.radiohorizonte.fm\\\/radio\\\/wp-content\\\/uploads\\\/2017\\\/05\\\/boleto_1.jpg\",\"contentUrl\":\"http:\\\/\\\/www.radiohorizonte.fm\\\/radio\\\/wp-content\\\/uploads\\\/2017\\\/05\\\/boleto_1.jpg\",\"width\":620,\"height\":413},{\"@type\":\"BreadcrumbList\",\"@id\":\"http:\\\/\\\/www.radiohorizonte.fm\\\/radio\\\/2023\\\/07\\\/31\\\/actualizacion-de-tarifa-del-transporte-llamado-audiencia-publica\\\/#breadcrumb\",\"itemListElement\":[{\"@type\":\"ListItem\",\"position\":1,\"name\":\"Home\",\"item\":\"http:\\\/\\\/www.radiohorizonte.fm\\\/radio\\\/\"},{\"@type\":\"ListItem\",\"position\":2,\"name\":\"Actualizaci\u00f3n de Tarifa del Transporte: Llamado a audiencia p\u00fablica\"}]},{\"@type\":\"WebSite\",\"@id\":\"http:\\\/\\\/www.radiohorizonte.fm\\\/radio\\\/#website\",\"url\":\"http:\\\/\\\/www.radiohorizonte.fm\\\/radio\\\/\",\"name\":\"Horizonte\",\"description\":\"Radio Horizonte 106.1 - Una radio de clasicos\",\"publisher\":{\"@id\":\"http:\\\/\\\/www.radiohorizonte.fm\\\/radio\\\/#organization\"},\"potentialAction\":[{\"@type\":\"SearchAction\",\"target\":{\"@type\":\"EntryPoint\",\"urlTemplate\":\"http:\\\/\\\/www.radiohorizonte.fm\\\/radio\\\/?s={search_term_string}\"},\"query-input\":{\"@type\":\"PropertyValueSpecification\",\"valueRequired\":true,\"valueName\":\"search_term_string\"}}],\"inLanguage\":\"es-AR\"},{\"@type\":\"Organization\",\"@id\":\"http:\\\/\\\/www.radiohorizonte.fm\\\/radio\\\/#organization\",\"name\":\"Horizonte\",\"url\":\"http:\\\/\\\/www.radiohorizonte.fm\\\/radio\\\/\",\"logo\":{\"@type\":\"ImageObject\",\"inLanguage\":\"es-AR\",\"@id\":\"http:\\\/\\\/www.radiohorizonte.fm\\\/radio\\\/#\\\/schema\\\/logo\\\/image\\\/\",\"url\":\"http:\\\/\\\/www.radiohorizonte.fm\\\/radio\\\/wp-content\\\/uploads\\\/2025\\\/06\\\/Portada-FM-Horizonte_modelo-imagen-scaled.jpg\",\"contentUrl\":\"http:\\\/\\\/www.radiohorizonte.fm\\\/radio\\\/wp-content\\\/uploads\\\/2025\\\/06\\\/Portada-FM-Horizonte_modelo-imagen-scaled.jpg\",\"width\":2560,\"height\":1056,\"caption\":\"Horizonte\"},\"image\":{\"@id\":\"http:\\\/\\\/www.radiohorizonte.fm\\\/radio\\\/#\\\/schema\\\/logo\\\/image\\\/\"},\"sameAs\":[\"http:\\\/\\\/www.facebook.com\\\/HORIZONTE106.1\",\"https:\\\/\\\/x.com\\\/fmhorizonte1061\"]},{\"@type\":\"Person\",\"@id\":\"http:\\\/\\\/www.radiohorizonte.fm\\\/radio\\\/#\\\/schema\\\/person\\\/f8fa003a405bb86729fd87d15d0ddafa\",\"name\":\"Cristian Galarza\",\"image\":{\"@type\":\"ImageObject\",\"inLanguage\":\"es-AR\",\"@id\":\"https:\\\/\\\/secure.gravatar.com\\\/avatar\\\/fad34bc2c773209c05d7d53b08a69b680eeb55f3be014e52b31643d20ab65925?s=96&d=mm&r=g\",\"url\":\"https:\\\/\\\/secure.gravatar.com\\\/avatar\\\/fad34bc2c773209c05d7d53b08a69b680eeb55f3be014e52b31643d20ab65925?s=96&d=mm&r=g\",\"contentUrl\":\"https:\\\/\\\/secure.gravatar.com\\\/avatar\\\/fad34bc2c773209c05d7d53b08a69b680eeb55f3be014e52b31643d20ab65925?s=96&d=mm&r=g\",\"caption\":\"Cristian Galarza\"},\"url\":\"http:\\\/\\\/www.radiohorizonte.fm\\\/radio\\\/author\\\/cristian\\\/\"}]}<\/script>\n<!-- \/ Yoast SEO plugin. -->","yoast_head_json":{"title":"Actualizaci\u00f3n de Tarifa del Transporte: Llamado a audiencia p\u00fablica - Horizonte","robots":{"index":"index","follow":"follow","max-snippet":"max-snippet:-1","max-image-preview":"max-image-preview:large","max-video-preview":"max-video-preview:-1"},"canonical":"http:\/\/www.radiohorizonte.fm\/radio\/2023\/07\/31\/actualizacion-de-tarifa-del-transporte-llamado-audiencia-publica\/","og_locale":"es_ES","og_type":"article","og_title":"Actualizaci\u00f3n de Tarifa del Transporte: Llamado a audiencia p\u00fablica - Horizonte","og_description":"La Audiencia P\u00fablica es un procedimiento de participaci\u00f3n que permite que los ciudadanos se informen y expresen su postura antes del dictado de una decisi\u00f3n que puede afectar sus derechos. Este fue aprobado por la ordenanza N\u00b0\u00a05345 Es una\u00a0herramienta participativa\u00a0que antecede a una determinada medida ofreciendo a la ciudadan\u00eda la posibilidad de conocer un proyecto,","og_url":"http:\/\/www.radiohorizonte.fm\/radio\/2023\/07\/31\/actualizacion-de-tarifa-del-transporte-llamado-audiencia-publica\/","og_site_name":"Horizonte","article_publisher":"http:\/\/www.facebook.com\/HORIZONTE106.1","article_published_time":"2023-07-31T13:12:02+00:00","og_image":[{"width":620,"height":413,"url":"http:\/\/www.radiohorizonte.fm\/radio\/wp-content\/uploads\/2017\/05\/boleto_1.jpg","type":"image\/jpeg"}],"author":"Cristian Galarza","twitter_card":"summary_large_image","twitter_creator":"@fmhorizonte1061","twitter_site":"@fmhorizonte1061","twitter_misc":{"Escrito por":"Cristian Galarza","Tiempo de lectura":"2 minutos"},"schema":{"@context":"https:\/\/schema.org","@graph":[{"@type":"Article","@id":"http:\/\/www.radiohorizonte.fm\/radio\/2023\/07\/31\/actualizacion-de-tarifa-del-transporte-llamado-audiencia-publica\/#article","isPartOf":{"@id":"http:\/\/www.radiohorizonte.fm\/radio\/2023\/07\/31\/actualizacion-de-tarifa-del-transporte-llamado-audiencia-publica\/"},"author":{"name":"Cristian Galarza","@id":"http:\/\/www.radiohorizonte.fm\/radio\/#\/schema\/person\/f8fa003a405bb86729fd87d15d0ddafa"},"headline":"Actualizaci\u00f3n de Tarifa del Transporte: Llamado a audiencia p\u00fablica","datePublished":"2023-07-31T13:12:02+00:00","mainEntityOfPage":{"@id":"http:\/\/www.radiohorizonte.fm\/radio\/2023\/07\/31\/actualizacion-de-tarifa-del-transporte-llamado-audiencia-publica\/"},"wordCount":396,"publisher":{"@id":"http:\/\/www.radiohorizonte.fm\/radio\/#organization"},"image":{"@id":"http:\/\/www.radiohorizonte.fm\/radio\/2023\/07\/31\/actualizacion-de-tarifa-del-transporte-llamado-audiencia-publica\/#primaryimage"},"thumbnailUrl":"http:\/\/www.radiohorizonte.fm\/radio\/wp-content\/uploads\/2017\/05\/boleto_1.jpg","articleSection":["Noticias"],"inLanguage":"es-AR"},{"@type":"WebPage","@id":"http:\/\/www.radiohorizonte.fm\/radio\/2023\/07\/31\/actualizacion-de-tarifa-del-transporte-llamado-audiencia-publica\/","url":"http:\/\/www.radiohorizonte.fm\/radio\/2023\/07\/31\/actualizacion-de-tarifa-del-transporte-llamado-audiencia-publica\/","name":"Actualizaci\u00f3n de Tarifa del Transporte: Llamado a audiencia p\u00fablica - Horizonte","isPartOf":{"@id":"http:\/\/www.radiohorizonte.fm\/radio\/#website"},"primaryImageOfPage":{"@id":"http:\/\/www.radiohorizonte.fm\/radio\/2023\/07\/31\/actualizacion-de-tarifa-del-transporte-llamado-audiencia-publica\/#primaryimage"},"image":{"@id":"http:\/\/www.radiohorizonte.fm\/radio\/2023\/07\/31\/actualizacion-de-tarifa-del-transporte-llamado-audiencia-publica\/#primaryimage"},"thumbnailUrl":"http:\/\/www.radiohorizonte.fm\/radio\/wp-content\/uploads\/2017\/05\/boleto_1.jpg","datePublished":"2023-07-31T13:12:02+00:00","breadcrumb":{"@id":"http:\/\/www.radiohorizonte.fm\/radio\/2023\/07\/31\/actualizacion-de-tarifa-del-transporte-llamado-audiencia-publica\/#breadcrumb"},"inLanguage":"es-AR","potentialAction":[{"@type":"ReadAction","target":["http:\/\/www.radiohorizonte.fm\/radio\/2023\/07\/31\/actualizacion-de-tarifa-del-transporte-llamado-audiencia-publica\/"]}]},{"@type":"ImageObject","inLanguage":"es-AR","@id":"http:\/\/www.radiohorizonte.fm\/radio\/2023\/07\/31\/actualizacion-de-tarifa-del-transporte-llamado-audiencia-publica\/#primaryimage","url":"http:\/\/www.radiohorizonte.fm\/radio\/wp-content\/uploads\/2017\/05\/boleto_1.jpg","contentUrl":"http:\/\/www.radiohorizonte.fm\/radio\/wp-content\/uploads\/2017\/05\/boleto_1.jpg","width":620,"height":413},{"@type":"BreadcrumbList","@id":"http:\/\/www.radiohorizonte.fm\/radio\/2023\/07\/31\/actualizacion-de-tarifa-del-transporte-llamado-audiencia-publica\/#breadcrumb","itemListElement":[{"@type":"ListItem","position":1,"name":"Home","item":"http:\/\/www.radiohorizonte.fm\/radio\/"},{"@type":"ListItem","position":2,"name":"Actualizaci\u00f3n de Tarifa del Transporte: Llamado a audiencia p\u00fablica"}]},{"@type":"WebSite","@id":"http:\/\/www.radiohorizonte.fm\/radio\/#website","url":"http:\/\/www.radiohorizonte.fm\/radio\/","name":"Horizonte","description":"Radio Horizonte 106.1 - Una radio de clasicos","publisher":{"@id":"http:\/\/www.radiohorizonte.fm\/radio\/#organization"},"potentialAction":[{"@type":"SearchAction","target":{"@type":"EntryPoint","urlTemplate":"http:\/\/www.radiohorizonte.fm\/radio\/?s={search_term_string}"},"query-input":{"@type":"PropertyValueSpecification","valueRequired":true,"valueName":"search_term_string"}}],"inLanguage":"es-AR"},{"@type":"Organization","@id":"http:\/\/www.radiohorizonte.fm\/radio\/#organization","name":"Horizonte","url":"http:\/\/www.radiohorizonte.fm\/radio\/","logo":{"@type":"ImageObject","inLanguage":"es-AR","@id":"http:\/\/www.radiohorizonte.fm\/radio\/#\/schema\/logo\/image\/","url":"http:\/\/www.radiohorizonte.fm\/radio\/wp-content\/uploads\/2025\/06\/Portada-FM-Horizonte_modelo-imagen-scaled.jpg","contentUrl":"http:\/\/www.radiohorizonte.fm\/radio\/wp-content\/uploads\/2025\/06\/Portada-FM-Horizonte_modelo-imagen-scaled.jpg","width":2560,"height":1056,"caption":"Horizonte"},"image":{"@id":"http:\/\/www.radiohorizonte.fm\/radio\/#\/schema\/logo\/image\/"},"sameAs":["http:\/\/www.facebook.com\/HORIZONTE106.1","https:\/\/x.com\/fmhorizonte1061"]},{"@type":"Person","@id":"http:\/\/www.radiohorizonte.fm\/radio\/#\/schema\/person\/f8fa003a405bb86729fd87d15d0ddafa","name":"Cristian Galarza","image":{"@type":"ImageObject","inLanguage":"es-AR","@id":"https:\/\/secure.gravatar.com\/avatar\/fad34bc2c773209c05d7d53b08a69b680eeb55f3be014e52b31643d20ab65925?s=96&d=mm&r=g","url":"https:\/\/secure.gravatar.com\/avatar\/fad34bc2c773209c05d7d53b08a69b680eeb55f3be014e52b31643d20ab65925?s=96&d=mm&r=g","contentUrl":"https:\/\/secure.gravatar.com\/avatar\/fad34bc2c773209c05d7d53b08a69b680eeb55f3be014e52b31643d20ab65925?s=96&d=mm&r=g","caption":"Cristian Galarza"},"url":"http:\/\/www.radiohorizonte.fm\/radio\/author\/cristian\/"}]}},"_links":{"self":[{"href":"http:\/\/www.radiohorizonte.fm\/radio\/wp-json\/wp\/v2\/posts\/41608","targetHints":{"allow":["GET"]}}],"collection":[{"href":"http:\/\/www.radiohorizonte.fm\/radio\/wp-json\/wp\/v2\/posts"}],"about":[{"href":"http:\/\/www.radiohorizonte.fm\/radio\/wp-json\/wp\/v2\/types\/post"}],"author":[{"embeddable":true,"href":"http:\/\/www.radiohorizonte.fm\/radio\/wp-json\/wp\/v2\/users\/2"}],"replies":[{"embeddable":true,"href":"http:\/\/www.radiohorizonte.fm\/radio\/wp-json\/wp\/v2\/comments?post=41608"}],"version-history":[{"count":1,"href":"http:\/\/www.radiohorizonte.fm\/radio\/wp-json\/wp\/v2\/posts\/41608\/revisions"}],"predecessor-version":[{"id":41609,"href":"http:\/\/www.radiohorizonte.fm\/radio\/wp-json\/wp\/v2\/posts\/41608\/revisions\/41609"}],"wp:featuredmedia":[{"embeddable":true,"href":"http:\/\/www.radiohorizonte.fm\/radio\/wp-json\/wp\/v2\/media\/6276"}],"wp:attachment":[{"href":"http:\/\/www.radiohorizonte.fm\/radio\/wp-json\/wp\/v2\/media?parent=41608"}],"wp:term":[{"taxonomy":"category","embeddable":true,"href":"http:\/\/www.radiohorizonte.fm\/radio\/wp-json\/wp\/v2\/categories?post=41608"},{"taxonomy":"post_tag","embeddable":true,"href":"http:\/\/www.radiohorizonte.fm\/radio\/wp-json\/wp\/v2\/tags?post=41608"}],"curies":[{"name":"wp","href":"https:\/\/api.w.org\/{rel}","templated":true}]}}