{"id":41610,"date":"2023-07-31T11:57:39","date_gmt":"2023-07-31T14:57:39","guid":{"rendered":"http:\/\/www.radiohorizonte.fm\/radio\/?p=41610"},"modified":"2023-07-31T11:57:39","modified_gmt":"2023-07-31T14:57:39","slug":"el-emotivo-recuerdo-de-lady-gaga-tony-bennett-diez-dias-de-la-muerte-del-historico-cantante","status":"publish","type":"post","link":"http:\/\/www.radiohorizonte.fm\/radio\/2023\/07\/31\/el-emotivo-recuerdo-de-lady-gaga-tony-bennett-diez-dias-de-la-muerte-del-historico-cantante\/","title":{"rendered":"El emotivo recuerdo de Lady Gaga a Tony Bennett, a diez d\u00edas de la muerte del hist\u00f3rico cantante"},"content":{"rendered":"<p>La cantante escribi\u00f3 un conmovedor mensaje en sus redes sociales a\u00fan en shock por la p\u00e9rdida del legendario cantante<\/p>\n<p><img loading=\"lazy\" decoding=\"async\" class=\"alignnone size-full wp-image-41611\" src=\"http:\/\/www.radiohorizonte.fm\/radio\/wp-content\/uploads\/2023\/07\/OJQBIVODEBDAHFHQJMOXON2S4Q-1.jpg\" alt=\"\" width=\"880\" height=\"586\" srcset=\"http:\/\/www.radiohorizonte.fm\/radio\/wp-content\/uploads\/2023\/07\/OJQBIVODEBDAHFHQJMOXON2S4Q-1.jpg 880w, http:\/\/www.radiohorizonte.fm\/radio\/wp-content\/uploads\/2023\/07\/OJQBIVODEBDAHFHQJMOXON2S4Q-1-300x200.jpg 300w, http:\/\/www.radiohorizonte.fm\/radio\/wp-content\/uploads\/2023\/07\/OJQBIVODEBDAHFHQJMOXON2S4Q-1-768x511.jpg 768w, http:\/\/www.radiohorizonte.fm\/radio\/wp-content\/uploads\/2023\/07\/OJQBIVODEBDAHFHQJMOXON2S4Q-1-65x43.jpg 65w, http:\/\/www.radiohorizonte.fm\/radio\/wp-content\/uploads\/2023\/07\/OJQBIVODEBDAHFHQJMOXON2S4Q-1-85x57.jpg 85w, http:\/\/www.radiohorizonte.fm\/radio\/wp-content\/uploads\/2023\/07\/OJQBIVODEBDAHFHQJMOXON2S4Q-1-188x125.jpg 188w, http:\/\/www.radiohorizonte.fm\/radio\/wp-content\/uploads\/2023\/07\/OJQBIVODEBDAHFHQJMOXON2S4Q-1-90x60.jpg 90w\" sizes=\"auto, (max-width: 880px) 100vw, 880px\" \/><\/p>\n<p>A diez d\u00edas de la muerte de Tony Bennett, Lady Gaga le brind\u00f3 un homenaje a la leyenda de la m\u00fasica. A trav\u00e9s de un posteo de Instagram, la cantante le dedic\u00f3 unas dulces palabras a quien consideraba su amigo y un ejemplo a seguir.<\/p>\n<p>\u201cVoy a echar de menos a mi amigo para siempre\u201d, comenz\u00f3 escribiendo en la conmovedora publicaci\u00f3n, que incluy\u00f3 una foto de ambos abrazados en un camar\u00edn. \u201cVoy a echar de menos cantar con \u00e9l, grabar con \u00e9l, hablar con \u00e9l, estar juntos en un escenario\u201d, continu\u00f3.<\/p>\n<p>\u201cCon Tony pude vivir mi vida como en un viaje por el tiempo. Tony y yo ten\u00edamos un poder m\u00e1gico\u201d, sum\u00f3. \u201cNos transport\u00e1bamos a otra \u00e9poca, moderniz\u00e1bamos juntos la m\u00fasica y le d\u00e1bamos nueva vida como d\u00fao de cantantes. Pero no era una actuaci\u00f3n. Nuestra relaci\u00f3n era muy real\u201d, afirm\u00f3 la int\u00e9rprete de \u201cPoker Face\u201d.<\/p>\n<p>Adem\u00e1s de ense\u00f1arle sobre m\u00fasica y el mundo del espect\u00e1culo, Gaga dijo que Bennett le \u201cense\u00f1\u00f3 a mantener el \u00e1nimo alto y la cabeza bien puesta\u201d. \u201cEra optimista, cre\u00eda en el trabajo de calidad y en la vida de calidad. Adem\u00e1s, estaba la gratitud. Tony siempre estaba agradecido\u201d, asegur\u00f3, antes de se\u00f1alar los hitos personales que Bennett realiz\u00f3 en su vida, como marchar con Martin Luther King Jr. y servir en la Segunda Guerra Mundial.<\/p>\n<p>\u201cLlevo mucho tiempo llorando la p\u00e9rdida de Tony. Tuvimos una despedida muy larga y poderosa\u201d, continu\u00f3 Gaga. \u201cAunque hab\u00eda cinco d\u00e9cadas de diferencia entre nosotros, \u00e9l era mi amigo. Mi amigo de verdad\u201d, quiso dejar en claro. \u201cNuestra diferencia de edad no importaba, de hecho, nos daba a cada uno algo que ninguno de los dos ten\u00eda con la mayor\u00eda de la gente. \u00c9ramos de dos etapas de la vida totalmente diferentes&#8230; inspirados\u201d.<\/p>\n<p class=\"com-paragraph   --s\">\u201cPerder a Tony a causa del Alzheimer ha sido doloroso, pero tambi\u00e9n realmente hermoso\u201d, sigui\u00f3 escribiendo la cantante. \u201cUna \u00e9poca de p\u00e9rdida de memoria es un momento tan sagrado en la vida de una persona. Todo lo que quer\u00eda era que Tony recordara lo mucho que le quer\u00eda y lo agradecida que estaba de tenerlo en mi vida\u201d, continu\u00f3. \u201cPero, a medida que eso se desvanec\u00eda lentamente, supe que\u00a0<mark class=\"hl_underline\"><strong>en el fondo estaba compartiendo conmigo el momento m\u00e1s vulnerable de su vida: estar dispuesto a cantar conmigo cuando su naturaleza estaba cambiando tan profundamente<\/strong><\/mark>\u201d.<\/p>\n<p class=\"com-paragraph   --s\">\u201cNunca voy a olvidar esta experiencia. Nunca voy a olvidar a Tony Bennett\u201d, escribi\u00f3 Gaga a modo de reflexi\u00f3n, ya cerrando su mensaje. \u201cSi pudiera decirle algo al mundo sobre esto, dir\u00eda que\u00a0<strong>no descarten a sus mayores, que no los dejen atr\u00e1s cuando las cosas cambien<\/strong>. No se acobarden cuando se sientan tristes, sigan caminando, la tristeza forma parte de todo. Cuid\u00e1 de tus mayores y te prometo que vas a aprender algo especial. Puede que incluso m\u00e1gico\u201d, reflexion\u00f3.<mark class=\"hl_underline\"><strong>\u00a0\u201cY prest\u00e1 atenci\u00f3n al silencio: algunos de los intercambios m\u00e1s significativos entre mi compa\u00f1ero musical y yo fueron sin ninguna melod\u00eda\u201d, a\u00f1adi\u00f3, antes de despedirse: \u201cTe quiero Tony. Con amor, Lady\u201d<\/strong><\/mark>.<\/p>\n<div class=\"content-media\">\n<section class=\"mod-media --zoom  \" role=\"button\">\n<figure class=\"mod-figure \" role=\"button\">\n<div class=\"placeholder \"><img loading=\"lazy\" decoding=\"async\" class=\"com-image \" src=\"https:\/\/resizer.glanacion.com\/resizer\/Fj2S4UKurDnmUb4NpvGS8Mq5o5c=\/420x0\/filters:format(webp):quality(70)\/cloudfront-us-east-1.images.arcpublishing.com\/lanacionar\/7FLECWLMJBE3LPTU6VHAU4BLC4.jpg\" srcset=\"https:\/\/resizer.glanacion.com\/resizer\/FFIf3XtWE0rEPiHNJIl3duy2M50=\/780x0\/filters:format(webp):quality(70)\/cloudfront-us-east-1.images.arcpublishing.com\/lanacionar\/7FLECWLMJBE3LPTU6VHAU4BLC4.jpg 780w, https:\/\/resizer.glanacion.com\/resizer\/Fj2S4UKurDnmUb4NpvGS8Mq5o5c=\/420x0\/filters:format(webp):quality(70)\/cloudfront-us-east-1.images.arcpublishing.com\/lanacionar\/7FLECWLMJBE3LPTU6VHAU4BLC4.jpg 420w\" alt=\"Lady Gaga y Tony Bennett lanzaron dos \u00e1lbumes de estudio juntos, Cheek to Cheek y Love for sale\" width=\"1440\" height=\"1800\" \/><\/div><figcaption class=\"mod-figcaption\"><span class=\"com-text --caption --twoxs\">Lady Gaga y Tony Bennett lanzaron dos \u00e1lbumes de estudio juntos, Cheek to Cheek y Love for sale<\/span><span class=\"com-text --credit --twoxs\">Instagram @ladygaga<\/span><\/figcaption><figcaption><\/figcaption><\/figure>\n<\/section>\n<\/div>\n<p class=\"com-paragraph   --s\">Bennett muri\u00f3 el viernes 21 de julio,<strong>\u00a0a los 96 a\u00f1os<\/strong>. Los \u00faltimos a\u00f1os del referente del pop y el jazz fueron dif\u00edciles. En 2016 le diagnosticaron Alzheimer, algo que reci\u00e9n se hizo p\u00fablico cinco a\u00f1os despu\u00e9s (en 2018 los s\u00edntomas empezaron a ser cada vez m\u00e1s evidentes). Su\u00a0<strong>v\u00ednculo con Lady Gaga fue una verdadera joya a recordar.\u00a0<\/strong>En 2011 hicieron su propia versi\u00f3n de \u201cThe Lady Is a Tramp\u201d, de Richard Rodgers y ese fue el inicio de una de las duplas m\u00e1s hist\u00f3ricas e importantes de la m\u00fasica.<\/p>\n<p class=\"com-paragraph   --s\">En 2014,\u00a0<strong>Gaga y Bennett lanzaron su disco\u00a0<\/strong><em><strong>Cheek to Cheek<\/strong><\/em><strong>\u00a0<\/strong>, donde estuvieron incluidas versiones de algunos cl\u00e1sicos del\u00a0<em>Great American Songbook<\/em>, entre ellas \u201cAnything Goes\u201d, de Cole Porter y \u201cCheek to Cheek\u201d, de Irving Berlin.<\/p>\n<p class=\"com-paragraph   --s\">Tras el lanzamiento de su primer \u00e1lbum en conjunto,\u00a0<strong>Bennett le propuso a Gaga una nueva colaboraci\u00f3n<\/strong>\u00a0y fue as\u00ed como en<strong>\u00a02021 publicaron su segundo trabajo discogr\u00e1fico:\u00a0<\/strong><em><strong>Love for Sale<\/strong><\/em><strong>.\u00a0<\/strong><strong>Love for Sale<\/strong>\u00a0signific\u00f3 la \u00faltima grabaci\u00f3n en un estudio para Tony\u00a0y tambi\u00e9n marc\u00f3 el camino hacia la dolorosa despedida de los escenarios. En\u00a02021 se hizo p\u00fablica su enfermedad\u00a0y ese mismo a\u00f1o abandon\u00f3 los shows en vivo, justamente de la mano de Lady Gaga.\u00a0Comparti\u00f3 con ella dos conciertos en el Radio City de Nueva York: el primero de ellos coincidi\u00f3 con su cumplea\u00f1os n\u00famero 95, el 3 de agosto. Los artistas deleitaron con su m\u00fasica e hicieron la previa de lo que finalmente ser\u00eda su \u00faltimo \u00e1lbum, que se estren\u00f3 semanas m\u00e1s tarde.<\/p>\n<p><span class=\"com-partner  --xs\">LA NACION<\/span><\/p>\n","protected":false},"excerpt":{"rendered":"<div class=\"post-excerpt\"><p>La cantante escribi\u00f3 un conmovedor mensaje en sus redes sociales a\u00fan en shock por la p\u00e9rdida del legendario cantante A diez d\u00edas de la muerte de Tony Bennett, Lady Gaga le brind\u00f3 un homenaje a la leyenda de la m\u00fasica. A trav\u00e9s de un posteo de Instagram, la cantante le dedic\u00f3 unas dulces palabras a<\/p>\n<\/div>","protected":false},"author":2,"featured_media":41611,"comment_status":"closed","ping_status":"closed","sticky":false,"template":"","format":"standard","meta":{"_acf_changed":false,"footnotes":""},"categories":[3],"tags":[],"class_list":["post-41610","post","type-post","status-publish","format-standard","has-post-thumbnail","hentry","category-infomusic"],"acf":[],"yoast_head":"<!-- This site is optimized with the Yoast SEO plugin v28.1 - https:\/\/yoast.com\/product\/yoast-seo-wordpress\/ -->\n<title>El emotivo recuerdo de Lady Gaga a Tony Bennett, a diez d\u00edas de la muerte del hist\u00f3rico cantante - Horizonte<\/title>\n<meta name=\"robots\" content=\"index, follow, max-snippet:-1, max-image-preview:large, max-video-preview:-1\" \/>\n<link rel=\"canonical\" href=\"http:\/\/www.radiohorizonte.fm\/radio\/2023\/07\/31\/el-emotivo-recuerdo-de-lady-gaga-tony-bennett-diez-dias-de-la-muerte-del-historico-cantante\/\" \/>\n<meta property=\"og:locale\" content=\"es_ES\" \/>\n<meta property=\"og:type\" content=\"article\" \/>\n<meta property=\"og:title\" content=\"El emotivo recuerdo de Lady Gaga a Tony Bennett, a diez d\u00edas de la muerte del hist\u00f3rico cantante - Horizonte\" \/>\n<meta property=\"og:description\" content=\"La cantante escribi\u00f3 un conmovedor mensaje en sus redes sociales a\u00fan en shock por la p\u00e9rdida del legendario cantante A diez d\u00edas de la muerte de Tony Bennett, Lady Gaga le brind\u00f3 un homenaje a la leyenda de la m\u00fasica. A trav\u00e9s de un posteo de Instagram, la cantante le dedic\u00f3 unas dulces palabras a\" \/>\n<meta property=\"og:url\" content=\"http:\/\/www.radiohorizonte.fm\/radio\/2023\/07\/31\/el-emotivo-recuerdo-de-lady-gaga-tony-bennett-diez-dias-de-la-muerte-del-historico-cantante\/\" \/>\n<meta property=\"og:site_name\" content=\"Horizonte\" \/>\n<meta property=\"article:publisher\" content=\"http:\/\/www.facebook.com\/HORIZONTE106.1\" \/>\n<meta property=\"article:published_time\" content=\"2023-07-31T14:57:39+00:00\" \/>\n<meta property=\"og:image\" content=\"http:\/\/www.radiohorizonte.fm\/radio\/wp-content\/uploads\/2023\/07\/OJQBIVODEBDAHFHQJMOXON2S4Q-1.jpg\" \/>\n\t<meta property=\"og:image:width\" content=\"880\" \/>\n\t<meta property=\"og:image:height\" content=\"586\" \/>\n\t<meta property=\"og:image:type\" content=\"image\/jpeg\" \/>\n<meta name=\"author\" content=\"Cristian Galarza\" \/>\n<meta name=\"twitter:card\" content=\"summary_large_image\" \/>\n<meta name=\"twitter:creator\" content=\"@fmhorizonte1061\" \/>\n<meta name=\"twitter:site\" content=\"@fmhorizonte1061\" \/>\n<meta name=\"twitter:label1\" content=\"Escrito por\" \/>\n\t<meta name=\"twitter:data1\" content=\"Cristian Galarza\" \/>\n\t<meta name=\"twitter:label2\" content=\"Tiempo de lectura\" \/>\n\t<meta name=\"twitter:data2\" content=\"4 minutos\" \/>\n<script type=\"application\/ld+json\" class=\"yoast-schema-graph\">{\"@context\":\"https:\\\/\\\/schema.org\",\"@graph\":[{\"@type\":\"Article\",\"@id\":\"http:\\\/\\\/www.radiohorizonte.fm\\\/radio\\\/2023\\\/07\\\/31\\\/el-emotivo-recuerdo-de-lady-gaga-tony-bennett-diez-dias-de-la-muerte-del-historico-cantante\\\/#article\",\"isPartOf\":{\"@id\":\"http:\\\/\\\/www.radiohorizonte.fm\\\/radio\\\/2023\\\/07\\\/31\\\/el-emotivo-recuerdo-de-lady-gaga-tony-bennett-diez-dias-de-la-muerte-del-historico-cantante\\\/\"},\"author\":{\"name\":\"Cristian Galarza\",\"@id\":\"http:\\\/\\\/www.radiohorizonte.fm\\\/radio\\\/#\\\/schema\\\/person\\\/f8fa003a405bb86729fd87d15d0ddafa\"},\"headline\":\"El emotivo recuerdo de Lady Gaga a Tony Bennett, a diez d\u00edas de la muerte del hist\u00f3rico cantante\",\"datePublished\":\"2023-07-31T14:57:39+00:00\",\"mainEntityOfPage\":{\"@id\":\"http:\\\/\\\/www.radiohorizonte.fm\\\/radio\\\/2023\\\/07\\\/31\\\/el-emotivo-recuerdo-de-lady-gaga-tony-bennett-diez-dias-de-la-muerte-del-historico-cantante\\\/\"},\"wordCount\":875,\"publisher\":{\"@id\":\"http:\\\/\\\/www.radiohorizonte.fm\\\/radio\\\/#organization\"},\"image\":{\"@id\":\"http:\\\/\\\/www.radiohorizonte.fm\\\/radio\\\/2023\\\/07\\\/31\\\/el-emotivo-recuerdo-de-lady-gaga-tony-bennett-diez-dias-de-la-muerte-del-historico-cantante\\\/#primaryimage\"},\"thumbnailUrl\":\"http:\\\/\\\/www.radiohorizonte.fm\\\/radio\\\/wp-content\\\/uploads\\\/2023\\\/07\\\/OJQBIVODEBDAHFHQJMOXON2S4Q-1.jpg\",\"articleSection\":[\"Infomusic\"],\"inLanguage\":\"es-AR\"},{\"@type\":\"WebPage\",\"@id\":\"http:\\\/\\\/www.radiohorizonte.fm\\\/radio\\\/2023\\\/07\\\/31\\\/el-emotivo-recuerdo-de-lady-gaga-tony-bennett-diez-dias-de-la-muerte-del-historico-cantante\\\/\",\"url\":\"http:\\\/\\\/www.radiohorizonte.fm\\\/radio\\\/2023\\\/07\\\/31\\\/el-emotivo-recuerdo-de-lady-gaga-tony-bennett-diez-dias-de-la-muerte-del-historico-cantante\\\/\",\"name\":\"El emotivo recuerdo de Lady Gaga a Tony Bennett, a diez d\u00edas de la muerte del hist\u00f3rico cantante - Horizonte\",\"isPartOf\":{\"@id\":\"http:\\\/\\\/www.radiohorizonte.fm\\\/radio\\\/#website\"},\"primaryImageOfPage\":{\"@id\":\"http:\\\/\\\/www.radiohorizonte.fm\\\/radio\\\/2023\\\/07\\\/31\\\/el-emotivo-recuerdo-de-lady-gaga-tony-bennett-diez-dias-de-la-muerte-del-historico-cantante\\\/#primaryimage\"},\"image\":{\"@id\":\"http:\\\/\\\/www.radiohorizonte.fm\\\/radio\\\/2023\\\/07\\\/31\\\/el-emotivo-recuerdo-de-lady-gaga-tony-bennett-diez-dias-de-la-muerte-del-historico-cantante\\\/#primaryimage\"},\"thumbnailUrl\":\"http:\\\/\\\/www.radiohorizonte.fm\\\/radio\\\/wp-content\\\/uploads\\\/2023\\\/07\\\/OJQBIVODEBDAHFHQJMOXON2S4Q-1.jpg\",\"datePublished\":\"2023-07-31T14:57:39+00:00\",\"breadcrumb\":{\"@id\":\"http:\\\/\\\/www.radiohorizonte.fm\\\/radio\\\/2023\\\/07\\\/31\\\/el-emotivo-recuerdo-de-lady-gaga-tony-bennett-diez-dias-de-la-muerte-del-historico-cantante\\\/#breadcrumb\"},\"inLanguage\":\"es-AR\",\"potentialAction\":[{\"@type\":\"ReadAction\",\"target\":[\"http:\\\/\\\/www.radiohorizonte.fm\\\/radio\\\/2023\\\/07\\\/31\\\/el-emotivo-recuerdo-de-lady-gaga-tony-bennett-diez-dias-de-la-muerte-del-historico-cantante\\\/\"]}]},{\"@type\":\"ImageObject\",\"inLanguage\":\"es-AR\",\"@id\":\"http:\\\/\\\/www.radiohorizonte.fm\\\/radio\\\/2023\\\/07\\\/31\\\/el-emotivo-recuerdo-de-lady-gaga-tony-bennett-diez-dias-de-la-muerte-del-historico-cantante\\\/#primaryimage\",\"url\":\"http:\\\/\\\/www.radiohorizonte.fm\\\/radio\\\/wp-content\\\/uploads\\\/2023\\\/07\\\/OJQBIVODEBDAHFHQJMOXON2S4Q-1.jpg\",\"contentUrl\":\"http:\\\/\\\/www.radiohorizonte.fm\\\/radio\\\/wp-content\\\/uploads\\\/2023\\\/07\\\/OJQBIVODEBDAHFHQJMOXON2S4Q-1.jpg\",\"width\":880,\"height\":586},{\"@type\":\"BreadcrumbList\",\"@id\":\"http:\\\/\\\/www.radiohorizonte.fm\\\/radio\\\/2023\\\/07\\\/31\\\/el-emotivo-recuerdo-de-lady-gaga-tony-bennett-diez-dias-de-la-muerte-del-historico-cantante\\\/#breadcrumb\",\"itemListElement\":[{\"@type\":\"ListItem\",\"position\":1,\"name\":\"Home\",\"item\":\"http:\\\/\\\/www.radiohorizonte.fm\\\/radio\\\/\"},{\"@type\":\"ListItem\",\"position\":2,\"name\":\"El emotivo recuerdo de Lady Gaga a Tony Bennett, a diez d\u00edas de la muerte del hist\u00f3rico cantante\"}]},{\"@type\":\"WebSite\",\"@id\":\"http:\\\/\\\/www.radiohorizonte.fm\\\/radio\\\/#website\",\"url\":\"http:\\\/\\\/www.radiohorizonte.fm\\\/radio\\\/\",\"name\":\"Horizonte\",\"description\":\"Radio Horizonte 106.1 - Una radio de clasicos\",\"publisher\":{\"@id\":\"http:\\\/\\\/www.radiohorizonte.fm\\\/radio\\\/#organization\"},\"potentialAction\":[{\"@type\":\"SearchAction\",\"target\":{\"@type\":\"EntryPoint\",\"urlTemplate\":\"http:\\\/\\\/www.radiohorizonte.fm\\\/radio\\\/?s={search_term_string}\"},\"query-input\":{\"@type\":\"PropertyValueSpecification\",\"valueRequired\":true,\"valueName\":\"search_term_string\"}}],\"inLanguage\":\"es-AR\"},{\"@type\":\"Organization\",\"@id\":\"http:\\\/\\\/www.radiohorizonte.fm\\\/radio\\\/#organization\",\"name\":\"Horizonte\",\"url\":\"http:\\\/\\\/www.radiohorizonte.fm\\\/radio\\\/\",\"logo\":{\"@type\":\"ImageObject\",\"inLanguage\":\"es-AR\",\"@id\":\"http:\\\/\\\/www.radiohorizonte.fm\\\/radio\\\/#\\\/schema\\\/logo\\\/image\\\/\",\"url\":\"http:\\\/\\\/www.radiohorizonte.fm\\\/radio\\\/wp-content\\\/uploads\\\/2025\\\/06\\\/Portada-FM-Horizonte_modelo-imagen-scaled.jpg\",\"contentUrl\":\"http:\\\/\\\/www.radiohorizonte.fm\\\/radio\\\/wp-content\\\/uploads\\\/2025\\\/06\\\/Portada-FM-Horizonte_modelo-imagen-scaled.jpg\",\"width\":2560,\"height\":1056,\"caption\":\"Horizonte\"},\"image\":{\"@id\":\"http:\\\/\\\/www.radiohorizonte.fm\\\/radio\\\/#\\\/schema\\\/logo\\\/image\\\/\"},\"sameAs\":[\"http:\\\/\\\/www.facebook.com\\\/HORIZONTE106.1\",\"https:\\\/\\\/x.com\\\/fmhorizonte1061\"]},{\"@type\":\"Person\",\"@id\":\"http:\\\/\\\/www.radiohorizonte.fm\\\/radio\\\/#\\\/schema\\\/person\\\/f8fa003a405bb86729fd87d15d0ddafa\",\"name\":\"Cristian Galarza\",\"image\":{\"@type\":\"ImageObject\",\"inLanguage\":\"es-AR\",\"@id\":\"https:\\\/\\\/secure.gravatar.com\\\/avatar\\\/fad34bc2c773209c05d7d53b08a69b680eeb55f3be014e52b31643d20ab65925?s=96&d=mm&r=g\",\"url\":\"https:\\\/\\\/secure.gravatar.com\\\/avatar\\\/fad34bc2c773209c05d7d53b08a69b680eeb55f3be014e52b31643d20ab65925?s=96&d=mm&r=g\",\"contentUrl\":\"https:\\\/\\\/secure.gravatar.com\\\/avatar\\\/fad34bc2c773209c05d7d53b08a69b680eeb55f3be014e52b31643d20ab65925?s=96&d=mm&r=g\",\"caption\":\"Cristian Galarza\"},\"url\":\"http:\\\/\\\/www.radiohorizonte.fm\\\/radio\\\/author\\\/cristian\\\/\"}]}<\/script>\n<!-- \/ Yoast SEO plugin. -->","yoast_head_json":{"title":"El emotivo recuerdo de Lady Gaga a Tony Bennett, a diez d\u00edas de la muerte del hist\u00f3rico cantante - Horizonte","robots":{"index":"index","follow":"follow","max-snippet":"max-snippet:-1","max-image-preview":"max-image-preview:large","max-video-preview":"max-video-preview:-1"},"canonical":"http:\/\/www.radiohorizonte.fm\/radio\/2023\/07\/31\/el-emotivo-recuerdo-de-lady-gaga-tony-bennett-diez-dias-de-la-muerte-del-historico-cantante\/","og_locale":"es_ES","og_type":"article","og_title":"El emotivo recuerdo de Lady Gaga a Tony Bennett, a diez d\u00edas de la muerte del hist\u00f3rico cantante - Horizonte","og_description":"La cantante escribi\u00f3 un conmovedor mensaje en sus redes sociales a\u00fan en shock por la p\u00e9rdida del legendario cantante A diez d\u00edas de la muerte de Tony Bennett, Lady Gaga le brind\u00f3 un homenaje a la leyenda de la m\u00fasica. A trav\u00e9s de un posteo de Instagram, la cantante le dedic\u00f3 unas dulces palabras a","og_url":"http:\/\/www.radiohorizonte.fm\/radio\/2023\/07\/31\/el-emotivo-recuerdo-de-lady-gaga-tony-bennett-diez-dias-de-la-muerte-del-historico-cantante\/","og_site_name":"Horizonte","article_publisher":"http:\/\/www.facebook.com\/HORIZONTE106.1","article_published_time":"2023-07-31T14:57:39+00:00","og_image":[{"width":880,"height":586,"url":"http:\/\/www.radiohorizonte.fm\/radio\/wp-content\/uploads\/2023\/07\/OJQBIVODEBDAHFHQJMOXON2S4Q-1.jpg","type":"image\/jpeg"}],"author":"Cristian Galarza","twitter_card":"summary_large_image","twitter_creator":"@fmhorizonte1061","twitter_site":"@fmhorizonte1061","twitter_misc":{"Escrito por":"Cristian Galarza","Tiempo de lectura":"4 minutos"},"schema":{"@context":"https:\/\/schema.org","@graph":[{"@type":"Article","@id":"http:\/\/www.radiohorizonte.fm\/radio\/2023\/07\/31\/el-emotivo-recuerdo-de-lady-gaga-tony-bennett-diez-dias-de-la-muerte-del-historico-cantante\/#article","isPartOf":{"@id":"http:\/\/www.radiohorizonte.fm\/radio\/2023\/07\/31\/el-emotivo-recuerdo-de-lady-gaga-tony-bennett-diez-dias-de-la-muerte-del-historico-cantante\/"},"author":{"name":"Cristian Galarza","@id":"http:\/\/www.radiohorizonte.fm\/radio\/#\/schema\/person\/f8fa003a405bb86729fd87d15d0ddafa"},"headline":"El emotivo recuerdo de Lady Gaga a Tony Bennett, a diez d\u00edas de la muerte del hist\u00f3rico cantante","datePublished":"2023-07-31T14:57:39+00:00","mainEntityOfPage":{"@id":"http:\/\/www.radiohorizonte.fm\/radio\/2023\/07\/31\/el-emotivo-recuerdo-de-lady-gaga-tony-bennett-diez-dias-de-la-muerte-del-historico-cantante\/"},"wordCount":875,"publisher":{"@id":"http:\/\/www.radiohorizonte.fm\/radio\/#organization"},"image":{"@id":"http:\/\/www.radiohorizonte.fm\/radio\/2023\/07\/31\/el-emotivo-recuerdo-de-lady-gaga-tony-bennett-diez-dias-de-la-muerte-del-historico-cantante\/#primaryimage"},"thumbnailUrl":"http:\/\/www.radiohorizonte.fm\/radio\/wp-content\/uploads\/2023\/07\/OJQBIVODEBDAHFHQJMOXON2S4Q-1.jpg","articleSection":["Infomusic"],"inLanguage":"es-AR"},{"@type":"WebPage","@id":"http:\/\/www.radiohorizonte.fm\/radio\/2023\/07\/31\/el-emotivo-recuerdo-de-lady-gaga-tony-bennett-diez-dias-de-la-muerte-del-historico-cantante\/","url":"http:\/\/www.radiohorizonte.fm\/radio\/2023\/07\/31\/el-emotivo-recuerdo-de-lady-gaga-tony-bennett-diez-dias-de-la-muerte-del-historico-cantante\/","name":"El emotivo recuerdo de Lady Gaga a Tony Bennett, a diez d\u00edas de la muerte del hist\u00f3rico cantante - Horizonte","isPartOf":{"@id":"http:\/\/www.radiohorizonte.fm\/radio\/#website"},"primaryImageOfPage":{"@id":"http:\/\/www.radiohorizonte.fm\/radio\/2023\/07\/31\/el-emotivo-recuerdo-de-lady-gaga-tony-bennett-diez-dias-de-la-muerte-del-historico-cantante\/#primaryimage"},"image":{"@id":"http:\/\/www.radiohorizonte.fm\/radio\/2023\/07\/31\/el-emotivo-recuerdo-de-lady-gaga-tony-bennett-diez-dias-de-la-muerte-del-historico-cantante\/#primaryimage"},"thumbnailUrl":"http:\/\/www.radiohorizonte.fm\/radio\/wp-content\/uploads\/2023\/07\/OJQBIVODEBDAHFHQJMOXON2S4Q-1.jpg","datePublished":"2023-07-31T14:57:39+00:00","breadcrumb":{"@id":"http:\/\/www.radiohorizonte.fm\/radio\/2023\/07\/31\/el-emotivo-recuerdo-de-lady-gaga-tony-bennett-diez-dias-de-la-muerte-del-historico-cantante\/#breadcrumb"},"inLanguage":"es-AR","potentialAction":[{"@type":"ReadAction","target":["http:\/\/www.radiohorizonte.fm\/radio\/2023\/07\/31\/el-emotivo-recuerdo-de-lady-gaga-tony-bennett-diez-dias-de-la-muerte-del-historico-cantante\/"]}]},{"@type":"ImageObject","inLanguage":"es-AR","@id":"http:\/\/www.radiohorizonte.fm\/radio\/2023\/07\/31\/el-emotivo-recuerdo-de-lady-gaga-tony-bennett-diez-dias-de-la-muerte-del-historico-cantante\/#primaryimage","url":"http:\/\/www.radiohorizonte.fm\/radio\/wp-content\/uploads\/2023\/07\/OJQBIVODEBDAHFHQJMOXON2S4Q-1.jpg","contentUrl":"http:\/\/www.radiohorizonte.fm\/radio\/wp-content\/uploads\/2023\/07\/OJQBIVODEBDAHFHQJMOXON2S4Q-1.jpg","width":880,"height":586},{"@type":"BreadcrumbList","@id":"http:\/\/www.radiohorizonte.fm\/radio\/2023\/07\/31\/el-emotivo-recuerdo-de-lady-gaga-tony-bennett-diez-dias-de-la-muerte-del-historico-cantante\/#breadcrumb","itemListElement":[{"@type":"ListItem","position":1,"name":"Home","item":"http:\/\/www.radiohorizonte.fm\/radio\/"},{"@type":"ListItem","position":2,"name":"El emotivo recuerdo de Lady Gaga a Tony Bennett, a diez d\u00edas de la muerte del hist\u00f3rico cantante"}]},{"@type":"WebSite","@id":"http:\/\/www.radiohorizonte.fm\/radio\/#website","url":"http:\/\/www.radiohorizonte.fm\/radio\/","name":"Horizonte","description":"Radio Horizonte 106.1 - Una radio de clasicos","publisher":{"@id":"http:\/\/www.radiohorizonte.fm\/radio\/#organization"},"potentialAction":[{"@type":"SearchAction","target":{"@type":"EntryPoint","urlTemplate":"http:\/\/www.radiohorizonte.fm\/radio\/?s={search_term_string}"},"query-input":{"@type":"PropertyValueSpecification","valueRequired":true,"valueName":"search_term_string"}}],"inLanguage":"es-AR"},{"@type":"Organization","@id":"http:\/\/www.radiohorizonte.fm\/radio\/#organization","name":"Horizonte","url":"http:\/\/www.radiohorizonte.fm\/radio\/","logo":{"@type":"ImageObject","inLanguage":"es-AR","@id":"http:\/\/www.radiohorizonte.fm\/radio\/#\/schema\/logo\/image\/","url":"http:\/\/www.radiohorizonte.fm\/radio\/wp-content\/uploads\/2025\/06\/Portada-FM-Horizonte_modelo-imagen-scaled.jpg","contentUrl":"http:\/\/www.radiohorizonte.fm\/radio\/wp-content\/uploads\/2025\/06\/Portada-FM-Horizonte_modelo-imagen-scaled.jpg","width":2560,"height":1056,"caption":"Horizonte"},"image":{"@id":"http:\/\/www.radiohorizonte.fm\/radio\/#\/schema\/logo\/image\/"},"sameAs":["http:\/\/www.facebook.com\/HORIZONTE106.1","https:\/\/x.com\/fmhorizonte1061"]},{"@type":"Person","@id":"http:\/\/www.radiohorizonte.fm\/radio\/#\/schema\/person\/f8fa003a405bb86729fd87d15d0ddafa","name":"Cristian Galarza","image":{"@type":"ImageObject","inLanguage":"es-AR","@id":"https:\/\/secure.gravatar.com\/avatar\/fad34bc2c773209c05d7d53b08a69b680eeb55f3be014e52b31643d20ab65925?s=96&d=mm&r=g","url":"https:\/\/secure.gravatar.com\/avatar\/fad34bc2c773209c05d7d53b08a69b680eeb55f3be014e52b31643d20ab65925?s=96&d=mm&r=g","contentUrl":"https:\/\/secure.gravatar.com\/avatar\/fad34bc2c773209c05d7d53b08a69b680eeb55f3be014e52b31643d20ab65925?s=96&d=mm&r=g","caption":"Cristian Galarza"},"url":"http:\/\/www.radiohorizonte.fm\/radio\/author\/cristian\/"}]}},"_links":{"self":[{"href":"http:\/\/www.radiohorizonte.fm\/radio\/wp-json\/wp\/v2\/posts\/41610","targetHints":{"allow":["GET"]}}],"collection":[{"href":"http:\/\/www.radiohorizonte.fm\/radio\/wp-json\/wp\/v2\/posts"}],"about":[{"href":"http:\/\/www.radiohorizonte.fm\/radio\/wp-json\/wp\/v2\/types\/post"}],"author":[{"embeddable":true,"href":"http:\/\/www.radiohorizonte.fm\/radio\/wp-json\/wp\/v2\/users\/2"}],"replies":[{"embeddable":true,"href":"http:\/\/www.radiohorizonte.fm\/radio\/wp-json\/wp\/v2\/comments?post=41610"}],"version-history":[{"count":1,"href":"http:\/\/www.radiohorizonte.fm\/radio\/wp-json\/wp\/v2\/posts\/41610\/revisions"}],"predecessor-version":[{"id":41612,"href":"http:\/\/www.radiohorizonte.fm\/radio\/wp-json\/wp\/v2\/posts\/41610\/revisions\/41612"}],"wp:featuredmedia":[{"embeddable":true,"href":"http:\/\/www.radiohorizonte.fm\/radio\/wp-json\/wp\/v2\/media\/41611"}],"wp:attachment":[{"href":"http:\/\/www.radiohorizonte.fm\/radio\/wp-json\/wp\/v2\/media?parent=41610"}],"wp:term":[{"taxonomy":"category","embeddable":true,"href":"http:\/\/www.radiohorizonte.fm\/radio\/wp-json\/wp\/v2\/categories?post=41610"},{"taxonomy":"post_tag","embeddable":true,"href":"http:\/\/www.radiohorizonte.fm\/radio\/wp-json\/wp\/v2\/tags?post=41610"}],"curies":[{"name":"wp","href":"https:\/\/api.w.org\/{rel}","templated":true}]}}