{"id":41614,"date":"2023-08-01T07:26:56","date_gmt":"2023-08-01T10:26:56","guid":{"rendered":"http:\/\/www.radiohorizonte.fm\/radio\/?p=41614"},"modified":"2023-08-01T07:26:56","modified_gmt":"2023-08-01T10:26:56","slug":"la-municipalidad-invita-vecinos-y-visitantes-degustar-cana-con-ruda","status":"publish","type":"post","link":"http:\/\/www.radiohorizonte.fm\/radio\/2023\/08\/01\/la-municipalidad-invita-vecinos-y-visitantes-degustar-cana-con-ruda\/","title":{"rendered":"La Municipalidad invita a vecinos y visitantes a degustar ca\u00f1a con ruda"},"content":{"rendered":"<p dir=\"ltr\"><em data-originalcomputedfontsize=\"12\" data-removefontsize=\"true\">Este 1 de agosto, como tradici\u00f3n ancestral, se deben beber unos tragos del l\u00edquido que ayuda a ahuyentar todos los males. Para dar a conocer los beneficios de esta bebida, desde la Municipalidad se invita a compartir en cuatro espacios diferentes con m\u00fasica, baile y la historia de esta costumbre.<\/em><\/p>\n<p dir=\"ltr\"><img loading=\"lazy\" decoding=\"async\" class=\"alignnone size-full wp-image-41615\" src=\"http:\/\/www.radiohorizonte.fm\/radio\/wp-content\/uploads\/2023\/08\/ce9f5680-74be-4a9a-8beb-3e1e23e44a6c.jpeg\" alt=\"\" width=\"848\" height=\"1060\" srcset=\"http:\/\/www.radiohorizonte.fm\/radio\/wp-content\/uploads\/2023\/08\/ce9f5680-74be-4a9a-8beb-3e1e23e44a6c.jpeg 848w, http:\/\/www.radiohorizonte.fm\/radio\/wp-content\/uploads\/2023\/08\/ce9f5680-74be-4a9a-8beb-3e1e23e44a6c-240x300.jpeg 240w, http:\/\/www.radiohorizonte.fm\/radio\/wp-content\/uploads\/2023\/08\/ce9f5680-74be-4a9a-8beb-3e1e23e44a6c-768x960.jpeg 768w, http:\/\/www.radiohorizonte.fm\/radio\/wp-content\/uploads\/2023\/08\/ce9f5680-74be-4a9a-8beb-3e1e23e44a6c-819x1024.jpeg 819w, http:\/\/www.radiohorizonte.fm\/radio\/wp-content\/uploads\/2023\/08\/ce9f5680-74be-4a9a-8beb-3e1e23e44a6c-300x375.jpeg 300w, http:\/\/www.radiohorizonte.fm\/radio\/wp-content\/uploads\/2023\/08\/ce9f5680-74be-4a9a-8beb-3e1e23e44a6c-52x65.jpeg 52w, http:\/\/www.radiohorizonte.fm\/radio\/wp-content\/uploads\/2023\/08\/ce9f5680-74be-4a9a-8beb-3e1e23e44a6c-160x200.jpeg 160w, http:\/\/www.radiohorizonte.fm\/radio\/wp-content\/uploads\/2023\/08\/ce9f5680-74be-4a9a-8beb-3e1e23e44a6c-68x85.jpeg 68w, http:\/\/www.radiohorizonte.fm\/radio\/wp-content\/uploads\/2023\/08\/ce9f5680-74be-4a9a-8beb-3e1e23e44a6c-100x125.jpeg 100w, http:\/\/www.radiohorizonte.fm\/radio\/wp-content\/uploads\/2023\/08\/ce9f5680-74be-4a9a-8beb-3e1e23e44a6c-72x90.jpeg 72w\" sizes=\"auto, (max-width: 848px) 100vw, 848px\" \/><\/p>\n<p dir=\"ltr\">Este martes 1 de agosto, de 8 a 11, en plazas y dependencias comunales ubicadas en distintos sectores de la ciudad, se ofrecer\u00e1 el brebaje a vecinos y turistas para revivir la tradicional costumbre guaran\u00edtica.<\/p>\n<p>Bajo el eslogan: \u201cCa\u00f1a con Ruda, ven\u00ed a compartir con nosotros esta celebraci\u00f3n\u201d, la secretar\u00eda de Cultura y Educaci\u00f3n de la Municipalidad invita a acercarse a la plaza Cabral (Jun\u00edn y San Lorenzo), plaza Vera (Jun\u00edn entre Rioja y San Juan), Casa Molinas (Pellegrini 937) y Casa del Bicentenario (Av. Laprida y Av. Caracas) a degustar este brebaje.<\/p>\n<p>La tradici\u00f3n de beber unos sorbos de ca\u00f1a con ruda el primer d\u00eda de agosto es una costumbre de origen de la regi\u00f3n, arraigada por cientos de a\u00f1os en la sociedad correntina, y la creencia sostiene que el brebaje ayuda a mantener la buena salud, porque espanta a los males y las enfermedades que suele traer consigo este duro mes.<\/p>\n<p>En la antig\u00fcedad, la ruda fue uno de los medicamentos m\u00e1s privilegiados. Los abor\u00edgenes preparaban una especie de licor con cha\u00f1ar, algarroba, patay o tunas y lo mezclaban con hierbas medicinales, la contrahierba. Esto fue expandi\u00e9ndose y casi religiosamente se cumple el rito de beberla. Se elabora d\u00edas antes y debe ingerirse como primer alimento del d\u00eda.<\/p>\n","protected":false},"excerpt":{"rendered":"<div class=\"post-excerpt\"><p>Este 1 de agosto, como tradici\u00f3n ancestral, se deben beber unos tragos del l\u00edquido que ayuda a ahuyentar todos los males. Para dar a conocer los beneficios de esta bebida, desde la Municipalidad se invita a compartir en cuatro espacios diferentes con m\u00fasica, baile y la historia de esta costumbre. Este martes 1 de agosto,<\/p>\n<\/div>","protected":false},"author":2,"featured_media":41615,"comment_status":"closed","ping_status":"closed","sticky":false,"template":"","format":"standard","meta":{"_acf_changed":false,"footnotes":""},"categories":[2],"tags":[],"class_list":["post-41614","post","type-post","status-publish","format-standard","has-post-thumbnail","hentry","category-noticias"],"acf":[],"yoast_head":"<!-- This site is optimized with the Yoast SEO plugin v28.1 - https:\/\/yoast.com\/product\/yoast-seo-wordpress\/ -->\n<title>La Municipalidad invita a vecinos y visitantes a degustar ca\u00f1a con ruda - Horizonte<\/title>\n<meta name=\"robots\" content=\"index, follow, max-snippet:-1, max-image-preview:large, max-video-preview:-1\" \/>\n<link rel=\"canonical\" href=\"https:\/\/www.radiohorizonte.fm\/radio\/2023\/08\/01\/la-municipalidad-invita-vecinos-y-visitantes-degustar-cana-con-ruda\/\" \/>\n<meta property=\"og:locale\" content=\"es_ES\" \/>\n<meta property=\"og:type\" content=\"article\" \/>\n<meta property=\"og:title\" content=\"La Municipalidad invita a vecinos y visitantes a degustar ca\u00f1a con ruda - Horizonte\" \/>\n<meta property=\"og:description\" content=\"Este 1 de agosto, como tradici\u00f3n ancestral, se deben beber unos tragos del l\u00edquido que ayuda a ahuyentar todos los males. Para dar a conocer los beneficios de esta bebida, desde la Municipalidad se invita a compartir en cuatro espacios diferentes con m\u00fasica, baile y la historia de esta costumbre. Este martes 1 de agosto,\" \/>\n<meta property=\"og:url\" content=\"https:\/\/www.radiohorizonte.fm\/radio\/2023\/08\/01\/la-municipalidad-invita-vecinos-y-visitantes-degustar-cana-con-ruda\/\" \/>\n<meta property=\"og:site_name\" content=\"Horizonte\" \/>\n<meta property=\"article:publisher\" content=\"http:\/\/www.facebook.com\/HORIZONTE106.1\" \/>\n<meta property=\"article:published_time\" content=\"2023-08-01T10:26:56+00:00\" \/>\n<meta property=\"og:image\" content=\"https:\/\/www.radiohorizonte.fm\/radio\/wp-content\/uploads\/2023\/08\/ce9f5680-74be-4a9a-8beb-3e1e23e44a6c.jpeg\" \/>\n\t<meta property=\"og:image:width\" content=\"848\" \/>\n\t<meta property=\"og:image:height\" content=\"1060\" \/>\n\t<meta property=\"og:image:type\" content=\"image\/jpeg\" \/>\n<meta name=\"author\" content=\"Cristian Galarza\" \/>\n<meta name=\"twitter:card\" content=\"summary_large_image\" \/>\n<meta name=\"twitter:creator\" content=\"@fmhorizonte1061\" \/>\n<meta name=\"twitter:site\" content=\"@fmhorizonte1061\" \/>\n<meta name=\"twitter:label1\" content=\"Escrito por\" \/>\n\t<meta name=\"twitter:data1\" content=\"Cristian Galarza\" \/>\n\t<meta name=\"twitter:label2\" content=\"Tiempo de lectura\" \/>\n\t<meta name=\"twitter:data2\" content=\"1 minuto\" \/>\n<script type=\"application\/ld+json\" class=\"yoast-schema-graph\">{\"@context\":\"https:\\\/\\\/schema.org\",\"@graph\":[{\"@type\":\"Article\",\"@id\":\"https:\\\/\\\/www.radiohorizonte.fm\\\/radio\\\/2023\\\/08\\\/01\\\/la-municipalidad-invita-vecinos-y-visitantes-degustar-cana-con-ruda\\\/#article\",\"isPartOf\":{\"@id\":\"https:\\\/\\\/www.radiohorizonte.fm\\\/radio\\\/2023\\\/08\\\/01\\\/la-municipalidad-invita-vecinos-y-visitantes-degustar-cana-con-ruda\\\/\"},\"author\":{\"name\":\"Cristian Galarza\",\"@id\":\"http:\\\/\\\/www.radiohorizonte.fm\\\/radio\\\/#\\\/schema\\\/person\\\/f8fa003a405bb86729fd87d15d0ddafa\"},\"headline\":\"La Municipalidad invita a vecinos y visitantes a degustar ca\u00f1a con ruda\",\"datePublished\":\"2023-08-01T10:26:56+00:00\",\"mainEntityOfPage\":{\"@id\":\"https:\\\/\\\/www.radiohorizonte.fm\\\/radio\\\/2023\\\/08\\\/01\\\/la-municipalidad-invita-vecinos-y-visitantes-degustar-cana-con-ruda\\\/\"},\"wordCount\":290,\"publisher\":{\"@id\":\"http:\\\/\\\/www.radiohorizonte.fm\\\/radio\\\/#organization\"},\"image\":{\"@id\":\"https:\\\/\\\/www.radiohorizonte.fm\\\/radio\\\/2023\\\/08\\\/01\\\/la-municipalidad-invita-vecinos-y-visitantes-degustar-cana-con-ruda\\\/#primaryimage\"},\"thumbnailUrl\":\"http:\\\/\\\/www.radiohorizonte.fm\\\/radio\\\/wp-content\\\/uploads\\\/2023\\\/08\\\/ce9f5680-74be-4a9a-8beb-3e1e23e44a6c.jpeg\",\"articleSection\":[\"Noticias\"],\"inLanguage\":\"es-AR\"},{\"@type\":\"WebPage\",\"@id\":\"https:\\\/\\\/www.radiohorizonte.fm\\\/radio\\\/2023\\\/08\\\/01\\\/la-municipalidad-invita-vecinos-y-visitantes-degustar-cana-con-ruda\\\/\",\"url\":\"https:\\\/\\\/www.radiohorizonte.fm\\\/radio\\\/2023\\\/08\\\/01\\\/la-municipalidad-invita-vecinos-y-visitantes-degustar-cana-con-ruda\\\/\",\"name\":\"La Municipalidad invita a vecinos y visitantes a degustar ca\u00f1a con ruda - Horizonte\",\"isPartOf\":{\"@id\":\"http:\\\/\\\/www.radiohorizonte.fm\\\/radio\\\/#website\"},\"primaryImageOfPage\":{\"@id\":\"https:\\\/\\\/www.radiohorizonte.fm\\\/radio\\\/2023\\\/08\\\/01\\\/la-municipalidad-invita-vecinos-y-visitantes-degustar-cana-con-ruda\\\/#primaryimage\"},\"image\":{\"@id\":\"https:\\\/\\\/www.radiohorizonte.fm\\\/radio\\\/2023\\\/08\\\/01\\\/la-municipalidad-invita-vecinos-y-visitantes-degustar-cana-con-ruda\\\/#primaryimage\"},\"thumbnailUrl\":\"http:\\\/\\\/www.radiohorizonte.fm\\\/radio\\\/wp-content\\\/uploads\\\/2023\\\/08\\\/ce9f5680-74be-4a9a-8beb-3e1e23e44a6c.jpeg\",\"datePublished\":\"2023-08-01T10:26:56+00:00\",\"breadcrumb\":{\"@id\":\"https:\\\/\\\/www.radiohorizonte.fm\\\/radio\\\/2023\\\/08\\\/01\\\/la-municipalidad-invita-vecinos-y-visitantes-degustar-cana-con-ruda\\\/#breadcrumb\"},\"inLanguage\":\"es-AR\",\"potentialAction\":[{\"@type\":\"ReadAction\",\"target\":[\"https:\\\/\\\/www.radiohorizonte.fm\\\/radio\\\/2023\\\/08\\\/01\\\/la-municipalidad-invita-vecinos-y-visitantes-degustar-cana-con-ruda\\\/\"]}]},{\"@type\":\"ImageObject\",\"inLanguage\":\"es-AR\",\"@id\":\"https:\\\/\\\/www.radiohorizonte.fm\\\/radio\\\/2023\\\/08\\\/01\\\/la-municipalidad-invita-vecinos-y-visitantes-degustar-cana-con-ruda\\\/#primaryimage\",\"url\":\"http:\\\/\\\/www.radiohorizonte.fm\\\/radio\\\/wp-content\\\/uploads\\\/2023\\\/08\\\/ce9f5680-74be-4a9a-8beb-3e1e23e44a6c.jpeg\",\"contentUrl\":\"http:\\\/\\\/www.radiohorizonte.fm\\\/radio\\\/wp-content\\\/uploads\\\/2023\\\/08\\\/ce9f5680-74be-4a9a-8beb-3e1e23e44a6c.jpeg\",\"width\":848,\"height\":1060},{\"@type\":\"BreadcrumbList\",\"@id\":\"https:\\\/\\\/www.radiohorizonte.fm\\\/radio\\\/2023\\\/08\\\/01\\\/la-municipalidad-invita-vecinos-y-visitantes-degustar-cana-con-ruda\\\/#breadcrumb\",\"itemListElement\":[{\"@type\":\"ListItem\",\"position\":1,\"name\":\"Home\",\"item\":\"http:\\\/\\\/www.radiohorizonte.fm\\\/radio\\\/\"},{\"@type\":\"ListItem\",\"position\":2,\"name\":\"La Municipalidad invita a vecinos y visitantes a degustar ca\u00f1a con ruda\"}]},{\"@type\":\"WebSite\",\"@id\":\"http:\\\/\\\/www.radiohorizonte.fm\\\/radio\\\/#website\",\"url\":\"http:\\\/\\\/www.radiohorizonte.fm\\\/radio\\\/\",\"name\":\"Horizonte\",\"description\":\"Radio Horizonte 106.1 - Una radio de clasicos\",\"publisher\":{\"@id\":\"http:\\\/\\\/www.radiohorizonte.fm\\\/radio\\\/#organization\"},\"potentialAction\":[{\"@type\":\"SearchAction\",\"target\":{\"@type\":\"EntryPoint\",\"urlTemplate\":\"http:\\\/\\\/www.radiohorizonte.fm\\\/radio\\\/?s={search_term_string}\"},\"query-input\":{\"@type\":\"PropertyValueSpecification\",\"valueRequired\":true,\"valueName\":\"search_term_string\"}}],\"inLanguage\":\"es-AR\"},{\"@type\":\"Organization\",\"@id\":\"http:\\\/\\\/www.radiohorizonte.fm\\\/radio\\\/#organization\",\"name\":\"Horizonte\",\"url\":\"http:\\\/\\\/www.radiohorizonte.fm\\\/radio\\\/\",\"logo\":{\"@type\":\"ImageObject\",\"inLanguage\":\"es-AR\",\"@id\":\"http:\\\/\\\/www.radiohorizonte.fm\\\/radio\\\/#\\\/schema\\\/logo\\\/image\\\/\",\"url\":\"http:\\\/\\\/www.radiohorizonte.fm\\\/radio\\\/wp-content\\\/uploads\\\/2025\\\/06\\\/Portada-FM-Horizonte_modelo-imagen-scaled.jpg\",\"contentUrl\":\"http:\\\/\\\/www.radiohorizonte.fm\\\/radio\\\/wp-content\\\/uploads\\\/2025\\\/06\\\/Portada-FM-Horizonte_modelo-imagen-scaled.jpg\",\"width\":2560,\"height\":1056,\"caption\":\"Horizonte\"},\"image\":{\"@id\":\"http:\\\/\\\/www.radiohorizonte.fm\\\/radio\\\/#\\\/schema\\\/logo\\\/image\\\/\"},\"sameAs\":[\"http:\\\/\\\/www.facebook.com\\\/HORIZONTE106.1\",\"https:\\\/\\\/x.com\\\/fmhorizonte1061\"]},{\"@type\":\"Person\",\"@id\":\"http:\\\/\\\/www.radiohorizonte.fm\\\/radio\\\/#\\\/schema\\\/person\\\/f8fa003a405bb86729fd87d15d0ddafa\",\"name\":\"Cristian Galarza\",\"image\":{\"@type\":\"ImageObject\",\"inLanguage\":\"es-AR\",\"@id\":\"https:\\\/\\\/secure.gravatar.com\\\/avatar\\\/fad34bc2c773209c05d7d53b08a69b680eeb55f3be014e52b31643d20ab65925?s=96&d=mm&r=g\",\"url\":\"https:\\\/\\\/secure.gravatar.com\\\/avatar\\\/fad34bc2c773209c05d7d53b08a69b680eeb55f3be014e52b31643d20ab65925?s=96&d=mm&r=g\",\"contentUrl\":\"https:\\\/\\\/secure.gravatar.com\\\/avatar\\\/fad34bc2c773209c05d7d53b08a69b680eeb55f3be014e52b31643d20ab65925?s=96&d=mm&r=g\",\"caption\":\"Cristian Galarza\"},\"url\":\"http:\\\/\\\/www.radiohorizonte.fm\\\/radio\\\/author\\\/cristian\\\/\"}]}<\/script>\n<!-- \/ Yoast SEO plugin. -->","yoast_head_json":{"title":"La Municipalidad invita a vecinos y visitantes a degustar ca\u00f1a con ruda - Horizonte","robots":{"index":"index","follow":"follow","max-snippet":"max-snippet:-1","max-image-preview":"max-image-preview:large","max-video-preview":"max-video-preview:-1"},"canonical":"https:\/\/www.radiohorizonte.fm\/radio\/2023\/08\/01\/la-municipalidad-invita-vecinos-y-visitantes-degustar-cana-con-ruda\/","og_locale":"es_ES","og_type":"article","og_title":"La Municipalidad invita a vecinos y visitantes a degustar ca\u00f1a con ruda - Horizonte","og_description":"Este 1 de agosto, como tradici\u00f3n ancestral, se deben beber unos tragos del l\u00edquido que ayuda a ahuyentar todos los males. Para dar a conocer los beneficios de esta bebida, desde la Municipalidad se invita a compartir en cuatro espacios diferentes con m\u00fasica, baile y la historia de esta costumbre. Este martes 1 de agosto,","og_url":"https:\/\/www.radiohorizonte.fm\/radio\/2023\/08\/01\/la-municipalidad-invita-vecinos-y-visitantes-degustar-cana-con-ruda\/","og_site_name":"Horizonte","article_publisher":"http:\/\/www.facebook.com\/HORIZONTE106.1","article_published_time":"2023-08-01T10:26:56+00:00","og_image":[{"width":848,"height":1060,"url":"https:\/\/www.radiohorizonte.fm\/radio\/wp-content\/uploads\/2023\/08\/ce9f5680-74be-4a9a-8beb-3e1e23e44a6c.jpeg","type":"image\/jpeg"}],"author":"Cristian Galarza","twitter_card":"summary_large_image","twitter_creator":"@fmhorizonte1061","twitter_site":"@fmhorizonte1061","twitter_misc":{"Escrito por":"Cristian Galarza","Tiempo de lectura":"1 minuto"},"schema":{"@context":"https:\/\/schema.org","@graph":[{"@type":"Article","@id":"https:\/\/www.radiohorizonte.fm\/radio\/2023\/08\/01\/la-municipalidad-invita-vecinos-y-visitantes-degustar-cana-con-ruda\/#article","isPartOf":{"@id":"https:\/\/www.radiohorizonte.fm\/radio\/2023\/08\/01\/la-municipalidad-invita-vecinos-y-visitantes-degustar-cana-con-ruda\/"},"author":{"name":"Cristian Galarza","@id":"http:\/\/www.radiohorizonte.fm\/radio\/#\/schema\/person\/f8fa003a405bb86729fd87d15d0ddafa"},"headline":"La Municipalidad invita a vecinos y visitantes a degustar ca\u00f1a con ruda","datePublished":"2023-08-01T10:26:56+00:00","mainEntityOfPage":{"@id":"https:\/\/www.radiohorizonte.fm\/radio\/2023\/08\/01\/la-municipalidad-invita-vecinos-y-visitantes-degustar-cana-con-ruda\/"},"wordCount":290,"publisher":{"@id":"http:\/\/www.radiohorizonte.fm\/radio\/#organization"},"image":{"@id":"https:\/\/www.radiohorizonte.fm\/radio\/2023\/08\/01\/la-municipalidad-invita-vecinos-y-visitantes-degustar-cana-con-ruda\/#primaryimage"},"thumbnailUrl":"http:\/\/www.radiohorizonte.fm\/radio\/wp-content\/uploads\/2023\/08\/ce9f5680-74be-4a9a-8beb-3e1e23e44a6c.jpeg","articleSection":["Noticias"],"inLanguage":"es-AR"},{"@type":"WebPage","@id":"https:\/\/www.radiohorizonte.fm\/radio\/2023\/08\/01\/la-municipalidad-invita-vecinos-y-visitantes-degustar-cana-con-ruda\/","url":"https:\/\/www.radiohorizonte.fm\/radio\/2023\/08\/01\/la-municipalidad-invita-vecinos-y-visitantes-degustar-cana-con-ruda\/","name":"La Municipalidad invita a vecinos y visitantes a degustar ca\u00f1a con ruda - Horizonte","isPartOf":{"@id":"http:\/\/www.radiohorizonte.fm\/radio\/#website"},"primaryImageOfPage":{"@id":"https:\/\/www.radiohorizonte.fm\/radio\/2023\/08\/01\/la-municipalidad-invita-vecinos-y-visitantes-degustar-cana-con-ruda\/#primaryimage"},"image":{"@id":"https:\/\/www.radiohorizonte.fm\/radio\/2023\/08\/01\/la-municipalidad-invita-vecinos-y-visitantes-degustar-cana-con-ruda\/#primaryimage"},"thumbnailUrl":"http:\/\/www.radiohorizonte.fm\/radio\/wp-content\/uploads\/2023\/08\/ce9f5680-74be-4a9a-8beb-3e1e23e44a6c.jpeg","datePublished":"2023-08-01T10:26:56+00:00","breadcrumb":{"@id":"https:\/\/www.radiohorizonte.fm\/radio\/2023\/08\/01\/la-municipalidad-invita-vecinos-y-visitantes-degustar-cana-con-ruda\/#breadcrumb"},"inLanguage":"es-AR","potentialAction":[{"@type":"ReadAction","target":["https:\/\/www.radiohorizonte.fm\/radio\/2023\/08\/01\/la-municipalidad-invita-vecinos-y-visitantes-degustar-cana-con-ruda\/"]}]},{"@type":"ImageObject","inLanguage":"es-AR","@id":"https:\/\/www.radiohorizonte.fm\/radio\/2023\/08\/01\/la-municipalidad-invita-vecinos-y-visitantes-degustar-cana-con-ruda\/#primaryimage","url":"http:\/\/www.radiohorizonte.fm\/radio\/wp-content\/uploads\/2023\/08\/ce9f5680-74be-4a9a-8beb-3e1e23e44a6c.jpeg","contentUrl":"http:\/\/www.radiohorizonte.fm\/radio\/wp-content\/uploads\/2023\/08\/ce9f5680-74be-4a9a-8beb-3e1e23e44a6c.jpeg","width":848,"height":1060},{"@type":"BreadcrumbList","@id":"https:\/\/www.radiohorizonte.fm\/radio\/2023\/08\/01\/la-municipalidad-invita-vecinos-y-visitantes-degustar-cana-con-ruda\/#breadcrumb","itemListElement":[{"@type":"ListItem","position":1,"name":"Home","item":"http:\/\/www.radiohorizonte.fm\/radio\/"},{"@type":"ListItem","position":2,"name":"La Municipalidad invita a vecinos y visitantes a degustar ca\u00f1a con ruda"}]},{"@type":"WebSite","@id":"http:\/\/www.radiohorizonte.fm\/radio\/#website","url":"http:\/\/www.radiohorizonte.fm\/radio\/","name":"Horizonte","description":"Radio Horizonte 106.1 - Una radio de clasicos","publisher":{"@id":"http:\/\/www.radiohorizonte.fm\/radio\/#organization"},"potentialAction":[{"@type":"SearchAction","target":{"@type":"EntryPoint","urlTemplate":"http:\/\/www.radiohorizonte.fm\/radio\/?s={search_term_string}"},"query-input":{"@type":"PropertyValueSpecification","valueRequired":true,"valueName":"search_term_string"}}],"inLanguage":"es-AR"},{"@type":"Organization","@id":"http:\/\/www.radiohorizonte.fm\/radio\/#organization","name":"Horizonte","url":"http:\/\/www.radiohorizonte.fm\/radio\/","logo":{"@type":"ImageObject","inLanguage":"es-AR","@id":"http:\/\/www.radiohorizonte.fm\/radio\/#\/schema\/logo\/image\/","url":"http:\/\/www.radiohorizonte.fm\/radio\/wp-content\/uploads\/2025\/06\/Portada-FM-Horizonte_modelo-imagen-scaled.jpg","contentUrl":"http:\/\/www.radiohorizonte.fm\/radio\/wp-content\/uploads\/2025\/06\/Portada-FM-Horizonte_modelo-imagen-scaled.jpg","width":2560,"height":1056,"caption":"Horizonte"},"image":{"@id":"http:\/\/www.radiohorizonte.fm\/radio\/#\/schema\/logo\/image\/"},"sameAs":["http:\/\/www.facebook.com\/HORIZONTE106.1","https:\/\/x.com\/fmhorizonte1061"]},{"@type":"Person","@id":"http:\/\/www.radiohorizonte.fm\/radio\/#\/schema\/person\/f8fa003a405bb86729fd87d15d0ddafa","name":"Cristian Galarza","image":{"@type":"ImageObject","inLanguage":"es-AR","@id":"https:\/\/secure.gravatar.com\/avatar\/fad34bc2c773209c05d7d53b08a69b680eeb55f3be014e52b31643d20ab65925?s=96&d=mm&r=g","url":"https:\/\/secure.gravatar.com\/avatar\/fad34bc2c773209c05d7d53b08a69b680eeb55f3be014e52b31643d20ab65925?s=96&d=mm&r=g","contentUrl":"https:\/\/secure.gravatar.com\/avatar\/fad34bc2c773209c05d7d53b08a69b680eeb55f3be014e52b31643d20ab65925?s=96&d=mm&r=g","caption":"Cristian Galarza"},"url":"http:\/\/www.radiohorizonte.fm\/radio\/author\/cristian\/"}]}},"_links":{"self":[{"href":"http:\/\/www.radiohorizonte.fm\/radio\/wp-json\/wp\/v2\/posts\/41614","targetHints":{"allow":["GET"]}}],"collection":[{"href":"http:\/\/www.radiohorizonte.fm\/radio\/wp-json\/wp\/v2\/posts"}],"about":[{"href":"http:\/\/www.radiohorizonte.fm\/radio\/wp-json\/wp\/v2\/types\/post"}],"author":[{"embeddable":true,"href":"http:\/\/www.radiohorizonte.fm\/radio\/wp-json\/wp\/v2\/users\/2"}],"replies":[{"embeddable":true,"href":"http:\/\/www.radiohorizonte.fm\/radio\/wp-json\/wp\/v2\/comments?post=41614"}],"version-history":[{"count":1,"href":"http:\/\/www.radiohorizonte.fm\/radio\/wp-json\/wp\/v2\/posts\/41614\/revisions"}],"predecessor-version":[{"id":41616,"href":"http:\/\/www.radiohorizonte.fm\/radio\/wp-json\/wp\/v2\/posts\/41614\/revisions\/41616"}],"wp:featuredmedia":[{"embeddable":true,"href":"http:\/\/www.radiohorizonte.fm\/radio\/wp-json\/wp\/v2\/media\/41615"}],"wp:attachment":[{"href":"http:\/\/www.radiohorizonte.fm\/radio\/wp-json\/wp\/v2\/media?parent=41614"}],"wp:term":[{"taxonomy":"category","embeddable":true,"href":"http:\/\/www.radiohorizonte.fm\/radio\/wp-json\/wp\/v2\/categories?post=41614"},{"taxonomy":"post_tag","embeddable":true,"href":"http:\/\/www.radiohorizonte.fm\/radio\/wp-json\/wp\/v2\/tags?post=41614"}],"curies":[{"name":"wp","href":"https:\/\/api.w.org\/{rel}","templated":true}]}}