{"id":41617,"date":"2023-08-01T07:39:01","date_gmt":"2023-08-01T10:39:01","guid":{"rendered":"http:\/\/www.radiohorizonte.fm\/radio\/?p=41617"},"modified":"2023-08-01T07:39:01","modified_gmt":"2023-08-01T10:39:01","slug":"cana-con-ruda-que-es-como-se-prepara-y-por-que-se-toma-el-1-de-agosto","status":"publish","type":"post","link":"http:\/\/www.radiohorizonte.fm\/radio\/2023\/08\/01\/cana-con-ruda-que-es-como-se-prepara-y-por-que-se-toma-el-1-de-agosto\/","title":{"rendered":"Ca\u00f1a con ruda: qu\u00e9 es, c\u00f3mo se prepara y por qu\u00e9 se toma el 1\u00b0 de agosto"},"content":{"rendered":"<p class=\"description\">Uno de los rituales m\u00e1s populares para agradecer y pedir prosperidad y salud en el D\u00eda de la Pachamama es el de la ca\u00f1a con ruda. \u00bfQu\u00e9 es, para qu\u00e9 sirve y cu\u00e1ndo se toma?<\/p>\n<div id=\"content-media\" class=\"media\">\u00a0<img loading=\"lazy\" decoding=\"async\" class=\"alignnone size-full wp-image-41618\" src=\"http:\/\/www.radiohorizonte.fm\/radio\/wp-content\/uploads\/2023\/08\/62e55245db12d.jpg\" alt=\"\" width=\"810\" height=\"450\" srcset=\"http:\/\/www.radiohorizonte.fm\/radio\/wp-content\/uploads\/2023\/08\/62e55245db12d.jpg 810w, http:\/\/www.radiohorizonte.fm\/radio\/wp-content\/uploads\/2023\/08\/62e55245db12d-300x167.jpg 300w, http:\/\/www.radiohorizonte.fm\/radio\/wp-content\/uploads\/2023\/08\/62e55245db12d-768x427.jpg 768w, http:\/\/www.radiohorizonte.fm\/radio\/wp-content\/uploads\/2023\/08\/62e55245db12d-65x36.jpg 65w, http:\/\/www.radiohorizonte.fm\/radio\/wp-content\/uploads\/2023\/08\/62e55245db12d-320x178.jpg 320w, http:\/\/www.radiohorizonte.fm\/radio\/wp-content\/uploads\/2023\/08\/62e55245db12d-85x47.jpg 85w, http:\/\/www.radiohorizonte.fm\/radio\/wp-content\/uploads\/2023\/08\/62e55245db12d-220x122.jpg 220w, http:\/\/www.radiohorizonte.fm\/radio\/wp-content\/uploads\/2023\/08\/62e55245db12d-90x50.jpg 90w\" sizes=\"auto, (max-width: 810px) 100vw, 810px\" \/><\/div>\n<div><\/div>\n<p>El 1\u00b0 de agosto es el D\u00eda de la Pachamama, una festividad para agradecer, pedir y bendecir los frutos que nos ofrenda la Madre Tierra. Uno de los rituales m\u00e1s populares para cumplir en este d\u00eda es el de la ca\u00f1a con ruda.<\/p>\n<p>La tradici\u00f3n de tomar ca\u00f1a con ruda el primer d\u00eda de agosto es ancestral y viene de los pueblos originarios. Naci\u00f3 en el Litoral y el Norte de la Argentina, y si bien cada regi\u00f3n tiene sus festejos y rituales caracter\u00edsticos, hoy se extendi\u00f3 a todo el pa\u00eds.<\/p>\n<p>La receta de la ca\u00f1a con ruda es muy f\u00e1cil de hacer. Se cree que cumplir con este ritual atrae la salud y la suerte y aleja la envidia y los maleficios.<\/p>\n<p> Ca\u00f1a con ruda: \u00bfqu\u00e9 es y c\u00f3mo se toma?<\/p>\n<p>La ca\u00f1a con ruda se debe tomar en ayunas para limpiar el cuerpo (f\u00edsico y espiritual) de todo lo que se quiere dejar atr\u00e1s. Para cumplir el ritual, hay que seguir estos tres pasos:<\/p>\n<p>Tomarla en 3 sorbos, 7 sorbos o de un solo trago.<br \/>\nEchar un chorrito del brebaje en la tierra (que puede ser una maceta), para &#8216;convidar&#8217; a la Pachamama.<br \/>\nDecir &#8220;kusiya, kusiya&#8221;, que en aymar\u00e1 significa &#8220;ayudame, ayudame&#8221;.<\/p>\n<p>Receta de la ca\u00f1a con ruda: \u00bfc\u00f3mo se prepara?<\/p>\n<p>La ca\u00f1a con ruda se puede comprar o hacer de manera casera en casa, ya que es la mezcla de ca\u00f1a blanca o ginebra con hojas de ruda macho, dos ingredientes que se pueden conseguir de manera f\u00e1ci.<\/p>\n<p>Poner ca\u00f1a o ginebra en una botella limpia y de vidrio transparente  hasta 3\/4 de su capacidad<br \/>\nSumarle hojas o ramitas de ruda macho, que se consigue en verduler\u00edas y viveros en formato de plantines, como otras arom\u00e1ticas.<br \/>\nTapar la botella y dejarla macerar en lugar oscuro y fresco. Cuanto m\u00e1s tiempo, m\u00e1s sabor a ruda tendr\u00e1, porque el alcohol ir\u00e1 extrayendo los aceites de la planta.<br \/>\nLa ca\u00f1a con ruda se conserva de forma segura por un a\u00f1o como m\u00ednimo. Es normal que la rama o las hojas vayan perdiendo su color verde intenso, as\u00ed como que la ca\u00f1a se vaya volviendo color \u00e1mbar.<\/p>\n<p>Ca\u00f1a con ruda: \u00bfpara qu\u00e9 sirve?<\/p>\n<p>La ca\u00f1a con ruda es una tradici\u00f3n milenaria que proviene de los pueblos originarios de Am\u00e9rica, que reconoc\u00edan en la ruda m\u00faltiples propiedades medicinales contra par\u00e1sitos y malestares gastrointestinales, adem\u00e1s de su uso para calmar el ardor y la irritaci\u00f3n de picaduras de bichos y alima\u00f1as.<\/p>\n<p>Como en agosto se produc\u00edan grandes lluvias, que junto al fr\u00edo causaban muchas muertes en la poblaci\u00f3n y en el ganado, crearon este remedio natural donde se mezcla la ca\u00f1a con la ruda para superar estos problemas.<\/p>\n<p>\u00bfC\u00f3mo naci\u00f3 el ritual de la ca\u00f1a con ruda?<br \/>\nOriginalmente se utilizaban licores fabricados con cha\u00f1ar, patay, tunas o algarroba, a los que se les agregaba la contrayerba o hierbas medicinales. Con la llegada de los europeos, los componentes fueron mutando hasta conformar la receta que hoy conocemos.<\/p>\n<p>A esta combinaci\u00f3n de planta y bebida, el imaginario guaran\u00ed le fue adjudicando propiedades y virtudes. De all\u00ed deriv\u00f3 la creencia popular que considera a la ca\u00f1a con ruda como un conjuro contra la envidia y la mala suerte. Este brebaje se consume &#8220;para espantar los males del invierno&#8221;.<\/p>\n<p>\u00bfCu\u00e1ndo se toma y por qu\u00e9 debe ser el 1\u00b0 de agosto?<\/p>\n<p>La celebraci\u00f3n no tiene una fecha aleatoria, sino que simboliza el momento en que se inicia la temporada de lluvias o el fin de la \u00e9poca seca y se realiza en agradecimiento a la fertilidad de la tierra, la cosecha y el buen tiempo.<\/p>\n<p>Si bien la tradici\u00f3n dicta que hay que tomarlo el primero de agosto, aquellos que se olviden o no alcancen a hacerlo, tienen la oportunidad de hacerlo hasta el 15 del mes. <\/p>\n","protected":false},"excerpt":{"rendered":"<div class=\"post-excerpt\"><p>Uno de los rituales m\u00e1s populares para agradecer y pedir prosperidad y salud en el D\u00eda de la Pachamama es el de la ca\u00f1a con ruda. \u00bfQu\u00e9 es, para qu\u00e9 sirve y cu\u00e1ndo se toma? \u00a0 El 1\u00b0 de agosto es el D\u00eda de la Pachamama, una festividad para agradecer, pedir y bendecir los frutos<\/p>\n<\/div>","protected":false},"author":2,"featured_media":41618,"comment_status":"closed","ping_status":"closed","sticky":false,"template":"","format":"standard","meta":{"_acf_changed":false,"footnotes":""},"categories":[2],"tags":[],"class_list":["post-41617","post","type-post","status-publish","format-standard","has-post-thumbnail","hentry","category-noticias"],"acf":[],"yoast_head":"<!-- This site is optimized with the Yoast SEO plugin v28.1 - https:\/\/yoast.com\/product\/yoast-seo-wordpress\/ -->\n<title>Ca\u00f1a con ruda: qu\u00e9 es, c\u00f3mo se prepara y por qu\u00e9 se toma el 1\u00b0 de agosto - Horizonte<\/title>\n<meta name=\"robots\" content=\"index, follow, max-snippet:-1, max-image-preview:large, max-video-preview:-1\" \/>\n<link rel=\"canonical\" href=\"https:\/\/www.radiohorizonte.fm\/radio\/2023\/08\/01\/cana-con-ruda-que-es-como-se-prepara-y-por-que-se-toma-el-1-de-agosto\/\" \/>\n<meta property=\"og:locale\" content=\"es_ES\" \/>\n<meta property=\"og:type\" content=\"article\" \/>\n<meta property=\"og:title\" content=\"Ca\u00f1a con ruda: qu\u00e9 es, c\u00f3mo se prepara y por qu\u00e9 se toma el 1\u00b0 de agosto - Horizonte\" \/>\n<meta property=\"og:description\" content=\"Uno de los rituales m\u00e1s populares para agradecer y pedir prosperidad y salud en el D\u00eda de la Pachamama es el de la ca\u00f1a con ruda. \u00bfQu\u00e9 es, para qu\u00e9 sirve y cu\u00e1ndo se toma? \u00a0 El 1\u00b0 de agosto es el D\u00eda de la Pachamama, una festividad para agradecer, pedir y bendecir los frutos\" \/>\n<meta property=\"og:url\" content=\"https:\/\/www.radiohorizonte.fm\/radio\/2023\/08\/01\/cana-con-ruda-que-es-como-se-prepara-y-por-que-se-toma-el-1-de-agosto\/\" \/>\n<meta property=\"og:site_name\" content=\"Horizonte\" \/>\n<meta property=\"article:publisher\" content=\"http:\/\/www.facebook.com\/HORIZONTE106.1\" \/>\n<meta property=\"article:published_time\" content=\"2023-08-01T10:39:01+00:00\" \/>\n<meta property=\"og:image\" content=\"https:\/\/www.radiohorizonte.fm\/radio\/wp-content\/uploads\/2023\/08\/62e55245db12d.jpg\" \/>\n\t<meta property=\"og:image:width\" content=\"810\" \/>\n\t<meta property=\"og:image:height\" content=\"450\" \/>\n\t<meta property=\"og:image:type\" content=\"image\/jpeg\" \/>\n<meta name=\"author\" content=\"Cristian Galarza\" \/>\n<meta name=\"twitter:card\" content=\"summary_large_image\" \/>\n<meta name=\"twitter:creator\" content=\"@fmhorizonte1061\" \/>\n<meta name=\"twitter:site\" content=\"@fmhorizonte1061\" \/>\n<meta name=\"twitter:label1\" content=\"Escrito por\" \/>\n\t<meta name=\"twitter:data1\" content=\"Cristian Galarza\" \/>\n\t<meta name=\"twitter:label2\" content=\"Tiempo de lectura\" \/>\n\t<meta name=\"twitter:data2\" content=\"4 minutos\" \/>\n<script type=\"application\/ld+json\" class=\"yoast-schema-graph\">{\"@context\":\"https:\\\/\\\/schema.org\",\"@graph\":[{\"@type\":\"Article\",\"@id\":\"https:\\\/\\\/www.radiohorizonte.fm\\\/radio\\\/2023\\\/08\\\/01\\\/cana-con-ruda-que-es-como-se-prepara-y-por-que-se-toma-el-1-de-agosto\\\/#article\",\"isPartOf\":{\"@id\":\"https:\\\/\\\/www.radiohorizonte.fm\\\/radio\\\/2023\\\/08\\\/01\\\/cana-con-ruda-que-es-como-se-prepara-y-por-que-se-toma-el-1-de-agosto\\\/\"},\"author\":{\"name\":\"Cristian Galarza\",\"@id\":\"http:\\\/\\\/www.radiohorizonte.fm\\\/radio\\\/#\\\/schema\\\/person\\\/f8fa003a405bb86729fd87d15d0ddafa\"},\"headline\":\"Ca\u00f1a con ruda: qu\u00e9 es, c\u00f3mo se prepara y por qu\u00e9 se toma el 1\u00b0 de agosto\",\"datePublished\":\"2023-08-01T10:39:01+00:00\",\"mainEntityOfPage\":{\"@id\":\"https:\\\/\\\/www.radiohorizonte.fm\\\/radio\\\/2023\\\/08\\\/01\\\/cana-con-ruda-que-es-como-se-prepara-y-por-que-se-toma-el-1-de-agosto\\\/\"},\"wordCount\":734,\"publisher\":{\"@id\":\"http:\\\/\\\/www.radiohorizonte.fm\\\/radio\\\/#organization\"},\"image\":{\"@id\":\"https:\\\/\\\/www.radiohorizonte.fm\\\/radio\\\/2023\\\/08\\\/01\\\/cana-con-ruda-que-es-como-se-prepara-y-por-que-se-toma-el-1-de-agosto\\\/#primaryimage\"},\"thumbnailUrl\":\"http:\\\/\\\/www.radiohorizonte.fm\\\/radio\\\/wp-content\\\/uploads\\\/2023\\\/08\\\/62e55245db12d.jpg\",\"articleSection\":[\"Noticias\"],\"inLanguage\":\"es-AR\"},{\"@type\":\"WebPage\",\"@id\":\"https:\\\/\\\/www.radiohorizonte.fm\\\/radio\\\/2023\\\/08\\\/01\\\/cana-con-ruda-que-es-como-se-prepara-y-por-que-se-toma-el-1-de-agosto\\\/\",\"url\":\"https:\\\/\\\/www.radiohorizonte.fm\\\/radio\\\/2023\\\/08\\\/01\\\/cana-con-ruda-que-es-como-se-prepara-y-por-que-se-toma-el-1-de-agosto\\\/\",\"name\":\"Ca\u00f1a con ruda: qu\u00e9 es, c\u00f3mo se prepara y por qu\u00e9 se toma el 1\u00b0 de agosto - Horizonte\",\"isPartOf\":{\"@id\":\"http:\\\/\\\/www.radiohorizonte.fm\\\/radio\\\/#website\"},\"primaryImageOfPage\":{\"@id\":\"https:\\\/\\\/www.radiohorizonte.fm\\\/radio\\\/2023\\\/08\\\/01\\\/cana-con-ruda-que-es-como-se-prepara-y-por-que-se-toma-el-1-de-agosto\\\/#primaryimage\"},\"image\":{\"@id\":\"https:\\\/\\\/www.radiohorizonte.fm\\\/radio\\\/2023\\\/08\\\/01\\\/cana-con-ruda-que-es-como-se-prepara-y-por-que-se-toma-el-1-de-agosto\\\/#primaryimage\"},\"thumbnailUrl\":\"http:\\\/\\\/www.radiohorizonte.fm\\\/radio\\\/wp-content\\\/uploads\\\/2023\\\/08\\\/62e55245db12d.jpg\",\"datePublished\":\"2023-08-01T10:39:01+00:00\",\"breadcrumb\":{\"@id\":\"https:\\\/\\\/www.radiohorizonte.fm\\\/radio\\\/2023\\\/08\\\/01\\\/cana-con-ruda-que-es-como-se-prepara-y-por-que-se-toma-el-1-de-agosto\\\/#breadcrumb\"},\"inLanguage\":\"es-AR\",\"potentialAction\":[{\"@type\":\"ReadAction\",\"target\":[\"https:\\\/\\\/www.radiohorizonte.fm\\\/radio\\\/2023\\\/08\\\/01\\\/cana-con-ruda-que-es-como-se-prepara-y-por-que-se-toma-el-1-de-agosto\\\/\"]}]},{\"@type\":\"ImageObject\",\"inLanguage\":\"es-AR\",\"@id\":\"https:\\\/\\\/www.radiohorizonte.fm\\\/radio\\\/2023\\\/08\\\/01\\\/cana-con-ruda-que-es-como-se-prepara-y-por-que-se-toma-el-1-de-agosto\\\/#primaryimage\",\"url\":\"http:\\\/\\\/www.radiohorizonte.fm\\\/radio\\\/wp-content\\\/uploads\\\/2023\\\/08\\\/62e55245db12d.jpg\",\"contentUrl\":\"http:\\\/\\\/www.radiohorizonte.fm\\\/radio\\\/wp-content\\\/uploads\\\/2023\\\/08\\\/62e55245db12d.jpg\",\"width\":810,\"height\":450},{\"@type\":\"BreadcrumbList\",\"@id\":\"https:\\\/\\\/www.radiohorizonte.fm\\\/radio\\\/2023\\\/08\\\/01\\\/cana-con-ruda-que-es-como-se-prepara-y-por-que-se-toma-el-1-de-agosto\\\/#breadcrumb\",\"itemListElement\":[{\"@type\":\"ListItem\",\"position\":1,\"name\":\"Home\",\"item\":\"http:\\\/\\\/www.radiohorizonte.fm\\\/radio\\\/\"},{\"@type\":\"ListItem\",\"position\":2,\"name\":\"Ca\u00f1a con ruda: qu\u00e9 es, c\u00f3mo se prepara y por qu\u00e9 se toma el 1\u00b0 de agosto\"}]},{\"@type\":\"WebSite\",\"@id\":\"http:\\\/\\\/www.radiohorizonte.fm\\\/radio\\\/#website\",\"url\":\"http:\\\/\\\/www.radiohorizonte.fm\\\/radio\\\/\",\"name\":\"Horizonte\",\"description\":\"Radio Horizonte 106.1 - Una radio de clasicos\",\"publisher\":{\"@id\":\"http:\\\/\\\/www.radiohorizonte.fm\\\/radio\\\/#organization\"},\"potentialAction\":[{\"@type\":\"SearchAction\",\"target\":{\"@type\":\"EntryPoint\",\"urlTemplate\":\"http:\\\/\\\/www.radiohorizonte.fm\\\/radio\\\/?s={search_term_string}\"},\"query-input\":{\"@type\":\"PropertyValueSpecification\",\"valueRequired\":true,\"valueName\":\"search_term_string\"}}],\"inLanguage\":\"es-AR\"},{\"@type\":\"Organization\",\"@id\":\"http:\\\/\\\/www.radiohorizonte.fm\\\/radio\\\/#organization\",\"name\":\"Horizonte\",\"url\":\"http:\\\/\\\/www.radiohorizonte.fm\\\/radio\\\/\",\"logo\":{\"@type\":\"ImageObject\",\"inLanguage\":\"es-AR\",\"@id\":\"http:\\\/\\\/www.radiohorizonte.fm\\\/radio\\\/#\\\/schema\\\/logo\\\/image\\\/\",\"url\":\"http:\\\/\\\/www.radiohorizonte.fm\\\/radio\\\/wp-content\\\/uploads\\\/2025\\\/06\\\/Portada-FM-Horizonte_modelo-imagen-scaled.jpg\",\"contentUrl\":\"http:\\\/\\\/www.radiohorizonte.fm\\\/radio\\\/wp-content\\\/uploads\\\/2025\\\/06\\\/Portada-FM-Horizonte_modelo-imagen-scaled.jpg\",\"width\":2560,\"height\":1056,\"caption\":\"Horizonte\"},\"image\":{\"@id\":\"http:\\\/\\\/www.radiohorizonte.fm\\\/radio\\\/#\\\/schema\\\/logo\\\/image\\\/\"},\"sameAs\":[\"http:\\\/\\\/www.facebook.com\\\/HORIZONTE106.1\",\"https:\\\/\\\/x.com\\\/fmhorizonte1061\"]},{\"@type\":\"Person\",\"@id\":\"http:\\\/\\\/www.radiohorizonte.fm\\\/radio\\\/#\\\/schema\\\/person\\\/f8fa003a405bb86729fd87d15d0ddafa\",\"name\":\"Cristian Galarza\",\"image\":{\"@type\":\"ImageObject\",\"inLanguage\":\"es-AR\",\"@id\":\"https:\\\/\\\/secure.gravatar.com\\\/avatar\\\/fad34bc2c773209c05d7d53b08a69b680eeb55f3be014e52b31643d20ab65925?s=96&d=mm&r=g\",\"url\":\"https:\\\/\\\/secure.gravatar.com\\\/avatar\\\/fad34bc2c773209c05d7d53b08a69b680eeb55f3be014e52b31643d20ab65925?s=96&d=mm&r=g\",\"contentUrl\":\"https:\\\/\\\/secure.gravatar.com\\\/avatar\\\/fad34bc2c773209c05d7d53b08a69b680eeb55f3be014e52b31643d20ab65925?s=96&d=mm&r=g\",\"caption\":\"Cristian Galarza\"},\"url\":\"http:\\\/\\\/www.radiohorizonte.fm\\\/radio\\\/author\\\/cristian\\\/\"}]}<\/script>\n<!-- \/ Yoast SEO plugin. -->","yoast_head_json":{"title":"Ca\u00f1a con ruda: qu\u00e9 es, c\u00f3mo se prepara y por qu\u00e9 se toma el 1\u00b0 de agosto - Horizonte","robots":{"index":"index","follow":"follow","max-snippet":"max-snippet:-1","max-image-preview":"max-image-preview:large","max-video-preview":"max-video-preview:-1"},"canonical":"https:\/\/www.radiohorizonte.fm\/radio\/2023\/08\/01\/cana-con-ruda-que-es-como-se-prepara-y-por-que-se-toma-el-1-de-agosto\/","og_locale":"es_ES","og_type":"article","og_title":"Ca\u00f1a con ruda: qu\u00e9 es, c\u00f3mo se prepara y por qu\u00e9 se toma el 1\u00b0 de agosto - Horizonte","og_description":"Uno de los rituales m\u00e1s populares para agradecer y pedir prosperidad y salud en el D\u00eda de la Pachamama es el de la ca\u00f1a con ruda. \u00bfQu\u00e9 es, para qu\u00e9 sirve y cu\u00e1ndo se toma? \u00a0 El 1\u00b0 de agosto es el D\u00eda de la Pachamama, una festividad para agradecer, pedir y bendecir los frutos","og_url":"https:\/\/www.radiohorizonte.fm\/radio\/2023\/08\/01\/cana-con-ruda-que-es-como-se-prepara-y-por-que-se-toma-el-1-de-agosto\/","og_site_name":"Horizonte","article_publisher":"http:\/\/www.facebook.com\/HORIZONTE106.1","article_published_time":"2023-08-01T10:39:01+00:00","og_image":[{"width":810,"height":450,"url":"https:\/\/www.radiohorizonte.fm\/radio\/wp-content\/uploads\/2023\/08\/62e55245db12d.jpg","type":"image\/jpeg"}],"author":"Cristian Galarza","twitter_card":"summary_large_image","twitter_creator":"@fmhorizonte1061","twitter_site":"@fmhorizonte1061","twitter_misc":{"Escrito por":"Cristian Galarza","Tiempo de lectura":"4 minutos"},"schema":{"@context":"https:\/\/schema.org","@graph":[{"@type":"Article","@id":"https:\/\/www.radiohorizonte.fm\/radio\/2023\/08\/01\/cana-con-ruda-que-es-como-se-prepara-y-por-que-se-toma-el-1-de-agosto\/#article","isPartOf":{"@id":"https:\/\/www.radiohorizonte.fm\/radio\/2023\/08\/01\/cana-con-ruda-que-es-como-se-prepara-y-por-que-se-toma-el-1-de-agosto\/"},"author":{"name":"Cristian Galarza","@id":"http:\/\/www.radiohorizonte.fm\/radio\/#\/schema\/person\/f8fa003a405bb86729fd87d15d0ddafa"},"headline":"Ca\u00f1a con ruda: qu\u00e9 es, c\u00f3mo se prepara y por qu\u00e9 se toma el 1\u00b0 de agosto","datePublished":"2023-08-01T10:39:01+00:00","mainEntityOfPage":{"@id":"https:\/\/www.radiohorizonte.fm\/radio\/2023\/08\/01\/cana-con-ruda-que-es-como-se-prepara-y-por-que-se-toma-el-1-de-agosto\/"},"wordCount":734,"publisher":{"@id":"http:\/\/www.radiohorizonte.fm\/radio\/#organization"},"image":{"@id":"https:\/\/www.radiohorizonte.fm\/radio\/2023\/08\/01\/cana-con-ruda-que-es-como-se-prepara-y-por-que-se-toma-el-1-de-agosto\/#primaryimage"},"thumbnailUrl":"http:\/\/www.radiohorizonte.fm\/radio\/wp-content\/uploads\/2023\/08\/62e55245db12d.jpg","articleSection":["Noticias"],"inLanguage":"es-AR"},{"@type":"WebPage","@id":"https:\/\/www.radiohorizonte.fm\/radio\/2023\/08\/01\/cana-con-ruda-que-es-como-se-prepara-y-por-que-se-toma-el-1-de-agosto\/","url":"https:\/\/www.radiohorizonte.fm\/radio\/2023\/08\/01\/cana-con-ruda-que-es-como-se-prepara-y-por-que-se-toma-el-1-de-agosto\/","name":"Ca\u00f1a con ruda: qu\u00e9 es, c\u00f3mo se prepara y por qu\u00e9 se toma el 1\u00b0 de agosto - Horizonte","isPartOf":{"@id":"http:\/\/www.radiohorizonte.fm\/radio\/#website"},"primaryImageOfPage":{"@id":"https:\/\/www.radiohorizonte.fm\/radio\/2023\/08\/01\/cana-con-ruda-que-es-como-se-prepara-y-por-que-se-toma-el-1-de-agosto\/#primaryimage"},"image":{"@id":"https:\/\/www.radiohorizonte.fm\/radio\/2023\/08\/01\/cana-con-ruda-que-es-como-se-prepara-y-por-que-se-toma-el-1-de-agosto\/#primaryimage"},"thumbnailUrl":"http:\/\/www.radiohorizonte.fm\/radio\/wp-content\/uploads\/2023\/08\/62e55245db12d.jpg","datePublished":"2023-08-01T10:39:01+00:00","breadcrumb":{"@id":"https:\/\/www.radiohorizonte.fm\/radio\/2023\/08\/01\/cana-con-ruda-que-es-como-se-prepara-y-por-que-se-toma-el-1-de-agosto\/#breadcrumb"},"inLanguage":"es-AR","potentialAction":[{"@type":"ReadAction","target":["https:\/\/www.radiohorizonte.fm\/radio\/2023\/08\/01\/cana-con-ruda-que-es-como-se-prepara-y-por-que-se-toma-el-1-de-agosto\/"]}]},{"@type":"ImageObject","inLanguage":"es-AR","@id":"https:\/\/www.radiohorizonte.fm\/radio\/2023\/08\/01\/cana-con-ruda-que-es-como-se-prepara-y-por-que-se-toma-el-1-de-agosto\/#primaryimage","url":"http:\/\/www.radiohorizonte.fm\/radio\/wp-content\/uploads\/2023\/08\/62e55245db12d.jpg","contentUrl":"http:\/\/www.radiohorizonte.fm\/radio\/wp-content\/uploads\/2023\/08\/62e55245db12d.jpg","width":810,"height":450},{"@type":"BreadcrumbList","@id":"https:\/\/www.radiohorizonte.fm\/radio\/2023\/08\/01\/cana-con-ruda-que-es-como-se-prepara-y-por-que-se-toma-el-1-de-agosto\/#breadcrumb","itemListElement":[{"@type":"ListItem","position":1,"name":"Home","item":"http:\/\/www.radiohorizonte.fm\/radio\/"},{"@type":"ListItem","position":2,"name":"Ca\u00f1a con ruda: qu\u00e9 es, c\u00f3mo se prepara y por qu\u00e9 se toma el 1\u00b0 de agosto"}]},{"@type":"WebSite","@id":"http:\/\/www.radiohorizonte.fm\/radio\/#website","url":"http:\/\/www.radiohorizonte.fm\/radio\/","name":"Horizonte","description":"Radio Horizonte 106.1 - Una radio de clasicos","publisher":{"@id":"http:\/\/www.radiohorizonte.fm\/radio\/#organization"},"potentialAction":[{"@type":"SearchAction","target":{"@type":"EntryPoint","urlTemplate":"http:\/\/www.radiohorizonte.fm\/radio\/?s={search_term_string}"},"query-input":{"@type":"PropertyValueSpecification","valueRequired":true,"valueName":"search_term_string"}}],"inLanguage":"es-AR"},{"@type":"Organization","@id":"http:\/\/www.radiohorizonte.fm\/radio\/#organization","name":"Horizonte","url":"http:\/\/www.radiohorizonte.fm\/radio\/","logo":{"@type":"ImageObject","inLanguage":"es-AR","@id":"http:\/\/www.radiohorizonte.fm\/radio\/#\/schema\/logo\/image\/","url":"http:\/\/www.radiohorizonte.fm\/radio\/wp-content\/uploads\/2025\/06\/Portada-FM-Horizonte_modelo-imagen-scaled.jpg","contentUrl":"http:\/\/www.radiohorizonte.fm\/radio\/wp-content\/uploads\/2025\/06\/Portada-FM-Horizonte_modelo-imagen-scaled.jpg","width":2560,"height":1056,"caption":"Horizonte"},"image":{"@id":"http:\/\/www.radiohorizonte.fm\/radio\/#\/schema\/logo\/image\/"},"sameAs":["http:\/\/www.facebook.com\/HORIZONTE106.1","https:\/\/x.com\/fmhorizonte1061"]},{"@type":"Person","@id":"http:\/\/www.radiohorizonte.fm\/radio\/#\/schema\/person\/f8fa003a405bb86729fd87d15d0ddafa","name":"Cristian Galarza","image":{"@type":"ImageObject","inLanguage":"es-AR","@id":"https:\/\/secure.gravatar.com\/avatar\/fad34bc2c773209c05d7d53b08a69b680eeb55f3be014e52b31643d20ab65925?s=96&d=mm&r=g","url":"https:\/\/secure.gravatar.com\/avatar\/fad34bc2c773209c05d7d53b08a69b680eeb55f3be014e52b31643d20ab65925?s=96&d=mm&r=g","contentUrl":"https:\/\/secure.gravatar.com\/avatar\/fad34bc2c773209c05d7d53b08a69b680eeb55f3be014e52b31643d20ab65925?s=96&d=mm&r=g","caption":"Cristian Galarza"},"url":"http:\/\/www.radiohorizonte.fm\/radio\/author\/cristian\/"}]}},"_links":{"self":[{"href":"http:\/\/www.radiohorizonte.fm\/radio\/wp-json\/wp\/v2\/posts\/41617","targetHints":{"allow":["GET"]}}],"collection":[{"href":"http:\/\/www.radiohorizonte.fm\/radio\/wp-json\/wp\/v2\/posts"}],"about":[{"href":"http:\/\/www.radiohorizonte.fm\/radio\/wp-json\/wp\/v2\/types\/post"}],"author":[{"embeddable":true,"href":"http:\/\/www.radiohorizonte.fm\/radio\/wp-json\/wp\/v2\/users\/2"}],"replies":[{"embeddable":true,"href":"http:\/\/www.radiohorizonte.fm\/radio\/wp-json\/wp\/v2\/comments?post=41617"}],"version-history":[{"count":1,"href":"http:\/\/www.radiohorizonte.fm\/radio\/wp-json\/wp\/v2\/posts\/41617\/revisions"}],"predecessor-version":[{"id":41619,"href":"http:\/\/www.radiohorizonte.fm\/radio\/wp-json\/wp\/v2\/posts\/41617\/revisions\/41619"}],"wp:featuredmedia":[{"embeddable":true,"href":"http:\/\/www.radiohorizonte.fm\/radio\/wp-json\/wp\/v2\/media\/41618"}],"wp:attachment":[{"href":"http:\/\/www.radiohorizonte.fm\/radio\/wp-json\/wp\/v2\/media?parent=41617"}],"wp:term":[{"taxonomy":"category","embeddable":true,"href":"http:\/\/www.radiohorizonte.fm\/radio\/wp-json\/wp\/v2\/categories?post=41617"},{"taxonomy":"post_tag","embeddable":true,"href":"http:\/\/www.radiohorizonte.fm\/radio\/wp-json\/wp\/v2\/tags?post=41617"}],"curies":[{"name":"wp","href":"https:\/\/api.w.org\/{rel}","templated":true}]}}