{"id":41643,"date":"2023-08-03T08:43:16","date_gmt":"2023-08-03T11:43:16","guid":{"rendered":"http:\/\/www.radiohorizonte.fm\/radio\/?p=41643"},"modified":"2023-08-03T08:43:16","modified_gmt":"2023-08-03T11:43:16","slug":"hay-alerta-amarilla-por-posibles-incendios-la-situacion-se-agravara-el-fin-de-semana","status":"publish","type":"post","link":"http:\/\/www.radiohorizonte.fm\/radio\/2023\/08\/03\/hay-alerta-amarilla-por-posibles-incendios-la-situacion-se-agravara-el-fin-de-semana\/","title":{"rendered":"Hay alerta amarilla por posibles incendios: la situaci\u00f3n se agravar\u00e1 el fin de semana"},"content":{"rendered":"<div class=\"item is-12 mnp\">\n<div class=\"articulo__intro\">El subdirector de Defensa Civil, Bruno Lovinson, inform\u00f3 que el domingo la tempartura llegar\u00e1 a 35\u00b0. Advirti\u00f3 que hace 20 d\u00edas no hay precipitaciones. Adem\u00e1s inform\u00f3 que est\u00e1 permitida la quema.<\/div>\n<div><\/div>\n<\/div>\n<div class=\"item articulo__main\">\n<p>Hay alerta por posibles incendios en Corrientes y la situaci\u00f3n se agravar\u00e1 el fin de semana. El Comando Operativo de Emergencia (COE) elev\u00f3 el nivel de aviso a \u201camarillo\u201d desde el lunes, debido a que las condiciones meteorol\u00f3gicas, el d\u00e9ficit de lluvias y las temperaturas elevadas son propicias para que se genere fuego en el campo correntino.<\/p>\n<p>Bruno Lovinson, subdirector de Defensa Civil de la Provincia, adelant\u00f3 a El Litoral que la situaci\u00f3n se agravar\u00e1 durante el fin de semana. \u201cSe espera una temperatura de 35\u00b0\u201d, inform\u00f3.<\/p>\n<p>La alerta amarilla se determin\u00f3 por la falta de lluvia, la alta temperatura, la escasa humedad y por el viento. \u201cSe considera que estas condiciones se van a mantener hasta la semana que viene, inclusive pueden llegar a empeorar\u201d, asegur\u00f3 el funcionario.<\/p>\n<p>\u201cYa van por lo menos unos 20-25 d\u00edas sin precipitaciones importantes y esto hace que sume a este tipo de circunstancias adversas. As\u00ed se pone en alerta al sistema. Entonces, tanto municipios, como brigadas de incendios, bomberos y Polic\u00edas tengan el apresto en caso de que se produzcan los incendios\u201d, describi\u00f3 Lovinson. Actualmente, unas 5.000 personas, en toda la provincia, trabajan en todo el sistema.<\/p>\n<div class=\"container_publi\" data-tipo=\"tipo_desktop \" data-pos=\"AMP_P1_cuerpo\"><\/div>\n<p>Por otra parte, el funcionario inform\u00f3 que est\u00e1n permitidas las quemas. \u201cEst\u00e1 habilitada la quema prescripta de aquellos que obtienen el permiso de la Direcci\u00f3n de Recursos Forestales. Lo pueden hacer bajo condiciones, pero solo aquellos que tienen la autorizaci\u00f3n\u201d, explic\u00f3.<\/p>\n<p>Se recuerda que se puede quemar cualquier tipo de superficies que est\u00e9 contemplada dentro de la reglamentaci\u00f3n de la Ley 5.590, que es la de Recursos Forestales. All\u00ed se establecen par\u00e1metros para poder realizar la combusti\u00f3n controlada. \u201cUna vez que se observan las condiciones, se autoriza la quema y se tiene equis cantidad de d\u00edas para poder realizarlas\u201d, afirm\u00f3 Lovinson. \u201cSe considera que son quemas controladas y por eso se las autoriza\u201d, agreg\u00f3.<\/p>\n<p>El Litoral<img loading=\"lazy\" decoding=\"async\" class=\"alignnone size-full wp-image-36095\" src=\"http:\/\/www.radiohorizonte.fm\/radio\/wp-content\/uploads\/2022\/01\/INCENDIOS-1.jpeg\" alt=\"\" width=\"1600\" height=\"1200\" srcset=\"http:\/\/www.radiohorizonte.fm\/radio\/wp-content\/uploads\/2022\/01\/INCENDIOS-1.jpeg 1600w, http:\/\/www.radiohorizonte.fm\/radio\/wp-content\/uploads\/2022\/01\/INCENDIOS-1-300x225.jpeg 300w, http:\/\/www.radiohorizonte.fm\/radio\/wp-content\/uploads\/2022\/01\/INCENDIOS-1-768x576.jpeg 768w, http:\/\/www.radiohorizonte.fm\/radio\/wp-content\/uploads\/2022\/01\/INCENDIOS-1-1024x768.jpeg 1024w, http:\/\/www.radiohorizonte.fm\/radio\/wp-content\/uploads\/2022\/01\/INCENDIOS-1-65x49.jpeg 65w, http:\/\/www.radiohorizonte.fm\/radio\/wp-content\/uploads\/2022\/01\/INCENDIOS-1-267x200.jpeg 267w, http:\/\/www.radiohorizonte.fm\/radio\/wp-content\/uploads\/2022\/01\/INCENDIOS-1-85x64.jpeg 85w, http:\/\/www.radiohorizonte.fm\/radio\/wp-content\/uploads\/2022\/01\/INCENDIOS-1-167x125.jpeg 167w, http:\/\/www.radiohorizonte.fm\/radio\/wp-content\/uploads\/2022\/01\/INCENDIOS-1-90x68.jpeg 90w\" sizes=\"auto, (max-width: 1600px) 100vw, 1600px\" \/><\/p>\n<\/div>\n","protected":false},"excerpt":{"rendered":"<div class=\"post-excerpt\"><p>El subdirector de Defensa Civil, Bruno Lovinson, inform\u00f3 que el domingo la tempartura llegar\u00e1 a 35\u00b0. Advirti\u00f3 que hace 20 d\u00edas no hay precipitaciones. Adem\u00e1s inform\u00f3 que est\u00e1 permitida la quema. Hay alerta por posibles incendios en Corrientes y la situaci\u00f3n se agravar\u00e1 el fin de semana. El Comando Operativo de Emergencia (COE) elev\u00f3 el<\/p>\n<\/div>","protected":false},"author":2,"featured_media":36093,"comment_status":"closed","ping_status":"closed","sticky":false,"template":"","format":"standard","meta":{"_acf_changed":false,"footnotes":""},"categories":[2],"tags":[],"class_list":["post-41643","post","type-post","status-publish","format-standard","has-post-thumbnail","hentry","category-noticias"],"acf":[],"yoast_head":"<!-- This site is optimized with the Yoast SEO plugin v28.1 - https:\/\/yoast.com\/product\/yoast-seo-wordpress\/ -->\n<title>Hay alerta amarilla por posibles incendios: la situaci\u00f3n se agravar\u00e1 el fin de semana - Horizonte<\/title>\n<meta name=\"robots\" content=\"index, follow, max-snippet:-1, max-image-preview:large, max-video-preview:-1\" \/>\n<link rel=\"canonical\" href=\"http:\/\/www.radiohorizonte.fm\/radio\/2023\/08\/03\/hay-alerta-amarilla-por-posibles-incendios-la-situacion-se-agravara-el-fin-de-semana\/\" \/>\n<meta property=\"og:locale\" content=\"es_ES\" \/>\n<meta property=\"og:type\" content=\"article\" \/>\n<meta property=\"og:title\" content=\"Hay alerta amarilla por posibles incendios: la situaci\u00f3n se agravar\u00e1 el fin de semana - Horizonte\" \/>\n<meta property=\"og:description\" content=\"El subdirector de Defensa Civil, Bruno Lovinson, inform\u00f3 que el domingo la tempartura llegar\u00e1 a 35\u00b0. Advirti\u00f3 que hace 20 d\u00edas no hay precipitaciones. Adem\u00e1s inform\u00f3 que est\u00e1 permitida la quema. Hay alerta por posibles incendios en Corrientes y la situaci\u00f3n se agravar\u00e1 el fin de semana. El Comando Operativo de Emergencia (COE) elev\u00f3 el\" \/>\n<meta property=\"og:url\" content=\"http:\/\/www.radiohorizonte.fm\/radio\/2023\/08\/03\/hay-alerta-amarilla-por-posibles-incendios-la-situacion-se-agravara-el-fin-de-semana\/\" \/>\n<meta property=\"og:site_name\" content=\"Horizonte\" \/>\n<meta property=\"article:publisher\" content=\"http:\/\/www.facebook.com\/HORIZONTE106.1\" \/>\n<meta property=\"article:published_time\" content=\"2023-08-03T11:43:16+00:00\" \/>\n<meta property=\"og:image\" content=\"http:\/\/www.radiohorizonte.fm\/radio\/wp-content\/uploads\/2022\/01\/INCENDIOS-2.jpeg\" \/>\n\t<meta property=\"og:image:width\" content=\"1600\" \/>\n\t<meta property=\"og:image:height\" content=\"1200\" \/>\n\t<meta property=\"og:image:type\" content=\"image\/jpeg\" \/>\n<meta name=\"author\" content=\"Cristian Galarza\" \/>\n<meta name=\"twitter:card\" content=\"summary_large_image\" \/>\n<meta name=\"twitter:creator\" content=\"@fmhorizonte1061\" \/>\n<meta name=\"twitter:site\" content=\"@fmhorizonte1061\" \/>\n<meta name=\"twitter:label1\" content=\"Escrito por\" \/>\n\t<meta name=\"twitter:data1\" content=\"Cristian Galarza\" \/>\n\t<meta name=\"twitter:label2\" content=\"Tiempo de lectura\" \/>\n\t<meta name=\"twitter:data2\" content=\"2 minutos\" \/>\n<script type=\"application\/ld+json\" class=\"yoast-schema-graph\">{\"@context\":\"https:\\\/\\\/schema.org\",\"@graph\":[{\"@type\":\"Article\",\"@id\":\"http:\\\/\\\/www.radiohorizonte.fm\\\/radio\\\/2023\\\/08\\\/03\\\/hay-alerta-amarilla-por-posibles-incendios-la-situacion-se-agravara-el-fin-de-semana\\\/#article\",\"isPartOf\":{\"@id\":\"http:\\\/\\\/www.radiohorizonte.fm\\\/radio\\\/2023\\\/08\\\/03\\\/hay-alerta-amarilla-por-posibles-incendios-la-situacion-se-agravara-el-fin-de-semana\\\/\"},\"author\":{\"name\":\"Cristian Galarza\",\"@id\":\"http:\\\/\\\/www.radiohorizonte.fm\\\/radio\\\/#\\\/schema\\\/person\\\/f8fa003a405bb86729fd87d15d0ddafa\"},\"headline\":\"Hay alerta amarilla por posibles incendios: la situaci\u00f3n se agravar\u00e1 el fin de semana\",\"datePublished\":\"2023-08-03T11:43:16+00:00\",\"mainEntityOfPage\":{\"@id\":\"http:\\\/\\\/www.radiohorizonte.fm\\\/radio\\\/2023\\\/08\\\/03\\\/hay-alerta-amarilla-por-posibles-incendios-la-situacion-se-agravara-el-fin-de-semana\\\/\"},\"wordCount\":366,\"publisher\":{\"@id\":\"http:\\\/\\\/www.radiohorizonte.fm\\\/radio\\\/#organization\"},\"image\":{\"@id\":\"http:\\\/\\\/www.radiohorizonte.fm\\\/radio\\\/2023\\\/08\\\/03\\\/hay-alerta-amarilla-por-posibles-incendios-la-situacion-se-agravara-el-fin-de-semana\\\/#primaryimage\"},\"thumbnailUrl\":\"http:\\\/\\\/www.radiohorizonte.fm\\\/radio\\\/wp-content\\\/uploads\\\/2022\\\/01\\\/INCENDIOS-2.jpeg\",\"articleSection\":[\"Noticias\"],\"inLanguage\":\"es-AR\"},{\"@type\":\"WebPage\",\"@id\":\"http:\\\/\\\/www.radiohorizonte.fm\\\/radio\\\/2023\\\/08\\\/03\\\/hay-alerta-amarilla-por-posibles-incendios-la-situacion-se-agravara-el-fin-de-semana\\\/\",\"url\":\"http:\\\/\\\/www.radiohorizonte.fm\\\/radio\\\/2023\\\/08\\\/03\\\/hay-alerta-amarilla-por-posibles-incendios-la-situacion-se-agravara-el-fin-de-semana\\\/\",\"name\":\"Hay alerta amarilla por posibles incendios: la situaci\u00f3n se agravar\u00e1 el fin de semana - Horizonte\",\"isPartOf\":{\"@id\":\"http:\\\/\\\/www.radiohorizonte.fm\\\/radio\\\/#website\"},\"primaryImageOfPage\":{\"@id\":\"http:\\\/\\\/www.radiohorizonte.fm\\\/radio\\\/2023\\\/08\\\/03\\\/hay-alerta-amarilla-por-posibles-incendios-la-situacion-se-agravara-el-fin-de-semana\\\/#primaryimage\"},\"image\":{\"@id\":\"http:\\\/\\\/www.radiohorizonte.fm\\\/radio\\\/2023\\\/08\\\/03\\\/hay-alerta-amarilla-por-posibles-incendios-la-situacion-se-agravara-el-fin-de-semana\\\/#primaryimage\"},\"thumbnailUrl\":\"http:\\\/\\\/www.radiohorizonte.fm\\\/radio\\\/wp-content\\\/uploads\\\/2022\\\/01\\\/INCENDIOS-2.jpeg\",\"datePublished\":\"2023-08-03T11:43:16+00:00\",\"breadcrumb\":{\"@id\":\"http:\\\/\\\/www.radiohorizonte.fm\\\/radio\\\/2023\\\/08\\\/03\\\/hay-alerta-amarilla-por-posibles-incendios-la-situacion-se-agravara-el-fin-de-semana\\\/#breadcrumb\"},\"inLanguage\":\"es-AR\",\"potentialAction\":[{\"@type\":\"ReadAction\",\"target\":[\"http:\\\/\\\/www.radiohorizonte.fm\\\/radio\\\/2023\\\/08\\\/03\\\/hay-alerta-amarilla-por-posibles-incendios-la-situacion-se-agravara-el-fin-de-semana\\\/\"]}]},{\"@type\":\"ImageObject\",\"inLanguage\":\"es-AR\",\"@id\":\"http:\\\/\\\/www.radiohorizonte.fm\\\/radio\\\/2023\\\/08\\\/03\\\/hay-alerta-amarilla-por-posibles-incendios-la-situacion-se-agravara-el-fin-de-semana\\\/#primaryimage\",\"url\":\"http:\\\/\\\/www.radiohorizonte.fm\\\/radio\\\/wp-content\\\/uploads\\\/2022\\\/01\\\/INCENDIOS-2.jpeg\",\"contentUrl\":\"http:\\\/\\\/www.radiohorizonte.fm\\\/radio\\\/wp-content\\\/uploads\\\/2022\\\/01\\\/INCENDIOS-2.jpeg\",\"width\":1600,\"height\":1200},{\"@type\":\"BreadcrumbList\",\"@id\":\"http:\\\/\\\/www.radiohorizonte.fm\\\/radio\\\/2023\\\/08\\\/03\\\/hay-alerta-amarilla-por-posibles-incendios-la-situacion-se-agravara-el-fin-de-semana\\\/#breadcrumb\",\"itemListElement\":[{\"@type\":\"ListItem\",\"position\":1,\"name\":\"Home\",\"item\":\"http:\\\/\\\/www.radiohorizonte.fm\\\/radio\\\/\"},{\"@type\":\"ListItem\",\"position\":2,\"name\":\"Hay alerta amarilla por posibles incendios: la situaci\u00f3n se agravar\u00e1 el fin de semana\"}]},{\"@type\":\"WebSite\",\"@id\":\"http:\\\/\\\/www.radiohorizonte.fm\\\/radio\\\/#website\",\"url\":\"http:\\\/\\\/www.radiohorizonte.fm\\\/radio\\\/\",\"name\":\"Horizonte\",\"description\":\"Radio Horizonte 106.1 - Una radio de clasicos\",\"publisher\":{\"@id\":\"http:\\\/\\\/www.radiohorizonte.fm\\\/radio\\\/#organization\"},\"potentialAction\":[{\"@type\":\"SearchAction\",\"target\":{\"@type\":\"EntryPoint\",\"urlTemplate\":\"http:\\\/\\\/www.radiohorizonte.fm\\\/radio\\\/?s={search_term_string}\"},\"query-input\":{\"@type\":\"PropertyValueSpecification\",\"valueRequired\":true,\"valueName\":\"search_term_string\"}}],\"inLanguage\":\"es-AR\"},{\"@type\":\"Organization\",\"@id\":\"http:\\\/\\\/www.radiohorizonte.fm\\\/radio\\\/#organization\",\"name\":\"Horizonte\",\"url\":\"http:\\\/\\\/www.radiohorizonte.fm\\\/radio\\\/\",\"logo\":{\"@type\":\"ImageObject\",\"inLanguage\":\"es-AR\",\"@id\":\"http:\\\/\\\/www.radiohorizonte.fm\\\/radio\\\/#\\\/schema\\\/logo\\\/image\\\/\",\"url\":\"http:\\\/\\\/www.radiohorizonte.fm\\\/radio\\\/wp-content\\\/uploads\\\/2025\\\/06\\\/Portada-FM-Horizonte_modelo-imagen-scaled.jpg\",\"contentUrl\":\"http:\\\/\\\/www.radiohorizonte.fm\\\/radio\\\/wp-content\\\/uploads\\\/2025\\\/06\\\/Portada-FM-Horizonte_modelo-imagen-scaled.jpg\",\"width\":2560,\"height\":1056,\"caption\":\"Horizonte\"},\"image\":{\"@id\":\"http:\\\/\\\/www.radiohorizonte.fm\\\/radio\\\/#\\\/schema\\\/logo\\\/image\\\/\"},\"sameAs\":[\"http:\\\/\\\/www.facebook.com\\\/HORIZONTE106.1\",\"https:\\\/\\\/x.com\\\/fmhorizonte1061\"]},{\"@type\":\"Person\",\"@id\":\"http:\\\/\\\/www.radiohorizonte.fm\\\/radio\\\/#\\\/schema\\\/person\\\/f8fa003a405bb86729fd87d15d0ddafa\",\"name\":\"Cristian Galarza\",\"image\":{\"@type\":\"ImageObject\",\"inLanguage\":\"es-AR\",\"@id\":\"https:\\\/\\\/secure.gravatar.com\\\/avatar\\\/fad34bc2c773209c05d7d53b08a69b680eeb55f3be014e52b31643d20ab65925?s=96&d=mm&r=g\",\"url\":\"https:\\\/\\\/secure.gravatar.com\\\/avatar\\\/fad34bc2c773209c05d7d53b08a69b680eeb55f3be014e52b31643d20ab65925?s=96&d=mm&r=g\",\"contentUrl\":\"https:\\\/\\\/secure.gravatar.com\\\/avatar\\\/fad34bc2c773209c05d7d53b08a69b680eeb55f3be014e52b31643d20ab65925?s=96&d=mm&r=g\",\"caption\":\"Cristian Galarza\"},\"url\":\"http:\\\/\\\/www.radiohorizonte.fm\\\/radio\\\/author\\\/cristian\\\/\"}]}<\/script>\n<!-- \/ Yoast SEO plugin. -->","yoast_head_json":{"title":"Hay alerta amarilla por posibles incendios: la situaci\u00f3n se agravar\u00e1 el fin de semana - Horizonte","robots":{"index":"index","follow":"follow","max-snippet":"max-snippet:-1","max-image-preview":"max-image-preview:large","max-video-preview":"max-video-preview:-1"},"canonical":"http:\/\/www.radiohorizonte.fm\/radio\/2023\/08\/03\/hay-alerta-amarilla-por-posibles-incendios-la-situacion-se-agravara-el-fin-de-semana\/","og_locale":"es_ES","og_type":"article","og_title":"Hay alerta amarilla por posibles incendios: la situaci\u00f3n se agravar\u00e1 el fin de semana - Horizonte","og_description":"El subdirector de Defensa Civil, Bruno Lovinson, inform\u00f3 que el domingo la tempartura llegar\u00e1 a 35\u00b0. Advirti\u00f3 que hace 20 d\u00edas no hay precipitaciones. Adem\u00e1s inform\u00f3 que est\u00e1 permitida la quema. Hay alerta por posibles incendios en Corrientes y la situaci\u00f3n se agravar\u00e1 el fin de semana. El Comando Operativo de Emergencia (COE) elev\u00f3 el","og_url":"http:\/\/www.radiohorizonte.fm\/radio\/2023\/08\/03\/hay-alerta-amarilla-por-posibles-incendios-la-situacion-se-agravara-el-fin-de-semana\/","og_site_name":"Horizonte","article_publisher":"http:\/\/www.facebook.com\/HORIZONTE106.1","article_published_time":"2023-08-03T11:43:16+00:00","og_image":[{"width":1600,"height":1200,"url":"http:\/\/www.radiohorizonte.fm\/radio\/wp-content\/uploads\/2022\/01\/INCENDIOS-2.jpeg","type":"image\/jpeg"}],"author":"Cristian Galarza","twitter_card":"summary_large_image","twitter_creator":"@fmhorizonte1061","twitter_site":"@fmhorizonte1061","twitter_misc":{"Escrito por":"Cristian Galarza","Tiempo de lectura":"2 minutos"},"schema":{"@context":"https:\/\/schema.org","@graph":[{"@type":"Article","@id":"http:\/\/www.radiohorizonte.fm\/radio\/2023\/08\/03\/hay-alerta-amarilla-por-posibles-incendios-la-situacion-se-agravara-el-fin-de-semana\/#article","isPartOf":{"@id":"http:\/\/www.radiohorizonte.fm\/radio\/2023\/08\/03\/hay-alerta-amarilla-por-posibles-incendios-la-situacion-se-agravara-el-fin-de-semana\/"},"author":{"name":"Cristian Galarza","@id":"http:\/\/www.radiohorizonte.fm\/radio\/#\/schema\/person\/f8fa003a405bb86729fd87d15d0ddafa"},"headline":"Hay alerta amarilla por posibles incendios: la situaci\u00f3n se agravar\u00e1 el fin de semana","datePublished":"2023-08-03T11:43:16+00:00","mainEntityOfPage":{"@id":"http:\/\/www.radiohorizonte.fm\/radio\/2023\/08\/03\/hay-alerta-amarilla-por-posibles-incendios-la-situacion-se-agravara-el-fin-de-semana\/"},"wordCount":366,"publisher":{"@id":"http:\/\/www.radiohorizonte.fm\/radio\/#organization"},"image":{"@id":"http:\/\/www.radiohorizonte.fm\/radio\/2023\/08\/03\/hay-alerta-amarilla-por-posibles-incendios-la-situacion-se-agravara-el-fin-de-semana\/#primaryimage"},"thumbnailUrl":"http:\/\/www.radiohorizonte.fm\/radio\/wp-content\/uploads\/2022\/01\/INCENDIOS-2.jpeg","articleSection":["Noticias"],"inLanguage":"es-AR"},{"@type":"WebPage","@id":"http:\/\/www.radiohorizonte.fm\/radio\/2023\/08\/03\/hay-alerta-amarilla-por-posibles-incendios-la-situacion-se-agravara-el-fin-de-semana\/","url":"http:\/\/www.radiohorizonte.fm\/radio\/2023\/08\/03\/hay-alerta-amarilla-por-posibles-incendios-la-situacion-se-agravara-el-fin-de-semana\/","name":"Hay alerta amarilla por posibles incendios: la situaci\u00f3n se agravar\u00e1 el fin de semana - Horizonte","isPartOf":{"@id":"http:\/\/www.radiohorizonte.fm\/radio\/#website"},"primaryImageOfPage":{"@id":"http:\/\/www.radiohorizonte.fm\/radio\/2023\/08\/03\/hay-alerta-amarilla-por-posibles-incendios-la-situacion-se-agravara-el-fin-de-semana\/#primaryimage"},"image":{"@id":"http:\/\/www.radiohorizonte.fm\/radio\/2023\/08\/03\/hay-alerta-amarilla-por-posibles-incendios-la-situacion-se-agravara-el-fin-de-semana\/#primaryimage"},"thumbnailUrl":"http:\/\/www.radiohorizonte.fm\/radio\/wp-content\/uploads\/2022\/01\/INCENDIOS-2.jpeg","datePublished":"2023-08-03T11:43:16+00:00","breadcrumb":{"@id":"http:\/\/www.radiohorizonte.fm\/radio\/2023\/08\/03\/hay-alerta-amarilla-por-posibles-incendios-la-situacion-se-agravara-el-fin-de-semana\/#breadcrumb"},"inLanguage":"es-AR","potentialAction":[{"@type":"ReadAction","target":["http:\/\/www.radiohorizonte.fm\/radio\/2023\/08\/03\/hay-alerta-amarilla-por-posibles-incendios-la-situacion-se-agravara-el-fin-de-semana\/"]}]},{"@type":"ImageObject","inLanguage":"es-AR","@id":"http:\/\/www.radiohorizonte.fm\/radio\/2023\/08\/03\/hay-alerta-amarilla-por-posibles-incendios-la-situacion-se-agravara-el-fin-de-semana\/#primaryimage","url":"http:\/\/www.radiohorizonte.fm\/radio\/wp-content\/uploads\/2022\/01\/INCENDIOS-2.jpeg","contentUrl":"http:\/\/www.radiohorizonte.fm\/radio\/wp-content\/uploads\/2022\/01\/INCENDIOS-2.jpeg","width":1600,"height":1200},{"@type":"BreadcrumbList","@id":"http:\/\/www.radiohorizonte.fm\/radio\/2023\/08\/03\/hay-alerta-amarilla-por-posibles-incendios-la-situacion-se-agravara-el-fin-de-semana\/#breadcrumb","itemListElement":[{"@type":"ListItem","position":1,"name":"Home","item":"http:\/\/www.radiohorizonte.fm\/radio\/"},{"@type":"ListItem","position":2,"name":"Hay alerta amarilla por posibles incendios: la situaci\u00f3n se agravar\u00e1 el fin de semana"}]},{"@type":"WebSite","@id":"http:\/\/www.radiohorizonte.fm\/radio\/#website","url":"http:\/\/www.radiohorizonte.fm\/radio\/","name":"Horizonte","description":"Radio Horizonte 106.1 - Una radio de clasicos","publisher":{"@id":"http:\/\/www.radiohorizonte.fm\/radio\/#organization"},"potentialAction":[{"@type":"SearchAction","target":{"@type":"EntryPoint","urlTemplate":"http:\/\/www.radiohorizonte.fm\/radio\/?s={search_term_string}"},"query-input":{"@type":"PropertyValueSpecification","valueRequired":true,"valueName":"search_term_string"}}],"inLanguage":"es-AR"},{"@type":"Organization","@id":"http:\/\/www.radiohorizonte.fm\/radio\/#organization","name":"Horizonte","url":"http:\/\/www.radiohorizonte.fm\/radio\/","logo":{"@type":"ImageObject","inLanguage":"es-AR","@id":"http:\/\/www.radiohorizonte.fm\/radio\/#\/schema\/logo\/image\/","url":"http:\/\/www.radiohorizonte.fm\/radio\/wp-content\/uploads\/2025\/06\/Portada-FM-Horizonte_modelo-imagen-scaled.jpg","contentUrl":"http:\/\/www.radiohorizonte.fm\/radio\/wp-content\/uploads\/2025\/06\/Portada-FM-Horizonte_modelo-imagen-scaled.jpg","width":2560,"height":1056,"caption":"Horizonte"},"image":{"@id":"http:\/\/www.radiohorizonte.fm\/radio\/#\/schema\/logo\/image\/"},"sameAs":["http:\/\/www.facebook.com\/HORIZONTE106.1","https:\/\/x.com\/fmhorizonte1061"]},{"@type":"Person","@id":"http:\/\/www.radiohorizonte.fm\/radio\/#\/schema\/person\/f8fa003a405bb86729fd87d15d0ddafa","name":"Cristian Galarza","image":{"@type":"ImageObject","inLanguage":"es-AR","@id":"https:\/\/secure.gravatar.com\/avatar\/fad34bc2c773209c05d7d53b08a69b680eeb55f3be014e52b31643d20ab65925?s=96&d=mm&r=g","url":"https:\/\/secure.gravatar.com\/avatar\/fad34bc2c773209c05d7d53b08a69b680eeb55f3be014e52b31643d20ab65925?s=96&d=mm&r=g","contentUrl":"https:\/\/secure.gravatar.com\/avatar\/fad34bc2c773209c05d7d53b08a69b680eeb55f3be014e52b31643d20ab65925?s=96&d=mm&r=g","caption":"Cristian Galarza"},"url":"http:\/\/www.radiohorizonte.fm\/radio\/author\/cristian\/"}]}},"_links":{"self":[{"href":"http:\/\/www.radiohorizonte.fm\/radio\/wp-json\/wp\/v2\/posts\/41643","targetHints":{"allow":["GET"]}}],"collection":[{"href":"http:\/\/www.radiohorizonte.fm\/radio\/wp-json\/wp\/v2\/posts"}],"about":[{"href":"http:\/\/www.radiohorizonte.fm\/radio\/wp-json\/wp\/v2\/types\/post"}],"author":[{"embeddable":true,"href":"http:\/\/www.radiohorizonte.fm\/radio\/wp-json\/wp\/v2\/users\/2"}],"replies":[{"embeddable":true,"href":"http:\/\/www.radiohorizonte.fm\/radio\/wp-json\/wp\/v2\/comments?post=41643"}],"version-history":[{"count":1,"href":"http:\/\/www.radiohorizonte.fm\/radio\/wp-json\/wp\/v2\/posts\/41643\/revisions"}],"predecessor-version":[{"id":41644,"href":"http:\/\/www.radiohorizonte.fm\/radio\/wp-json\/wp\/v2\/posts\/41643\/revisions\/41644"}],"wp:featuredmedia":[{"embeddable":true,"href":"http:\/\/www.radiohorizonte.fm\/radio\/wp-json\/wp\/v2\/media\/36093"}],"wp:attachment":[{"href":"http:\/\/www.radiohorizonte.fm\/radio\/wp-json\/wp\/v2\/media?parent=41643"}],"wp:term":[{"taxonomy":"category","embeddable":true,"href":"http:\/\/www.radiohorizonte.fm\/radio\/wp-json\/wp\/v2\/categories?post=41643"},{"taxonomy":"post_tag","embeddable":true,"href":"http:\/\/www.radiohorizonte.fm\/radio\/wp-json\/wp\/v2\/tags?post=41643"}],"curies":[{"name":"wp","href":"https:\/\/api.w.org\/{rel}","templated":true}]}}