{"id":41647,"date":"2023-08-03T10:02:26","date_gmt":"2023-08-03T13:02:26","guid":{"rendered":"http:\/\/www.radiohorizonte.fm\/radio\/?p=41647"},"modified":"2023-08-03T10:03:12","modified_gmt":"2023-08-03T13:03:12","slug":"un-chaqueno-se-llevo-mas-de-38-millones-con-la-poceada","status":"publish","type":"post","link":"http:\/\/www.radiohorizonte.fm\/radio\/2023\/08\/03\/un-chaqueno-se-llevo-mas-de-38-millones-con-la-poceada\/","title":{"rendered":"Un chaque\u00f1o se llev\u00f3 m\u00e1s de $38 millones con la Poceada"},"content":{"rendered":"<p>El hombre acudi\u00f3 este mi\u00e9rcoles hasta Ressistencia para poder cobrar su premio. Seg\u00fan cont\u00f3, eligi\u00f3 los n\u00fameros de un ticket viejo.<\/p>\n<p>&nbsp;<\/p>\n<p><img loading=\"lazy\" decoding=\"async\" class=\"alignnone size-full wp-image-41648\" src=\"http:\/\/www.radiohorizonte.fm\/radio\/wp-content\/uploads\/2023\/08\/images-2.jpg\" alt=\"\" width=\"295\" height=\"171\" srcset=\"http:\/\/www.radiohorizonte.fm\/radio\/wp-content\/uploads\/2023\/08\/images-2.jpg 295w, http:\/\/www.radiohorizonte.fm\/radio\/wp-content\/uploads\/2023\/08\/images-2-65x38.jpg 65w, http:\/\/www.radiohorizonte.fm\/radio\/wp-content\/uploads\/2023\/08\/images-2-85x49.jpg 85w, http:\/\/www.radiohorizonte.fm\/radio\/wp-content\/uploads\/2023\/08\/images-2-216x125.jpg 216w, http:\/\/www.radiohorizonte.fm\/radio\/wp-content\/uploads\/2023\/08\/images-2-90x52.jpg 90w\" sizes=\"auto, (max-width: 295px) 100vw, 295px\" \/><\/p>\n<h3><strong>Un trabajador del sector p\u00fablico oriundo de Villa \u00c1ngela se present\u00f3 este mi\u00e9rcoles por la ma\u00f1ana en las oficinas de Loter\u00eda Chaque\u00f1a, para hacer efectivo un premio de 38 millones de pesos, que obtuvo tras sumar los cinco aciertos durante la edici\u00f3n del martes de la Quiniela Poceada.<\/strong><\/h3>\n<p>Este hombre hab\u00eda efectuado su jugada ganadora en la Agencia 684 de Franco P\u00e9rez Strohscheing, ubicada en Balcarce 70 de Villa \u00c1ngela.\u00a0<strong>Su golpe de suerte estuvo dado por una combinaci\u00f3n manual, con los n\u00fameros 13, 17, 68, 77 y 84.<\/strong><\/p>\n<p>&#8220;Tom\u00e9 los n\u00fameros de un ticket autom\u00e1tico viejo. Los ven\u00eda siguiendo desde hace bastante&#8221;, revel\u00f3 el flamante ganador, que se present\u00f3 en la sede de Loter\u00eda Chaque\u00f1a en compa\u00f1\u00eda de su esposa.<\/p>\n<p>&#8220;Me puse a controlar el extracto a la noche, despu\u00e9s de cenar. Mi se\u00f1ora se hab\u00eda entrado a ba\u00f1ar y pegu\u00e9 un grito al ver que ten\u00edamos los cinco aciertos&#8221;, acot\u00f3 el afortunado vecino, quien\u00a0<strong>se alz\u00f3 as\u00ed con un pozo acumulado de 38.199.622 pesos.<\/strong><\/p>\n<p>A esta familia villangelense el premio le cay\u00f3 como &#8220;una bendici\u00f3n enorme&#8221;, que ahora van compartir y disfrutar junto a sus tres hijos.\u00a0<strong>&#8220;Siempre so\u00f1amos con hacer un viaje juntos o cambiar el auto, cosas que por los costos tan elevados nos resultaba imposible, hasta ahora&#8221;, asever\u00f3 el feliz matrimonio.<\/strong><\/p>\n","protected":false},"excerpt":{"rendered":"<div class=\"post-excerpt\"><p>El hombre acudi\u00f3 este mi\u00e9rcoles hasta Ressistencia para poder cobrar su premio. Seg\u00fan cont\u00f3, eligi\u00f3 los n\u00fameros de un ticket viejo. &nbsp; Un trabajador del sector p\u00fablico oriundo de Villa \u00c1ngela se present\u00f3 este mi\u00e9rcoles por la ma\u00f1ana en las oficinas de Loter\u00eda Chaque\u00f1a, para hacer efectivo un premio de 38 millones de pesos, que<\/p>\n<\/div>","protected":false},"author":2,"featured_media":41648,"comment_status":"closed","ping_status":"closed","sticky":false,"template":"","format":"standard","meta":{"_acf_changed":false,"footnotes":""},"categories":[2],"tags":[],"class_list":["post-41647","post","type-post","status-publish","format-standard","has-post-thumbnail","hentry","category-noticias"],"acf":[],"yoast_head":"<!-- This site is optimized with the Yoast SEO plugin v28.1 - https:\/\/yoast.com\/product\/yoast-seo-wordpress\/ -->\n<title>Un chaque\u00f1o se llev\u00f3 m\u00e1s de $38 millones con la Poceada - Horizonte<\/title>\n<meta name=\"robots\" content=\"index, follow, max-snippet:-1, max-image-preview:large, max-video-preview:-1\" \/>\n<link rel=\"canonical\" href=\"http:\/\/www.radiohorizonte.fm\/radio\/2023\/08\/03\/un-chaqueno-se-llevo-mas-de-38-millones-con-la-poceada\/\" \/>\n<meta property=\"og:locale\" content=\"es_ES\" \/>\n<meta property=\"og:type\" content=\"article\" \/>\n<meta property=\"og:title\" content=\"Un chaque\u00f1o se llev\u00f3 m\u00e1s de $38 millones con la Poceada - Horizonte\" \/>\n<meta property=\"og:description\" content=\"El hombre acudi\u00f3 este mi\u00e9rcoles hasta Ressistencia para poder cobrar su premio. Seg\u00fan cont\u00f3, eligi\u00f3 los n\u00fameros de un ticket viejo. &nbsp; Un trabajador del sector p\u00fablico oriundo de Villa \u00c1ngela se present\u00f3 este mi\u00e9rcoles por la ma\u00f1ana en las oficinas de Loter\u00eda Chaque\u00f1a, para hacer efectivo un premio de 38 millones de pesos, que\" \/>\n<meta property=\"og:url\" content=\"http:\/\/www.radiohorizonte.fm\/radio\/2023\/08\/03\/un-chaqueno-se-llevo-mas-de-38-millones-con-la-poceada\/\" \/>\n<meta property=\"og:site_name\" content=\"Horizonte\" \/>\n<meta property=\"article:publisher\" content=\"http:\/\/www.facebook.com\/HORIZONTE106.1\" \/>\n<meta property=\"article:published_time\" content=\"2023-08-03T13:02:26+00:00\" \/>\n<meta property=\"article:modified_time\" content=\"2023-08-03T13:03:12+00:00\" \/>\n<meta property=\"og:image\" content=\"http:\/\/www.radiohorizonte.fm\/radio\/wp-content\/uploads\/2023\/08\/images-2.jpg\" \/>\n\t<meta property=\"og:image:width\" content=\"295\" \/>\n\t<meta property=\"og:image:height\" content=\"171\" \/>\n\t<meta property=\"og:image:type\" content=\"image\/jpeg\" \/>\n<meta name=\"author\" content=\"Cristian Galarza\" \/>\n<meta name=\"twitter:card\" content=\"summary_large_image\" \/>\n<meta name=\"twitter:creator\" content=\"@fmhorizonte1061\" \/>\n<meta name=\"twitter:site\" content=\"@fmhorizonte1061\" \/>\n<meta name=\"twitter:label1\" content=\"Escrito por\" \/>\n\t<meta name=\"twitter:data1\" content=\"Cristian Galarza\" \/>\n\t<meta name=\"twitter:label2\" content=\"Tiempo de lectura\" \/>\n\t<meta name=\"twitter:data2\" content=\"1 minuto\" \/>\n<script type=\"application\/ld+json\" class=\"yoast-schema-graph\">{\"@context\":\"https:\\\/\\\/schema.org\",\"@graph\":[{\"@type\":\"Article\",\"@id\":\"http:\\\/\\\/www.radiohorizonte.fm\\\/radio\\\/2023\\\/08\\\/03\\\/un-chaqueno-se-llevo-mas-de-38-millones-con-la-poceada\\\/#article\",\"isPartOf\":{\"@id\":\"http:\\\/\\\/www.radiohorizonte.fm\\\/radio\\\/2023\\\/08\\\/03\\\/un-chaqueno-se-llevo-mas-de-38-millones-con-la-poceada\\\/\"},\"author\":{\"name\":\"Cristian Galarza\",\"@id\":\"http:\\\/\\\/www.radiohorizonte.fm\\\/radio\\\/#\\\/schema\\\/person\\\/f8fa003a405bb86729fd87d15d0ddafa\"},\"headline\":\"Un chaque\u00f1o se llev\u00f3 m\u00e1s de $38 millones con la Poceada\",\"datePublished\":\"2023-08-03T13:02:26+00:00\",\"dateModified\":\"2023-08-03T13:03:12+00:00\",\"mainEntityOfPage\":{\"@id\":\"http:\\\/\\\/www.radiohorizonte.fm\\\/radio\\\/2023\\\/08\\\/03\\\/un-chaqueno-se-llevo-mas-de-38-millones-con-la-poceada\\\/\"},\"wordCount\":267,\"publisher\":{\"@id\":\"http:\\\/\\\/www.radiohorizonte.fm\\\/radio\\\/#organization\"},\"image\":{\"@id\":\"http:\\\/\\\/www.radiohorizonte.fm\\\/radio\\\/2023\\\/08\\\/03\\\/un-chaqueno-se-llevo-mas-de-38-millones-con-la-poceada\\\/#primaryimage\"},\"thumbnailUrl\":\"http:\\\/\\\/www.radiohorizonte.fm\\\/radio\\\/wp-content\\\/uploads\\\/2023\\\/08\\\/images-2.jpg\",\"articleSection\":[\"Noticias\"],\"inLanguage\":\"es-AR\"},{\"@type\":\"WebPage\",\"@id\":\"http:\\\/\\\/www.radiohorizonte.fm\\\/radio\\\/2023\\\/08\\\/03\\\/un-chaqueno-se-llevo-mas-de-38-millones-con-la-poceada\\\/\",\"url\":\"http:\\\/\\\/www.radiohorizonte.fm\\\/radio\\\/2023\\\/08\\\/03\\\/un-chaqueno-se-llevo-mas-de-38-millones-con-la-poceada\\\/\",\"name\":\"Un chaque\u00f1o se llev\u00f3 m\u00e1s de $38 millones con la Poceada - Horizonte\",\"isPartOf\":{\"@id\":\"http:\\\/\\\/www.radiohorizonte.fm\\\/radio\\\/#website\"},\"primaryImageOfPage\":{\"@id\":\"http:\\\/\\\/www.radiohorizonte.fm\\\/radio\\\/2023\\\/08\\\/03\\\/un-chaqueno-se-llevo-mas-de-38-millones-con-la-poceada\\\/#primaryimage\"},\"image\":{\"@id\":\"http:\\\/\\\/www.radiohorizonte.fm\\\/radio\\\/2023\\\/08\\\/03\\\/un-chaqueno-se-llevo-mas-de-38-millones-con-la-poceada\\\/#primaryimage\"},\"thumbnailUrl\":\"http:\\\/\\\/www.radiohorizonte.fm\\\/radio\\\/wp-content\\\/uploads\\\/2023\\\/08\\\/images-2.jpg\",\"datePublished\":\"2023-08-03T13:02:26+00:00\",\"dateModified\":\"2023-08-03T13:03:12+00:00\",\"breadcrumb\":{\"@id\":\"http:\\\/\\\/www.radiohorizonte.fm\\\/radio\\\/2023\\\/08\\\/03\\\/un-chaqueno-se-llevo-mas-de-38-millones-con-la-poceada\\\/#breadcrumb\"},\"inLanguage\":\"es-AR\",\"potentialAction\":[{\"@type\":\"ReadAction\",\"target\":[\"http:\\\/\\\/www.radiohorizonte.fm\\\/radio\\\/2023\\\/08\\\/03\\\/un-chaqueno-se-llevo-mas-de-38-millones-con-la-poceada\\\/\"]}]},{\"@type\":\"ImageObject\",\"inLanguage\":\"es-AR\",\"@id\":\"http:\\\/\\\/www.radiohorizonte.fm\\\/radio\\\/2023\\\/08\\\/03\\\/un-chaqueno-se-llevo-mas-de-38-millones-con-la-poceada\\\/#primaryimage\",\"url\":\"http:\\\/\\\/www.radiohorizonte.fm\\\/radio\\\/wp-content\\\/uploads\\\/2023\\\/08\\\/images-2.jpg\",\"contentUrl\":\"http:\\\/\\\/www.radiohorizonte.fm\\\/radio\\\/wp-content\\\/uploads\\\/2023\\\/08\\\/images-2.jpg\",\"width\":295,\"height\":171},{\"@type\":\"BreadcrumbList\",\"@id\":\"http:\\\/\\\/www.radiohorizonte.fm\\\/radio\\\/2023\\\/08\\\/03\\\/un-chaqueno-se-llevo-mas-de-38-millones-con-la-poceada\\\/#breadcrumb\",\"itemListElement\":[{\"@type\":\"ListItem\",\"position\":1,\"name\":\"Home\",\"item\":\"http:\\\/\\\/www.radiohorizonte.fm\\\/radio\\\/\"},{\"@type\":\"ListItem\",\"position\":2,\"name\":\"Un chaque\u00f1o se llev\u00f3 m\u00e1s de $38 millones con la Poceada\"}]},{\"@type\":\"WebSite\",\"@id\":\"http:\\\/\\\/www.radiohorizonte.fm\\\/radio\\\/#website\",\"url\":\"http:\\\/\\\/www.radiohorizonte.fm\\\/radio\\\/\",\"name\":\"Horizonte\",\"description\":\"Radio Horizonte 106.1 - Una radio de clasicos\",\"publisher\":{\"@id\":\"http:\\\/\\\/www.radiohorizonte.fm\\\/radio\\\/#organization\"},\"potentialAction\":[{\"@type\":\"SearchAction\",\"target\":{\"@type\":\"EntryPoint\",\"urlTemplate\":\"http:\\\/\\\/www.radiohorizonte.fm\\\/radio\\\/?s={search_term_string}\"},\"query-input\":{\"@type\":\"PropertyValueSpecification\",\"valueRequired\":true,\"valueName\":\"search_term_string\"}}],\"inLanguage\":\"es-AR\"},{\"@type\":\"Organization\",\"@id\":\"http:\\\/\\\/www.radiohorizonte.fm\\\/radio\\\/#organization\",\"name\":\"Horizonte\",\"url\":\"http:\\\/\\\/www.radiohorizonte.fm\\\/radio\\\/\",\"logo\":{\"@type\":\"ImageObject\",\"inLanguage\":\"es-AR\",\"@id\":\"http:\\\/\\\/www.radiohorizonte.fm\\\/radio\\\/#\\\/schema\\\/logo\\\/image\\\/\",\"url\":\"http:\\\/\\\/www.radiohorizonte.fm\\\/radio\\\/wp-content\\\/uploads\\\/2025\\\/06\\\/Portada-FM-Horizonte_modelo-imagen-scaled.jpg\",\"contentUrl\":\"http:\\\/\\\/www.radiohorizonte.fm\\\/radio\\\/wp-content\\\/uploads\\\/2025\\\/06\\\/Portada-FM-Horizonte_modelo-imagen-scaled.jpg\",\"width\":2560,\"height\":1056,\"caption\":\"Horizonte\"},\"image\":{\"@id\":\"http:\\\/\\\/www.radiohorizonte.fm\\\/radio\\\/#\\\/schema\\\/logo\\\/image\\\/\"},\"sameAs\":[\"http:\\\/\\\/www.facebook.com\\\/HORIZONTE106.1\",\"https:\\\/\\\/x.com\\\/fmhorizonte1061\"]},{\"@type\":\"Person\",\"@id\":\"http:\\\/\\\/www.radiohorizonte.fm\\\/radio\\\/#\\\/schema\\\/person\\\/f8fa003a405bb86729fd87d15d0ddafa\",\"name\":\"Cristian Galarza\",\"image\":{\"@type\":\"ImageObject\",\"inLanguage\":\"es-AR\",\"@id\":\"https:\\\/\\\/secure.gravatar.com\\\/avatar\\\/fad34bc2c773209c05d7d53b08a69b680eeb55f3be014e52b31643d20ab65925?s=96&d=mm&r=g\",\"url\":\"https:\\\/\\\/secure.gravatar.com\\\/avatar\\\/fad34bc2c773209c05d7d53b08a69b680eeb55f3be014e52b31643d20ab65925?s=96&d=mm&r=g\",\"contentUrl\":\"https:\\\/\\\/secure.gravatar.com\\\/avatar\\\/fad34bc2c773209c05d7d53b08a69b680eeb55f3be014e52b31643d20ab65925?s=96&d=mm&r=g\",\"caption\":\"Cristian Galarza\"},\"url\":\"http:\\\/\\\/www.radiohorizonte.fm\\\/radio\\\/author\\\/cristian\\\/\"}]}<\/script>\n<!-- \/ Yoast SEO plugin. -->","yoast_head_json":{"title":"Un chaque\u00f1o se llev\u00f3 m\u00e1s de $38 millones con la Poceada - Horizonte","robots":{"index":"index","follow":"follow","max-snippet":"max-snippet:-1","max-image-preview":"max-image-preview:large","max-video-preview":"max-video-preview:-1"},"canonical":"http:\/\/www.radiohorizonte.fm\/radio\/2023\/08\/03\/un-chaqueno-se-llevo-mas-de-38-millones-con-la-poceada\/","og_locale":"es_ES","og_type":"article","og_title":"Un chaque\u00f1o se llev\u00f3 m\u00e1s de $38 millones con la Poceada - Horizonte","og_description":"El hombre acudi\u00f3 este mi\u00e9rcoles hasta Ressistencia para poder cobrar su premio. Seg\u00fan cont\u00f3, eligi\u00f3 los n\u00fameros de un ticket viejo. &nbsp; Un trabajador del sector p\u00fablico oriundo de Villa \u00c1ngela se present\u00f3 este mi\u00e9rcoles por la ma\u00f1ana en las oficinas de Loter\u00eda Chaque\u00f1a, para hacer efectivo un premio de 38 millones de pesos, que","og_url":"http:\/\/www.radiohorizonte.fm\/radio\/2023\/08\/03\/un-chaqueno-se-llevo-mas-de-38-millones-con-la-poceada\/","og_site_name":"Horizonte","article_publisher":"http:\/\/www.facebook.com\/HORIZONTE106.1","article_published_time":"2023-08-03T13:02:26+00:00","article_modified_time":"2023-08-03T13:03:12+00:00","og_image":[{"width":295,"height":171,"url":"http:\/\/www.radiohorizonte.fm\/radio\/wp-content\/uploads\/2023\/08\/images-2.jpg","type":"image\/jpeg"}],"author":"Cristian Galarza","twitter_card":"summary_large_image","twitter_creator":"@fmhorizonte1061","twitter_site":"@fmhorizonte1061","twitter_misc":{"Escrito por":"Cristian Galarza","Tiempo de lectura":"1 minuto"},"schema":{"@context":"https:\/\/schema.org","@graph":[{"@type":"Article","@id":"http:\/\/www.radiohorizonte.fm\/radio\/2023\/08\/03\/un-chaqueno-se-llevo-mas-de-38-millones-con-la-poceada\/#article","isPartOf":{"@id":"http:\/\/www.radiohorizonte.fm\/radio\/2023\/08\/03\/un-chaqueno-se-llevo-mas-de-38-millones-con-la-poceada\/"},"author":{"name":"Cristian Galarza","@id":"http:\/\/www.radiohorizonte.fm\/radio\/#\/schema\/person\/f8fa003a405bb86729fd87d15d0ddafa"},"headline":"Un chaque\u00f1o se llev\u00f3 m\u00e1s de $38 millones con la Poceada","datePublished":"2023-08-03T13:02:26+00:00","dateModified":"2023-08-03T13:03:12+00:00","mainEntityOfPage":{"@id":"http:\/\/www.radiohorizonte.fm\/radio\/2023\/08\/03\/un-chaqueno-se-llevo-mas-de-38-millones-con-la-poceada\/"},"wordCount":267,"publisher":{"@id":"http:\/\/www.radiohorizonte.fm\/radio\/#organization"},"image":{"@id":"http:\/\/www.radiohorizonte.fm\/radio\/2023\/08\/03\/un-chaqueno-se-llevo-mas-de-38-millones-con-la-poceada\/#primaryimage"},"thumbnailUrl":"http:\/\/www.radiohorizonte.fm\/radio\/wp-content\/uploads\/2023\/08\/images-2.jpg","articleSection":["Noticias"],"inLanguage":"es-AR"},{"@type":"WebPage","@id":"http:\/\/www.radiohorizonte.fm\/radio\/2023\/08\/03\/un-chaqueno-se-llevo-mas-de-38-millones-con-la-poceada\/","url":"http:\/\/www.radiohorizonte.fm\/radio\/2023\/08\/03\/un-chaqueno-se-llevo-mas-de-38-millones-con-la-poceada\/","name":"Un chaque\u00f1o se llev\u00f3 m\u00e1s de $38 millones con la Poceada - Horizonte","isPartOf":{"@id":"http:\/\/www.radiohorizonte.fm\/radio\/#website"},"primaryImageOfPage":{"@id":"http:\/\/www.radiohorizonte.fm\/radio\/2023\/08\/03\/un-chaqueno-se-llevo-mas-de-38-millones-con-la-poceada\/#primaryimage"},"image":{"@id":"http:\/\/www.radiohorizonte.fm\/radio\/2023\/08\/03\/un-chaqueno-se-llevo-mas-de-38-millones-con-la-poceada\/#primaryimage"},"thumbnailUrl":"http:\/\/www.radiohorizonte.fm\/radio\/wp-content\/uploads\/2023\/08\/images-2.jpg","datePublished":"2023-08-03T13:02:26+00:00","dateModified":"2023-08-03T13:03:12+00:00","breadcrumb":{"@id":"http:\/\/www.radiohorizonte.fm\/radio\/2023\/08\/03\/un-chaqueno-se-llevo-mas-de-38-millones-con-la-poceada\/#breadcrumb"},"inLanguage":"es-AR","potentialAction":[{"@type":"ReadAction","target":["http:\/\/www.radiohorizonte.fm\/radio\/2023\/08\/03\/un-chaqueno-se-llevo-mas-de-38-millones-con-la-poceada\/"]}]},{"@type":"ImageObject","inLanguage":"es-AR","@id":"http:\/\/www.radiohorizonte.fm\/radio\/2023\/08\/03\/un-chaqueno-se-llevo-mas-de-38-millones-con-la-poceada\/#primaryimage","url":"http:\/\/www.radiohorizonte.fm\/radio\/wp-content\/uploads\/2023\/08\/images-2.jpg","contentUrl":"http:\/\/www.radiohorizonte.fm\/radio\/wp-content\/uploads\/2023\/08\/images-2.jpg","width":295,"height":171},{"@type":"BreadcrumbList","@id":"http:\/\/www.radiohorizonte.fm\/radio\/2023\/08\/03\/un-chaqueno-se-llevo-mas-de-38-millones-con-la-poceada\/#breadcrumb","itemListElement":[{"@type":"ListItem","position":1,"name":"Home","item":"http:\/\/www.radiohorizonte.fm\/radio\/"},{"@type":"ListItem","position":2,"name":"Un chaque\u00f1o se llev\u00f3 m\u00e1s de $38 millones con la Poceada"}]},{"@type":"WebSite","@id":"http:\/\/www.radiohorizonte.fm\/radio\/#website","url":"http:\/\/www.radiohorizonte.fm\/radio\/","name":"Horizonte","description":"Radio Horizonte 106.1 - Una radio de clasicos","publisher":{"@id":"http:\/\/www.radiohorizonte.fm\/radio\/#organization"},"potentialAction":[{"@type":"SearchAction","target":{"@type":"EntryPoint","urlTemplate":"http:\/\/www.radiohorizonte.fm\/radio\/?s={search_term_string}"},"query-input":{"@type":"PropertyValueSpecification","valueRequired":true,"valueName":"search_term_string"}}],"inLanguage":"es-AR"},{"@type":"Organization","@id":"http:\/\/www.radiohorizonte.fm\/radio\/#organization","name":"Horizonte","url":"http:\/\/www.radiohorizonte.fm\/radio\/","logo":{"@type":"ImageObject","inLanguage":"es-AR","@id":"http:\/\/www.radiohorizonte.fm\/radio\/#\/schema\/logo\/image\/","url":"http:\/\/www.radiohorizonte.fm\/radio\/wp-content\/uploads\/2025\/06\/Portada-FM-Horizonte_modelo-imagen-scaled.jpg","contentUrl":"http:\/\/www.radiohorizonte.fm\/radio\/wp-content\/uploads\/2025\/06\/Portada-FM-Horizonte_modelo-imagen-scaled.jpg","width":2560,"height":1056,"caption":"Horizonte"},"image":{"@id":"http:\/\/www.radiohorizonte.fm\/radio\/#\/schema\/logo\/image\/"},"sameAs":["http:\/\/www.facebook.com\/HORIZONTE106.1","https:\/\/x.com\/fmhorizonte1061"]},{"@type":"Person","@id":"http:\/\/www.radiohorizonte.fm\/radio\/#\/schema\/person\/f8fa003a405bb86729fd87d15d0ddafa","name":"Cristian Galarza","image":{"@type":"ImageObject","inLanguage":"es-AR","@id":"https:\/\/secure.gravatar.com\/avatar\/fad34bc2c773209c05d7d53b08a69b680eeb55f3be014e52b31643d20ab65925?s=96&d=mm&r=g","url":"https:\/\/secure.gravatar.com\/avatar\/fad34bc2c773209c05d7d53b08a69b680eeb55f3be014e52b31643d20ab65925?s=96&d=mm&r=g","contentUrl":"https:\/\/secure.gravatar.com\/avatar\/fad34bc2c773209c05d7d53b08a69b680eeb55f3be014e52b31643d20ab65925?s=96&d=mm&r=g","caption":"Cristian Galarza"},"url":"http:\/\/www.radiohorizonte.fm\/radio\/author\/cristian\/"}]}},"_links":{"self":[{"href":"http:\/\/www.radiohorizonte.fm\/radio\/wp-json\/wp\/v2\/posts\/41647","targetHints":{"allow":["GET"]}}],"collection":[{"href":"http:\/\/www.radiohorizonte.fm\/radio\/wp-json\/wp\/v2\/posts"}],"about":[{"href":"http:\/\/www.radiohorizonte.fm\/radio\/wp-json\/wp\/v2\/types\/post"}],"author":[{"embeddable":true,"href":"http:\/\/www.radiohorizonte.fm\/radio\/wp-json\/wp\/v2\/users\/2"}],"replies":[{"embeddable":true,"href":"http:\/\/www.radiohorizonte.fm\/radio\/wp-json\/wp\/v2\/comments?post=41647"}],"version-history":[{"count":2,"href":"http:\/\/www.radiohorizonte.fm\/radio\/wp-json\/wp\/v2\/posts\/41647\/revisions"}],"predecessor-version":[{"id":41651,"href":"http:\/\/www.radiohorizonte.fm\/radio\/wp-json\/wp\/v2\/posts\/41647\/revisions\/41651"}],"wp:featuredmedia":[{"embeddable":true,"href":"http:\/\/www.radiohorizonte.fm\/radio\/wp-json\/wp\/v2\/media\/41648"}],"wp:attachment":[{"href":"http:\/\/www.radiohorizonte.fm\/radio\/wp-json\/wp\/v2\/media?parent=41647"}],"wp:term":[{"taxonomy":"category","embeddable":true,"href":"http:\/\/www.radiohorizonte.fm\/radio\/wp-json\/wp\/v2\/categories?post=41647"},{"taxonomy":"post_tag","embeddable":true,"href":"http:\/\/www.radiohorizonte.fm\/radio\/wp-json\/wp\/v2\/tags?post=41647"}],"curies":[{"name":"wp","href":"https:\/\/api.w.org\/{rel}","templated":true}]}}