{"id":41653,"date":"2023-08-04T07:25:25","date_gmt":"2023-08-04T10:25:25","guid":{"rendered":"http:\/\/www.radiohorizonte.fm\/radio\/?p=41653"},"modified":"2023-08-04T07:25:25","modified_gmt":"2023-08-04T10:25:25","slug":"salud-trabaja-en-un-proyecto-para-la-creacion-de-un-servicio-de-genetica-medica","status":"publish","type":"post","link":"http:\/\/www.radiohorizonte.fm\/radio\/2023\/08\/04\/salud-trabaja-en-un-proyecto-para-la-creacion-de-un-servicio-de-genetica-medica\/","title":{"rendered":"Salud trabaja en un proyecto para la creaci\u00f3n de un servicio de Gen\u00e9tica M\u00e9dica\u00a0"},"content":{"rendered":"<p>Se trata de una ambiciosa propuesta que pondr\u00eda a Corrientes a la vanguardia en la regi\u00f3n en esa materia. Hoy, se realiz\u00f3 la primera reuni\u00f3n de evaluaci\u00f3n.<\/p>\n<p><img loading=\"lazy\" decoding=\"async\" class=\"alignnone size-full wp-image-41654\" src=\"http:\/\/www.radiohorizonte.fm\/radio\/wp-content\/uploads\/2023\/08\/imagen-47973.jpg\" alt=\"\" width=\"1600\" height=\"1156\" srcset=\"http:\/\/www.radiohorizonte.fm\/radio\/wp-content\/uploads\/2023\/08\/imagen-47973.jpg 1600w, http:\/\/www.radiohorizonte.fm\/radio\/wp-content\/uploads\/2023\/08\/imagen-47973-300x217.jpg 300w, http:\/\/www.radiohorizonte.fm\/radio\/wp-content\/uploads\/2023\/08\/imagen-47973-768x555.jpg 768w, http:\/\/www.radiohorizonte.fm\/radio\/wp-content\/uploads\/2023\/08\/imagen-47973-1024x740.jpg 1024w, http:\/\/www.radiohorizonte.fm\/radio\/wp-content\/uploads\/2023\/08\/imagen-47973-65x47.jpg 65w, http:\/\/www.radiohorizonte.fm\/radio\/wp-content\/uploads\/2023\/08\/imagen-47973-277x200.jpg 277w, http:\/\/www.radiohorizonte.fm\/radio\/wp-content\/uploads\/2023\/08\/imagen-47973-85x61.jpg 85w, http:\/\/www.radiohorizonte.fm\/radio\/wp-content\/uploads\/2023\/08\/imagen-47973-173x125.jpg 173w, http:\/\/www.radiohorizonte.fm\/radio\/wp-content\/uploads\/2023\/08\/imagen-47973-90x65.jpg 90w\" sizes=\"auto, (max-width: 1600px) 100vw, 1600px\" \/><\/p>\n<p>El ministro de Salud P\u00fablica se reuni\u00f3 hoy con directivos y personal del Laboratorio Central de Redes y Programas y de la Direcci\u00f3n de Investigaci\u00f3n de la cartera sanitaria, con quienes evalu\u00f3 un proyecto que apunta a crear un servicio de Gen\u00e9tica M\u00e9dica y Laboratorio de Citogen\u00e9tica y Fitogen\u00f3mica. Se trata de una ambiciosa propuesta que pondr\u00eda a Corrientes a la vanguardia en la regi\u00f3n en esa materia.<\/p>\n<div id=\"m_7842334772698794323m_2885700844483006242forwardbody1\">\n<div dir=\"ltr\">\n<div>\n<p>En detalle, se trata de la creaci\u00f3n un servicio de Gen\u00e9tica M\u00e9dica y Laboratorio de citogen\u00e9tica Fitogen\u00f3mica para la provincia, que incluya tres categor\u00edas principales: anomal\u00edas cromos\u00f3micas, trastornos gen\u00e9ticos y trastornos multifactoriales con predisposici\u00f3n gen\u00e9tica y que a su vez funcione dentro de una red nacional, en el marco de un sistema de salud que funcione desde el primer nivel de atenci\u00f3n.<\/p>\n<p>Este servicio de gen\u00e9tica m\u00e9dica en la provincia, estar\u00eda integrado por m\u00e9dicos genetistas, profesionales del Laboratorio Central de la Provincia, con formaci\u00f3n en gen\u00e9tica, y otros profesionales.<\/p>\n<p><img loading=\"lazy\" decoding=\"async\" class=\"alignnone size-full wp-image-41655\" src=\"http:\/\/www.radiohorizonte.fm\/radio\/wp-content\/uploads\/2023\/08\/imagen-47972.jpg\" alt=\"\" width=\"1600\" height=\"926\" srcset=\"http:\/\/www.radiohorizonte.fm\/radio\/wp-content\/uploads\/2023\/08\/imagen-47972.jpg 1600w, http:\/\/www.radiohorizonte.fm\/radio\/wp-content\/uploads\/2023\/08\/imagen-47972-300x174.jpg 300w, http:\/\/www.radiohorizonte.fm\/radio\/wp-content\/uploads\/2023\/08\/imagen-47972-768x444.jpg 768w, http:\/\/www.radiohorizonte.fm\/radio\/wp-content\/uploads\/2023\/08\/imagen-47972-1024x593.jpg 1024w, http:\/\/www.radiohorizonte.fm\/radio\/wp-content\/uploads\/2023\/08\/imagen-47972-65x38.jpg 65w, http:\/\/www.radiohorizonte.fm\/radio\/wp-content\/uploads\/2023\/08\/imagen-47972-320x185.jpg 320w, http:\/\/www.radiohorizonte.fm\/radio\/wp-content\/uploads\/2023\/08\/imagen-47972-85x49.jpg 85w, http:\/\/www.radiohorizonte.fm\/radio\/wp-content\/uploads\/2023\/08\/imagen-47972-216x125.jpg 216w, http:\/\/www.radiohorizonte.fm\/radio\/wp-content\/uploads\/2023\/08\/imagen-47972-90x52.jpg 90w\" sizes=\"auto, (max-width: 1600px) 100vw, 1600px\" \/><\/p>\n<p>Estos profesionales formar\u00edan parte de un Centro de Gen\u00e9tica de alta complejidad que pondr\u00eda a la provincia como pionera en la regi\u00f3n en esa materia con accesibilidad a todos los departamentos de la provincia. Esto permitir\u00eda proporcionar diagn\u00f3sticos precisos de las enfermedades gen\u00e9ticas, brindar asesoramiento gen\u00e9tico adecuado a los pacientes y sus familias, enfocarse en la prevenci\u00f3n y en el manejo de estas enfermedades.<\/p>\n<p>Tambi\u00e9n posibilitar\u00e1 el desarrollo de investigaci\u00f3n para el manejo de las enfermedades gen\u00e9ticas y poco frecuentes.<\/p>\n<p>En esta reuni\u00f3n inicial, se evalu\u00f3 el proyecto y se trabaj\u00f3 sobre los lugares f\u00edsicos donde podr\u00eda realizarse este laboratorio.<\/p>\n<\/div>\n<\/div>\n<\/div>\n","protected":false},"excerpt":{"rendered":"<div class=\"post-excerpt\"><p>Se trata de una ambiciosa propuesta que pondr\u00eda a Corrientes a la vanguardia en la regi\u00f3n en esa materia. Hoy, se realiz\u00f3 la primera reuni\u00f3n de evaluaci\u00f3n. El ministro de Salud P\u00fablica se reuni\u00f3 hoy con directivos y personal del Laboratorio Central de Redes y Programas y de la Direcci\u00f3n de Investigaci\u00f3n de la cartera<\/p>\n<\/div>","protected":false},"author":2,"featured_media":41654,"comment_status":"closed","ping_status":"closed","sticky":false,"template":"","format":"standard","meta":{"_acf_changed":false,"footnotes":""},"categories":[2],"tags":[],"class_list":["post-41653","post","type-post","status-publish","format-standard","has-post-thumbnail","hentry","category-noticias"],"acf":[],"yoast_head":"<!-- This site is optimized with the Yoast SEO plugin v28.1 - https:\/\/yoast.com\/product\/yoast-seo-wordpress\/ -->\n<title>Salud trabaja en un proyecto para la creaci\u00f3n de un servicio de Gen\u00e9tica M\u00e9dica\u00a0 - Horizonte<\/title>\n<meta name=\"robots\" content=\"index, follow, max-snippet:-1, max-image-preview:large, max-video-preview:-1\" \/>\n<link rel=\"canonical\" href=\"http:\/\/www.radiohorizonte.fm\/radio\/2023\/08\/04\/salud-trabaja-en-un-proyecto-para-la-creacion-de-un-servicio-de-genetica-medica\/\" \/>\n<meta property=\"og:locale\" content=\"es_ES\" \/>\n<meta property=\"og:type\" content=\"article\" \/>\n<meta property=\"og:title\" content=\"Salud trabaja en un proyecto para la creaci\u00f3n de un servicio de Gen\u00e9tica M\u00e9dica\u00a0 - Horizonte\" \/>\n<meta property=\"og:description\" content=\"Se trata de una ambiciosa propuesta que pondr\u00eda a Corrientes a la vanguardia en la regi\u00f3n en esa materia. Hoy, se realiz\u00f3 la primera reuni\u00f3n de evaluaci\u00f3n. El ministro de Salud P\u00fablica se reuni\u00f3 hoy con directivos y personal del Laboratorio Central de Redes y Programas y de la Direcci\u00f3n de Investigaci\u00f3n de la cartera\" \/>\n<meta property=\"og:url\" content=\"http:\/\/www.radiohorizonte.fm\/radio\/2023\/08\/04\/salud-trabaja-en-un-proyecto-para-la-creacion-de-un-servicio-de-genetica-medica\/\" \/>\n<meta property=\"og:site_name\" content=\"Horizonte\" \/>\n<meta property=\"article:publisher\" content=\"http:\/\/www.facebook.com\/HORIZONTE106.1\" \/>\n<meta property=\"article:published_time\" content=\"2023-08-04T10:25:25+00:00\" \/>\n<meta property=\"og:image\" content=\"http:\/\/www.radiohorizonte.fm\/radio\/wp-content\/uploads\/2023\/08\/imagen-47973.jpg\" \/>\n\t<meta property=\"og:image:width\" content=\"1600\" \/>\n\t<meta property=\"og:image:height\" content=\"1156\" \/>\n\t<meta property=\"og:image:type\" content=\"image\/jpeg\" \/>\n<meta name=\"author\" content=\"Cristian Galarza\" \/>\n<meta name=\"twitter:card\" content=\"summary_large_image\" \/>\n<meta name=\"twitter:creator\" content=\"@fmhorizonte1061\" \/>\n<meta name=\"twitter:site\" content=\"@fmhorizonte1061\" \/>\n<meta name=\"twitter:label1\" content=\"Escrito por\" \/>\n\t<meta name=\"twitter:data1\" content=\"Cristian Galarza\" \/>\n\t<meta name=\"twitter:label2\" content=\"Tiempo de lectura\" \/>\n\t<meta name=\"twitter:data2\" content=\"2 minutos\" \/>\n<script type=\"application\/ld+json\" class=\"yoast-schema-graph\">{\"@context\":\"https:\\\/\\\/schema.org\",\"@graph\":[{\"@type\":\"Article\",\"@id\":\"http:\\\/\\\/www.radiohorizonte.fm\\\/radio\\\/2023\\\/08\\\/04\\\/salud-trabaja-en-un-proyecto-para-la-creacion-de-un-servicio-de-genetica-medica\\\/#article\",\"isPartOf\":{\"@id\":\"http:\\\/\\\/www.radiohorizonte.fm\\\/radio\\\/2023\\\/08\\\/04\\\/salud-trabaja-en-un-proyecto-para-la-creacion-de-un-servicio-de-genetica-medica\\\/\"},\"author\":{\"name\":\"Cristian Galarza\",\"@id\":\"http:\\\/\\\/www.radiohorizonte.fm\\\/radio\\\/#\\\/schema\\\/person\\\/f8fa003a405bb86729fd87d15d0ddafa\"},\"headline\":\"Salud trabaja en un proyecto para la creaci\u00f3n de un servicio de Gen\u00e9tica M\u00e9dica\u00a0\",\"datePublished\":\"2023-08-04T10:25:25+00:00\",\"mainEntityOfPage\":{\"@id\":\"http:\\\/\\\/www.radiohorizonte.fm\\\/radio\\\/2023\\\/08\\\/04\\\/salud-trabaja-en-un-proyecto-para-la-creacion-de-un-servicio-de-genetica-medica\\\/\"},\"wordCount\":347,\"publisher\":{\"@id\":\"http:\\\/\\\/www.radiohorizonte.fm\\\/radio\\\/#organization\"},\"image\":{\"@id\":\"http:\\\/\\\/www.radiohorizonte.fm\\\/radio\\\/2023\\\/08\\\/04\\\/salud-trabaja-en-un-proyecto-para-la-creacion-de-un-servicio-de-genetica-medica\\\/#primaryimage\"},\"thumbnailUrl\":\"http:\\\/\\\/www.radiohorizonte.fm\\\/radio\\\/wp-content\\\/uploads\\\/2023\\\/08\\\/imagen-47973.jpg\",\"articleSection\":[\"Noticias\"],\"inLanguage\":\"es-AR\"},{\"@type\":\"WebPage\",\"@id\":\"http:\\\/\\\/www.radiohorizonte.fm\\\/radio\\\/2023\\\/08\\\/04\\\/salud-trabaja-en-un-proyecto-para-la-creacion-de-un-servicio-de-genetica-medica\\\/\",\"url\":\"http:\\\/\\\/www.radiohorizonte.fm\\\/radio\\\/2023\\\/08\\\/04\\\/salud-trabaja-en-un-proyecto-para-la-creacion-de-un-servicio-de-genetica-medica\\\/\",\"name\":\"Salud trabaja en un proyecto para la creaci\u00f3n de un servicio de Gen\u00e9tica M\u00e9dica\u00a0 - Horizonte\",\"isPartOf\":{\"@id\":\"http:\\\/\\\/www.radiohorizonte.fm\\\/radio\\\/#website\"},\"primaryImageOfPage\":{\"@id\":\"http:\\\/\\\/www.radiohorizonte.fm\\\/radio\\\/2023\\\/08\\\/04\\\/salud-trabaja-en-un-proyecto-para-la-creacion-de-un-servicio-de-genetica-medica\\\/#primaryimage\"},\"image\":{\"@id\":\"http:\\\/\\\/www.radiohorizonte.fm\\\/radio\\\/2023\\\/08\\\/04\\\/salud-trabaja-en-un-proyecto-para-la-creacion-de-un-servicio-de-genetica-medica\\\/#primaryimage\"},\"thumbnailUrl\":\"http:\\\/\\\/www.radiohorizonte.fm\\\/radio\\\/wp-content\\\/uploads\\\/2023\\\/08\\\/imagen-47973.jpg\",\"datePublished\":\"2023-08-04T10:25:25+00:00\",\"breadcrumb\":{\"@id\":\"http:\\\/\\\/www.radiohorizonte.fm\\\/radio\\\/2023\\\/08\\\/04\\\/salud-trabaja-en-un-proyecto-para-la-creacion-de-un-servicio-de-genetica-medica\\\/#breadcrumb\"},\"inLanguage\":\"es-AR\",\"potentialAction\":[{\"@type\":\"ReadAction\",\"target\":[\"http:\\\/\\\/www.radiohorizonte.fm\\\/radio\\\/2023\\\/08\\\/04\\\/salud-trabaja-en-un-proyecto-para-la-creacion-de-un-servicio-de-genetica-medica\\\/\"]}]},{\"@type\":\"ImageObject\",\"inLanguage\":\"es-AR\",\"@id\":\"http:\\\/\\\/www.radiohorizonte.fm\\\/radio\\\/2023\\\/08\\\/04\\\/salud-trabaja-en-un-proyecto-para-la-creacion-de-un-servicio-de-genetica-medica\\\/#primaryimage\",\"url\":\"http:\\\/\\\/www.radiohorizonte.fm\\\/radio\\\/wp-content\\\/uploads\\\/2023\\\/08\\\/imagen-47973.jpg\",\"contentUrl\":\"http:\\\/\\\/www.radiohorizonte.fm\\\/radio\\\/wp-content\\\/uploads\\\/2023\\\/08\\\/imagen-47973.jpg\",\"width\":1600,\"height\":1156},{\"@type\":\"BreadcrumbList\",\"@id\":\"http:\\\/\\\/www.radiohorizonte.fm\\\/radio\\\/2023\\\/08\\\/04\\\/salud-trabaja-en-un-proyecto-para-la-creacion-de-un-servicio-de-genetica-medica\\\/#breadcrumb\",\"itemListElement\":[{\"@type\":\"ListItem\",\"position\":1,\"name\":\"Home\",\"item\":\"http:\\\/\\\/www.radiohorizonte.fm\\\/radio\\\/\"},{\"@type\":\"ListItem\",\"position\":2,\"name\":\"Salud trabaja en un proyecto para la creaci\u00f3n de un servicio de Gen\u00e9tica M\u00e9dica\u00a0\"}]},{\"@type\":\"WebSite\",\"@id\":\"http:\\\/\\\/www.radiohorizonte.fm\\\/radio\\\/#website\",\"url\":\"http:\\\/\\\/www.radiohorizonte.fm\\\/radio\\\/\",\"name\":\"Horizonte\",\"description\":\"Radio Horizonte 106.1 - Una radio de clasicos\",\"publisher\":{\"@id\":\"http:\\\/\\\/www.radiohorizonte.fm\\\/radio\\\/#organization\"},\"potentialAction\":[{\"@type\":\"SearchAction\",\"target\":{\"@type\":\"EntryPoint\",\"urlTemplate\":\"http:\\\/\\\/www.radiohorizonte.fm\\\/radio\\\/?s={search_term_string}\"},\"query-input\":{\"@type\":\"PropertyValueSpecification\",\"valueRequired\":true,\"valueName\":\"search_term_string\"}}],\"inLanguage\":\"es-AR\"},{\"@type\":\"Organization\",\"@id\":\"http:\\\/\\\/www.radiohorizonte.fm\\\/radio\\\/#organization\",\"name\":\"Horizonte\",\"url\":\"http:\\\/\\\/www.radiohorizonte.fm\\\/radio\\\/\",\"logo\":{\"@type\":\"ImageObject\",\"inLanguage\":\"es-AR\",\"@id\":\"http:\\\/\\\/www.radiohorizonte.fm\\\/radio\\\/#\\\/schema\\\/logo\\\/image\\\/\",\"url\":\"http:\\\/\\\/www.radiohorizonte.fm\\\/radio\\\/wp-content\\\/uploads\\\/2025\\\/06\\\/Portada-FM-Horizonte_modelo-imagen-scaled.jpg\",\"contentUrl\":\"http:\\\/\\\/www.radiohorizonte.fm\\\/radio\\\/wp-content\\\/uploads\\\/2025\\\/06\\\/Portada-FM-Horizonte_modelo-imagen-scaled.jpg\",\"width\":2560,\"height\":1056,\"caption\":\"Horizonte\"},\"image\":{\"@id\":\"http:\\\/\\\/www.radiohorizonte.fm\\\/radio\\\/#\\\/schema\\\/logo\\\/image\\\/\"},\"sameAs\":[\"http:\\\/\\\/www.facebook.com\\\/HORIZONTE106.1\",\"https:\\\/\\\/x.com\\\/fmhorizonte1061\"]},{\"@type\":\"Person\",\"@id\":\"http:\\\/\\\/www.radiohorizonte.fm\\\/radio\\\/#\\\/schema\\\/person\\\/f8fa003a405bb86729fd87d15d0ddafa\",\"name\":\"Cristian Galarza\",\"image\":{\"@type\":\"ImageObject\",\"inLanguage\":\"es-AR\",\"@id\":\"https:\\\/\\\/secure.gravatar.com\\\/avatar\\\/fad34bc2c773209c05d7d53b08a69b680eeb55f3be014e52b31643d20ab65925?s=96&d=mm&r=g\",\"url\":\"https:\\\/\\\/secure.gravatar.com\\\/avatar\\\/fad34bc2c773209c05d7d53b08a69b680eeb55f3be014e52b31643d20ab65925?s=96&d=mm&r=g\",\"contentUrl\":\"https:\\\/\\\/secure.gravatar.com\\\/avatar\\\/fad34bc2c773209c05d7d53b08a69b680eeb55f3be014e52b31643d20ab65925?s=96&d=mm&r=g\",\"caption\":\"Cristian Galarza\"},\"url\":\"http:\\\/\\\/www.radiohorizonte.fm\\\/radio\\\/author\\\/cristian\\\/\"}]}<\/script>\n<!-- \/ Yoast SEO plugin. -->","yoast_head_json":{"title":"Salud trabaja en un proyecto para la creaci\u00f3n de un servicio de Gen\u00e9tica M\u00e9dica\u00a0 - Horizonte","robots":{"index":"index","follow":"follow","max-snippet":"max-snippet:-1","max-image-preview":"max-image-preview:large","max-video-preview":"max-video-preview:-1"},"canonical":"http:\/\/www.radiohorizonte.fm\/radio\/2023\/08\/04\/salud-trabaja-en-un-proyecto-para-la-creacion-de-un-servicio-de-genetica-medica\/","og_locale":"es_ES","og_type":"article","og_title":"Salud trabaja en un proyecto para la creaci\u00f3n de un servicio de Gen\u00e9tica M\u00e9dica\u00a0 - Horizonte","og_description":"Se trata de una ambiciosa propuesta que pondr\u00eda a Corrientes a la vanguardia en la regi\u00f3n en esa materia. Hoy, se realiz\u00f3 la primera reuni\u00f3n de evaluaci\u00f3n. El ministro de Salud P\u00fablica se reuni\u00f3 hoy con directivos y personal del Laboratorio Central de Redes y Programas y de la Direcci\u00f3n de Investigaci\u00f3n de la cartera","og_url":"http:\/\/www.radiohorizonte.fm\/radio\/2023\/08\/04\/salud-trabaja-en-un-proyecto-para-la-creacion-de-un-servicio-de-genetica-medica\/","og_site_name":"Horizonte","article_publisher":"http:\/\/www.facebook.com\/HORIZONTE106.1","article_published_time":"2023-08-04T10:25:25+00:00","og_image":[{"width":1600,"height":1156,"url":"http:\/\/www.radiohorizonte.fm\/radio\/wp-content\/uploads\/2023\/08\/imagen-47973.jpg","type":"image\/jpeg"}],"author":"Cristian Galarza","twitter_card":"summary_large_image","twitter_creator":"@fmhorizonte1061","twitter_site":"@fmhorizonte1061","twitter_misc":{"Escrito por":"Cristian Galarza","Tiempo de lectura":"2 minutos"},"schema":{"@context":"https:\/\/schema.org","@graph":[{"@type":"Article","@id":"http:\/\/www.radiohorizonte.fm\/radio\/2023\/08\/04\/salud-trabaja-en-un-proyecto-para-la-creacion-de-un-servicio-de-genetica-medica\/#article","isPartOf":{"@id":"http:\/\/www.radiohorizonte.fm\/radio\/2023\/08\/04\/salud-trabaja-en-un-proyecto-para-la-creacion-de-un-servicio-de-genetica-medica\/"},"author":{"name":"Cristian Galarza","@id":"http:\/\/www.radiohorizonte.fm\/radio\/#\/schema\/person\/f8fa003a405bb86729fd87d15d0ddafa"},"headline":"Salud trabaja en un proyecto para la creaci\u00f3n de un servicio de Gen\u00e9tica M\u00e9dica\u00a0","datePublished":"2023-08-04T10:25:25+00:00","mainEntityOfPage":{"@id":"http:\/\/www.radiohorizonte.fm\/radio\/2023\/08\/04\/salud-trabaja-en-un-proyecto-para-la-creacion-de-un-servicio-de-genetica-medica\/"},"wordCount":347,"publisher":{"@id":"http:\/\/www.radiohorizonte.fm\/radio\/#organization"},"image":{"@id":"http:\/\/www.radiohorizonte.fm\/radio\/2023\/08\/04\/salud-trabaja-en-un-proyecto-para-la-creacion-de-un-servicio-de-genetica-medica\/#primaryimage"},"thumbnailUrl":"http:\/\/www.radiohorizonte.fm\/radio\/wp-content\/uploads\/2023\/08\/imagen-47973.jpg","articleSection":["Noticias"],"inLanguage":"es-AR"},{"@type":"WebPage","@id":"http:\/\/www.radiohorizonte.fm\/radio\/2023\/08\/04\/salud-trabaja-en-un-proyecto-para-la-creacion-de-un-servicio-de-genetica-medica\/","url":"http:\/\/www.radiohorizonte.fm\/radio\/2023\/08\/04\/salud-trabaja-en-un-proyecto-para-la-creacion-de-un-servicio-de-genetica-medica\/","name":"Salud trabaja en un proyecto para la creaci\u00f3n de un servicio de Gen\u00e9tica M\u00e9dica\u00a0 - Horizonte","isPartOf":{"@id":"http:\/\/www.radiohorizonte.fm\/radio\/#website"},"primaryImageOfPage":{"@id":"http:\/\/www.radiohorizonte.fm\/radio\/2023\/08\/04\/salud-trabaja-en-un-proyecto-para-la-creacion-de-un-servicio-de-genetica-medica\/#primaryimage"},"image":{"@id":"http:\/\/www.radiohorizonte.fm\/radio\/2023\/08\/04\/salud-trabaja-en-un-proyecto-para-la-creacion-de-un-servicio-de-genetica-medica\/#primaryimage"},"thumbnailUrl":"http:\/\/www.radiohorizonte.fm\/radio\/wp-content\/uploads\/2023\/08\/imagen-47973.jpg","datePublished":"2023-08-04T10:25:25+00:00","breadcrumb":{"@id":"http:\/\/www.radiohorizonte.fm\/radio\/2023\/08\/04\/salud-trabaja-en-un-proyecto-para-la-creacion-de-un-servicio-de-genetica-medica\/#breadcrumb"},"inLanguage":"es-AR","potentialAction":[{"@type":"ReadAction","target":["http:\/\/www.radiohorizonte.fm\/radio\/2023\/08\/04\/salud-trabaja-en-un-proyecto-para-la-creacion-de-un-servicio-de-genetica-medica\/"]}]},{"@type":"ImageObject","inLanguage":"es-AR","@id":"http:\/\/www.radiohorizonte.fm\/radio\/2023\/08\/04\/salud-trabaja-en-un-proyecto-para-la-creacion-de-un-servicio-de-genetica-medica\/#primaryimage","url":"http:\/\/www.radiohorizonte.fm\/radio\/wp-content\/uploads\/2023\/08\/imagen-47973.jpg","contentUrl":"http:\/\/www.radiohorizonte.fm\/radio\/wp-content\/uploads\/2023\/08\/imagen-47973.jpg","width":1600,"height":1156},{"@type":"BreadcrumbList","@id":"http:\/\/www.radiohorizonte.fm\/radio\/2023\/08\/04\/salud-trabaja-en-un-proyecto-para-la-creacion-de-un-servicio-de-genetica-medica\/#breadcrumb","itemListElement":[{"@type":"ListItem","position":1,"name":"Home","item":"http:\/\/www.radiohorizonte.fm\/radio\/"},{"@type":"ListItem","position":2,"name":"Salud trabaja en un proyecto para la creaci\u00f3n de un servicio de Gen\u00e9tica M\u00e9dica\u00a0"}]},{"@type":"WebSite","@id":"http:\/\/www.radiohorizonte.fm\/radio\/#website","url":"http:\/\/www.radiohorizonte.fm\/radio\/","name":"Horizonte","description":"Radio Horizonte 106.1 - Una radio de clasicos","publisher":{"@id":"http:\/\/www.radiohorizonte.fm\/radio\/#organization"},"potentialAction":[{"@type":"SearchAction","target":{"@type":"EntryPoint","urlTemplate":"http:\/\/www.radiohorizonte.fm\/radio\/?s={search_term_string}"},"query-input":{"@type":"PropertyValueSpecification","valueRequired":true,"valueName":"search_term_string"}}],"inLanguage":"es-AR"},{"@type":"Organization","@id":"http:\/\/www.radiohorizonte.fm\/radio\/#organization","name":"Horizonte","url":"http:\/\/www.radiohorizonte.fm\/radio\/","logo":{"@type":"ImageObject","inLanguage":"es-AR","@id":"http:\/\/www.radiohorizonte.fm\/radio\/#\/schema\/logo\/image\/","url":"http:\/\/www.radiohorizonte.fm\/radio\/wp-content\/uploads\/2025\/06\/Portada-FM-Horizonte_modelo-imagen-scaled.jpg","contentUrl":"http:\/\/www.radiohorizonte.fm\/radio\/wp-content\/uploads\/2025\/06\/Portada-FM-Horizonte_modelo-imagen-scaled.jpg","width":2560,"height":1056,"caption":"Horizonte"},"image":{"@id":"http:\/\/www.radiohorizonte.fm\/radio\/#\/schema\/logo\/image\/"},"sameAs":["http:\/\/www.facebook.com\/HORIZONTE106.1","https:\/\/x.com\/fmhorizonte1061"]},{"@type":"Person","@id":"http:\/\/www.radiohorizonte.fm\/radio\/#\/schema\/person\/f8fa003a405bb86729fd87d15d0ddafa","name":"Cristian Galarza","image":{"@type":"ImageObject","inLanguage":"es-AR","@id":"https:\/\/secure.gravatar.com\/avatar\/fad34bc2c773209c05d7d53b08a69b680eeb55f3be014e52b31643d20ab65925?s=96&d=mm&r=g","url":"https:\/\/secure.gravatar.com\/avatar\/fad34bc2c773209c05d7d53b08a69b680eeb55f3be014e52b31643d20ab65925?s=96&d=mm&r=g","contentUrl":"https:\/\/secure.gravatar.com\/avatar\/fad34bc2c773209c05d7d53b08a69b680eeb55f3be014e52b31643d20ab65925?s=96&d=mm&r=g","caption":"Cristian Galarza"},"url":"http:\/\/www.radiohorizonte.fm\/radio\/author\/cristian\/"}]}},"_links":{"self":[{"href":"http:\/\/www.radiohorizonte.fm\/radio\/wp-json\/wp\/v2\/posts\/41653","targetHints":{"allow":["GET"]}}],"collection":[{"href":"http:\/\/www.radiohorizonte.fm\/radio\/wp-json\/wp\/v2\/posts"}],"about":[{"href":"http:\/\/www.radiohorizonte.fm\/radio\/wp-json\/wp\/v2\/types\/post"}],"author":[{"embeddable":true,"href":"http:\/\/www.radiohorizonte.fm\/radio\/wp-json\/wp\/v2\/users\/2"}],"replies":[{"embeddable":true,"href":"http:\/\/www.radiohorizonte.fm\/radio\/wp-json\/wp\/v2\/comments?post=41653"}],"version-history":[{"count":1,"href":"http:\/\/www.radiohorizonte.fm\/radio\/wp-json\/wp\/v2\/posts\/41653\/revisions"}],"predecessor-version":[{"id":41656,"href":"http:\/\/www.radiohorizonte.fm\/radio\/wp-json\/wp\/v2\/posts\/41653\/revisions\/41656"}],"wp:featuredmedia":[{"embeddable":true,"href":"http:\/\/www.radiohorizonte.fm\/radio\/wp-json\/wp\/v2\/media\/41654"}],"wp:attachment":[{"href":"http:\/\/www.radiohorizonte.fm\/radio\/wp-json\/wp\/v2\/media?parent=41653"}],"wp:term":[{"taxonomy":"category","embeddable":true,"href":"http:\/\/www.radiohorizonte.fm\/radio\/wp-json\/wp\/v2\/categories?post=41653"},{"taxonomy":"post_tag","embeddable":true,"href":"http:\/\/www.radiohorizonte.fm\/radio\/wp-json\/wp\/v2\/tags?post=41653"}],"curies":[{"name":"wp","href":"https:\/\/api.w.org\/{rel}","templated":true}]}}