{"id":41665,"date":"2023-08-04T11:33:38","date_gmt":"2023-08-04T14:33:38","guid":{"rendered":"http:\/\/www.radiohorizonte.fm\/radio\/?p=41665"},"modified":"2023-08-04T11:33:38","modified_gmt":"2023-08-04T14:33:38","slug":"el-papa-francisco-y-su-visita-la-argentina-puedo-confirmar-que-esta-en-programa","status":"publish","type":"post","link":"http:\/\/www.radiohorizonte.fm\/radio\/2023\/08\/04\/el-papa-francisco-y-su-visita-la-argentina-puedo-confirmar-que-esta-en-programa\/","title":{"rendered":"El Papa Francisco y su visita a la Argentina: &#8220;Puedo confirmar que est\u00e1 en programa&#8221;"},"content":{"rendered":"<div class=\"article__header max-width-md\">\n<p class=\"article__headline\">No es la primera vez que expresa su deseo de viajar al pa\u00eds. No descarta incluir a Uruguay en la visita.<\/p>\n<p><img loading=\"lazy\" decoding=\"async\" class=\"alignnone size-full wp-image-41666\" src=\"http:\/\/www.radiohorizonte.fm\/radio\/wp-content\/uploads\/2023\/08\/papa-francisco-1598228.jpg\" alt=\"\" width=\"987\" height=\"555\" srcset=\"http:\/\/www.radiohorizonte.fm\/radio\/wp-content\/uploads\/2023\/08\/papa-francisco-1598228.jpg 987w, http:\/\/www.radiohorizonte.fm\/radio\/wp-content\/uploads\/2023\/08\/papa-francisco-1598228-300x169.jpg 300w, http:\/\/www.radiohorizonte.fm\/radio\/wp-content\/uploads\/2023\/08\/papa-francisco-1598228-768x432.jpg 768w, http:\/\/www.radiohorizonte.fm\/radio\/wp-content\/uploads\/2023\/08\/papa-francisco-1598228-65x37.jpg 65w, http:\/\/www.radiohorizonte.fm\/radio\/wp-content\/uploads\/2023\/08\/papa-francisco-1598228-320x180.jpg 320w, http:\/\/www.radiohorizonte.fm\/radio\/wp-content\/uploads\/2023\/08\/papa-francisco-1598228-85x48.jpg 85w, http:\/\/www.radiohorizonte.fm\/radio\/wp-content\/uploads\/2023\/08\/papa-francisco-1598228-220x125.jpg 220w, http:\/\/www.radiohorizonte.fm\/radio\/wp-content\/uploads\/2023\/08\/papa-francisco-1598228-90x51.jpg 90w\" sizes=\"auto, (max-width: 987px) 100vw, 987px\" \/><\/p>\n<p>El\u00a0<strong>Papa Francisco<\/strong>\u00a0tiene planeado\u00a0realizar una\u00a0<strong>visita a Argentina\u00a0<\/strong>el pr\u00f3ximo a\u00f1o, ya pasadas las elecciones presidenciales y con un nuevo gobierno en funciones. Adem\u00e1s, est\u00e1 evaluando la\u00a0<strong>opci\u00f3n de viajar a\u00a0Uruguay<\/strong><\/p>\n<p><strong>\u201cPuedo confirmar que (Argentina) est\u00e1 en programa<\/strong>. Veremos si se puede hacer, una vez que pase el a\u00f1o electoral.\u00a0<strong>Terminadas las elecciones, se puede hacer<\/strong>\u201d, declar\u00f3 Jorge Bergoglio, sin dar fechas concretas, en una entrevista publicada este viernes en la revista espa\u00f1ola\u00a0<em>Vida Nueva<\/em>.<\/p>\n<p>Hace algunos meses, el Papa\u00a0<strong>manifest\u00f3 su voluntad de realizar un viaje a su pa\u00eds natal<\/strong>, y algunos medios\u00a0especulan que esta visita podr\u00eda llevarse a cabo en los primeros meses del pr\u00f3ximo a\u00f1o,\u00a0<strong>posiblemente en abril<\/strong>.<\/p>\n<p><img decoding=\"async\" src=\"https:\/\/fotos.perfil.com\/\/2023\/08\/03\/900\/0\/papa-francisco-en-portugal-1624010.jpg\" alt=\"Papa Francisco en Portugal\" \/><\/p>\n<p>\u201c<strong>En estos momentos solo pienso en Argentina<\/strong>\u2026 y quiz\u00e1s Uruguay. Ya hubo varios intentos antes, pero las elecciones frustraron la visita\u201d, declar\u00f3 el santo padre.<\/p>\n<p>Al ser consultado sobre su agenda de viajes m\u00e1s all\u00e1 de los ya anunciados oficialmente, el Papa\u00a0<strong>mencion\u00f3 la posibilidad de visitar Kosovo<\/strong>. Dej\u00f3 en claro que no tiene intenciones de realizar viajes a pa\u00edses m\u00e1s grandes de Europa \u201chasta que no haya concluido con las visitas a los pa\u00edses m\u00e1s peque\u00f1os\u201d.\u00a0<strong>\u201cEstamos trabajando en Kosovo, pero no est\u00e1 definido\u201d<\/strong>, asegur\u00f3.<\/p>\n<p>El Papa Francisco, de 86 a\u00f1os y quien fue sometido recientemente a una operaci\u00f3n de hernia, est\u00e1 actualmente en Lisboa para asistir a la\u00a0<strong>Jornada Mundial de la Juventud\u00a0<\/strong>(JMJ). A pesar de enfrentar dificultades para caminar debido a dolores en una de sus rodillas, lo que lo llev\u00f3 a utilizar una silla de ruedas, tiene un extenso programa planificado para su participaci\u00f3n en el evento.<\/p>\n<p><img decoding=\"async\" src=\"https:\/\/fotos.perfil.com\/\/2023\/08\/03\/900\/0\/papa-francisco-en-portugal-1623993.jpg\" alt=\"Papa Francisco en Portugal\" \/><\/p>\n<p>Durante su vuelo para liderar el evento m\u00e1s grande y multitudinario que organiza la Iglesia cat\u00f3lica, y donde re\u00fane a m\u00e1s de un mill\u00f3n de j\u00f3venes de todo el mundo, el Papa envi\u00f3 un mensaje a los argentinos a trav\u00e9s de\u00a0periodistas de\u00a0<em>C5N<\/em>\u00a0con los que comparti\u00f3 el viaje:\u00a0<strong>\u201cles deseo lo mejor siempre, que Dios los bendiga\u201d.<\/strong><\/p>\n<h2><strong>Su primer d\u00eda en Lisboa<\/strong><\/h2>\n<p>Tras una breve ceremonia de bienvenida en el aeropuerto, el Papa se dirigi\u00f3 al\u00a0<strong>Palacio Nacional de Bel\u00e9m<\/strong>, que actualmente sirve como residencia del presidente de la Rep\u00fablica. All\u00ed, Francisco sostuvo una\u00a0<strong>reuni\u00f3n privada con Rebelo de Sousa.<\/strong><\/p>\n<p>Luego\u00a0se desplaz\u00f3 al\u00a0<strong>Centro Cultural de Bel\u00e9m<\/strong>, donde fue recibido con honores y aplausos por m\u00e1s de 1.000 personas, entre autoridades, representantes del cuerpo diplom\u00e1tico y miembros de la sociedad civil. En este lugar, pronunci\u00f3 su\u00a0<strong>primer discurso<\/strong>\u00a0de car\u00e1cter m\u00e1s pol\u00edtico durante su visita a Portugal. Cabe recordar que en el a\u00f1o 2017 viaj\u00f3 al pa\u00eds, pero su visita se centr\u00f3 exclusivamente en F\u00e1tima.<\/p>\n<p><img decoding=\"async\" src=\"https:\/\/fotos.perfil.com\/\/2023\/08\/03\/900\/0\/papa-francisco-en-portugal-1623804.jpg\" alt=\"Papa Francisco en Portugal\" \/><\/p>\n<p>Finaliz\u00f3 su primera jornada en el\u00a0<strong>Monasterio de los Jer\u00f3nimos<\/strong>, donde mantuvo un encuentro con los integrantes de la Conferencia Episcopal portuguesa. Durante esta reuni\u00f3n, abord\u00f3 los alarmantes datos del reciente informe sobre\u00a0<strong>abusos sexuales a menores<\/strong>, que se\u00f1ala la existencia de 4.800 casos en los \u00faltimos 70 a\u00f1os.<\/p>\n<p>Despu\u00e9s de su estad\u00eda en Lisboa, Francisco tiene previsto viajar a\u00a0<strong>Mongolia<\/strong>\u00a0del 31 de agosto al 4 de septiembre. Solo unas semanas m\u00e1s tarde, del 22 al 23 de septiembre, tiene programado desplazarse a\u00a0<strong>Marsella<\/strong>, en el sur de Francia, para participar en los Encuentros del Mediterr\u00e1neo. Durante este evento, se espera la asistencia de alcaldes y obispos de la regi\u00f3n, adem\u00e1s de una\u00a0<strong>reuni\u00f3n con el presidente franc\u00e9s, Emmanuel Macron.<\/strong><\/p>\n<p>LT y Perfil<\/p>\n<\/div>\n<div class=\"col-fluid col-fluid-max col-fluid--clip\">\n<div class=\"article__media\">\n<figure class=\"article__image btn-open-gallery\"><picture class=\"cls-optimized\"><source srcset=\"https:\/\/fotos.perfil.com\/2023\/06\/28\/trim\/570\/321\/papa-francisco-1598228.jpg?webp\" type=\"image\/webp\" media=\"(max-width: 570px)\" \/><source srcset=\"https:\/\/fotos.perfil.com\/2023\/06\/28\/trim\/987\/555\/papa-francisco-1598228.jpg?webp\" type=\"image\/webp\" \/><source srcset=\"https:\/\/fotos.perfil.com\/2023\/06\/28\/trim\/570\/321\/papa-francisco-1598228.jpg\" media=\"(max-width: 570px)\" \/><\/picture><\/figure>\n<\/div>\n<\/div>\n","protected":false},"excerpt":{"rendered":"<div class=\"post-excerpt\"><p>No es la primera vez que expresa su deseo de viajar al pa\u00eds. No descarta incluir a Uruguay en la visita. El\u00a0Papa Francisco\u00a0tiene planeado\u00a0realizar una\u00a0visita a Argentina\u00a0el pr\u00f3ximo a\u00f1o, ya pasadas las elecciones presidenciales y con un nuevo gobierno en funciones. Adem\u00e1s, est\u00e1 evaluando la\u00a0opci\u00f3n de viajar a\u00a0Uruguay \u201cPuedo confirmar que (Argentina) est\u00e1 en programa.<\/p>\n<\/div>","protected":false},"author":2,"featured_media":41666,"comment_status":"closed","ping_status":"closed","sticky":false,"template":"","format":"standard","meta":{"_acf_changed":false,"footnotes":""},"categories":[2],"tags":[],"class_list":["post-41665","post","type-post","status-publish","format-standard","has-post-thumbnail","hentry","category-noticias"],"acf":[],"yoast_head":"<!-- This site is optimized with the Yoast SEO plugin v28.1 - https:\/\/yoast.com\/product\/yoast-seo-wordpress\/ -->\n<title>El Papa Francisco y su visita a la Argentina: &quot;Puedo confirmar que est\u00e1 en programa&quot; - Horizonte<\/title>\n<meta name=\"robots\" content=\"index, follow, max-snippet:-1, max-image-preview:large, max-video-preview:-1\" \/>\n<link rel=\"canonical\" href=\"http:\/\/www.radiohorizonte.fm\/radio\/2023\/08\/04\/el-papa-francisco-y-su-visita-la-argentina-puedo-confirmar-que-esta-en-programa\/\" \/>\n<meta property=\"og:locale\" content=\"es_ES\" \/>\n<meta property=\"og:type\" content=\"article\" \/>\n<meta property=\"og:title\" content=\"El Papa Francisco y su visita a la Argentina: &quot;Puedo confirmar que est\u00e1 en programa&quot; - Horizonte\" \/>\n<meta property=\"og:description\" content=\"No es la primera vez que expresa su deseo de viajar al pa\u00eds. No descarta incluir a Uruguay en la visita. El\u00a0Papa Francisco\u00a0tiene planeado\u00a0realizar una\u00a0visita a Argentina\u00a0el pr\u00f3ximo a\u00f1o, ya pasadas las elecciones presidenciales y con un nuevo gobierno en funciones. Adem\u00e1s, est\u00e1 evaluando la\u00a0opci\u00f3n de viajar a\u00a0Uruguay \u201cPuedo confirmar que (Argentina) est\u00e1 en programa.\" \/>\n<meta property=\"og:url\" content=\"http:\/\/www.radiohorizonte.fm\/radio\/2023\/08\/04\/el-papa-francisco-y-su-visita-la-argentina-puedo-confirmar-que-esta-en-programa\/\" \/>\n<meta property=\"og:site_name\" content=\"Horizonte\" \/>\n<meta property=\"article:publisher\" content=\"http:\/\/www.facebook.com\/HORIZONTE106.1\" \/>\n<meta property=\"article:published_time\" content=\"2023-08-04T14:33:38+00:00\" \/>\n<meta property=\"og:image\" content=\"http:\/\/www.radiohorizonte.fm\/radio\/wp-content\/uploads\/2023\/08\/papa-francisco-1598228.jpg\" \/>\n\t<meta property=\"og:image:width\" content=\"987\" \/>\n\t<meta property=\"og:image:height\" content=\"555\" \/>\n\t<meta property=\"og:image:type\" content=\"image\/jpeg\" \/>\n<meta name=\"author\" content=\"Cristian Galarza\" \/>\n<meta name=\"twitter:card\" content=\"summary_large_image\" \/>\n<meta name=\"twitter:creator\" content=\"@fmhorizonte1061\" \/>\n<meta name=\"twitter:site\" content=\"@fmhorizonte1061\" \/>\n<meta name=\"twitter:label1\" content=\"Escrito por\" \/>\n\t<meta name=\"twitter:data1\" content=\"Cristian Galarza\" \/>\n\t<meta name=\"twitter:label2\" content=\"Tiempo de lectura\" \/>\n\t<meta name=\"twitter:data2\" content=\"3 minutos\" \/>\n<script type=\"application\/ld+json\" class=\"yoast-schema-graph\">{\"@context\":\"https:\\\/\\\/schema.org\",\"@graph\":[{\"@type\":\"Article\",\"@id\":\"http:\\\/\\\/www.radiohorizonte.fm\\\/radio\\\/2023\\\/08\\\/04\\\/el-papa-francisco-y-su-visita-la-argentina-puedo-confirmar-que-esta-en-programa\\\/#article\",\"isPartOf\":{\"@id\":\"http:\\\/\\\/www.radiohorizonte.fm\\\/radio\\\/2023\\\/08\\\/04\\\/el-papa-francisco-y-su-visita-la-argentina-puedo-confirmar-que-esta-en-programa\\\/\"},\"author\":{\"name\":\"Cristian Galarza\",\"@id\":\"http:\\\/\\\/www.radiohorizonte.fm\\\/radio\\\/#\\\/schema\\\/person\\\/f8fa003a405bb86729fd87d15d0ddafa\"},\"headline\":\"El Papa Francisco y su visita a la Argentina: &#8220;Puedo confirmar que est\u00e1 en programa&#8221;\",\"datePublished\":\"2023-08-04T14:33:38+00:00\",\"mainEntityOfPage\":{\"@id\":\"http:\\\/\\\/www.radiohorizonte.fm\\\/radio\\\/2023\\\/08\\\/04\\\/el-papa-francisco-y-su-visita-la-argentina-puedo-confirmar-que-esta-en-programa\\\/\"},\"wordCount\":640,\"publisher\":{\"@id\":\"http:\\\/\\\/www.radiohorizonte.fm\\\/radio\\\/#organization\"},\"image\":{\"@id\":\"http:\\\/\\\/www.radiohorizonte.fm\\\/radio\\\/2023\\\/08\\\/04\\\/el-papa-francisco-y-su-visita-la-argentina-puedo-confirmar-que-esta-en-programa\\\/#primaryimage\"},\"thumbnailUrl\":\"http:\\\/\\\/www.radiohorizonte.fm\\\/radio\\\/wp-content\\\/uploads\\\/2023\\\/08\\\/papa-francisco-1598228.jpg\",\"articleSection\":[\"Noticias\"],\"inLanguage\":\"es-AR\"},{\"@type\":\"WebPage\",\"@id\":\"http:\\\/\\\/www.radiohorizonte.fm\\\/radio\\\/2023\\\/08\\\/04\\\/el-papa-francisco-y-su-visita-la-argentina-puedo-confirmar-que-esta-en-programa\\\/\",\"url\":\"http:\\\/\\\/www.radiohorizonte.fm\\\/radio\\\/2023\\\/08\\\/04\\\/el-papa-francisco-y-su-visita-la-argentina-puedo-confirmar-que-esta-en-programa\\\/\",\"name\":\"El Papa Francisco y su visita a la Argentina: \\\"Puedo confirmar que est\u00e1 en programa\\\" - Horizonte\",\"isPartOf\":{\"@id\":\"http:\\\/\\\/www.radiohorizonte.fm\\\/radio\\\/#website\"},\"primaryImageOfPage\":{\"@id\":\"http:\\\/\\\/www.radiohorizonte.fm\\\/radio\\\/2023\\\/08\\\/04\\\/el-papa-francisco-y-su-visita-la-argentina-puedo-confirmar-que-esta-en-programa\\\/#primaryimage\"},\"image\":{\"@id\":\"http:\\\/\\\/www.radiohorizonte.fm\\\/radio\\\/2023\\\/08\\\/04\\\/el-papa-francisco-y-su-visita-la-argentina-puedo-confirmar-que-esta-en-programa\\\/#primaryimage\"},\"thumbnailUrl\":\"http:\\\/\\\/www.radiohorizonte.fm\\\/radio\\\/wp-content\\\/uploads\\\/2023\\\/08\\\/papa-francisco-1598228.jpg\",\"datePublished\":\"2023-08-04T14:33:38+00:00\",\"breadcrumb\":{\"@id\":\"http:\\\/\\\/www.radiohorizonte.fm\\\/radio\\\/2023\\\/08\\\/04\\\/el-papa-francisco-y-su-visita-la-argentina-puedo-confirmar-que-esta-en-programa\\\/#breadcrumb\"},\"inLanguage\":\"es-AR\",\"potentialAction\":[{\"@type\":\"ReadAction\",\"target\":[\"http:\\\/\\\/www.radiohorizonte.fm\\\/radio\\\/2023\\\/08\\\/04\\\/el-papa-francisco-y-su-visita-la-argentina-puedo-confirmar-que-esta-en-programa\\\/\"]}]},{\"@type\":\"ImageObject\",\"inLanguage\":\"es-AR\",\"@id\":\"http:\\\/\\\/www.radiohorizonte.fm\\\/radio\\\/2023\\\/08\\\/04\\\/el-papa-francisco-y-su-visita-la-argentina-puedo-confirmar-que-esta-en-programa\\\/#primaryimage\",\"url\":\"http:\\\/\\\/www.radiohorizonte.fm\\\/radio\\\/wp-content\\\/uploads\\\/2023\\\/08\\\/papa-francisco-1598228.jpg\",\"contentUrl\":\"http:\\\/\\\/www.radiohorizonte.fm\\\/radio\\\/wp-content\\\/uploads\\\/2023\\\/08\\\/papa-francisco-1598228.jpg\",\"width\":987,\"height\":555},{\"@type\":\"BreadcrumbList\",\"@id\":\"http:\\\/\\\/www.radiohorizonte.fm\\\/radio\\\/2023\\\/08\\\/04\\\/el-papa-francisco-y-su-visita-la-argentina-puedo-confirmar-que-esta-en-programa\\\/#breadcrumb\",\"itemListElement\":[{\"@type\":\"ListItem\",\"position\":1,\"name\":\"Home\",\"item\":\"http:\\\/\\\/www.radiohorizonte.fm\\\/radio\\\/\"},{\"@type\":\"ListItem\",\"position\":2,\"name\":\"El Papa Francisco y su visita a la Argentina: &#8220;Puedo confirmar que est\u00e1 en programa&#8221;\"}]},{\"@type\":\"WebSite\",\"@id\":\"http:\\\/\\\/www.radiohorizonte.fm\\\/radio\\\/#website\",\"url\":\"http:\\\/\\\/www.radiohorizonte.fm\\\/radio\\\/\",\"name\":\"Horizonte\",\"description\":\"Radio Horizonte 106.1 - Una radio de clasicos\",\"publisher\":{\"@id\":\"http:\\\/\\\/www.radiohorizonte.fm\\\/radio\\\/#organization\"},\"potentialAction\":[{\"@type\":\"SearchAction\",\"target\":{\"@type\":\"EntryPoint\",\"urlTemplate\":\"http:\\\/\\\/www.radiohorizonte.fm\\\/radio\\\/?s={search_term_string}\"},\"query-input\":{\"@type\":\"PropertyValueSpecification\",\"valueRequired\":true,\"valueName\":\"search_term_string\"}}],\"inLanguage\":\"es-AR\"},{\"@type\":\"Organization\",\"@id\":\"http:\\\/\\\/www.radiohorizonte.fm\\\/radio\\\/#organization\",\"name\":\"Horizonte\",\"url\":\"http:\\\/\\\/www.radiohorizonte.fm\\\/radio\\\/\",\"logo\":{\"@type\":\"ImageObject\",\"inLanguage\":\"es-AR\",\"@id\":\"http:\\\/\\\/www.radiohorizonte.fm\\\/radio\\\/#\\\/schema\\\/logo\\\/image\\\/\",\"url\":\"http:\\\/\\\/www.radiohorizonte.fm\\\/radio\\\/wp-content\\\/uploads\\\/2025\\\/06\\\/Portada-FM-Horizonte_modelo-imagen-scaled.jpg\",\"contentUrl\":\"http:\\\/\\\/www.radiohorizonte.fm\\\/radio\\\/wp-content\\\/uploads\\\/2025\\\/06\\\/Portada-FM-Horizonte_modelo-imagen-scaled.jpg\",\"width\":2560,\"height\":1056,\"caption\":\"Horizonte\"},\"image\":{\"@id\":\"http:\\\/\\\/www.radiohorizonte.fm\\\/radio\\\/#\\\/schema\\\/logo\\\/image\\\/\"},\"sameAs\":[\"http:\\\/\\\/www.facebook.com\\\/HORIZONTE106.1\",\"https:\\\/\\\/x.com\\\/fmhorizonte1061\"]},{\"@type\":\"Person\",\"@id\":\"http:\\\/\\\/www.radiohorizonte.fm\\\/radio\\\/#\\\/schema\\\/person\\\/f8fa003a405bb86729fd87d15d0ddafa\",\"name\":\"Cristian Galarza\",\"image\":{\"@type\":\"ImageObject\",\"inLanguage\":\"es-AR\",\"@id\":\"https:\\\/\\\/secure.gravatar.com\\\/avatar\\\/fad34bc2c773209c05d7d53b08a69b680eeb55f3be014e52b31643d20ab65925?s=96&d=mm&r=g\",\"url\":\"https:\\\/\\\/secure.gravatar.com\\\/avatar\\\/fad34bc2c773209c05d7d53b08a69b680eeb55f3be014e52b31643d20ab65925?s=96&d=mm&r=g\",\"contentUrl\":\"https:\\\/\\\/secure.gravatar.com\\\/avatar\\\/fad34bc2c773209c05d7d53b08a69b680eeb55f3be014e52b31643d20ab65925?s=96&d=mm&r=g\",\"caption\":\"Cristian Galarza\"},\"url\":\"http:\\\/\\\/www.radiohorizonte.fm\\\/radio\\\/author\\\/cristian\\\/\"}]}<\/script>\n<!-- \/ Yoast SEO plugin. -->","yoast_head_json":{"title":"El Papa Francisco y su visita a la Argentina: \"Puedo confirmar que est\u00e1 en programa\" - Horizonte","robots":{"index":"index","follow":"follow","max-snippet":"max-snippet:-1","max-image-preview":"max-image-preview:large","max-video-preview":"max-video-preview:-1"},"canonical":"http:\/\/www.radiohorizonte.fm\/radio\/2023\/08\/04\/el-papa-francisco-y-su-visita-la-argentina-puedo-confirmar-que-esta-en-programa\/","og_locale":"es_ES","og_type":"article","og_title":"El Papa Francisco y su visita a la Argentina: \"Puedo confirmar que est\u00e1 en programa\" - Horizonte","og_description":"No es la primera vez que expresa su deseo de viajar al pa\u00eds. No descarta incluir a Uruguay en la visita. El\u00a0Papa Francisco\u00a0tiene planeado\u00a0realizar una\u00a0visita a Argentina\u00a0el pr\u00f3ximo a\u00f1o, ya pasadas las elecciones presidenciales y con un nuevo gobierno en funciones. Adem\u00e1s, est\u00e1 evaluando la\u00a0opci\u00f3n de viajar a\u00a0Uruguay \u201cPuedo confirmar que (Argentina) est\u00e1 en programa.","og_url":"http:\/\/www.radiohorizonte.fm\/radio\/2023\/08\/04\/el-papa-francisco-y-su-visita-la-argentina-puedo-confirmar-que-esta-en-programa\/","og_site_name":"Horizonte","article_publisher":"http:\/\/www.facebook.com\/HORIZONTE106.1","article_published_time":"2023-08-04T14:33:38+00:00","og_image":[{"width":987,"height":555,"url":"http:\/\/www.radiohorizonte.fm\/radio\/wp-content\/uploads\/2023\/08\/papa-francisco-1598228.jpg","type":"image\/jpeg"}],"author":"Cristian Galarza","twitter_card":"summary_large_image","twitter_creator":"@fmhorizonte1061","twitter_site":"@fmhorizonte1061","twitter_misc":{"Escrito por":"Cristian Galarza","Tiempo de lectura":"3 minutos"},"schema":{"@context":"https:\/\/schema.org","@graph":[{"@type":"Article","@id":"http:\/\/www.radiohorizonte.fm\/radio\/2023\/08\/04\/el-papa-francisco-y-su-visita-la-argentina-puedo-confirmar-que-esta-en-programa\/#article","isPartOf":{"@id":"http:\/\/www.radiohorizonte.fm\/radio\/2023\/08\/04\/el-papa-francisco-y-su-visita-la-argentina-puedo-confirmar-que-esta-en-programa\/"},"author":{"name":"Cristian Galarza","@id":"http:\/\/www.radiohorizonte.fm\/radio\/#\/schema\/person\/f8fa003a405bb86729fd87d15d0ddafa"},"headline":"El Papa Francisco y su visita a la Argentina: &#8220;Puedo confirmar que est\u00e1 en programa&#8221;","datePublished":"2023-08-04T14:33:38+00:00","mainEntityOfPage":{"@id":"http:\/\/www.radiohorizonte.fm\/radio\/2023\/08\/04\/el-papa-francisco-y-su-visita-la-argentina-puedo-confirmar-que-esta-en-programa\/"},"wordCount":640,"publisher":{"@id":"http:\/\/www.radiohorizonte.fm\/radio\/#organization"},"image":{"@id":"http:\/\/www.radiohorizonte.fm\/radio\/2023\/08\/04\/el-papa-francisco-y-su-visita-la-argentina-puedo-confirmar-que-esta-en-programa\/#primaryimage"},"thumbnailUrl":"http:\/\/www.radiohorizonte.fm\/radio\/wp-content\/uploads\/2023\/08\/papa-francisco-1598228.jpg","articleSection":["Noticias"],"inLanguage":"es-AR"},{"@type":"WebPage","@id":"http:\/\/www.radiohorizonte.fm\/radio\/2023\/08\/04\/el-papa-francisco-y-su-visita-la-argentina-puedo-confirmar-que-esta-en-programa\/","url":"http:\/\/www.radiohorizonte.fm\/radio\/2023\/08\/04\/el-papa-francisco-y-su-visita-la-argentina-puedo-confirmar-que-esta-en-programa\/","name":"El Papa Francisco y su visita a la Argentina: \"Puedo confirmar que est\u00e1 en programa\" - Horizonte","isPartOf":{"@id":"http:\/\/www.radiohorizonte.fm\/radio\/#website"},"primaryImageOfPage":{"@id":"http:\/\/www.radiohorizonte.fm\/radio\/2023\/08\/04\/el-papa-francisco-y-su-visita-la-argentina-puedo-confirmar-que-esta-en-programa\/#primaryimage"},"image":{"@id":"http:\/\/www.radiohorizonte.fm\/radio\/2023\/08\/04\/el-papa-francisco-y-su-visita-la-argentina-puedo-confirmar-que-esta-en-programa\/#primaryimage"},"thumbnailUrl":"http:\/\/www.radiohorizonte.fm\/radio\/wp-content\/uploads\/2023\/08\/papa-francisco-1598228.jpg","datePublished":"2023-08-04T14:33:38+00:00","breadcrumb":{"@id":"http:\/\/www.radiohorizonte.fm\/radio\/2023\/08\/04\/el-papa-francisco-y-su-visita-la-argentina-puedo-confirmar-que-esta-en-programa\/#breadcrumb"},"inLanguage":"es-AR","potentialAction":[{"@type":"ReadAction","target":["http:\/\/www.radiohorizonte.fm\/radio\/2023\/08\/04\/el-papa-francisco-y-su-visita-la-argentina-puedo-confirmar-que-esta-en-programa\/"]}]},{"@type":"ImageObject","inLanguage":"es-AR","@id":"http:\/\/www.radiohorizonte.fm\/radio\/2023\/08\/04\/el-papa-francisco-y-su-visita-la-argentina-puedo-confirmar-que-esta-en-programa\/#primaryimage","url":"http:\/\/www.radiohorizonte.fm\/radio\/wp-content\/uploads\/2023\/08\/papa-francisco-1598228.jpg","contentUrl":"http:\/\/www.radiohorizonte.fm\/radio\/wp-content\/uploads\/2023\/08\/papa-francisco-1598228.jpg","width":987,"height":555},{"@type":"BreadcrumbList","@id":"http:\/\/www.radiohorizonte.fm\/radio\/2023\/08\/04\/el-papa-francisco-y-su-visita-la-argentina-puedo-confirmar-que-esta-en-programa\/#breadcrumb","itemListElement":[{"@type":"ListItem","position":1,"name":"Home","item":"http:\/\/www.radiohorizonte.fm\/radio\/"},{"@type":"ListItem","position":2,"name":"El Papa Francisco y su visita a la Argentina: &#8220;Puedo confirmar que est\u00e1 en programa&#8221;"}]},{"@type":"WebSite","@id":"http:\/\/www.radiohorizonte.fm\/radio\/#website","url":"http:\/\/www.radiohorizonte.fm\/radio\/","name":"Horizonte","description":"Radio Horizonte 106.1 - Una radio de clasicos","publisher":{"@id":"http:\/\/www.radiohorizonte.fm\/radio\/#organization"},"potentialAction":[{"@type":"SearchAction","target":{"@type":"EntryPoint","urlTemplate":"http:\/\/www.radiohorizonte.fm\/radio\/?s={search_term_string}"},"query-input":{"@type":"PropertyValueSpecification","valueRequired":true,"valueName":"search_term_string"}}],"inLanguage":"es-AR"},{"@type":"Organization","@id":"http:\/\/www.radiohorizonte.fm\/radio\/#organization","name":"Horizonte","url":"http:\/\/www.radiohorizonte.fm\/radio\/","logo":{"@type":"ImageObject","inLanguage":"es-AR","@id":"http:\/\/www.radiohorizonte.fm\/radio\/#\/schema\/logo\/image\/","url":"http:\/\/www.radiohorizonte.fm\/radio\/wp-content\/uploads\/2025\/06\/Portada-FM-Horizonte_modelo-imagen-scaled.jpg","contentUrl":"http:\/\/www.radiohorizonte.fm\/radio\/wp-content\/uploads\/2025\/06\/Portada-FM-Horizonte_modelo-imagen-scaled.jpg","width":2560,"height":1056,"caption":"Horizonte"},"image":{"@id":"http:\/\/www.radiohorizonte.fm\/radio\/#\/schema\/logo\/image\/"},"sameAs":["http:\/\/www.facebook.com\/HORIZONTE106.1","https:\/\/x.com\/fmhorizonte1061"]},{"@type":"Person","@id":"http:\/\/www.radiohorizonte.fm\/radio\/#\/schema\/person\/f8fa003a405bb86729fd87d15d0ddafa","name":"Cristian Galarza","image":{"@type":"ImageObject","inLanguage":"es-AR","@id":"https:\/\/secure.gravatar.com\/avatar\/fad34bc2c773209c05d7d53b08a69b680eeb55f3be014e52b31643d20ab65925?s=96&d=mm&r=g","url":"https:\/\/secure.gravatar.com\/avatar\/fad34bc2c773209c05d7d53b08a69b680eeb55f3be014e52b31643d20ab65925?s=96&d=mm&r=g","contentUrl":"https:\/\/secure.gravatar.com\/avatar\/fad34bc2c773209c05d7d53b08a69b680eeb55f3be014e52b31643d20ab65925?s=96&d=mm&r=g","caption":"Cristian Galarza"},"url":"http:\/\/www.radiohorizonte.fm\/radio\/author\/cristian\/"}]}},"_links":{"self":[{"href":"http:\/\/www.radiohorizonte.fm\/radio\/wp-json\/wp\/v2\/posts\/41665","targetHints":{"allow":["GET"]}}],"collection":[{"href":"http:\/\/www.radiohorizonte.fm\/radio\/wp-json\/wp\/v2\/posts"}],"about":[{"href":"http:\/\/www.radiohorizonte.fm\/radio\/wp-json\/wp\/v2\/types\/post"}],"author":[{"embeddable":true,"href":"http:\/\/www.radiohorizonte.fm\/radio\/wp-json\/wp\/v2\/users\/2"}],"replies":[{"embeddable":true,"href":"http:\/\/www.radiohorizonte.fm\/radio\/wp-json\/wp\/v2\/comments?post=41665"}],"version-history":[{"count":1,"href":"http:\/\/www.radiohorizonte.fm\/radio\/wp-json\/wp\/v2\/posts\/41665\/revisions"}],"predecessor-version":[{"id":41667,"href":"http:\/\/www.radiohorizonte.fm\/radio\/wp-json\/wp\/v2\/posts\/41665\/revisions\/41667"}],"wp:featuredmedia":[{"embeddable":true,"href":"http:\/\/www.radiohorizonte.fm\/radio\/wp-json\/wp\/v2\/media\/41666"}],"wp:attachment":[{"href":"http:\/\/www.radiohorizonte.fm\/radio\/wp-json\/wp\/v2\/media?parent=41665"}],"wp:term":[{"taxonomy":"category","embeddable":true,"href":"http:\/\/www.radiohorizonte.fm\/radio\/wp-json\/wp\/v2\/categories?post=41665"},{"taxonomy":"post_tag","embeddable":true,"href":"http:\/\/www.radiohorizonte.fm\/radio\/wp-json\/wp\/v2\/tags?post=41665"}],"curies":[{"name":"wp","href":"https:\/\/api.w.org\/{rel}","templated":true}]}}