{"id":41669,"date":"2023-08-07T07:16:41","date_gmt":"2023-08-07T10:16:41","guid":{"rendered":"http:\/\/www.radiohorizonte.fm\/radio\/?p=41669"},"modified":"2023-08-07T07:16:41","modified_gmt":"2023-08-07T10:16:41","slug":"se-logro-controlar-un-incendio-en-el-parque-nacional-mburucuya","status":"publish","type":"post","link":"http:\/\/www.radiohorizonte.fm\/radio\/2023\/08\/07\/se-logro-controlar-un-incendio-en-el-parque-nacional-mburucuya\/","title":{"rendered":"Se logr\u00f3 controlar un incendio en el Parque Nacional Mburucuy\u00e1"},"content":{"rendered":"<p>Se logr\u00f3 controlar un incendi\u00f3 que afect\u00f3 durante el domingo al Parque Nacional Mburucuy\u00e1. El foco \u00edgneo comenz\u00f3 en un campo aleda\u00f1o, cercano al r\u00edo Santa Luc\u00eda, y se propag\u00f3 hasta el Parque afectando a unas 6 hect\u00e1reas aproximadamente.<\/p>\n<p><img loading=\"lazy\" decoding=\"async\" class=\"alignnone size-full wp-image-41670\" src=\"http:\/\/www.radiohorizonte.fm\/radio\/wp-content\/uploads\/2023\/08\/1691371681970.jpg\" alt=\"\" width=\"770\" height=\"440\" srcset=\"http:\/\/www.radiohorizonte.fm\/radio\/wp-content\/uploads\/2023\/08\/1691371681970.jpg 770w, http:\/\/www.radiohorizonte.fm\/radio\/wp-content\/uploads\/2023\/08\/1691371681970-300x171.jpg 300w, http:\/\/www.radiohorizonte.fm\/radio\/wp-content\/uploads\/2023\/08\/1691371681970-768x439.jpg 768w, http:\/\/www.radiohorizonte.fm\/radio\/wp-content\/uploads\/2023\/08\/1691371681970-65x37.jpg 65w, http:\/\/www.radiohorizonte.fm\/radio\/wp-content\/uploads\/2023\/08\/1691371681970-320x183.jpg 320w, http:\/\/www.radiohorizonte.fm\/radio\/wp-content\/uploads\/2023\/08\/1691371681970-85x49.jpg 85w, http:\/\/www.radiohorizonte.fm\/radio\/wp-content\/uploads\/2023\/08\/1691371681970-220x125.jpg 220w, http:\/\/www.radiohorizonte.fm\/radio\/wp-content\/uploads\/2023\/08\/1691371681970-90x51.jpg 90w\" sizes=\"auto, (max-width: 770px) 100vw, 770px\" \/><\/p>\n<p>El r\u00e1pido accionar del personal de Bomberos Voluntarios, del Parque Nacional y de la Brigada de Incendios Forestales (Brif) de la Polic\u00eda con asiento en Santa Rosa permiti\u00f3 reducir el incendio y se determin\u00f3, que quede una \u201cguardia de cenizas\u201d en el lugar. \u201cEl fuego comenz\u00f3 en un campo aleda\u00f1o al Parque, en una zona de esteros del r\u00edo Santa Luc\u00eda\u201d, coment\u00f3 a El Litoral, Pablo Guastavino, intendente de Mburucuy\u00e1. \u201cFue importante el accionar en conjunto de los bomberos, de la gente del Parque y la brigada especial que lleg\u00f3 desde Santa Rosa. Se lleg\u00f3 controlar el fuego pero quedar\u00e1n algunos efectivos para controlar la zona\u201d, agreg\u00f3.<\/p>\n<p>Desde Mburucuy\u00e1 informaron que en este caso, el viento ayud\u00f3 a que el fuego tome rumbo hacia el r\u00edo Santa Luc\u00eda y eso evit\u00f3 que se vean afectadas m\u00e1s hect\u00e1reas.<\/p>\n<p>La provincia de Corrientes se encuentra en alerta amarilla por el alto \u00edndice de riesgo de fuego, as\u00ed lo determin\u00f3 la Direcci\u00f3n de Recursos Forestales y el Comando Operativo de Emergencias debido a la sequ\u00eda reinante y la falta de lluvias.<\/p>\n<p>Fuente: El Litoral<\/p>\n","protected":false},"excerpt":{"rendered":"<div class=\"post-excerpt\"><p>Se logr\u00f3 controlar un incendi\u00f3 que afect\u00f3 durante el domingo al Parque Nacional Mburucuy\u00e1. El foco \u00edgneo comenz\u00f3 en un campo aleda\u00f1o, cercano al r\u00edo Santa Luc\u00eda, y se propag\u00f3 hasta el Parque afectando a unas 6 hect\u00e1reas aproximadamente. El r\u00e1pido accionar del personal de Bomberos Voluntarios, del Parque Nacional y de la Brigada de<\/p>\n<\/div>","protected":false},"author":2,"featured_media":41670,"comment_status":"closed","ping_status":"closed","sticky":false,"template":"","format":"standard","meta":{"_acf_changed":false,"footnotes":""},"categories":[2],"tags":[],"class_list":["post-41669","post","type-post","status-publish","format-standard","has-post-thumbnail","hentry","category-noticias"],"acf":[],"yoast_head":"<!-- This site is optimized with the Yoast SEO plugin v28.1 - https:\/\/yoast.com\/product\/yoast-seo-wordpress\/ -->\n<title>Se logr\u00f3 controlar un incendio en el Parque Nacional Mburucuy\u00e1 - Horizonte<\/title>\n<meta name=\"robots\" content=\"index, follow, max-snippet:-1, max-image-preview:large, max-video-preview:-1\" \/>\n<link rel=\"canonical\" href=\"http:\/\/www.radiohorizonte.fm\/radio\/2023\/08\/07\/se-logro-controlar-un-incendio-en-el-parque-nacional-mburucuya\/\" \/>\n<meta property=\"og:locale\" content=\"es_ES\" \/>\n<meta property=\"og:type\" content=\"article\" \/>\n<meta property=\"og:title\" content=\"Se logr\u00f3 controlar un incendio en el Parque Nacional Mburucuy\u00e1 - Horizonte\" \/>\n<meta property=\"og:description\" content=\"Se logr\u00f3 controlar un incendi\u00f3 que afect\u00f3 durante el domingo al Parque Nacional Mburucuy\u00e1. El foco \u00edgneo comenz\u00f3 en un campo aleda\u00f1o, cercano al r\u00edo Santa Luc\u00eda, y se propag\u00f3 hasta el Parque afectando a unas 6 hect\u00e1reas aproximadamente. El r\u00e1pido accionar del personal de Bomberos Voluntarios, del Parque Nacional y de la Brigada de\" \/>\n<meta property=\"og:url\" content=\"http:\/\/www.radiohorizonte.fm\/radio\/2023\/08\/07\/se-logro-controlar-un-incendio-en-el-parque-nacional-mburucuya\/\" \/>\n<meta property=\"og:site_name\" content=\"Horizonte\" \/>\n<meta property=\"article:publisher\" content=\"http:\/\/www.facebook.com\/HORIZONTE106.1\" \/>\n<meta property=\"article:published_time\" content=\"2023-08-07T10:16:41+00:00\" \/>\n<meta property=\"og:image\" content=\"http:\/\/www.radiohorizonte.fm\/radio\/wp-content\/uploads\/2023\/08\/1691371681970.jpg\" \/>\n\t<meta property=\"og:image:width\" content=\"770\" \/>\n\t<meta property=\"og:image:height\" content=\"440\" \/>\n\t<meta property=\"og:image:type\" content=\"image\/jpeg\" \/>\n<meta name=\"author\" content=\"Cristian Galarza\" \/>\n<meta name=\"twitter:card\" content=\"summary_large_image\" \/>\n<meta name=\"twitter:creator\" content=\"@fmhorizonte1061\" \/>\n<meta name=\"twitter:site\" content=\"@fmhorizonte1061\" \/>\n<meta name=\"twitter:label1\" content=\"Escrito por\" \/>\n\t<meta name=\"twitter:data1\" content=\"Cristian Galarza\" \/>\n\t<meta name=\"twitter:label2\" content=\"Tiempo de lectura\" \/>\n\t<meta name=\"twitter:data2\" content=\"1 minuto\" \/>\n<script type=\"application\/ld+json\" class=\"yoast-schema-graph\">{\"@context\":\"https:\\\/\\\/schema.org\",\"@graph\":[{\"@type\":\"Article\",\"@id\":\"http:\\\/\\\/www.radiohorizonte.fm\\\/radio\\\/2023\\\/08\\\/07\\\/se-logro-controlar-un-incendio-en-el-parque-nacional-mburucuya\\\/#article\",\"isPartOf\":{\"@id\":\"http:\\\/\\\/www.radiohorizonte.fm\\\/radio\\\/2023\\\/08\\\/07\\\/se-logro-controlar-un-incendio-en-el-parque-nacional-mburucuya\\\/\"},\"author\":{\"name\":\"Cristian Galarza\",\"@id\":\"http:\\\/\\\/www.radiohorizonte.fm\\\/radio\\\/#\\\/schema\\\/person\\\/f8fa003a405bb86729fd87d15d0ddafa\"},\"headline\":\"Se logr\u00f3 controlar un incendio en el Parque Nacional Mburucuy\u00e1\",\"datePublished\":\"2023-08-07T10:16:41+00:00\",\"mainEntityOfPage\":{\"@id\":\"http:\\\/\\\/www.radiohorizonte.fm\\\/radio\\\/2023\\\/08\\\/07\\\/se-logro-controlar-un-incendio-en-el-parque-nacional-mburucuya\\\/\"},\"wordCount\":245,\"publisher\":{\"@id\":\"http:\\\/\\\/www.radiohorizonte.fm\\\/radio\\\/#organization\"},\"image\":{\"@id\":\"http:\\\/\\\/www.radiohorizonte.fm\\\/radio\\\/2023\\\/08\\\/07\\\/se-logro-controlar-un-incendio-en-el-parque-nacional-mburucuya\\\/#primaryimage\"},\"thumbnailUrl\":\"http:\\\/\\\/www.radiohorizonte.fm\\\/radio\\\/wp-content\\\/uploads\\\/2023\\\/08\\\/1691371681970.jpg\",\"articleSection\":[\"Noticias\"],\"inLanguage\":\"es-AR\"},{\"@type\":\"WebPage\",\"@id\":\"http:\\\/\\\/www.radiohorizonte.fm\\\/radio\\\/2023\\\/08\\\/07\\\/se-logro-controlar-un-incendio-en-el-parque-nacional-mburucuya\\\/\",\"url\":\"http:\\\/\\\/www.radiohorizonte.fm\\\/radio\\\/2023\\\/08\\\/07\\\/se-logro-controlar-un-incendio-en-el-parque-nacional-mburucuya\\\/\",\"name\":\"Se logr\u00f3 controlar un incendio en el Parque Nacional Mburucuy\u00e1 - Horizonte\",\"isPartOf\":{\"@id\":\"http:\\\/\\\/www.radiohorizonte.fm\\\/radio\\\/#website\"},\"primaryImageOfPage\":{\"@id\":\"http:\\\/\\\/www.radiohorizonte.fm\\\/radio\\\/2023\\\/08\\\/07\\\/se-logro-controlar-un-incendio-en-el-parque-nacional-mburucuya\\\/#primaryimage\"},\"image\":{\"@id\":\"http:\\\/\\\/www.radiohorizonte.fm\\\/radio\\\/2023\\\/08\\\/07\\\/se-logro-controlar-un-incendio-en-el-parque-nacional-mburucuya\\\/#primaryimage\"},\"thumbnailUrl\":\"http:\\\/\\\/www.radiohorizonte.fm\\\/radio\\\/wp-content\\\/uploads\\\/2023\\\/08\\\/1691371681970.jpg\",\"datePublished\":\"2023-08-07T10:16:41+00:00\",\"breadcrumb\":{\"@id\":\"http:\\\/\\\/www.radiohorizonte.fm\\\/radio\\\/2023\\\/08\\\/07\\\/se-logro-controlar-un-incendio-en-el-parque-nacional-mburucuya\\\/#breadcrumb\"},\"inLanguage\":\"es-AR\",\"potentialAction\":[{\"@type\":\"ReadAction\",\"target\":[\"http:\\\/\\\/www.radiohorizonte.fm\\\/radio\\\/2023\\\/08\\\/07\\\/se-logro-controlar-un-incendio-en-el-parque-nacional-mburucuya\\\/\"]}]},{\"@type\":\"ImageObject\",\"inLanguage\":\"es-AR\",\"@id\":\"http:\\\/\\\/www.radiohorizonte.fm\\\/radio\\\/2023\\\/08\\\/07\\\/se-logro-controlar-un-incendio-en-el-parque-nacional-mburucuya\\\/#primaryimage\",\"url\":\"http:\\\/\\\/www.radiohorizonte.fm\\\/radio\\\/wp-content\\\/uploads\\\/2023\\\/08\\\/1691371681970.jpg\",\"contentUrl\":\"http:\\\/\\\/www.radiohorizonte.fm\\\/radio\\\/wp-content\\\/uploads\\\/2023\\\/08\\\/1691371681970.jpg\",\"width\":770,\"height\":440},{\"@type\":\"BreadcrumbList\",\"@id\":\"http:\\\/\\\/www.radiohorizonte.fm\\\/radio\\\/2023\\\/08\\\/07\\\/se-logro-controlar-un-incendio-en-el-parque-nacional-mburucuya\\\/#breadcrumb\",\"itemListElement\":[{\"@type\":\"ListItem\",\"position\":1,\"name\":\"Home\",\"item\":\"http:\\\/\\\/www.radiohorizonte.fm\\\/radio\\\/\"},{\"@type\":\"ListItem\",\"position\":2,\"name\":\"Se logr\u00f3 controlar un incendio en el Parque Nacional Mburucuy\u00e1\"}]},{\"@type\":\"WebSite\",\"@id\":\"http:\\\/\\\/www.radiohorizonte.fm\\\/radio\\\/#website\",\"url\":\"http:\\\/\\\/www.radiohorizonte.fm\\\/radio\\\/\",\"name\":\"Horizonte\",\"description\":\"Radio Horizonte 106.1 - Una radio de clasicos\",\"publisher\":{\"@id\":\"http:\\\/\\\/www.radiohorizonte.fm\\\/radio\\\/#organization\"},\"potentialAction\":[{\"@type\":\"SearchAction\",\"target\":{\"@type\":\"EntryPoint\",\"urlTemplate\":\"http:\\\/\\\/www.radiohorizonte.fm\\\/radio\\\/?s={search_term_string}\"},\"query-input\":{\"@type\":\"PropertyValueSpecification\",\"valueRequired\":true,\"valueName\":\"search_term_string\"}}],\"inLanguage\":\"es-AR\"},{\"@type\":\"Organization\",\"@id\":\"http:\\\/\\\/www.radiohorizonte.fm\\\/radio\\\/#organization\",\"name\":\"Horizonte\",\"url\":\"http:\\\/\\\/www.radiohorizonte.fm\\\/radio\\\/\",\"logo\":{\"@type\":\"ImageObject\",\"inLanguage\":\"es-AR\",\"@id\":\"http:\\\/\\\/www.radiohorizonte.fm\\\/radio\\\/#\\\/schema\\\/logo\\\/image\\\/\",\"url\":\"http:\\\/\\\/www.radiohorizonte.fm\\\/radio\\\/wp-content\\\/uploads\\\/2025\\\/06\\\/Portada-FM-Horizonte_modelo-imagen-scaled.jpg\",\"contentUrl\":\"http:\\\/\\\/www.radiohorizonte.fm\\\/radio\\\/wp-content\\\/uploads\\\/2025\\\/06\\\/Portada-FM-Horizonte_modelo-imagen-scaled.jpg\",\"width\":2560,\"height\":1056,\"caption\":\"Horizonte\"},\"image\":{\"@id\":\"http:\\\/\\\/www.radiohorizonte.fm\\\/radio\\\/#\\\/schema\\\/logo\\\/image\\\/\"},\"sameAs\":[\"http:\\\/\\\/www.facebook.com\\\/HORIZONTE106.1\",\"https:\\\/\\\/x.com\\\/fmhorizonte1061\"]},{\"@type\":\"Person\",\"@id\":\"http:\\\/\\\/www.radiohorizonte.fm\\\/radio\\\/#\\\/schema\\\/person\\\/f8fa003a405bb86729fd87d15d0ddafa\",\"name\":\"Cristian Galarza\",\"image\":{\"@type\":\"ImageObject\",\"inLanguage\":\"es-AR\",\"@id\":\"https:\\\/\\\/secure.gravatar.com\\\/avatar\\\/fad34bc2c773209c05d7d53b08a69b680eeb55f3be014e52b31643d20ab65925?s=96&d=mm&r=g\",\"url\":\"https:\\\/\\\/secure.gravatar.com\\\/avatar\\\/fad34bc2c773209c05d7d53b08a69b680eeb55f3be014e52b31643d20ab65925?s=96&d=mm&r=g\",\"contentUrl\":\"https:\\\/\\\/secure.gravatar.com\\\/avatar\\\/fad34bc2c773209c05d7d53b08a69b680eeb55f3be014e52b31643d20ab65925?s=96&d=mm&r=g\",\"caption\":\"Cristian Galarza\"},\"url\":\"http:\\\/\\\/www.radiohorizonte.fm\\\/radio\\\/author\\\/cristian\\\/\"}]}<\/script>\n<!-- \/ Yoast SEO plugin. -->","yoast_head_json":{"title":"Se logr\u00f3 controlar un incendio en el Parque Nacional Mburucuy\u00e1 - Horizonte","robots":{"index":"index","follow":"follow","max-snippet":"max-snippet:-1","max-image-preview":"max-image-preview:large","max-video-preview":"max-video-preview:-1"},"canonical":"http:\/\/www.radiohorizonte.fm\/radio\/2023\/08\/07\/se-logro-controlar-un-incendio-en-el-parque-nacional-mburucuya\/","og_locale":"es_ES","og_type":"article","og_title":"Se logr\u00f3 controlar un incendio en el Parque Nacional Mburucuy\u00e1 - Horizonte","og_description":"Se logr\u00f3 controlar un incendi\u00f3 que afect\u00f3 durante el domingo al Parque Nacional Mburucuy\u00e1. El foco \u00edgneo comenz\u00f3 en un campo aleda\u00f1o, cercano al r\u00edo Santa Luc\u00eda, y se propag\u00f3 hasta el Parque afectando a unas 6 hect\u00e1reas aproximadamente. El r\u00e1pido accionar del personal de Bomberos Voluntarios, del Parque Nacional y de la Brigada de","og_url":"http:\/\/www.radiohorizonte.fm\/radio\/2023\/08\/07\/se-logro-controlar-un-incendio-en-el-parque-nacional-mburucuya\/","og_site_name":"Horizonte","article_publisher":"http:\/\/www.facebook.com\/HORIZONTE106.1","article_published_time":"2023-08-07T10:16:41+00:00","og_image":[{"width":770,"height":440,"url":"http:\/\/www.radiohorizonte.fm\/radio\/wp-content\/uploads\/2023\/08\/1691371681970.jpg","type":"image\/jpeg"}],"author":"Cristian Galarza","twitter_card":"summary_large_image","twitter_creator":"@fmhorizonte1061","twitter_site":"@fmhorizonte1061","twitter_misc":{"Escrito por":"Cristian Galarza","Tiempo de lectura":"1 minuto"},"schema":{"@context":"https:\/\/schema.org","@graph":[{"@type":"Article","@id":"http:\/\/www.radiohorizonte.fm\/radio\/2023\/08\/07\/se-logro-controlar-un-incendio-en-el-parque-nacional-mburucuya\/#article","isPartOf":{"@id":"http:\/\/www.radiohorizonte.fm\/radio\/2023\/08\/07\/se-logro-controlar-un-incendio-en-el-parque-nacional-mburucuya\/"},"author":{"name":"Cristian Galarza","@id":"http:\/\/www.radiohorizonte.fm\/radio\/#\/schema\/person\/f8fa003a405bb86729fd87d15d0ddafa"},"headline":"Se logr\u00f3 controlar un incendio en el Parque Nacional Mburucuy\u00e1","datePublished":"2023-08-07T10:16:41+00:00","mainEntityOfPage":{"@id":"http:\/\/www.radiohorizonte.fm\/radio\/2023\/08\/07\/se-logro-controlar-un-incendio-en-el-parque-nacional-mburucuya\/"},"wordCount":245,"publisher":{"@id":"http:\/\/www.radiohorizonte.fm\/radio\/#organization"},"image":{"@id":"http:\/\/www.radiohorizonte.fm\/radio\/2023\/08\/07\/se-logro-controlar-un-incendio-en-el-parque-nacional-mburucuya\/#primaryimage"},"thumbnailUrl":"http:\/\/www.radiohorizonte.fm\/radio\/wp-content\/uploads\/2023\/08\/1691371681970.jpg","articleSection":["Noticias"],"inLanguage":"es-AR"},{"@type":"WebPage","@id":"http:\/\/www.radiohorizonte.fm\/radio\/2023\/08\/07\/se-logro-controlar-un-incendio-en-el-parque-nacional-mburucuya\/","url":"http:\/\/www.radiohorizonte.fm\/radio\/2023\/08\/07\/se-logro-controlar-un-incendio-en-el-parque-nacional-mburucuya\/","name":"Se logr\u00f3 controlar un incendio en el Parque Nacional Mburucuy\u00e1 - Horizonte","isPartOf":{"@id":"http:\/\/www.radiohorizonte.fm\/radio\/#website"},"primaryImageOfPage":{"@id":"http:\/\/www.radiohorizonte.fm\/radio\/2023\/08\/07\/se-logro-controlar-un-incendio-en-el-parque-nacional-mburucuya\/#primaryimage"},"image":{"@id":"http:\/\/www.radiohorizonte.fm\/radio\/2023\/08\/07\/se-logro-controlar-un-incendio-en-el-parque-nacional-mburucuya\/#primaryimage"},"thumbnailUrl":"http:\/\/www.radiohorizonte.fm\/radio\/wp-content\/uploads\/2023\/08\/1691371681970.jpg","datePublished":"2023-08-07T10:16:41+00:00","breadcrumb":{"@id":"http:\/\/www.radiohorizonte.fm\/radio\/2023\/08\/07\/se-logro-controlar-un-incendio-en-el-parque-nacional-mburucuya\/#breadcrumb"},"inLanguage":"es-AR","potentialAction":[{"@type":"ReadAction","target":["http:\/\/www.radiohorizonte.fm\/radio\/2023\/08\/07\/se-logro-controlar-un-incendio-en-el-parque-nacional-mburucuya\/"]}]},{"@type":"ImageObject","inLanguage":"es-AR","@id":"http:\/\/www.radiohorizonte.fm\/radio\/2023\/08\/07\/se-logro-controlar-un-incendio-en-el-parque-nacional-mburucuya\/#primaryimage","url":"http:\/\/www.radiohorizonte.fm\/radio\/wp-content\/uploads\/2023\/08\/1691371681970.jpg","contentUrl":"http:\/\/www.radiohorizonte.fm\/radio\/wp-content\/uploads\/2023\/08\/1691371681970.jpg","width":770,"height":440},{"@type":"BreadcrumbList","@id":"http:\/\/www.radiohorizonte.fm\/radio\/2023\/08\/07\/se-logro-controlar-un-incendio-en-el-parque-nacional-mburucuya\/#breadcrumb","itemListElement":[{"@type":"ListItem","position":1,"name":"Home","item":"http:\/\/www.radiohorizonte.fm\/radio\/"},{"@type":"ListItem","position":2,"name":"Se logr\u00f3 controlar un incendio en el Parque Nacional Mburucuy\u00e1"}]},{"@type":"WebSite","@id":"http:\/\/www.radiohorizonte.fm\/radio\/#website","url":"http:\/\/www.radiohorizonte.fm\/radio\/","name":"Horizonte","description":"Radio Horizonte 106.1 - Una radio de clasicos","publisher":{"@id":"http:\/\/www.radiohorizonte.fm\/radio\/#organization"},"potentialAction":[{"@type":"SearchAction","target":{"@type":"EntryPoint","urlTemplate":"http:\/\/www.radiohorizonte.fm\/radio\/?s={search_term_string}"},"query-input":{"@type":"PropertyValueSpecification","valueRequired":true,"valueName":"search_term_string"}}],"inLanguage":"es-AR"},{"@type":"Organization","@id":"http:\/\/www.radiohorizonte.fm\/radio\/#organization","name":"Horizonte","url":"http:\/\/www.radiohorizonte.fm\/radio\/","logo":{"@type":"ImageObject","inLanguage":"es-AR","@id":"http:\/\/www.radiohorizonte.fm\/radio\/#\/schema\/logo\/image\/","url":"http:\/\/www.radiohorizonte.fm\/radio\/wp-content\/uploads\/2025\/06\/Portada-FM-Horizonte_modelo-imagen-scaled.jpg","contentUrl":"http:\/\/www.radiohorizonte.fm\/radio\/wp-content\/uploads\/2025\/06\/Portada-FM-Horizonte_modelo-imagen-scaled.jpg","width":2560,"height":1056,"caption":"Horizonte"},"image":{"@id":"http:\/\/www.radiohorizonte.fm\/radio\/#\/schema\/logo\/image\/"},"sameAs":["http:\/\/www.facebook.com\/HORIZONTE106.1","https:\/\/x.com\/fmhorizonte1061"]},{"@type":"Person","@id":"http:\/\/www.radiohorizonte.fm\/radio\/#\/schema\/person\/f8fa003a405bb86729fd87d15d0ddafa","name":"Cristian Galarza","image":{"@type":"ImageObject","inLanguage":"es-AR","@id":"https:\/\/secure.gravatar.com\/avatar\/fad34bc2c773209c05d7d53b08a69b680eeb55f3be014e52b31643d20ab65925?s=96&d=mm&r=g","url":"https:\/\/secure.gravatar.com\/avatar\/fad34bc2c773209c05d7d53b08a69b680eeb55f3be014e52b31643d20ab65925?s=96&d=mm&r=g","contentUrl":"https:\/\/secure.gravatar.com\/avatar\/fad34bc2c773209c05d7d53b08a69b680eeb55f3be014e52b31643d20ab65925?s=96&d=mm&r=g","caption":"Cristian Galarza"},"url":"http:\/\/www.radiohorizonte.fm\/radio\/author\/cristian\/"}]}},"_links":{"self":[{"href":"http:\/\/www.radiohorizonte.fm\/radio\/wp-json\/wp\/v2\/posts\/41669","targetHints":{"allow":["GET"]}}],"collection":[{"href":"http:\/\/www.radiohorizonte.fm\/radio\/wp-json\/wp\/v2\/posts"}],"about":[{"href":"http:\/\/www.radiohorizonte.fm\/radio\/wp-json\/wp\/v2\/types\/post"}],"author":[{"embeddable":true,"href":"http:\/\/www.radiohorizonte.fm\/radio\/wp-json\/wp\/v2\/users\/2"}],"replies":[{"embeddable":true,"href":"http:\/\/www.radiohorizonte.fm\/radio\/wp-json\/wp\/v2\/comments?post=41669"}],"version-history":[{"count":1,"href":"http:\/\/www.radiohorizonte.fm\/radio\/wp-json\/wp\/v2\/posts\/41669\/revisions"}],"predecessor-version":[{"id":41671,"href":"http:\/\/www.radiohorizonte.fm\/radio\/wp-json\/wp\/v2\/posts\/41669\/revisions\/41671"}],"wp:featuredmedia":[{"embeddable":true,"href":"http:\/\/www.radiohorizonte.fm\/radio\/wp-json\/wp\/v2\/media\/41670"}],"wp:attachment":[{"href":"http:\/\/www.radiohorizonte.fm\/radio\/wp-json\/wp\/v2\/media?parent=41669"}],"wp:term":[{"taxonomy":"category","embeddable":true,"href":"http:\/\/www.radiohorizonte.fm\/radio\/wp-json\/wp\/v2\/categories?post=41669"},{"taxonomy":"post_tag","embeddable":true,"href":"http:\/\/www.radiohorizonte.fm\/radio\/wp-json\/wp\/v2\/tags?post=41669"}],"curies":[{"name":"wp","href":"https:\/\/api.w.org\/{rel}","templated":true}]}}