{"id":41672,"date":"2023-08-07T07:19:08","date_gmt":"2023-08-07T10:19:08","guid":{"rendered":"http:\/\/www.radiohorizonte.fm\/radio\/?p=41672"},"modified":"2023-08-07T07:19:08","modified_gmt":"2023-08-07T10:19:08","slug":"mas-de-un-millon-de-jovenes-de-16-y-17-anos-podran-votar-por-primera-vez","status":"publish","type":"post","link":"http:\/\/www.radiohorizonte.fm\/radio\/2023\/08\/07\/mas-de-un-millon-de-jovenes-de-16-y-17-anos-podran-votar-por-primera-vez\/","title":{"rendered":"M\u00e1s de un mill\u00f3n de j\u00f3venes de 16 y 17 a\u00f1os podr\u00e1n votar por primera vez"},"content":{"rendered":"<div class=\"wrapper-header\">\n<div class=\"container-xl\">\n<div class=\"row\">\n<div class=\"col-12\">\n<div class=\"head-content mb-4\">\n<p class=\"speak\">&#8220;Todos\u00a0los j\u00f3venes que cumplan 16 a\u00f1os entre el 13 de agosto y el 22 de octubre est\u00e1n incluidos en el padr\u00f3n\u00a0y podr\u00e1n votar por primera vez&#8221;, explic\u00f3 a T\u00e9lam\u00a0el secretario de Actuaci\u00f3n Electoral, Sebasti\u00e1n Schimmel.<\/p>\n<p><img loading=\"lazy\" decoding=\"async\" class=\"alignnone size-full wp-image-21080\" src=\"http:\/\/www.radiohorizonte.fm\/radio\/wp-content\/uploads\/2019\/04\/voto.jpg\" alt=\"\" width=\"640\" height=\"360\" srcset=\"http:\/\/www.radiohorizonte.fm\/radio\/wp-content\/uploads\/2019\/04\/voto.jpg 640w, http:\/\/www.radiohorizonte.fm\/radio\/wp-content\/uploads\/2019\/04\/voto-300x169.jpg 300w, http:\/\/www.radiohorizonte.fm\/radio\/wp-content\/uploads\/2019\/04\/voto-65x37.jpg 65w, http:\/\/www.radiohorizonte.fm\/radio\/wp-content\/uploads\/2019\/04\/voto-320x180.jpg 320w, http:\/\/www.radiohorizonte.fm\/radio\/wp-content\/uploads\/2019\/04\/voto-85x48.jpg 85w, http:\/\/www.radiohorizonte.fm\/radio\/wp-content\/uploads\/2019\/04\/voto-220x125.jpg 220w, http:\/\/www.radiohorizonte.fm\/radio\/wp-content\/uploads\/2019\/04\/voto-90x51.jpg 90w\" sizes=\"auto, (max-width: 640px) 100vw, 640px\" \/><\/p>\n<\/div>\n<\/div>\n<\/div>\n<\/div>\n<\/div>\n<div class=\"wrapper-editable-content\">\u00a0Un total de\u00a0<strong>1.168.033 j\u00f3venes de 16 y 17 a\u00f1os\u00a0<\/strong>est\u00e1n habilitados para votar en las PASO del pr\u00f3ximo domingo y en las generales del 22 de octubre, as\u00ed como en un eventual balotaje el 19 de noviembre, una cifra que representa\u00a0<strong>el 3,3% de los electores que figuran en el padr\u00f3n nacional.<\/strong><\/p>\n<p>De ese total de quienes votar\u00e1n por primera vez se debe descontar el n\u00famero de 3.213 j\u00f3venes, que son quienes viven en el exterior y que por la normativa electoral vigente no pueden participar de las PASO, aunque s\u00ed en los restantes comicios.<\/p>\n<p>&#8220;Todos\u00a0<strong>los j\u00f3venes que cumplan 16 a\u00f1os entre el 13 de agosto y el 22 de octubre est\u00e1n incluidos en el padr\u00f3n<\/strong>\u00a0y podr\u00e1n votar por primera vez&#8221;, explic\u00f3 a T\u00e9lam\u00a0<strong>el secretario de Actuaci\u00f3n Electoral, Sebasti\u00e1n Schimmel<\/strong>, quien se\u00f1al\u00f3 que tambi\u00e9n podr\u00e1n sufragar en las PASO, y en los restantes comicios, aquellos que &#8220;para el 13 de agosto tengan 15 a\u00f1os, porque lo importante es que tengan 16 a\u00f1os al 22 de octubre, seg\u00fan lo prev\u00e9 la ley&#8221;.<\/p>\n<p><strong>El derecho a votar de los j\u00f3venes en la Argentina se instaur\u00f3 en el a\u00f1o 2012, al modificarse la ley 26.774,<\/strong>\u00a0de Ciudadan\u00eda, que se aplica para todo el pa\u00eds en las elecciones en las que se eligen candidatos nacionales como presidente, vicepresidente, diputados y senadores del Congreso.<\/p>\n<blockquote class=\"\"><p>Antes de esta modificaci\u00f3n, las personas pod\u00edan comenzar a participar de las elecciones a partir de los 18 a\u00f1os, pero al bajarse a 16 a\u00f1os la edad m\u00ednima para votar lo hicieron por primera vez en las elecciones de medio t\u00e9rmino del a\u00f1o 2013.<\/p><\/blockquote>\n<p>Luego de esta reforma, las provincias fueron adaptando su legislaci\u00f3n para extender el beneficio a los j\u00f3venes de 16 a\u00f1os, ya que cada Estado del interior, en un marco federal, tiene la facultad de dictar su orden pol\u00edtico e institucional y, en consecuencia, sus sistemas electorales, aunque dentro del \u00e1mbito de las normas de la Constituci\u00f3n Nacional.<\/p>\n<p>&#8220;Si nos remontamos un poco en el tiempo,\u00a0<strong>el DNI se obten\u00eda por primera vez a los 16 a\u00f1os<\/strong>, porque no se extend\u00eda ese documento al momento de nacimiento. Luego esto cambi\u00f3 y se incorpor\u00f3 el DNI al momento del nacimiento, y se deb\u00eda hacer la actualizaci\u00f3n a los 16 a\u00f1os; con la sanci\u00f3n de la ley de Voto Joven en 2012 esa actualizaci\u00f3n es a los 14 a\u00f1os&#8221;, recuerda Schimmel.<\/p>\n<figure class=\"mb-3\"><img decoding=\"async\" class=\" lazy \" src=\"https:\/\/www.telam.com.ar\/thumbs\/bluesteel\/advf\/imagenes\/2019\/08\/5d4ec7393076c_1200.jpg\" alt=\"Slo en tres pases latinoamericanos se permite sufragar a partir de los 16 aos Brasil Ecuador y Argentina Foto Archivo\" width=\"100%\" height=\"100%\" \/><\/p>\n<div class=\"media-icons\"><\/div><figcaption>S\u00f3lo en tres pa\u00edses latinoamericanos se permite sufragar a partir de los 16 a\u00f1os: Brasil, Ecuador y Argentina. (Foto Archivo)<\/figcaption><\/figure>\n<p>A partir de esta \u00faltima actualizaci\u00f3n, el Registro Nacional de las Personas (Renaper) &#8220;comunica la existencia de este futuro elector cercano en el tiempo, y se incorpora en el Registro Nacional de Electores. Luego,\u00a0<strong>cuando van a tener 16 a\u00f1os a la fecha de la elecci\u00f3n, se los suma al padr\u00f3n<\/strong>&#8220;, dijo el funcionario.<\/p>\n<p>Precis\u00f3 que el Registro Nacional de Electores &#8220;es permanente y es la base de datos que nosotros actualizamos con cada cambio de documento, con cada nacimiento y con cada defunci\u00f3n&#8221;, mientras que el padr\u00f3n &#8220;es como una foto del Registro Nacional de Electores, que establece qui\u00e9nes son los que tienen derecho a votar en una determinada direcci\u00f3n y en qu\u00e9 lugares y zonas geogr\u00e1ficas&#8221;.<\/p>\n<blockquote class=\"\"><p>En caso de ausentismo, la legislaci\u00f3n establece que los menores de 18 a\u00f1os no tendr\u00e1n sanci\u00f3n.<\/p><\/blockquote>\n<p>&#8220;Esto que se suele mencionar como que el voto es voluntario o facultativo en esta franja, no es t\u00e9cnicamente correcto, porque nuestra Constituci\u00f3n dice que el voto es obligatorio para todos, pero est\u00e1n eximidos de la sanci\u00f3n ya por la ley y no tienen que presentar hacer ninguna justificaci\u00f3n en caso de no ir a votar&#8221;, explic\u00f3 el funcionario.<\/p>\n<h2 class=\"\">Los nuevos votantes, provincia por provincia<\/h2>\n<p>Del total de j\u00f3venes incorporados en el padr\u00f3n para estos comicios, exceptuados los del exterior, el mayor n\u00famero corresponde a la provincia de Buenos Aires, con 456.346; seguido de C\u00f3rdoba, con 92.969; Santa Fe, 81.312; ciudad de Buenos Aires, 60.404; Mendoza, 51.184; Tucum\u00e1n, 44.610; Salta, 39.883; Misiones, 38.227; Entre R\u00edos, 35.226; Chaco, 33.040; y Corrientes, 30.072.<\/p>\n<p>Se ubican despu\u00e9s Santiago del Estero, con 26.188; San Juan, 23.797; Jujuy, 21.599; R\u00edo Negro, 19.311; Neuqu\u00e9n, 18.993; Formosa, 17.609; Chubut, 15.664; San Luis, 15.114; Catamarca, 11.286; La Rioja, 10.558; Santa Cruz, 10.053; La Pampa, 9.082; y Tierra del Fuego, 5.253.<\/p>\n<blockquote class=\"\"><p>Las juventudes est\u00e1n habilitadas a votar desde los 18 en la mayor\u00eda de los pa\u00edses de Sudam\u00e9rica, mientras que s\u00f3lo son tres las naciones en las que se permite sufragar a partir de los 16 a\u00f1os: Brasil, Ecuador y Argentina.<\/p><\/blockquote>\n<p><strong>Brasil fue el primero de los pa\u00edses\u00a0<\/strong>en los que se concedi\u00f3 el derecho a voto a los adolescentes, cuando la nueva Constituci\u00f3n de 1988 incorpor\u00f3 esa norma, mientras que Ecuador lo hizo dos d\u00e9cadas despu\u00e9s, tambi\u00e9n al sancionar una nueva carta magna.<\/p>\n<p>En el mismo a\u00f1o de la reforma argentina, en 2012, nueve provincias incorporaron el voto joven: inici\u00f3 el proceso San Juan y le siguieron Buenos Aires, Formosa, Jujuy, La Rioja, Misiones, Neuqu\u00e9n, Santiago del Estero y Tierra del Fuego.<\/p>\n<p>En tanto, en el 2013, y frente a los comicios legislativos de ese a\u00f1o, se sumaron la ciudad de Buenos Aires, Chaco, Chubut, R\u00edo Negro y San Luis, y posteriormente, entre 2014 y 2017, siguieron ese camino La Pampa, Catamarca, Entre R\u00edos, C\u00f3rdoba y Mendoza. Santa Cruz y Salta.\u00a0Tucum\u00e1n se adhiri\u00f3 en el a\u00f1o 2019, en el \u00faltimo recambio presidencial.<\/p>\n<p><strong>Corrientes sancion\u00f3 en octubre de 2022 una ley que introduce este derecho al voto joven<\/strong>, mientras que en Santa Fe, y por un fallo del Tribunal Electoral provincial del 11 de julio pasado, que rechaz\u00f3 dos recursos de inconstitucionalidad, los j\u00f3venes de 16 y 17 a\u00f1os pudieron votar por primera vez en esa provincia.<\/div>\n<div>Fuente: T\u00e9lam<\/div>\n","protected":false},"excerpt":{"rendered":"<div class=\"post-excerpt\"><p>&#8220;Todos\u00a0los j\u00f3venes que cumplan 16 a\u00f1os entre el 13 de agosto y el 22 de octubre est\u00e1n incluidos en el padr\u00f3n\u00a0y podr\u00e1n votar por primera vez&#8221;, explic\u00f3 a T\u00e9lam\u00a0el secretario de Actuaci\u00f3n Electoral, Sebasti\u00e1n Schimmel. \u00a0Un total de\u00a01.168.033 j\u00f3venes de 16 y 17 a\u00f1os\u00a0est\u00e1n habilitados para votar en las PASO del pr\u00f3ximo domingo y en<\/p>\n<\/div>","protected":false},"author":2,"featured_media":21080,"comment_status":"closed","ping_status":"closed","sticky":false,"template":"","format":"standard","meta":{"_acf_changed":false,"footnotes":""},"categories":[2],"tags":[],"class_list":["post-41672","post","type-post","status-publish","format-standard","has-post-thumbnail","hentry","category-noticias"],"acf":[],"yoast_head":"<!-- This site is optimized with the Yoast SEO plugin v28.1 - https:\/\/yoast.com\/product\/yoast-seo-wordpress\/ -->\n<title>M\u00e1s de un mill\u00f3n de j\u00f3venes de 16 y 17 a\u00f1os podr\u00e1n votar por primera vez - Horizonte<\/title>\n<meta name=\"robots\" content=\"index, follow, max-snippet:-1, max-image-preview:large, max-video-preview:-1\" \/>\n<link rel=\"canonical\" href=\"http:\/\/www.radiohorizonte.fm\/radio\/2023\/08\/07\/mas-de-un-millon-de-jovenes-de-16-y-17-anos-podran-votar-por-primera-vez\/\" \/>\n<meta property=\"og:locale\" content=\"es_ES\" \/>\n<meta property=\"og:type\" content=\"article\" \/>\n<meta property=\"og:title\" content=\"M\u00e1s de un mill\u00f3n de j\u00f3venes de 16 y 17 a\u00f1os podr\u00e1n votar por primera vez - Horizonte\" \/>\n<meta property=\"og:description\" content=\"&#8220;Todos\u00a0los j\u00f3venes que cumplan 16 a\u00f1os entre el 13 de agosto y el 22 de octubre est\u00e1n incluidos en el padr\u00f3n\u00a0y podr\u00e1n votar por primera vez&#8221;, explic\u00f3 a T\u00e9lam\u00a0el secretario de Actuaci\u00f3n Electoral, Sebasti\u00e1n Schimmel. \u00a0Un total de\u00a01.168.033 j\u00f3venes de 16 y 17 a\u00f1os\u00a0est\u00e1n habilitados para votar en las PASO del pr\u00f3ximo domingo y en\" \/>\n<meta property=\"og:url\" content=\"http:\/\/www.radiohorizonte.fm\/radio\/2023\/08\/07\/mas-de-un-millon-de-jovenes-de-16-y-17-anos-podran-votar-por-primera-vez\/\" \/>\n<meta property=\"og:site_name\" content=\"Horizonte\" \/>\n<meta property=\"article:publisher\" content=\"http:\/\/www.facebook.com\/HORIZONTE106.1\" \/>\n<meta property=\"article:published_time\" content=\"2023-08-07T10:19:08+00:00\" \/>\n<meta property=\"og:image\" content=\"http:\/\/www.radiohorizonte.fm\/radio\/wp-content\/uploads\/2019\/04\/voto.jpg\" \/>\n\t<meta property=\"og:image:width\" content=\"640\" \/>\n\t<meta property=\"og:image:height\" content=\"360\" \/>\n\t<meta property=\"og:image:type\" content=\"image\/jpeg\" \/>\n<meta name=\"author\" content=\"Cristian Galarza\" \/>\n<meta name=\"twitter:card\" content=\"summary_large_image\" \/>\n<meta name=\"twitter:creator\" content=\"@fmhorizonte1061\" \/>\n<meta name=\"twitter:site\" content=\"@fmhorizonte1061\" \/>\n<meta name=\"twitter:label1\" content=\"Escrito por\" \/>\n\t<meta name=\"twitter:data1\" content=\"Cristian Galarza\" \/>\n\t<meta name=\"twitter:label2\" content=\"Tiempo de lectura\" \/>\n\t<meta name=\"twitter:data2\" content=\"5 minutos\" \/>\n<script type=\"application\/ld+json\" class=\"yoast-schema-graph\">{\"@context\":\"https:\\\/\\\/schema.org\",\"@graph\":[{\"@type\":\"Article\",\"@id\":\"http:\\\/\\\/www.radiohorizonte.fm\\\/radio\\\/2023\\\/08\\\/07\\\/mas-de-un-millon-de-jovenes-de-16-y-17-anos-podran-votar-por-primera-vez\\\/#article\",\"isPartOf\":{\"@id\":\"http:\\\/\\\/www.radiohorizonte.fm\\\/radio\\\/2023\\\/08\\\/07\\\/mas-de-un-millon-de-jovenes-de-16-y-17-anos-podran-votar-por-primera-vez\\\/\"},\"author\":{\"name\":\"Cristian Galarza\",\"@id\":\"http:\\\/\\\/www.radiohorizonte.fm\\\/radio\\\/#\\\/schema\\\/person\\\/f8fa003a405bb86729fd87d15d0ddafa\"},\"headline\":\"M\u00e1s de un mill\u00f3n de j\u00f3venes de 16 y 17 a\u00f1os podr\u00e1n votar por primera vez\",\"datePublished\":\"2023-08-07T10:19:08+00:00\",\"mainEntityOfPage\":{\"@id\":\"http:\\\/\\\/www.radiohorizonte.fm\\\/radio\\\/2023\\\/08\\\/07\\\/mas-de-un-millon-de-jovenes-de-16-y-17-anos-podran-votar-por-primera-vez\\\/\"},\"wordCount\":1048,\"publisher\":{\"@id\":\"http:\\\/\\\/www.radiohorizonte.fm\\\/radio\\\/#organization\"},\"image\":{\"@id\":\"http:\\\/\\\/www.radiohorizonte.fm\\\/radio\\\/2023\\\/08\\\/07\\\/mas-de-un-millon-de-jovenes-de-16-y-17-anos-podran-votar-por-primera-vez\\\/#primaryimage\"},\"thumbnailUrl\":\"http:\\\/\\\/www.radiohorizonte.fm\\\/radio\\\/wp-content\\\/uploads\\\/2019\\\/04\\\/voto.jpg\",\"articleSection\":[\"Noticias\"],\"inLanguage\":\"es-AR\"},{\"@type\":\"WebPage\",\"@id\":\"http:\\\/\\\/www.radiohorizonte.fm\\\/radio\\\/2023\\\/08\\\/07\\\/mas-de-un-millon-de-jovenes-de-16-y-17-anos-podran-votar-por-primera-vez\\\/\",\"url\":\"http:\\\/\\\/www.radiohorizonte.fm\\\/radio\\\/2023\\\/08\\\/07\\\/mas-de-un-millon-de-jovenes-de-16-y-17-anos-podran-votar-por-primera-vez\\\/\",\"name\":\"M\u00e1s de un mill\u00f3n de j\u00f3venes de 16 y 17 a\u00f1os podr\u00e1n votar por primera vez - Horizonte\",\"isPartOf\":{\"@id\":\"http:\\\/\\\/www.radiohorizonte.fm\\\/radio\\\/#website\"},\"primaryImageOfPage\":{\"@id\":\"http:\\\/\\\/www.radiohorizonte.fm\\\/radio\\\/2023\\\/08\\\/07\\\/mas-de-un-millon-de-jovenes-de-16-y-17-anos-podran-votar-por-primera-vez\\\/#primaryimage\"},\"image\":{\"@id\":\"http:\\\/\\\/www.radiohorizonte.fm\\\/radio\\\/2023\\\/08\\\/07\\\/mas-de-un-millon-de-jovenes-de-16-y-17-anos-podran-votar-por-primera-vez\\\/#primaryimage\"},\"thumbnailUrl\":\"http:\\\/\\\/www.radiohorizonte.fm\\\/radio\\\/wp-content\\\/uploads\\\/2019\\\/04\\\/voto.jpg\",\"datePublished\":\"2023-08-07T10:19:08+00:00\",\"breadcrumb\":{\"@id\":\"http:\\\/\\\/www.radiohorizonte.fm\\\/radio\\\/2023\\\/08\\\/07\\\/mas-de-un-millon-de-jovenes-de-16-y-17-anos-podran-votar-por-primera-vez\\\/#breadcrumb\"},\"inLanguage\":\"es-AR\",\"potentialAction\":[{\"@type\":\"ReadAction\",\"target\":[\"http:\\\/\\\/www.radiohorizonte.fm\\\/radio\\\/2023\\\/08\\\/07\\\/mas-de-un-millon-de-jovenes-de-16-y-17-anos-podran-votar-por-primera-vez\\\/\"]}]},{\"@type\":\"ImageObject\",\"inLanguage\":\"es-AR\",\"@id\":\"http:\\\/\\\/www.radiohorizonte.fm\\\/radio\\\/2023\\\/08\\\/07\\\/mas-de-un-millon-de-jovenes-de-16-y-17-anos-podran-votar-por-primera-vez\\\/#primaryimage\",\"url\":\"http:\\\/\\\/www.radiohorizonte.fm\\\/radio\\\/wp-content\\\/uploads\\\/2019\\\/04\\\/voto.jpg\",\"contentUrl\":\"http:\\\/\\\/www.radiohorizonte.fm\\\/radio\\\/wp-content\\\/uploads\\\/2019\\\/04\\\/voto.jpg\",\"width\":640,\"height\":360},{\"@type\":\"BreadcrumbList\",\"@id\":\"http:\\\/\\\/www.radiohorizonte.fm\\\/radio\\\/2023\\\/08\\\/07\\\/mas-de-un-millon-de-jovenes-de-16-y-17-anos-podran-votar-por-primera-vez\\\/#breadcrumb\",\"itemListElement\":[{\"@type\":\"ListItem\",\"position\":1,\"name\":\"Home\",\"item\":\"http:\\\/\\\/www.radiohorizonte.fm\\\/radio\\\/\"},{\"@type\":\"ListItem\",\"position\":2,\"name\":\"M\u00e1s de un mill\u00f3n de j\u00f3venes de 16 y 17 a\u00f1os podr\u00e1n votar por primera vez\"}]},{\"@type\":\"WebSite\",\"@id\":\"http:\\\/\\\/www.radiohorizonte.fm\\\/radio\\\/#website\",\"url\":\"http:\\\/\\\/www.radiohorizonte.fm\\\/radio\\\/\",\"name\":\"Horizonte\",\"description\":\"Radio Horizonte 106.1 - Una radio de clasicos\",\"publisher\":{\"@id\":\"http:\\\/\\\/www.radiohorizonte.fm\\\/radio\\\/#organization\"},\"potentialAction\":[{\"@type\":\"SearchAction\",\"target\":{\"@type\":\"EntryPoint\",\"urlTemplate\":\"http:\\\/\\\/www.radiohorizonte.fm\\\/radio\\\/?s={search_term_string}\"},\"query-input\":{\"@type\":\"PropertyValueSpecification\",\"valueRequired\":true,\"valueName\":\"search_term_string\"}}],\"inLanguage\":\"es-AR\"},{\"@type\":\"Organization\",\"@id\":\"http:\\\/\\\/www.radiohorizonte.fm\\\/radio\\\/#organization\",\"name\":\"Horizonte\",\"url\":\"http:\\\/\\\/www.radiohorizonte.fm\\\/radio\\\/\",\"logo\":{\"@type\":\"ImageObject\",\"inLanguage\":\"es-AR\",\"@id\":\"http:\\\/\\\/www.radiohorizonte.fm\\\/radio\\\/#\\\/schema\\\/logo\\\/image\\\/\",\"url\":\"http:\\\/\\\/www.radiohorizonte.fm\\\/radio\\\/wp-content\\\/uploads\\\/2025\\\/06\\\/Portada-FM-Horizonte_modelo-imagen-scaled.jpg\",\"contentUrl\":\"http:\\\/\\\/www.radiohorizonte.fm\\\/radio\\\/wp-content\\\/uploads\\\/2025\\\/06\\\/Portada-FM-Horizonte_modelo-imagen-scaled.jpg\",\"width\":2560,\"height\":1056,\"caption\":\"Horizonte\"},\"image\":{\"@id\":\"http:\\\/\\\/www.radiohorizonte.fm\\\/radio\\\/#\\\/schema\\\/logo\\\/image\\\/\"},\"sameAs\":[\"http:\\\/\\\/www.facebook.com\\\/HORIZONTE106.1\",\"https:\\\/\\\/x.com\\\/fmhorizonte1061\"]},{\"@type\":\"Person\",\"@id\":\"http:\\\/\\\/www.radiohorizonte.fm\\\/radio\\\/#\\\/schema\\\/person\\\/f8fa003a405bb86729fd87d15d0ddafa\",\"name\":\"Cristian Galarza\",\"image\":{\"@type\":\"ImageObject\",\"inLanguage\":\"es-AR\",\"@id\":\"https:\\\/\\\/secure.gravatar.com\\\/avatar\\\/fad34bc2c773209c05d7d53b08a69b680eeb55f3be014e52b31643d20ab65925?s=96&d=mm&r=g\",\"url\":\"https:\\\/\\\/secure.gravatar.com\\\/avatar\\\/fad34bc2c773209c05d7d53b08a69b680eeb55f3be014e52b31643d20ab65925?s=96&d=mm&r=g\",\"contentUrl\":\"https:\\\/\\\/secure.gravatar.com\\\/avatar\\\/fad34bc2c773209c05d7d53b08a69b680eeb55f3be014e52b31643d20ab65925?s=96&d=mm&r=g\",\"caption\":\"Cristian Galarza\"},\"url\":\"http:\\\/\\\/www.radiohorizonte.fm\\\/radio\\\/author\\\/cristian\\\/\"}]}<\/script>\n<!-- \/ Yoast SEO plugin. -->","yoast_head_json":{"title":"M\u00e1s de un mill\u00f3n de j\u00f3venes de 16 y 17 a\u00f1os podr\u00e1n votar por primera vez - Horizonte","robots":{"index":"index","follow":"follow","max-snippet":"max-snippet:-1","max-image-preview":"max-image-preview:large","max-video-preview":"max-video-preview:-1"},"canonical":"http:\/\/www.radiohorizonte.fm\/radio\/2023\/08\/07\/mas-de-un-millon-de-jovenes-de-16-y-17-anos-podran-votar-por-primera-vez\/","og_locale":"es_ES","og_type":"article","og_title":"M\u00e1s de un mill\u00f3n de j\u00f3venes de 16 y 17 a\u00f1os podr\u00e1n votar por primera vez - Horizonte","og_description":"&#8220;Todos\u00a0los j\u00f3venes que cumplan 16 a\u00f1os entre el 13 de agosto y el 22 de octubre est\u00e1n incluidos en el padr\u00f3n\u00a0y podr\u00e1n votar por primera vez&#8221;, explic\u00f3 a T\u00e9lam\u00a0el secretario de Actuaci\u00f3n Electoral, Sebasti\u00e1n Schimmel. \u00a0Un total de\u00a01.168.033 j\u00f3venes de 16 y 17 a\u00f1os\u00a0est\u00e1n habilitados para votar en las PASO del pr\u00f3ximo domingo y en","og_url":"http:\/\/www.radiohorizonte.fm\/radio\/2023\/08\/07\/mas-de-un-millon-de-jovenes-de-16-y-17-anos-podran-votar-por-primera-vez\/","og_site_name":"Horizonte","article_publisher":"http:\/\/www.facebook.com\/HORIZONTE106.1","article_published_time":"2023-08-07T10:19:08+00:00","og_image":[{"width":640,"height":360,"url":"http:\/\/www.radiohorizonte.fm\/radio\/wp-content\/uploads\/2019\/04\/voto.jpg","type":"image\/jpeg"}],"author":"Cristian Galarza","twitter_card":"summary_large_image","twitter_creator":"@fmhorizonte1061","twitter_site":"@fmhorizonte1061","twitter_misc":{"Escrito por":"Cristian Galarza","Tiempo de lectura":"5 minutos"},"schema":{"@context":"https:\/\/schema.org","@graph":[{"@type":"Article","@id":"http:\/\/www.radiohorizonte.fm\/radio\/2023\/08\/07\/mas-de-un-millon-de-jovenes-de-16-y-17-anos-podran-votar-por-primera-vez\/#article","isPartOf":{"@id":"http:\/\/www.radiohorizonte.fm\/radio\/2023\/08\/07\/mas-de-un-millon-de-jovenes-de-16-y-17-anos-podran-votar-por-primera-vez\/"},"author":{"name":"Cristian Galarza","@id":"http:\/\/www.radiohorizonte.fm\/radio\/#\/schema\/person\/f8fa003a405bb86729fd87d15d0ddafa"},"headline":"M\u00e1s de un mill\u00f3n de j\u00f3venes de 16 y 17 a\u00f1os podr\u00e1n votar por primera vez","datePublished":"2023-08-07T10:19:08+00:00","mainEntityOfPage":{"@id":"http:\/\/www.radiohorizonte.fm\/radio\/2023\/08\/07\/mas-de-un-millon-de-jovenes-de-16-y-17-anos-podran-votar-por-primera-vez\/"},"wordCount":1048,"publisher":{"@id":"http:\/\/www.radiohorizonte.fm\/radio\/#organization"},"image":{"@id":"http:\/\/www.radiohorizonte.fm\/radio\/2023\/08\/07\/mas-de-un-millon-de-jovenes-de-16-y-17-anos-podran-votar-por-primera-vez\/#primaryimage"},"thumbnailUrl":"http:\/\/www.radiohorizonte.fm\/radio\/wp-content\/uploads\/2019\/04\/voto.jpg","articleSection":["Noticias"],"inLanguage":"es-AR"},{"@type":"WebPage","@id":"http:\/\/www.radiohorizonte.fm\/radio\/2023\/08\/07\/mas-de-un-millon-de-jovenes-de-16-y-17-anos-podran-votar-por-primera-vez\/","url":"http:\/\/www.radiohorizonte.fm\/radio\/2023\/08\/07\/mas-de-un-millon-de-jovenes-de-16-y-17-anos-podran-votar-por-primera-vez\/","name":"M\u00e1s de un mill\u00f3n de j\u00f3venes de 16 y 17 a\u00f1os podr\u00e1n votar por primera vez - Horizonte","isPartOf":{"@id":"http:\/\/www.radiohorizonte.fm\/radio\/#website"},"primaryImageOfPage":{"@id":"http:\/\/www.radiohorizonte.fm\/radio\/2023\/08\/07\/mas-de-un-millon-de-jovenes-de-16-y-17-anos-podran-votar-por-primera-vez\/#primaryimage"},"image":{"@id":"http:\/\/www.radiohorizonte.fm\/radio\/2023\/08\/07\/mas-de-un-millon-de-jovenes-de-16-y-17-anos-podran-votar-por-primera-vez\/#primaryimage"},"thumbnailUrl":"http:\/\/www.radiohorizonte.fm\/radio\/wp-content\/uploads\/2019\/04\/voto.jpg","datePublished":"2023-08-07T10:19:08+00:00","breadcrumb":{"@id":"http:\/\/www.radiohorizonte.fm\/radio\/2023\/08\/07\/mas-de-un-millon-de-jovenes-de-16-y-17-anos-podran-votar-por-primera-vez\/#breadcrumb"},"inLanguage":"es-AR","potentialAction":[{"@type":"ReadAction","target":["http:\/\/www.radiohorizonte.fm\/radio\/2023\/08\/07\/mas-de-un-millon-de-jovenes-de-16-y-17-anos-podran-votar-por-primera-vez\/"]}]},{"@type":"ImageObject","inLanguage":"es-AR","@id":"http:\/\/www.radiohorizonte.fm\/radio\/2023\/08\/07\/mas-de-un-millon-de-jovenes-de-16-y-17-anos-podran-votar-por-primera-vez\/#primaryimage","url":"http:\/\/www.radiohorizonte.fm\/radio\/wp-content\/uploads\/2019\/04\/voto.jpg","contentUrl":"http:\/\/www.radiohorizonte.fm\/radio\/wp-content\/uploads\/2019\/04\/voto.jpg","width":640,"height":360},{"@type":"BreadcrumbList","@id":"http:\/\/www.radiohorizonte.fm\/radio\/2023\/08\/07\/mas-de-un-millon-de-jovenes-de-16-y-17-anos-podran-votar-por-primera-vez\/#breadcrumb","itemListElement":[{"@type":"ListItem","position":1,"name":"Home","item":"http:\/\/www.radiohorizonte.fm\/radio\/"},{"@type":"ListItem","position":2,"name":"M\u00e1s de un mill\u00f3n de j\u00f3venes de 16 y 17 a\u00f1os podr\u00e1n votar por primera vez"}]},{"@type":"WebSite","@id":"http:\/\/www.radiohorizonte.fm\/radio\/#website","url":"http:\/\/www.radiohorizonte.fm\/radio\/","name":"Horizonte","description":"Radio Horizonte 106.1 - Una radio de clasicos","publisher":{"@id":"http:\/\/www.radiohorizonte.fm\/radio\/#organization"},"potentialAction":[{"@type":"SearchAction","target":{"@type":"EntryPoint","urlTemplate":"http:\/\/www.radiohorizonte.fm\/radio\/?s={search_term_string}"},"query-input":{"@type":"PropertyValueSpecification","valueRequired":true,"valueName":"search_term_string"}}],"inLanguage":"es-AR"},{"@type":"Organization","@id":"http:\/\/www.radiohorizonte.fm\/radio\/#organization","name":"Horizonte","url":"http:\/\/www.radiohorizonte.fm\/radio\/","logo":{"@type":"ImageObject","inLanguage":"es-AR","@id":"http:\/\/www.radiohorizonte.fm\/radio\/#\/schema\/logo\/image\/","url":"http:\/\/www.radiohorizonte.fm\/radio\/wp-content\/uploads\/2025\/06\/Portada-FM-Horizonte_modelo-imagen-scaled.jpg","contentUrl":"http:\/\/www.radiohorizonte.fm\/radio\/wp-content\/uploads\/2025\/06\/Portada-FM-Horizonte_modelo-imagen-scaled.jpg","width":2560,"height":1056,"caption":"Horizonte"},"image":{"@id":"http:\/\/www.radiohorizonte.fm\/radio\/#\/schema\/logo\/image\/"},"sameAs":["http:\/\/www.facebook.com\/HORIZONTE106.1","https:\/\/x.com\/fmhorizonte1061"]},{"@type":"Person","@id":"http:\/\/www.radiohorizonte.fm\/radio\/#\/schema\/person\/f8fa003a405bb86729fd87d15d0ddafa","name":"Cristian Galarza","image":{"@type":"ImageObject","inLanguage":"es-AR","@id":"https:\/\/secure.gravatar.com\/avatar\/fad34bc2c773209c05d7d53b08a69b680eeb55f3be014e52b31643d20ab65925?s=96&d=mm&r=g","url":"https:\/\/secure.gravatar.com\/avatar\/fad34bc2c773209c05d7d53b08a69b680eeb55f3be014e52b31643d20ab65925?s=96&d=mm&r=g","contentUrl":"https:\/\/secure.gravatar.com\/avatar\/fad34bc2c773209c05d7d53b08a69b680eeb55f3be014e52b31643d20ab65925?s=96&d=mm&r=g","caption":"Cristian Galarza"},"url":"http:\/\/www.radiohorizonte.fm\/radio\/author\/cristian\/"}]}},"_links":{"self":[{"href":"http:\/\/www.radiohorizonte.fm\/radio\/wp-json\/wp\/v2\/posts\/41672","targetHints":{"allow":["GET"]}}],"collection":[{"href":"http:\/\/www.radiohorizonte.fm\/radio\/wp-json\/wp\/v2\/posts"}],"about":[{"href":"http:\/\/www.radiohorizonte.fm\/radio\/wp-json\/wp\/v2\/types\/post"}],"author":[{"embeddable":true,"href":"http:\/\/www.radiohorizonte.fm\/radio\/wp-json\/wp\/v2\/users\/2"}],"replies":[{"embeddable":true,"href":"http:\/\/www.radiohorizonte.fm\/radio\/wp-json\/wp\/v2\/comments?post=41672"}],"version-history":[{"count":1,"href":"http:\/\/www.radiohorizonte.fm\/radio\/wp-json\/wp\/v2\/posts\/41672\/revisions"}],"predecessor-version":[{"id":41673,"href":"http:\/\/www.radiohorizonte.fm\/radio\/wp-json\/wp\/v2\/posts\/41672\/revisions\/41673"}],"wp:featuredmedia":[{"embeddable":true,"href":"http:\/\/www.radiohorizonte.fm\/radio\/wp-json\/wp\/v2\/media\/21080"}],"wp:attachment":[{"href":"http:\/\/www.radiohorizonte.fm\/radio\/wp-json\/wp\/v2\/media?parent=41672"}],"wp:term":[{"taxonomy":"category","embeddable":true,"href":"http:\/\/www.radiohorizonte.fm\/radio\/wp-json\/wp\/v2\/categories?post=41672"},{"taxonomy":"post_tag","embeddable":true,"href":"http:\/\/www.radiohorizonte.fm\/radio\/wp-json\/wp\/v2\/tags?post=41672"}],"curies":[{"name":"wp","href":"https:\/\/api.w.org\/{rel}","templated":true}]}}