{"id":41678,"date":"2023-08-08T07:21:26","date_gmt":"2023-08-08T10:21:26","guid":{"rendered":"http:\/\/www.radiohorizonte.fm\/radio\/?p=41678"},"modified":"2023-08-08T07:21:26","modified_gmt":"2023-08-08T10:21:26","slug":"murieron-dos-personas-y-ya-suman-97-las-victimas-por-accidentes-de-transito","status":"publish","type":"post","link":"http:\/\/www.radiohorizonte.fm\/radio\/2023\/08\/08\/murieron-dos-personas-y-ya-suman-97-las-victimas-por-accidentes-de-transito\/","title":{"rendered":"Murieron dos personas y ya suman 97 las v\u00edctimas por accidentes de tr\u00e1nsito"},"content":{"rendered":"<div class=\"item is-12 mnp\">\n<div class=\"articulo__intro\">En Goya, falleci\u00f3 un motociclista tras caer al suelo. En tanto que en Gobernador Virasoro muri\u00f3 una persona en el choque frontal de un autom\u00f3vil y un cami\u00f3n.<\/div>\n<\/div>\n<div class=\"item articulo__main\">\u00a0<img loading=\"lazy\" decoding=\"async\" class=\"alignnone size-full wp-image-41679\" src=\"http:\/\/www.radiohorizonte.fm\/radio\/wp-content\/uploads\/2023\/08\/1691454912771.jpg\" alt=\"\" width=\"770\" height=\"440\" srcset=\"http:\/\/www.radiohorizonte.fm\/radio\/wp-content\/uploads\/2023\/08\/1691454912771.jpg 770w, http:\/\/www.radiohorizonte.fm\/radio\/wp-content\/uploads\/2023\/08\/1691454912771-300x171.jpg 300w, http:\/\/www.radiohorizonte.fm\/radio\/wp-content\/uploads\/2023\/08\/1691454912771-768x439.jpg 768w, http:\/\/www.radiohorizonte.fm\/radio\/wp-content\/uploads\/2023\/08\/1691454912771-65x37.jpg 65w, http:\/\/www.radiohorizonte.fm\/radio\/wp-content\/uploads\/2023\/08\/1691454912771-320x183.jpg 320w, http:\/\/www.radiohorizonte.fm\/radio\/wp-content\/uploads\/2023\/08\/1691454912771-85x49.jpg 85w, http:\/\/www.radiohorizonte.fm\/radio\/wp-content\/uploads\/2023\/08\/1691454912771-220x125.jpg 220w, http:\/\/www.radiohorizonte.fm\/radio\/wp-content\/uploads\/2023\/08\/1691454912771-90x51.jpg 90w\" sizes=\"auto, (max-width: 770px) 100vw, 770px\" \/><\/div>\n<div>\n<p>Dos personas murieron ayer en diferentes accidentes de tr\u00e1nsito en las localidades de Goya y Gobernador Virasoro.<\/p>\n<p>El primer hecho fatal se produjo ayer a la ma\u00f1ana alrededor de las 8 een la zona del Paraje Alamo -Segunda Secci\u00f3n Rural de Goya.<\/p>\n<p>Por la zona se desplazaba un hombre de 39 a\u00f1os en a una motocicleta \u2013marca Yamaha XTZ de 250cc.<\/p>\n<p>Habr\u00eda perdido el control del rodado lo que produjo su ca\u00edda a la cinta asf\u00e1ltica, posteriormente fue auxiliado pero lamentable habr\u00eda llegado sin signos vitales al Hospital zonal.<\/p>\n<div class=\"container_publi\" data-tipo=\"tipo_desktop \" data-pos=\"AMP_P1_cuerpo\"><\/div>\n<p>El otro siniestro se produjo en la Ruta Nacional N14 donde una persona muri\u00f3 y otra result\u00f3 herida de gravedad tras el choque frontal entre un auto y un cami\u00f3n en cercan\u00edas a la ciudad correntina de Virasoro.<\/p>\n<p>Al cierre de esta edici\u00f3n se desconoc\u00eda la identidad de la v\u00edctima. Pero se pudo confirmar que viajaba en el autom\u00f3vil.<\/p>\n<p>El fatal accidente se registr\u00f3 \u00a0a unos 15 kil\u00f3metros al norte de dicha ciudad y a unos pocos kil\u00f3metros del cruce con la ruta 120.<\/p>\n<p>Los servicios de emergencia de Virasoro acudieron al llamado y las autoridades del Hospital local confirmaron la muerte de un ocupante del rodado menor. En tanto, otra persona result\u00f3 con graves lesiones a causa del impacto y fue derivada a un centro de salud.<\/p>\n<div class=\"container_publi\" data-tipo=\"tipo_desktop \" data-pos=\"AMP_P2_cuerpo\"><\/div>\n<p>El tr\u00e1nsito en la zona estuvoa interrumpido.<\/p>\n<\/div>\n<p>Fuente: El Litoral<\/p>\n<div><\/div>\n","protected":false},"excerpt":{"rendered":"<div class=\"post-excerpt\"><p>En Goya, falleci\u00f3 un motociclista tras caer al suelo. En tanto que en Gobernador Virasoro muri\u00f3 una persona en el choque frontal de un autom\u00f3vil y un cami\u00f3n. \u00a0 Dos personas murieron ayer en diferentes accidentes de tr\u00e1nsito en las localidades de Goya y Gobernador Virasoro. El primer hecho fatal se produjo ayer a la<\/p>\n<\/div>","protected":false},"author":2,"featured_media":41679,"comment_status":"closed","ping_status":"closed","sticky":false,"template":"","format":"standard","meta":{"_acf_changed":false,"footnotes":""},"categories":[2],"tags":[],"class_list":["post-41678","post","type-post","status-publish","format-standard","has-post-thumbnail","hentry","category-noticias"],"acf":[],"yoast_head":"<!-- This site is optimized with the Yoast SEO plugin v28.1 - https:\/\/yoast.com\/product\/yoast-seo-wordpress\/ -->\n<title>Murieron dos personas y ya suman 97 las v\u00edctimas por accidentes de tr\u00e1nsito - Horizonte<\/title>\n<meta name=\"robots\" content=\"index, follow, max-snippet:-1, max-image-preview:large, max-video-preview:-1\" \/>\n<link rel=\"canonical\" href=\"https:\/\/www.radiohorizonte.fm\/radio\/2023\/08\/08\/murieron-dos-personas-y-ya-suman-97-las-victimas-por-accidentes-de-transito\/\" \/>\n<meta property=\"og:locale\" content=\"es_ES\" \/>\n<meta property=\"og:type\" content=\"article\" \/>\n<meta property=\"og:title\" content=\"Murieron dos personas y ya suman 97 las v\u00edctimas por accidentes de tr\u00e1nsito - Horizonte\" \/>\n<meta property=\"og:description\" content=\"En Goya, falleci\u00f3 un motociclista tras caer al suelo. En tanto que en Gobernador Virasoro muri\u00f3 una persona en el choque frontal de un autom\u00f3vil y un cami\u00f3n. \u00a0 Dos personas murieron ayer en diferentes accidentes de tr\u00e1nsito en las localidades de Goya y Gobernador Virasoro. El primer hecho fatal se produjo ayer a la\" \/>\n<meta property=\"og:url\" content=\"https:\/\/www.radiohorizonte.fm\/radio\/2023\/08\/08\/murieron-dos-personas-y-ya-suman-97-las-victimas-por-accidentes-de-transito\/\" \/>\n<meta property=\"og:site_name\" content=\"Horizonte\" \/>\n<meta property=\"article:publisher\" content=\"http:\/\/www.facebook.com\/HORIZONTE106.1\" \/>\n<meta property=\"article:published_time\" content=\"2023-08-08T10:21:26+00:00\" \/>\n<meta property=\"og:image\" content=\"https:\/\/www.radiohorizonte.fm\/radio\/wp-content\/uploads\/2023\/08\/1691454912771.jpg\" \/>\n\t<meta property=\"og:image:width\" content=\"770\" \/>\n\t<meta property=\"og:image:height\" content=\"440\" \/>\n\t<meta property=\"og:image:type\" content=\"image\/jpeg\" \/>\n<meta name=\"author\" content=\"Cristian Galarza\" \/>\n<meta name=\"twitter:card\" content=\"summary_large_image\" \/>\n<meta name=\"twitter:creator\" content=\"@fmhorizonte1061\" \/>\n<meta name=\"twitter:site\" content=\"@fmhorizonte1061\" \/>\n<meta name=\"twitter:label1\" content=\"Escrito por\" \/>\n\t<meta name=\"twitter:data1\" content=\"Cristian Galarza\" \/>\n\t<meta name=\"twitter:label2\" content=\"Tiempo de lectura\" \/>\n\t<meta name=\"twitter:data2\" content=\"1 minuto\" \/>\n<script type=\"application\/ld+json\" class=\"yoast-schema-graph\">{\"@context\":\"https:\\\/\\\/schema.org\",\"@graph\":[{\"@type\":\"Article\",\"@id\":\"https:\\\/\\\/www.radiohorizonte.fm\\\/radio\\\/2023\\\/08\\\/08\\\/murieron-dos-personas-y-ya-suman-97-las-victimas-por-accidentes-de-transito\\\/#article\",\"isPartOf\":{\"@id\":\"https:\\\/\\\/www.radiohorizonte.fm\\\/radio\\\/2023\\\/08\\\/08\\\/murieron-dos-personas-y-ya-suman-97-las-victimas-por-accidentes-de-transito\\\/\"},\"author\":{\"name\":\"Cristian Galarza\",\"@id\":\"http:\\\/\\\/www.radiohorizonte.fm\\\/radio\\\/#\\\/schema\\\/person\\\/f8fa003a405bb86729fd87d15d0ddafa\"},\"headline\":\"Murieron dos personas y ya suman 97 las v\u00edctimas por accidentes de tr\u00e1nsito\",\"datePublished\":\"2023-08-08T10:21:26+00:00\",\"mainEntityOfPage\":{\"@id\":\"https:\\\/\\\/www.radiohorizonte.fm\\\/radio\\\/2023\\\/08\\\/08\\\/murieron-dos-personas-y-ya-suman-97-las-victimas-por-accidentes-de-transito\\\/\"},\"wordCount\":284,\"publisher\":{\"@id\":\"http:\\\/\\\/www.radiohorizonte.fm\\\/radio\\\/#organization\"},\"image\":{\"@id\":\"https:\\\/\\\/www.radiohorizonte.fm\\\/radio\\\/2023\\\/08\\\/08\\\/murieron-dos-personas-y-ya-suman-97-las-victimas-por-accidentes-de-transito\\\/#primaryimage\"},\"thumbnailUrl\":\"http:\\\/\\\/www.radiohorizonte.fm\\\/radio\\\/wp-content\\\/uploads\\\/2023\\\/08\\\/1691454912771.jpg\",\"articleSection\":[\"Noticias\"],\"inLanguage\":\"es-AR\"},{\"@type\":\"WebPage\",\"@id\":\"https:\\\/\\\/www.radiohorizonte.fm\\\/radio\\\/2023\\\/08\\\/08\\\/murieron-dos-personas-y-ya-suman-97-las-victimas-por-accidentes-de-transito\\\/\",\"url\":\"https:\\\/\\\/www.radiohorizonte.fm\\\/radio\\\/2023\\\/08\\\/08\\\/murieron-dos-personas-y-ya-suman-97-las-victimas-por-accidentes-de-transito\\\/\",\"name\":\"Murieron dos personas y ya suman 97 las v\u00edctimas por accidentes de tr\u00e1nsito - Horizonte\",\"isPartOf\":{\"@id\":\"http:\\\/\\\/www.radiohorizonte.fm\\\/radio\\\/#website\"},\"primaryImageOfPage\":{\"@id\":\"https:\\\/\\\/www.radiohorizonte.fm\\\/radio\\\/2023\\\/08\\\/08\\\/murieron-dos-personas-y-ya-suman-97-las-victimas-por-accidentes-de-transito\\\/#primaryimage\"},\"image\":{\"@id\":\"https:\\\/\\\/www.radiohorizonte.fm\\\/radio\\\/2023\\\/08\\\/08\\\/murieron-dos-personas-y-ya-suman-97-las-victimas-por-accidentes-de-transito\\\/#primaryimage\"},\"thumbnailUrl\":\"http:\\\/\\\/www.radiohorizonte.fm\\\/radio\\\/wp-content\\\/uploads\\\/2023\\\/08\\\/1691454912771.jpg\",\"datePublished\":\"2023-08-08T10:21:26+00:00\",\"breadcrumb\":{\"@id\":\"https:\\\/\\\/www.radiohorizonte.fm\\\/radio\\\/2023\\\/08\\\/08\\\/murieron-dos-personas-y-ya-suman-97-las-victimas-por-accidentes-de-transito\\\/#breadcrumb\"},\"inLanguage\":\"es-AR\",\"potentialAction\":[{\"@type\":\"ReadAction\",\"target\":[\"https:\\\/\\\/www.radiohorizonte.fm\\\/radio\\\/2023\\\/08\\\/08\\\/murieron-dos-personas-y-ya-suman-97-las-victimas-por-accidentes-de-transito\\\/\"]}]},{\"@type\":\"ImageObject\",\"inLanguage\":\"es-AR\",\"@id\":\"https:\\\/\\\/www.radiohorizonte.fm\\\/radio\\\/2023\\\/08\\\/08\\\/murieron-dos-personas-y-ya-suman-97-las-victimas-por-accidentes-de-transito\\\/#primaryimage\",\"url\":\"http:\\\/\\\/www.radiohorizonte.fm\\\/radio\\\/wp-content\\\/uploads\\\/2023\\\/08\\\/1691454912771.jpg\",\"contentUrl\":\"http:\\\/\\\/www.radiohorizonte.fm\\\/radio\\\/wp-content\\\/uploads\\\/2023\\\/08\\\/1691454912771.jpg\",\"width\":770,\"height\":440},{\"@type\":\"BreadcrumbList\",\"@id\":\"https:\\\/\\\/www.radiohorizonte.fm\\\/radio\\\/2023\\\/08\\\/08\\\/murieron-dos-personas-y-ya-suman-97-las-victimas-por-accidentes-de-transito\\\/#breadcrumb\",\"itemListElement\":[{\"@type\":\"ListItem\",\"position\":1,\"name\":\"Home\",\"item\":\"http:\\\/\\\/www.radiohorizonte.fm\\\/radio\\\/\"},{\"@type\":\"ListItem\",\"position\":2,\"name\":\"Murieron dos personas y ya suman 97 las v\u00edctimas por accidentes de tr\u00e1nsito\"}]},{\"@type\":\"WebSite\",\"@id\":\"http:\\\/\\\/www.radiohorizonte.fm\\\/radio\\\/#website\",\"url\":\"http:\\\/\\\/www.radiohorizonte.fm\\\/radio\\\/\",\"name\":\"Horizonte\",\"description\":\"Radio Horizonte 106.1 - Una radio de clasicos\",\"publisher\":{\"@id\":\"http:\\\/\\\/www.radiohorizonte.fm\\\/radio\\\/#organization\"},\"potentialAction\":[{\"@type\":\"SearchAction\",\"target\":{\"@type\":\"EntryPoint\",\"urlTemplate\":\"http:\\\/\\\/www.radiohorizonte.fm\\\/radio\\\/?s={search_term_string}\"},\"query-input\":{\"@type\":\"PropertyValueSpecification\",\"valueRequired\":true,\"valueName\":\"search_term_string\"}}],\"inLanguage\":\"es-AR\"},{\"@type\":\"Organization\",\"@id\":\"http:\\\/\\\/www.radiohorizonte.fm\\\/radio\\\/#organization\",\"name\":\"Horizonte\",\"url\":\"http:\\\/\\\/www.radiohorizonte.fm\\\/radio\\\/\",\"logo\":{\"@type\":\"ImageObject\",\"inLanguage\":\"es-AR\",\"@id\":\"http:\\\/\\\/www.radiohorizonte.fm\\\/radio\\\/#\\\/schema\\\/logo\\\/image\\\/\",\"url\":\"http:\\\/\\\/www.radiohorizonte.fm\\\/radio\\\/wp-content\\\/uploads\\\/2025\\\/06\\\/Portada-FM-Horizonte_modelo-imagen-scaled.jpg\",\"contentUrl\":\"http:\\\/\\\/www.radiohorizonte.fm\\\/radio\\\/wp-content\\\/uploads\\\/2025\\\/06\\\/Portada-FM-Horizonte_modelo-imagen-scaled.jpg\",\"width\":2560,\"height\":1056,\"caption\":\"Horizonte\"},\"image\":{\"@id\":\"http:\\\/\\\/www.radiohorizonte.fm\\\/radio\\\/#\\\/schema\\\/logo\\\/image\\\/\"},\"sameAs\":[\"http:\\\/\\\/www.facebook.com\\\/HORIZONTE106.1\",\"https:\\\/\\\/x.com\\\/fmhorizonte1061\"]},{\"@type\":\"Person\",\"@id\":\"http:\\\/\\\/www.radiohorizonte.fm\\\/radio\\\/#\\\/schema\\\/person\\\/f8fa003a405bb86729fd87d15d0ddafa\",\"name\":\"Cristian Galarza\",\"image\":{\"@type\":\"ImageObject\",\"inLanguage\":\"es-AR\",\"@id\":\"https:\\\/\\\/secure.gravatar.com\\\/avatar\\\/fad34bc2c773209c05d7d53b08a69b680eeb55f3be014e52b31643d20ab65925?s=96&d=mm&r=g\",\"url\":\"https:\\\/\\\/secure.gravatar.com\\\/avatar\\\/fad34bc2c773209c05d7d53b08a69b680eeb55f3be014e52b31643d20ab65925?s=96&d=mm&r=g\",\"contentUrl\":\"https:\\\/\\\/secure.gravatar.com\\\/avatar\\\/fad34bc2c773209c05d7d53b08a69b680eeb55f3be014e52b31643d20ab65925?s=96&d=mm&r=g\",\"caption\":\"Cristian Galarza\"},\"url\":\"http:\\\/\\\/www.radiohorizonte.fm\\\/radio\\\/author\\\/cristian\\\/\"}]}<\/script>\n<!-- \/ Yoast SEO plugin. -->","yoast_head_json":{"title":"Murieron dos personas y ya suman 97 las v\u00edctimas por accidentes de tr\u00e1nsito - Horizonte","robots":{"index":"index","follow":"follow","max-snippet":"max-snippet:-1","max-image-preview":"max-image-preview:large","max-video-preview":"max-video-preview:-1"},"canonical":"https:\/\/www.radiohorizonte.fm\/radio\/2023\/08\/08\/murieron-dos-personas-y-ya-suman-97-las-victimas-por-accidentes-de-transito\/","og_locale":"es_ES","og_type":"article","og_title":"Murieron dos personas y ya suman 97 las v\u00edctimas por accidentes de tr\u00e1nsito - Horizonte","og_description":"En Goya, falleci\u00f3 un motociclista tras caer al suelo. En tanto que en Gobernador Virasoro muri\u00f3 una persona en el choque frontal de un autom\u00f3vil y un cami\u00f3n. \u00a0 Dos personas murieron ayer en diferentes accidentes de tr\u00e1nsito en las localidades de Goya y Gobernador Virasoro. El primer hecho fatal se produjo ayer a la","og_url":"https:\/\/www.radiohorizonte.fm\/radio\/2023\/08\/08\/murieron-dos-personas-y-ya-suman-97-las-victimas-por-accidentes-de-transito\/","og_site_name":"Horizonte","article_publisher":"http:\/\/www.facebook.com\/HORIZONTE106.1","article_published_time":"2023-08-08T10:21:26+00:00","og_image":[{"width":770,"height":440,"url":"https:\/\/www.radiohorizonte.fm\/radio\/wp-content\/uploads\/2023\/08\/1691454912771.jpg","type":"image\/jpeg"}],"author":"Cristian Galarza","twitter_card":"summary_large_image","twitter_creator":"@fmhorizonte1061","twitter_site":"@fmhorizonte1061","twitter_misc":{"Escrito por":"Cristian Galarza","Tiempo de lectura":"1 minuto"},"schema":{"@context":"https:\/\/schema.org","@graph":[{"@type":"Article","@id":"https:\/\/www.radiohorizonte.fm\/radio\/2023\/08\/08\/murieron-dos-personas-y-ya-suman-97-las-victimas-por-accidentes-de-transito\/#article","isPartOf":{"@id":"https:\/\/www.radiohorizonte.fm\/radio\/2023\/08\/08\/murieron-dos-personas-y-ya-suman-97-las-victimas-por-accidentes-de-transito\/"},"author":{"name":"Cristian Galarza","@id":"http:\/\/www.radiohorizonte.fm\/radio\/#\/schema\/person\/f8fa003a405bb86729fd87d15d0ddafa"},"headline":"Murieron dos personas y ya suman 97 las v\u00edctimas por accidentes de tr\u00e1nsito","datePublished":"2023-08-08T10:21:26+00:00","mainEntityOfPage":{"@id":"https:\/\/www.radiohorizonte.fm\/radio\/2023\/08\/08\/murieron-dos-personas-y-ya-suman-97-las-victimas-por-accidentes-de-transito\/"},"wordCount":284,"publisher":{"@id":"http:\/\/www.radiohorizonte.fm\/radio\/#organization"},"image":{"@id":"https:\/\/www.radiohorizonte.fm\/radio\/2023\/08\/08\/murieron-dos-personas-y-ya-suman-97-las-victimas-por-accidentes-de-transito\/#primaryimage"},"thumbnailUrl":"http:\/\/www.radiohorizonte.fm\/radio\/wp-content\/uploads\/2023\/08\/1691454912771.jpg","articleSection":["Noticias"],"inLanguage":"es-AR"},{"@type":"WebPage","@id":"https:\/\/www.radiohorizonte.fm\/radio\/2023\/08\/08\/murieron-dos-personas-y-ya-suman-97-las-victimas-por-accidentes-de-transito\/","url":"https:\/\/www.radiohorizonte.fm\/radio\/2023\/08\/08\/murieron-dos-personas-y-ya-suman-97-las-victimas-por-accidentes-de-transito\/","name":"Murieron dos personas y ya suman 97 las v\u00edctimas por accidentes de tr\u00e1nsito - Horizonte","isPartOf":{"@id":"http:\/\/www.radiohorizonte.fm\/radio\/#website"},"primaryImageOfPage":{"@id":"https:\/\/www.radiohorizonte.fm\/radio\/2023\/08\/08\/murieron-dos-personas-y-ya-suman-97-las-victimas-por-accidentes-de-transito\/#primaryimage"},"image":{"@id":"https:\/\/www.radiohorizonte.fm\/radio\/2023\/08\/08\/murieron-dos-personas-y-ya-suman-97-las-victimas-por-accidentes-de-transito\/#primaryimage"},"thumbnailUrl":"http:\/\/www.radiohorizonte.fm\/radio\/wp-content\/uploads\/2023\/08\/1691454912771.jpg","datePublished":"2023-08-08T10:21:26+00:00","breadcrumb":{"@id":"https:\/\/www.radiohorizonte.fm\/radio\/2023\/08\/08\/murieron-dos-personas-y-ya-suman-97-las-victimas-por-accidentes-de-transito\/#breadcrumb"},"inLanguage":"es-AR","potentialAction":[{"@type":"ReadAction","target":["https:\/\/www.radiohorizonte.fm\/radio\/2023\/08\/08\/murieron-dos-personas-y-ya-suman-97-las-victimas-por-accidentes-de-transito\/"]}]},{"@type":"ImageObject","inLanguage":"es-AR","@id":"https:\/\/www.radiohorizonte.fm\/radio\/2023\/08\/08\/murieron-dos-personas-y-ya-suman-97-las-victimas-por-accidentes-de-transito\/#primaryimage","url":"http:\/\/www.radiohorizonte.fm\/radio\/wp-content\/uploads\/2023\/08\/1691454912771.jpg","contentUrl":"http:\/\/www.radiohorizonte.fm\/radio\/wp-content\/uploads\/2023\/08\/1691454912771.jpg","width":770,"height":440},{"@type":"BreadcrumbList","@id":"https:\/\/www.radiohorizonte.fm\/radio\/2023\/08\/08\/murieron-dos-personas-y-ya-suman-97-las-victimas-por-accidentes-de-transito\/#breadcrumb","itemListElement":[{"@type":"ListItem","position":1,"name":"Home","item":"http:\/\/www.radiohorizonte.fm\/radio\/"},{"@type":"ListItem","position":2,"name":"Murieron dos personas y ya suman 97 las v\u00edctimas por accidentes de tr\u00e1nsito"}]},{"@type":"WebSite","@id":"http:\/\/www.radiohorizonte.fm\/radio\/#website","url":"http:\/\/www.radiohorizonte.fm\/radio\/","name":"Horizonte","description":"Radio Horizonte 106.1 - Una radio de clasicos","publisher":{"@id":"http:\/\/www.radiohorizonte.fm\/radio\/#organization"},"potentialAction":[{"@type":"SearchAction","target":{"@type":"EntryPoint","urlTemplate":"http:\/\/www.radiohorizonte.fm\/radio\/?s={search_term_string}"},"query-input":{"@type":"PropertyValueSpecification","valueRequired":true,"valueName":"search_term_string"}}],"inLanguage":"es-AR"},{"@type":"Organization","@id":"http:\/\/www.radiohorizonte.fm\/radio\/#organization","name":"Horizonte","url":"http:\/\/www.radiohorizonte.fm\/radio\/","logo":{"@type":"ImageObject","inLanguage":"es-AR","@id":"http:\/\/www.radiohorizonte.fm\/radio\/#\/schema\/logo\/image\/","url":"http:\/\/www.radiohorizonte.fm\/radio\/wp-content\/uploads\/2025\/06\/Portada-FM-Horizonte_modelo-imagen-scaled.jpg","contentUrl":"http:\/\/www.radiohorizonte.fm\/radio\/wp-content\/uploads\/2025\/06\/Portada-FM-Horizonte_modelo-imagen-scaled.jpg","width":2560,"height":1056,"caption":"Horizonte"},"image":{"@id":"http:\/\/www.radiohorizonte.fm\/radio\/#\/schema\/logo\/image\/"},"sameAs":["http:\/\/www.facebook.com\/HORIZONTE106.1","https:\/\/x.com\/fmhorizonte1061"]},{"@type":"Person","@id":"http:\/\/www.radiohorizonte.fm\/radio\/#\/schema\/person\/f8fa003a405bb86729fd87d15d0ddafa","name":"Cristian Galarza","image":{"@type":"ImageObject","inLanguage":"es-AR","@id":"https:\/\/secure.gravatar.com\/avatar\/fad34bc2c773209c05d7d53b08a69b680eeb55f3be014e52b31643d20ab65925?s=96&d=mm&r=g","url":"https:\/\/secure.gravatar.com\/avatar\/fad34bc2c773209c05d7d53b08a69b680eeb55f3be014e52b31643d20ab65925?s=96&d=mm&r=g","contentUrl":"https:\/\/secure.gravatar.com\/avatar\/fad34bc2c773209c05d7d53b08a69b680eeb55f3be014e52b31643d20ab65925?s=96&d=mm&r=g","caption":"Cristian Galarza"},"url":"http:\/\/www.radiohorizonte.fm\/radio\/author\/cristian\/"}]}},"_links":{"self":[{"href":"http:\/\/www.radiohorizonte.fm\/radio\/wp-json\/wp\/v2\/posts\/41678","targetHints":{"allow":["GET"]}}],"collection":[{"href":"http:\/\/www.radiohorizonte.fm\/radio\/wp-json\/wp\/v2\/posts"}],"about":[{"href":"http:\/\/www.radiohorizonte.fm\/radio\/wp-json\/wp\/v2\/types\/post"}],"author":[{"embeddable":true,"href":"http:\/\/www.radiohorizonte.fm\/radio\/wp-json\/wp\/v2\/users\/2"}],"replies":[{"embeddable":true,"href":"http:\/\/www.radiohorizonte.fm\/radio\/wp-json\/wp\/v2\/comments?post=41678"}],"version-history":[{"count":1,"href":"http:\/\/www.radiohorizonte.fm\/radio\/wp-json\/wp\/v2\/posts\/41678\/revisions"}],"predecessor-version":[{"id":41680,"href":"http:\/\/www.radiohorizonte.fm\/radio\/wp-json\/wp\/v2\/posts\/41678\/revisions\/41680"}],"wp:featuredmedia":[{"embeddable":true,"href":"http:\/\/www.radiohorizonte.fm\/radio\/wp-json\/wp\/v2\/media\/41679"}],"wp:attachment":[{"href":"http:\/\/www.radiohorizonte.fm\/radio\/wp-json\/wp\/v2\/media?parent=41678"}],"wp:term":[{"taxonomy":"category","embeddable":true,"href":"http:\/\/www.radiohorizonte.fm\/radio\/wp-json\/wp\/v2\/categories?post=41678"},{"taxonomy":"post_tag","embeddable":true,"href":"http:\/\/www.radiohorizonte.fm\/radio\/wp-json\/wp\/v2\/tags?post=41678"}],"curies":[{"name":"wp","href":"https:\/\/api.w.org\/{rel}","templated":true}]}}