{"id":41682,"date":"2023-08-08T11:28:36","date_gmt":"2023-08-08T14:28:36","guid":{"rendered":"http:\/\/www.radiohorizonte.fm\/radio\/?p=41682"},"modified":"2023-08-08T11:28:36","modified_gmt":"2023-08-08T14:28:36","slug":"afip-investiga-plazos-fijos-como-saber-si-pase-del-limite-y-cuanto-puedo-tener-sin-declarar","status":"publish","type":"post","link":"http:\/\/www.radiohorizonte.fm\/radio\/2023\/08\/08\/afip-investiga-plazos-fijos-como-saber-si-pase-del-limite-y-cuanto-puedo-tener-sin-declarar\/","title":{"rendered":"AFIP investiga plazos fijos: c\u00f3mo saber si me pas\u00e9 del l\u00edmite y cu\u00e1nto puedo tener sin declarar"},"content":{"rendered":"<p class=\"description\">El ente tributario investiga a todas las personas que superen un monto establecido para los dep\u00f3sitos a plazo fijo.<\/p>\n<p class=\"block-content\">\u00a0<img loading=\"lazy\" decoding=\"async\" class=\"alignnone size-full wp-image-7950\" src=\"http:\/\/www.radiohorizonte.fm\/radio\/wp-content\/uploads\/2017\/07\/afip.jpg\" alt=\"\" width=\"2048\" height=\"1542\" srcset=\"http:\/\/www.radiohorizonte.fm\/radio\/wp-content\/uploads\/2017\/07\/afip.jpg 2048w, http:\/\/www.radiohorizonte.fm\/radio\/wp-content\/uploads\/2017\/07\/afip-300x226.jpg 300w, http:\/\/www.radiohorizonte.fm\/radio\/wp-content\/uploads\/2017\/07\/afip-768x578.jpg 768w, http:\/\/www.radiohorizonte.fm\/radio\/wp-content\/uploads\/2017\/07\/afip-1024x771.jpg 1024w, http:\/\/www.radiohorizonte.fm\/radio\/wp-content\/uploads\/2017\/07\/afip-65x49.jpg 65w, http:\/\/www.radiohorizonte.fm\/radio\/wp-content\/uploads\/2017\/07\/afip-266x200.jpg 266w, http:\/\/www.radiohorizonte.fm\/radio\/wp-content\/uploads\/2017\/07\/afip-85x64.jpg 85w, http:\/\/www.radiohorizonte.fm\/radio\/wp-content\/uploads\/2017\/07\/afip-166x125.jpg 166w, http:\/\/www.radiohorizonte.fm\/radio\/wp-content\/uploads\/2017\/07\/afip-90x68.jpg 90w\" sizes=\"auto, (max-width: 2048px) 100vw, 2048px\" \/><\/p>\n<p>Muchos ahorristas elijen al\u00a0<b>plazo fijo\u00a0<\/b>como forma de resguardo, pese a la inflaci\u00f3n. Todos aquellas personas que superen el l\u00edmite al hacer estos dep\u00f3sito quedan expuestos a un posible investigaci\u00f3n por parte de la<b>\u00a0Administraci\u00f3n Federal de Ingresos P\u00fablicos<\/b>\u00a0(AFIP)<u>.<\/u><\/p>\n<div class=\"zone \"><\/div>\n<p>En ese sentido, l<u>os bancos est\u00e1n obligados a informar<\/u>\u00a0al ente tributario cuando una persona\u00a0<b>invierte<\/b>\u00a0cierta cantidad de dinero en un plazo fijo.<\/p>\n<p><img loading=\"lazy\" decoding=\"async\" class=\"alignnone size-full wp-image-41683\" src=\"http:\/\/www.radiohorizonte.fm\/radio\/wp-content\/uploads\/2023\/08\/descarga-2.jpg\" alt=\"\" width=\"286\" height=\"176\" srcset=\"http:\/\/www.radiohorizonte.fm\/radio\/wp-content\/uploads\/2023\/08\/descarga-2.jpg 286w, http:\/\/www.radiohorizonte.fm\/radio\/wp-content\/uploads\/2023\/08\/descarga-2-65x40.jpg 65w, http:\/\/www.radiohorizonte.fm\/radio\/wp-content\/uploads\/2023\/08\/descarga-2-85x52.jpg 85w, http:\/\/www.radiohorizonte.fm\/radio\/wp-content\/uploads\/2023\/08\/descarga-2-203x125.jpg 203w, http:\/\/www.radiohorizonte.fm\/radio\/wp-content\/uploads\/2023\/08\/descarga-2-90x55.jpg 90w\" sizes=\"auto, (max-width: 286px) 100vw, 286px\" \/><\/p>\n<h2 id=\"afip-cual-es-el-limite-para-invertir-en-un-plazo-fijo-sin-que-te-investiguen\">AFIP: \u00bfcu\u00e1l es el l\u00edmite para invertir en un plazo fijo sin que te investiguen?<\/h2>\n<p>La\u00a0<b>AFIP<\/b>\u00a0tiene la potestad investigar a los contribuyentes que inviertan m\u00e1s de\u00a0<b>$ 200.000<\/b>\u00a0en un dep\u00f3sito.<\/p>\n<p>Las entidades bancarias deben informar a la entidad cuando los movimientos acumulados de\u00a0<u>acreditaciones y extracciones mensuales en moneda argentina o extranjera<\/u>\u00a0superan dicho l\u00edmite.<\/p>\n<p>Adem\u00e1s, la\u00a0<a href=\"https:\/\/www.cronista.com\/tema\/afip\/\" target=\"_blank\" rel=\"noopener\"><b>AFIP<\/b><\/a>\u00a0incluye las cajas de\u00a0<b>ahorro<\/b>, cuentas de\u00a0<b>sueldo<\/b>, cuentas de la\u00a0<b>seguridad<\/b>\u00a0<b>social<\/b>\u00a0y cuentas\u00a0<b>especiales\u00a0<\/b>en su investigaci\u00f3n.<\/p>\n<div class=\"zone \"><\/div>\n<p>En la misma l\u00ednea, el ente tributario estableci\u00f3 a trav\u00e9s de la\u00a0<b>Resoluci\u00f3n 5349\/2023<\/b>\u00a0que los bancos deber\u00e1n informar cuando los consumos realizados a trav\u00e9s de<b>\u00a0tarjetas de d\u00e9bito<\/b>\u00a0y\u00a0<b>cr\u00e9dito<\/b>\u00a0superen los\u00a0<b>$ 120.000<\/b>.<\/p>\n<h2 id=\"afip-que-pasa-si-deposite-mas-de-200-000-en-un-plazo-fijo\">AFIP: \u00bfqu\u00e9 pasa si deposit\u00e9 m\u00e1s de $ 200.000 en un plazo fijo?<\/h2>\n<p>Si un contribuyente excede el l\u00edmite establecido de\u00a0<b>$ 200.000\u00a0<\/b>para el\u00a0<b>plazo fijo<\/b>, la\u00a0<b>AFIP<\/b>\u00a0podr\u00eda comunicarse para solicitar la\u00a0<u>presentaci\u00f3n de documentaci\u00f3n<\/u>\u00a0que respalde dichos fondos.<\/p>\n<p>Dentro de los documentos que podr\u00edan solicitar, est\u00e1n incluidos<\/p>\n<ul>\n<li><b>Facturas<\/b>\u00a0emitidas en los \u00faltimos seis meses,<\/li>\n<li><b>Comprobantes<\/b>\u00a0de cobros jubilatorios,<\/li>\n<li><b>Recibos<\/b>\u00a0de sueldo,<\/li>\n<li><b>Certificados<\/b>\u00a0de ingresos que emitidos por contadores p\u00fablicos<\/li>\n<\/ul>\n<h2 id=\"afip-que-otros-movimientos-investigan\">AFIP: \u00bfqu\u00e9 otros movimientos investigan?<\/h2>\n<p>Las\u00a0<b>entidades financieras<\/b>\u00a0deber\u00e1n notificar al fisco cuando los clientes superen los nuevos topes, los cuales son:<\/p>\n<ul>\n<li>Cuando el monto total de las acreditaciones mensuales efectuadas en cuentas corrientes, cajas de\u00a0ahorro, cuentas<u>\u00a0<\/u>sueldo o de la seguridad social y cuentas especiales, en moneda argentina o extranjera, resulte igual o superior a\u00a0<b>$ 200.000<\/b>.<\/li>\n<li>En caso el total acumulado de las extracciones por mes en efectivo de cuentas corrientes, cajas de ahorro, cuentas sueldo o de la seguridad social y cuentas especiales, en moneda argentina o extranjera sean iguales o superen los\u00a0<b>$ 200.000<\/b>.<\/li>\n<li>Los saldos de las cuentas corrientes, cajas de ahorro, cuentas sueldo\u00a0o de la seguridad social y cuentas especiales que, al \u00faltimo d\u00eda h\u00e1bil del per\u00edodo mensual informado, sean iguales o mayores &#8211; en valores absolutos &#8211; a\u00a0<b>$ 200.000<\/b>. En este caso se deber\u00e1 considerar los importes positivos y negativos.<\/li>\n<li>Cuando los montos totales de los\u00a0<a href=\"https:\/\/www.cronista.com\/tema\/plazo-fijo\/\" target=\"_blank\" rel=\"noopener\"><b>plazos fijos<\/b><\/a>\u00a0sean iguales o superiores a\u00a0<b>$ 200.000<\/b>.<\/li>\n<\/ul>\n<p>Fuente: Cronista<\/p>\n","protected":false},"excerpt":{"rendered":"<div class=\"post-excerpt\"><p>El ente tributario investiga a todas las personas que superen un monto establecido para los dep\u00f3sitos a plazo fijo. \u00a0 Muchos ahorristas elijen al\u00a0plazo fijo\u00a0como forma de resguardo, pese a la inflaci\u00f3n. Todos aquellas personas que superen el l\u00edmite al hacer estos dep\u00f3sito quedan expuestos a un posible investigaci\u00f3n por parte de la\u00a0Administraci\u00f3n Federal de<\/p>\n<\/div>","protected":false},"author":2,"featured_media":41683,"comment_status":"closed","ping_status":"closed","sticky":false,"template":"","format":"standard","meta":{"_acf_changed":false,"footnotes":""},"categories":[2],"tags":[],"class_list":["post-41682","post","type-post","status-publish","format-standard","has-post-thumbnail","hentry","category-noticias"],"acf":[],"yoast_head":"<!-- This site is optimized with the Yoast SEO plugin v28.1 - https:\/\/yoast.com\/product\/yoast-seo-wordpress\/ -->\n<title>AFIP investiga plazos fijos: c\u00f3mo saber si me pas\u00e9 del l\u00edmite y cu\u00e1nto puedo tener sin declarar - Horizonte<\/title>\n<meta name=\"robots\" content=\"index, follow, max-snippet:-1, max-image-preview:large, max-video-preview:-1\" \/>\n<link rel=\"canonical\" href=\"http:\/\/www.radiohorizonte.fm\/radio\/2023\/08\/08\/afip-investiga-plazos-fijos-como-saber-si-pase-del-limite-y-cuanto-puedo-tener-sin-declarar\/\" \/>\n<meta property=\"og:locale\" content=\"es_ES\" \/>\n<meta property=\"og:type\" content=\"article\" \/>\n<meta property=\"og:title\" content=\"AFIP investiga plazos fijos: c\u00f3mo saber si me pas\u00e9 del l\u00edmite y cu\u00e1nto puedo tener sin declarar - Horizonte\" \/>\n<meta property=\"og:description\" content=\"El ente tributario investiga a todas las personas que superen un monto establecido para los dep\u00f3sitos a plazo fijo. \u00a0 Muchos ahorristas elijen al\u00a0plazo fijo\u00a0como forma de resguardo, pese a la inflaci\u00f3n. Todos aquellas personas que superen el l\u00edmite al hacer estos dep\u00f3sito quedan expuestos a un posible investigaci\u00f3n por parte de la\u00a0Administraci\u00f3n Federal de\" \/>\n<meta property=\"og:url\" content=\"http:\/\/www.radiohorizonte.fm\/radio\/2023\/08\/08\/afip-investiga-plazos-fijos-como-saber-si-pase-del-limite-y-cuanto-puedo-tener-sin-declarar\/\" \/>\n<meta property=\"og:site_name\" content=\"Horizonte\" \/>\n<meta property=\"article:publisher\" content=\"http:\/\/www.facebook.com\/HORIZONTE106.1\" \/>\n<meta property=\"article:published_time\" content=\"2023-08-08T14:28:36+00:00\" \/>\n<meta property=\"og:image\" content=\"http:\/\/www.radiohorizonte.fm\/radio\/wp-content\/uploads\/2023\/08\/descarga-2.jpg\" \/>\n\t<meta property=\"og:image:width\" content=\"286\" \/>\n\t<meta property=\"og:image:height\" content=\"176\" \/>\n\t<meta property=\"og:image:type\" content=\"image\/jpeg\" \/>\n<meta name=\"author\" content=\"Cristian Galarza\" \/>\n<meta name=\"twitter:card\" content=\"summary_large_image\" \/>\n<meta name=\"twitter:creator\" content=\"@fmhorizonte1061\" \/>\n<meta name=\"twitter:site\" content=\"@fmhorizonte1061\" \/>\n<meta name=\"twitter:label1\" content=\"Escrito por\" \/>\n\t<meta name=\"twitter:data1\" content=\"Cristian Galarza\" \/>\n\t<meta name=\"twitter:label2\" content=\"Tiempo de lectura\" \/>\n\t<meta name=\"twitter:data2\" content=\"2 minutos\" \/>\n<script type=\"application\/ld+json\" class=\"yoast-schema-graph\">{\"@context\":\"https:\\\/\\\/schema.org\",\"@graph\":[{\"@type\":\"Article\",\"@id\":\"http:\\\/\\\/www.radiohorizonte.fm\\\/radio\\\/2023\\\/08\\\/08\\\/afip-investiga-plazos-fijos-como-saber-si-pase-del-limite-y-cuanto-puedo-tener-sin-declarar\\\/#article\",\"isPartOf\":{\"@id\":\"http:\\\/\\\/www.radiohorizonte.fm\\\/radio\\\/2023\\\/08\\\/08\\\/afip-investiga-plazos-fijos-como-saber-si-pase-del-limite-y-cuanto-puedo-tener-sin-declarar\\\/\"},\"author\":{\"name\":\"Cristian Galarza\",\"@id\":\"http:\\\/\\\/www.radiohorizonte.fm\\\/radio\\\/#\\\/schema\\\/person\\\/f8fa003a405bb86729fd87d15d0ddafa\"},\"headline\":\"AFIP investiga plazos fijos: c\u00f3mo saber si me pas\u00e9 del l\u00edmite y cu\u00e1nto puedo tener sin declarar\",\"datePublished\":\"2023-08-08T14:28:36+00:00\",\"mainEntityOfPage\":{\"@id\":\"http:\\\/\\\/www.radiohorizonte.fm\\\/radio\\\/2023\\\/08\\\/08\\\/afip-investiga-plazos-fijos-como-saber-si-pase-del-limite-y-cuanto-puedo-tener-sin-declarar\\\/\"},\"wordCount\":475,\"publisher\":{\"@id\":\"http:\\\/\\\/www.radiohorizonte.fm\\\/radio\\\/#organization\"},\"image\":{\"@id\":\"http:\\\/\\\/www.radiohorizonte.fm\\\/radio\\\/2023\\\/08\\\/08\\\/afip-investiga-plazos-fijos-como-saber-si-pase-del-limite-y-cuanto-puedo-tener-sin-declarar\\\/#primaryimage\"},\"thumbnailUrl\":\"http:\\\/\\\/www.radiohorizonte.fm\\\/radio\\\/wp-content\\\/uploads\\\/2023\\\/08\\\/descarga-2.jpg\",\"articleSection\":[\"Noticias\"],\"inLanguage\":\"es-AR\"},{\"@type\":\"WebPage\",\"@id\":\"http:\\\/\\\/www.radiohorizonte.fm\\\/radio\\\/2023\\\/08\\\/08\\\/afip-investiga-plazos-fijos-como-saber-si-pase-del-limite-y-cuanto-puedo-tener-sin-declarar\\\/\",\"url\":\"http:\\\/\\\/www.radiohorizonte.fm\\\/radio\\\/2023\\\/08\\\/08\\\/afip-investiga-plazos-fijos-como-saber-si-pase-del-limite-y-cuanto-puedo-tener-sin-declarar\\\/\",\"name\":\"AFIP investiga plazos fijos: c\u00f3mo saber si me pas\u00e9 del l\u00edmite y cu\u00e1nto puedo tener sin declarar - Horizonte\",\"isPartOf\":{\"@id\":\"http:\\\/\\\/www.radiohorizonte.fm\\\/radio\\\/#website\"},\"primaryImageOfPage\":{\"@id\":\"http:\\\/\\\/www.radiohorizonte.fm\\\/radio\\\/2023\\\/08\\\/08\\\/afip-investiga-plazos-fijos-como-saber-si-pase-del-limite-y-cuanto-puedo-tener-sin-declarar\\\/#primaryimage\"},\"image\":{\"@id\":\"http:\\\/\\\/www.radiohorizonte.fm\\\/radio\\\/2023\\\/08\\\/08\\\/afip-investiga-plazos-fijos-como-saber-si-pase-del-limite-y-cuanto-puedo-tener-sin-declarar\\\/#primaryimage\"},\"thumbnailUrl\":\"http:\\\/\\\/www.radiohorizonte.fm\\\/radio\\\/wp-content\\\/uploads\\\/2023\\\/08\\\/descarga-2.jpg\",\"datePublished\":\"2023-08-08T14:28:36+00:00\",\"breadcrumb\":{\"@id\":\"http:\\\/\\\/www.radiohorizonte.fm\\\/radio\\\/2023\\\/08\\\/08\\\/afip-investiga-plazos-fijos-como-saber-si-pase-del-limite-y-cuanto-puedo-tener-sin-declarar\\\/#breadcrumb\"},\"inLanguage\":\"es-AR\",\"potentialAction\":[{\"@type\":\"ReadAction\",\"target\":[\"http:\\\/\\\/www.radiohorizonte.fm\\\/radio\\\/2023\\\/08\\\/08\\\/afip-investiga-plazos-fijos-como-saber-si-pase-del-limite-y-cuanto-puedo-tener-sin-declarar\\\/\"]}]},{\"@type\":\"ImageObject\",\"inLanguage\":\"es-AR\",\"@id\":\"http:\\\/\\\/www.radiohorizonte.fm\\\/radio\\\/2023\\\/08\\\/08\\\/afip-investiga-plazos-fijos-como-saber-si-pase-del-limite-y-cuanto-puedo-tener-sin-declarar\\\/#primaryimage\",\"url\":\"http:\\\/\\\/www.radiohorizonte.fm\\\/radio\\\/wp-content\\\/uploads\\\/2023\\\/08\\\/descarga-2.jpg\",\"contentUrl\":\"http:\\\/\\\/www.radiohorizonte.fm\\\/radio\\\/wp-content\\\/uploads\\\/2023\\\/08\\\/descarga-2.jpg\",\"width\":286,\"height\":176},{\"@type\":\"BreadcrumbList\",\"@id\":\"http:\\\/\\\/www.radiohorizonte.fm\\\/radio\\\/2023\\\/08\\\/08\\\/afip-investiga-plazos-fijos-como-saber-si-pase-del-limite-y-cuanto-puedo-tener-sin-declarar\\\/#breadcrumb\",\"itemListElement\":[{\"@type\":\"ListItem\",\"position\":1,\"name\":\"Home\",\"item\":\"http:\\\/\\\/www.radiohorizonte.fm\\\/radio\\\/\"},{\"@type\":\"ListItem\",\"position\":2,\"name\":\"AFIP investiga plazos fijos: c\u00f3mo saber si me pas\u00e9 del l\u00edmite y cu\u00e1nto puedo tener sin declarar\"}]},{\"@type\":\"WebSite\",\"@id\":\"http:\\\/\\\/www.radiohorizonte.fm\\\/radio\\\/#website\",\"url\":\"http:\\\/\\\/www.radiohorizonte.fm\\\/radio\\\/\",\"name\":\"Horizonte\",\"description\":\"Radio Horizonte 106.1 - Una radio de clasicos\",\"publisher\":{\"@id\":\"http:\\\/\\\/www.radiohorizonte.fm\\\/radio\\\/#organization\"},\"potentialAction\":[{\"@type\":\"SearchAction\",\"target\":{\"@type\":\"EntryPoint\",\"urlTemplate\":\"http:\\\/\\\/www.radiohorizonte.fm\\\/radio\\\/?s={search_term_string}\"},\"query-input\":{\"@type\":\"PropertyValueSpecification\",\"valueRequired\":true,\"valueName\":\"search_term_string\"}}],\"inLanguage\":\"es-AR\"},{\"@type\":\"Organization\",\"@id\":\"http:\\\/\\\/www.radiohorizonte.fm\\\/radio\\\/#organization\",\"name\":\"Horizonte\",\"url\":\"http:\\\/\\\/www.radiohorizonte.fm\\\/radio\\\/\",\"logo\":{\"@type\":\"ImageObject\",\"inLanguage\":\"es-AR\",\"@id\":\"http:\\\/\\\/www.radiohorizonte.fm\\\/radio\\\/#\\\/schema\\\/logo\\\/image\\\/\",\"url\":\"http:\\\/\\\/www.radiohorizonte.fm\\\/radio\\\/wp-content\\\/uploads\\\/2025\\\/06\\\/Portada-FM-Horizonte_modelo-imagen-scaled.jpg\",\"contentUrl\":\"http:\\\/\\\/www.radiohorizonte.fm\\\/radio\\\/wp-content\\\/uploads\\\/2025\\\/06\\\/Portada-FM-Horizonte_modelo-imagen-scaled.jpg\",\"width\":2560,\"height\":1056,\"caption\":\"Horizonte\"},\"image\":{\"@id\":\"http:\\\/\\\/www.radiohorizonte.fm\\\/radio\\\/#\\\/schema\\\/logo\\\/image\\\/\"},\"sameAs\":[\"http:\\\/\\\/www.facebook.com\\\/HORIZONTE106.1\",\"https:\\\/\\\/x.com\\\/fmhorizonte1061\"]},{\"@type\":\"Person\",\"@id\":\"http:\\\/\\\/www.radiohorizonte.fm\\\/radio\\\/#\\\/schema\\\/person\\\/f8fa003a405bb86729fd87d15d0ddafa\",\"name\":\"Cristian Galarza\",\"image\":{\"@type\":\"ImageObject\",\"inLanguage\":\"es-AR\",\"@id\":\"https:\\\/\\\/secure.gravatar.com\\\/avatar\\\/fad34bc2c773209c05d7d53b08a69b680eeb55f3be014e52b31643d20ab65925?s=96&d=mm&r=g\",\"url\":\"https:\\\/\\\/secure.gravatar.com\\\/avatar\\\/fad34bc2c773209c05d7d53b08a69b680eeb55f3be014e52b31643d20ab65925?s=96&d=mm&r=g\",\"contentUrl\":\"https:\\\/\\\/secure.gravatar.com\\\/avatar\\\/fad34bc2c773209c05d7d53b08a69b680eeb55f3be014e52b31643d20ab65925?s=96&d=mm&r=g\",\"caption\":\"Cristian Galarza\"},\"url\":\"http:\\\/\\\/www.radiohorizonte.fm\\\/radio\\\/author\\\/cristian\\\/\"}]}<\/script>\n<!-- \/ Yoast SEO plugin. -->","yoast_head_json":{"title":"AFIP investiga plazos fijos: c\u00f3mo saber si me pas\u00e9 del l\u00edmite y cu\u00e1nto puedo tener sin declarar - Horizonte","robots":{"index":"index","follow":"follow","max-snippet":"max-snippet:-1","max-image-preview":"max-image-preview:large","max-video-preview":"max-video-preview:-1"},"canonical":"http:\/\/www.radiohorizonte.fm\/radio\/2023\/08\/08\/afip-investiga-plazos-fijos-como-saber-si-pase-del-limite-y-cuanto-puedo-tener-sin-declarar\/","og_locale":"es_ES","og_type":"article","og_title":"AFIP investiga plazos fijos: c\u00f3mo saber si me pas\u00e9 del l\u00edmite y cu\u00e1nto puedo tener sin declarar - Horizonte","og_description":"El ente tributario investiga a todas las personas que superen un monto establecido para los dep\u00f3sitos a plazo fijo. \u00a0 Muchos ahorristas elijen al\u00a0plazo fijo\u00a0como forma de resguardo, pese a la inflaci\u00f3n. Todos aquellas personas que superen el l\u00edmite al hacer estos dep\u00f3sito quedan expuestos a un posible investigaci\u00f3n por parte de la\u00a0Administraci\u00f3n Federal de","og_url":"http:\/\/www.radiohorizonte.fm\/radio\/2023\/08\/08\/afip-investiga-plazos-fijos-como-saber-si-pase-del-limite-y-cuanto-puedo-tener-sin-declarar\/","og_site_name":"Horizonte","article_publisher":"http:\/\/www.facebook.com\/HORIZONTE106.1","article_published_time":"2023-08-08T14:28:36+00:00","og_image":[{"width":286,"height":176,"url":"http:\/\/www.radiohorizonte.fm\/radio\/wp-content\/uploads\/2023\/08\/descarga-2.jpg","type":"image\/jpeg"}],"author":"Cristian Galarza","twitter_card":"summary_large_image","twitter_creator":"@fmhorizonte1061","twitter_site":"@fmhorizonte1061","twitter_misc":{"Escrito por":"Cristian Galarza","Tiempo de lectura":"2 minutos"},"schema":{"@context":"https:\/\/schema.org","@graph":[{"@type":"Article","@id":"http:\/\/www.radiohorizonte.fm\/radio\/2023\/08\/08\/afip-investiga-plazos-fijos-como-saber-si-pase-del-limite-y-cuanto-puedo-tener-sin-declarar\/#article","isPartOf":{"@id":"http:\/\/www.radiohorizonte.fm\/radio\/2023\/08\/08\/afip-investiga-plazos-fijos-como-saber-si-pase-del-limite-y-cuanto-puedo-tener-sin-declarar\/"},"author":{"name":"Cristian Galarza","@id":"http:\/\/www.radiohorizonte.fm\/radio\/#\/schema\/person\/f8fa003a405bb86729fd87d15d0ddafa"},"headline":"AFIP investiga plazos fijos: c\u00f3mo saber si me pas\u00e9 del l\u00edmite y cu\u00e1nto puedo tener sin declarar","datePublished":"2023-08-08T14:28:36+00:00","mainEntityOfPage":{"@id":"http:\/\/www.radiohorizonte.fm\/radio\/2023\/08\/08\/afip-investiga-plazos-fijos-como-saber-si-pase-del-limite-y-cuanto-puedo-tener-sin-declarar\/"},"wordCount":475,"publisher":{"@id":"http:\/\/www.radiohorizonte.fm\/radio\/#organization"},"image":{"@id":"http:\/\/www.radiohorizonte.fm\/radio\/2023\/08\/08\/afip-investiga-plazos-fijos-como-saber-si-pase-del-limite-y-cuanto-puedo-tener-sin-declarar\/#primaryimage"},"thumbnailUrl":"http:\/\/www.radiohorizonte.fm\/radio\/wp-content\/uploads\/2023\/08\/descarga-2.jpg","articleSection":["Noticias"],"inLanguage":"es-AR"},{"@type":"WebPage","@id":"http:\/\/www.radiohorizonte.fm\/radio\/2023\/08\/08\/afip-investiga-plazos-fijos-como-saber-si-pase-del-limite-y-cuanto-puedo-tener-sin-declarar\/","url":"http:\/\/www.radiohorizonte.fm\/radio\/2023\/08\/08\/afip-investiga-plazos-fijos-como-saber-si-pase-del-limite-y-cuanto-puedo-tener-sin-declarar\/","name":"AFIP investiga plazos fijos: c\u00f3mo saber si me pas\u00e9 del l\u00edmite y cu\u00e1nto puedo tener sin declarar - Horizonte","isPartOf":{"@id":"http:\/\/www.radiohorizonte.fm\/radio\/#website"},"primaryImageOfPage":{"@id":"http:\/\/www.radiohorizonte.fm\/radio\/2023\/08\/08\/afip-investiga-plazos-fijos-como-saber-si-pase-del-limite-y-cuanto-puedo-tener-sin-declarar\/#primaryimage"},"image":{"@id":"http:\/\/www.radiohorizonte.fm\/radio\/2023\/08\/08\/afip-investiga-plazos-fijos-como-saber-si-pase-del-limite-y-cuanto-puedo-tener-sin-declarar\/#primaryimage"},"thumbnailUrl":"http:\/\/www.radiohorizonte.fm\/radio\/wp-content\/uploads\/2023\/08\/descarga-2.jpg","datePublished":"2023-08-08T14:28:36+00:00","breadcrumb":{"@id":"http:\/\/www.radiohorizonte.fm\/radio\/2023\/08\/08\/afip-investiga-plazos-fijos-como-saber-si-pase-del-limite-y-cuanto-puedo-tener-sin-declarar\/#breadcrumb"},"inLanguage":"es-AR","potentialAction":[{"@type":"ReadAction","target":["http:\/\/www.radiohorizonte.fm\/radio\/2023\/08\/08\/afip-investiga-plazos-fijos-como-saber-si-pase-del-limite-y-cuanto-puedo-tener-sin-declarar\/"]}]},{"@type":"ImageObject","inLanguage":"es-AR","@id":"http:\/\/www.radiohorizonte.fm\/radio\/2023\/08\/08\/afip-investiga-plazos-fijos-como-saber-si-pase-del-limite-y-cuanto-puedo-tener-sin-declarar\/#primaryimage","url":"http:\/\/www.radiohorizonte.fm\/radio\/wp-content\/uploads\/2023\/08\/descarga-2.jpg","contentUrl":"http:\/\/www.radiohorizonte.fm\/radio\/wp-content\/uploads\/2023\/08\/descarga-2.jpg","width":286,"height":176},{"@type":"BreadcrumbList","@id":"http:\/\/www.radiohorizonte.fm\/radio\/2023\/08\/08\/afip-investiga-plazos-fijos-como-saber-si-pase-del-limite-y-cuanto-puedo-tener-sin-declarar\/#breadcrumb","itemListElement":[{"@type":"ListItem","position":1,"name":"Home","item":"http:\/\/www.radiohorizonte.fm\/radio\/"},{"@type":"ListItem","position":2,"name":"AFIP investiga plazos fijos: c\u00f3mo saber si me pas\u00e9 del l\u00edmite y cu\u00e1nto puedo tener sin declarar"}]},{"@type":"WebSite","@id":"http:\/\/www.radiohorizonte.fm\/radio\/#website","url":"http:\/\/www.radiohorizonte.fm\/radio\/","name":"Horizonte","description":"Radio Horizonte 106.1 - Una radio de clasicos","publisher":{"@id":"http:\/\/www.radiohorizonte.fm\/radio\/#organization"},"potentialAction":[{"@type":"SearchAction","target":{"@type":"EntryPoint","urlTemplate":"http:\/\/www.radiohorizonte.fm\/radio\/?s={search_term_string}"},"query-input":{"@type":"PropertyValueSpecification","valueRequired":true,"valueName":"search_term_string"}}],"inLanguage":"es-AR"},{"@type":"Organization","@id":"http:\/\/www.radiohorizonte.fm\/radio\/#organization","name":"Horizonte","url":"http:\/\/www.radiohorizonte.fm\/radio\/","logo":{"@type":"ImageObject","inLanguage":"es-AR","@id":"http:\/\/www.radiohorizonte.fm\/radio\/#\/schema\/logo\/image\/","url":"http:\/\/www.radiohorizonte.fm\/radio\/wp-content\/uploads\/2025\/06\/Portada-FM-Horizonte_modelo-imagen-scaled.jpg","contentUrl":"http:\/\/www.radiohorizonte.fm\/radio\/wp-content\/uploads\/2025\/06\/Portada-FM-Horizonte_modelo-imagen-scaled.jpg","width":2560,"height":1056,"caption":"Horizonte"},"image":{"@id":"http:\/\/www.radiohorizonte.fm\/radio\/#\/schema\/logo\/image\/"},"sameAs":["http:\/\/www.facebook.com\/HORIZONTE106.1","https:\/\/x.com\/fmhorizonte1061"]},{"@type":"Person","@id":"http:\/\/www.radiohorizonte.fm\/radio\/#\/schema\/person\/f8fa003a405bb86729fd87d15d0ddafa","name":"Cristian Galarza","image":{"@type":"ImageObject","inLanguage":"es-AR","@id":"https:\/\/secure.gravatar.com\/avatar\/fad34bc2c773209c05d7d53b08a69b680eeb55f3be014e52b31643d20ab65925?s=96&d=mm&r=g","url":"https:\/\/secure.gravatar.com\/avatar\/fad34bc2c773209c05d7d53b08a69b680eeb55f3be014e52b31643d20ab65925?s=96&d=mm&r=g","contentUrl":"https:\/\/secure.gravatar.com\/avatar\/fad34bc2c773209c05d7d53b08a69b680eeb55f3be014e52b31643d20ab65925?s=96&d=mm&r=g","caption":"Cristian Galarza"},"url":"http:\/\/www.radiohorizonte.fm\/radio\/author\/cristian\/"}]}},"_links":{"self":[{"href":"http:\/\/www.radiohorizonte.fm\/radio\/wp-json\/wp\/v2\/posts\/41682","targetHints":{"allow":["GET"]}}],"collection":[{"href":"http:\/\/www.radiohorizonte.fm\/radio\/wp-json\/wp\/v2\/posts"}],"about":[{"href":"http:\/\/www.radiohorizonte.fm\/radio\/wp-json\/wp\/v2\/types\/post"}],"author":[{"embeddable":true,"href":"http:\/\/www.radiohorizonte.fm\/radio\/wp-json\/wp\/v2\/users\/2"}],"replies":[{"embeddable":true,"href":"http:\/\/www.radiohorizonte.fm\/radio\/wp-json\/wp\/v2\/comments?post=41682"}],"version-history":[{"count":1,"href":"http:\/\/www.radiohorizonte.fm\/radio\/wp-json\/wp\/v2\/posts\/41682\/revisions"}],"predecessor-version":[{"id":41684,"href":"http:\/\/www.radiohorizonte.fm\/radio\/wp-json\/wp\/v2\/posts\/41682\/revisions\/41684"}],"wp:featuredmedia":[{"embeddable":true,"href":"http:\/\/www.radiohorizonte.fm\/radio\/wp-json\/wp\/v2\/media\/41683"}],"wp:attachment":[{"href":"http:\/\/www.radiohorizonte.fm\/radio\/wp-json\/wp\/v2\/media?parent=41682"}],"wp:term":[{"taxonomy":"category","embeddable":true,"href":"http:\/\/www.radiohorizonte.fm\/radio\/wp-json\/wp\/v2\/categories?post=41682"},{"taxonomy":"post_tag","embeddable":true,"href":"http:\/\/www.radiohorizonte.fm\/radio\/wp-json\/wp\/v2\/tags?post=41682"}],"curies":[{"name":"wp","href":"https:\/\/api.w.org\/{rel}","templated":true}]}}