{"id":41691,"date":"2023-08-09T12:08:46","date_gmt":"2023-08-09T15:08:46","guid":{"rendered":"http:\/\/www.radiohorizonte.fm\/radio\/?p=41691"},"modified":"2023-08-09T12:08:46","modified_gmt":"2023-08-09T15:08:46","slug":"motochorros-mataron-una-nena-de-11-anos-en-lanus-oeste-cuando-entraba-la-escuela","status":"publish","type":"post","link":"http:\/\/www.radiohorizonte.fm\/radio\/2023\/08\/09\/motochorros-mataron-una-nena-de-11-anos-en-lanus-oeste-cuando-entraba-la-escuela\/","title":{"rendered":"Motochorros mataron a una nena de 11 a\u00f1os en Lan\u00fas Oeste cuando entraba a la escuela"},"content":{"rendered":"<header class=\"article-header-wrapper\">\n<div class=\"article-header \">\n<p class=\"article-subheadline left \">Morena Dom\u00ednguez se descompens\u00f3 tras sufrir un golpe en el ataque de los delincuentes. El video del momento del hecho<\/p>\n<\/div>\n<\/header>\n<article class=\"article\">\n<p class=\"sharebar-container\">\u00a0<img loading=\"lazy\" decoding=\"async\" class=\"alignnone size-full wp-image-41701\" src=\"http:\/\/www.radiohorizonte.fm\/radio\/wp-content\/uploads\/2023\/08\/3T5G3JREBRFWVNIPWIFARFR2CA.jpg\" alt=\"\" width=\"992\" height=\"558\" srcset=\"http:\/\/www.radiohorizonte.fm\/radio\/wp-content\/uploads\/2023\/08\/3T5G3JREBRFWVNIPWIFARFR2CA.jpg 992w, http:\/\/www.radiohorizonte.fm\/radio\/wp-content\/uploads\/2023\/08\/3T5G3JREBRFWVNIPWIFARFR2CA-300x169.jpg 300w, http:\/\/www.radiohorizonte.fm\/radio\/wp-content\/uploads\/2023\/08\/3T5G3JREBRFWVNIPWIFARFR2CA-768x432.jpg 768w, http:\/\/www.radiohorizonte.fm\/radio\/wp-content\/uploads\/2023\/08\/3T5G3JREBRFWVNIPWIFARFR2CA-65x37.jpg 65w, http:\/\/www.radiohorizonte.fm\/radio\/wp-content\/uploads\/2023\/08\/3T5G3JREBRFWVNIPWIFARFR2CA-320x180.jpg 320w, http:\/\/www.radiohorizonte.fm\/radio\/wp-content\/uploads\/2023\/08\/3T5G3JREBRFWVNIPWIFARFR2CA-85x48.jpg 85w, http:\/\/www.radiohorizonte.fm\/radio\/wp-content\/uploads\/2023\/08\/3T5G3JREBRFWVNIPWIFARFR2CA-220x125.jpg 220w, http:\/\/www.radiohorizonte.fm\/radio\/wp-content\/uploads\/2023\/08\/3T5G3JREBRFWVNIPWIFARFR2CA-90x51.jpg 90w\" sizes=\"auto, (max-width: 992px) 100vw, 992px\" \/><\/p>\n<p class=\"paragraph\" data-mrf-recirculation=\"Links inline\">En la ma\u00f1ana de hoy,\u00a0<b>Morena Dom\u00ednguez, de apenas 11 a\u00f1os, fue asesinada por motochorros cuando ingresaba a su escuela<\/b>, la Almafuerte N\u00b060, en la calle Molinedo al 3200, en Villa Giardino, zona de Lan\u00fas Oeste.<\/p>\n<p class=\"paragraph\" data-mrf-recirculation=\"Links inline\">Seg\u00fan informaci\u00f3n policial a la que accedi\u00f3\u00a0<b>Infobae<\/b>, dos delincuentes a bordo de una moto la abordaron para robarle su mochila. En el episodio, la v\u00edctima sufri\u00f3 un golpe en la cabeza. Se solicit\u00f3 una ambulancia al 911, que seg\u00fan el reporte policial lleg\u00f3 con demora. As\u00ed, se descompens\u00f3 en el lugar.<\/p>\n<p class=\"paragraph\" data-mrf-recirculation=\"Links inline\">El SAME la traslad\u00f3 al Hospital Evita,\u00a0<b>donde falleci\u00f3 a 20 minutos de ingresar en el lugar<\/b>, seg\u00fan inform\u00f3 Diego Kravetz, secretario de Seguridad del municipio.<\/p>\n<p class=\"paragraph\" data-mrf-recirculation=\"Links inline\">El hecho es investigado por\u00a0<b>la fiscal Silvia Bussano<\/b>, de la Unidad Funcional de Instrucci\u00f3n N\u00b0 7 de Lan\u00fas-Avellaneda, quien se encontraba esta ma\u00f1ana en el lugar.<\/p>\n<div class=\"jwplayer-ctn\"><\/div>\n<p class=\"paragraph\" data-mrf-recirculation=\"Links inline\">Kravetz confirm\u00f3 la noticia en Twitter. Luego, agreg\u00f3: \u201cEn estos momentos, efectivos policiales y nosotros\u00a0<b>estamos realizando el seguimiento de las c\u00e1maras de seguridad del barrio\u00a0<\/b>y alrededores para dar con el paradero de los malvivientes\u201d.<\/p>\n<p class=\"paragraph\" data-mrf-recirculation=\"Links inline\">\u201cEn este mismo barrio, hace un mes,\u00a0<b>detuve a un motochorro con mis propias manos que acechaba a los vecinos.\u00a0<\/b>Y yo todav\u00eda estoy dando declaraciones a la Justicia. A ver muchachos, si entendemos por d\u00f3nde viene la realidad\u201d, continu\u00f3, en referencia al incidente ocurrido a comienzos de junio donde persigui\u00f3 \u00e9l mismo a un delincuente. El lugar del hecho que indica Kravetz, la esquina de Castro y Coronel Molinedo\u00a0<b>queda a, literalmente, una cuadra y media de la escuela donde los motochorros mataron a Morena.<\/b><\/p>\n<div class=\"visual__image\"><img loading=\"lazy\" decoding=\"async\" class=\" lazyload\" src=\"https:\/\/www.infobae.com\/new-resizer\/z1nQoGir2f7PGf2h4ZkHbEpDSSQ=\/arc-anglerfish-arc2-prod-infobae\/public\/GLDCXCWFPFBR7MRGSAAN2TYTF4.jpg\" sizes=\"auto, (min-width: 800px) 50vw, 90vw\" srcset=\"https:\/\/www.infobae.com\/new-resizer\/XSuzS48ZmlcHQy4SGj1IMKBbc9U=\/420x420\/filters:format(webp):quality(85)\/cloudfront-us-east-1.images.arcpublishing.com\/infobae\/GLDCXCWFPFBR7MRGSAAN2TYTF4.jpg 420w,https:\/\/www.infobae.com\/new-resizer\/wP6MXirUT8U2xBV7PFU99vT-JBE=\/768x768\/filters:format(webp):quality(85)\/cloudfront-us-east-1.images.arcpublishing.com\/infobae\/GLDCXCWFPFBR7MRGSAAN2TYTF4.jpg 768w,https:\/\/www.infobae.com\/new-resizer\/VqR-Z1ZNLpdwF2UBhbebRoebUlo=\/992x992\/filters:format(webp):quality(85)\/cloudfront-us-east-1.images.arcpublishing.com\/infobae\/GLDCXCWFPFBR7MRGSAAN2TYTF4.jpg 992w,https:\/\/www.infobae.com\/new-resizer\/Cc7s9peqL8J9lK8yeJy1W1ri3XY=\/1200x1200\/filters:format(webp):quality(85)\/cloudfront-us-east-1.images.arcpublishing.com\/infobae\/GLDCXCWFPFBR7MRGSAAN2TYTF4.jpg 1200w,https:\/\/www.infobae.com\/new-resizer\/Y_3rSP4J4uTpvfrL4o27_qU2TE0=\/1440x1440\/filters:format(webp):quality(85)\/cloudfront-us-east-1.images.arcpublishing.com\/infobae\/GLDCXCWFPFBR7MRGSAAN2TYTF4.jpg 1440w\" alt=\"Morena, la v\u00edctima\" width=\"1920\" height=\"1819\" data-src=\"https:\/\/www.infobae.com\/new-resizer\/z1nQoGir2f7PGf2h4ZkHbEpDSSQ=\/arc-anglerfish-arc2-prod-infobae\/public\/GLDCXCWFPFBR7MRGSAAN2TYTF4.jpg\" \/>Morena, la v\u00edctima<\/div>\n<p class=\"paragraph\" data-mrf-recirculation=\"Links inline\"><b>Florencia, madre de una de las compa\u00f1eras de la v\u00edctima<\/b>, asegur\u00f3 en declaraciones a\u00a0<i>TN<\/i>: \u201cQueremos pedir justicia por Morena. Ahora a partir de de las 12 hasta la hora que sea necesaria, vamos a juntarnos a la puerta del colegio 60. Mi hija est\u00e1 muy mal, sus compa\u00f1eros tambi\u00e9n. Esto pas\u00f3 a las 7:25 la ma\u00f1ana, conseguimos los videos desde la cuadra. Fue impresionante, que fueron dos segundos. La arrastraron<b>. Cuando logramos acercarnos a la nena, la llevamos hasta dentro del establecimiento,, se le reanim\u00f3, la ambulancia tard\u00f3 cuarenta minutos. La polic\u00eda tard\u00f3 media hora en llegar<\/b>\u201d.<\/p>\n<p class=\"paragraph\" data-mrf-recirculation=\"Links inline\">La madre continu\u00f3: \u201cYo estaba en la puerta del colegio.\u00a0<b>Se escuchan los gritos, me acerco, la nena ya estaba tirada en el piso, estaba consciente, como lo ven en el video, la arrebatan el celular.\u00a0<\/b>El barrendero que es que la rescata, es el que pega el grito de ayuda. Se ve que le pegan dos pi\u00f1as en el est\u00f3mago y la arrastraron. Cuando nosotros nos acercamos, la levantamos y la llevamos al colegio. Ya estaba inconsistente, ya no respond\u00eda.\u201d<\/p>\n<p class=\"paragraph\" data-mrf-recirculation=\"Links inline\">\u201cLe pegaron para sacarle el tel\u00e9fono y la arrastraron. Se le hacen los primeros auxilios, y cuando llega la ambulancia la nena ya hab\u00eda convulsionado dos veces. Se la llevaron al Hospital Evita\u201d, complet\u00f3 la mujer.<\/p>\n<div class=\"visual__image\"><img loading=\"lazy\" decoding=\"async\" class=\" lazyload\" src=\"https:\/\/www.infobae.com\/new-resizer\/bkXfJgnwNFndXA73qn20bfeLlRs=\/arc-anglerfish-arc2-prod-infobae\/public\/HHR4ZERTDVAI7OBBYIR3NXBHUI.jpg\" sizes=\"auto, (min-width: 800px) 50vw, 90vw\" srcset=\"https:\/\/www.infobae.com\/new-resizer\/CNyXqQ3iIjopYWT-5Kgh3iDcDkE=\/420x420\/filters:format(webp):quality(85)\/cloudfront-us-east-1.images.arcpublishing.com\/infobae\/HHR4ZERTDVAI7OBBYIR3NXBHUI.jpg 420w,https:\/\/www.infobae.com\/new-resizer\/U8PIxn-q9p0YstdUJIe5c7p8gQc=\/768x768\/filters:format(webp):quality(85)\/cloudfront-us-east-1.images.arcpublishing.com\/infobae\/HHR4ZERTDVAI7OBBYIR3NXBHUI.jpg 768w,https:\/\/www.infobae.com\/new-resizer\/EFqKJJLVXyXfI1oJsyJfG3_Nvzk=\/992x992\/filters:format(webp):quality(85)\/cloudfront-us-east-1.images.arcpublishing.com\/infobae\/HHR4ZERTDVAI7OBBYIR3NXBHUI.jpg 992w,https:\/\/www.infobae.com\/new-resizer\/DqsJPIbsp3BxhiHLl49IndKX2Iw=\/1200x1200\/filters:format(webp):quality(85)\/cloudfront-us-east-1.images.arcpublishing.com\/infobae\/HHR4ZERTDVAI7OBBYIR3NXBHUI.jpg 1200w,https:\/\/www.infobae.com\/new-resizer\/2CsajPejisETwIfBID1XwV-b3PA=\/1440x1440\/filters:format(webp):quality(85)\/cloudfront-us-east-1.images.arcpublishing.com\/infobae\/HHR4ZERTDVAI7OBBYIR3NXBHUI.jpg 1440w\" alt=\"infobae\" width=\"564\" height=\"564\" data-src=\"https:\/\/www.infobae.com\/new-resizer\/bkXfJgnwNFndXA73qn20bfeLlRs=\/arc-anglerfish-arc2-prod-infobae\/public\/HHR4ZERTDVAI7OBBYIR3NXBHUI.jpg\" \/><\/div>\n<p class=\"paragraph\" data-mrf-recirculation=\"Links inline\">Tras el hecho,<b>\u00a0Kravetz se reuni\u00f3 con el padre de Morena.\u00a0<\/b>La b\u00fasqueda de los motochorros contin\u00faa. Fuentes cercanas al caso hablan de pistas que indicar\u00edan d\u00f3nde est\u00e1n los sospechosos.<\/p>\n<p data-mrf-recirculation=\"Links inline\">Fuente: InfoBae<\/p>\n<\/article>\n","protected":false},"excerpt":{"rendered":"<div class=\"post-excerpt\"><p>Morena Dom\u00ednguez se descompens\u00f3 tras sufrir un golpe en el ataque de los delincuentes. El video del momento del hecho \u00a0 En la ma\u00f1ana de hoy,\u00a0Morena Dom\u00ednguez, de apenas 11 a\u00f1os, fue asesinada por motochorros cuando ingresaba a su escuela, la Almafuerte N\u00b060, en la calle Molinedo al 3200, en Villa Giardino, zona de Lan\u00fas<\/p>\n<\/div>","protected":false},"author":2,"featured_media":41701,"comment_status":"closed","ping_status":"closed","sticky":false,"template":"","format":"standard","meta":{"_acf_changed":false,"footnotes":""},"categories":[2],"tags":[],"class_list":["post-41691","post","type-post","status-publish","format-standard","has-post-thumbnail","hentry","category-noticias"],"acf":[],"yoast_head":"<!-- This site is optimized with the Yoast SEO plugin v28.1 - https:\/\/yoast.com\/product\/yoast-seo-wordpress\/ -->\n<title>Motochorros mataron a una nena de 11 a\u00f1os en Lan\u00fas Oeste cuando entraba a la escuela - Horizonte<\/title>\n<meta name=\"robots\" content=\"index, follow, max-snippet:-1, max-image-preview:large, max-video-preview:-1\" \/>\n<link rel=\"canonical\" href=\"http:\/\/www.radiohorizonte.fm\/radio\/2023\/08\/09\/motochorros-mataron-una-nena-de-11-anos-en-lanus-oeste-cuando-entraba-la-escuela\/\" \/>\n<meta property=\"og:locale\" content=\"es_ES\" \/>\n<meta property=\"og:type\" content=\"article\" \/>\n<meta property=\"og:title\" content=\"Motochorros mataron a una nena de 11 a\u00f1os en Lan\u00fas Oeste cuando entraba a la escuela - Horizonte\" \/>\n<meta property=\"og:description\" content=\"Morena Dom\u00ednguez se descompens\u00f3 tras sufrir un golpe en el ataque de los delincuentes. El video del momento del hecho \u00a0 En la ma\u00f1ana de hoy,\u00a0Morena Dom\u00ednguez, de apenas 11 a\u00f1os, fue asesinada por motochorros cuando ingresaba a su escuela, la Almafuerte N\u00b060, en la calle Molinedo al 3200, en Villa Giardino, zona de Lan\u00fas\" \/>\n<meta property=\"og:url\" content=\"http:\/\/www.radiohorizonte.fm\/radio\/2023\/08\/09\/motochorros-mataron-una-nena-de-11-anos-en-lanus-oeste-cuando-entraba-la-escuela\/\" \/>\n<meta property=\"og:site_name\" content=\"Horizonte\" \/>\n<meta property=\"article:publisher\" content=\"http:\/\/www.facebook.com\/HORIZONTE106.1\" \/>\n<meta property=\"article:published_time\" content=\"2023-08-09T15:08:46+00:00\" \/>\n<meta property=\"og:image\" content=\"http:\/\/www.radiohorizonte.fm\/radio\/wp-content\/uploads\/2023\/08\/3T5G3JREBRFWVNIPWIFARFR2CA.jpg\" \/>\n\t<meta property=\"og:image:width\" content=\"992\" \/>\n\t<meta property=\"og:image:height\" content=\"558\" \/>\n\t<meta property=\"og:image:type\" content=\"image\/jpeg\" \/>\n<meta name=\"author\" content=\"Cristian Galarza\" \/>\n<meta name=\"twitter:card\" content=\"summary_large_image\" \/>\n<meta name=\"twitter:creator\" content=\"@fmhorizonte1061\" \/>\n<meta name=\"twitter:site\" content=\"@fmhorizonte1061\" \/>\n<meta name=\"twitter:label1\" content=\"Escrito por\" \/>\n\t<meta name=\"twitter:data1\" content=\"Cristian Galarza\" \/>\n\t<meta name=\"twitter:label2\" content=\"Tiempo de lectura\" \/>\n\t<meta name=\"twitter:data2\" content=\"3 minutos\" \/>\n<script type=\"application\/ld+json\" class=\"yoast-schema-graph\">{\"@context\":\"https:\\\/\\\/schema.org\",\"@graph\":[{\"@type\":\"Article\",\"@id\":\"http:\\\/\\\/www.radiohorizonte.fm\\\/radio\\\/2023\\\/08\\\/09\\\/motochorros-mataron-una-nena-de-11-anos-en-lanus-oeste-cuando-entraba-la-escuela\\\/#article\",\"isPartOf\":{\"@id\":\"http:\\\/\\\/www.radiohorizonte.fm\\\/radio\\\/2023\\\/08\\\/09\\\/motochorros-mataron-una-nena-de-11-anos-en-lanus-oeste-cuando-entraba-la-escuela\\\/\"},\"author\":{\"name\":\"Cristian Galarza\",\"@id\":\"http:\\\/\\\/www.radiohorizonte.fm\\\/radio\\\/#\\\/schema\\\/person\\\/f8fa003a405bb86729fd87d15d0ddafa\"},\"headline\":\"Motochorros mataron a una nena de 11 a\u00f1os en Lan\u00fas Oeste cuando entraba a la escuela\",\"datePublished\":\"2023-08-09T15:08:46+00:00\",\"mainEntityOfPage\":{\"@id\":\"http:\\\/\\\/www.radiohorizonte.fm\\\/radio\\\/2023\\\/08\\\/09\\\/motochorros-mataron-una-nena-de-11-anos-en-lanus-oeste-cuando-entraba-la-escuela\\\/\"},\"wordCount\":575,\"publisher\":{\"@id\":\"http:\\\/\\\/www.radiohorizonte.fm\\\/radio\\\/#organization\"},\"image\":{\"@id\":\"http:\\\/\\\/www.radiohorizonte.fm\\\/radio\\\/2023\\\/08\\\/09\\\/motochorros-mataron-una-nena-de-11-anos-en-lanus-oeste-cuando-entraba-la-escuela\\\/#primaryimage\"},\"thumbnailUrl\":\"http:\\\/\\\/www.radiohorizonte.fm\\\/radio\\\/wp-content\\\/uploads\\\/2023\\\/08\\\/3T5G3JREBRFWVNIPWIFARFR2CA.jpg\",\"articleSection\":[\"Noticias\"],\"inLanguage\":\"es-AR\"},{\"@type\":\"WebPage\",\"@id\":\"http:\\\/\\\/www.radiohorizonte.fm\\\/radio\\\/2023\\\/08\\\/09\\\/motochorros-mataron-una-nena-de-11-anos-en-lanus-oeste-cuando-entraba-la-escuela\\\/\",\"url\":\"http:\\\/\\\/www.radiohorizonte.fm\\\/radio\\\/2023\\\/08\\\/09\\\/motochorros-mataron-una-nena-de-11-anos-en-lanus-oeste-cuando-entraba-la-escuela\\\/\",\"name\":\"Motochorros mataron a una nena de 11 a\u00f1os en Lan\u00fas Oeste cuando entraba a la escuela - Horizonte\",\"isPartOf\":{\"@id\":\"http:\\\/\\\/www.radiohorizonte.fm\\\/radio\\\/#website\"},\"primaryImageOfPage\":{\"@id\":\"http:\\\/\\\/www.radiohorizonte.fm\\\/radio\\\/2023\\\/08\\\/09\\\/motochorros-mataron-una-nena-de-11-anos-en-lanus-oeste-cuando-entraba-la-escuela\\\/#primaryimage\"},\"image\":{\"@id\":\"http:\\\/\\\/www.radiohorizonte.fm\\\/radio\\\/2023\\\/08\\\/09\\\/motochorros-mataron-una-nena-de-11-anos-en-lanus-oeste-cuando-entraba-la-escuela\\\/#primaryimage\"},\"thumbnailUrl\":\"http:\\\/\\\/www.radiohorizonte.fm\\\/radio\\\/wp-content\\\/uploads\\\/2023\\\/08\\\/3T5G3JREBRFWVNIPWIFARFR2CA.jpg\",\"datePublished\":\"2023-08-09T15:08:46+00:00\",\"breadcrumb\":{\"@id\":\"http:\\\/\\\/www.radiohorizonte.fm\\\/radio\\\/2023\\\/08\\\/09\\\/motochorros-mataron-una-nena-de-11-anos-en-lanus-oeste-cuando-entraba-la-escuela\\\/#breadcrumb\"},\"inLanguage\":\"es-AR\",\"potentialAction\":[{\"@type\":\"ReadAction\",\"target\":[\"http:\\\/\\\/www.radiohorizonte.fm\\\/radio\\\/2023\\\/08\\\/09\\\/motochorros-mataron-una-nena-de-11-anos-en-lanus-oeste-cuando-entraba-la-escuela\\\/\"]}]},{\"@type\":\"ImageObject\",\"inLanguage\":\"es-AR\",\"@id\":\"http:\\\/\\\/www.radiohorizonte.fm\\\/radio\\\/2023\\\/08\\\/09\\\/motochorros-mataron-una-nena-de-11-anos-en-lanus-oeste-cuando-entraba-la-escuela\\\/#primaryimage\",\"url\":\"http:\\\/\\\/www.radiohorizonte.fm\\\/radio\\\/wp-content\\\/uploads\\\/2023\\\/08\\\/3T5G3JREBRFWVNIPWIFARFR2CA.jpg\",\"contentUrl\":\"http:\\\/\\\/www.radiohorizonte.fm\\\/radio\\\/wp-content\\\/uploads\\\/2023\\\/08\\\/3T5G3JREBRFWVNIPWIFARFR2CA.jpg\",\"width\":992,\"height\":558},{\"@type\":\"BreadcrumbList\",\"@id\":\"http:\\\/\\\/www.radiohorizonte.fm\\\/radio\\\/2023\\\/08\\\/09\\\/motochorros-mataron-una-nena-de-11-anos-en-lanus-oeste-cuando-entraba-la-escuela\\\/#breadcrumb\",\"itemListElement\":[{\"@type\":\"ListItem\",\"position\":1,\"name\":\"Home\",\"item\":\"http:\\\/\\\/www.radiohorizonte.fm\\\/radio\\\/\"},{\"@type\":\"ListItem\",\"position\":2,\"name\":\"Motochorros mataron a una nena de 11 a\u00f1os en Lan\u00fas Oeste cuando entraba a la escuela\"}]},{\"@type\":\"WebSite\",\"@id\":\"http:\\\/\\\/www.radiohorizonte.fm\\\/radio\\\/#website\",\"url\":\"http:\\\/\\\/www.radiohorizonte.fm\\\/radio\\\/\",\"name\":\"Horizonte\",\"description\":\"Radio Horizonte 106.1 - Una radio de clasicos\",\"publisher\":{\"@id\":\"http:\\\/\\\/www.radiohorizonte.fm\\\/radio\\\/#organization\"},\"potentialAction\":[{\"@type\":\"SearchAction\",\"target\":{\"@type\":\"EntryPoint\",\"urlTemplate\":\"http:\\\/\\\/www.radiohorizonte.fm\\\/radio\\\/?s={search_term_string}\"},\"query-input\":{\"@type\":\"PropertyValueSpecification\",\"valueRequired\":true,\"valueName\":\"search_term_string\"}}],\"inLanguage\":\"es-AR\"},{\"@type\":\"Organization\",\"@id\":\"http:\\\/\\\/www.radiohorizonte.fm\\\/radio\\\/#organization\",\"name\":\"Horizonte\",\"url\":\"http:\\\/\\\/www.radiohorizonte.fm\\\/radio\\\/\",\"logo\":{\"@type\":\"ImageObject\",\"inLanguage\":\"es-AR\",\"@id\":\"http:\\\/\\\/www.radiohorizonte.fm\\\/radio\\\/#\\\/schema\\\/logo\\\/image\\\/\",\"url\":\"http:\\\/\\\/www.radiohorizonte.fm\\\/radio\\\/wp-content\\\/uploads\\\/2025\\\/06\\\/Portada-FM-Horizonte_modelo-imagen-scaled.jpg\",\"contentUrl\":\"http:\\\/\\\/www.radiohorizonte.fm\\\/radio\\\/wp-content\\\/uploads\\\/2025\\\/06\\\/Portada-FM-Horizonte_modelo-imagen-scaled.jpg\",\"width\":2560,\"height\":1056,\"caption\":\"Horizonte\"},\"image\":{\"@id\":\"http:\\\/\\\/www.radiohorizonte.fm\\\/radio\\\/#\\\/schema\\\/logo\\\/image\\\/\"},\"sameAs\":[\"http:\\\/\\\/www.facebook.com\\\/HORIZONTE106.1\",\"https:\\\/\\\/x.com\\\/fmhorizonte1061\"]},{\"@type\":\"Person\",\"@id\":\"http:\\\/\\\/www.radiohorizonte.fm\\\/radio\\\/#\\\/schema\\\/person\\\/f8fa003a405bb86729fd87d15d0ddafa\",\"name\":\"Cristian Galarza\",\"image\":{\"@type\":\"ImageObject\",\"inLanguage\":\"es-AR\",\"@id\":\"https:\\\/\\\/secure.gravatar.com\\\/avatar\\\/fad34bc2c773209c05d7d53b08a69b680eeb55f3be014e52b31643d20ab65925?s=96&d=mm&r=g\",\"url\":\"https:\\\/\\\/secure.gravatar.com\\\/avatar\\\/fad34bc2c773209c05d7d53b08a69b680eeb55f3be014e52b31643d20ab65925?s=96&d=mm&r=g\",\"contentUrl\":\"https:\\\/\\\/secure.gravatar.com\\\/avatar\\\/fad34bc2c773209c05d7d53b08a69b680eeb55f3be014e52b31643d20ab65925?s=96&d=mm&r=g\",\"caption\":\"Cristian Galarza\"},\"url\":\"http:\\\/\\\/www.radiohorizonte.fm\\\/radio\\\/author\\\/cristian\\\/\"}]}<\/script>\n<!-- \/ Yoast SEO plugin. -->","yoast_head_json":{"title":"Motochorros mataron a una nena de 11 a\u00f1os en Lan\u00fas Oeste cuando entraba a la escuela - Horizonte","robots":{"index":"index","follow":"follow","max-snippet":"max-snippet:-1","max-image-preview":"max-image-preview:large","max-video-preview":"max-video-preview:-1"},"canonical":"http:\/\/www.radiohorizonte.fm\/radio\/2023\/08\/09\/motochorros-mataron-una-nena-de-11-anos-en-lanus-oeste-cuando-entraba-la-escuela\/","og_locale":"es_ES","og_type":"article","og_title":"Motochorros mataron a una nena de 11 a\u00f1os en Lan\u00fas Oeste cuando entraba a la escuela - Horizonte","og_description":"Morena Dom\u00ednguez se descompens\u00f3 tras sufrir un golpe en el ataque de los delincuentes. El video del momento del hecho \u00a0 En la ma\u00f1ana de hoy,\u00a0Morena Dom\u00ednguez, de apenas 11 a\u00f1os, fue asesinada por motochorros cuando ingresaba a su escuela, la Almafuerte N\u00b060, en la calle Molinedo al 3200, en Villa Giardino, zona de Lan\u00fas","og_url":"http:\/\/www.radiohorizonte.fm\/radio\/2023\/08\/09\/motochorros-mataron-una-nena-de-11-anos-en-lanus-oeste-cuando-entraba-la-escuela\/","og_site_name":"Horizonte","article_publisher":"http:\/\/www.facebook.com\/HORIZONTE106.1","article_published_time":"2023-08-09T15:08:46+00:00","og_image":[{"width":992,"height":558,"url":"http:\/\/www.radiohorizonte.fm\/radio\/wp-content\/uploads\/2023\/08\/3T5G3JREBRFWVNIPWIFARFR2CA.jpg","type":"image\/jpeg"}],"author":"Cristian Galarza","twitter_card":"summary_large_image","twitter_creator":"@fmhorizonte1061","twitter_site":"@fmhorizonte1061","twitter_misc":{"Escrito por":"Cristian Galarza","Tiempo de lectura":"3 minutos"},"schema":{"@context":"https:\/\/schema.org","@graph":[{"@type":"Article","@id":"http:\/\/www.radiohorizonte.fm\/radio\/2023\/08\/09\/motochorros-mataron-una-nena-de-11-anos-en-lanus-oeste-cuando-entraba-la-escuela\/#article","isPartOf":{"@id":"http:\/\/www.radiohorizonte.fm\/radio\/2023\/08\/09\/motochorros-mataron-una-nena-de-11-anos-en-lanus-oeste-cuando-entraba-la-escuela\/"},"author":{"name":"Cristian Galarza","@id":"http:\/\/www.radiohorizonte.fm\/radio\/#\/schema\/person\/f8fa003a405bb86729fd87d15d0ddafa"},"headline":"Motochorros mataron a una nena de 11 a\u00f1os en Lan\u00fas Oeste cuando entraba a la escuela","datePublished":"2023-08-09T15:08:46+00:00","mainEntityOfPage":{"@id":"http:\/\/www.radiohorizonte.fm\/radio\/2023\/08\/09\/motochorros-mataron-una-nena-de-11-anos-en-lanus-oeste-cuando-entraba-la-escuela\/"},"wordCount":575,"publisher":{"@id":"http:\/\/www.radiohorizonte.fm\/radio\/#organization"},"image":{"@id":"http:\/\/www.radiohorizonte.fm\/radio\/2023\/08\/09\/motochorros-mataron-una-nena-de-11-anos-en-lanus-oeste-cuando-entraba-la-escuela\/#primaryimage"},"thumbnailUrl":"http:\/\/www.radiohorizonte.fm\/radio\/wp-content\/uploads\/2023\/08\/3T5G3JREBRFWVNIPWIFARFR2CA.jpg","articleSection":["Noticias"],"inLanguage":"es-AR"},{"@type":"WebPage","@id":"http:\/\/www.radiohorizonte.fm\/radio\/2023\/08\/09\/motochorros-mataron-una-nena-de-11-anos-en-lanus-oeste-cuando-entraba-la-escuela\/","url":"http:\/\/www.radiohorizonte.fm\/radio\/2023\/08\/09\/motochorros-mataron-una-nena-de-11-anos-en-lanus-oeste-cuando-entraba-la-escuela\/","name":"Motochorros mataron a una nena de 11 a\u00f1os en Lan\u00fas Oeste cuando entraba a la escuela - Horizonte","isPartOf":{"@id":"http:\/\/www.radiohorizonte.fm\/radio\/#website"},"primaryImageOfPage":{"@id":"http:\/\/www.radiohorizonte.fm\/radio\/2023\/08\/09\/motochorros-mataron-una-nena-de-11-anos-en-lanus-oeste-cuando-entraba-la-escuela\/#primaryimage"},"image":{"@id":"http:\/\/www.radiohorizonte.fm\/radio\/2023\/08\/09\/motochorros-mataron-una-nena-de-11-anos-en-lanus-oeste-cuando-entraba-la-escuela\/#primaryimage"},"thumbnailUrl":"http:\/\/www.radiohorizonte.fm\/radio\/wp-content\/uploads\/2023\/08\/3T5G3JREBRFWVNIPWIFARFR2CA.jpg","datePublished":"2023-08-09T15:08:46+00:00","breadcrumb":{"@id":"http:\/\/www.radiohorizonte.fm\/radio\/2023\/08\/09\/motochorros-mataron-una-nena-de-11-anos-en-lanus-oeste-cuando-entraba-la-escuela\/#breadcrumb"},"inLanguage":"es-AR","potentialAction":[{"@type":"ReadAction","target":["http:\/\/www.radiohorizonte.fm\/radio\/2023\/08\/09\/motochorros-mataron-una-nena-de-11-anos-en-lanus-oeste-cuando-entraba-la-escuela\/"]}]},{"@type":"ImageObject","inLanguage":"es-AR","@id":"http:\/\/www.radiohorizonte.fm\/radio\/2023\/08\/09\/motochorros-mataron-una-nena-de-11-anos-en-lanus-oeste-cuando-entraba-la-escuela\/#primaryimage","url":"http:\/\/www.radiohorizonte.fm\/radio\/wp-content\/uploads\/2023\/08\/3T5G3JREBRFWVNIPWIFARFR2CA.jpg","contentUrl":"http:\/\/www.radiohorizonte.fm\/radio\/wp-content\/uploads\/2023\/08\/3T5G3JREBRFWVNIPWIFARFR2CA.jpg","width":992,"height":558},{"@type":"BreadcrumbList","@id":"http:\/\/www.radiohorizonte.fm\/radio\/2023\/08\/09\/motochorros-mataron-una-nena-de-11-anos-en-lanus-oeste-cuando-entraba-la-escuela\/#breadcrumb","itemListElement":[{"@type":"ListItem","position":1,"name":"Home","item":"http:\/\/www.radiohorizonte.fm\/radio\/"},{"@type":"ListItem","position":2,"name":"Motochorros mataron a una nena de 11 a\u00f1os en Lan\u00fas Oeste cuando entraba a la escuela"}]},{"@type":"WebSite","@id":"http:\/\/www.radiohorizonte.fm\/radio\/#website","url":"http:\/\/www.radiohorizonte.fm\/radio\/","name":"Horizonte","description":"Radio Horizonte 106.1 - Una radio de clasicos","publisher":{"@id":"http:\/\/www.radiohorizonte.fm\/radio\/#organization"},"potentialAction":[{"@type":"SearchAction","target":{"@type":"EntryPoint","urlTemplate":"http:\/\/www.radiohorizonte.fm\/radio\/?s={search_term_string}"},"query-input":{"@type":"PropertyValueSpecification","valueRequired":true,"valueName":"search_term_string"}}],"inLanguage":"es-AR"},{"@type":"Organization","@id":"http:\/\/www.radiohorizonte.fm\/radio\/#organization","name":"Horizonte","url":"http:\/\/www.radiohorizonte.fm\/radio\/","logo":{"@type":"ImageObject","inLanguage":"es-AR","@id":"http:\/\/www.radiohorizonte.fm\/radio\/#\/schema\/logo\/image\/","url":"http:\/\/www.radiohorizonte.fm\/radio\/wp-content\/uploads\/2025\/06\/Portada-FM-Horizonte_modelo-imagen-scaled.jpg","contentUrl":"http:\/\/www.radiohorizonte.fm\/radio\/wp-content\/uploads\/2025\/06\/Portada-FM-Horizonte_modelo-imagen-scaled.jpg","width":2560,"height":1056,"caption":"Horizonte"},"image":{"@id":"http:\/\/www.radiohorizonte.fm\/radio\/#\/schema\/logo\/image\/"},"sameAs":["http:\/\/www.facebook.com\/HORIZONTE106.1","https:\/\/x.com\/fmhorizonte1061"]},{"@type":"Person","@id":"http:\/\/www.radiohorizonte.fm\/radio\/#\/schema\/person\/f8fa003a405bb86729fd87d15d0ddafa","name":"Cristian Galarza","image":{"@type":"ImageObject","inLanguage":"es-AR","@id":"https:\/\/secure.gravatar.com\/avatar\/fad34bc2c773209c05d7d53b08a69b680eeb55f3be014e52b31643d20ab65925?s=96&d=mm&r=g","url":"https:\/\/secure.gravatar.com\/avatar\/fad34bc2c773209c05d7d53b08a69b680eeb55f3be014e52b31643d20ab65925?s=96&d=mm&r=g","contentUrl":"https:\/\/secure.gravatar.com\/avatar\/fad34bc2c773209c05d7d53b08a69b680eeb55f3be014e52b31643d20ab65925?s=96&d=mm&r=g","caption":"Cristian Galarza"},"url":"http:\/\/www.radiohorizonte.fm\/radio\/author\/cristian\/"}]}},"_links":{"self":[{"href":"http:\/\/www.radiohorizonte.fm\/radio\/wp-json\/wp\/v2\/posts\/41691","targetHints":{"allow":["GET"]}}],"collection":[{"href":"http:\/\/www.radiohorizonte.fm\/radio\/wp-json\/wp\/v2\/posts"}],"about":[{"href":"http:\/\/www.radiohorizonte.fm\/radio\/wp-json\/wp\/v2\/types\/post"}],"author":[{"embeddable":true,"href":"http:\/\/www.radiohorizonte.fm\/radio\/wp-json\/wp\/v2\/users\/2"}],"replies":[{"embeddable":true,"href":"http:\/\/www.radiohorizonte.fm\/radio\/wp-json\/wp\/v2\/comments?post=41691"}],"version-history":[{"count":1,"href":"http:\/\/www.radiohorizonte.fm\/radio\/wp-json\/wp\/v2\/posts\/41691\/revisions"}],"predecessor-version":[{"id":41702,"href":"http:\/\/www.radiohorizonte.fm\/radio\/wp-json\/wp\/v2\/posts\/41691\/revisions\/41702"}],"wp:featuredmedia":[{"embeddable":true,"href":"http:\/\/www.radiohorizonte.fm\/radio\/wp-json\/wp\/v2\/media\/41701"}],"wp:attachment":[{"href":"http:\/\/www.radiohorizonte.fm\/radio\/wp-json\/wp\/v2\/media?parent=41691"}],"wp:term":[{"taxonomy":"category","embeddable":true,"href":"http:\/\/www.radiohorizonte.fm\/radio\/wp-json\/wp\/v2\/categories?post=41691"},{"taxonomy":"post_tag","embeddable":true,"href":"http:\/\/www.radiohorizonte.fm\/radio\/wp-json\/wp\/v2\/tags?post=41691"}],"curies":[{"name":"wp","href":"https:\/\/api.w.org\/{rel}","templated":true}]}}