{"id":41692,"date":"2023-08-09T07:49:06","date_gmt":"2023-08-09T10:49:06","guid":{"rendered":"http:\/\/www.radiohorizonte.fm\/radio\/?p=41692"},"modified":"2023-08-09T07:49:06","modified_gmt":"2023-08-09T10:49:06","slug":"presentaron-el-programa-provincial-de-educacion-ambiental","status":"publish","type":"post","link":"http:\/\/www.radiohorizonte.fm\/radio\/2023\/08\/09\/presentaron-el-programa-provincial-de-educacion-ambiental\/","title":{"rendered":"Presentaron el Programa Provincial de Educaci\u00f3n Ambiental"},"content":{"rendered":"<p>Encabezado por el gobernador Vald\u00e9s, pusieron a consideraci\u00f3n el documento que posibilitar\u00e1 el desarrollo de pol\u00edticas y estrategias educativas que ayuden a la conservaci\u00f3n de la naturaleza para integrar la ense\u00f1anza en todos los niveles.<\/p>\n<p><img loading=\"lazy\" decoding=\"async\" class=\"alignnone size-full wp-image-41693\" src=\"http:\/\/www.radiohorizonte.fm\/radio\/wp-content\/uploads\/2023\/08\/363408107_680022704168892_4846031577949803180_n.jpg\" alt=\"\" width=\"1200\" height=\"800\" srcset=\"http:\/\/www.radiohorizonte.fm\/radio\/wp-content\/uploads\/2023\/08\/363408107_680022704168892_4846031577949803180_n.jpg 1200w, http:\/\/www.radiohorizonte.fm\/radio\/wp-content\/uploads\/2023\/08\/363408107_680022704168892_4846031577949803180_n-300x200.jpg 300w, http:\/\/www.radiohorizonte.fm\/radio\/wp-content\/uploads\/2023\/08\/363408107_680022704168892_4846031577949803180_n-768x512.jpg 768w, http:\/\/www.radiohorizonte.fm\/radio\/wp-content\/uploads\/2023\/08\/363408107_680022704168892_4846031577949803180_n-1024x683.jpg 1024w, http:\/\/www.radiohorizonte.fm\/radio\/wp-content\/uploads\/2023\/08\/363408107_680022704168892_4846031577949803180_n-65x43.jpg 65w, http:\/\/www.radiohorizonte.fm\/radio\/wp-content\/uploads\/2023\/08\/363408107_680022704168892_4846031577949803180_n-85x57.jpg 85w, http:\/\/www.radiohorizonte.fm\/radio\/wp-content\/uploads\/2023\/08\/363408107_680022704168892_4846031577949803180_n-188x125.jpg 188w, http:\/\/www.radiohorizonte.fm\/radio\/wp-content\/uploads\/2023\/08\/363408107_680022704168892_4846031577949803180_n-90x60.jpg 90w\" sizes=\"auto, (max-width: 1200px) 100vw, 1200px\" \/><\/p>\n<p>El gobernador de la provincia, Gustavo Vald\u00e9s, encabez\u00f3 la presentaci\u00f3n del Programa Provincial de Educaci\u00f3n Ambiental en el Sal\u00f3n Amarillo de Casa de Gobierno. El mismo, consiste en un documento para guiar el desarrollo de pol\u00edticas y estrategias educativas que contribuyan a la conservaci\u00f3n de la naturaleza local. En \u00e9l, se establecen principios, objetivos y acciones para desplegar e integrar la ense\u00f1anza en esta tem\u00e1tica, en todos los niveles y modalidades educativas de la provincia.<\/p>\n<p><img loading=\"lazy\" decoding=\"async\" class=\"alignnone size-full wp-image-41694\" src=\"http:\/\/www.radiohorizonte.fm\/radio\/wp-content\/uploads\/2023\/08\/363388622_680022780835551_241582153821444593_n.jpg\" alt=\"\" width=\"1200\" height=\"800\" srcset=\"http:\/\/www.radiohorizonte.fm\/radio\/wp-content\/uploads\/2023\/08\/363388622_680022780835551_241582153821444593_n.jpg 1200w, http:\/\/www.radiohorizonte.fm\/radio\/wp-content\/uploads\/2023\/08\/363388622_680022780835551_241582153821444593_n-300x200.jpg 300w, http:\/\/www.radiohorizonte.fm\/radio\/wp-content\/uploads\/2023\/08\/363388622_680022780835551_241582153821444593_n-768x512.jpg 768w, http:\/\/www.radiohorizonte.fm\/radio\/wp-content\/uploads\/2023\/08\/363388622_680022780835551_241582153821444593_n-1024x683.jpg 1024w, http:\/\/www.radiohorizonte.fm\/radio\/wp-content\/uploads\/2023\/08\/363388622_680022780835551_241582153821444593_n-65x43.jpg 65w, http:\/\/www.radiohorizonte.fm\/radio\/wp-content\/uploads\/2023\/08\/363388622_680022780835551_241582153821444593_n-85x57.jpg 85w, http:\/\/www.radiohorizonte.fm\/radio\/wp-content\/uploads\/2023\/08\/363388622_680022780835551_241582153821444593_n-188x125.jpg 188w, http:\/\/www.radiohorizonte.fm\/radio\/wp-content\/uploads\/2023\/08\/363388622_680022780835551_241582153821444593_n-90x60.jpg 90w\" sizes=\"auto, (max-width: 1200px) 100vw, 1200px\" \/><\/p>\n<p>El material fue elaborado de manera conjunta entre el Ministerio de Educaci\u00f3n, el Comit\u00e9 Iber\u00e1, el Ministerio de Turismo y el Instituto Correntino del Agua y del Ambiente (ICAA). Sus m\u00e1ximos referentes -Pr\u00e1xedes L\u00f3pez, Sergio Flinta, Alejandra Eliciri y Mario Salvia- participaron de la presentaci\u00f3n.<\/p>\n<p>El documento busca ser una herramienta clave para guiar el desarrollo de pol\u00edticas y estrategias educativas que contribuyan a dicho objetivo. El mismo establece los principios, objetivos y acciones para desplegar e integrar la educaci\u00f3n ambiental en todos los niveles y modalidades educativas de la provincia, en el \u00e1mbito formal y no formal.<\/p>\n<p>En su alocuci\u00f3n, el Mandatario provincial remarc\u00f3 que &#8220;el mundo est\u00e1 cambiando y est\u00e1 cambiando en serio&#8221;, y se\u00f1al\u00f3 que &#8220;termin\u00f3 el tiempo del calentamiento global y comenz\u00f3 el tiempo de la ebullici\u00f3n global&#8221;. Es por eso que &#8220;tenemos que tomar medidas que sean concretas&#8221;, y agreg\u00f3: &#8220;El planeta no puede esperar m\u00e1s&#8221;.<\/p>\n<p>De esta manera llam\u00f3 a pensar &#8220;qu\u00e9 vamos a hacer con la producci\u00f3n y la utilizaci\u00f3n de hidrocarburos, si vamos a seguir inaugurando gasoductos o si vamos a tener una pol\u00edtica de sustituci\u00f3n energ\u00e9tica, entre otras cosas&#8221;. En ese contexto dijo que &#8220;debemos tener pol\u00edticas activas, para tener un desarrollo con sustentabilidad y eso implica tener un conocimiento&#8221;.<\/p>\n<p>Vald\u00e9s resalt\u00f3 que tanto la educaci\u00f3n p\u00fablica como privada son el principal disparador para que los alumnos tomen conciencia, &#8220;aunque la educaci\u00f3n p\u00fablica es la responsabilidad que tenemos nosotros como Estado provincial para generar contenidos y que nuestros alumnos, en el plazo de 12 o 15 a\u00f1os, tengan acabado conocimiento&#8221;. En ese marco, asever\u00f3 que &#8220;esta es la presentaci\u00f3n del contenido educativo para nuestros alumnos, que seguramente ir\u00e1 evolucionando, as\u00ed que felicitaciones al Ministerio de Educaci\u00f3n por la generaci\u00f3n del mismo&#8221;.<\/p>\n<div class=\"center medium m_image\">\n<figure><span style=\"font-size: 1rem;\">Entre los contenidos del Programa de Educaci\u00f3n Ambiental, el Gobernador hizo referencia, principalmente, a los Esteros del Iber\u00e1, ya que &#8220;tenemos en el coraz\u00f3n de Corrientes m\u00e1s de un mill\u00f3n de hect\u00e1reas protegidas, donde hoy volvi\u00f3 a rugir el yaguaret\u00e9 incluso, como parte de la reintroducci\u00f3n de especies y que es el proyecto m\u00e1s grande que tenemos en Sudam\u00e9rica&#8221;.<\/span><\/figure>\n<\/div>\n<p>Destac\u00f3 que &#8220;estamos cambiando esa naturaleza ense\u00f1ando a preservarla, a mirar, a convivir con ella. Eso nos est\u00e1 cambiando absolutamente a la econom\u00eda de la regi\u00f3n m\u00e1s deprimida de la provincia de Corrientes&#8221;.<\/p>\n<div class=\"center medium m_image\">\n<figure><span style=\"font-size: 1rem;\">Adem\u00e1s, el propio Vald\u00e9s explic\u00f3 que, por eso, la &#8220;presentaci\u00f3n de este trabajo, que es integral, tiene que ver con preparar a las futuras generaciones para que tambi\u00e9n den la batalla y a los que estamos viviendo hoy, que podamos seguir aprendiendo para tener una mirada verde&#8221;.<\/span><\/figure>\n<\/div>\n<p>En tanto que el titular del Comit\u00e9 Iber\u00e1, Sergio Flinta, detall\u00f3 el plan denominado &#8220;Formando Formadores&#8221;, para la implementaci\u00f3n del Programa de Educaci\u00f3n Ambiental, en lo que respecta a la \u00f3rbita de los esteros. Este programa est\u00e1 dirigido a docentes de diferentes niveles y, en una primera etapa, capacitar\u00e1 a los mismos en las localidades de Santa Rosa, Ca\u00e1 Cat\u00ed, Chavarr\u00eda, Loreto, San Miguel y Concepci\u00f3n.<\/p>\n<p>El senador provincial hizo hincapi\u00e9 en los m\u00f3dulos del programa. Uno de ellos tiene que ver con las \u00e1reas protegidas y su importancia cultural y natural. Tratar\u00e1n tambi\u00e9n los humedales, el cambio clim\u00e1tico y el desarrollo local a trav\u00e9s del ecoturismo.<\/p>\n<p>El programa tambi\u00e9n tocar\u00e1 temas de protecci\u00f3n y conservaci\u00f3n, al igual que la flora y fauna y reintroducci\u00f3n de especies. &#8220;La revalorizaci\u00f3n de lo nuestro est\u00e1 estrechamente ligado con nuestra cultura: la m\u00fasica, las costumbres, la comida, la vestimenta. Todo eso tambi\u00e9n lo volcamos en esta formaci\u00f3n&#8221;, agreg\u00f3 Flinta.<\/p>\n<p>La ministra de Educaci\u00f3n, Pr\u00e1xedes L\u00f3pez, quien tambi\u00e9n particip\u00f3 de la presentaci\u00f3n, destac\u00f3 que existen tres ejes: manejo del fuego, paisajes naturales y cambio clim\u00e1tico. &#8220;Tenemos que empezar a trabajarlos en las aulas desde el nivel inicial hasta el superior&#8221;, adem\u00e1s agreg\u00f3 que &#8220;sabemos del compromiso de nuestros docentes, por ello confiamos en que esta educaci\u00f3n ambiental nos enriquezca&#8221;.<\/p>\n<p>Caracter\u00edsticas del programa<\/p>\n<p>La Ley Provincial de Educaci\u00f3n Ambiental N\u00b06.514\/19 en su art\u00edculo 1 del cap\u00edtulo 1, establece: que se &#8220;entiende por Educaci\u00f3n Ambiental a los procesos integradores mediante los cuales el individuo y la ciudadan\u00eda construyen valores, conocimientos, aptitudes, actitudes, habilidades, t\u00e9cnicas y compromisos orientados a la defensa y respeto del ambiente, esenciales a la sana calidad de vida y su sustentabilidad&#8221;.<\/p>\n<p>Por su parte el art\u00edculo 7, del cap\u00edtulo 3, expresa que ser\u00e1 Autoridad de Aplicaci\u00f3n de la presente ley un organismo colegiado, que estar\u00e1 dirigido e integrado por el Ministerio de Educaci\u00f3n de la Provincia y el Instituto Correntino del Agua y del Ambiente (ICAA).&#8221;<\/p>\n<p>As\u00ed, se elabor\u00f3 y aprob\u00f3 por Resoluci\u00f3n Ministerial N\u00ba1.698\/23 el documento marco de implementaci\u00f3n del Programa Provincial de Educaci\u00f3n Ambiental.<\/p>\n<p>Desarrollo Sostenible<br \/>\nEl programa se encuadra dentro de los objetivos de Desarrollo Sostenible y entre los ejes transversales de la Educaci\u00f3n Ambiental Integral se encuentran: reconocer e interpretar la complejidad del ambiente; conocer y analizar los problemas ambientales; desarrollar actitud, cultura, conciencia y compromiso ambiental; ejercer nuestros derechos; generar un di\u00e1logo de saberes y cuidar el ambiente y la sustentabilidad de la vida.<\/p>\n","protected":false},"excerpt":{"rendered":"<div class=\"post-excerpt\"><p>Encabezado por el gobernador Vald\u00e9s, pusieron a consideraci\u00f3n el documento que posibilitar\u00e1 el desarrollo de pol\u00edticas y estrategias educativas que ayuden a la conservaci\u00f3n de la naturaleza para integrar la ense\u00f1anza en todos los niveles. El gobernador de la provincia, Gustavo Vald\u00e9s, encabez\u00f3 la presentaci\u00f3n del Programa Provincial de Educaci\u00f3n Ambiental en el Sal\u00f3n Amarillo<\/p>\n<\/div>","protected":false},"author":2,"featured_media":41693,"comment_status":"closed","ping_status":"closed","sticky":false,"template":"","format":"standard","meta":{"_acf_changed":false,"footnotes":""},"categories":[2],"tags":[],"class_list":["post-41692","post","type-post","status-publish","format-standard","has-post-thumbnail","hentry","category-noticias"],"acf":[],"yoast_head":"<!-- This site is optimized with the Yoast SEO plugin v28.1 - https:\/\/yoast.com\/product\/yoast-seo-wordpress\/ -->\n<title>Presentaron el Programa Provincial de Educaci\u00f3n Ambiental - Horizonte<\/title>\n<meta name=\"robots\" content=\"index, follow, max-snippet:-1, max-image-preview:large, max-video-preview:-1\" \/>\n<link rel=\"canonical\" href=\"http:\/\/www.radiohorizonte.fm\/radio\/2023\/08\/09\/presentaron-el-programa-provincial-de-educacion-ambiental\/\" \/>\n<meta property=\"og:locale\" content=\"es_ES\" \/>\n<meta property=\"og:type\" content=\"article\" \/>\n<meta property=\"og:title\" content=\"Presentaron el Programa Provincial de Educaci\u00f3n Ambiental - Horizonte\" \/>\n<meta property=\"og:description\" content=\"Encabezado por el gobernador Vald\u00e9s, pusieron a consideraci\u00f3n el documento que posibilitar\u00e1 el desarrollo de pol\u00edticas y estrategias educativas que ayuden a la conservaci\u00f3n de la naturaleza para integrar la ense\u00f1anza en todos los niveles. El gobernador de la provincia, Gustavo Vald\u00e9s, encabez\u00f3 la presentaci\u00f3n del Programa Provincial de Educaci\u00f3n Ambiental en el Sal\u00f3n Amarillo\" \/>\n<meta property=\"og:url\" content=\"http:\/\/www.radiohorizonte.fm\/radio\/2023\/08\/09\/presentaron-el-programa-provincial-de-educacion-ambiental\/\" \/>\n<meta property=\"og:site_name\" content=\"Horizonte\" \/>\n<meta property=\"article:publisher\" content=\"http:\/\/www.facebook.com\/HORIZONTE106.1\" \/>\n<meta property=\"article:published_time\" content=\"2023-08-09T10:49:06+00:00\" \/>\n<meta property=\"og:image\" content=\"http:\/\/www.radiohorizonte.fm\/radio\/wp-content\/uploads\/2023\/08\/363408107_680022704168892_4846031577949803180_n.jpg\" \/>\n\t<meta property=\"og:image:width\" content=\"1200\" \/>\n\t<meta property=\"og:image:height\" content=\"800\" \/>\n\t<meta property=\"og:image:type\" content=\"image\/jpeg\" \/>\n<meta name=\"author\" content=\"Cristian Galarza\" \/>\n<meta name=\"twitter:card\" content=\"summary_large_image\" \/>\n<meta name=\"twitter:creator\" content=\"@fmhorizonte1061\" \/>\n<meta name=\"twitter:site\" content=\"@fmhorizonte1061\" \/>\n<meta name=\"twitter:label1\" content=\"Escrito por\" \/>\n\t<meta name=\"twitter:data1\" content=\"Cristian Galarza\" \/>\n\t<meta name=\"twitter:label2\" content=\"Tiempo de lectura\" \/>\n\t<meta name=\"twitter:data2\" content=\"5 minutos\" \/>\n<script type=\"application\/ld+json\" class=\"yoast-schema-graph\">{\"@context\":\"https:\\\/\\\/schema.org\",\"@graph\":[{\"@type\":\"Article\",\"@id\":\"http:\\\/\\\/www.radiohorizonte.fm\\\/radio\\\/2023\\\/08\\\/09\\\/presentaron-el-programa-provincial-de-educacion-ambiental\\\/#article\",\"isPartOf\":{\"@id\":\"http:\\\/\\\/www.radiohorizonte.fm\\\/radio\\\/2023\\\/08\\\/09\\\/presentaron-el-programa-provincial-de-educacion-ambiental\\\/\"},\"author\":{\"name\":\"Cristian Galarza\",\"@id\":\"http:\\\/\\\/www.radiohorizonte.fm\\\/radio\\\/#\\\/schema\\\/person\\\/f8fa003a405bb86729fd87d15d0ddafa\"},\"headline\":\"Presentaron el Programa Provincial de Educaci\u00f3n Ambiental\",\"datePublished\":\"2023-08-09T10:49:06+00:00\",\"mainEntityOfPage\":{\"@id\":\"http:\\\/\\\/www.radiohorizonte.fm\\\/radio\\\/2023\\\/08\\\/09\\\/presentaron-el-programa-provincial-de-educacion-ambiental\\\/\"},\"wordCount\":1043,\"publisher\":{\"@id\":\"http:\\\/\\\/www.radiohorizonte.fm\\\/radio\\\/#organization\"},\"image\":{\"@id\":\"http:\\\/\\\/www.radiohorizonte.fm\\\/radio\\\/2023\\\/08\\\/09\\\/presentaron-el-programa-provincial-de-educacion-ambiental\\\/#primaryimage\"},\"thumbnailUrl\":\"http:\\\/\\\/www.radiohorizonte.fm\\\/radio\\\/wp-content\\\/uploads\\\/2023\\\/08\\\/363408107_680022704168892_4846031577949803180_n.jpg\",\"articleSection\":[\"Noticias\"],\"inLanguage\":\"es-AR\"},{\"@type\":\"WebPage\",\"@id\":\"http:\\\/\\\/www.radiohorizonte.fm\\\/radio\\\/2023\\\/08\\\/09\\\/presentaron-el-programa-provincial-de-educacion-ambiental\\\/\",\"url\":\"http:\\\/\\\/www.radiohorizonte.fm\\\/radio\\\/2023\\\/08\\\/09\\\/presentaron-el-programa-provincial-de-educacion-ambiental\\\/\",\"name\":\"Presentaron el Programa Provincial de Educaci\u00f3n Ambiental - Horizonte\",\"isPartOf\":{\"@id\":\"http:\\\/\\\/www.radiohorizonte.fm\\\/radio\\\/#website\"},\"primaryImageOfPage\":{\"@id\":\"http:\\\/\\\/www.radiohorizonte.fm\\\/radio\\\/2023\\\/08\\\/09\\\/presentaron-el-programa-provincial-de-educacion-ambiental\\\/#primaryimage\"},\"image\":{\"@id\":\"http:\\\/\\\/www.radiohorizonte.fm\\\/radio\\\/2023\\\/08\\\/09\\\/presentaron-el-programa-provincial-de-educacion-ambiental\\\/#primaryimage\"},\"thumbnailUrl\":\"http:\\\/\\\/www.radiohorizonte.fm\\\/radio\\\/wp-content\\\/uploads\\\/2023\\\/08\\\/363408107_680022704168892_4846031577949803180_n.jpg\",\"datePublished\":\"2023-08-09T10:49:06+00:00\",\"breadcrumb\":{\"@id\":\"http:\\\/\\\/www.radiohorizonte.fm\\\/radio\\\/2023\\\/08\\\/09\\\/presentaron-el-programa-provincial-de-educacion-ambiental\\\/#breadcrumb\"},\"inLanguage\":\"es-AR\",\"potentialAction\":[{\"@type\":\"ReadAction\",\"target\":[\"http:\\\/\\\/www.radiohorizonte.fm\\\/radio\\\/2023\\\/08\\\/09\\\/presentaron-el-programa-provincial-de-educacion-ambiental\\\/\"]}]},{\"@type\":\"ImageObject\",\"inLanguage\":\"es-AR\",\"@id\":\"http:\\\/\\\/www.radiohorizonte.fm\\\/radio\\\/2023\\\/08\\\/09\\\/presentaron-el-programa-provincial-de-educacion-ambiental\\\/#primaryimage\",\"url\":\"http:\\\/\\\/www.radiohorizonte.fm\\\/radio\\\/wp-content\\\/uploads\\\/2023\\\/08\\\/363408107_680022704168892_4846031577949803180_n.jpg\",\"contentUrl\":\"http:\\\/\\\/www.radiohorizonte.fm\\\/radio\\\/wp-content\\\/uploads\\\/2023\\\/08\\\/363408107_680022704168892_4846031577949803180_n.jpg\",\"width\":1200,\"height\":800},{\"@type\":\"BreadcrumbList\",\"@id\":\"http:\\\/\\\/www.radiohorizonte.fm\\\/radio\\\/2023\\\/08\\\/09\\\/presentaron-el-programa-provincial-de-educacion-ambiental\\\/#breadcrumb\",\"itemListElement\":[{\"@type\":\"ListItem\",\"position\":1,\"name\":\"Home\",\"item\":\"http:\\\/\\\/www.radiohorizonte.fm\\\/radio\\\/\"},{\"@type\":\"ListItem\",\"position\":2,\"name\":\"Presentaron el Programa Provincial de Educaci\u00f3n Ambiental\"}]},{\"@type\":\"WebSite\",\"@id\":\"http:\\\/\\\/www.radiohorizonte.fm\\\/radio\\\/#website\",\"url\":\"http:\\\/\\\/www.radiohorizonte.fm\\\/radio\\\/\",\"name\":\"Horizonte\",\"description\":\"Radio Horizonte 106.1 - Una radio de clasicos\",\"publisher\":{\"@id\":\"http:\\\/\\\/www.radiohorizonte.fm\\\/radio\\\/#organization\"},\"potentialAction\":[{\"@type\":\"SearchAction\",\"target\":{\"@type\":\"EntryPoint\",\"urlTemplate\":\"http:\\\/\\\/www.radiohorizonte.fm\\\/radio\\\/?s={search_term_string}\"},\"query-input\":{\"@type\":\"PropertyValueSpecification\",\"valueRequired\":true,\"valueName\":\"search_term_string\"}}],\"inLanguage\":\"es-AR\"},{\"@type\":\"Organization\",\"@id\":\"http:\\\/\\\/www.radiohorizonte.fm\\\/radio\\\/#organization\",\"name\":\"Horizonte\",\"url\":\"http:\\\/\\\/www.radiohorizonte.fm\\\/radio\\\/\",\"logo\":{\"@type\":\"ImageObject\",\"inLanguage\":\"es-AR\",\"@id\":\"http:\\\/\\\/www.radiohorizonte.fm\\\/radio\\\/#\\\/schema\\\/logo\\\/image\\\/\",\"url\":\"http:\\\/\\\/www.radiohorizonte.fm\\\/radio\\\/wp-content\\\/uploads\\\/2025\\\/06\\\/Portada-FM-Horizonte_modelo-imagen-scaled.jpg\",\"contentUrl\":\"http:\\\/\\\/www.radiohorizonte.fm\\\/radio\\\/wp-content\\\/uploads\\\/2025\\\/06\\\/Portada-FM-Horizonte_modelo-imagen-scaled.jpg\",\"width\":2560,\"height\":1056,\"caption\":\"Horizonte\"},\"image\":{\"@id\":\"http:\\\/\\\/www.radiohorizonte.fm\\\/radio\\\/#\\\/schema\\\/logo\\\/image\\\/\"},\"sameAs\":[\"http:\\\/\\\/www.facebook.com\\\/HORIZONTE106.1\",\"https:\\\/\\\/x.com\\\/fmhorizonte1061\"]},{\"@type\":\"Person\",\"@id\":\"http:\\\/\\\/www.radiohorizonte.fm\\\/radio\\\/#\\\/schema\\\/person\\\/f8fa003a405bb86729fd87d15d0ddafa\",\"name\":\"Cristian Galarza\",\"image\":{\"@type\":\"ImageObject\",\"inLanguage\":\"es-AR\",\"@id\":\"https:\\\/\\\/secure.gravatar.com\\\/avatar\\\/fad34bc2c773209c05d7d53b08a69b680eeb55f3be014e52b31643d20ab65925?s=96&d=mm&r=g\",\"url\":\"https:\\\/\\\/secure.gravatar.com\\\/avatar\\\/fad34bc2c773209c05d7d53b08a69b680eeb55f3be014e52b31643d20ab65925?s=96&d=mm&r=g\",\"contentUrl\":\"https:\\\/\\\/secure.gravatar.com\\\/avatar\\\/fad34bc2c773209c05d7d53b08a69b680eeb55f3be014e52b31643d20ab65925?s=96&d=mm&r=g\",\"caption\":\"Cristian Galarza\"},\"url\":\"http:\\\/\\\/www.radiohorizonte.fm\\\/radio\\\/author\\\/cristian\\\/\"}]}<\/script>\n<!-- \/ Yoast SEO plugin. -->","yoast_head_json":{"title":"Presentaron el Programa Provincial de Educaci\u00f3n Ambiental - Horizonte","robots":{"index":"index","follow":"follow","max-snippet":"max-snippet:-1","max-image-preview":"max-image-preview:large","max-video-preview":"max-video-preview:-1"},"canonical":"http:\/\/www.radiohorizonte.fm\/radio\/2023\/08\/09\/presentaron-el-programa-provincial-de-educacion-ambiental\/","og_locale":"es_ES","og_type":"article","og_title":"Presentaron el Programa Provincial de Educaci\u00f3n Ambiental - Horizonte","og_description":"Encabezado por el gobernador Vald\u00e9s, pusieron a consideraci\u00f3n el documento que posibilitar\u00e1 el desarrollo de pol\u00edticas y estrategias educativas que ayuden a la conservaci\u00f3n de la naturaleza para integrar la ense\u00f1anza en todos los niveles. El gobernador de la provincia, Gustavo Vald\u00e9s, encabez\u00f3 la presentaci\u00f3n del Programa Provincial de Educaci\u00f3n Ambiental en el Sal\u00f3n Amarillo","og_url":"http:\/\/www.radiohorizonte.fm\/radio\/2023\/08\/09\/presentaron-el-programa-provincial-de-educacion-ambiental\/","og_site_name":"Horizonte","article_publisher":"http:\/\/www.facebook.com\/HORIZONTE106.1","article_published_time":"2023-08-09T10:49:06+00:00","og_image":[{"width":1200,"height":800,"url":"http:\/\/www.radiohorizonte.fm\/radio\/wp-content\/uploads\/2023\/08\/363408107_680022704168892_4846031577949803180_n.jpg","type":"image\/jpeg"}],"author":"Cristian Galarza","twitter_card":"summary_large_image","twitter_creator":"@fmhorizonte1061","twitter_site":"@fmhorizonte1061","twitter_misc":{"Escrito por":"Cristian Galarza","Tiempo de lectura":"5 minutos"},"schema":{"@context":"https:\/\/schema.org","@graph":[{"@type":"Article","@id":"http:\/\/www.radiohorizonte.fm\/radio\/2023\/08\/09\/presentaron-el-programa-provincial-de-educacion-ambiental\/#article","isPartOf":{"@id":"http:\/\/www.radiohorizonte.fm\/radio\/2023\/08\/09\/presentaron-el-programa-provincial-de-educacion-ambiental\/"},"author":{"name":"Cristian Galarza","@id":"http:\/\/www.radiohorizonte.fm\/radio\/#\/schema\/person\/f8fa003a405bb86729fd87d15d0ddafa"},"headline":"Presentaron el Programa Provincial de Educaci\u00f3n Ambiental","datePublished":"2023-08-09T10:49:06+00:00","mainEntityOfPage":{"@id":"http:\/\/www.radiohorizonte.fm\/radio\/2023\/08\/09\/presentaron-el-programa-provincial-de-educacion-ambiental\/"},"wordCount":1043,"publisher":{"@id":"http:\/\/www.radiohorizonte.fm\/radio\/#organization"},"image":{"@id":"http:\/\/www.radiohorizonte.fm\/radio\/2023\/08\/09\/presentaron-el-programa-provincial-de-educacion-ambiental\/#primaryimage"},"thumbnailUrl":"http:\/\/www.radiohorizonte.fm\/radio\/wp-content\/uploads\/2023\/08\/363408107_680022704168892_4846031577949803180_n.jpg","articleSection":["Noticias"],"inLanguage":"es-AR"},{"@type":"WebPage","@id":"http:\/\/www.radiohorizonte.fm\/radio\/2023\/08\/09\/presentaron-el-programa-provincial-de-educacion-ambiental\/","url":"http:\/\/www.radiohorizonte.fm\/radio\/2023\/08\/09\/presentaron-el-programa-provincial-de-educacion-ambiental\/","name":"Presentaron el Programa Provincial de Educaci\u00f3n Ambiental - Horizonte","isPartOf":{"@id":"http:\/\/www.radiohorizonte.fm\/radio\/#website"},"primaryImageOfPage":{"@id":"http:\/\/www.radiohorizonte.fm\/radio\/2023\/08\/09\/presentaron-el-programa-provincial-de-educacion-ambiental\/#primaryimage"},"image":{"@id":"http:\/\/www.radiohorizonte.fm\/radio\/2023\/08\/09\/presentaron-el-programa-provincial-de-educacion-ambiental\/#primaryimage"},"thumbnailUrl":"http:\/\/www.radiohorizonte.fm\/radio\/wp-content\/uploads\/2023\/08\/363408107_680022704168892_4846031577949803180_n.jpg","datePublished":"2023-08-09T10:49:06+00:00","breadcrumb":{"@id":"http:\/\/www.radiohorizonte.fm\/radio\/2023\/08\/09\/presentaron-el-programa-provincial-de-educacion-ambiental\/#breadcrumb"},"inLanguage":"es-AR","potentialAction":[{"@type":"ReadAction","target":["http:\/\/www.radiohorizonte.fm\/radio\/2023\/08\/09\/presentaron-el-programa-provincial-de-educacion-ambiental\/"]}]},{"@type":"ImageObject","inLanguage":"es-AR","@id":"http:\/\/www.radiohorizonte.fm\/radio\/2023\/08\/09\/presentaron-el-programa-provincial-de-educacion-ambiental\/#primaryimage","url":"http:\/\/www.radiohorizonte.fm\/radio\/wp-content\/uploads\/2023\/08\/363408107_680022704168892_4846031577949803180_n.jpg","contentUrl":"http:\/\/www.radiohorizonte.fm\/radio\/wp-content\/uploads\/2023\/08\/363408107_680022704168892_4846031577949803180_n.jpg","width":1200,"height":800},{"@type":"BreadcrumbList","@id":"http:\/\/www.radiohorizonte.fm\/radio\/2023\/08\/09\/presentaron-el-programa-provincial-de-educacion-ambiental\/#breadcrumb","itemListElement":[{"@type":"ListItem","position":1,"name":"Home","item":"http:\/\/www.radiohorizonte.fm\/radio\/"},{"@type":"ListItem","position":2,"name":"Presentaron el Programa Provincial de Educaci\u00f3n Ambiental"}]},{"@type":"WebSite","@id":"http:\/\/www.radiohorizonte.fm\/radio\/#website","url":"http:\/\/www.radiohorizonte.fm\/radio\/","name":"Horizonte","description":"Radio Horizonte 106.1 - Una radio de clasicos","publisher":{"@id":"http:\/\/www.radiohorizonte.fm\/radio\/#organization"},"potentialAction":[{"@type":"SearchAction","target":{"@type":"EntryPoint","urlTemplate":"http:\/\/www.radiohorizonte.fm\/radio\/?s={search_term_string}"},"query-input":{"@type":"PropertyValueSpecification","valueRequired":true,"valueName":"search_term_string"}}],"inLanguage":"es-AR"},{"@type":"Organization","@id":"http:\/\/www.radiohorizonte.fm\/radio\/#organization","name":"Horizonte","url":"http:\/\/www.radiohorizonte.fm\/radio\/","logo":{"@type":"ImageObject","inLanguage":"es-AR","@id":"http:\/\/www.radiohorizonte.fm\/radio\/#\/schema\/logo\/image\/","url":"http:\/\/www.radiohorizonte.fm\/radio\/wp-content\/uploads\/2025\/06\/Portada-FM-Horizonte_modelo-imagen-scaled.jpg","contentUrl":"http:\/\/www.radiohorizonte.fm\/radio\/wp-content\/uploads\/2025\/06\/Portada-FM-Horizonte_modelo-imagen-scaled.jpg","width":2560,"height":1056,"caption":"Horizonte"},"image":{"@id":"http:\/\/www.radiohorizonte.fm\/radio\/#\/schema\/logo\/image\/"},"sameAs":["http:\/\/www.facebook.com\/HORIZONTE106.1","https:\/\/x.com\/fmhorizonte1061"]},{"@type":"Person","@id":"http:\/\/www.radiohorizonte.fm\/radio\/#\/schema\/person\/f8fa003a405bb86729fd87d15d0ddafa","name":"Cristian Galarza","image":{"@type":"ImageObject","inLanguage":"es-AR","@id":"https:\/\/secure.gravatar.com\/avatar\/fad34bc2c773209c05d7d53b08a69b680eeb55f3be014e52b31643d20ab65925?s=96&d=mm&r=g","url":"https:\/\/secure.gravatar.com\/avatar\/fad34bc2c773209c05d7d53b08a69b680eeb55f3be014e52b31643d20ab65925?s=96&d=mm&r=g","contentUrl":"https:\/\/secure.gravatar.com\/avatar\/fad34bc2c773209c05d7d53b08a69b680eeb55f3be014e52b31643d20ab65925?s=96&d=mm&r=g","caption":"Cristian Galarza"},"url":"http:\/\/www.radiohorizonte.fm\/radio\/author\/cristian\/"}]}},"_links":{"self":[{"href":"http:\/\/www.radiohorizonte.fm\/radio\/wp-json\/wp\/v2\/posts\/41692","targetHints":{"allow":["GET"]}}],"collection":[{"href":"http:\/\/www.radiohorizonte.fm\/radio\/wp-json\/wp\/v2\/posts"}],"about":[{"href":"http:\/\/www.radiohorizonte.fm\/radio\/wp-json\/wp\/v2\/types\/post"}],"author":[{"embeddable":true,"href":"http:\/\/www.radiohorizonte.fm\/radio\/wp-json\/wp\/v2\/users\/2"}],"replies":[{"embeddable":true,"href":"http:\/\/www.radiohorizonte.fm\/radio\/wp-json\/wp\/v2\/comments?post=41692"}],"version-history":[{"count":1,"href":"http:\/\/www.radiohorizonte.fm\/radio\/wp-json\/wp\/v2\/posts\/41692\/revisions"}],"predecessor-version":[{"id":41695,"href":"http:\/\/www.radiohorizonte.fm\/radio\/wp-json\/wp\/v2\/posts\/41692\/revisions\/41695"}],"wp:featuredmedia":[{"embeddable":true,"href":"http:\/\/www.radiohorizonte.fm\/radio\/wp-json\/wp\/v2\/media\/41693"}],"wp:attachment":[{"href":"http:\/\/www.radiohorizonte.fm\/radio\/wp-json\/wp\/v2\/media?parent=41692"}],"wp:term":[{"taxonomy":"category","embeddable":true,"href":"http:\/\/www.radiohorizonte.fm\/radio\/wp-json\/wp\/v2\/categories?post=41692"},{"taxonomy":"post_tag","embeddable":true,"href":"http:\/\/www.radiohorizonte.fm\/radio\/wp-json\/wp\/v2\/tags?post=41692"}],"curies":[{"name":"wp","href":"https:\/\/api.w.org\/{rel}","templated":true}]}}