{"id":41698,"date":"2023-08-09T11:22:22","date_gmt":"2023-08-09T14:22:22","guid":{"rendered":"http:\/\/www.radiohorizonte.fm\/radio\/?p=41698"},"modified":"2023-08-09T11:22:22","modified_gmt":"2023-08-09T14:22:22","slug":"en-2024-zarpara-el-crucero-mas-grande-del-mundo-que-quintuplica-el-tamano-del-titanic","status":"publish","type":"post","link":"http:\/\/www.radiohorizonte.fm\/radio\/2023\/08\/09\/en-2024-zarpara-el-crucero-mas-grande-del-mundo-que-quintuplica-el-tamano-del-titanic\/","title":{"rendered":"En 2024 zarpar\u00e1 el crucero m\u00e1s grande del mundo, que quintuplica el tama\u00f1o del Titanic"},"content":{"rendered":"<div class=\"wrapper-header\">\n<div class=\"container-xl\">\n<div class=\"row\">\n<div class=\"col-12\">\n<div class=\"head-content mb-4\">\n<p class=\"speak\">El &#8220;Icon of the Seas&#8221; tiene capacidad para casi 10.000 personas. Cuenta con 20 cubiertas, siete piscinas, un parque, toboganes de agua, paseos comerciales y pista de patinaje sobre hielo.<\/p>\n<p><img loading=\"lazy\" decoding=\"async\" class=\"alignnone size-full wp-image-41699\" src=\"http:\/\/www.radiohorizonte.fm\/radio\/wp-content\/uploads\/2023\/08\/64d379447c37f_1200.jpg\" alt=\"\" width=\"1200\" height=\"675\" srcset=\"http:\/\/www.radiohorizonte.fm\/radio\/wp-content\/uploads\/2023\/08\/64d379447c37f_1200.jpg 1200w, http:\/\/www.radiohorizonte.fm\/radio\/wp-content\/uploads\/2023\/08\/64d379447c37f_1200-300x169.jpg 300w, http:\/\/www.radiohorizonte.fm\/radio\/wp-content\/uploads\/2023\/08\/64d379447c37f_1200-768x432.jpg 768w, http:\/\/www.radiohorizonte.fm\/radio\/wp-content\/uploads\/2023\/08\/64d379447c37f_1200-1024x576.jpg 1024w, http:\/\/www.radiohorizonte.fm\/radio\/wp-content\/uploads\/2023\/08\/64d379447c37f_1200-65x37.jpg 65w, http:\/\/www.radiohorizonte.fm\/radio\/wp-content\/uploads\/2023\/08\/64d379447c37f_1200-320x180.jpg 320w, http:\/\/www.radiohorizonte.fm\/radio\/wp-content\/uploads\/2023\/08\/64d379447c37f_1200-85x48.jpg 85w, http:\/\/www.radiohorizonte.fm\/radio\/wp-content\/uploads\/2023\/08\/64d379447c37f_1200-220x125.jpg 220w, http:\/\/www.radiohorizonte.fm\/radio\/wp-content\/uploads\/2023\/08\/64d379447c37f_1200-90x51.jpg 90w\" sizes=\"auto, (max-width: 1200px) 100vw, 1200px\" \/><\/p>\n<\/div>\n<\/div>\n<\/div>\n<\/div>\n<\/div>\n<div class=\"wrapper-editable-content\">\u00a0Un\u00a0<strong>astillero finland\u00e9s<\/strong>\u00a0est\u00e1 dando los \u00faltimos retoques al\u00a0<strong>&#8220;Icon of the Seas&#8221; (Icono de los Mares)<\/strong>, el crucero m\u00e1s grande del mundo, antes de su\u00a0<strong>primer viaje programado para enero de 2024<\/strong>, en pleno repunte del sector tras la pandemia de coronavirus.<\/p>\n<p>M\u00e1s parecido a una peque\u00f1a ciudad que a un barco, el buque encargado por Royal Caribbean cuenta con m\u00faltiples parques acu\u00e1ticos y m\u00e1s de 20 cubiertas.\u00a0<strong>Cinco veces m\u00e1s grande que el Titanic<\/strong>, tiene capacidad\u00a0<strong>para casi 10.000 personas<\/strong>, report\u00f3 la agencia de noticias AFP.<\/p>\n<p>&#8220;Este barco es actualmente, que sepamos, el crucero m\u00e1s grande del mundo&#8221;, declar\u00f3 Tim Meyer, director general del astillero Meyer Turku, encargado de su construcci\u00f3n en la costa suroeste de Finlandia.<\/p><\/div>\n<div><\/div>\n<div>Mientras que algunos califican la colosal estructura como una &#8220;monstruosidad&#8221;, citando su enorme huella clim\u00e1tica, otros admiran su sofisticada ingenier\u00eda y acuden en masa para comprar boletos.<\/p>\n<p>Una particularidad del nuevo barco, cuya construcci\u00f3n comenz\u00f3 en 2021, es su\u00a0<strong>gigantesca c\u00fapula de cristal<\/strong>\u00a0que cubre la proa.<\/p>\n<p>El sector de los cruceros se est\u00e1 recuperando tras el duro golpe de la pandemia de Covid-19.<\/p>\n<p>Seg\u00fan la Asociaci\u00f3n Internacional de L\u00edneas de Cruceros (Cruise Lines International Association, CLIA) el volumen de pasajeros superar\u00e1 los niveles previos a la pandemia en 2023, hasta los 31,5 millones de pasajeros.<\/p>\n<figure class=\"mb-3\"><img decoding=\"async\" class=\" lazy \" src=\"https:\/\/www.telam.com.ar\/thumbs\/bluesteel\/advf\/imagenes\/2023\/08\/64d379446f42f_1200.jpg\" alt=\"El barco tiene una gigantesca cpula de cristal que cubre la proa Foto Prensa\" width=\"100%\" height=\"100%\" \/><\/p>\n<div class=\"media-icons\"><\/div><figcaption>El barco tiene una gigantesca c\u00fapula de cristal que cubre la proa. Foto: Prensa.<\/figcaption><\/figure>\n<p>&#8220;Una vez que se levanten las restricciones y la situaci\u00f3n se calme, veremos que el mercado se recuperar\u00e1 con fuerza&#8221;, augur\u00f3 Meyer.<\/p>\n<p>Meyer Turku tambi\u00e9n tiene otros dos buques de tama\u00f1o similar en su libro de pedidos.<\/p>\n<p>&#8220;Los cruceros se han vuelto m\u00e1s grandes en la \u00faltima d\u00e9cada&#8221;, explica Alexis Papathanassis, profesor de gesti\u00f3n de cruceros en la Universidad de Ciencias Aplicadas de Bremerhaven, Alemania.<\/p>\n<p>Seg\u00fan el especialista, &#8220;hay beneficios econ\u00f3micos obvios&#8221; para los barcos de gran tama\u00f1o, ya que reducen el costo que representa cada pasajero haciendo econom\u00edas de escala.<\/p>\n<figure class=\"mb-3\"><img decoding=\"async\" class=\" lazy \" src=\"https:\/\/www.telam.com.ar\/thumbs\/bluesteel\/advf\/imagenes\/2023\/08\/64d3794456b4d_1200.jpg\" alt=\"Foto Prensa\" width=\"100%\" height=\"100%\" \/><\/p>\n<div class=\"media-icons\"><\/div><figcaption>Foto: Prensa.<\/figcaption><\/figure>\n<p>Con sus siete piscinas, un parque, toboganes de agua, paseos comerciales, pista de patinaje sobre hielo y &#8220;m\u00e1s lugares que cualquier otro barco&#8221;, el &#8220;Icono de los Mares&#8221; tambi\u00e9n ofrece m\u00e1s lugares para gastar dinero a bordo.<\/p>\n<p>Esto &#8220;a su vez permite que las compa\u00f1\u00edas de cruceros sean m\u00e1s rentables&#8221;, agreg\u00f3.<\/p>\n<p>Esta es una buena noticia para los cruceros, que para sobrevivir al confinamiento casi mundial por el coronavirus tuvieron que endeudarse.<\/p>\n<p>El aumento de la talla de los barcos continuar\u00e1, predice Papathanassis, pero a un ritmo m\u00e1s lento dado el contexto econ\u00f3mico.<\/p>\n<figure class=\"mb-3\"><img decoding=\"async\" class=\" lazy \" src=\"https:\/\/www.telam.com.ar\/thumbs\/bluesteel\/advf\/imagenes\/2023\/08\/64d3794431465_1200.jpg\" alt=\"Foto Prensa\" width=\"100%\" height=\"100%\" \/><\/p>\n<div class=\"media-icons\"><\/div><figcaption>Foto: Prensa.<\/figcaption><\/figure>\n<\/div>\n","protected":false},"excerpt":{"rendered":"<div class=\"post-excerpt\"><p>El &#8220;Icon of the Seas&#8221; tiene capacidad para casi 10.000 personas. Cuenta con 20 cubiertas, siete piscinas, un parque, toboganes de agua, paseos comerciales y pista de patinaje sobre hielo. \u00a0Un\u00a0astillero finland\u00e9s\u00a0est\u00e1 dando los \u00faltimos retoques al\u00a0&#8220;Icon of the Seas&#8221; (Icono de los Mares), el crucero m\u00e1s grande del mundo, antes de su\u00a0primer viaje programado<\/p>\n<\/div>","protected":false},"author":2,"featured_media":41699,"comment_status":"closed","ping_status":"closed","sticky":false,"template":"","format":"standard","meta":{"_acf_changed":false,"footnotes":""},"categories":[2],"tags":[],"class_list":["post-41698","post","type-post","status-publish","format-standard","has-post-thumbnail","hentry","category-noticias"],"acf":[],"yoast_head":"<!-- This site is optimized with the Yoast SEO plugin v28.1 - https:\/\/yoast.com\/product\/yoast-seo-wordpress\/ -->\n<title>En 2024 zarpar\u00e1 el crucero m\u00e1s grande del mundo, que quintuplica el tama\u00f1o del Titanic - Horizonte<\/title>\n<meta name=\"robots\" content=\"index, follow, max-snippet:-1, max-image-preview:large, max-video-preview:-1\" \/>\n<link rel=\"canonical\" href=\"http:\/\/www.radiohorizonte.fm\/radio\/2023\/08\/09\/en-2024-zarpara-el-crucero-mas-grande-del-mundo-que-quintuplica-el-tamano-del-titanic\/\" \/>\n<meta property=\"og:locale\" content=\"es_ES\" \/>\n<meta property=\"og:type\" content=\"article\" \/>\n<meta property=\"og:title\" content=\"En 2024 zarpar\u00e1 el crucero m\u00e1s grande del mundo, que quintuplica el tama\u00f1o del Titanic - Horizonte\" \/>\n<meta property=\"og:description\" content=\"El &#8220;Icon of the Seas&#8221; tiene capacidad para casi 10.000 personas. Cuenta con 20 cubiertas, siete piscinas, un parque, toboganes de agua, paseos comerciales y pista de patinaje sobre hielo. \u00a0Un\u00a0astillero finland\u00e9s\u00a0est\u00e1 dando los \u00faltimos retoques al\u00a0&#8220;Icon of the Seas&#8221; (Icono de los Mares), el crucero m\u00e1s grande del mundo, antes de su\u00a0primer viaje programado\" \/>\n<meta property=\"og:url\" content=\"http:\/\/www.radiohorizonte.fm\/radio\/2023\/08\/09\/en-2024-zarpara-el-crucero-mas-grande-del-mundo-que-quintuplica-el-tamano-del-titanic\/\" \/>\n<meta property=\"og:site_name\" content=\"Horizonte\" \/>\n<meta property=\"article:publisher\" content=\"http:\/\/www.facebook.com\/HORIZONTE106.1\" \/>\n<meta property=\"article:published_time\" content=\"2023-08-09T14:22:22+00:00\" \/>\n<meta property=\"og:image\" content=\"http:\/\/www.radiohorizonte.fm\/radio\/wp-content\/uploads\/2023\/08\/64d379447c37f_1200.jpg\" \/>\n\t<meta property=\"og:image:width\" content=\"1200\" \/>\n\t<meta property=\"og:image:height\" content=\"675\" \/>\n\t<meta property=\"og:image:type\" content=\"image\/jpeg\" \/>\n<meta name=\"author\" content=\"Cristian Galarza\" \/>\n<meta name=\"twitter:card\" content=\"summary_large_image\" \/>\n<meta name=\"twitter:creator\" content=\"@fmhorizonte1061\" \/>\n<meta name=\"twitter:site\" content=\"@fmhorizonte1061\" \/>\n<meta name=\"twitter:label1\" content=\"Escrito por\" \/>\n\t<meta name=\"twitter:data1\" content=\"Cristian Galarza\" \/>\n\t<meta name=\"twitter:label2\" content=\"Tiempo de lectura\" \/>\n\t<meta name=\"twitter:data2\" content=\"2 minutos\" \/>\n<script type=\"application\/ld+json\" class=\"yoast-schema-graph\">{\"@context\":\"https:\\\/\\\/schema.org\",\"@graph\":[{\"@type\":\"Article\",\"@id\":\"http:\\\/\\\/www.radiohorizonte.fm\\\/radio\\\/2023\\\/08\\\/09\\\/en-2024-zarpara-el-crucero-mas-grande-del-mundo-que-quintuplica-el-tamano-del-titanic\\\/#article\",\"isPartOf\":{\"@id\":\"http:\\\/\\\/www.radiohorizonte.fm\\\/radio\\\/2023\\\/08\\\/09\\\/en-2024-zarpara-el-crucero-mas-grande-del-mundo-que-quintuplica-el-tamano-del-titanic\\\/\"},\"author\":{\"name\":\"Cristian Galarza\",\"@id\":\"http:\\\/\\\/www.radiohorizonte.fm\\\/radio\\\/#\\\/schema\\\/person\\\/f8fa003a405bb86729fd87d15d0ddafa\"},\"headline\":\"En 2024 zarpar\u00e1 el crucero m\u00e1s grande del mundo, que quintuplica el tama\u00f1o del Titanic\",\"datePublished\":\"2023-08-09T14:22:22+00:00\",\"mainEntityOfPage\":{\"@id\":\"http:\\\/\\\/www.radiohorizonte.fm\\\/radio\\\/2023\\\/08\\\/09\\\/en-2024-zarpara-el-crucero-mas-grande-del-mundo-que-quintuplica-el-tamano-del-titanic\\\/\"},\"wordCount\":490,\"publisher\":{\"@id\":\"http:\\\/\\\/www.radiohorizonte.fm\\\/radio\\\/#organization\"},\"image\":{\"@id\":\"http:\\\/\\\/www.radiohorizonte.fm\\\/radio\\\/2023\\\/08\\\/09\\\/en-2024-zarpara-el-crucero-mas-grande-del-mundo-que-quintuplica-el-tamano-del-titanic\\\/#primaryimage\"},\"thumbnailUrl\":\"http:\\\/\\\/www.radiohorizonte.fm\\\/radio\\\/wp-content\\\/uploads\\\/2023\\\/08\\\/64d379447c37f_1200.jpg\",\"articleSection\":[\"Noticias\"],\"inLanguage\":\"es-AR\"},{\"@type\":\"WebPage\",\"@id\":\"http:\\\/\\\/www.radiohorizonte.fm\\\/radio\\\/2023\\\/08\\\/09\\\/en-2024-zarpara-el-crucero-mas-grande-del-mundo-que-quintuplica-el-tamano-del-titanic\\\/\",\"url\":\"http:\\\/\\\/www.radiohorizonte.fm\\\/radio\\\/2023\\\/08\\\/09\\\/en-2024-zarpara-el-crucero-mas-grande-del-mundo-que-quintuplica-el-tamano-del-titanic\\\/\",\"name\":\"En 2024 zarpar\u00e1 el crucero m\u00e1s grande del mundo, que quintuplica el tama\u00f1o del Titanic - Horizonte\",\"isPartOf\":{\"@id\":\"http:\\\/\\\/www.radiohorizonte.fm\\\/radio\\\/#website\"},\"primaryImageOfPage\":{\"@id\":\"http:\\\/\\\/www.radiohorizonte.fm\\\/radio\\\/2023\\\/08\\\/09\\\/en-2024-zarpara-el-crucero-mas-grande-del-mundo-que-quintuplica-el-tamano-del-titanic\\\/#primaryimage\"},\"image\":{\"@id\":\"http:\\\/\\\/www.radiohorizonte.fm\\\/radio\\\/2023\\\/08\\\/09\\\/en-2024-zarpara-el-crucero-mas-grande-del-mundo-que-quintuplica-el-tamano-del-titanic\\\/#primaryimage\"},\"thumbnailUrl\":\"http:\\\/\\\/www.radiohorizonte.fm\\\/radio\\\/wp-content\\\/uploads\\\/2023\\\/08\\\/64d379447c37f_1200.jpg\",\"datePublished\":\"2023-08-09T14:22:22+00:00\",\"breadcrumb\":{\"@id\":\"http:\\\/\\\/www.radiohorizonte.fm\\\/radio\\\/2023\\\/08\\\/09\\\/en-2024-zarpara-el-crucero-mas-grande-del-mundo-que-quintuplica-el-tamano-del-titanic\\\/#breadcrumb\"},\"inLanguage\":\"es-AR\",\"potentialAction\":[{\"@type\":\"ReadAction\",\"target\":[\"http:\\\/\\\/www.radiohorizonte.fm\\\/radio\\\/2023\\\/08\\\/09\\\/en-2024-zarpara-el-crucero-mas-grande-del-mundo-que-quintuplica-el-tamano-del-titanic\\\/\"]}]},{\"@type\":\"ImageObject\",\"inLanguage\":\"es-AR\",\"@id\":\"http:\\\/\\\/www.radiohorizonte.fm\\\/radio\\\/2023\\\/08\\\/09\\\/en-2024-zarpara-el-crucero-mas-grande-del-mundo-que-quintuplica-el-tamano-del-titanic\\\/#primaryimage\",\"url\":\"http:\\\/\\\/www.radiohorizonte.fm\\\/radio\\\/wp-content\\\/uploads\\\/2023\\\/08\\\/64d379447c37f_1200.jpg\",\"contentUrl\":\"http:\\\/\\\/www.radiohorizonte.fm\\\/radio\\\/wp-content\\\/uploads\\\/2023\\\/08\\\/64d379447c37f_1200.jpg\",\"width\":1200,\"height\":675},{\"@type\":\"BreadcrumbList\",\"@id\":\"http:\\\/\\\/www.radiohorizonte.fm\\\/radio\\\/2023\\\/08\\\/09\\\/en-2024-zarpara-el-crucero-mas-grande-del-mundo-que-quintuplica-el-tamano-del-titanic\\\/#breadcrumb\",\"itemListElement\":[{\"@type\":\"ListItem\",\"position\":1,\"name\":\"Home\",\"item\":\"http:\\\/\\\/www.radiohorizonte.fm\\\/radio\\\/\"},{\"@type\":\"ListItem\",\"position\":2,\"name\":\"En 2024 zarpar\u00e1 el crucero m\u00e1s grande del mundo, que quintuplica el tama\u00f1o del Titanic\"}]},{\"@type\":\"WebSite\",\"@id\":\"http:\\\/\\\/www.radiohorizonte.fm\\\/radio\\\/#website\",\"url\":\"http:\\\/\\\/www.radiohorizonte.fm\\\/radio\\\/\",\"name\":\"Horizonte\",\"description\":\"Radio Horizonte 106.1 - Una radio de clasicos\",\"publisher\":{\"@id\":\"http:\\\/\\\/www.radiohorizonte.fm\\\/radio\\\/#organization\"},\"potentialAction\":[{\"@type\":\"SearchAction\",\"target\":{\"@type\":\"EntryPoint\",\"urlTemplate\":\"http:\\\/\\\/www.radiohorizonte.fm\\\/radio\\\/?s={search_term_string}\"},\"query-input\":{\"@type\":\"PropertyValueSpecification\",\"valueRequired\":true,\"valueName\":\"search_term_string\"}}],\"inLanguage\":\"es-AR\"},{\"@type\":\"Organization\",\"@id\":\"http:\\\/\\\/www.radiohorizonte.fm\\\/radio\\\/#organization\",\"name\":\"Horizonte\",\"url\":\"http:\\\/\\\/www.radiohorizonte.fm\\\/radio\\\/\",\"logo\":{\"@type\":\"ImageObject\",\"inLanguage\":\"es-AR\",\"@id\":\"http:\\\/\\\/www.radiohorizonte.fm\\\/radio\\\/#\\\/schema\\\/logo\\\/image\\\/\",\"url\":\"http:\\\/\\\/www.radiohorizonte.fm\\\/radio\\\/wp-content\\\/uploads\\\/2025\\\/06\\\/Portada-FM-Horizonte_modelo-imagen-scaled.jpg\",\"contentUrl\":\"http:\\\/\\\/www.radiohorizonte.fm\\\/radio\\\/wp-content\\\/uploads\\\/2025\\\/06\\\/Portada-FM-Horizonte_modelo-imagen-scaled.jpg\",\"width\":2560,\"height\":1056,\"caption\":\"Horizonte\"},\"image\":{\"@id\":\"http:\\\/\\\/www.radiohorizonte.fm\\\/radio\\\/#\\\/schema\\\/logo\\\/image\\\/\"},\"sameAs\":[\"http:\\\/\\\/www.facebook.com\\\/HORIZONTE106.1\",\"https:\\\/\\\/x.com\\\/fmhorizonte1061\"]},{\"@type\":\"Person\",\"@id\":\"http:\\\/\\\/www.radiohorizonte.fm\\\/radio\\\/#\\\/schema\\\/person\\\/f8fa003a405bb86729fd87d15d0ddafa\",\"name\":\"Cristian Galarza\",\"image\":{\"@type\":\"ImageObject\",\"inLanguage\":\"es-AR\",\"@id\":\"https:\\\/\\\/secure.gravatar.com\\\/avatar\\\/fad34bc2c773209c05d7d53b08a69b680eeb55f3be014e52b31643d20ab65925?s=96&d=mm&r=g\",\"url\":\"https:\\\/\\\/secure.gravatar.com\\\/avatar\\\/fad34bc2c773209c05d7d53b08a69b680eeb55f3be014e52b31643d20ab65925?s=96&d=mm&r=g\",\"contentUrl\":\"https:\\\/\\\/secure.gravatar.com\\\/avatar\\\/fad34bc2c773209c05d7d53b08a69b680eeb55f3be014e52b31643d20ab65925?s=96&d=mm&r=g\",\"caption\":\"Cristian Galarza\"},\"url\":\"http:\\\/\\\/www.radiohorizonte.fm\\\/radio\\\/author\\\/cristian\\\/\"}]}<\/script>\n<!-- \/ Yoast SEO plugin. -->","yoast_head_json":{"title":"En 2024 zarpar\u00e1 el crucero m\u00e1s grande del mundo, que quintuplica el tama\u00f1o del Titanic - Horizonte","robots":{"index":"index","follow":"follow","max-snippet":"max-snippet:-1","max-image-preview":"max-image-preview:large","max-video-preview":"max-video-preview:-1"},"canonical":"http:\/\/www.radiohorizonte.fm\/radio\/2023\/08\/09\/en-2024-zarpara-el-crucero-mas-grande-del-mundo-que-quintuplica-el-tamano-del-titanic\/","og_locale":"es_ES","og_type":"article","og_title":"En 2024 zarpar\u00e1 el crucero m\u00e1s grande del mundo, que quintuplica el tama\u00f1o del Titanic - Horizonte","og_description":"El &#8220;Icon of the Seas&#8221; tiene capacidad para casi 10.000 personas. Cuenta con 20 cubiertas, siete piscinas, un parque, toboganes de agua, paseos comerciales y pista de patinaje sobre hielo. \u00a0Un\u00a0astillero finland\u00e9s\u00a0est\u00e1 dando los \u00faltimos retoques al\u00a0&#8220;Icon of the Seas&#8221; (Icono de los Mares), el crucero m\u00e1s grande del mundo, antes de su\u00a0primer viaje programado","og_url":"http:\/\/www.radiohorizonte.fm\/radio\/2023\/08\/09\/en-2024-zarpara-el-crucero-mas-grande-del-mundo-que-quintuplica-el-tamano-del-titanic\/","og_site_name":"Horizonte","article_publisher":"http:\/\/www.facebook.com\/HORIZONTE106.1","article_published_time":"2023-08-09T14:22:22+00:00","og_image":[{"width":1200,"height":675,"url":"http:\/\/www.radiohorizonte.fm\/radio\/wp-content\/uploads\/2023\/08\/64d379447c37f_1200.jpg","type":"image\/jpeg"}],"author":"Cristian Galarza","twitter_card":"summary_large_image","twitter_creator":"@fmhorizonte1061","twitter_site":"@fmhorizonte1061","twitter_misc":{"Escrito por":"Cristian Galarza","Tiempo de lectura":"2 minutos"},"schema":{"@context":"https:\/\/schema.org","@graph":[{"@type":"Article","@id":"http:\/\/www.radiohorizonte.fm\/radio\/2023\/08\/09\/en-2024-zarpara-el-crucero-mas-grande-del-mundo-que-quintuplica-el-tamano-del-titanic\/#article","isPartOf":{"@id":"http:\/\/www.radiohorizonte.fm\/radio\/2023\/08\/09\/en-2024-zarpara-el-crucero-mas-grande-del-mundo-que-quintuplica-el-tamano-del-titanic\/"},"author":{"name":"Cristian Galarza","@id":"http:\/\/www.radiohorizonte.fm\/radio\/#\/schema\/person\/f8fa003a405bb86729fd87d15d0ddafa"},"headline":"En 2024 zarpar\u00e1 el crucero m\u00e1s grande del mundo, que quintuplica el tama\u00f1o del Titanic","datePublished":"2023-08-09T14:22:22+00:00","mainEntityOfPage":{"@id":"http:\/\/www.radiohorizonte.fm\/radio\/2023\/08\/09\/en-2024-zarpara-el-crucero-mas-grande-del-mundo-que-quintuplica-el-tamano-del-titanic\/"},"wordCount":490,"publisher":{"@id":"http:\/\/www.radiohorizonte.fm\/radio\/#organization"},"image":{"@id":"http:\/\/www.radiohorizonte.fm\/radio\/2023\/08\/09\/en-2024-zarpara-el-crucero-mas-grande-del-mundo-que-quintuplica-el-tamano-del-titanic\/#primaryimage"},"thumbnailUrl":"http:\/\/www.radiohorizonte.fm\/radio\/wp-content\/uploads\/2023\/08\/64d379447c37f_1200.jpg","articleSection":["Noticias"],"inLanguage":"es-AR"},{"@type":"WebPage","@id":"http:\/\/www.radiohorizonte.fm\/radio\/2023\/08\/09\/en-2024-zarpara-el-crucero-mas-grande-del-mundo-que-quintuplica-el-tamano-del-titanic\/","url":"http:\/\/www.radiohorizonte.fm\/radio\/2023\/08\/09\/en-2024-zarpara-el-crucero-mas-grande-del-mundo-que-quintuplica-el-tamano-del-titanic\/","name":"En 2024 zarpar\u00e1 el crucero m\u00e1s grande del mundo, que quintuplica el tama\u00f1o del Titanic - Horizonte","isPartOf":{"@id":"http:\/\/www.radiohorizonte.fm\/radio\/#website"},"primaryImageOfPage":{"@id":"http:\/\/www.radiohorizonte.fm\/radio\/2023\/08\/09\/en-2024-zarpara-el-crucero-mas-grande-del-mundo-que-quintuplica-el-tamano-del-titanic\/#primaryimage"},"image":{"@id":"http:\/\/www.radiohorizonte.fm\/radio\/2023\/08\/09\/en-2024-zarpara-el-crucero-mas-grande-del-mundo-que-quintuplica-el-tamano-del-titanic\/#primaryimage"},"thumbnailUrl":"http:\/\/www.radiohorizonte.fm\/radio\/wp-content\/uploads\/2023\/08\/64d379447c37f_1200.jpg","datePublished":"2023-08-09T14:22:22+00:00","breadcrumb":{"@id":"http:\/\/www.radiohorizonte.fm\/radio\/2023\/08\/09\/en-2024-zarpara-el-crucero-mas-grande-del-mundo-que-quintuplica-el-tamano-del-titanic\/#breadcrumb"},"inLanguage":"es-AR","potentialAction":[{"@type":"ReadAction","target":["http:\/\/www.radiohorizonte.fm\/radio\/2023\/08\/09\/en-2024-zarpara-el-crucero-mas-grande-del-mundo-que-quintuplica-el-tamano-del-titanic\/"]}]},{"@type":"ImageObject","inLanguage":"es-AR","@id":"http:\/\/www.radiohorizonte.fm\/radio\/2023\/08\/09\/en-2024-zarpara-el-crucero-mas-grande-del-mundo-que-quintuplica-el-tamano-del-titanic\/#primaryimage","url":"http:\/\/www.radiohorizonte.fm\/radio\/wp-content\/uploads\/2023\/08\/64d379447c37f_1200.jpg","contentUrl":"http:\/\/www.radiohorizonte.fm\/radio\/wp-content\/uploads\/2023\/08\/64d379447c37f_1200.jpg","width":1200,"height":675},{"@type":"BreadcrumbList","@id":"http:\/\/www.radiohorizonte.fm\/radio\/2023\/08\/09\/en-2024-zarpara-el-crucero-mas-grande-del-mundo-que-quintuplica-el-tamano-del-titanic\/#breadcrumb","itemListElement":[{"@type":"ListItem","position":1,"name":"Home","item":"http:\/\/www.radiohorizonte.fm\/radio\/"},{"@type":"ListItem","position":2,"name":"En 2024 zarpar\u00e1 el crucero m\u00e1s grande del mundo, que quintuplica el tama\u00f1o del Titanic"}]},{"@type":"WebSite","@id":"http:\/\/www.radiohorizonte.fm\/radio\/#website","url":"http:\/\/www.radiohorizonte.fm\/radio\/","name":"Horizonte","description":"Radio Horizonte 106.1 - Una radio de clasicos","publisher":{"@id":"http:\/\/www.radiohorizonte.fm\/radio\/#organization"},"potentialAction":[{"@type":"SearchAction","target":{"@type":"EntryPoint","urlTemplate":"http:\/\/www.radiohorizonte.fm\/radio\/?s={search_term_string}"},"query-input":{"@type":"PropertyValueSpecification","valueRequired":true,"valueName":"search_term_string"}}],"inLanguage":"es-AR"},{"@type":"Organization","@id":"http:\/\/www.radiohorizonte.fm\/radio\/#organization","name":"Horizonte","url":"http:\/\/www.radiohorizonte.fm\/radio\/","logo":{"@type":"ImageObject","inLanguage":"es-AR","@id":"http:\/\/www.radiohorizonte.fm\/radio\/#\/schema\/logo\/image\/","url":"http:\/\/www.radiohorizonte.fm\/radio\/wp-content\/uploads\/2025\/06\/Portada-FM-Horizonte_modelo-imagen-scaled.jpg","contentUrl":"http:\/\/www.radiohorizonte.fm\/radio\/wp-content\/uploads\/2025\/06\/Portada-FM-Horizonte_modelo-imagen-scaled.jpg","width":2560,"height":1056,"caption":"Horizonte"},"image":{"@id":"http:\/\/www.radiohorizonte.fm\/radio\/#\/schema\/logo\/image\/"},"sameAs":["http:\/\/www.facebook.com\/HORIZONTE106.1","https:\/\/x.com\/fmhorizonte1061"]},{"@type":"Person","@id":"http:\/\/www.radiohorizonte.fm\/radio\/#\/schema\/person\/f8fa003a405bb86729fd87d15d0ddafa","name":"Cristian Galarza","image":{"@type":"ImageObject","inLanguage":"es-AR","@id":"https:\/\/secure.gravatar.com\/avatar\/fad34bc2c773209c05d7d53b08a69b680eeb55f3be014e52b31643d20ab65925?s=96&d=mm&r=g","url":"https:\/\/secure.gravatar.com\/avatar\/fad34bc2c773209c05d7d53b08a69b680eeb55f3be014e52b31643d20ab65925?s=96&d=mm&r=g","contentUrl":"https:\/\/secure.gravatar.com\/avatar\/fad34bc2c773209c05d7d53b08a69b680eeb55f3be014e52b31643d20ab65925?s=96&d=mm&r=g","caption":"Cristian Galarza"},"url":"http:\/\/www.radiohorizonte.fm\/radio\/author\/cristian\/"}]}},"_links":{"self":[{"href":"http:\/\/www.radiohorizonte.fm\/radio\/wp-json\/wp\/v2\/posts\/41698","targetHints":{"allow":["GET"]}}],"collection":[{"href":"http:\/\/www.radiohorizonte.fm\/radio\/wp-json\/wp\/v2\/posts"}],"about":[{"href":"http:\/\/www.radiohorizonte.fm\/radio\/wp-json\/wp\/v2\/types\/post"}],"author":[{"embeddable":true,"href":"http:\/\/www.radiohorizonte.fm\/radio\/wp-json\/wp\/v2\/users\/2"}],"replies":[{"embeddable":true,"href":"http:\/\/www.radiohorizonte.fm\/radio\/wp-json\/wp\/v2\/comments?post=41698"}],"version-history":[{"count":1,"href":"http:\/\/www.radiohorizonte.fm\/radio\/wp-json\/wp\/v2\/posts\/41698\/revisions"}],"predecessor-version":[{"id":41700,"href":"http:\/\/www.radiohorizonte.fm\/radio\/wp-json\/wp\/v2\/posts\/41698\/revisions\/41700"}],"wp:featuredmedia":[{"embeddable":true,"href":"http:\/\/www.radiohorizonte.fm\/radio\/wp-json\/wp\/v2\/media\/41699"}],"wp:attachment":[{"href":"http:\/\/www.radiohorizonte.fm\/radio\/wp-json\/wp\/v2\/media?parent=41698"}],"wp:term":[{"taxonomy":"category","embeddable":true,"href":"http:\/\/www.radiohorizonte.fm\/radio\/wp-json\/wp\/v2\/categories?post=41698"},{"taxonomy":"post_tag","embeddable":true,"href":"http:\/\/www.radiohorizonte.fm\/radio\/wp-json\/wp\/v2\/tags?post=41698"}],"curies":[{"name":"wp","href":"https:\/\/api.w.org\/{rel}","templated":true}]}}