{"id":41719,"date":"2023-08-11T07:18:01","date_gmt":"2023-08-11T10:18:01","guid":{"rendered":"http:\/\/www.radiohorizonte.fm\/radio\/?p=41719"},"modified":"2023-08-11T07:18:01","modified_gmt":"2023-08-11T10:18:01","slug":"secuestraron-paquetes-de-hojas-de-coca-en-la-bajada-del-puente","status":"publish","type":"post","link":"http:\/\/www.radiohorizonte.fm\/radio\/2023\/08\/11\/secuestraron-paquetes-de-hojas-de-coca-en-la-bajada-del-puente\/","title":{"rendered":"Secuestraron paquetes de &#8220;hojas de coca&#8221; en la bajada del puente"},"content":{"rendered":"<p>En horas de la madrugada personal perteneciente a la Secci\u00f3n Seguridad &#8220;Puente General Belgrano&#8221;, dependiente del Escuadr\u00f3n 48 &#8220;Corrientes&#8221; de Gendarmer\u00eda Nacional, supervis\u00f3 un cami\u00f3n el cual result\u00f3 transportar hojas de coca.<\/p>\n<p><img loading=\"lazy\" decoding=\"async\" class=\"alignnone size-full wp-image-41720\" src=\"http:\/\/www.radiohorizonte.fm\/radio\/wp-content\/uploads\/2023\/08\/1313227w762h484c.jpg.jpg\" alt=\"\" width=\"762\" height=\"484\" srcset=\"http:\/\/www.radiohorizonte.fm\/radio\/wp-content\/uploads\/2023\/08\/1313227w762h484c.jpg.jpg 762w, http:\/\/www.radiohorizonte.fm\/radio\/wp-content\/uploads\/2023\/08\/1313227w762h484c.jpg-300x191.jpg 300w, http:\/\/www.radiohorizonte.fm\/radio\/wp-content\/uploads\/2023\/08\/1313227w762h484c.jpg-65x41.jpg 65w, http:\/\/www.radiohorizonte.fm\/radio\/wp-content\/uploads\/2023\/08\/1313227w762h484c.jpg-315x200.jpg 315w, http:\/\/www.radiohorizonte.fm\/radio\/wp-content\/uploads\/2023\/08\/1313227w762h484c.jpg-85x54.jpg 85w, http:\/\/www.radiohorizonte.fm\/radio\/wp-content\/uploads\/2023\/08\/1313227w762h484c.jpg-197x125.jpg 197w, http:\/\/www.radiohorizonte.fm\/radio\/wp-content\/uploads\/2023\/08\/1313227w762h484c.jpg-90x57.jpg 90w\" sizes=\"auto, (max-width: 762px) 100vw, 762px\" \/><\/p>\n<p>Los efectivos, ubicados en el kil\u00f3metro 0,5 de la Ruta Nacional N\u00ba16 en el Puente Interprovincial Chaco-Corrientes, sector com\u00fanmente conocido como &#8220;la bajada del puente&#8221;, detuvieron la marcha de un cami\u00f3n con semirremolque. Tras el control f\u00edsico y documentol\u00f3gico del rodado, los gendarmes constataron que en el interior de la cabina hab\u00eda una caja la cual el conductor no pudo contestar qu\u00e9 conten\u00eda.<\/p>\n<p>Tras solicitar que abriera el paquete encontraron 50 unidades individuales de bicarbonato de sodio, junto con tres paquetes de hojas de coca en estado natural. Ante esta situaci\u00f3n inspeccionaron minuciosamente sobre el pesado rodado en la parte del semirremolque. All\u00ed, en una de las cajas de carga met\u00e1licas adosado al mismo, los efectivos hallaron un total de 95 paquetes de hojas de coca en estado natural, cuyo pesaje alcanz\u00f3 los 23,750 kilogramos.<\/p>\n<div class=\"center medium m_image\">\n<figure><picture><source srcset=\"https:\/\/www.diarioepoca.com\/content\/bucket\/8\/1313228w380h368c.jpg.webp\" type=\"image\/webp\" media=\"(min-width: 640px)\" \/><source srcset=\"https:\/\/www.diarioepoca.com\/content\/bucket\/8\/1313228w440h426c.jpg.webp\" type=\"image\/webp\" media=\"(min-width: 300px)\" \/><source srcset=\"https:\/\/www.diarioepoca.com\/content\/bucket\/8\/1313228w380h368c.jpg\" media=\"(min-width: 300px)\" \/><img loading=\"lazy\" decoding=\"async\" class=\"pic\" src=\"https:\/\/www.diarioepoca.com\/content\/bucket\/8\/1313228w380h368c.jpg.webp\" alt=\"\" width=\"380\" height=\"368\" \/><\/picture><\/figure>\n<\/div>\n<p>Intervino el Juzgado Federal de Corrientes, cuyo titular dispuso el secuestro de las sustancias halladas, las cuales se encontraban en infracci\u00f3n a la Ley de &#8220;C\u00f3digo Aduanero&#8221;.<\/p>\n<p>Informaron que el aval\u00fao asciende a 360.312,50 pesos. Mientras que el chofer del cami\u00f3n, hombre mayor de edad, contin\u00faa en libertad pero supeditado a la causa.<\/p>\n","protected":false},"excerpt":{"rendered":"<div class=\"post-excerpt\"><p>En horas de la madrugada personal perteneciente a la Secci\u00f3n Seguridad &#8220;Puente General Belgrano&#8221;, dependiente del Escuadr\u00f3n 48 &#8220;Corrientes&#8221; de Gendarmer\u00eda Nacional, supervis\u00f3 un cami\u00f3n el cual result\u00f3 transportar hojas de coca. Los efectivos, ubicados en el kil\u00f3metro 0,5 de la Ruta Nacional N\u00ba16 en el Puente Interprovincial Chaco-Corrientes, sector com\u00fanmente conocido como &#8220;la bajada<\/p>\n<\/div>","protected":false},"author":2,"featured_media":41720,"comment_status":"closed","ping_status":"closed","sticky":false,"template":"","format":"standard","meta":{"_acf_changed":false,"footnotes":""},"categories":[2],"tags":[],"class_list":["post-41719","post","type-post","status-publish","format-standard","has-post-thumbnail","hentry","category-noticias"],"acf":[],"yoast_head":"<!-- This site is optimized with the Yoast SEO plugin v28.1 - https:\/\/yoast.com\/product\/yoast-seo-wordpress\/ -->\n<title>Secuestraron paquetes de &quot;hojas de coca&quot; en la bajada del puente - Horizonte<\/title>\n<meta name=\"robots\" content=\"index, follow, max-snippet:-1, max-image-preview:large, max-video-preview:-1\" \/>\n<link rel=\"canonical\" href=\"http:\/\/www.radiohorizonte.fm\/radio\/2023\/08\/11\/secuestraron-paquetes-de-hojas-de-coca-en-la-bajada-del-puente\/\" \/>\n<meta property=\"og:locale\" content=\"es_ES\" \/>\n<meta property=\"og:type\" content=\"article\" \/>\n<meta property=\"og:title\" content=\"Secuestraron paquetes de &quot;hojas de coca&quot; en la bajada del puente - Horizonte\" \/>\n<meta property=\"og:description\" content=\"En horas de la madrugada personal perteneciente a la Secci\u00f3n Seguridad &#8220;Puente General Belgrano&#8221;, dependiente del Escuadr\u00f3n 48 &#8220;Corrientes&#8221; de Gendarmer\u00eda Nacional, supervis\u00f3 un cami\u00f3n el cual result\u00f3 transportar hojas de coca. Los efectivos, ubicados en el kil\u00f3metro 0,5 de la Ruta Nacional N\u00ba16 en el Puente Interprovincial Chaco-Corrientes, sector com\u00fanmente conocido como &#8220;la bajada\" \/>\n<meta property=\"og:url\" content=\"http:\/\/www.radiohorizonte.fm\/radio\/2023\/08\/11\/secuestraron-paquetes-de-hojas-de-coca-en-la-bajada-del-puente\/\" \/>\n<meta property=\"og:site_name\" content=\"Horizonte\" \/>\n<meta property=\"article:publisher\" content=\"http:\/\/www.facebook.com\/HORIZONTE106.1\" \/>\n<meta property=\"article:published_time\" content=\"2023-08-11T10:18:01+00:00\" \/>\n<meta property=\"og:image\" content=\"http:\/\/www.radiohorizonte.fm\/radio\/wp-content\/uploads\/2023\/08\/1313227w762h484c.jpg.jpg\" \/>\n\t<meta property=\"og:image:width\" content=\"762\" \/>\n\t<meta property=\"og:image:height\" content=\"484\" \/>\n\t<meta property=\"og:image:type\" content=\"image\/jpeg\" \/>\n<meta name=\"author\" content=\"Cristian Galarza\" \/>\n<meta name=\"twitter:card\" content=\"summary_large_image\" \/>\n<meta name=\"twitter:creator\" content=\"@fmhorizonte1061\" \/>\n<meta name=\"twitter:site\" content=\"@fmhorizonte1061\" \/>\n<meta name=\"twitter:label1\" content=\"Escrito por\" \/>\n\t<meta name=\"twitter:data1\" content=\"Cristian Galarza\" \/>\n\t<meta name=\"twitter:label2\" content=\"Tiempo de lectura\" \/>\n\t<meta name=\"twitter:data2\" content=\"1 minuto\" \/>\n<script type=\"application\/ld+json\" class=\"yoast-schema-graph\">{\"@context\":\"https:\\\/\\\/schema.org\",\"@graph\":[{\"@type\":\"Article\",\"@id\":\"http:\\\/\\\/www.radiohorizonte.fm\\\/radio\\\/2023\\\/08\\\/11\\\/secuestraron-paquetes-de-hojas-de-coca-en-la-bajada-del-puente\\\/#article\",\"isPartOf\":{\"@id\":\"http:\\\/\\\/www.radiohorizonte.fm\\\/radio\\\/2023\\\/08\\\/11\\\/secuestraron-paquetes-de-hojas-de-coca-en-la-bajada-del-puente\\\/\"},\"author\":{\"name\":\"Cristian Galarza\",\"@id\":\"http:\\\/\\\/www.radiohorizonte.fm\\\/radio\\\/#\\\/schema\\\/person\\\/f8fa003a405bb86729fd87d15d0ddafa\"},\"headline\":\"Secuestraron paquetes de &#8220;hojas de coca&#8221; en la bajada del puente\",\"datePublished\":\"2023-08-11T10:18:01+00:00\",\"mainEntityOfPage\":{\"@id\":\"http:\\\/\\\/www.radiohorizonte.fm\\\/radio\\\/2023\\\/08\\\/11\\\/secuestraron-paquetes-de-hojas-de-coca-en-la-bajada-del-puente\\\/\"},\"wordCount\":243,\"publisher\":{\"@id\":\"http:\\\/\\\/www.radiohorizonte.fm\\\/radio\\\/#organization\"},\"image\":{\"@id\":\"http:\\\/\\\/www.radiohorizonte.fm\\\/radio\\\/2023\\\/08\\\/11\\\/secuestraron-paquetes-de-hojas-de-coca-en-la-bajada-del-puente\\\/#primaryimage\"},\"thumbnailUrl\":\"http:\\\/\\\/www.radiohorizonte.fm\\\/radio\\\/wp-content\\\/uploads\\\/2023\\\/08\\\/1313227w762h484c.jpg.jpg\",\"articleSection\":[\"Noticias\"],\"inLanguage\":\"es-AR\"},{\"@type\":\"WebPage\",\"@id\":\"http:\\\/\\\/www.radiohorizonte.fm\\\/radio\\\/2023\\\/08\\\/11\\\/secuestraron-paquetes-de-hojas-de-coca-en-la-bajada-del-puente\\\/\",\"url\":\"http:\\\/\\\/www.radiohorizonte.fm\\\/radio\\\/2023\\\/08\\\/11\\\/secuestraron-paquetes-de-hojas-de-coca-en-la-bajada-del-puente\\\/\",\"name\":\"Secuestraron paquetes de \\\"hojas de coca\\\" en la bajada del puente - Horizonte\",\"isPartOf\":{\"@id\":\"http:\\\/\\\/www.radiohorizonte.fm\\\/radio\\\/#website\"},\"primaryImageOfPage\":{\"@id\":\"http:\\\/\\\/www.radiohorizonte.fm\\\/radio\\\/2023\\\/08\\\/11\\\/secuestraron-paquetes-de-hojas-de-coca-en-la-bajada-del-puente\\\/#primaryimage\"},\"image\":{\"@id\":\"http:\\\/\\\/www.radiohorizonte.fm\\\/radio\\\/2023\\\/08\\\/11\\\/secuestraron-paquetes-de-hojas-de-coca-en-la-bajada-del-puente\\\/#primaryimage\"},\"thumbnailUrl\":\"http:\\\/\\\/www.radiohorizonte.fm\\\/radio\\\/wp-content\\\/uploads\\\/2023\\\/08\\\/1313227w762h484c.jpg.jpg\",\"datePublished\":\"2023-08-11T10:18:01+00:00\",\"breadcrumb\":{\"@id\":\"http:\\\/\\\/www.radiohorizonte.fm\\\/radio\\\/2023\\\/08\\\/11\\\/secuestraron-paquetes-de-hojas-de-coca-en-la-bajada-del-puente\\\/#breadcrumb\"},\"inLanguage\":\"es-AR\",\"potentialAction\":[{\"@type\":\"ReadAction\",\"target\":[\"http:\\\/\\\/www.radiohorizonte.fm\\\/radio\\\/2023\\\/08\\\/11\\\/secuestraron-paquetes-de-hojas-de-coca-en-la-bajada-del-puente\\\/\"]}]},{\"@type\":\"ImageObject\",\"inLanguage\":\"es-AR\",\"@id\":\"http:\\\/\\\/www.radiohorizonte.fm\\\/radio\\\/2023\\\/08\\\/11\\\/secuestraron-paquetes-de-hojas-de-coca-en-la-bajada-del-puente\\\/#primaryimage\",\"url\":\"http:\\\/\\\/www.radiohorizonte.fm\\\/radio\\\/wp-content\\\/uploads\\\/2023\\\/08\\\/1313227w762h484c.jpg.jpg\",\"contentUrl\":\"http:\\\/\\\/www.radiohorizonte.fm\\\/radio\\\/wp-content\\\/uploads\\\/2023\\\/08\\\/1313227w762h484c.jpg.jpg\",\"width\":762,\"height\":484},{\"@type\":\"BreadcrumbList\",\"@id\":\"http:\\\/\\\/www.radiohorizonte.fm\\\/radio\\\/2023\\\/08\\\/11\\\/secuestraron-paquetes-de-hojas-de-coca-en-la-bajada-del-puente\\\/#breadcrumb\",\"itemListElement\":[{\"@type\":\"ListItem\",\"position\":1,\"name\":\"Home\",\"item\":\"http:\\\/\\\/www.radiohorizonte.fm\\\/radio\\\/\"},{\"@type\":\"ListItem\",\"position\":2,\"name\":\"Secuestraron paquetes de &#8220;hojas de coca&#8221; en la bajada del puente\"}]},{\"@type\":\"WebSite\",\"@id\":\"http:\\\/\\\/www.radiohorizonte.fm\\\/radio\\\/#website\",\"url\":\"http:\\\/\\\/www.radiohorizonte.fm\\\/radio\\\/\",\"name\":\"Horizonte\",\"description\":\"Radio Horizonte 106.1 - Una radio de clasicos\",\"publisher\":{\"@id\":\"http:\\\/\\\/www.radiohorizonte.fm\\\/radio\\\/#organization\"},\"potentialAction\":[{\"@type\":\"SearchAction\",\"target\":{\"@type\":\"EntryPoint\",\"urlTemplate\":\"http:\\\/\\\/www.radiohorizonte.fm\\\/radio\\\/?s={search_term_string}\"},\"query-input\":{\"@type\":\"PropertyValueSpecification\",\"valueRequired\":true,\"valueName\":\"search_term_string\"}}],\"inLanguage\":\"es-AR\"},{\"@type\":\"Organization\",\"@id\":\"http:\\\/\\\/www.radiohorizonte.fm\\\/radio\\\/#organization\",\"name\":\"Horizonte\",\"url\":\"http:\\\/\\\/www.radiohorizonte.fm\\\/radio\\\/\",\"logo\":{\"@type\":\"ImageObject\",\"inLanguage\":\"es-AR\",\"@id\":\"http:\\\/\\\/www.radiohorizonte.fm\\\/radio\\\/#\\\/schema\\\/logo\\\/image\\\/\",\"url\":\"http:\\\/\\\/www.radiohorizonte.fm\\\/radio\\\/wp-content\\\/uploads\\\/2025\\\/06\\\/Portada-FM-Horizonte_modelo-imagen-scaled.jpg\",\"contentUrl\":\"http:\\\/\\\/www.radiohorizonte.fm\\\/radio\\\/wp-content\\\/uploads\\\/2025\\\/06\\\/Portada-FM-Horizonte_modelo-imagen-scaled.jpg\",\"width\":2560,\"height\":1056,\"caption\":\"Horizonte\"},\"image\":{\"@id\":\"http:\\\/\\\/www.radiohorizonte.fm\\\/radio\\\/#\\\/schema\\\/logo\\\/image\\\/\"},\"sameAs\":[\"http:\\\/\\\/www.facebook.com\\\/HORIZONTE106.1\",\"https:\\\/\\\/x.com\\\/fmhorizonte1061\"]},{\"@type\":\"Person\",\"@id\":\"http:\\\/\\\/www.radiohorizonte.fm\\\/radio\\\/#\\\/schema\\\/person\\\/f8fa003a405bb86729fd87d15d0ddafa\",\"name\":\"Cristian Galarza\",\"image\":{\"@type\":\"ImageObject\",\"inLanguage\":\"es-AR\",\"@id\":\"https:\\\/\\\/secure.gravatar.com\\\/avatar\\\/fad34bc2c773209c05d7d53b08a69b680eeb55f3be014e52b31643d20ab65925?s=96&d=mm&r=g\",\"url\":\"https:\\\/\\\/secure.gravatar.com\\\/avatar\\\/fad34bc2c773209c05d7d53b08a69b680eeb55f3be014e52b31643d20ab65925?s=96&d=mm&r=g\",\"contentUrl\":\"https:\\\/\\\/secure.gravatar.com\\\/avatar\\\/fad34bc2c773209c05d7d53b08a69b680eeb55f3be014e52b31643d20ab65925?s=96&d=mm&r=g\",\"caption\":\"Cristian Galarza\"},\"url\":\"http:\\\/\\\/www.radiohorizonte.fm\\\/radio\\\/author\\\/cristian\\\/\"}]}<\/script>\n<!-- \/ Yoast SEO plugin. -->","yoast_head_json":{"title":"Secuestraron paquetes de \"hojas de coca\" en la bajada del puente - Horizonte","robots":{"index":"index","follow":"follow","max-snippet":"max-snippet:-1","max-image-preview":"max-image-preview:large","max-video-preview":"max-video-preview:-1"},"canonical":"http:\/\/www.radiohorizonte.fm\/radio\/2023\/08\/11\/secuestraron-paquetes-de-hojas-de-coca-en-la-bajada-del-puente\/","og_locale":"es_ES","og_type":"article","og_title":"Secuestraron paquetes de \"hojas de coca\" en la bajada del puente - Horizonte","og_description":"En horas de la madrugada personal perteneciente a la Secci\u00f3n Seguridad &#8220;Puente General Belgrano&#8221;, dependiente del Escuadr\u00f3n 48 &#8220;Corrientes&#8221; de Gendarmer\u00eda Nacional, supervis\u00f3 un cami\u00f3n el cual result\u00f3 transportar hojas de coca. Los efectivos, ubicados en el kil\u00f3metro 0,5 de la Ruta Nacional N\u00ba16 en el Puente Interprovincial Chaco-Corrientes, sector com\u00fanmente conocido como &#8220;la bajada","og_url":"http:\/\/www.radiohorizonte.fm\/radio\/2023\/08\/11\/secuestraron-paquetes-de-hojas-de-coca-en-la-bajada-del-puente\/","og_site_name":"Horizonte","article_publisher":"http:\/\/www.facebook.com\/HORIZONTE106.1","article_published_time":"2023-08-11T10:18:01+00:00","og_image":[{"width":762,"height":484,"url":"http:\/\/www.radiohorizonte.fm\/radio\/wp-content\/uploads\/2023\/08\/1313227w762h484c.jpg.jpg","type":"image\/jpeg"}],"author":"Cristian Galarza","twitter_card":"summary_large_image","twitter_creator":"@fmhorizonte1061","twitter_site":"@fmhorizonte1061","twitter_misc":{"Escrito por":"Cristian Galarza","Tiempo de lectura":"1 minuto"},"schema":{"@context":"https:\/\/schema.org","@graph":[{"@type":"Article","@id":"http:\/\/www.radiohorizonte.fm\/radio\/2023\/08\/11\/secuestraron-paquetes-de-hojas-de-coca-en-la-bajada-del-puente\/#article","isPartOf":{"@id":"http:\/\/www.radiohorizonte.fm\/radio\/2023\/08\/11\/secuestraron-paquetes-de-hojas-de-coca-en-la-bajada-del-puente\/"},"author":{"name":"Cristian Galarza","@id":"http:\/\/www.radiohorizonte.fm\/radio\/#\/schema\/person\/f8fa003a405bb86729fd87d15d0ddafa"},"headline":"Secuestraron paquetes de &#8220;hojas de coca&#8221; en la bajada del puente","datePublished":"2023-08-11T10:18:01+00:00","mainEntityOfPage":{"@id":"http:\/\/www.radiohorizonte.fm\/radio\/2023\/08\/11\/secuestraron-paquetes-de-hojas-de-coca-en-la-bajada-del-puente\/"},"wordCount":243,"publisher":{"@id":"http:\/\/www.radiohorizonte.fm\/radio\/#organization"},"image":{"@id":"http:\/\/www.radiohorizonte.fm\/radio\/2023\/08\/11\/secuestraron-paquetes-de-hojas-de-coca-en-la-bajada-del-puente\/#primaryimage"},"thumbnailUrl":"http:\/\/www.radiohorizonte.fm\/radio\/wp-content\/uploads\/2023\/08\/1313227w762h484c.jpg.jpg","articleSection":["Noticias"],"inLanguage":"es-AR"},{"@type":"WebPage","@id":"http:\/\/www.radiohorizonte.fm\/radio\/2023\/08\/11\/secuestraron-paquetes-de-hojas-de-coca-en-la-bajada-del-puente\/","url":"http:\/\/www.radiohorizonte.fm\/radio\/2023\/08\/11\/secuestraron-paquetes-de-hojas-de-coca-en-la-bajada-del-puente\/","name":"Secuestraron paquetes de \"hojas de coca\" en la bajada del puente - Horizonte","isPartOf":{"@id":"http:\/\/www.radiohorizonte.fm\/radio\/#website"},"primaryImageOfPage":{"@id":"http:\/\/www.radiohorizonte.fm\/radio\/2023\/08\/11\/secuestraron-paquetes-de-hojas-de-coca-en-la-bajada-del-puente\/#primaryimage"},"image":{"@id":"http:\/\/www.radiohorizonte.fm\/radio\/2023\/08\/11\/secuestraron-paquetes-de-hojas-de-coca-en-la-bajada-del-puente\/#primaryimage"},"thumbnailUrl":"http:\/\/www.radiohorizonte.fm\/radio\/wp-content\/uploads\/2023\/08\/1313227w762h484c.jpg.jpg","datePublished":"2023-08-11T10:18:01+00:00","breadcrumb":{"@id":"http:\/\/www.radiohorizonte.fm\/radio\/2023\/08\/11\/secuestraron-paquetes-de-hojas-de-coca-en-la-bajada-del-puente\/#breadcrumb"},"inLanguage":"es-AR","potentialAction":[{"@type":"ReadAction","target":["http:\/\/www.radiohorizonte.fm\/radio\/2023\/08\/11\/secuestraron-paquetes-de-hojas-de-coca-en-la-bajada-del-puente\/"]}]},{"@type":"ImageObject","inLanguage":"es-AR","@id":"http:\/\/www.radiohorizonte.fm\/radio\/2023\/08\/11\/secuestraron-paquetes-de-hojas-de-coca-en-la-bajada-del-puente\/#primaryimage","url":"http:\/\/www.radiohorizonte.fm\/radio\/wp-content\/uploads\/2023\/08\/1313227w762h484c.jpg.jpg","contentUrl":"http:\/\/www.radiohorizonte.fm\/radio\/wp-content\/uploads\/2023\/08\/1313227w762h484c.jpg.jpg","width":762,"height":484},{"@type":"BreadcrumbList","@id":"http:\/\/www.radiohorizonte.fm\/radio\/2023\/08\/11\/secuestraron-paquetes-de-hojas-de-coca-en-la-bajada-del-puente\/#breadcrumb","itemListElement":[{"@type":"ListItem","position":1,"name":"Home","item":"http:\/\/www.radiohorizonte.fm\/radio\/"},{"@type":"ListItem","position":2,"name":"Secuestraron paquetes de &#8220;hojas de coca&#8221; en la bajada del puente"}]},{"@type":"WebSite","@id":"http:\/\/www.radiohorizonte.fm\/radio\/#website","url":"http:\/\/www.radiohorizonte.fm\/radio\/","name":"Horizonte","description":"Radio Horizonte 106.1 - Una radio de clasicos","publisher":{"@id":"http:\/\/www.radiohorizonte.fm\/radio\/#organization"},"potentialAction":[{"@type":"SearchAction","target":{"@type":"EntryPoint","urlTemplate":"http:\/\/www.radiohorizonte.fm\/radio\/?s={search_term_string}"},"query-input":{"@type":"PropertyValueSpecification","valueRequired":true,"valueName":"search_term_string"}}],"inLanguage":"es-AR"},{"@type":"Organization","@id":"http:\/\/www.radiohorizonte.fm\/radio\/#organization","name":"Horizonte","url":"http:\/\/www.radiohorizonte.fm\/radio\/","logo":{"@type":"ImageObject","inLanguage":"es-AR","@id":"http:\/\/www.radiohorizonte.fm\/radio\/#\/schema\/logo\/image\/","url":"http:\/\/www.radiohorizonte.fm\/radio\/wp-content\/uploads\/2025\/06\/Portada-FM-Horizonte_modelo-imagen-scaled.jpg","contentUrl":"http:\/\/www.radiohorizonte.fm\/radio\/wp-content\/uploads\/2025\/06\/Portada-FM-Horizonte_modelo-imagen-scaled.jpg","width":2560,"height":1056,"caption":"Horizonte"},"image":{"@id":"http:\/\/www.radiohorizonte.fm\/radio\/#\/schema\/logo\/image\/"},"sameAs":["http:\/\/www.facebook.com\/HORIZONTE106.1","https:\/\/x.com\/fmhorizonte1061"]},{"@type":"Person","@id":"http:\/\/www.radiohorizonte.fm\/radio\/#\/schema\/person\/f8fa003a405bb86729fd87d15d0ddafa","name":"Cristian Galarza","image":{"@type":"ImageObject","inLanguage":"es-AR","@id":"https:\/\/secure.gravatar.com\/avatar\/fad34bc2c773209c05d7d53b08a69b680eeb55f3be014e52b31643d20ab65925?s=96&d=mm&r=g","url":"https:\/\/secure.gravatar.com\/avatar\/fad34bc2c773209c05d7d53b08a69b680eeb55f3be014e52b31643d20ab65925?s=96&d=mm&r=g","contentUrl":"https:\/\/secure.gravatar.com\/avatar\/fad34bc2c773209c05d7d53b08a69b680eeb55f3be014e52b31643d20ab65925?s=96&d=mm&r=g","caption":"Cristian Galarza"},"url":"http:\/\/www.radiohorizonte.fm\/radio\/author\/cristian\/"}]}},"_links":{"self":[{"href":"http:\/\/www.radiohorizonte.fm\/radio\/wp-json\/wp\/v2\/posts\/41719","targetHints":{"allow":["GET"]}}],"collection":[{"href":"http:\/\/www.radiohorizonte.fm\/radio\/wp-json\/wp\/v2\/posts"}],"about":[{"href":"http:\/\/www.radiohorizonte.fm\/radio\/wp-json\/wp\/v2\/types\/post"}],"author":[{"embeddable":true,"href":"http:\/\/www.radiohorizonte.fm\/radio\/wp-json\/wp\/v2\/users\/2"}],"replies":[{"embeddable":true,"href":"http:\/\/www.radiohorizonte.fm\/radio\/wp-json\/wp\/v2\/comments?post=41719"}],"version-history":[{"count":1,"href":"http:\/\/www.radiohorizonte.fm\/radio\/wp-json\/wp\/v2\/posts\/41719\/revisions"}],"predecessor-version":[{"id":41721,"href":"http:\/\/www.radiohorizonte.fm\/radio\/wp-json\/wp\/v2\/posts\/41719\/revisions\/41721"}],"wp:featuredmedia":[{"embeddable":true,"href":"http:\/\/www.radiohorizonte.fm\/radio\/wp-json\/wp\/v2\/media\/41720"}],"wp:attachment":[{"href":"http:\/\/www.radiohorizonte.fm\/radio\/wp-json\/wp\/v2\/media?parent=41719"}],"wp:term":[{"taxonomy":"category","embeddable":true,"href":"http:\/\/www.radiohorizonte.fm\/radio\/wp-json\/wp\/v2\/categories?post=41719"},{"taxonomy":"post_tag","embeddable":true,"href":"http:\/\/www.radiohorizonte.fm\/radio\/wp-json\/wp\/v2\/tags?post=41719"}],"curies":[{"name":"wp","href":"https:\/\/api.w.org\/{rel}","templated":true}]}}