{"id":41725,"date":"2023-08-11T10:53:19","date_gmt":"2023-08-11T13:53:19","guid":{"rendered":"http:\/\/www.radiohorizonte.fm\/radio\/?p=41725"},"modified":"2023-08-11T10:53:19","modified_gmt":"2023-08-11T13:53:19","slug":"comenzo-la-veda-electoral-para-las-paso-que-se-disputaran-el-domingo","status":"publish","type":"post","link":"http:\/\/www.radiohorizonte.fm\/radio\/2023\/08\/11\/comenzo-la-veda-electoral-para-las-paso-que-se-disputaran-el-domingo\/","title":{"rendered":"Comenz\u00f3 la veda electoral para las PASO que se disputar\u00e1n el domingo"},"content":{"rendered":"<div class=\"wrapper-header\">\n<div class=\"container-xl\">\n<div class=\"row\">\n<div class=\"col-12\">\n<div class=\"head-content mb-4\">\n<p class=\"speak\">Las campa\u00f1as y publicidades concluyeron este viernes a las 8, a 48 horas del inicio del comicio que se desarrollar\u00e1 el domingo en todo el pa\u00eds. Qu\u00e9 establece la legislaci\u00f3n.<\/p>\n<p><img loading=\"lazy\" decoding=\"async\" class=\"alignnone size-full wp-image-41726\" src=\"http:\/\/www.radiohorizonte.fm\/radio\/wp-content\/uploads\/2023\/08\/64d3c8e747937_1200.jpg\" alt=\"\" width=\"1200\" height=\"675\" srcset=\"http:\/\/www.radiohorizonte.fm\/radio\/wp-content\/uploads\/2023\/08\/64d3c8e747937_1200.jpg 1200w, http:\/\/www.radiohorizonte.fm\/radio\/wp-content\/uploads\/2023\/08\/64d3c8e747937_1200-300x169.jpg 300w, http:\/\/www.radiohorizonte.fm\/radio\/wp-content\/uploads\/2023\/08\/64d3c8e747937_1200-768x432.jpg 768w, http:\/\/www.radiohorizonte.fm\/radio\/wp-content\/uploads\/2023\/08\/64d3c8e747937_1200-1024x576.jpg 1024w, http:\/\/www.radiohorizonte.fm\/radio\/wp-content\/uploads\/2023\/08\/64d3c8e747937_1200-65x37.jpg 65w, http:\/\/www.radiohorizonte.fm\/radio\/wp-content\/uploads\/2023\/08\/64d3c8e747937_1200-320x180.jpg 320w, http:\/\/www.radiohorizonte.fm\/radio\/wp-content\/uploads\/2023\/08\/64d3c8e747937_1200-85x48.jpg 85w, http:\/\/www.radiohorizonte.fm\/radio\/wp-content\/uploads\/2023\/08\/64d3c8e747937_1200-220x125.jpg 220w, http:\/\/www.radiohorizonte.fm\/radio\/wp-content\/uploads\/2023\/08\/64d3c8e747937_1200-90x51.jpg 90w\" sizes=\"auto, (max-width: 1200px) 100vw, 1200px\" \/><\/p>\n<\/div>\n<\/div>\n<\/div>\n<\/div>\n<\/div>\n<div class=\"wrapper-editable-content\">\u00a0Las campa\u00f1as y publicidades electorales de los precandidatos de todas las fuerzas pol\u00edticas de cara a las primarias abiertas, simult\u00e1neas y obligatorias (PASO) concluyeron este viernes a las 8, a 48 horas del inicio del comicio que se desarrollar\u00e1 el domingo en todo el pa\u00eds.<\/p>\n<p>La<strong>\u00a0veda electoral<\/strong>\u00a0contempla la prohibici\u00f3n de realizar actos p\u00fablicos, proselitismo, publicar y difundir encuestas y sondeos preelectorales, seg\u00fan establece la legislaci\u00f3n.<\/p>\n<p>No obstante, la campa\u00f1a electoral de los distintos postulantes termin\u00f3 de hecho el pasado mi\u00e9rcoles por la tarde, cuando todas las fuerzas pol\u00edticas\u00a0<strong>suspendieron sus actos de cierre\u00a0<\/strong>ante el\u00a0<strong>asesinato de Morena Dom\u00ednguez<\/strong>, la ni\u00f1a de 11 a\u00f1os que muri\u00f3 ese d\u00eda tras ser atacada por motochorros en Lan\u00fas.<\/p>\n<h2 class=\"\">Qu\u00e9 dice el C\u00f3digo Electoral<\/h2>\n<p>Seg\u00fan contempla el C\u00f3digo Electoral, el d\u00eda de la elecci\u00f3n se proh\u00edbe publicar y difundir encuestas y proyecciones sobre el resultado de los comicios entre las 8 y las 21, es decir durante la realizaci\u00f3n de los comicios y hasta 3 horas despu\u00e9s de su cierre.<\/p>\n<p>Seg\u00fan el art\u00edculo 71 del C\u00f3digo Electoral, se establece que la veda electoral &#8220;debe comenzar a regir 48 horas antes de la apertura de los comicios y finalizar\u00e1 tres horas despu\u00e9s de terminar la jornada electoral&#8221;.<\/p>\n<p>&#8220;Qui\u00e9nes no cumplan con la veda se ven expuestas a posibles denuncias o sanciones, siempre y cuando se compruebe la violaci\u00f3n del C\u00f3digo Electoral&#8221;, sostiene.<\/p>\n<div class=\"twitter-tweet twitter-tweet-rendered\"><iframe loading=\"lazy\" id=\"twitter-widget-0\" class=\"\" title=\"Twitter Tweet\" src=\"https:\/\/platform.twitter.com\/embed\/Tweet.html?creatorScreenName=agenciatelam&amp;dnt=false&amp;embedId=twitter-widget-0&amp;features=eyJ0ZndfdGltZWxpbmVfbGlzdCI6eyJidWNrZXQiOltdLCJ2ZXJzaW9uIjpudWxsfSwidGZ3X2ZvbGxvd2VyX2NvdW50X3N1bnNldCI6eyJidWNrZXQiOnRydWUsInZlcnNpb24iOm51bGx9LCJ0ZndfdHdlZXRfZWRpdF9iYWNrZW5kIjp7ImJ1Y2tldCI6Im9uIiwidmVyc2lvbiI6bnVsbH0sInRmd19yZWZzcmNfc2Vzc2lvbiI6eyJidWNrZXQiOiJvbiIsInZlcnNpb24iOm51bGx9LCJ0ZndfZm9zbnJfc29mdF9pbnRlcnZlbnRpb25zX2VuYWJsZWQiOnsiYnVja2V0Ijoib24iLCJ2ZXJzaW9uIjpudWxsfSwidGZ3X21peGVkX21lZGlhXzE1ODk3Ijp7ImJ1Y2tldCI6InRyZWF0bWVudCIsInZlcnNpb24iOm51bGx9LCJ0ZndfZXhwZXJpbWVudHNfY29va2llX2V4cGlyYXRpb24iOnsiYnVja2V0IjoxMjA5NjAwLCJ2ZXJzaW9uIjpudWxsfSwidGZ3X3Nob3dfYmlyZHdhdGNoX3Bpdm90c19lbmFibGVkIjp7ImJ1Y2tldCI6Im9uIiwidmVyc2lvbiI6bnVsbH0sInRmd19kdXBsaWNhdGVfc2NyaWJlc190b19zZXR0aW5ncyI6eyJidWNrZXQiOiJvbiIsInZlcnNpb24iOm51bGx9LCJ0ZndfdXNlX3Byb2ZpbGVfaW1hZ2Vfc2hhcGVfZW5hYmxlZCI6eyJidWNrZXQiOiJvbiIsInZlcnNpb24iOm51bGx9LCJ0ZndfdmlkZW9faGxzX2R5bmFtaWNfbWFuaWZlc3RzXzE1MDgyIjp7ImJ1Y2tldCI6InRydWVfYml0cmF0ZSIsInZlcnNpb24iOm51bGx9LCJ0ZndfbGVnYWN5X3RpbWVsaW5lX3N1bnNldCI6eyJidWNrZXQiOnRydWUsInZlcnNpb24iOm51bGx9LCJ0ZndfdHdlZXRfZWRpdF9mcm9udGVuZCI6eyJidWNrZXQiOiJvbiIsInZlcnNpb24iOm51bGx9fQ%3D%3D&amp;frame=false&amp;hideCard=false&amp;hideThread=false&amp;id=1689954814158094337&amp;lang=es&amp;origin=https%3A%2F%2Fwww.telam.com.ar%2Fnotas%2F202308%2F636735-veda-electoral-elecciones-paso.html&amp;sessionId=30d1b994e949fc17445fd1cb90eae154d402f22c&amp;siteScreenName=agenciatelam&amp;theme=light&amp;widgetsVersion=aaf4084522e3a%3A1674595607486&amp;width=550px\" width=\"300\" height=\"150\" frameborder=\"0\" scrolling=\"no\" allowfullscreen=\"allowfullscreen\" data-tweet-id=\"1689954814158094337\"><\/iframe><\/div>\n<p>Entre las actividades que contempla la veda, se encuentra la\u00a0<strong>prohibici\u00f3n de realizar actos de campa\u00f1as\u00a0<\/strong>por parte de los precandidatos presidenciales.\u00a0Tambi\u00e9n, queda\u00a0<strong>prohibida la venta de bebidas alcoh\u00f3licas a partir de las 20 del s\u00e1bado y hasta las 21 del domingo<\/strong>.<\/p>\n<p>Seg\u00fan lo establece el art\u00edculo 140, la<strong>\u00a0pena prevista\u00a0<\/strong>para quien &#8220;con enga\u00f1os indujere a otro a sufragar en determinada forma o a abstenerse de hacerlo&#8221; es de 2 meses a 2 a\u00f1os de c\u00e1rcel, mientras que a quien &#8220;utilizare medios tendientes a violar el secreto del sufragio tendr\u00e1 hasta 3 a\u00f1os de presi\u00f3n&#8221;.<\/p>\n<p>Por su parte, a los ciudadanos se les podr\u00e1 cobrar una\u00a0<strong>multa\u00a0<\/strong>comprendida de entre $10 mil y $100 mil si no respetan los l\u00edmites de emisi\u00f3n y publicaci\u00f3n de avisos publicitarios en los medios de comunicaci\u00f3n.\u00a0La misma multa ser\u00e1 aplicada a aquellas personas que realicen actos de campa\u00f1a fuera del plazo establecido para ese fin.<\/p>\n<p>En tanto, si los candidatos no cumplen con la veda podr\u00e1n perder el derecho a recibir contribuciones, subsidios y todo recurso de financiamiento p\u00fablico anual por un plazo que oscila entre uno y cuatro a\u00f1os.\u00a0Tambi\u00e9n dejan de percibir fondos para el financiamiento de una o dos elecciones.<\/p><\/div>\n","protected":false},"excerpt":{"rendered":"<div class=\"post-excerpt\"><p>Las campa\u00f1as y publicidades concluyeron este viernes a las 8, a 48 horas del inicio del comicio que se desarrollar\u00e1 el domingo en todo el pa\u00eds. Qu\u00e9 establece la legislaci\u00f3n. \u00a0Las campa\u00f1as y publicidades electorales de los precandidatos de todas las fuerzas pol\u00edticas de cara a las primarias abiertas, simult\u00e1neas y obligatorias (PASO) concluyeron este<\/p>\n<\/div>","protected":false},"author":2,"featured_media":41726,"comment_status":"closed","ping_status":"closed","sticky":false,"template":"","format":"standard","meta":{"_acf_changed":false,"footnotes":""},"categories":[2],"tags":[],"class_list":["post-41725","post","type-post","status-publish","format-standard","has-post-thumbnail","hentry","category-noticias"],"acf":[],"yoast_head":"<!-- This site is optimized with the Yoast SEO plugin v28.1 - https:\/\/yoast.com\/product\/yoast-seo-wordpress\/ -->\n<title>Comenz\u00f3 la veda electoral para las PASO que se disputar\u00e1n el domingo - Horizonte<\/title>\n<meta name=\"robots\" content=\"index, follow, max-snippet:-1, max-image-preview:large, max-video-preview:-1\" \/>\n<link rel=\"canonical\" href=\"http:\/\/www.radiohorizonte.fm\/radio\/2023\/08\/11\/comenzo-la-veda-electoral-para-las-paso-que-se-disputaran-el-domingo\/\" \/>\n<meta property=\"og:locale\" content=\"es_ES\" \/>\n<meta property=\"og:type\" content=\"article\" \/>\n<meta property=\"og:title\" content=\"Comenz\u00f3 la veda electoral para las PASO que se disputar\u00e1n el domingo - Horizonte\" \/>\n<meta property=\"og:description\" content=\"Las campa\u00f1as y publicidades concluyeron este viernes a las 8, a 48 horas del inicio del comicio que se desarrollar\u00e1 el domingo en todo el pa\u00eds. Qu\u00e9 establece la legislaci\u00f3n. \u00a0Las campa\u00f1as y publicidades electorales de los precandidatos de todas las fuerzas pol\u00edticas de cara a las primarias abiertas, simult\u00e1neas y obligatorias (PASO) concluyeron este\" \/>\n<meta property=\"og:url\" content=\"http:\/\/www.radiohorizonte.fm\/radio\/2023\/08\/11\/comenzo-la-veda-electoral-para-las-paso-que-se-disputaran-el-domingo\/\" \/>\n<meta property=\"og:site_name\" content=\"Horizonte\" \/>\n<meta property=\"article:publisher\" content=\"http:\/\/www.facebook.com\/HORIZONTE106.1\" \/>\n<meta property=\"article:published_time\" content=\"2023-08-11T13:53:19+00:00\" \/>\n<meta property=\"og:image\" content=\"http:\/\/www.radiohorizonte.fm\/radio\/wp-content\/uploads\/2023\/08\/64d3c8e747937_1200.jpg\" \/>\n\t<meta property=\"og:image:width\" content=\"1200\" \/>\n\t<meta property=\"og:image:height\" content=\"675\" \/>\n\t<meta property=\"og:image:type\" content=\"image\/jpeg\" \/>\n<meta name=\"author\" content=\"Cristian Galarza\" \/>\n<meta name=\"twitter:card\" content=\"summary_large_image\" \/>\n<meta name=\"twitter:creator\" content=\"@fmhorizonte1061\" \/>\n<meta name=\"twitter:site\" content=\"@fmhorizonte1061\" \/>\n<meta name=\"twitter:label1\" content=\"Escrito por\" \/>\n\t<meta name=\"twitter:data1\" content=\"Cristian Galarza\" \/>\n\t<meta name=\"twitter:label2\" content=\"Tiempo de lectura\" \/>\n\t<meta name=\"twitter:data2\" content=\"2 minutos\" \/>\n<script type=\"application\/ld+json\" class=\"yoast-schema-graph\">{\"@context\":\"https:\\\/\\\/schema.org\",\"@graph\":[{\"@type\":\"Article\",\"@id\":\"http:\\\/\\\/www.radiohorizonte.fm\\\/radio\\\/2023\\\/08\\\/11\\\/comenzo-la-veda-electoral-para-las-paso-que-se-disputaran-el-domingo\\\/#article\",\"isPartOf\":{\"@id\":\"http:\\\/\\\/www.radiohorizonte.fm\\\/radio\\\/2023\\\/08\\\/11\\\/comenzo-la-veda-electoral-para-las-paso-que-se-disputaran-el-domingo\\\/\"},\"author\":{\"name\":\"Cristian Galarza\",\"@id\":\"http:\\\/\\\/www.radiohorizonte.fm\\\/radio\\\/#\\\/schema\\\/person\\\/f8fa003a405bb86729fd87d15d0ddafa\"},\"headline\":\"Comenz\u00f3 la veda electoral para las PASO que se disputar\u00e1n el domingo\",\"datePublished\":\"2023-08-11T13:53:19+00:00\",\"mainEntityOfPage\":{\"@id\":\"http:\\\/\\\/www.radiohorizonte.fm\\\/radio\\\/2023\\\/08\\\/11\\\/comenzo-la-veda-electoral-para-las-paso-que-se-disputaran-el-domingo\\\/\"},\"wordCount\":511,\"publisher\":{\"@id\":\"http:\\\/\\\/www.radiohorizonte.fm\\\/radio\\\/#organization\"},\"image\":{\"@id\":\"http:\\\/\\\/www.radiohorizonte.fm\\\/radio\\\/2023\\\/08\\\/11\\\/comenzo-la-veda-electoral-para-las-paso-que-se-disputaran-el-domingo\\\/#primaryimage\"},\"thumbnailUrl\":\"http:\\\/\\\/www.radiohorizonte.fm\\\/radio\\\/wp-content\\\/uploads\\\/2023\\\/08\\\/64d3c8e747937_1200.jpg\",\"articleSection\":[\"Noticias\"],\"inLanguage\":\"es-AR\"},{\"@type\":\"WebPage\",\"@id\":\"http:\\\/\\\/www.radiohorizonte.fm\\\/radio\\\/2023\\\/08\\\/11\\\/comenzo-la-veda-electoral-para-las-paso-que-se-disputaran-el-domingo\\\/\",\"url\":\"http:\\\/\\\/www.radiohorizonte.fm\\\/radio\\\/2023\\\/08\\\/11\\\/comenzo-la-veda-electoral-para-las-paso-que-se-disputaran-el-domingo\\\/\",\"name\":\"Comenz\u00f3 la veda electoral para las PASO que se disputar\u00e1n el domingo - Horizonte\",\"isPartOf\":{\"@id\":\"http:\\\/\\\/www.radiohorizonte.fm\\\/radio\\\/#website\"},\"primaryImageOfPage\":{\"@id\":\"http:\\\/\\\/www.radiohorizonte.fm\\\/radio\\\/2023\\\/08\\\/11\\\/comenzo-la-veda-electoral-para-las-paso-que-se-disputaran-el-domingo\\\/#primaryimage\"},\"image\":{\"@id\":\"http:\\\/\\\/www.radiohorizonte.fm\\\/radio\\\/2023\\\/08\\\/11\\\/comenzo-la-veda-electoral-para-las-paso-que-se-disputaran-el-domingo\\\/#primaryimage\"},\"thumbnailUrl\":\"http:\\\/\\\/www.radiohorizonte.fm\\\/radio\\\/wp-content\\\/uploads\\\/2023\\\/08\\\/64d3c8e747937_1200.jpg\",\"datePublished\":\"2023-08-11T13:53:19+00:00\",\"breadcrumb\":{\"@id\":\"http:\\\/\\\/www.radiohorizonte.fm\\\/radio\\\/2023\\\/08\\\/11\\\/comenzo-la-veda-electoral-para-las-paso-que-se-disputaran-el-domingo\\\/#breadcrumb\"},\"inLanguage\":\"es-AR\",\"potentialAction\":[{\"@type\":\"ReadAction\",\"target\":[\"http:\\\/\\\/www.radiohorizonte.fm\\\/radio\\\/2023\\\/08\\\/11\\\/comenzo-la-veda-electoral-para-las-paso-que-se-disputaran-el-domingo\\\/\"]}]},{\"@type\":\"ImageObject\",\"inLanguage\":\"es-AR\",\"@id\":\"http:\\\/\\\/www.radiohorizonte.fm\\\/radio\\\/2023\\\/08\\\/11\\\/comenzo-la-veda-electoral-para-las-paso-que-se-disputaran-el-domingo\\\/#primaryimage\",\"url\":\"http:\\\/\\\/www.radiohorizonte.fm\\\/radio\\\/wp-content\\\/uploads\\\/2023\\\/08\\\/64d3c8e747937_1200.jpg\",\"contentUrl\":\"http:\\\/\\\/www.radiohorizonte.fm\\\/radio\\\/wp-content\\\/uploads\\\/2023\\\/08\\\/64d3c8e747937_1200.jpg\",\"width\":1200,\"height\":675},{\"@type\":\"BreadcrumbList\",\"@id\":\"http:\\\/\\\/www.radiohorizonte.fm\\\/radio\\\/2023\\\/08\\\/11\\\/comenzo-la-veda-electoral-para-las-paso-que-se-disputaran-el-domingo\\\/#breadcrumb\",\"itemListElement\":[{\"@type\":\"ListItem\",\"position\":1,\"name\":\"Home\",\"item\":\"http:\\\/\\\/www.radiohorizonte.fm\\\/radio\\\/\"},{\"@type\":\"ListItem\",\"position\":2,\"name\":\"Comenz\u00f3 la veda electoral para las PASO que se disputar\u00e1n el domingo\"}]},{\"@type\":\"WebSite\",\"@id\":\"http:\\\/\\\/www.radiohorizonte.fm\\\/radio\\\/#website\",\"url\":\"http:\\\/\\\/www.radiohorizonte.fm\\\/radio\\\/\",\"name\":\"Horizonte\",\"description\":\"Radio Horizonte 106.1 - Una radio de clasicos\",\"publisher\":{\"@id\":\"http:\\\/\\\/www.radiohorizonte.fm\\\/radio\\\/#organization\"},\"potentialAction\":[{\"@type\":\"SearchAction\",\"target\":{\"@type\":\"EntryPoint\",\"urlTemplate\":\"http:\\\/\\\/www.radiohorizonte.fm\\\/radio\\\/?s={search_term_string}\"},\"query-input\":{\"@type\":\"PropertyValueSpecification\",\"valueRequired\":true,\"valueName\":\"search_term_string\"}}],\"inLanguage\":\"es-AR\"},{\"@type\":\"Organization\",\"@id\":\"http:\\\/\\\/www.radiohorizonte.fm\\\/radio\\\/#organization\",\"name\":\"Horizonte\",\"url\":\"http:\\\/\\\/www.radiohorizonte.fm\\\/radio\\\/\",\"logo\":{\"@type\":\"ImageObject\",\"inLanguage\":\"es-AR\",\"@id\":\"http:\\\/\\\/www.radiohorizonte.fm\\\/radio\\\/#\\\/schema\\\/logo\\\/image\\\/\",\"url\":\"http:\\\/\\\/www.radiohorizonte.fm\\\/radio\\\/wp-content\\\/uploads\\\/2025\\\/06\\\/Portada-FM-Horizonte_modelo-imagen-scaled.jpg\",\"contentUrl\":\"http:\\\/\\\/www.radiohorizonte.fm\\\/radio\\\/wp-content\\\/uploads\\\/2025\\\/06\\\/Portada-FM-Horizonte_modelo-imagen-scaled.jpg\",\"width\":2560,\"height\":1056,\"caption\":\"Horizonte\"},\"image\":{\"@id\":\"http:\\\/\\\/www.radiohorizonte.fm\\\/radio\\\/#\\\/schema\\\/logo\\\/image\\\/\"},\"sameAs\":[\"http:\\\/\\\/www.facebook.com\\\/HORIZONTE106.1\",\"https:\\\/\\\/x.com\\\/fmhorizonte1061\"]},{\"@type\":\"Person\",\"@id\":\"http:\\\/\\\/www.radiohorizonte.fm\\\/radio\\\/#\\\/schema\\\/person\\\/f8fa003a405bb86729fd87d15d0ddafa\",\"name\":\"Cristian Galarza\",\"image\":{\"@type\":\"ImageObject\",\"inLanguage\":\"es-AR\",\"@id\":\"https:\\\/\\\/secure.gravatar.com\\\/avatar\\\/fad34bc2c773209c05d7d53b08a69b680eeb55f3be014e52b31643d20ab65925?s=96&d=mm&r=g\",\"url\":\"https:\\\/\\\/secure.gravatar.com\\\/avatar\\\/fad34bc2c773209c05d7d53b08a69b680eeb55f3be014e52b31643d20ab65925?s=96&d=mm&r=g\",\"contentUrl\":\"https:\\\/\\\/secure.gravatar.com\\\/avatar\\\/fad34bc2c773209c05d7d53b08a69b680eeb55f3be014e52b31643d20ab65925?s=96&d=mm&r=g\",\"caption\":\"Cristian Galarza\"},\"url\":\"http:\\\/\\\/www.radiohorizonte.fm\\\/radio\\\/author\\\/cristian\\\/\"}]}<\/script>\n<!-- \/ Yoast SEO plugin. -->","yoast_head_json":{"title":"Comenz\u00f3 la veda electoral para las PASO que se disputar\u00e1n el domingo - Horizonte","robots":{"index":"index","follow":"follow","max-snippet":"max-snippet:-1","max-image-preview":"max-image-preview:large","max-video-preview":"max-video-preview:-1"},"canonical":"http:\/\/www.radiohorizonte.fm\/radio\/2023\/08\/11\/comenzo-la-veda-electoral-para-las-paso-que-se-disputaran-el-domingo\/","og_locale":"es_ES","og_type":"article","og_title":"Comenz\u00f3 la veda electoral para las PASO que se disputar\u00e1n el domingo - Horizonte","og_description":"Las campa\u00f1as y publicidades concluyeron este viernes a las 8, a 48 horas del inicio del comicio que se desarrollar\u00e1 el domingo en todo el pa\u00eds. Qu\u00e9 establece la legislaci\u00f3n. \u00a0Las campa\u00f1as y publicidades electorales de los precandidatos de todas las fuerzas pol\u00edticas de cara a las primarias abiertas, simult\u00e1neas y obligatorias (PASO) concluyeron este","og_url":"http:\/\/www.radiohorizonte.fm\/radio\/2023\/08\/11\/comenzo-la-veda-electoral-para-las-paso-que-se-disputaran-el-domingo\/","og_site_name":"Horizonte","article_publisher":"http:\/\/www.facebook.com\/HORIZONTE106.1","article_published_time":"2023-08-11T13:53:19+00:00","og_image":[{"width":1200,"height":675,"url":"http:\/\/www.radiohorizonte.fm\/radio\/wp-content\/uploads\/2023\/08\/64d3c8e747937_1200.jpg","type":"image\/jpeg"}],"author":"Cristian Galarza","twitter_card":"summary_large_image","twitter_creator":"@fmhorizonte1061","twitter_site":"@fmhorizonte1061","twitter_misc":{"Escrito por":"Cristian Galarza","Tiempo de lectura":"2 minutos"},"schema":{"@context":"https:\/\/schema.org","@graph":[{"@type":"Article","@id":"http:\/\/www.radiohorizonte.fm\/radio\/2023\/08\/11\/comenzo-la-veda-electoral-para-las-paso-que-se-disputaran-el-domingo\/#article","isPartOf":{"@id":"http:\/\/www.radiohorizonte.fm\/radio\/2023\/08\/11\/comenzo-la-veda-electoral-para-las-paso-que-se-disputaran-el-domingo\/"},"author":{"name":"Cristian Galarza","@id":"http:\/\/www.radiohorizonte.fm\/radio\/#\/schema\/person\/f8fa003a405bb86729fd87d15d0ddafa"},"headline":"Comenz\u00f3 la veda electoral para las PASO que se disputar\u00e1n el domingo","datePublished":"2023-08-11T13:53:19+00:00","mainEntityOfPage":{"@id":"http:\/\/www.radiohorizonte.fm\/radio\/2023\/08\/11\/comenzo-la-veda-electoral-para-las-paso-que-se-disputaran-el-domingo\/"},"wordCount":511,"publisher":{"@id":"http:\/\/www.radiohorizonte.fm\/radio\/#organization"},"image":{"@id":"http:\/\/www.radiohorizonte.fm\/radio\/2023\/08\/11\/comenzo-la-veda-electoral-para-las-paso-que-se-disputaran-el-domingo\/#primaryimage"},"thumbnailUrl":"http:\/\/www.radiohorizonte.fm\/radio\/wp-content\/uploads\/2023\/08\/64d3c8e747937_1200.jpg","articleSection":["Noticias"],"inLanguage":"es-AR"},{"@type":"WebPage","@id":"http:\/\/www.radiohorizonte.fm\/radio\/2023\/08\/11\/comenzo-la-veda-electoral-para-las-paso-que-se-disputaran-el-domingo\/","url":"http:\/\/www.radiohorizonte.fm\/radio\/2023\/08\/11\/comenzo-la-veda-electoral-para-las-paso-que-se-disputaran-el-domingo\/","name":"Comenz\u00f3 la veda electoral para las PASO que se disputar\u00e1n el domingo - Horizonte","isPartOf":{"@id":"http:\/\/www.radiohorizonte.fm\/radio\/#website"},"primaryImageOfPage":{"@id":"http:\/\/www.radiohorizonte.fm\/radio\/2023\/08\/11\/comenzo-la-veda-electoral-para-las-paso-que-se-disputaran-el-domingo\/#primaryimage"},"image":{"@id":"http:\/\/www.radiohorizonte.fm\/radio\/2023\/08\/11\/comenzo-la-veda-electoral-para-las-paso-que-se-disputaran-el-domingo\/#primaryimage"},"thumbnailUrl":"http:\/\/www.radiohorizonte.fm\/radio\/wp-content\/uploads\/2023\/08\/64d3c8e747937_1200.jpg","datePublished":"2023-08-11T13:53:19+00:00","breadcrumb":{"@id":"http:\/\/www.radiohorizonte.fm\/radio\/2023\/08\/11\/comenzo-la-veda-electoral-para-las-paso-que-se-disputaran-el-domingo\/#breadcrumb"},"inLanguage":"es-AR","potentialAction":[{"@type":"ReadAction","target":["http:\/\/www.radiohorizonte.fm\/radio\/2023\/08\/11\/comenzo-la-veda-electoral-para-las-paso-que-se-disputaran-el-domingo\/"]}]},{"@type":"ImageObject","inLanguage":"es-AR","@id":"http:\/\/www.radiohorizonte.fm\/radio\/2023\/08\/11\/comenzo-la-veda-electoral-para-las-paso-que-se-disputaran-el-domingo\/#primaryimage","url":"http:\/\/www.radiohorizonte.fm\/radio\/wp-content\/uploads\/2023\/08\/64d3c8e747937_1200.jpg","contentUrl":"http:\/\/www.radiohorizonte.fm\/radio\/wp-content\/uploads\/2023\/08\/64d3c8e747937_1200.jpg","width":1200,"height":675},{"@type":"BreadcrumbList","@id":"http:\/\/www.radiohorizonte.fm\/radio\/2023\/08\/11\/comenzo-la-veda-electoral-para-las-paso-que-se-disputaran-el-domingo\/#breadcrumb","itemListElement":[{"@type":"ListItem","position":1,"name":"Home","item":"http:\/\/www.radiohorizonte.fm\/radio\/"},{"@type":"ListItem","position":2,"name":"Comenz\u00f3 la veda electoral para las PASO que se disputar\u00e1n el domingo"}]},{"@type":"WebSite","@id":"http:\/\/www.radiohorizonte.fm\/radio\/#website","url":"http:\/\/www.radiohorizonte.fm\/radio\/","name":"Horizonte","description":"Radio Horizonte 106.1 - Una radio de clasicos","publisher":{"@id":"http:\/\/www.radiohorizonte.fm\/radio\/#organization"},"potentialAction":[{"@type":"SearchAction","target":{"@type":"EntryPoint","urlTemplate":"http:\/\/www.radiohorizonte.fm\/radio\/?s={search_term_string}"},"query-input":{"@type":"PropertyValueSpecification","valueRequired":true,"valueName":"search_term_string"}}],"inLanguage":"es-AR"},{"@type":"Organization","@id":"http:\/\/www.radiohorizonte.fm\/radio\/#organization","name":"Horizonte","url":"http:\/\/www.radiohorizonte.fm\/radio\/","logo":{"@type":"ImageObject","inLanguage":"es-AR","@id":"http:\/\/www.radiohorizonte.fm\/radio\/#\/schema\/logo\/image\/","url":"http:\/\/www.radiohorizonte.fm\/radio\/wp-content\/uploads\/2025\/06\/Portada-FM-Horizonte_modelo-imagen-scaled.jpg","contentUrl":"http:\/\/www.radiohorizonte.fm\/radio\/wp-content\/uploads\/2025\/06\/Portada-FM-Horizonte_modelo-imagen-scaled.jpg","width":2560,"height":1056,"caption":"Horizonte"},"image":{"@id":"http:\/\/www.radiohorizonte.fm\/radio\/#\/schema\/logo\/image\/"},"sameAs":["http:\/\/www.facebook.com\/HORIZONTE106.1","https:\/\/x.com\/fmhorizonte1061"]},{"@type":"Person","@id":"http:\/\/www.radiohorizonte.fm\/radio\/#\/schema\/person\/f8fa003a405bb86729fd87d15d0ddafa","name":"Cristian Galarza","image":{"@type":"ImageObject","inLanguage":"es-AR","@id":"https:\/\/secure.gravatar.com\/avatar\/fad34bc2c773209c05d7d53b08a69b680eeb55f3be014e52b31643d20ab65925?s=96&d=mm&r=g","url":"https:\/\/secure.gravatar.com\/avatar\/fad34bc2c773209c05d7d53b08a69b680eeb55f3be014e52b31643d20ab65925?s=96&d=mm&r=g","contentUrl":"https:\/\/secure.gravatar.com\/avatar\/fad34bc2c773209c05d7d53b08a69b680eeb55f3be014e52b31643d20ab65925?s=96&d=mm&r=g","caption":"Cristian Galarza"},"url":"http:\/\/www.radiohorizonte.fm\/radio\/author\/cristian\/"}]}},"_links":{"self":[{"href":"http:\/\/www.radiohorizonte.fm\/radio\/wp-json\/wp\/v2\/posts\/41725","targetHints":{"allow":["GET"]}}],"collection":[{"href":"http:\/\/www.radiohorizonte.fm\/radio\/wp-json\/wp\/v2\/posts"}],"about":[{"href":"http:\/\/www.radiohorizonte.fm\/radio\/wp-json\/wp\/v2\/types\/post"}],"author":[{"embeddable":true,"href":"http:\/\/www.radiohorizonte.fm\/radio\/wp-json\/wp\/v2\/users\/2"}],"replies":[{"embeddable":true,"href":"http:\/\/www.radiohorizonte.fm\/radio\/wp-json\/wp\/v2\/comments?post=41725"}],"version-history":[{"count":1,"href":"http:\/\/www.radiohorizonte.fm\/radio\/wp-json\/wp\/v2\/posts\/41725\/revisions"}],"predecessor-version":[{"id":41727,"href":"http:\/\/www.radiohorizonte.fm\/radio\/wp-json\/wp\/v2\/posts\/41725\/revisions\/41727"}],"wp:featuredmedia":[{"embeddable":true,"href":"http:\/\/www.radiohorizonte.fm\/radio\/wp-json\/wp\/v2\/media\/41726"}],"wp:attachment":[{"href":"http:\/\/www.radiohorizonte.fm\/radio\/wp-json\/wp\/v2\/media?parent=41725"}],"wp:term":[{"taxonomy":"category","embeddable":true,"href":"http:\/\/www.radiohorizonte.fm\/radio\/wp-json\/wp\/v2\/categories?post=41725"},{"taxonomy":"post_tag","embeddable":true,"href":"http:\/\/www.radiohorizonte.fm\/radio\/wp-json\/wp\/v2\/tags?post=41725"}],"curies":[{"name":"wp","href":"https:\/\/api.w.org\/{rel}","templated":true}]}}