{"id":41733,"date":"2023-08-14T07:00:42","date_gmt":"2023-08-14T10:00:42","guid":{"rendered":"http:\/\/www.radiohorizonte.fm\/radio\/?p=41733"},"modified":"2023-08-14T07:20:01","modified_gmt":"2023-08-14T10:20:01","slug":"ecovamos-corrientes-gano-y-destaco-su-crecimiento-en-las-paso","status":"publish","type":"post","link":"http:\/\/www.radiohorizonte.fm\/radio\/2023\/08\/14\/ecovamos-corrientes-gano-y-destaco-su-crecimiento-en-las-paso\/","title":{"rendered":"ECO+Vamos Corrientes gan\u00f3 y destac\u00f3 su crecimiento en las PASO"},"content":{"rendered":"<p>Los candidatos de ECO+Vamos Corrientes ofrecieron este domingo a las 21:30 una conferencia de prensa en la sede central de la UCR provincial y remarcaron que el resultado que obtuvieron en la jornada es superior a las \u00faltimas PASO presidenciales.<\/p>\n<p><img loading=\"lazy\" decoding=\"async\" class=\"alignnone size-full wp-image-41734\" src=\"http:\/\/www.radiohorizonte.fm\/radio\/wp-content\/uploads\/2023\/08\/WhatsApp-Image-2023-08-14-at-07.18.26.jpeg\" alt=\"\" width=\"1024\" height=\"683\" srcset=\"http:\/\/www.radiohorizonte.fm\/radio\/wp-content\/uploads\/2023\/08\/WhatsApp-Image-2023-08-14-at-07.18.26.jpeg 1024w, http:\/\/www.radiohorizonte.fm\/radio\/wp-content\/uploads\/2023\/08\/WhatsApp-Image-2023-08-14-at-07.18.26-300x200.jpeg 300w, http:\/\/www.radiohorizonte.fm\/radio\/wp-content\/uploads\/2023\/08\/WhatsApp-Image-2023-08-14-at-07.18.26-768x512.jpeg 768w, http:\/\/www.radiohorizonte.fm\/radio\/wp-content\/uploads\/2023\/08\/WhatsApp-Image-2023-08-14-at-07.18.26-65x43.jpeg 65w, http:\/\/www.radiohorizonte.fm\/radio\/wp-content\/uploads\/2023\/08\/WhatsApp-Image-2023-08-14-at-07.18.26-85x57.jpeg 85w, http:\/\/www.radiohorizonte.fm\/radio\/wp-content\/uploads\/2023\/08\/WhatsApp-Image-2023-08-14-at-07.18.26-187x125.jpeg 187w, http:\/\/www.radiohorizonte.fm\/radio\/wp-content\/uploads\/2023\/08\/WhatsApp-Image-2023-08-14-at-07.18.26-90x60.jpeg 90w\" sizes=\"auto, (max-width: 1024px) 100vw, 1024px\" \/><\/p>\n<p>Alfredo Vallejos, Ingrid Jetter y Gabriela Gauna hablaron as\u00ed ante la prensa que acudi\u00f3 al comit\u00e9 ubicado en 25 de Mayo 1232 de la ciudad de Corrientes, dando sus impresiones sobre el resultado electoral de este domingo.<\/p>\n<p>&#8220;Los datos de nuestro centro de c\u00f3mputos propios nos da ganadores a nuestra alianza, tanto a nivel provincial como en la Capital&#8221;, indic\u00f3 Vallejos, detallando que &#8220;en la Provincia estar\u00edamos con un 36 por ciento y en la Capital arriba con un 39 por ciento&#8221;. Mientras que La Libertad Avanza alcanza y Uni\u00f3n por la Patria rondan el 30 %, seg\u00fan las mismas fuentes, a nivel provincial, agreg\u00f3 el candidato a diputado nacional.<\/p>\n<p>Vallejos consider\u00f3 luego que &#8220;la gente a nivel provincial y a nivel pa\u00eds quiere un cambio contundente, se confirma el fin de ciclo del kirchnerismo a nivel pa\u00eds y la gente opt\u00f3 por las alternativas que ten\u00eda para manifestar este sentimiento&#8221;.<\/p>\n<p>Y destac\u00f3 que &#8220;nosotros estamos obteniendo dos puntos m\u00e1s que en las PASO que se dieron hace cuatro a\u00f1os, lo que implica el crecimiento de nuestra alianza en este tipo de elecci\u00f3n (PASO presidencial)&#8221;, asegurando que, de esta manera, &#8220;ya estaremos trabajando para reforzar nuestra propuesta&#8221;, de cara a las elecciones generales del 22 de octubre.<\/p>\n<p>Por su parte, Jetter valor\u00f3 el resultado que le dio a Patricia Bullrich como ganadora de la interna de JxC, se\u00f1alando que &#8220;obtuvimos resultados muy buenos y estamos pensando ya en trabajar todos juntos a partir de esta noche&#8221;.<\/p>\n<p>Mientras que Gauna resalt\u00f3: &#8220;Trabajamos en la provincia con una lista de unidad porque contra lo que batallamos est\u00e1 por fuera y es el kirchnerismo, puertas afuera de Juntos por el Cambio siempre nos van a ver trabajando juntos como ahora&#8221;.<\/p>\n","protected":false},"excerpt":{"rendered":"<div class=\"post-excerpt\"><p>Los candidatos de ECO+Vamos Corrientes ofrecieron este domingo a las 21:30 una conferencia de prensa en la sede central de la UCR provincial y remarcaron que el resultado que obtuvieron en la jornada es superior a las \u00faltimas PASO presidenciales. Alfredo Vallejos, Ingrid Jetter y Gabriela Gauna hablaron as\u00ed ante la prensa que acudi\u00f3 al<\/p>\n<\/div>","protected":false},"author":2,"featured_media":41734,"comment_status":"closed","ping_status":"closed","sticky":false,"template":"","format":"standard","meta":{"_acf_changed":false,"footnotes":""},"categories":[2],"tags":[],"class_list":["post-41733","post","type-post","status-publish","format-standard","has-post-thumbnail","hentry","category-noticias"],"acf":[],"yoast_head":"<!-- This site is optimized with the Yoast SEO plugin v28.1 - https:\/\/yoast.com\/product\/yoast-seo-wordpress\/ -->\n<title>ECO+Vamos Corrientes gan\u00f3 y destac\u00f3 su crecimiento en las PASO - Horizonte<\/title>\n<meta name=\"robots\" content=\"index, follow, max-snippet:-1, max-image-preview:large, max-video-preview:-1\" \/>\n<link rel=\"canonical\" href=\"http:\/\/www.radiohorizonte.fm\/radio\/2023\/08\/14\/ecovamos-corrientes-gano-y-destaco-su-crecimiento-en-las-paso\/\" \/>\n<meta property=\"og:locale\" content=\"es_ES\" \/>\n<meta property=\"og:type\" content=\"article\" \/>\n<meta property=\"og:title\" content=\"ECO+Vamos Corrientes gan\u00f3 y destac\u00f3 su crecimiento en las PASO - Horizonte\" \/>\n<meta property=\"og:description\" content=\"Los candidatos de ECO+Vamos Corrientes ofrecieron este domingo a las 21:30 una conferencia de prensa en la sede central de la UCR provincial y remarcaron que el resultado que obtuvieron en la jornada es superior a las \u00faltimas PASO presidenciales. Alfredo Vallejos, Ingrid Jetter y Gabriela Gauna hablaron as\u00ed ante la prensa que acudi\u00f3 al\" \/>\n<meta property=\"og:url\" content=\"http:\/\/www.radiohorizonte.fm\/radio\/2023\/08\/14\/ecovamos-corrientes-gano-y-destaco-su-crecimiento-en-las-paso\/\" \/>\n<meta property=\"og:site_name\" content=\"Horizonte\" \/>\n<meta property=\"article:publisher\" content=\"http:\/\/www.facebook.com\/HORIZONTE106.1\" \/>\n<meta property=\"article:published_time\" content=\"2023-08-14T10:00:42+00:00\" \/>\n<meta property=\"article:modified_time\" content=\"2023-08-14T10:20:01+00:00\" \/>\n<meta property=\"og:image\" content=\"http:\/\/www.radiohorizonte.fm\/radio\/wp-content\/uploads\/2023\/08\/WhatsApp-Image-2023-08-14-at-07.18.26.jpeg\" \/>\n\t<meta property=\"og:image:width\" content=\"1024\" \/>\n\t<meta property=\"og:image:height\" content=\"683\" \/>\n\t<meta property=\"og:image:type\" content=\"image\/jpeg\" \/>\n<meta name=\"author\" content=\"Cristian Galarza\" \/>\n<meta name=\"twitter:card\" content=\"summary_large_image\" \/>\n<meta name=\"twitter:creator\" content=\"@fmhorizonte1061\" \/>\n<meta name=\"twitter:site\" content=\"@fmhorizonte1061\" \/>\n<meta name=\"twitter:label1\" content=\"Escrito por\" \/>\n\t<meta name=\"twitter:data1\" content=\"Cristian Galarza\" \/>\n\t<meta name=\"twitter:label2\" content=\"Tiempo de lectura\" \/>\n\t<meta name=\"twitter:data2\" content=\"2 minutos\" \/>\n<script type=\"application\/ld+json\" class=\"yoast-schema-graph\">{\"@context\":\"https:\\\/\\\/schema.org\",\"@graph\":[{\"@type\":\"Article\",\"@id\":\"http:\\\/\\\/www.radiohorizonte.fm\\\/radio\\\/2023\\\/08\\\/14\\\/ecovamos-corrientes-gano-y-destaco-su-crecimiento-en-las-paso\\\/#article\",\"isPartOf\":{\"@id\":\"http:\\\/\\\/www.radiohorizonte.fm\\\/radio\\\/2023\\\/08\\\/14\\\/ecovamos-corrientes-gano-y-destaco-su-crecimiento-en-las-paso\\\/\"},\"author\":{\"name\":\"Cristian Galarza\",\"@id\":\"http:\\\/\\\/www.radiohorizonte.fm\\\/radio\\\/#\\\/schema\\\/person\\\/f8fa003a405bb86729fd87d15d0ddafa\"},\"headline\":\"ECO+Vamos Corrientes gan\u00f3 y destac\u00f3 su crecimiento en las PASO\",\"datePublished\":\"2023-08-14T10:00:42+00:00\",\"dateModified\":\"2023-08-14T10:20:01+00:00\",\"mainEntityOfPage\":{\"@id\":\"http:\\\/\\\/www.radiohorizonte.fm\\\/radio\\\/2023\\\/08\\\/14\\\/ecovamos-corrientes-gano-y-destaco-su-crecimiento-en-las-paso\\\/\"},\"wordCount\":342,\"publisher\":{\"@id\":\"http:\\\/\\\/www.radiohorizonte.fm\\\/radio\\\/#organization\"},\"image\":{\"@id\":\"http:\\\/\\\/www.radiohorizonte.fm\\\/radio\\\/2023\\\/08\\\/14\\\/ecovamos-corrientes-gano-y-destaco-su-crecimiento-en-las-paso\\\/#primaryimage\"},\"thumbnailUrl\":\"http:\\\/\\\/www.radiohorizonte.fm\\\/radio\\\/wp-content\\\/uploads\\\/2023\\\/08\\\/WhatsApp-Image-2023-08-14-at-07.18.26.jpeg\",\"articleSection\":[\"Noticias\"],\"inLanguage\":\"es-AR\"},{\"@type\":\"WebPage\",\"@id\":\"http:\\\/\\\/www.radiohorizonte.fm\\\/radio\\\/2023\\\/08\\\/14\\\/ecovamos-corrientes-gano-y-destaco-su-crecimiento-en-las-paso\\\/\",\"url\":\"http:\\\/\\\/www.radiohorizonte.fm\\\/radio\\\/2023\\\/08\\\/14\\\/ecovamos-corrientes-gano-y-destaco-su-crecimiento-en-las-paso\\\/\",\"name\":\"ECO+Vamos Corrientes gan\u00f3 y destac\u00f3 su crecimiento en las PASO - Horizonte\",\"isPartOf\":{\"@id\":\"http:\\\/\\\/www.radiohorizonte.fm\\\/radio\\\/#website\"},\"primaryImageOfPage\":{\"@id\":\"http:\\\/\\\/www.radiohorizonte.fm\\\/radio\\\/2023\\\/08\\\/14\\\/ecovamos-corrientes-gano-y-destaco-su-crecimiento-en-las-paso\\\/#primaryimage\"},\"image\":{\"@id\":\"http:\\\/\\\/www.radiohorizonte.fm\\\/radio\\\/2023\\\/08\\\/14\\\/ecovamos-corrientes-gano-y-destaco-su-crecimiento-en-las-paso\\\/#primaryimage\"},\"thumbnailUrl\":\"http:\\\/\\\/www.radiohorizonte.fm\\\/radio\\\/wp-content\\\/uploads\\\/2023\\\/08\\\/WhatsApp-Image-2023-08-14-at-07.18.26.jpeg\",\"datePublished\":\"2023-08-14T10:00:42+00:00\",\"dateModified\":\"2023-08-14T10:20:01+00:00\",\"breadcrumb\":{\"@id\":\"http:\\\/\\\/www.radiohorizonte.fm\\\/radio\\\/2023\\\/08\\\/14\\\/ecovamos-corrientes-gano-y-destaco-su-crecimiento-en-las-paso\\\/#breadcrumb\"},\"inLanguage\":\"es-AR\",\"potentialAction\":[{\"@type\":\"ReadAction\",\"target\":[\"http:\\\/\\\/www.radiohorizonte.fm\\\/radio\\\/2023\\\/08\\\/14\\\/ecovamos-corrientes-gano-y-destaco-su-crecimiento-en-las-paso\\\/\"]}]},{\"@type\":\"ImageObject\",\"inLanguage\":\"es-AR\",\"@id\":\"http:\\\/\\\/www.radiohorizonte.fm\\\/radio\\\/2023\\\/08\\\/14\\\/ecovamos-corrientes-gano-y-destaco-su-crecimiento-en-las-paso\\\/#primaryimage\",\"url\":\"http:\\\/\\\/www.radiohorizonte.fm\\\/radio\\\/wp-content\\\/uploads\\\/2023\\\/08\\\/WhatsApp-Image-2023-08-14-at-07.18.26.jpeg\",\"contentUrl\":\"http:\\\/\\\/www.radiohorizonte.fm\\\/radio\\\/wp-content\\\/uploads\\\/2023\\\/08\\\/WhatsApp-Image-2023-08-14-at-07.18.26.jpeg\",\"width\":1024,\"height\":683},{\"@type\":\"BreadcrumbList\",\"@id\":\"http:\\\/\\\/www.radiohorizonte.fm\\\/radio\\\/2023\\\/08\\\/14\\\/ecovamos-corrientes-gano-y-destaco-su-crecimiento-en-las-paso\\\/#breadcrumb\",\"itemListElement\":[{\"@type\":\"ListItem\",\"position\":1,\"name\":\"Home\",\"item\":\"http:\\\/\\\/www.radiohorizonte.fm\\\/radio\\\/\"},{\"@type\":\"ListItem\",\"position\":2,\"name\":\"ECO+Vamos Corrientes gan\u00f3 y destac\u00f3 su crecimiento en las PASO\"}]},{\"@type\":\"WebSite\",\"@id\":\"http:\\\/\\\/www.radiohorizonte.fm\\\/radio\\\/#website\",\"url\":\"http:\\\/\\\/www.radiohorizonte.fm\\\/radio\\\/\",\"name\":\"Horizonte\",\"description\":\"Radio Horizonte 106.1 - Una radio de clasicos\",\"publisher\":{\"@id\":\"http:\\\/\\\/www.radiohorizonte.fm\\\/radio\\\/#organization\"},\"potentialAction\":[{\"@type\":\"SearchAction\",\"target\":{\"@type\":\"EntryPoint\",\"urlTemplate\":\"http:\\\/\\\/www.radiohorizonte.fm\\\/radio\\\/?s={search_term_string}\"},\"query-input\":{\"@type\":\"PropertyValueSpecification\",\"valueRequired\":true,\"valueName\":\"search_term_string\"}}],\"inLanguage\":\"es-AR\"},{\"@type\":\"Organization\",\"@id\":\"http:\\\/\\\/www.radiohorizonte.fm\\\/radio\\\/#organization\",\"name\":\"Horizonte\",\"url\":\"http:\\\/\\\/www.radiohorizonte.fm\\\/radio\\\/\",\"logo\":{\"@type\":\"ImageObject\",\"inLanguage\":\"es-AR\",\"@id\":\"http:\\\/\\\/www.radiohorizonte.fm\\\/radio\\\/#\\\/schema\\\/logo\\\/image\\\/\",\"url\":\"http:\\\/\\\/www.radiohorizonte.fm\\\/radio\\\/wp-content\\\/uploads\\\/2025\\\/06\\\/Portada-FM-Horizonte_modelo-imagen-scaled.jpg\",\"contentUrl\":\"http:\\\/\\\/www.radiohorizonte.fm\\\/radio\\\/wp-content\\\/uploads\\\/2025\\\/06\\\/Portada-FM-Horizonte_modelo-imagen-scaled.jpg\",\"width\":2560,\"height\":1056,\"caption\":\"Horizonte\"},\"image\":{\"@id\":\"http:\\\/\\\/www.radiohorizonte.fm\\\/radio\\\/#\\\/schema\\\/logo\\\/image\\\/\"},\"sameAs\":[\"http:\\\/\\\/www.facebook.com\\\/HORIZONTE106.1\",\"https:\\\/\\\/x.com\\\/fmhorizonte1061\"]},{\"@type\":\"Person\",\"@id\":\"http:\\\/\\\/www.radiohorizonte.fm\\\/radio\\\/#\\\/schema\\\/person\\\/f8fa003a405bb86729fd87d15d0ddafa\",\"name\":\"Cristian Galarza\",\"image\":{\"@type\":\"ImageObject\",\"inLanguage\":\"es-AR\",\"@id\":\"https:\\\/\\\/secure.gravatar.com\\\/avatar\\\/fad34bc2c773209c05d7d53b08a69b680eeb55f3be014e52b31643d20ab65925?s=96&d=mm&r=g\",\"url\":\"https:\\\/\\\/secure.gravatar.com\\\/avatar\\\/fad34bc2c773209c05d7d53b08a69b680eeb55f3be014e52b31643d20ab65925?s=96&d=mm&r=g\",\"contentUrl\":\"https:\\\/\\\/secure.gravatar.com\\\/avatar\\\/fad34bc2c773209c05d7d53b08a69b680eeb55f3be014e52b31643d20ab65925?s=96&d=mm&r=g\",\"caption\":\"Cristian Galarza\"},\"url\":\"http:\\\/\\\/www.radiohorizonte.fm\\\/radio\\\/author\\\/cristian\\\/\"}]}<\/script>\n<!-- \/ Yoast SEO plugin. -->","yoast_head_json":{"title":"ECO+Vamos Corrientes gan\u00f3 y destac\u00f3 su crecimiento en las PASO - Horizonte","robots":{"index":"index","follow":"follow","max-snippet":"max-snippet:-1","max-image-preview":"max-image-preview:large","max-video-preview":"max-video-preview:-1"},"canonical":"http:\/\/www.radiohorizonte.fm\/radio\/2023\/08\/14\/ecovamos-corrientes-gano-y-destaco-su-crecimiento-en-las-paso\/","og_locale":"es_ES","og_type":"article","og_title":"ECO+Vamos Corrientes gan\u00f3 y destac\u00f3 su crecimiento en las PASO - Horizonte","og_description":"Los candidatos de ECO+Vamos Corrientes ofrecieron este domingo a las 21:30 una conferencia de prensa en la sede central de la UCR provincial y remarcaron que el resultado que obtuvieron en la jornada es superior a las \u00faltimas PASO presidenciales. Alfredo Vallejos, Ingrid Jetter y Gabriela Gauna hablaron as\u00ed ante la prensa que acudi\u00f3 al","og_url":"http:\/\/www.radiohorizonte.fm\/radio\/2023\/08\/14\/ecovamos-corrientes-gano-y-destaco-su-crecimiento-en-las-paso\/","og_site_name":"Horizonte","article_publisher":"http:\/\/www.facebook.com\/HORIZONTE106.1","article_published_time":"2023-08-14T10:00:42+00:00","article_modified_time":"2023-08-14T10:20:01+00:00","og_image":[{"width":1024,"height":683,"url":"http:\/\/www.radiohorizonte.fm\/radio\/wp-content\/uploads\/2023\/08\/WhatsApp-Image-2023-08-14-at-07.18.26.jpeg","type":"image\/jpeg"}],"author":"Cristian Galarza","twitter_card":"summary_large_image","twitter_creator":"@fmhorizonte1061","twitter_site":"@fmhorizonte1061","twitter_misc":{"Escrito por":"Cristian Galarza","Tiempo de lectura":"2 minutos"},"schema":{"@context":"https:\/\/schema.org","@graph":[{"@type":"Article","@id":"http:\/\/www.radiohorizonte.fm\/radio\/2023\/08\/14\/ecovamos-corrientes-gano-y-destaco-su-crecimiento-en-las-paso\/#article","isPartOf":{"@id":"http:\/\/www.radiohorizonte.fm\/radio\/2023\/08\/14\/ecovamos-corrientes-gano-y-destaco-su-crecimiento-en-las-paso\/"},"author":{"name":"Cristian Galarza","@id":"http:\/\/www.radiohorizonte.fm\/radio\/#\/schema\/person\/f8fa003a405bb86729fd87d15d0ddafa"},"headline":"ECO+Vamos Corrientes gan\u00f3 y destac\u00f3 su crecimiento en las PASO","datePublished":"2023-08-14T10:00:42+00:00","dateModified":"2023-08-14T10:20:01+00:00","mainEntityOfPage":{"@id":"http:\/\/www.radiohorizonte.fm\/radio\/2023\/08\/14\/ecovamos-corrientes-gano-y-destaco-su-crecimiento-en-las-paso\/"},"wordCount":342,"publisher":{"@id":"http:\/\/www.radiohorizonte.fm\/radio\/#organization"},"image":{"@id":"http:\/\/www.radiohorizonte.fm\/radio\/2023\/08\/14\/ecovamos-corrientes-gano-y-destaco-su-crecimiento-en-las-paso\/#primaryimage"},"thumbnailUrl":"http:\/\/www.radiohorizonte.fm\/radio\/wp-content\/uploads\/2023\/08\/WhatsApp-Image-2023-08-14-at-07.18.26.jpeg","articleSection":["Noticias"],"inLanguage":"es-AR"},{"@type":"WebPage","@id":"http:\/\/www.radiohorizonte.fm\/radio\/2023\/08\/14\/ecovamos-corrientes-gano-y-destaco-su-crecimiento-en-las-paso\/","url":"http:\/\/www.radiohorizonte.fm\/radio\/2023\/08\/14\/ecovamos-corrientes-gano-y-destaco-su-crecimiento-en-las-paso\/","name":"ECO+Vamos Corrientes gan\u00f3 y destac\u00f3 su crecimiento en las PASO - Horizonte","isPartOf":{"@id":"http:\/\/www.radiohorizonte.fm\/radio\/#website"},"primaryImageOfPage":{"@id":"http:\/\/www.radiohorizonte.fm\/radio\/2023\/08\/14\/ecovamos-corrientes-gano-y-destaco-su-crecimiento-en-las-paso\/#primaryimage"},"image":{"@id":"http:\/\/www.radiohorizonte.fm\/radio\/2023\/08\/14\/ecovamos-corrientes-gano-y-destaco-su-crecimiento-en-las-paso\/#primaryimage"},"thumbnailUrl":"http:\/\/www.radiohorizonte.fm\/radio\/wp-content\/uploads\/2023\/08\/WhatsApp-Image-2023-08-14-at-07.18.26.jpeg","datePublished":"2023-08-14T10:00:42+00:00","dateModified":"2023-08-14T10:20:01+00:00","breadcrumb":{"@id":"http:\/\/www.radiohorizonte.fm\/radio\/2023\/08\/14\/ecovamos-corrientes-gano-y-destaco-su-crecimiento-en-las-paso\/#breadcrumb"},"inLanguage":"es-AR","potentialAction":[{"@type":"ReadAction","target":["http:\/\/www.radiohorizonte.fm\/radio\/2023\/08\/14\/ecovamos-corrientes-gano-y-destaco-su-crecimiento-en-las-paso\/"]}]},{"@type":"ImageObject","inLanguage":"es-AR","@id":"http:\/\/www.radiohorizonte.fm\/radio\/2023\/08\/14\/ecovamos-corrientes-gano-y-destaco-su-crecimiento-en-las-paso\/#primaryimage","url":"http:\/\/www.radiohorizonte.fm\/radio\/wp-content\/uploads\/2023\/08\/WhatsApp-Image-2023-08-14-at-07.18.26.jpeg","contentUrl":"http:\/\/www.radiohorizonte.fm\/radio\/wp-content\/uploads\/2023\/08\/WhatsApp-Image-2023-08-14-at-07.18.26.jpeg","width":1024,"height":683},{"@type":"BreadcrumbList","@id":"http:\/\/www.radiohorizonte.fm\/radio\/2023\/08\/14\/ecovamos-corrientes-gano-y-destaco-su-crecimiento-en-las-paso\/#breadcrumb","itemListElement":[{"@type":"ListItem","position":1,"name":"Home","item":"http:\/\/www.radiohorizonte.fm\/radio\/"},{"@type":"ListItem","position":2,"name":"ECO+Vamos Corrientes gan\u00f3 y destac\u00f3 su crecimiento en las PASO"}]},{"@type":"WebSite","@id":"http:\/\/www.radiohorizonte.fm\/radio\/#website","url":"http:\/\/www.radiohorizonte.fm\/radio\/","name":"Horizonte","description":"Radio Horizonte 106.1 - Una radio de clasicos","publisher":{"@id":"http:\/\/www.radiohorizonte.fm\/radio\/#organization"},"potentialAction":[{"@type":"SearchAction","target":{"@type":"EntryPoint","urlTemplate":"http:\/\/www.radiohorizonte.fm\/radio\/?s={search_term_string}"},"query-input":{"@type":"PropertyValueSpecification","valueRequired":true,"valueName":"search_term_string"}}],"inLanguage":"es-AR"},{"@type":"Organization","@id":"http:\/\/www.radiohorizonte.fm\/radio\/#organization","name":"Horizonte","url":"http:\/\/www.radiohorizonte.fm\/radio\/","logo":{"@type":"ImageObject","inLanguage":"es-AR","@id":"http:\/\/www.radiohorizonte.fm\/radio\/#\/schema\/logo\/image\/","url":"http:\/\/www.radiohorizonte.fm\/radio\/wp-content\/uploads\/2025\/06\/Portada-FM-Horizonte_modelo-imagen-scaled.jpg","contentUrl":"http:\/\/www.radiohorizonte.fm\/radio\/wp-content\/uploads\/2025\/06\/Portada-FM-Horizonte_modelo-imagen-scaled.jpg","width":2560,"height":1056,"caption":"Horizonte"},"image":{"@id":"http:\/\/www.radiohorizonte.fm\/radio\/#\/schema\/logo\/image\/"},"sameAs":["http:\/\/www.facebook.com\/HORIZONTE106.1","https:\/\/x.com\/fmhorizonte1061"]},{"@type":"Person","@id":"http:\/\/www.radiohorizonte.fm\/radio\/#\/schema\/person\/f8fa003a405bb86729fd87d15d0ddafa","name":"Cristian Galarza","image":{"@type":"ImageObject","inLanguage":"es-AR","@id":"https:\/\/secure.gravatar.com\/avatar\/fad34bc2c773209c05d7d53b08a69b680eeb55f3be014e52b31643d20ab65925?s=96&d=mm&r=g","url":"https:\/\/secure.gravatar.com\/avatar\/fad34bc2c773209c05d7d53b08a69b680eeb55f3be014e52b31643d20ab65925?s=96&d=mm&r=g","contentUrl":"https:\/\/secure.gravatar.com\/avatar\/fad34bc2c773209c05d7d53b08a69b680eeb55f3be014e52b31643d20ab65925?s=96&d=mm&r=g","caption":"Cristian Galarza"},"url":"http:\/\/www.radiohorizonte.fm\/radio\/author\/cristian\/"}]}},"_links":{"self":[{"href":"http:\/\/www.radiohorizonte.fm\/radio\/wp-json\/wp\/v2\/posts\/41733","targetHints":{"allow":["GET"]}}],"collection":[{"href":"http:\/\/www.radiohorizonte.fm\/radio\/wp-json\/wp\/v2\/posts"}],"about":[{"href":"http:\/\/www.radiohorizonte.fm\/radio\/wp-json\/wp\/v2\/types\/post"}],"author":[{"embeddable":true,"href":"http:\/\/www.radiohorizonte.fm\/radio\/wp-json\/wp\/v2\/users\/2"}],"replies":[{"embeddable":true,"href":"http:\/\/www.radiohorizonte.fm\/radio\/wp-json\/wp\/v2\/comments?post=41733"}],"version-history":[{"count":1,"href":"http:\/\/www.radiohorizonte.fm\/radio\/wp-json\/wp\/v2\/posts\/41733\/revisions"}],"predecessor-version":[{"id":41735,"href":"http:\/\/www.radiohorizonte.fm\/radio\/wp-json\/wp\/v2\/posts\/41733\/revisions\/41735"}],"wp:featuredmedia":[{"embeddable":true,"href":"http:\/\/www.radiohorizonte.fm\/radio\/wp-json\/wp\/v2\/media\/41734"}],"wp:attachment":[{"href":"http:\/\/www.radiohorizonte.fm\/radio\/wp-json\/wp\/v2\/media?parent=41733"}],"wp:term":[{"taxonomy":"category","embeddable":true,"href":"http:\/\/www.radiohorizonte.fm\/radio\/wp-json\/wp\/v2\/categories?post=41733"},{"taxonomy":"post_tag","embeddable":true,"href":"http:\/\/www.radiohorizonte.fm\/radio\/wp-json\/wp\/v2\/tags?post=41733"}],"curies":[{"name":"wp","href":"https:\/\/api.w.org\/{rel}","templated":true}]}}