{"id":41737,"date":"2023-08-14T09:57:06","date_gmt":"2023-08-14T12:57:06","guid":{"rendered":"http:\/\/www.radiohorizonte.fm\/radio\/?p=41737"},"modified":"2023-08-14T09:57:06","modified_gmt":"2023-08-14T12:57:06","slug":"juan-arregin-se-sintio-desplazado-por-burlando-y-se-aparta-de-la-causa","status":"publish","type":"post","link":"http:\/\/www.radiohorizonte.fm\/radio\/2023\/08\/14\/juan-arregin-se-sintio-desplazado-por-burlando-y-se-aparta-de-la-causa\/","title":{"rendered":"Juan Arreg\u00edn se sinti\u00f3 desplazado por Burlando y se aparta de la causa"},"content":{"rendered":"<p>Este domingo, el ex abogado de Gloria Romero comunic\u00f3 su decisi\u00f3n a trav\u00e9s de un video difundido en redes sociales.<\/p>\n<p><img loading=\"lazy\" decoding=\"async\" class=\"alignnone size-full wp-image-41738\" src=\"http:\/\/www.radiohorizonte.fm\/radio\/wp-content\/uploads\/2023\/08\/157789w850h477c.jpg-1.jpg\" alt=\"\" width=\"850\" height=\"477\" srcset=\"http:\/\/www.radiohorizonte.fm\/radio\/wp-content\/uploads\/2023\/08\/157789w850h477c.jpg-1.jpg 850w, http:\/\/www.radiohorizonte.fm\/radio\/wp-content\/uploads\/2023\/08\/157789w850h477c.jpg-1-300x168.jpg 300w, http:\/\/www.radiohorizonte.fm\/radio\/wp-content\/uploads\/2023\/08\/157789w850h477c.jpg-1-768x431.jpg 768w, http:\/\/www.radiohorizonte.fm\/radio\/wp-content\/uploads\/2023\/08\/157789w850h477c.jpg-1-65x36.jpg 65w, http:\/\/www.radiohorizonte.fm\/radio\/wp-content\/uploads\/2023\/08\/157789w850h477c.jpg-1-320x180.jpg 320w, http:\/\/www.radiohorizonte.fm\/radio\/wp-content\/uploads\/2023\/08\/157789w850h477c.jpg-1-85x48.jpg 85w, http:\/\/www.radiohorizonte.fm\/radio\/wp-content\/uploads\/2023\/08\/157789w850h477c.jpg-1-220x123.jpg 220w, http:\/\/www.radiohorizonte.fm\/radio\/wp-content\/uploads\/2023\/08\/157789w850h477c.jpg-1-90x51.jpg 90w\" sizes=\"auto, (max-width: 850px) 100vw, 850px\" \/><\/p>\n<h3><strong>Juan Arreg\u00edn, ex abogado de Gloria Romero, la mam\u00e1 de Cecilia Strzyzowski, difundi\u00f3 este domingo un video donde aclara que se apartar\u00e1 de la causa, debido a que se sinti\u00f3 desplazado por su colega, Fernando Burlando.<\/strong><\/h3>\n<p>&nbsp;<\/p>\n<p>Seg\u00fan indica en el audiovisual, recibi\u00f3 un audio de WhatsApp que se lo envi\u00f3 otra persona, donde\u00a0<strong>se la escucha a Gloria Romero decir que su abogado es Fernando Burlando y que existen celos profesionales que &#8220;se est\u00e1n poniendo en evidencia&#8221; y que &#8220;est\u00e1n trayendo problemas&#8221;.<\/strong><\/p>\n<p><strong>&#8220;Se va a tener que apartar del caso, por decisi\u00f3n de Burlando. \u00c9l es el abogado representante, los dem\u00e1s trabajan en su equipo.<\/strong>\u00a0Cuando se lo contrat\u00f3 a Burlando, se lo contrat\u00f3 con esa condici\u00f3n. Lamentablemente, se tom\u00f3 una decisi\u00f3n y\u00a0<strong>es probable que Juan Arreg\u00edn sea desplazado de su cargo, porque no va con el mandato que pone Burlando&#8221;, se la escucha decir a Gloria.<\/strong><\/p>\n<p>Sobre ello, Arreg\u00edn asegura que le envi\u00f3 varios mensajes a su colega de Buenos Aires, quien nunca le respondi\u00f3.\u00a0<strong>&#8220;Este colega que no est\u00e1 en el expediente, ha definido, seg\u00fan Gloria, no me lo comunican, que yo me aparte de la causa&#8221;, dijo.<\/strong><\/p>\n<p>&#8220;Tengo mucho respeto por mi honor y mi dignidad. Estuve en esta causa por convicci\u00f3n. Gast\u00e9 dinero de mis ahorros, descuid\u00e9 a mi familia por esta causa, porque estoy convencido de que hab\u00eda que hacer justicia por Cecilia.\u00a0<strong>Espero que se la haga, que esta gente que viene de Buenos Aires y se saca la foto y participa de reuniones importantes, que nos deja afuera, que crea que esto es una cuesti\u00f3n de celos profesionales, que se haga cargo&#8221;, indic\u00f3 el letrado.<\/strong><\/p>\n<p class=\" aBigClassNameToAvoidCollisionInText\">&#8220;Que Gloria encuentre la paz que necesita, se la quisimos dar.\u00a0<strong>Que los colegas se puedan hacer cargo, hay audiencias esta semana y todo el expediente est\u00e1 a su disponibilidad. Que toda la hombr\u00eda que no tuvieron en decirme las cosas durante este tiempo y me las entero gracias a la gente que me quiere, sirva de algo.<\/strong>\u00a0Insisto, mi familia y yo todo el tiempo estuvimos buscando justicia por Cecilia, algo que ciertas personas perdieron la br\u00fajula y no est\u00e1n buscando lo mismo&#8221;, puntualiz\u00f3.<\/p>\n<p>Por \u00faltimo, Arregin mencion\u00f3: &#8220;Que Dios les d\u00e9 el doble de lo que me desean, que la gente sepa de qu\u00e9 lado de la mecha estoy yo.\u00a0<strong>Gracias a todos, ha sido un honor trabajar por esta causa y ojal\u00e1 que al final de la historia haya justicia por Cecilia. Besos a todos, gracias y tengan cuidado, porque hay mucho &#8220;garca&#8221; dando vuelta&#8221;.<\/strong><\/p>\n<p>Fuente: Datachaco<\/p>\n","protected":false},"excerpt":{"rendered":"<div class=\"post-excerpt\"><p>Este domingo, el ex abogado de Gloria Romero comunic\u00f3 su decisi\u00f3n a trav\u00e9s de un video difundido en redes sociales. Juan Arreg\u00edn, ex abogado de Gloria Romero, la mam\u00e1 de Cecilia Strzyzowski, difundi\u00f3 este domingo un video donde aclara que se apartar\u00e1 de la causa, debido a que se sinti\u00f3 desplazado por su colega, Fernando<\/p>\n<\/div>","protected":false},"author":2,"featured_media":41738,"comment_status":"closed","ping_status":"closed","sticky":false,"template":"","format":"standard","meta":{"_acf_changed":false,"footnotes":""},"categories":[2],"tags":[],"class_list":["post-41737","post","type-post","status-publish","format-standard","has-post-thumbnail","hentry","category-noticias"],"acf":[],"yoast_head":"<!-- This site is optimized with the Yoast SEO plugin v28.1 - https:\/\/yoast.com\/product\/yoast-seo-wordpress\/ -->\n<title>Juan Arreg\u00edn se sinti\u00f3 desplazado por Burlando y se aparta de la causa - Horizonte<\/title>\n<meta name=\"robots\" content=\"index, follow, max-snippet:-1, max-image-preview:large, max-video-preview:-1\" \/>\n<link rel=\"canonical\" href=\"http:\/\/www.radiohorizonte.fm\/radio\/2023\/08\/14\/juan-arregin-se-sintio-desplazado-por-burlando-y-se-aparta-de-la-causa\/\" \/>\n<meta property=\"og:locale\" content=\"es_ES\" \/>\n<meta property=\"og:type\" content=\"article\" \/>\n<meta property=\"og:title\" content=\"Juan Arreg\u00edn se sinti\u00f3 desplazado por Burlando y se aparta de la causa - Horizonte\" \/>\n<meta property=\"og:description\" content=\"Este domingo, el ex abogado de Gloria Romero comunic\u00f3 su decisi\u00f3n a trav\u00e9s de un video difundido en redes sociales. Juan Arreg\u00edn, ex abogado de Gloria Romero, la mam\u00e1 de Cecilia Strzyzowski, difundi\u00f3 este domingo un video donde aclara que se apartar\u00e1 de la causa, debido a que se sinti\u00f3 desplazado por su colega, Fernando\" \/>\n<meta property=\"og:url\" content=\"http:\/\/www.radiohorizonte.fm\/radio\/2023\/08\/14\/juan-arregin-se-sintio-desplazado-por-burlando-y-se-aparta-de-la-causa\/\" \/>\n<meta property=\"og:site_name\" content=\"Horizonte\" \/>\n<meta property=\"article:publisher\" content=\"http:\/\/www.facebook.com\/HORIZONTE106.1\" \/>\n<meta property=\"article:published_time\" content=\"2023-08-14T12:57:06+00:00\" \/>\n<meta property=\"og:image\" content=\"http:\/\/www.radiohorizonte.fm\/radio\/wp-content\/uploads\/2023\/08\/157789w850h477c.jpg-1.jpg\" \/>\n\t<meta property=\"og:image:width\" content=\"850\" \/>\n\t<meta property=\"og:image:height\" content=\"477\" \/>\n\t<meta property=\"og:image:type\" content=\"image\/jpeg\" \/>\n<meta name=\"author\" content=\"Cristian Galarza\" \/>\n<meta name=\"twitter:card\" content=\"summary_large_image\" \/>\n<meta name=\"twitter:creator\" content=\"@fmhorizonte1061\" \/>\n<meta name=\"twitter:site\" content=\"@fmhorizonte1061\" \/>\n<meta name=\"twitter:label1\" content=\"Escrito por\" \/>\n\t<meta name=\"twitter:data1\" content=\"Cristian Galarza\" \/>\n\t<meta name=\"twitter:label2\" content=\"Tiempo de lectura\" \/>\n\t<meta name=\"twitter:data2\" content=\"2 minutos\" \/>\n<script type=\"application\/ld+json\" class=\"yoast-schema-graph\">{\"@context\":\"https:\\\/\\\/schema.org\",\"@graph\":[{\"@type\":\"Article\",\"@id\":\"http:\\\/\\\/www.radiohorizonte.fm\\\/radio\\\/2023\\\/08\\\/14\\\/juan-arregin-se-sintio-desplazado-por-burlando-y-se-aparta-de-la-causa\\\/#article\",\"isPartOf\":{\"@id\":\"http:\\\/\\\/www.radiohorizonte.fm\\\/radio\\\/2023\\\/08\\\/14\\\/juan-arregin-se-sintio-desplazado-por-burlando-y-se-aparta-de-la-causa\\\/\"},\"author\":{\"name\":\"Cristian Galarza\",\"@id\":\"http:\\\/\\\/www.radiohorizonte.fm\\\/radio\\\/#\\\/schema\\\/person\\\/f8fa003a405bb86729fd87d15d0ddafa\"},\"headline\":\"Juan Arreg\u00edn se sinti\u00f3 desplazado por Burlando y se aparta de la causa\",\"datePublished\":\"2023-08-14T12:57:06+00:00\",\"mainEntityOfPage\":{\"@id\":\"http:\\\/\\\/www.radiohorizonte.fm\\\/radio\\\/2023\\\/08\\\/14\\\/juan-arregin-se-sintio-desplazado-por-burlando-y-se-aparta-de-la-causa\\\/\"},\"wordCount\":477,\"publisher\":{\"@id\":\"http:\\\/\\\/www.radiohorizonte.fm\\\/radio\\\/#organization\"},\"image\":{\"@id\":\"http:\\\/\\\/www.radiohorizonte.fm\\\/radio\\\/2023\\\/08\\\/14\\\/juan-arregin-se-sintio-desplazado-por-burlando-y-se-aparta-de-la-causa\\\/#primaryimage\"},\"thumbnailUrl\":\"http:\\\/\\\/www.radiohorizonte.fm\\\/radio\\\/wp-content\\\/uploads\\\/2023\\\/08\\\/157789w850h477c.jpg-1.jpg\",\"articleSection\":[\"Noticias\"],\"inLanguage\":\"es-AR\"},{\"@type\":\"WebPage\",\"@id\":\"http:\\\/\\\/www.radiohorizonte.fm\\\/radio\\\/2023\\\/08\\\/14\\\/juan-arregin-se-sintio-desplazado-por-burlando-y-se-aparta-de-la-causa\\\/\",\"url\":\"http:\\\/\\\/www.radiohorizonte.fm\\\/radio\\\/2023\\\/08\\\/14\\\/juan-arregin-se-sintio-desplazado-por-burlando-y-se-aparta-de-la-causa\\\/\",\"name\":\"Juan Arreg\u00edn se sinti\u00f3 desplazado por Burlando y se aparta de la causa - Horizonte\",\"isPartOf\":{\"@id\":\"http:\\\/\\\/www.radiohorizonte.fm\\\/radio\\\/#website\"},\"primaryImageOfPage\":{\"@id\":\"http:\\\/\\\/www.radiohorizonte.fm\\\/radio\\\/2023\\\/08\\\/14\\\/juan-arregin-se-sintio-desplazado-por-burlando-y-se-aparta-de-la-causa\\\/#primaryimage\"},\"image\":{\"@id\":\"http:\\\/\\\/www.radiohorizonte.fm\\\/radio\\\/2023\\\/08\\\/14\\\/juan-arregin-se-sintio-desplazado-por-burlando-y-se-aparta-de-la-causa\\\/#primaryimage\"},\"thumbnailUrl\":\"http:\\\/\\\/www.radiohorizonte.fm\\\/radio\\\/wp-content\\\/uploads\\\/2023\\\/08\\\/157789w850h477c.jpg-1.jpg\",\"datePublished\":\"2023-08-14T12:57:06+00:00\",\"breadcrumb\":{\"@id\":\"http:\\\/\\\/www.radiohorizonte.fm\\\/radio\\\/2023\\\/08\\\/14\\\/juan-arregin-se-sintio-desplazado-por-burlando-y-se-aparta-de-la-causa\\\/#breadcrumb\"},\"inLanguage\":\"es-AR\",\"potentialAction\":[{\"@type\":\"ReadAction\",\"target\":[\"http:\\\/\\\/www.radiohorizonte.fm\\\/radio\\\/2023\\\/08\\\/14\\\/juan-arregin-se-sintio-desplazado-por-burlando-y-se-aparta-de-la-causa\\\/\"]}]},{\"@type\":\"ImageObject\",\"inLanguage\":\"es-AR\",\"@id\":\"http:\\\/\\\/www.radiohorizonte.fm\\\/radio\\\/2023\\\/08\\\/14\\\/juan-arregin-se-sintio-desplazado-por-burlando-y-se-aparta-de-la-causa\\\/#primaryimage\",\"url\":\"http:\\\/\\\/www.radiohorizonte.fm\\\/radio\\\/wp-content\\\/uploads\\\/2023\\\/08\\\/157789w850h477c.jpg-1.jpg\",\"contentUrl\":\"http:\\\/\\\/www.radiohorizonte.fm\\\/radio\\\/wp-content\\\/uploads\\\/2023\\\/08\\\/157789w850h477c.jpg-1.jpg\",\"width\":850,\"height\":477},{\"@type\":\"BreadcrumbList\",\"@id\":\"http:\\\/\\\/www.radiohorizonte.fm\\\/radio\\\/2023\\\/08\\\/14\\\/juan-arregin-se-sintio-desplazado-por-burlando-y-se-aparta-de-la-causa\\\/#breadcrumb\",\"itemListElement\":[{\"@type\":\"ListItem\",\"position\":1,\"name\":\"Home\",\"item\":\"http:\\\/\\\/www.radiohorizonte.fm\\\/radio\\\/\"},{\"@type\":\"ListItem\",\"position\":2,\"name\":\"Juan Arreg\u00edn se sinti\u00f3 desplazado por Burlando y se aparta de la causa\"}]},{\"@type\":\"WebSite\",\"@id\":\"http:\\\/\\\/www.radiohorizonte.fm\\\/radio\\\/#website\",\"url\":\"http:\\\/\\\/www.radiohorizonte.fm\\\/radio\\\/\",\"name\":\"Horizonte\",\"description\":\"Radio Horizonte 106.1 - Una radio de clasicos\",\"publisher\":{\"@id\":\"http:\\\/\\\/www.radiohorizonte.fm\\\/radio\\\/#organization\"},\"potentialAction\":[{\"@type\":\"SearchAction\",\"target\":{\"@type\":\"EntryPoint\",\"urlTemplate\":\"http:\\\/\\\/www.radiohorizonte.fm\\\/radio\\\/?s={search_term_string}\"},\"query-input\":{\"@type\":\"PropertyValueSpecification\",\"valueRequired\":true,\"valueName\":\"search_term_string\"}}],\"inLanguage\":\"es-AR\"},{\"@type\":\"Organization\",\"@id\":\"http:\\\/\\\/www.radiohorizonte.fm\\\/radio\\\/#organization\",\"name\":\"Horizonte\",\"url\":\"http:\\\/\\\/www.radiohorizonte.fm\\\/radio\\\/\",\"logo\":{\"@type\":\"ImageObject\",\"inLanguage\":\"es-AR\",\"@id\":\"http:\\\/\\\/www.radiohorizonte.fm\\\/radio\\\/#\\\/schema\\\/logo\\\/image\\\/\",\"url\":\"http:\\\/\\\/www.radiohorizonte.fm\\\/radio\\\/wp-content\\\/uploads\\\/2025\\\/06\\\/Portada-FM-Horizonte_modelo-imagen-scaled.jpg\",\"contentUrl\":\"http:\\\/\\\/www.radiohorizonte.fm\\\/radio\\\/wp-content\\\/uploads\\\/2025\\\/06\\\/Portada-FM-Horizonte_modelo-imagen-scaled.jpg\",\"width\":2560,\"height\":1056,\"caption\":\"Horizonte\"},\"image\":{\"@id\":\"http:\\\/\\\/www.radiohorizonte.fm\\\/radio\\\/#\\\/schema\\\/logo\\\/image\\\/\"},\"sameAs\":[\"http:\\\/\\\/www.facebook.com\\\/HORIZONTE106.1\",\"https:\\\/\\\/x.com\\\/fmhorizonte1061\"]},{\"@type\":\"Person\",\"@id\":\"http:\\\/\\\/www.radiohorizonte.fm\\\/radio\\\/#\\\/schema\\\/person\\\/f8fa003a405bb86729fd87d15d0ddafa\",\"name\":\"Cristian Galarza\",\"image\":{\"@type\":\"ImageObject\",\"inLanguage\":\"es-AR\",\"@id\":\"https:\\\/\\\/secure.gravatar.com\\\/avatar\\\/fad34bc2c773209c05d7d53b08a69b680eeb55f3be014e52b31643d20ab65925?s=96&d=mm&r=g\",\"url\":\"https:\\\/\\\/secure.gravatar.com\\\/avatar\\\/fad34bc2c773209c05d7d53b08a69b680eeb55f3be014e52b31643d20ab65925?s=96&d=mm&r=g\",\"contentUrl\":\"https:\\\/\\\/secure.gravatar.com\\\/avatar\\\/fad34bc2c773209c05d7d53b08a69b680eeb55f3be014e52b31643d20ab65925?s=96&d=mm&r=g\",\"caption\":\"Cristian Galarza\"},\"url\":\"http:\\\/\\\/www.radiohorizonte.fm\\\/radio\\\/author\\\/cristian\\\/\"}]}<\/script>\n<!-- \/ Yoast SEO plugin. -->","yoast_head_json":{"title":"Juan Arreg\u00edn se sinti\u00f3 desplazado por Burlando y se aparta de la causa - Horizonte","robots":{"index":"index","follow":"follow","max-snippet":"max-snippet:-1","max-image-preview":"max-image-preview:large","max-video-preview":"max-video-preview:-1"},"canonical":"http:\/\/www.radiohorizonte.fm\/radio\/2023\/08\/14\/juan-arregin-se-sintio-desplazado-por-burlando-y-se-aparta-de-la-causa\/","og_locale":"es_ES","og_type":"article","og_title":"Juan Arreg\u00edn se sinti\u00f3 desplazado por Burlando y se aparta de la causa - Horizonte","og_description":"Este domingo, el ex abogado de Gloria Romero comunic\u00f3 su decisi\u00f3n a trav\u00e9s de un video difundido en redes sociales. Juan Arreg\u00edn, ex abogado de Gloria Romero, la mam\u00e1 de Cecilia Strzyzowski, difundi\u00f3 este domingo un video donde aclara que se apartar\u00e1 de la causa, debido a que se sinti\u00f3 desplazado por su colega, Fernando","og_url":"http:\/\/www.radiohorizonte.fm\/radio\/2023\/08\/14\/juan-arregin-se-sintio-desplazado-por-burlando-y-se-aparta-de-la-causa\/","og_site_name":"Horizonte","article_publisher":"http:\/\/www.facebook.com\/HORIZONTE106.1","article_published_time":"2023-08-14T12:57:06+00:00","og_image":[{"width":850,"height":477,"url":"http:\/\/www.radiohorizonte.fm\/radio\/wp-content\/uploads\/2023\/08\/157789w850h477c.jpg-1.jpg","type":"image\/jpeg"}],"author":"Cristian Galarza","twitter_card":"summary_large_image","twitter_creator":"@fmhorizonte1061","twitter_site":"@fmhorizonte1061","twitter_misc":{"Escrito por":"Cristian Galarza","Tiempo de lectura":"2 minutos"},"schema":{"@context":"https:\/\/schema.org","@graph":[{"@type":"Article","@id":"http:\/\/www.radiohorizonte.fm\/radio\/2023\/08\/14\/juan-arregin-se-sintio-desplazado-por-burlando-y-se-aparta-de-la-causa\/#article","isPartOf":{"@id":"http:\/\/www.radiohorizonte.fm\/radio\/2023\/08\/14\/juan-arregin-se-sintio-desplazado-por-burlando-y-se-aparta-de-la-causa\/"},"author":{"name":"Cristian Galarza","@id":"http:\/\/www.radiohorizonte.fm\/radio\/#\/schema\/person\/f8fa003a405bb86729fd87d15d0ddafa"},"headline":"Juan Arreg\u00edn se sinti\u00f3 desplazado por Burlando y se aparta de la causa","datePublished":"2023-08-14T12:57:06+00:00","mainEntityOfPage":{"@id":"http:\/\/www.radiohorizonte.fm\/radio\/2023\/08\/14\/juan-arregin-se-sintio-desplazado-por-burlando-y-se-aparta-de-la-causa\/"},"wordCount":477,"publisher":{"@id":"http:\/\/www.radiohorizonte.fm\/radio\/#organization"},"image":{"@id":"http:\/\/www.radiohorizonte.fm\/radio\/2023\/08\/14\/juan-arregin-se-sintio-desplazado-por-burlando-y-se-aparta-de-la-causa\/#primaryimage"},"thumbnailUrl":"http:\/\/www.radiohorizonte.fm\/radio\/wp-content\/uploads\/2023\/08\/157789w850h477c.jpg-1.jpg","articleSection":["Noticias"],"inLanguage":"es-AR"},{"@type":"WebPage","@id":"http:\/\/www.radiohorizonte.fm\/radio\/2023\/08\/14\/juan-arregin-se-sintio-desplazado-por-burlando-y-se-aparta-de-la-causa\/","url":"http:\/\/www.radiohorizonte.fm\/radio\/2023\/08\/14\/juan-arregin-se-sintio-desplazado-por-burlando-y-se-aparta-de-la-causa\/","name":"Juan Arreg\u00edn se sinti\u00f3 desplazado por Burlando y se aparta de la causa - Horizonte","isPartOf":{"@id":"http:\/\/www.radiohorizonte.fm\/radio\/#website"},"primaryImageOfPage":{"@id":"http:\/\/www.radiohorizonte.fm\/radio\/2023\/08\/14\/juan-arregin-se-sintio-desplazado-por-burlando-y-se-aparta-de-la-causa\/#primaryimage"},"image":{"@id":"http:\/\/www.radiohorizonte.fm\/radio\/2023\/08\/14\/juan-arregin-se-sintio-desplazado-por-burlando-y-se-aparta-de-la-causa\/#primaryimage"},"thumbnailUrl":"http:\/\/www.radiohorizonte.fm\/radio\/wp-content\/uploads\/2023\/08\/157789w850h477c.jpg-1.jpg","datePublished":"2023-08-14T12:57:06+00:00","breadcrumb":{"@id":"http:\/\/www.radiohorizonte.fm\/radio\/2023\/08\/14\/juan-arregin-se-sintio-desplazado-por-burlando-y-se-aparta-de-la-causa\/#breadcrumb"},"inLanguage":"es-AR","potentialAction":[{"@type":"ReadAction","target":["http:\/\/www.radiohorizonte.fm\/radio\/2023\/08\/14\/juan-arregin-se-sintio-desplazado-por-burlando-y-se-aparta-de-la-causa\/"]}]},{"@type":"ImageObject","inLanguage":"es-AR","@id":"http:\/\/www.radiohorizonte.fm\/radio\/2023\/08\/14\/juan-arregin-se-sintio-desplazado-por-burlando-y-se-aparta-de-la-causa\/#primaryimage","url":"http:\/\/www.radiohorizonte.fm\/radio\/wp-content\/uploads\/2023\/08\/157789w850h477c.jpg-1.jpg","contentUrl":"http:\/\/www.radiohorizonte.fm\/radio\/wp-content\/uploads\/2023\/08\/157789w850h477c.jpg-1.jpg","width":850,"height":477},{"@type":"BreadcrumbList","@id":"http:\/\/www.radiohorizonte.fm\/radio\/2023\/08\/14\/juan-arregin-se-sintio-desplazado-por-burlando-y-se-aparta-de-la-causa\/#breadcrumb","itemListElement":[{"@type":"ListItem","position":1,"name":"Home","item":"http:\/\/www.radiohorizonte.fm\/radio\/"},{"@type":"ListItem","position":2,"name":"Juan Arreg\u00edn se sinti\u00f3 desplazado por Burlando y se aparta de la causa"}]},{"@type":"WebSite","@id":"http:\/\/www.radiohorizonte.fm\/radio\/#website","url":"http:\/\/www.radiohorizonte.fm\/radio\/","name":"Horizonte","description":"Radio Horizonte 106.1 - Una radio de clasicos","publisher":{"@id":"http:\/\/www.radiohorizonte.fm\/radio\/#organization"},"potentialAction":[{"@type":"SearchAction","target":{"@type":"EntryPoint","urlTemplate":"http:\/\/www.radiohorizonte.fm\/radio\/?s={search_term_string}"},"query-input":{"@type":"PropertyValueSpecification","valueRequired":true,"valueName":"search_term_string"}}],"inLanguage":"es-AR"},{"@type":"Organization","@id":"http:\/\/www.radiohorizonte.fm\/radio\/#organization","name":"Horizonte","url":"http:\/\/www.radiohorizonte.fm\/radio\/","logo":{"@type":"ImageObject","inLanguage":"es-AR","@id":"http:\/\/www.radiohorizonte.fm\/radio\/#\/schema\/logo\/image\/","url":"http:\/\/www.radiohorizonte.fm\/radio\/wp-content\/uploads\/2025\/06\/Portada-FM-Horizonte_modelo-imagen-scaled.jpg","contentUrl":"http:\/\/www.radiohorizonte.fm\/radio\/wp-content\/uploads\/2025\/06\/Portada-FM-Horizonte_modelo-imagen-scaled.jpg","width":2560,"height":1056,"caption":"Horizonte"},"image":{"@id":"http:\/\/www.radiohorizonte.fm\/radio\/#\/schema\/logo\/image\/"},"sameAs":["http:\/\/www.facebook.com\/HORIZONTE106.1","https:\/\/x.com\/fmhorizonte1061"]},{"@type":"Person","@id":"http:\/\/www.radiohorizonte.fm\/radio\/#\/schema\/person\/f8fa003a405bb86729fd87d15d0ddafa","name":"Cristian Galarza","image":{"@type":"ImageObject","inLanguage":"es-AR","@id":"https:\/\/secure.gravatar.com\/avatar\/fad34bc2c773209c05d7d53b08a69b680eeb55f3be014e52b31643d20ab65925?s=96&d=mm&r=g","url":"https:\/\/secure.gravatar.com\/avatar\/fad34bc2c773209c05d7d53b08a69b680eeb55f3be014e52b31643d20ab65925?s=96&d=mm&r=g","contentUrl":"https:\/\/secure.gravatar.com\/avatar\/fad34bc2c773209c05d7d53b08a69b680eeb55f3be014e52b31643d20ab65925?s=96&d=mm&r=g","caption":"Cristian Galarza"},"url":"http:\/\/www.radiohorizonte.fm\/radio\/author\/cristian\/"}]}},"_links":{"self":[{"href":"http:\/\/www.radiohorizonte.fm\/radio\/wp-json\/wp\/v2\/posts\/41737","targetHints":{"allow":["GET"]}}],"collection":[{"href":"http:\/\/www.radiohorizonte.fm\/radio\/wp-json\/wp\/v2\/posts"}],"about":[{"href":"http:\/\/www.radiohorizonte.fm\/radio\/wp-json\/wp\/v2\/types\/post"}],"author":[{"embeddable":true,"href":"http:\/\/www.radiohorizonte.fm\/radio\/wp-json\/wp\/v2\/users\/2"}],"replies":[{"embeddable":true,"href":"http:\/\/www.radiohorizonte.fm\/radio\/wp-json\/wp\/v2\/comments?post=41737"}],"version-history":[{"count":1,"href":"http:\/\/www.radiohorizonte.fm\/radio\/wp-json\/wp\/v2\/posts\/41737\/revisions"}],"predecessor-version":[{"id":41739,"href":"http:\/\/www.radiohorizonte.fm\/radio\/wp-json\/wp\/v2\/posts\/41737\/revisions\/41739"}],"wp:featuredmedia":[{"embeddable":true,"href":"http:\/\/www.radiohorizonte.fm\/radio\/wp-json\/wp\/v2\/media\/41738"}],"wp:attachment":[{"href":"http:\/\/www.radiohorizonte.fm\/radio\/wp-json\/wp\/v2\/media?parent=41737"}],"wp:term":[{"taxonomy":"category","embeddable":true,"href":"http:\/\/www.radiohorizonte.fm\/radio\/wp-json\/wp\/v2\/categories?post=41737"},{"taxonomy":"post_tag","embeddable":true,"href":"http:\/\/www.radiohorizonte.fm\/radio\/wp-json\/wp\/v2\/tags?post=41737"}],"curies":[{"name":"wp","href":"https:\/\/api.w.org\/{rel}","templated":true}]}}