{"id":41740,"date":"2023-08-14T11:39:35","date_gmt":"2023-08-14T14:39:35","guid":{"rendered":"http:\/\/www.radiohorizonte.fm\/radio\/?p=41740"},"modified":"2023-08-14T11:39:35","modified_gmt":"2023-08-14T14:39:35","slug":"plazos-fijos-el-banco-central-tambien-subio-la-tasa-de-interes-hasta-el-118","status":"publish","type":"post","link":"http:\/\/www.radiohorizonte.fm\/radio\/2023\/08\/14\/plazos-fijos-el-banco-central-tambien-subio-la-tasa-de-interes-hasta-el-118\/","title":{"rendered":"Plazos fijos: el Banco Central tambi\u00e9n subi\u00f3 la tasa de inter\u00e9s hasta el 118%"},"content":{"rendered":"<div class=\"detail-header-wrapper\">\n<p class=\"excerpt\">Adem\u00e1s de llevar el tipo de cambio del d\u00f3lar oficial a $350, tambi\u00e9n modificaron las tasas de inter\u00e9s de los plazos fijos. El objetivo es evitar la fuga de reservas.<\/p>\n<\/div>\n<div class=\"socials-share\">\u00a0<img loading=\"lazy\" decoding=\"async\" class=\"alignnone size-full wp-image-14834\" src=\"http:\/\/www.radiohorizonte.fm\/radio\/wp-content\/uploads\/2018\/06\/banco-nacion.jpg\" alt=\"\" width=\"1004\" height=\"565\" srcset=\"http:\/\/www.radiohorizonte.fm\/radio\/wp-content\/uploads\/2018\/06\/banco-nacion.jpg 1004w, http:\/\/www.radiohorizonte.fm\/radio\/wp-content\/uploads\/2018\/06\/banco-nacion-300x169.jpg 300w, http:\/\/www.radiohorizonte.fm\/radio\/wp-content\/uploads\/2018\/06\/banco-nacion-768x432.jpg 768w, http:\/\/www.radiohorizonte.fm\/radio\/wp-content\/uploads\/2018\/06\/banco-nacion-65x37.jpg 65w, http:\/\/www.radiohorizonte.fm\/radio\/wp-content\/uploads\/2018\/06\/banco-nacion-320x180.jpg 320w, http:\/\/www.radiohorizonte.fm\/radio\/wp-content\/uploads\/2018\/06\/banco-nacion-85x48.jpg 85w, http:\/\/www.radiohorizonte.fm\/radio\/wp-content\/uploads\/2018\/06\/banco-nacion-220x125.jpg 220w, http:\/\/www.radiohorizonte.fm\/radio\/wp-content\/uploads\/2018\/06\/banco-nacion-90x51.jpg 90w\" sizes=\"auto, (max-width: 1004px) 100vw, 1004px\" \/><\/p>\n<section class=\"detail-body first-paragraph\">\n<section id=\"note-body\" class=\"body-content note-body content-protected-false\" data-twitter-link=\"https:\/\/twitter.com\/intent\/tweet?url=https:\/\/www.minutouno.com\/c5794858&amp;v\u00eda=Ambitocom&amp;related=MinutoUno&amp;text=\">Este lunes, tras el resultado de las elecciones Primarias Abiertas, Simult\u00e1neas y Obligatorias (PASO), finalmente,\u00a0<strong>el Banco Central (BCRA) dispuso una devaluaci\u00f3n del d\u00f3lar mayorista oficial hasta los $350\u00a0<\/strong>y, en l\u00ednea con esa medida, resolvi\u00f3\u00a0<span id=\"saysCMSEmphasisazuxy7wir5d\" class=\"saysCMSEmphasis\">subir la tasa de pol\u00edtica monetaria (incluida la del plazo fijo tradicional) en 21 puntos porcentuales, hasta el 118% (Tasas Nominal Anual, TNA), lo que equivale a un 209% en t\u00e9rminos efectivos anuales, TEA.<\/span><\/p>\n<\/section>\n<\/section>\n<section class=\"detail-body second-paragraph\">\n<section class=\"body-content note-body content-protected-false\">La medida equivale a una<span id=\"saysCMSEmphasis4ou6p4pxz7o\" class=\"saysCMSEmphasis\">\u00a0devaluaci\u00f3n del 22% en un solo d\u00eda<\/span>. As\u00ed, se confirmaron las especulaciones del mercado de que el Gobierno devaluar\u00eda tras los resultados de las PASO. Esta medida implica la suspensi\u00f3n del\u00a0<em>crawling peg<\/em>, el ritmo de microdevaluaciones diarias que ven\u00eda llevando adelante el BCRA, hasta las elecciones presidenciales de octubre.<\/p>\n<p>&#8220;Hay que estar atentos a lo que pase con el crawling peg&#8221;, dec\u00eda a\u00a0<em>\u00c1mbito\u00a0<\/em>una fuente oficial el viernes ante la pregunta de qu\u00e9 podr\u00eda suceder con la tasa del plazo fijo. As\u00ed, anticipaban la posibilidad de un cambio en la pol\u00edtica monetaria del BCRA post-paso, tal como esperaba el mercado y que esto pod\u00eda coincidir con una suba de tasas.<\/p>\n<p>Y es que este salto en el tipo de cambio en estos niveles requiere un ajuste de la tasa, que busca mantenerse real positiva ante la econom\u00eda y la evoluci\u00f3n del d\u00f3lar oficial. &#8220;<span id=\"saysCMSEmphasisr0yxljjjmw\" class=\"saysCMSEmphasis\">Se trata de un primer movimiento para sostener las reservas e intentar mantener la demanda de pesos&#8221;, asegur\u00f3 el economista Rodrigo \u00c1lvarez.<\/span><\/p>\n<p>Explic\u00f3 que\u00a0<span id=\"saysCMSEmphasisczu49zoyszs\" class=\"saysCMSEmphasis\">esta es una manera de poner las variables econ\u00f3micas en un nivel de equilibrio y anticip\u00f3 que se trata de un primer paso de muchos que vendr\u00e1n.<\/span><\/p>\n<p>Por su parte, el economista\u00a0<strong>Federico Glustein\u00a0<\/strong>explic\u00f3 que\u00a0<span id=\"saysCMSEmphasisftowpm4qgzw\" class=\"saysCMSEmphasis\">esta decisi\u00f3n del BCRA &#8220;es parte de lo que sucede en la econom\u00eda post PASO tras los resultados sorprendentes&#8221;\u00a0<\/span>y se\u00f1al\u00f3 que se trata de una forma de evitar una corrida inesperada, pero, tambi\u00e9n, lo ve como una\u00a0<span id=\"saysCMSEmphasiswy7c72k8duf\" class=\"saysCMSEmphasis\">correcci\u00f3n de los errores en la macro que se estaban cometiendo.<\/span><\/p>\n<p>Para Glustein, &#8220;la preapertura de bonos en ca\u00edda de hasta el 8% fue la se\u00f1al m\u00e1s fuerte, tras el alza del d\u00f3lar crypto&#8221;. Recordemos que en los exchanges, el tipo de cambio atado a las criptomonedas lleg\u00f3 a superar los $700. Y anticipa que, ahora, posiblemente haya un traslado al blue y los financieros y, a su vez, a la inflaci\u00f3n.<\/p>\n<p>As\u00ed, el economista espera que<span id=\"saysCMSEmphasisdq81rp8lryt\" class=\"saysCMSEmphasis\">, con la proyecci\u00f3n del 120% anual &#8220;nos vamos a quedar esencialmente cortos&#8221;. Y es que anticipa que, con esta devaluaci\u00f3n, es obvio su traslado posterior a precios.<\/span><\/p>\n<p>A su vez, anticipa que, &#8220;hay que ver el impacto de la tasa en las deudas de los hogares, de las tasas de las tarjetas de cr\u00e9dito y como influye en la dolarizaci\u00f3n de las carteras&#8221;. Sin embargo, por estas horas, lo que se sabe es que el d\u00f3lar tarjeta est\u00e1 cotizando alrededor de los $730.<\/p>\n<\/section>\n<\/section>\n<\/div>\n","protected":false},"excerpt":{"rendered":"<div class=\"post-excerpt\"><p>Adem\u00e1s de llevar el tipo de cambio del d\u00f3lar oficial a $350, tambi\u00e9n modificaron las tasas de inter\u00e9s de los plazos fijos. El objetivo es evitar la fuga de reservas. \u00a0 Este lunes, tras el resultado de las elecciones Primarias Abiertas, Simult\u00e1neas y Obligatorias (PASO), finalmente,\u00a0el Banco Central (BCRA) dispuso una devaluaci\u00f3n del d\u00f3lar mayorista<\/p>\n<\/div>","protected":false},"author":2,"featured_media":7732,"comment_status":"closed","ping_status":"closed","sticky":false,"template":"","format":"standard","meta":{"_acf_changed":false,"footnotes":""},"categories":[2],"tags":[],"class_list":["post-41740","post","type-post","status-publish","format-standard","has-post-thumbnail","hentry","category-noticias"],"acf":[],"yoast_head":"<!-- This site is optimized with the Yoast SEO plugin v28.1 - https:\/\/yoast.com\/product\/yoast-seo-wordpress\/ -->\n<title>Plazos fijos: el Banco Central tambi\u00e9n subi\u00f3 la tasa de inter\u00e9s hasta el 118% - Horizonte<\/title>\n<meta name=\"robots\" content=\"index, follow, max-snippet:-1, max-image-preview:large, max-video-preview:-1\" \/>\n<link rel=\"canonical\" href=\"http:\/\/www.radiohorizonte.fm\/radio\/2023\/08\/14\/plazos-fijos-el-banco-central-tambien-subio-la-tasa-de-interes-hasta-el-118\/\" \/>\n<meta property=\"og:locale\" content=\"es_ES\" \/>\n<meta property=\"og:type\" content=\"article\" \/>\n<meta property=\"og:title\" content=\"Plazos fijos: el Banco Central tambi\u00e9n subi\u00f3 la tasa de inter\u00e9s hasta el 118% - Horizonte\" \/>\n<meta property=\"og:description\" content=\"Adem\u00e1s de llevar el tipo de cambio del d\u00f3lar oficial a $350, tambi\u00e9n modificaron las tasas de inter\u00e9s de los plazos fijos. El objetivo es evitar la fuga de reservas. \u00a0 Este lunes, tras el resultado de las elecciones Primarias Abiertas, Simult\u00e1neas y Obligatorias (PASO), finalmente,\u00a0el Banco Central (BCRA) dispuso una devaluaci\u00f3n del d\u00f3lar mayorista\" \/>\n<meta property=\"og:url\" content=\"http:\/\/www.radiohorizonte.fm\/radio\/2023\/08\/14\/plazos-fijos-el-banco-central-tambien-subio-la-tasa-de-interes-hasta-el-118\/\" \/>\n<meta property=\"og:site_name\" content=\"Horizonte\" \/>\n<meta property=\"article:publisher\" content=\"http:\/\/www.facebook.com\/HORIZONTE106.1\" \/>\n<meta property=\"article:published_time\" content=\"2023-08-14T14:39:35+00:00\" \/>\n<meta property=\"og:image\" content=\"http:\/\/www.radiohorizonte.fm\/radio\/wp-content\/uploads\/2017\/07\/banco-central.jpg\" \/>\n\t<meta property=\"og:image:width\" content=\"1560\" \/>\n\t<meta property=\"og:image:height\" content=\"690\" \/>\n\t<meta property=\"og:image:type\" content=\"image\/jpeg\" \/>\n<meta name=\"author\" content=\"Cristian Galarza\" \/>\n<meta name=\"twitter:card\" content=\"summary_large_image\" \/>\n<meta name=\"twitter:creator\" content=\"@fmhorizonte1061\" \/>\n<meta name=\"twitter:site\" content=\"@fmhorizonte1061\" \/>\n<meta name=\"twitter:label1\" content=\"Escrito por\" \/>\n\t<meta name=\"twitter:data1\" content=\"Cristian Galarza\" \/>\n\t<meta name=\"twitter:label2\" content=\"Tiempo de lectura\" \/>\n\t<meta name=\"twitter:data2\" content=\"3 minutos\" \/>\n<script type=\"application\/ld+json\" class=\"yoast-schema-graph\">{\"@context\":\"https:\\\/\\\/schema.org\",\"@graph\":[{\"@type\":\"Article\",\"@id\":\"http:\\\/\\\/www.radiohorizonte.fm\\\/radio\\\/2023\\\/08\\\/14\\\/plazos-fijos-el-banco-central-tambien-subio-la-tasa-de-interes-hasta-el-118\\\/#article\",\"isPartOf\":{\"@id\":\"http:\\\/\\\/www.radiohorizonte.fm\\\/radio\\\/2023\\\/08\\\/14\\\/plazos-fijos-el-banco-central-tambien-subio-la-tasa-de-interes-hasta-el-118\\\/\"},\"author\":{\"name\":\"Cristian Galarza\",\"@id\":\"http:\\\/\\\/www.radiohorizonte.fm\\\/radio\\\/#\\\/schema\\\/person\\\/f8fa003a405bb86729fd87d15d0ddafa\"},\"headline\":\"Plazos fijos: el Banco Central tambi\u00e9n subi\u00f3 la tasa de inter\u00e9s hasta el 118%\",\"datePublished\":\"2023-08-14T14:39:35+00:00\",\"mainEntityOfPage\":{\"@id\":\"http:\\\/\\\/www.radiohorizonte.fm\\\/radio\\\/2023\\\/08\\\/14\\\/plazos-fijos-el-banco-central-tambien-subio-la-tasa-de-interes-hasta-el-118\\\/\"},\"wordCount\":552,\"publisher\":{\"@id\":\"http:\\\/\\\/www.radiohorizonte.fm\\\/radio\\\/#organization\"},\"image\":{\"@id\":\"http:\\\/\\\/www.radiohorizonte.fm\\\/radio\\\/2023\\\/08\\\/14\\\/plazos-fijos-el-banco-central-tambien-subio-la-tasa-de-interes-hasta-el-118\\\/#primaryimage\"},\"thumbnailUrl\":\"http:\\\/\\\/www.radiohorizonte.fm\\\/radio\\\/wp-content\\\/uploads\\\/2017\\\/07\\\/banco-central.jpg\",\"articleSection\":[\"Noticias\"],\"inLanguage\":\"es-AR\"},{\"@type\":\"WebPage\",\"@id\":\"http:\\\/\\\/www.radiohorizonte.fm\\\/radio\\\/2023\\\/08\\\/14\\\/plazos-fijos-el-banco-central-tambien-subio-la-tasa-de-interes-hasta-el-118\\\/\",\"url\":\"http:\\\/\\\/www.radiohorizonte.fm\\\/radio\\\/2023\\\/08\\\/14\\\/plazos-fijos-el-banco-central-tambien-subio-la-tasa-de-interes-hasta-el-118\\\/\",\"name\":\"Plazos fijos: el Banco Central tambi\u00e9n subi\u00f3 la tasa de inter\u00e9s hasta el 118% - Horizonte\",\"isPartOf\":{\"@id\":\"http:\\\/\\\/www.radiohorizonte.fm\\\/radio\\\/#website\"},\"primaryImageOfPage\":{\"@id\":\"http:\\\/\\\/www.radiohorizonte.fm\\\/radio\\\/2023\\\/08\\\/14\\\/plazos-fijos-el-banco-central-tambien-subio-la-tasa-de-interes-hasta-el-118\\\/#primaryimage\"},\"image\":{\"@id\":\"http:\\\/\\\/www.radiohorizonte.fm\\\/radio\\\/2023\\\/08\\\/14\\\/plazos-fijos-el-banco-central-tambien-subio-la-tasa-de-interes-hasta-el-118\\\/#primaryimage\"},\"thumbnailUrl\":\"http:\\\/\\\/www.radiohorizonte.fm\\\/radio\\\/wp-content\\\/uploads\\\/2017\\\/07\\\/banco-central.jpg\",\"datePublished\":\"2023-08-14T14:39:35+00:00\",\"breadcrumb\":{\"@id\":\"http:\\\/\\\/www.radiohorizonte.fm\\\/radio\\\/2023\\\/08\\\/14\\\/plazos-fijos-el-banco-central-tambien-subio-la-tasa-de-interes-hasta-el-118\\\/#breadcrumb\"},\"inLanguage\":\"es-AR\",\"potentialAction\":[{\"@type\":\"ReadAction\",\"target\":[\"http:\\\/\\\/www.radiohorizonte.fm\\\/radio\\\/2023\\\/08\\\/14\\\/plazos-fijos-el-banco-central-tambien-subio-la-tasa-de-interes-hasta-el-118\\\/\"]}]},{\"@type\":\"ImageObject\",\"inLanguage\":\"es-AR\",\"@id\":\"http:\\\/\\\/www.radiohorizonte.fm\\\/radio\\\/2023\\\/08\\\/14\\\/plazos-fijos-el-banco-central-tambien-subio-la-tasa-de-interes-hasta-el-118\\\/#primaryimage\",\"url\":\"http:\\\/\\\/www.radiohorizonte.fm\\\/radio\\\/wp-content\\\/uploads\\\/2017\\\/07\\\/banco-central.jpg\",\"contentUrl\":\"http:\\\/\\\/www.radiohorizonte.fm\\\/radio\\\/wp-content\\\/uploads\\\/2017\\\/07\\\/banco-central.jpg\",\"width\":1560,\"height\":690},{\"@type\":\"BreadcrumbList\",\"@id\":\"http:\\\/\\\/www.radiohorizonte.fm\\\/radio\\\/2023\\\/08\\\/14\\\/plazos-fijos-el-banco-central-tambien-subio-la-tasa-de-interes-hasta-el-118\\\/#breadcrumb\",\"itemListElement\":[{\"@type\":\"ListItem\",\"position\":1,\"name\":\"Home\",\"item\":\"http:\\\/\\\/www.radiohorizonte.fm\\\/radio\\\/\"},{\"@type\":\"ListItem\",\"position\":2,\"name\":\"Plazos fijos: el Banco Central tambi\u00e9n subi\u00f3 la tasa de inter\u00e9s hasta el 118%\"}]},{\"@type\":\"WebSite\",\"@id\":\"http:\\\/\\\/www.radiohorizonte.fm\\\/radio\\\/#website\",\"url\":\"http:\\\/\\\/www.radiohorizonte.fm\\\/radio\\\/\",\"name\":\"Horizonte\",\"description\":\"Radio Horizonte 106.1 - Una radio de clasicos\",\"publisher\":{\"@id\":\"http:\\\/\\\/www.radiohorizonte.fm\\\/radio\\\/#organization\"},\"potentialAction\":[{\"@type\":\"SearchAction\",\"target\":{\"@type\":\"EntryPoint\",\"urlTemplate\":\"http:\\\/\\\/www.radiohorizonte.fm\\\/radio\\\/?s={search_term_string}\"},\"query-input\":{\"@type\":\"PropertyValueSpecification\",\"valueRequired\":true,\"valueName\":\"search_term_string\"}}],\"inLanguage\":\"es-AR\"},{\"@type\":\"Organization\",\"@id\":\"http:\\\/\\\/www.radiohorizonte.fm\\\/radio\\\/#organization\",\"name\":\"Horizonte\",\"url\":\"http:\\\/\\\/www.radiohorizonte.fm\\\/radio\\\/\",\"logo\":{\"@type\":\"ImageObject\",\"inLanguage\":\"es-AR\",\"@id\":\"http:\\\/\\\/www.radiohorizonte.fm\\\/radio\\\/#\\\/schema\\\/logo\\\/image\\\/\",\"url\":\"http:\\\/\\\/www.radiohorizonte.fm\\\/radio\\\/wp-content\\\/uploads\\\/2025\\\/06\\\/Portada-FM-Horizonte_modelo-imagen-scaled.jpg\",\"contentUrl\":\"http:\\\/\\\/www.radiohorizonte.fm\\\/radio\\\/wp-content\\\/uploads\\\/2025\\\/06\\\/Portada-FM-Horizonte_modelo-imagen-scaled.jpg\",\"width\":2560,\"height\":1056,\"caption\":\"Horizonte\"},\"image\":{\"@id\":\"http:\\\/\\\/www.radiohorizonte.fm\\\/radio\\\/#\\\/schema\\\/logo\\\/image\\\/\"},\"sameAs\":[\"http:\\\/\\\/www.facebook.com\\\/HORIZONTE106.1\",\"https:\\\/\\\/x.com\\\/fmhorizonte1061\"]},{\"@type\":\"Person\",\"@id\":\"http:\\\/\\\/www.radiohorizonte.fm\\\/radio\\\/#\\\/schema\\\/person\\\/f8fa003a405bb86729fd87d15d0ddafa\",\"name\":\"Cristian Galarza\",\"image\":{\"@type\":\"ImageObject\",\"inLanguage\":\"es-AR\",\"@id\":\"https:\\\/\\\/secure.gravatar.com\\\/avatar\\\/fad34bc2c773209c05d7d53b08a69b680eeb55f3be014e52b31643d20ab65925?s=96&d=mm&r=g\",\"url\":\"https:\\\/\\\/secure.gravatar.com\\\/avatar\\\/fad34bc2c773209c05d7d53b08a69b680eeb55f3be014e52b31643d20ab65925?s=96&d=mm&r=g\",\"contentUrl\":\"https:\\\/\\\/secure.gravatar.com\\\/avatar\\\/fad34bc2c773209c05d7d53b08a69b680eeb55f3be014e52b31643d20ab65925?s=96&d=mm&r=g\",\"caption\":\"Cristian Galarza\"},\"url\":\"http:\\\/\\\/www.radiohorizonte.fm\\\/radio\\\/author\\\/cristian\\\/\"}]}<\/script>\n<!-- \/ Yoast SEO plugin. -->","yoast_head_json":{"title":"Plazos fijos: el Banco Central tambi\u00e9n subi\u00f3 la tasa de inter\u00e9s hasta el 118% - Horizonte","robots":{"index":"index","follow":"follow","max-snippet":"max-snippet:-1","max-image-preview":"max-image-preview:large","max-video-preview":"max-video-preview:-1"},"canonical":"http:\/\/www.radiohorizonte.fm\/radio\/2023\/08\/14\/plazos-fijos-el-banco-central-tambien-subio-la-tasa-de-interes-hasta-el-118\/","og_locale":"es_ES","og_type":"article","og_title":"Plazos fijos: el Banco Central tambi\u00e9n subi\u00f3 la tasa de inter\u00e9s hasta el 118% - Horizonte","og_description":"Adem\u00e1s de llevar el tipo de cambio del d\u00f3lar oficial a $350, tambi\u00e9n modificaron las tasas de inter\u00e9s de los plazos fijos. El objetivo es evitar la fuga de reservas. \u00a0 Este lunes, tras el resultado de las elecciones Primarias Abiertas, Simult\u00e1neas y Obligatorias (PASO), finalmente,\u00a0el Banco Central (BCRA) dispuso una devaluaci\u00f3n del d\u00f3lar mayorista","og_url":"http:\/\/www.radiohorizonte.fm\/radio\/2023\/08\/14\/plazos-fijos-el-banco-central-tambien-subio-la-tasa-de-interes-hasta-el-118\/","og_site_name":"Horizonte","article_publisher":"http:\/\/www.facebook.com\/HORIZONTE106.1","article_published_time":"2023-08-14T14:39:35+00:00","og_image":[{"width":1560,"height":690,"url":"http:\/\/www.radiohorizonte.fm\/radio\/wp-content\/uploads\/2017\/07\/banco-central.jpg","type":"image\/jpeg"}],"author":"Cristian Galarza","twitter_card":"summary_large_image","twitter_creator":"@fmhorizonte1061","twitter_site":"@fmhorizonte1061","twitter_misc":{"Escrito por":"Cristian Galarza","Tiempo de lectura":"3 minutos"},"schema":{"@context":"https:\/\/schema.org","@graph":[{"@type":"Article","@id":"http:\/\/www.radiohorizonte.fm\/radio\/2023\/08\/14\/plazos-fijos-el-banco-central-tambien-subio-la-tasa-de-interes-hasta-el-118\/#article","isPartOf":{"@id":"http:\/\/www.radiohorizonte.fm\/radio\/2023\/08\/14\/plazos-fijos-el-banco-central-tambien-subio-la-tasa-de-interes-hasta-el-118\/"},"author":{"name":"Cristian Galarza","@id":"http:\/\/www.radiohorizonte.fm\/radio\/#\/schema\/person\/f8fa003a405bb86729fd87d15d0ddafa"},"headline":"Plazos fijos: el Banco Central tambi\u00e9n subi\u00f3 la tasa de inter\u00e9s hasta el 118%","datePublished":"2023-08-14T14:39:35+00:00","mainEntityOfPage":{"@id":"http:\/\/www.radiohorizonte.fm\/radio\/2023\/08\/14\/plazos-fijos-el-banco-central-tambien-subio-la-tasa-de-interes-hasta-el-118\/"},"wordCount":552,"publisher":{"@id":"http:\/\/www.radiohorizonte.fm\/radio\/#organization"},"image":{"@id":"http:\/\/www.radiohorizonte.fm\/radio\/2023\/08\/14\/plazos-fijos-el-banco-central-tambien-subio-la-tasa-de-interes-hasta-el-118\/#primaryimage"},"thumbnailUrl":"http:\/\/www.radiohorizonte.fm\/radio\/wp-content\/uploads\/2017\/07\/banco-central.jpg","articleSection":["Noticias"],"inLanguage":"es-AR"},{"@type":"WebPage","@id":"http:\/\/www.radiohorizonte.fm\/radio\/2023\/08\/14\/plazos-fijos-el-banco-central-tambien-subio-la-tasa-de-interes-hasta-el-118\/","url":"http:\/\/www.radiohorizonte.fm\/radio\/2023\/08\/14\/plazos-fijos-el-banco-central-tambien-subio-la-tasa-de-interes-hasta-el-118\/","name":"Plazos fijos: el Banco Central tambi\u00e9n subi\u00f3 la tasa de inter\u00e9s hasta el 118% - Horizonte","isPartOf":{"@id":"http:\/\/www.radiohorizonte.fm\/radio\/#website"},"primaryImageOfPage":{"@id":"http:\/\/www.radiohorizonte.fm\/radio\/2023\/08\/14\/plazos-fijos-el-banco-central-tambien-subio-la-tasa-de-interes-hasta-el-118\/#primaryimage"},"image":{"@id":"http:\/\/www.radiohorizonte.fm\/radio\/2023\/08\/14\/plazos-fijos-el-banco-central-tambien-subio-la-tasa-de-interes-hasta-el-118\/#primaryimage"},"thumbnailUrl":"http:\/\/www.radiohorizonte.fm\/radio\/wp-content\/uploads\/2017\/07\/banco-central.jpg","datePublished":"2023-08-14T14:39:35+00:00","breadcrumb":{"@id":"http:\/\/www.radiohorizonte.fm\/radio\/2023\/08\/14\/plazos-fijos-el-banco-central-tambien-subio-la-tasa-de-interes-hasta-el-118\/#breadcrumb"},"inLanguage":"es-AR","potentialAction":[{"@type":"ReadAction","target":["http:\/\/www.radiohorizonte.fm\/radio\/2023\/08\/14\/plazos-fijos-el-banco-central-tambien-subio-la-tasa-de-interes-hasta-el-118\/"]}]},{"@type":"ImageObject","inLanguage":"es-AR","@id":"http:\/\/www.radiohorizonte.fm\/radio\/2023\/08\/14\/plazos-fijos-el-banco-central-tambien-subio-la-tasa-de-interes-hasta-el-118\/#primaryimage","url":"http:\/\/www.radiohorizonte.fm\/radio\/wp-content\/uploads\/2017\/07\/banco-central.jpg","contentUrl":"http:\/\/www.radiohorizonte.fm\/radio\/wp-content\/uploads\/2017\/07\/banco-central.jpg","width":1560,"height":690},{"@type":"BreadcrumbList","@id":"http:\/\/www.radiohorizonte.fm\/radio\/2023\/08\/14\/plazos-fijos-el-banco-central-tambien-subio-la-tasa-de-interes-hasta-el-118\/#breadcrumb","itemListElement":[{"@type":"ListItem","position":1,"name":"Home","item":"http:\/\/www.radiohorizonte.fm\/radio\/"},{"@type":"ListItem","position":2,"name":"Plazos fijos: el Banco Central tambi\u00e9n subi\u00f3 la tasa de inter\u00e9s hasta el 118%"}]},{"@type":"WebSite","@id":"http:\/\/www.radiohorizonte.fm\/radio\/#website","url":"http:\/\/www.radiohorizonte.fm\/radio\/","name":"Horizonte","description":"Radio Horizonte 106.1 - Una radio de clasicos","publisher":{"@id":"http:\/\/www.radiohorizonte.fm\/radio\/#organization"},"potentialAction":[{"@type":"SearchAction","target":{"@type":"EntryPoint","urlTemplate":"http:\/\/www.radiohorizonte.fm\/radio\/?s={search_term_string}"},"query-input":{"@type":"PropertyValueSpecification","valueRequired":true,"valueName":"search_term_string"}}],"inLanguage":"es-AR"},{"@type":"Organization","@id":"http:\/\/www.radiohorizonte.fm\/radio\/#organization","name":"Horizonte","url":"http:\/\/www.radiohorizonte.fm\/radio\/","logo":{"@type":"ImageObject","inLanguage":"es-AR","@id":"http:\/\/www.radiohorizonte.fm\/radio\/#\/schema\/logo\/image\/","url":"http:\/\/www.radiohorizonte.fm\/radio\/wp-content\/uploads\/2025\/06\/Portada-FM-Horizonte_modelo-imagen-scaled.jpg","contentUrl":"http:\/\/www.radiohorizonte.fm\/radio\/wp-content\/uploads\/2025\/06\/Portada-FM-Horizonte_modelo-imagen-scaled.jpg","width":2560,"height":1056,"caption":"Horizonte"},"image":{"@id":"http:\/\/www.radiohorizonte.fm\/radio\/#\/schema\/logo\/image\/"},"sameAs":["http:\/\/www.facebook.com\/HORIZONTE106.1","https:\/\/x.com\/fmhorizonte1061"]},{"@type":"Person","@id":"http:\/\/www.radiohorizonte.fm\/radio\/#\/schema\/person\/f8fa003a405bb86729fd87d15d0ddafa","name":"Cristian Galarza","image":{"@type":"ImageObject","inLanguage":"es-AR","@id":"https:\/\/secure.gravatar.com\/avatar\/fad34bc2c773209c05d7d53b08a69b680eeb55f3be014e52b31643d20ab65925?s=96&d=mm&r=g","url":"https:\/\/secure.gravatar.com\/avatar\/fad34bc2c773209c05d7d53b08a69b680eeb55f3be014e52b31643d20ab65925?s=96&d=mm&r=g","contentUrl":"https:\/\/secure.gravatar.com\/avatar\/fad34bc2c773209c05d7d53b08a69b680eeb55f3be014e52b31643d20ab65925?s=96&d=mm&r=g","caption":"Cristian Galarza"},"url":"http:\/\/www.radiohorizonte.fm\/radio\/author\/cristian\/"}]}},"_links":{"self":[{"href":"http:\/\/www.radiohorizonte.fm\/radio\/wp-json\/wp\/v2\/posts\/41740","targetHints":{"allow":["GET"]}}],"collection":[{"href":"http:\/\/www.radiohorizonte.fm\/radio\/wp-json\/wp\/v2\/posts"}],"about":[{"href":"http:\/\/www.radiohorizonte.fm\/radio\/wp-json\/wp\/v2\/types\/post"}],"author":[{"embeddable":true,"href":"http:\/\/www.radiohorizonte.fm\/radio\/wp-json\/wp\/v2\/users\/2"}],"replies":[{"embeddable":true,"href":"http:\/\/www.radiohorizonte.fm\/radio\/wp-json\/wp\/v2\/comments?post=41740"}],"version-history":[{"count":1,"href":"http:\/\/www.radiohorizonte.fm\/radio\/wp-json\/wp\/v2\/posts\/41740\/revisions"}],"predecessor-version":[{"id":41741,"href":"http:\/\/www.radiohorizonte.fm\/radio\/wp-json\/wp\/v2\/posts\/41740\/revisions\/41741"}],"wp:featuredmedia":[{"embeddable":true,"href":"http:\/\/www.radiohorizonte.fm\/radio\/wp-json\/wp\/v2\/media\/7732"}],"wp:attachment":[{"href":"http:\/\/www.radiohorizonte.fm\/radio\/wp-json\/wp\/v2\/media?parent=41740"}],"wp:term":[{"taxonomy":"category","embeddable":true,"href":"http:\/\/www.radiohorizonte.fm\/radio\/wp-json\/wp\/v2\/categories?post=41740"},{"taxonomy":"post_tag","embeddable":true,"href":"http:\/\/www.radiohorizonte.fm\/radio\/wp-json\/wp\/v2\/tags?post=41740"}],"curies":[{"name":"wp","href":"https:\/\/api.w.org\/{rel}","templated":true}]}}