{"id":41743,"date":"2023-08-15T07:13:49","date_gmt":"2023-08-15T10:13:49","guid":{"rendered":"http:\/\/www.radiohorizonte.fm\/radio\/?p=41743"},"modified":"2023-08-15T07:13:49","modified_gmt":"2023-08-15T10:13:49","slug":"el-fmi-tratara-el-desembolso-para-la-argentina-el-23-de-agosto","status":"publish","type":"post","link":"http:\/\/www.radiohorizonte.fm\/radio\/2023\/08\/15\/el-fmi-tratara-el-desembolso-para-la-argentina-el-23-de-agosto\/","title":{"rendered":"El FMI tratar\u00e1 el desembolso para la Argentina el 23 de agosto"},"content":{"rendered":"<div class=\"wrapper-header\">\n<div class=\"container-xl\">\n<div class=\"row\">\n<div class=\"col-12\">\n<div class=\"head-content mb-4\">\n<p class=\"speak\">\u201cValoramos las acciones de pol\u00edticas recientes de las autoridades y el compromiso de salvaguardar la estabilidad, reconstruir las reservas y fortalecer el orden fiscal\u201d, se\u00f1alaron desde el organismo. respecto a los desembolsos previstos por 7.500 millones de d\u00f3lares.<\/p>\n<\/div>\n<\/div>\n<\/div>\n<\/div>\n<\/div>\n<div class=\"wrapper-editable-content\">\u00a0<img loading=\"lazy\" decoding=\"async\" class=\"alignnone size-full wp-image-41744\" src=\"http:\/\/www.radiohorizonte.fm\/radio\/wp-content\/uploads\/2023\/08\/64bfe39e922b5_1200.jpg\" alt=\"\" width=\"1200\" height=\"675\" srcset=\"http:\/\/www.radiohorizonte.fm\/radio\/wp-content\/uploads\/2023\/08\/64bfe39e922b5_1200.jpg 1200w, http:\/\/www.radiohorizonte.fm\/radio\/wp-content\/uploads\/2023\/08\/64bfe39e922b5_1200-300x169.jpg 300w, http:\/\/www.radiohorizonte.fm\/radio\/wp-content\/uploads\/2023\/08\/64bfe39e922b5_1200-768x432.jpg 768w, http:\/\/www.radiohorizonte.fm\/radio\/wp-content\/uploads\/2023\/08\/64bfe39e922b5_1200-1024x576.jpg 1024w, http:\/\/www.radiohorizonte.fm\/radio\/wp-content\/uploads\/2023\/08\/64bfe39e922b5_1200-65x37.jpg 65w, http:\/\/www.radiohorizonte.fm\/radio\/wp-content\/uploads\/2023\/08\/64bfe39e922b5_1200-320x180.jpg 320w, http:\/\/www.radiohorizonte.fm\/radio\/wp-content\/uploads\/2023\/08\/64bfe39e922b5_1200-85x48.jpg 85w, http:\/\/www.radiohorizonte.fm\/radio\/wp-content\/uploads\/2023\/08\/64bfe39e922b5_1200-220x125.jpg 220w, http:\/\/www.radiohorizonte.fm\/radio\/wp-content\/uploads\/2023\/08\/64bfe39e922b5_1200-90x51.jpg 90w\" sizes=\"auto, (max-width: 1200px) 100vw, 1200px\" \/><\/div>\n<div>El Fondo Monetario Internacional (FMI) confirm\u00f3 este lunes que el directorio del organismo tratar\u00e1 el mi\u00e9rcoles 23 de agosto el caso argentino para aprobar los desembolsos previstos por 7.500 millones de d\u00f3lares.<\/p>\n<p><strong>La Directora de Comunicaciones del Fondo Monetario Internacional (FMI), Julie Kozack<\/strong>, record\u00f3 esta tarde -luego del reinicio de las actividades en el organismo tras el receso de verano- que el 28 de julio de pasado &#8220;las autoridades argentinas y el personal t\u00e9cnico del FMI llegaron a un acuerdo a nivel de personal t\u00e9cnico sobre la quinta y sexta revisiones en el marco del acuerdo de\u00a0<strong>Servicio Ampliado del Fondo\u00a0<\/strong>(EFF, por sus siglas en ingl\u00e9s) de 30 meses de Argentina&#8221; y que esa cuesti\u00f3n ser\u00e1 analizada por el directorio la semana pr\u00f3xima.<\/p>\n<p>&#8220;El acuerdo est\u00e1 sujeto a la aprobaci\u00f3n del Directorio Ejecutivo del FMI, que se espera se re\u00fana el 23 de agosto para aprobar los desembolsos acordados&#8221;, complet\u00f3 la vocera del Fondo.<\/p>\n<p>&#8220;Valoramos las acciones de pol\u00edticas recientes de las autoridades y\u00a0<strong>el compromiso de salvaguardar la estabilidad,<\/strong>\u00a0reconstruir las reservas y fortalecer el orden fiscal&#8221;, agreg\u00f3 Kozack, un d\u00eda despu\u00e9s de las PASO, en la que el candidato m\u00e1s votado fue el dirigente libertario Javier Miliei.<\/p>\n<p>En la ma\u00f1ana de este lunes, casi en l\u00ednea con la apertura del mercado,\u00a0<a href=\"https:\/\/www.telam.com.ar\/notas\/202308\/636998-banco-central-plazos-fijos.html\" target=\"_blank\" rel=\"noopener\">el Banco Central decidi\u00f3 elevar la cotizaci\u00f3n oficial del d\u00f3lar a $365,50 y subir la tasa de pol\u00edtica monetaria en 21 puntos b\u00e1sicos<\/a>.<\/p>\n<p>A fines de julio pasado, el gobierno nacional y el FMI alcanzaron, luego de m\u00e1s de tres meses de negociaciones, un acuerdo t\u00e9cnico para reformular el programa vigente, a trav\u00e9s del cual se estableci\u00f3 que\u00a0<strong>Argentina recibir\u00e1 un desembolso de US$ 7.500 millones no bien el directorio ratifique el entendimiento t\u00e9cnico.<\/strong><\/p>\n<p>El nuevo acuerdo incropor\u00f3 el impacto de la sequ\u00eda, y en particular hubo una importante relajaci\u00f3n de las metas de reservas, ya que los requerimientos pasaron\u00a0<strong>desde los US$ 8.000 millones de acumulaci\u00f3n neta a US$ 1.000 millones para todo 2023.<\/strong><\/p>\n<p>&#8220;El entendimiento prev\u00e9 un desembolso de U$S 7.500 millones en agosto y otro en noviembre, y que el Fondo aprob\u00f3 las facultades de intervenir en los mercados para asegurar su normal funcionamiento&#8221;, informaron el FMI y el Palacio de Hacienda de manera conjunta, al dar a conocer el entendimiento.<\/p>\n<p>En esa oportunidad, el Fondo precis\u00f3 que luego que el directorio del organismo apruebe y considere formalmente finalizadas las revisiones quinta y sexta, Argentina tendr\u00e1 acceso a alrededor de 7.500 millones de d\u00f3lares. Al tiempo que se espera que la pr\u00f3xima revisi\u00f3n -la s\u00e9ptima del programa- tenga lugar en noviembre.<\/p>\n<p><strong>En las conversaciones con el FMI, el gobierno argentino logr\u00f3 reformular aslgunas de las metas del programa<\/strong>, en particular la que referida a la meta de reservas y adelantar parcialmente el cronograma de desembolsos por unos meses, a pesar de que no se cumplieron con los objetivos originales.<\/p>\n<p>En el documento oficial qued\u00f3 claro que este incumplimiento fue producto esencialmente de la sequ\u00eda, que impact\u00f3 en la actividad econ\u00f3mica del pa\u00eds.<\/p>\n<p>Al justificar el acuerdo,\u00a0<strong>el FMI se\u00f1al\u00f3 que &#8220;desde la finalizaci\u00f3n de la cuarta revisi\u00f3n el 31 de marzo<\/strong>, la situaci\u00f3n econ\u00f3mica de Argentina se ha vuelto muy desafiante debido al impacto mayor al previsto de la sequ\u00eda, que tuvo un impacto significativo en las exportaciones y los ingresos fiscales&#8221;.<\/p>\n<p>En este contexto, la evaluaci\u00f3n arroj\u00f3 que &#8220;los objetivos clave del programa hasta finales de junio no se cumplieron debido al impacto mayor de lo previsto de la sequ\u00eda, as\u00ed como a los deslices y retrasos en las pol\u00edticas&#8221;.<\/p>\n<p>De esta forma, acot\u00f3, &#8220;se acord\u00f3 un paquete de pol\u00edticas con un conjunto secuenciado de medidas para reconstruir las reservas y mejorar la sostenibilidad fiscal, al tiempo que se protege la infraestructura cr\u00edtica y el gasto social&#8221; para fortalecer el programa, algo en lo que\u00a0<strong>Kozack putualiz\u00f3 este lunes, casualmente luego de conocerse las medidas anunciadas por el Banco Central.<\/strong><\/p>\n<p>&#8220;Dado este contexto, las discusiones se centraron en llegar a un acuerdo sobre un paquete de pol\u00edticas para reconstruir las reservas y mejorar el orden fiscal; salvaguardar la estabilidad y abordar los desequilibrios subyacentes (alta inflaci\u00f3n y baja cobertura de reservas) son fundamentales para asegurar un crecimiento m\u00e1s sostenible, resiliente e inclusivo a mediano plazo&#8221;, a\u00f1adi\u00f3.<\/p>\n<blockquote class=\"\"><p>El Fondo precis\u00f3 que se alcanz\u00f3 un acuerdo en tres \u00e1reas clave, que tienen que ver con la pol\u00edtica monetaria, fiscal y acumulaci\u00f3n de reservas.<\/p><\/blockquote>\n<p>Para el FMI, el fortalecimiento y la armonizaci\u00f3n del r\u00e9gimen cambiario son fundamentales para mejorar de manera duradera la cobertura de reservas y la estabilidad externa, y se han tomado medidas para alentar la liquidaci\u00f3n de exportaciones y contener las importaciones en el corto plazo, a la vez que<strong>\u00a0se asegur\u00f3 que seguir\u00e1 con la pol\u00edtica de tasas positivas reales para contener la inflaci\u00f3n.<\/strong><\/p>\n<p>Adem\u00e1s, &#8220;la pol\u00edtica monetaria seguir\u00e1 siendo un instrumento clave para contener las presiones del mercado, con intervenciones en los mercados de divisas paralelos y de futuros enfocadas en abordar las condiciones desordenadas&#8221;, seg\u00fan el requerimiento del Gobierno para controlar los mercados.<\/p>\n<blockquote class=\"\"><p>En cuanto a la pol\u00edtica fiscal, el objetivo de d\u00e9ficit fiscal primario para 2023 &#8220;se mantiene sin cambios en 1,9 por ciento del PIB&#8221;.<\/p><\/blockquote>\n<p>En la v\u00edsperas de las elecciones PASO, se conoci\u00f3 que el Gobierno dise\u00f1ar\u00e1 y enviar\u00e1 al Congreso el proyecto de ley de Prespuesto 2024 con d\u00e9ficit fiscal cero.<\/p>\n<p>Respecto del \u00faltimo acuerdo que redise\u00f1aron el ministro Sergio Massa y su equipo con el staff del FMI,\u00a0<strong>se conocer\u00e1n p\u00fablicamente los detalles ni bien el Directorio del oganismo rubrique el entendimiento t\u00e9cnico.<\/strong><\/p>\n<p>Una de las incognitas de corto plazo pasa por la lectura que se podr\u00eda realizar en el organismo multilateral sobre el resultado de las elecciones primarias del domingo, en la que<strong>\u00a0la fuerza m\u00e1s votada fue la de Javier Milei<\/strong>, seguida por Juntos por el Cambio -en la que se consagr\u00f3 como candidata a presidenta Patrica Bullrich- y en tercer lugar la oficialista Uni\u00f3n por Todos, con Sergio Massa como candidato a presidente.<\/p>\n<p>De cara a las elecciones generales previstas para el pr\u00f3ximo 22 de octubre, uno dato sobresaliente es que entre La Libertad Avanza, la fuerza m\u00e1s votada con el 30,04%, y Uni\u00f3n por la Patria, con el 27,27% de los sufragios, existe una diferencia de algo menos de tres puntos porcentual, con Juntos por el Cambio en segundo lugar, con el 28,27% de los votos.<\/p><\/div>\n<div><\/div>\n<div>Fuente: T\u00e9lam<\/div>\n","protected":false},"excerpt":{"rendered":"<div class=\"post-excerpt\"><p>\u201cValoramos las acciones de pol\u00edticas recientes de las autoridades y el compromiso de salvaguardar la estabilidad, reconstruir las reservas y fortalecer el orden fiscal\u201d, se\u00f1alaron desde el organismo. respecto a los desembolsos previstos por 7.500 millones de d\u00f3lares. \u00a0 El Fondo Monetario Internacional (FMI) confirm\u00f3 este lunes que el directorio del organismo tratar\u00e1 el mi\u00e9rcoles<\/p>\n<\/div>","protected":false},"author":2,"featured_media":41744,"comment_status":"closed","ping_status":"closed","sticky":false,"template":"","format":"standard","meta":{"_acf_changed":false,"footnotes":""},"categories":[2],"tags":[],"class_list":["post-41743","post","type-post","status-publish","format-standard","has-post-thumbnail","hentry","category-noticias"],"acf":[],"yoast_head":"<!-- This site is optimized with the Yoast SEO plugin v28.1 - https:\/\/yoast.com\/product\/yoast-seo-wordpress\/ -->\n<title>El FMI tratar\u00e1 el desembolso para la Argentina el 23 de agosto - Horizonte<\/title>\n<meta name=\"robots\" content=\"index, follow, max-snippet:-1, max-image-preview:large, max-video-preview:-1\" \/>\n<link rel=\"canonical\" href=\"http:\/\/www.radiohorizonte.fm\/radio\/2023\/08\/15\/el-fmi-tratara-el-desembolso-para-la-argentina-el-23-de-agosto\/\" \/>\n<meta property=\"og:locale\" content=\"es_ES\" \/>\n<meta property=\"og:type\" content=\"article\" \/>\n<meta property=\"og:title\" content=\"El FMI tratar\u00e1 el desembolso para la Argentina el 23 de agosto - Horizonte\" \/>\n<meta property=\"og:description\" content=\"\u201cValoramos las acciones de pol\u00edticas recientes de las autoridades y el compromiso de salvaguardar la estabilidad, reconstruir las reservas y fortalecer el orden fiscal\u201d, se\u00f1alaron desde el organismo. respecto a los desembolsos previstos por 7.500 millones de d\u00f3lares. \u00a0 El Fondo Monetario Internacional (FMI) confirm\u00f3 este lunes que el directorio del organismo tratar\u00e1 el mi\u00e9rcoles\" \/>\n<meta property=\"og:url\" content=\"http:\/\/www.radiohorizonte.fm\/radio\/2023\/08\/15\/el-fmi-tratara-el-desembolso-para-la-argentina-el-23-de-agosto\/\" \/>\n<meta property=\"og:site_name\" content=\"Horizonte\" \/>\n<meta property=\"article:publisher\" content=\"http:\/\/www.facebook.com\/HORIZONTE106.1\" \/>\n<meta property=\"article:published_time\" content=\"2023-08-15T10:13:49+00:00\" \/>\n<meta property=\"og:image\" content=\"http:\/\/www.radiohorizonte.fm\/radio\/wp-content\/uploads\/2023\/08\/64bfe39e922b5_1200.jpg\" \/>\n\t<meta property=\"og:image:width\" content=\"1200\" \/>\n\t<meta property=\"og:image:height\" content=\"675\" \/>\n\t<meta property=\"og:image:type\" content=\"image\/jpeg\" \/>\n<meta name=\"author\" content=\"Cristian Galarza\" \/>\n<meta name=\"twitter:card\" content=\"summary_large_image\" \/>\n<meta name=\"twitter:creator\" content=\"@fmhorizonte1061\" \/>\n<meta name=\"twitter:site\" content=\"@fmhorizonte1061\" \/>\n<meta name=\"twitter:label1\" content=\"Escrito por\" \/>\n\t<meta name=\"twitter:data1\" content=\"Cristian Galarza\" \/>\n\t<meta name=\"twitter:label2\" content=\"Tiempo de lectura\" \/>\n\t<meta name=\"twitter:data2\" content=\"6 minutos\" \/>\n<script type=\"application\/ld+json\" class=\"yoast-schema-graph\">{\"@context\":\"https:\\\/\\\/schema.org\",\"@graph\":[{\"@type\":\"Article\",\"@id\":\"http:\\\/\\\/www.radiohorizonte.fm\\\/radio\\\/2023\\\/08\\\/15\\\/el-fmi-tratara-el-desembolso-para-la-argentina-el-23-de-agosto\\\/#article\",\"isPartOf\":{\"@id\":\"http:\\\/\\\/www.radiohorizonte.fm\\\/radio\\\/2023\\\/08\\\/15\\\/el-fmi-tratara-el-desembolso-para-la-argentina-el-23-de-agosto\\\/\"},\"author\":{\"name\":\"Cristian Galarza\",\"@id\":\"http:\\\/\\\/www.radiohorizonte.fm\\\/radio\\\/#\\\/schema\\\/person\\\/f8fa003a405bb86729fd87d15d0ddafa\"},\"headline\":\"El FMI tratar\u00e1 el desembolso para la Argentina el 23 de agosto\",\"datePublished\":\"2023-08-15T10:13:49+00:00\",\"mainEntityOfPage\":{\"@id\":\"http:\\\/\\\/www.radiohorizonte.fm\\\/radio\\\/2023\\\/08\\\/15\\\/el-fmi-tratara-el-desembolso-para-la-argentina-el-23-de-agosto\\\/\"},\"wordCount\":1163,\"publisher\":{\"@id\":\"http:\\\/\\\/www.radiohorizonte.fm\\\/radio\\\/#organization\"},\"image\":{\"@id\":\"http:\\\/\\\/www.radiohorizonte.fm\\\/radio\\\/2023\\\/08\\\/15\\\/el-fmi-tratara-el-desembolso-para-la-argentina-el-23-de-agosto\\\/#primaryimage\"},\"thumbnailUrl\":\"http:\\\/\\\/www.radiohorizonte.fm\\\/radio\\\/wp-content\\\/uploads\\\/2023\\\/08\\\/64bfe39e922b5_1200.jpg\",\"articleSection\":[\"Noticias\"],\"inLanguage\":\"es-AR\"},{\"@type\":\"WebPage\",\"@id\":\"http:\\\/\\\/www.radiohorizonte.fm\\\/radio\\\/2023\\\/08\\\/15\\\/el-fmi-tratara-el-desembolso-para-la-argentina-el-23-de-agosto\\\/\",\"url\":\"http:\\\/\\\/www.radiohorizonte.fm\\\/radio\\\/2023\\\/08\\\/15\\\/el-fmi-tratara-el-desembolso-para-la-argentina-el-23-de-agosto\\\/\",\"name\":\"El FMI tratar\u00e1 el desembolso para la Argentina el 23 de agosto - Horizonte\",\"isPartOf\":{\"@id\":\"http:\\\/\\\/www.radiohorizonte.fm\\\/radio\\\/#website\"},\"primaryImageOfPage\":{\"@id\":\"http:\\\/\\\/www.radiohorizonte.fm\\\/radio\\\/2023\\\/08\\\/15\\\/el-fmi-tratara-el-desembolso-para-la-argentina-el-23-de-agosto\\\/#primaryimage\"},\"image\":{\"@id\":\"http:\\\/\\\/www.radiohorizonte.fm\\\/radio\\\/2023\\\/08\\\/15\\\/el-fmi-tratara-el-desembolso-para-la-argentina-el-23-de-agosto\\\/#primaryimage\"},\"thumbnailUrl\":\"http:\\\/\\\/www.radiohorizonte.fm\\\/radio\\\/wp-content\\\/uploads\\\/2023\\\/08\\\/64bfe39e922b5_1200.jpg\",\"datePublished\":\"2023-08-15T10:13:49+00:00\",\"breadcrumb\":{\"@id\":\"http:\\\/\\\/www.radiohorizonte.fm\\\/radio\\\/2023\\\/08\\\/15\\\/el-fmi-tratara-el-desembolso-para-la-argentina-el-23-de-agosto\\\/#breadcrumb\"},\"inLanguage\":\"es-AR\",\"potentialAction\":[{\"@type\":\"ReadAction\",\"target\":[\"http:\\\/\\\/www.radiohorizonte.fm\\\/radio\\\/2023\\\/08\\\/15\\\/el-fmi-tratara-el-desembolso-para-la-argentina-el-23-de-agosto\\\/\"]}]},{\"@type\":\"ImageObject\",\"inLanguage\":\"es-AR\",\"@id\":\"http:\\\/\\\/www.radiohorizonte.fm\\\/radio\\\/2023\\\/08\\\/15\\\/el-fmi-tratara-el-desembolso-para-la-argentina-el-23-de-agosto\\\/#primaryimage\",\"url\":\"http:\\\/\\\/www.radiohorizonte.fm\\\/radio\\\/wp-content\\\/uploads\\\/2023\\\/08\\\/64bfe39e922b5_1200.jpg\",\"contentUrl\":\"http:\\\/\\\/www.radiohorizonte.fm\\\/radio\\\/wp-content\\\/uploads\\\/2023\\\/08\\\/64bfe39e922b5_1200.jpg\",\"width\":1200,\"height\":675},{\"@type\":\"BreadcrumbList\",\"@id\":\"http:\\\/\\\/www.radiohorizonte.fm\\\/radio\\\/2023\\\/08\\\/15\\\/el-fmi-tratara-el-desembolso-para-la-argentina-el-23-de-agosto\\\/#breadcrumb\",\"itemListElement\":[{\"@type\":\"ListItem\",\"position\":1,\"name\":\"Home\",\"item\":\"http:\\\/\\\/www.radiohorizonte.fm\\\/radio\\\/\"},{\"@type\":\"ListItem\",\"position\":2,\"name\":\"El FMI tratar\u00e1 el desembolso para la Argentina el 23 de agosto\"}]},{\"@type\":\"WebSite\",\"@id\":\"http:\\\/\\\/www.radiohorizonte.fm\\\/radio\\\/#website\",\"url\":\"http:\\\/\\\/www.radiohorizonte.fm\\\/radio\\\/\",\"name\":\"Horizonte\",\"description\":\"Radio Horizonte 106.1 - Una radio de clasicos\",\"publisher\":{\"@id\":\"http:\\\/\\\/www.radiohorizonte.fm\\\/radio\\\/#organization\"},\"potentialAction\":[{\"@type\":\"SearchAction\",\"target\":{\"@type\":\"EntryPoint\",\"urlTemplate\":\"http:\\\/\\\/www.radiohorizonte.fm\\\/radio\\\/?s={search_term_string}\"},\"query-input\":{\"@type\":\"PropertyValueSpecification\",\"valueRequired\":true,\"valueName\":\"search_term_string\"}}],\"inLanguage\":\"es-AR\"},{\"@type\":\"Organization\",\"@id\":\"http:\\\/\\\/www.radiohorizonte.fm\\\/radio\\\/#organization\",\"name\":\"Horizonte\",\"url\":\"http:\\\/\\\/www.radiohorizonte.fm\\\/radio\\\/\",\"logo\":{\"@type\":\"ImageObject\",\"inLanguage\":\"es-AR\",\"@id\":\"http:\\\/\\\/www.radiohorizonte.fm\\\/radio\\\/#\\\/schema\\\/logo\\\/image\\\/\",\"url\":\"http:\\\/\\\/www.radiohorizonte.fm\\\/radio\\\/wp-content\\\/uploads\\\/2025\\\/06\\\/Portada-FM-Horizonte_modelo-imagen-scaled.jpg\",\"contentUrl\":\"http:\\\/\\\/www.radiohorizonte.fm\\\/radio\\\/wp-content\\\/uploads\\\/2025\\\/06\\\/Portada-FM-Horizonte_modelo-imagen-scaled.jpg\",\"width\":2560,\"height\":1056,\"caption\":\"Horizonte\"},\"image\":{\"@id\":\"http:\\\/\\\/www.radiohorizonte.fm\\\/radio\\\/#\\\/schema\\\/logo\\\/image\\\/\"},\"sameAs\":[\"http:\\\/\\\/www.facebook.com\\\/HORIZONTE106.1\",\"https:\\\/\\\/x.com\\\/fmhorizonte1061\"]},{\"@type\":\"Person\",\"@id\":\"http:\\\/\\\/www.radiohorizonte.fm\\\/radio\\\/#\\\/schema\\\/person\\\/f8fa003a405bb86729fd87d15d0ddafa\",\"name\":\"Cristian Galarza\",\"image\":{\"@type\":\"ImageObject\",\"inLanguage\":\"es-AR\",\"@id\":\"https:\\\/\\\/secure.gravatar.com\\\/avatar\\\/fad34bc2c773209c05d7d53b08a69b680eeb55f3be014e52b31643d20ab65925?s=96&d=mm&r=g\",\"url\":\"https:\\\/\\\/secure.gravatar.com\\\/avatar\\\/fad34bc2c773209c05d7d53b08a69b680eeb55f3be014e52b31643d20ab65925?s=96&d=mm&r=g\",\"contentUrl\":\"https:\\\/\\\/secure.gravatar.com\\\/avatar\\\/fad34bc2c773209c05d7d53b08a69b680eeb55f3be014e52b31643d20ab65925?s=96&d=mm&r=g\",\"caption\":\"Cristian Galarza\"},\"url\":\"http:\\\/\\\/www.radiohorizonte.fm\\\/radio\\\/author\\\/cristian\\\/\"}]}<\/script>\n<!-- \/ Yoast SEO plugin. -->","yoast_head_json":{"title":"El FMI tratar\u00e1 el desembolso para la Argentina el 23 de agosto - Horizonte","robots":{"index":"index","follow":"follow","max-snippet":"max-snippet:-1","max-image-preview":"max-image-preview:large","max-video-preview":"max-video-preview:-1"},"canonical":"http:\/\/www.radiohorizonte.fm\/radio\/2023\/08\/15\/el-fmi-tratara-el-desembolso-para-la-argentina-el-23-de-agosto\/","og_locale":"es_ES","og_type":"article","og_title":"El FMI tratar\u00e1 el desembolso para la Argentina el 23 de agosto - Horizonte","og_description":"\u201cValoramos las acciones de pol\u00edticas recientes de las autoridades y el compromiso de salvaguardar la estabilidad, reconstruir las reservas y fortalecer el orden fiscal\u201d, se\u00f1alaron desde el organismo. respecto a los desembolsos previstos por 7.500 millones de d\u00f3lares. \u00a0 El Fondo Monetario Internacional (FMI) confirm\u00f3 este lunes que el directorio del organismo tratar\u00e1 el mi\u00e9rcoles","og_url":"http:\/\/www.radiohorizonte.fm\/radio\/2023\/08\/15\/el-fmi-tratara-el-desembolso-para-la-argentina-el-23-de-agosto\/","og_site_name":"Horizonte","article_publisher":"http:\/\/www.facebook.com\/HORIZONTE106.1","article_published_time":"2023-08-15T10:13:49+00:00","og_image":[{"width":1200,"height":675,"url":"http:\/\/www.radiohorizonte.fm\/radio\/wp-content\/uploads\/2023\/08\/64bfe39e922b5_1200.jpg","type":"image\/jpeg"}],"author":"Cristian Galarza","twitter_card":"summary_large_image","twitter_creator":"@fmhorizonte1061","twitter_site":"@fmhorizonte1061","twitter_misc":{"Escrito por":"Cristian Galarza","Tiempo de lectura":"6 minutos"},"schema":{"@context":"https:\/\/schema.org","@graph":[{"@type":"Article","@id":"http:\/\/www.radiohorizonte.fm\/radio\/2023\/08\/15\/el-fmi-tratara-el-desembolso-para-la-argentina-el-23-de-agosto\/#article","isPartOf":{"@id":"http:\/\/www.radiohorizonte.fm\/radio\/2023\/08\/15\/el-fmi-tratara-el-desembolso-para-la-argentina-el-23-de-agosto\/"},"author":{"name":"Cristian Galarza","@id":"http:\/\/www.radiohorizonte.fm\/radio\/#\/schema\/person\/f8fa003a405bb86729fd87d15d0ddafa"},"headline":"El FMI tratar\u00e1 el desembolso para la Argentina el 23 de agosto","datePublished":"2023-08-15T10:13:49+00:00","mainEntityOfPage":{"@id":"http:\/\/www.radiohorizonte.fm\/radio\/2023\/08\/15\/el-fmi-tratara-el-desembolso-para-la-argentina-el-23-de-agosto\/"},"wordCount":1163,"publisher":{"@id":"http:\/\/www.radiohorizonte.fm\/radio\/#organization"},"image":{"@id":"http:\/\/www.radiohorizonte.fm\/radio\/2023\/08\/15\/el-fmi-tratara-el-desembolso-para-la-argentina-el-23-de-agosto\/#primaryimage"},"thumbnailUrl":"http:\/\/www.radiohorizonte.fm\/radio\/wp-content\/uploads\/2023\/08\/64bfe39e922b5_1200.jpg","articleSection":["Noticias"],"inLanguage":"es-AR"},{"@type":"WebPage","@id":"http:\/\/www.radiohorizonte.fm\/radio\/2023\/08\/15\/el-fmi-tratara-el-desembolso-para-la-argentina-el-23-de-agosto\/","url":"http:\/\/www.radiohorizonte.fm\/radio\/2023\/08\/15\/el-fmi-tratara-el-desembolso-para-la-argentina-el-23-de-agosto\/","name":"El FMI tratar\u00e1 el desembolso para la Argentina el 23 de agosto - Horizonte","isPartOf":{"@id":"http:\/\/www.radiohorizonte.fm\/radio\/#website"},"primaryImageOfPage":{"@id":"http:\/\/www.radiohorizonte.fm\/radio\/2023\/08\/15\/el-fmi-tratara-el-desembolso-para-la-argentina-el-23-de-agosto\/#primaryimage"},"image":{"@id":"http:\/\/www.radiohorizonte.fm\/radio\/2023\/08\/15\/el-fmi-tratara-el-desembolso-para-la-argentina-el-23-de-agosto\/#primaryimage"},"thumbnailUrl":"http:\/\/www.radiohorizonte.fm\/radio\/wp-content\/uploads\/2023\/08\/64bfe39e922b5_1200.jpg","datePublished":"2023-08-15T10:13:49+00:00","breadcrumb":{"@id":"http:\/\/www.radiohorizonte.fm\/radio\/2023\/08\/15\/el-fmi-tratara-el-desembolso-para-la-argentina-el-23-de-agosto\/#breadcrumb"},"inLanguage":"es-AR","potentialAction":[{"@type":"ReadAction","target":["http:\/\/www.radiohorizonte.fm\/radio\/2023\/08\/15\/el-fmi-tratara-el-desembolso-para-la-argentina-el-23-de-agosto\/"]}]},{"@type":"ImageObject","inLanguage":"es-AR","@id":"http:\/\/www.radiohorizonte.fm\/radio\/2023\/08\/15\/el-fmi-tratara-el-desembolso-para-la-argentina-el-23-de-agosto\/#primaryimage","url":"http:\/\/www.radiohorizonte.fm\/radio\/wp-content\/uploads\/2023\/08\/64bfe39e922b5_1200.jpg","contentUrl":"http:\/\/www.radiohorizonte.fm\/radio\/wp-content\/uploads\/2023\/08\/64bfe39e922b5_1200.jpg","width":1200,"height":675},{"@type":"BreadcrumbList","@id":"http:\/\/www.radiohorizonte.fm\/radio\/2023\/08\/15\/el-fmi-tratara-el-desembolso-para-la-argentina-el-23-de-agosto\/#breadcrumb","itemListElement":[{"@type":"ListItem","position":1,"name":"Home","item":"http:\/\/www.radiohorizonte.fm\/radio\/"},{"@type":"ListItem","position":2,"name":"El FMI tratar\u00e1 el desembolso para la Argentina el 23 de agosto"}]},{"@type":"WebSite","@id":"http:\/\/www.radiohorizonte.fm\/radio\/#website","url":"http:\/\/www.radiohorizonte.fm\/radio\/","name":"Horizonte","description":"Radio Horizonte 106.1 - Una radio de clasicos","publisher":{"@id":"http:\/\/www.radiohorizonte.fm\/radio\/#organization"},"potentialAction":[{"@type":"SearchAction","target":{"@type":"EntryPoint","urlTemplate":"http:\/\/www.radiohorizonte.fm\/radio\/?s={search_term_string}"},"query-input":{"@type":"PropertyValueSpecification","valueRequired":true,"valueName":"search_term_string"}}],"inLanguage":"es-AR"},{"@type":"Organization","@id":"http:\/\/www.radiohorizonte.fm\/radio\/#organization","name":"Horizonte","url":"http:\/\/www.radiohorizonte.fm\/radio\/","logo":{"@type":"ImageObject","inLanguage":"es-AR","@id":"http:\/\/www.radiohorizonte.fm\/radio\/#\/schema\/logo\/image\/","url":"http:\/\/www.radiohorizonte.fm\/radio\/wp-content\/uploads\/2025\/06\/Portada-FM-Horizonte_modelo-imagen-scaled.jpg","contentUrl":"http:\/\/www.radiohorizonte.fm\/radio\/wp-content\/uploads\/2025\/06\/Portada-FM-Horizonte_modelo-imagen-scaled.jpg","width":2560,"height":1056,"caption":"Horizonte"},"image":{"@id":"http:\/\/www.radiohorizonte.fm\/radio\/#\/schema\/logo\/image\/"},"sameAs":["http:\/\/www.facebook.com\/HORIZONTE106.1","https:\/\/x.com\/fmhorizonte1061"]},{"@type":"Person","@id":"http:\/\/www.radiohorizonte.fm\/radio\/#\/schema\/person\/f8fa003a405bb86729fd87d15d0ddafa","name":"Cristian Galarza","image":{"@type":"ImageObject","inLanguage":"es-AR","@id":"https:\/\/secure.gravatar.com\/avatar\/fad34bc2c773209c05d7d53b08a69b680eeb55f3be014e52b31643d20ab65925?s=96&d=mm&r=g","url":"https:\/\/secure.gravatar.com\/avatar\/fad34bc2c773209c05d7d53b08a69b680eeb55f3be014e52b31643d20ab65925?s=96&d=mm&r=g","contentUrl":"https:\/\/secure.gravatar.com\/avatar\/fad34bc2c773209c05d7d53b08a69b680eeb55f3be014e52b31643d20ab65925?s=96&d=mm&r=g","caption":"Cristian Galarza"},"url":"http:\/\/www.radiohorizonte.fm\/radio\/author\/cristian\/"}]}},"_links":{"self":[{"href":"http:\/\/www.radiohorizonte.fm\/radio\/wp-json\/wp\/v2\/posts\/41743","targetHints":{"allow":["GET"]}}],"collection":[{"href":"http:\/\/www.radiohorizonte.fm\/radio\/wp-json\/wp\/v2\/posts"}],"about":[{"href":"http:\/\/www.radiohorizonte.fm\/radio\/wp-json\/wp\/v2\/types\/post"}],"author":[{"embeddable":true,"href":"http:\/\/www.radiohorizonte.fm\/radio\/wp-json\/wp\/v2\/users\/2"}],"replies":[{"embeddable":true,"href":"http:\/\/www.radiohorizonte.fm\/radio\/wp-json\/wp\/v2\/comments?post=41743"}],"version-history":[{"count":1,"href":"http:\/\/www.radiohorizonte.fm\/radio\/wp-json\/wp\/v2\/posts\/41743\/revisions"}],"predecessor-version":[{"id":41745,"href":"http:\/\/www.radiohorizonte.fm\/radio\/wp-json\/wp\/v2\/posts\/41743\/revisions\/41745"}],"wp:featuredmedia":[{"embeddable":true,"href":"http:\/\/www.radiohorizonte.fm\/radio\/wp-json\/wp\/v2\/media\/41744"}],"wp:attachment":[{"href":"http:\/\/www.radiohorizonte.fm\/radio\/wp-json\/wp\/v2\/media?parent=41743"}],"wp:term":[{"taxonomy":"category","embeddable":true,"href":"http:\/\/www.radiohorizonte.fm\/radio\/wp-json\/wp\/v2\/categories?post=41743"},{"taxonomy":"post_tag","embeddable":true,"href":"http:\/\/www.radiohorizonte.fm\/radio\/wp-json\/wp\/v2\/tags?post=41743"}],"curies":[{"name":"wp","href":"https:\/\/api.w.org\/{rel}","templated":true}]}}