{"id":41746,"date":"2023-08-15T07:26:08","date_gmt":"2023-08-15T10:26:08","guid":{"rendered":"http:\/\/www.radiohorizonte.fm\/radio\/?p=41746"},"modified":"2023-08-15T07:26:08","modified_gmt":"2023-08-15T10:26:08","slug":"iba-en-un-colectivo-con-tres-kilos-de-cocaina-adheridos-su-cuerpo","status":"publish","type":"post","link":"http:\/\/www.radiohorizonte.fm\/radio\/2023\/08\/15\/iba-en-un-colectivo-con-tres-kilos-de-cocaina-adheridos-su-cuerpo\/","title":{"rendered":"Iba en un colectivo con tres kilos de coca\u00edna adheridos a su cuerpo"},"content":{"rendered":"<p>La droga habr\u00eda ingresado por la frontera y fue transportada desde Puerto Iguaz\u00fa, con destino hacia la terminal de Retiro, donde deb\u00eda bajar el pasajero &#8220;mula&#8221;. En los \u00faltimos meses, se procesaron otros casos con esta modalidad.<\/p>\n<p><img loading=\"lazy\" decoding=\"async\" class=\"alignnone size-full wp-image-41747\" src=\"http:\/\/www.radiohorizonte.fm\/radio\/wp-content\/uploads\/2023\/08\/1313787w762h577c.jpg.jpg\" alt=\"\" width=\"762\" height=\"577\" srcset=\"http:\/\/www.radiohorizonte.fm\/radio\/wp-content\/uploads\/2023\/08\/1313787w762h577c.jpg.jpg 762w, http:\/\/www.radiohorizonte.fm\/radio\/wp-content\/uploads\/2023\/08\/1313787w762h577c.jpg-300x227.jpg 300w, http:\/\/www.radiohorizonte.fm\/radio\/wp-content\/uploads\/2023\/08\/1313787w762h577c.jpg-65x49.jpg 65w, http:\/\/www.radiohorizonte.fm\/radio\/wp-content\/uploads\/2023\/08\/1313787w762h577c.jpg-264x200.jpg 264w, http:\/\/www.radiohorizonte.fm\/radio\/wp-content\/uploads\/2023\/08\/1313787w762h577c.jpg-85x64.jpg 85w, http:\/\/www.radiohorizonte.fm\/radio\/wp-content\/uploads\/2023\/08\/1313787w762h577c.jpg-165x125.jpg 165w, http:\/\/www.radiohorizonte.fm\/radio\/wp-content\/uploads\/2023\/08\/1313787w762h577c.jpg-90x68.jpg 90w\" sizes=\"auto, (max-width: 762px) 100vw, 762px\" \/><\/p>\n<p>Un hombre que utilizaba la modalidad de &#8220;mula&#8221;, pretend\u00eda traficar tres kilos de coca\u00edna adheridos a su cuerpo, fue detectado y atrapado por efectivos de la Gendarmer\u00eda Nacional, durante un control de rutina en un ret\u00e9n ubicado sobre Ruta Nacional N\u00b014, en cercan\u00edas de la localidad de Alvear. El narco ingres\u00f3 desde Puerto Iguaz\u00fa y se dirig\u00eda hacia la terminal de Retiro en la capital federal.<\/p>\n<p>El procedimiento se concret\u00f3 el domingo por la tarde, a la altura del kil\u00f3metro 602 de la Ruta Nacional N\u00b014, cuando personal de la secci\u00f3n &#8220;Alvear&#8221;, dependiente del Escuadr\u00f3n 57 &#8220;Santo Tom\u00e9&#8221;, demor\u00f3 el paso de un colectivo de larga distancia, proveniente del interior de la provincia de Misiones y con destino final a la ciudad Aut\u00f3noma de Buenos Aires.<\/p>\n<div class=\"center medium m_image\">\n<figure><picture><source srcset=\"https:\/\/www.diarioepoca.com\/content\/bucket\/8\/1313788w380h288c.jpg.webp\" type=\"image\/webp\" media=\"(min-width: 640px)\" \/><source srcset=\"https:\/\/www.diarioepoca.com\/content\/bucket\/8\/1313788w440h334c.jpg.webp\" type=\"image\/webp\" media=\"(min-width: 300px)\" \/><source srcset=\"https:\/\/www.diarioepoca.com\/content\/bucket\/8\/1313788w380h288c.jpg\" media=\"(min-width: 300px)\" \/><img loading=\"lazy\" decoding=\"async\" class=\"pic\" src=\"https:\/\/www.diarioepoca.com\/content\/bucket\/8\/1313788w380h288c.jpg.webp\" alt=\"\" width=\"380\" height=\"288\" \/><\/picture><figcaption>LOS TRES PAQUETES PESARON POCO M\u00c1S DE TRES KILOS.<\/figcaption><\/figure>\n<\/div>\n<p>El control era de rutina, de pasajeros y documentaci\u00f3n del veh\u00edculo, pero uno de los viajeros llam\u00f3 la atenci\u00f3n de los uniformados, que al verles evidenci\u00f3 much\u00edsimo nerviosismo.<\/p>\n<p>Cuando le solicitaron que se ponga de pie para realizarle el cacheo de seguridad, descubrieron en el palpado que llevaba varios bultos adheridos a su cuerpo.<\/p>\n<p>De inmediato le pidieron que exhiba lo que llevaba bajo sus ropas, dejando al descubierto tres paquetes rectangulares, encintados y camuflados que fueron retirados y posteriormente sometidos al testeo de narc\u00f3ticos, arrojando resultados positivos para clorhidrato de coca\u00edna de alta pureza.<\/p>\n<div class=\"center medium m_image\">\n<figure><picture><source srcset=\"https:\/\/www.diarioepoca.com\/content\/bucket\/9\/1313789w380h303c.jpg.webp\" type=\"image\/webp\" media=\"(min-width: 640px)\" \/><source srcset=\"https:\/\/www.diarioepoca.com\/content\/bucket\/9\/1313789w440h351c.jpg.webp\" type=\"image\/webp\" media=\"(min-width: 300px)\" \/><source srcset=\"https:\/\/www.diarioepoca.com\/content\/bucket\/9\/1313789w380h303c.jpg\" media=\"(min-width: 300px)\" \/><img loading=\"lazy\" decoding=\"async\" class=\"pic\" src=\"https:\/\/www.diarioepoca.com\/content\/bucket\/9\/1313789w380h303c.jpg.webp\" alt=\"\" width=\"380\" height=\"303\" \/><\/picture><figcaption>EL 25 DE JUNIO ATRAPARON A UN MENOR DE 16 A\u00d1OS.<\/figcaption><\/figure>\n<\/div>\n<p>Personal de Criminal\u00edstica y Estudios Forenses de la Unidad Federal llevaron adelante la producci\u00f3n de pruebas, mientras que el pesaje final arroj\u00f3 un total de 3.128 kilogramos de coca\u00edna, que por orden del juzgado federal de Paso de los Libres fueron decomisados. Mientras tanto, el hombre que llevaba el estupefaciente qued\u00f3 en calidad de detenido e incomunicado, a disposici\u00f3n de la Justicia.<\/p>\n<p>Este caso tiene un antecedente reciente, ocurrido a fines del mes de junio, cuando los efectivos de aquella fuerza federal y en el mismo control, atraparon a un menor de 16 a\u00f1os, viajando en un colectivo que hab\u00eda salido un rato antes de la ciudad de Posadas en Misiones y ten\u00eda como destino final la ciudad de La Plata, en la provincia de Buenos Aires. La joven &#8220;mula narco&#8221; deb\u00eda bajar una vez ingresado a territorio entrerriano con el paquete de droga que llevaba adosado a su cuerpo, pero nunca lleg\u00f3, ya que lo descubrieron en una inspecci\u00f3n vehicular.<\/p>\n<p>A los gendarmes les llam\u00f3 la atenci\u00f3n que pese a estar encendida la calefacci\u00f3n del colectivo y al m\u00e1ximo, el pasajero viajaba con demasiados abrigos. Al realizarle el cacheo le encontraron el paquete de coca\u00edna de un kilo adherido al cuerpo.<\/p>\n","protected":false},"excerpt":{"rendered":"<div class=\"post-excerpt\"><p>La droga habr\u00eda ingresado por la frontera y fue transportada desde Puerto Iguaz\u00fa, con destino hacia la terminal de Retiro, donde deb\u00eda bajar el pasajero &#8220;mula&#8221;. En los \u00faltimos meses, se procesaron otros casos con esta modalidad. Un hombre que utilizaba la modalidad de &#8220;mula&#8221;, pretend\u00eda traficar tres kilos de coca\u00edna adheridos a su cuerpo,<\/p>\n<\/div>","protected":false},"author":2,"featured_media":41747,"comment_status":"closed","ping_status":"closed","sticky":false,"template":"","format":"standard","meta":{"_acf_changed":false,"footnotes":""},"categories":[2],"tags":[],"class_list":["post-41746","post","type-post","status-publish","format-standard","has-post-thumbnail","hentry","category-noticias"],"acf":[],"yoast_head":"<!-- This site is optimized with the Yoast SEO plugin v28.1 - https:\/\/yoast.com\/product\/yoast-seo-wordpress\/ -->\n<title>Iba en un colectivo con tres kilos de coca\u00edna adheridos a su cuerpo - Horizonte<\/title>\n<meta name=\"robots\" content=\"index, follow, max-snippet:-1, max-image-preview:large, max-video-preview:-1\" \/>\n<link rel=\"canonical\" href=\"https:\/\/www.radiohorizonte.fm\/radio\/2023\/08\/15\/iba-en-un-colectivo-con-tres-kilos-de-cocaina-adheridos-su-cuerpo\/\" \/>\n<meta property=\"og:locale\" content=\"es_ES\" \/>\n<meta property=\"og:type\" content=\"article\" \/>\n<meta property=\"og:title\" content=\"Iba en un colectivo con tres kilos de coca\u00edna adheridos a su cuerpo - Horizonte\" \/>\n<meta property=\"og:description\" content=\"La droga habr\u00eda ingresado por la frontera y fue transportada desde Puerto Iguaz\u00fa, con destino hacia la terminal de Retiro, donde deb\u00eda bajar el pasajero &#8220;mula&#8221;. En los \u00faltimos meses, se procesaron otros casos con esta modalidad. Un hombre que utilizaba la modalidad de &#8220;mula&#8221;, pretend\u00eda traficar tres kilos de coca\u00edna adheridos a su cuerpo,\" \/>\n<meta property=\"og:url\" content=\"https:\/\/www.radiohorizonte.fm\/radio\/2023\/08\/15\/iba-en-un-colectivo-con-tres-kilos-de-cocaina-adheridos-su-cuerpo\/\" \/>\n<meta property=\"og:site_name\" content=\"Horizonte\" \/>\n<meta property=\"article:publisher\" content=\"http:\/\/www.facebook.com\/HORIZONTE106.1\" \/>\n<meta property=\"article:published_time\" content=\"2023-08-15T10:26:08+00:00\" \/>\n<meta property=\"og:image\" content=\"https:\/\/www.radiohorizonte.fm\/radio\/wp-content\/uploads\/2023\/08\/1313787w762h577c.jpg.jpg\" \/>\n\t<meta property=\"og:image:width\" content=\"762\" \/>\n\t<meta property=\"og:image:height\" content=\"577\" \/>\n\t<meta property=\"og:image:type\" content=\"image\/jpeg\" \/>\n<meta name=\"author\" content=\"Cristian Galarza\" \/>\n<meta name=\"twitter:card\" content=\"summary_large_image\" \/>\n<meta name=\"twitter:creator\" content=\"@fmhorizonte1061\" \/>\n<meta name=\"twitter:site\" content=\"@fmhorizonte1061\" \/>\n<meta name=\"twitter:label1\" content=\"Escrito por\" \/>\n\t<meta name=\"twitter:data1\" content=\"Cristian Galarza\" \/>\n\t<meta name=\"twitter:label2\" content=\"Tiempo de lectura\" \/>\n\t<meta name=\"twitter:data2\" content=\"3 minutos\" \/>\n<script type=\"application\/ld+json\" class=\"yoast-schema-graph\">{\"@context\":\"https:\\\/\\\/schema.org\",\"@graph\":[{\"@type\":\"Article\",\"@id\":\"https:\\\/\\\/www.radiohorizonte.fm\\\/radio\\\/2023\\\/08\\\/15\\\/iba-en-un-colectivo-con-tres-kilos-de-cocaina-adheridos-su-cuerpo\\\/#article\",\"isPartOf\":{\"@id\":\"https:\\\/\\\/www.radiohorizonte.fm\\\/radio\\\/2023\\\/08\\\/15\\\/iba-en-un-colectivo-con-tres-kilos-de-cocaina-adheridos-su-cuerpo\\\/\"},\"author\":{\"name\":\"Cristian Galarza\",\"@id\":\"http:\\\/\\\/www.radiohorizonte.fm\\\/radio\\\/#\\\/schema\\\/person\\\/f8fa003a405bb86729fd87d15d0ddafa\"},\"headline\":\"Iba en un colectivo con tres kilos de coca\u00edna adheridos a su cuerpo\",\"datePublished\":\"2023-08-15T10:26:08+00:00\",\"mainEntityOfPage\":{\"@id\":\"https:\\\/\\\/www.radiohorizonte.fm\\\/radio\\\/2023\\\/08\\\/15\\\/iba-en-un-colectivo-con-tres-kilos-de-cocaina-adheridos-su-cuerpo\\\/\"},\"wordCount\":521,\"publisher\":{\"@id\":\"http:\\\/\\\/www.radiohorizonte.fm\\\/radio\\\/#organization\"},\"image\":{\"@id\":\"https:\\\/\\\/www.radiohorizonte.fm\\\/radio\\\/2023\\\/08\\\/15\\\/iba-en-un-colectivo-con-tres-kilos-de-cocaina-adheridos-su-cuerpo\\\/#primaryimage\"},\"thumbnailUrl\":\"http:\\\/\\\/www.radiohorizonte.fm\\\/radio\\\/wp-content\\\/uploads\\\/2023\\\/08\\\/1313787w762h577c.jpg.jpg\",\"articleSection\":[\"Noticias\"],\"inLanguage\":\"es-AR\"},{\"@type\":\"WebPage\",\"@id\":\"https:\\\/\\\/www.radiohorizonte.fm\\\/radio\\\/2023\\\/08\\\/15\\\/iba-en-un-colectivo-con-tres-kilos-de-cocaina-adheridos-su-cuerpo\\\/\",\"url\":\"https:\\\/\\\/www.radiohorizonte.fm\\\/radio\\\/2023\\\/08\\\/15\\\/iba-en-un-colectivo-con-tres-kilos-de-cocaina-adheridos-su-cuerpo\\\/\",\"name\":\"Iba en un colectivo con tres kilos de coca\u00edna adheridos a su cuerpo - Horizonte\",\"isPartOf\":{\"@id\":\"http:\\\/\\\/www.radiohorizonte.fm\\\/radio\\\/#website\"},\"primaryImageOfPage\":{\"@id\":\"https:\\\/\\\/www.radiohorizonte.fm\\\/radio\\\/2023\\\/08\\\/15\\\/iba-en-un-colectivo-con-tres-kilos-de-cocaina-adheridos-su-cuerpo\\\/#primaryimage\"},\"image\":{\"@id\":\"https:\\\/\\\/www.radiohorizonte.fm\\\/radio\\\/2023\\\/08\\\/15\\\/iba-en-un-colectivo-con-tres-kilos-de-cocaina-adheridos-su-cuerpo\\\/#primaryimage\"},\"thumbnailUrl\":\"http:\\\/\\\/www.radiohorizonte.fm\\\/radio\\\/wp-content\\\/uploads\\\/2023\\\/08\\\/1313787w762h577c.jpg.jpg\",\"datePublished\":\"2023-08-15T10:26:08+00:00\",\"breadcrumb\":{\"@id\":\"https:\\\/\\\/www.radiohorizonte.fm\\\/radio\\\/2023\\\/08\\\/15\\\/iba-en-un-colectivo-con-tres-kilos-de-cocaina-adheridos-su-cuerpo\\\/#breadcrumb\"},\"inLanguage\":\"es-AR\",\"potentialAction\":[{\"@type\":\"ReadAction\",\"target\":[\"https:\\\/\\\/www.radiohorizonte.fm\\\/radio\\\/2023\\\/08\\\/15\\\/iba-en-un-colectivo-con-tres-kilos-de-cocaina-adheridos-su-cuerpo\\\/\"]}]},{\"@type\":\"ImageObject\",\"inLanguage\":\"es-AR\",\"@id\":\"https:\\\/\\\/www.radiohorizonte.fm\\\/radio\\\/2023\\\/08\\\/15\\\/iba-en-un-colectivo-con-tres-kilos-de-cocaina-adheridos-su-cuerpo\\\/#primaryimage\",\"url\":\"http:\\\/\\\/www.radiohorizonte.fm\\\/radio\\\/wp-content\\\/uploads\\\/2023\\\/08\\\/1313787w762h577c.jpg.jpg\",\"contentUrl\":\"http:\\\/\\\/www.radiohorizonte.fm\\\/radio\\\/wp-content\\\/uploads\\\/2023\\\/08\\\/1313787w762h577c.jpg.jpg\",\"width\":762,\"height\":577},{\"@type\":\"BreadcrumbList\",\"@id\":\"https:\\\/\\\/www.radiohorizonte.fm\\\/radio\\\/2023\\\/08\\\/15\\\/iba-en-un-colectivo-con-tres-kilos-de-cocaina-adheridos-su-cuerpo\\\/#breadcrumb\",\"itemListElement\":[{\"@type\":\"ListItem\",\"position\":1,\"name\":\"Home\",\"item\":\"http:\\\/\\\/www.radiohorizonte.fm\\\/radio\\\/\"},{\"@type\":\"ListItem\",\"position\":2,\"name\":\"Iba en un colectivo con tres kilos de coca\u00edna adheridos a su cuerpo\"}]},{\"@type\":\"WebSite\",\"@id\":\"http:\\\/\\\/www.radiohorizonte.fm\\\/radio\\\/#website\",\"url\":\"http:\\\/\\\/www.radiohorizonte.fm\\\/radio\\\/\",\"name\":\"Horizonte\",\"description\":\"Radio Horizonte 106.1 - Una radio de clasicos\",\"publisher\":{\"@id\":\"http:\\\/\\\/www.radiohorizonte.fm\\\/radio\\\/#organization\"},\"potentialAction\":[{\"@type\":\"SearchAction\",\"target\":{\"@type\":\"EntryPoint\",\"urlTemplate\":\"http:\\\/\\\/www.radiohorizonte.fm\\\/radio\\\/?s={search_term_string}\"},\"query-input\":{\"@type\":\"PropertyValueSpecification\",\"valueRequired\":true,\"valueName\":\"search_term_string\"}}],\"inLanguage\":\"es-AR\"},{\"@type\":\"Organization\",\"@id\":\"http:\\\/\\\/www.radiohorizonte.fm\\\/radio\\\/#organization\",\"name\":\"Horizonte\",\"url\":\"http:\\\/\\\/www.radiohorizonte.fm\\\/radio\\\/\",\"logo\":{\"@type\":\"ImageObject\",\"inLanguage\":\"es-AR\",\"@id\":\"http:\\\/\\\/www.radiohorizonte.fm\\\/radio\\\/#\\\/schema\\\/logo\\\/image\\\/\",\"url\":\"http:\\\/\\\/www.radiohorizonte.fm\\\/radio\\\/wp-content\\\/uploads\\\/2025\\\/06\\\/Portada-FM-Horizonte_modelo-imagen-scaled.jpg\",\"contentUrl\":\"http:\\\/\\\/www.radiohorizonte.fm\\\/radio\\\/wp-content\\\/uploads\\\/2025\\\/06\\\/Portada-FM-Horizonte_modelo-imagen-scaled.jpg\",\"width\":2560,\"height\":1056,\"caption\":\"Horizonte\"},\"image\":{\"@id\":\"http:\\\/\\\/www.radiohorizonte.fm\\\/radio\\\/#\\\/schema\\\/logo\\\/image\\\/\"},\"sameAs\":[\"http:\\\/\\\/www.facebook.com\\\/HORIZONTE106.1\",\"https:\\\/\\\/x.com\\\/fmhorizonte1061\"]},{\"@type\":\"Person\",\"@id\":\"http:\\\/\\\/www.radiohorizonte.fm\\\/radio\\\/#\\\/schema\\\/person\\\/f8fa003a405bb86729fd87d15d0ddafa\",\"name\":\"Cristian Galarza\",\"image\":{\"@type\":\"ImageObject\",\"inLanguage\":\"es-AR\",\"@id\":\"https:\\\/\\\/secure.gravatar.com\\\/avatar\\\/fad34bc2c773209c05d7d53b08a69b680eeb55f3be014e52b31643d20ab65925?s=96&d=mm&r=g\",\"url\":\"https:\\\/\\\/secure.gravatar.com\\\/avatar\\\/fad34bc2c773209c05d7d53b08a69b680eeb55f3be014e52b31643d20ab65925?s=96&d=mm&r=g\",\"contentUrl\":\"https:\\\/\\\/secure.gravatar.com\\\/avatar\\\/fad34bc2c773209c05d7d53b08a69b680eeb55f3be014e52b31643d20ab65925?s=96&d=mm&r=g\",\"caption\":\"Cristian Galarza\"},\"url\":\"http:\\\/\\\/www.radiohorizonte.fm\\\/radio\\\/author\\\/cristian\\\/\"}]}<\/script>\n<!-- \/ Yoast SEO plugin. -->","yoast_head_json":{"title":"Iba en un colectivo con tres kilos de coca\u00edna adheridos a su cuerpo - Horizonte","robots":{"index":"index","follow":"follow","max-snippet":"max-snippet:-1","max-image-preview":"max-image-preview:large","max-video-preview":"max-video-preview:-1"},"canonical":"https:\/\/www.radiohorizonte.fm\/radio\/2023\/08\/15\/iba-en-un-colectivo-con-tres-kilos-de-cocaina-adheridos-su-cuerpo\/","og_locale":"es_ES","og_type":"article","og_title":"Iba en un colectivo con tres kilos de coca\u00edna adheridos a su cuerpo - Horizonte","og_description":"La droga habr\u00eda ingresado por la frontera y fue transportada desde Puerto Iguaz\u00fa, con destino hacia la terminal de Retiro, donde deb\u00eda bajar el pasajero &#8220;mula&#8221;. En los \u00faltimos meses, se procesaron otros casos con esta modalidad. Un hombre que utilizaba la modalidad de &#8220;mula&#8221;, pretend\u00eda traficar tres kilos de coca\u00edna adheridos a su cuerpo,","og_url":"https:\/\/www.radiohorizonte.fm\/radio\/2023\/08\/15\/iba-en-un-colectivo-con-tres-kilos-de-cocaina-adheridos-su-cuerpo\/","og_site_name":"Horizonte","article_publisher":"http:\/\/www.facebook.com\/HORIZONTE106.1","article_published_time":"2023-08-15T10:26:08+00:00","og_image":[{"width":762,"height":577,"url":"https:\/\/www.radiohorizonte.fm\/radio\/wp-content\/uploads\/2023\/08\/1313787w762h577c.jpg.jpg","type":"image\/jpeg"}],"author":"Cristian Galarza","twitter_card":"summary_large_image","twitter_creator":"@fmhorizonte1061","twitter_site":"@fmhorizonte1061","twitter_misc":{"Escrito por":"Cristian Galarza","Tiempo de lectura":"3 minutos"},"schema":{"@context":"https:\/\/schema.org","@graph":[{"@type":"Article","@id":"https:\/\/www.radiohorizonte.fm\/radio\/2023\/08\/15\/iba-en-un-colectivo-con-tres-kilos-de-cocaina-adheridos-su-cuerpo\/#article","isPartOf":{"@id":"https:\/\/www.radiohorizonte.fm\/radio\/2023\/08\/15\/iba-en-un-colectivo-con-tres-kilos-de-cocaina-adheridos-su-cuerpo\/"},"author":{"name":"Cristian Galarza","@id":"http:\/\/www.radiohorizonte.fm\/radio\/#\/schema\/person\/f8fa003a405bb86729fd87d15d0ddafa"},"headline":"Iba en un colectivo con tres kilos de coca\u00edna adheridos a su cuerpo","datePublished":"2023-08-15T10:26:08+00:00","mainEntityOfPage":{"@id":"https:\/\/www.radiohorizonte.fm\/radio\/2023\/08\/15\/iba-en-un-colectivo-con-tres-kilos-de-cocaina-adheridos-su-cuerpo\/"},"wordCount":521,"publisher":{"@id":"http:\/\/www.radiohorizonte.fm\/radio\/#organization"},"image":{"@id":"https:\/\/www.radiohorizonte.fm\/radio\/2023\/08\/15\/iba-en-un-colectivo-con-tres-kilos-de-cocaina-adheridos-su-cuerpo\/#primaryimage"},"thumbnailUrl":"http:\/\/www.radiohorizonte.fm\/radio\/wp-content\/uploads\/2023\/08\/1313787w762h577c.jpg.jpg","articleSection":["Noticias"],"inLanguage":"es-AR"},{"@type":"WebPage","@id":"https:\/\/www.radiohorizonte.fm\/radio\/2023\/08\/15\/iba-en-un-colectivo-con-tres-kilos-de-cocaina-adheridos-su-cuerpo\/","url":"https:\/\/www.radiohorizonte.fm\/radio\/2023\/08\/15\/iba-en-un-colectivo-con-tres-kilos-de-cocaina-adheridos-su-cuerpo\/","name":"Iba en un colectivo con tres kilos de coca\u00edna adheridos a su cuerpo - Horizonte","isPartOf":{"@id":"http:\/\/www.radiohorizonte.fm\/radio\/#website"},"primaryImageOfPage":{"@id":"https:\/\/www.radiohorizonte.fm\/radio\/2023\/08\/15\/iba-en-un-colectivo-con-tres-kilos-de-cocaina-adheridos-su-cuerpo\/#primaryimage"},"image":{"@id":"https:\/\/www.radiohorizonte.fm\/radio\/2023\/08\/15\/iba-en-un-colectivo-con-tres-kilos-de-cocaina-adheridos-su-cuerpo\/#primaryimage"},"thumbnailUrl":"http:\/\/www.radiohorizonte.fm\/radio\/wp-content\/uploads\/2023\/08\/1313787w762h577c.jpg.jpg","datePublished":"2023-08-15T10:26:08+00:00","breadcrumb":{"@id":"https:\/\/www.radiohorizonte.fm\/radio\/2023\/08\/15\/iba-en-un-colectivo-con-tres-kilos-de-cocaina-adheridos-su-cuerpo\/#breadcrumb"},"inLanguage":"es-AR","potentialAction":[{"@type":"ReadAction","target":["https:\/\/www.radiohorizonte.fm\/radio\/2023\/08\/15\/iba-en-un-colectivo-con-tres-kilos-de-cocaina-adheridos-su-cuerpo\/"]}]},{"@type":"ImageObject","inLanguage":"es-AR","@id":"https:\/\/www.radiohorizonte.fm\/radio\/2023\/08\/15\/iba-en-un-colectivo-con-tres-kilos-de-cocaina-adheridos-su-cuerpo\/#primaryimage","url":"http:\/\/www.radiohorizonte.fm\/radio\/wp-content\/uploads\/2023\/08\/1313787w762h577c.jpg.jpg","contentUrl":"http:\/\/www.radiohorizonte.fm\/radio\/wp-content\/uploads\/2023\/08\/1313787w762h577c.jpg.jpg","width":762,"height":577},{"@type":"BreadcrumbList","@id":"https:\/\/www.radiohorizonte.fm\/radio\/2023\/08\/15\/iba-en-un-colectivo-con-tres-kilos-de-cocaina-adheridos-su-cuerpo\/#breadcrumb","itemListElement":[{"@type":"ListItem","position":1,"name":"Home","item":"http:\/\/www.radiohorizonte.fm\/radio\/"},{"@type":"ListItem","position":2,"name":"Iba en un colectivo con tres kilos de coca\u00edna adheridos a su cuerpo"}]},{"@type":"WebSite","@id":"http:\/\/www.radiohorizonte.fm\/radio\/#website","url":"http:\/\/www.radiohorizonte.fm\/radio\/","name":"Horizonte","description":"Radio Horizonte 106.1 - Una radio de clasicos","publisher":{"@id":"http:\/\/www.radiohorizonte.fm\/radio\/#organization"},"potentialAction":[{"@type":"SearchAction","target":{"@type":"EntryPoint","urlTemplate":"http:\/\/www.radiohorizonte.fm\/radio\/?s={search_term_string}"},"query-input":{"@type":"PropertyValueSpecification","valueRequired":true,"valueName":"search_term_string"}}],"inLanguage":"es-AR"},{"@type":"Organization","@id":"http:\/\/www.radiohorizonte.fm\/radio\/#organization","name":"Horizonte","url":"http:\/\/www.radiohorizonte.fm\/radio\/","logo":{"@type":"ImageObject","inLanguage":"es-AR","@id":"http:\/\/www.radiohorizonte.fm\/radio\/#\/schema\/logo\/image\/","url":"http:\/\/www.radiohorizonte.fm\/radio\/wp-content\/uploads\/2025\/06\/Portada-FM-Horizonte_modelo-imagen-scaled.jpg","contentUrl":"http:\/\/www.radiohorizonte.fm\/radio\/wp-content\/uploads\/2025\/06\/Portada-FM-Horizonte_modelo-imagen-scaled.jpg","width":2560,"height":1056,"caption":"Horizonte"},"image":{"@id":"http:\/\/www.radiohorizonte.fm\/radio\/#\/schema\/logo\/image\/"},"sameAs":["http:\/\/www.facebook.com\/HORIZONTE106.1","https:\/\/x.com\/fmhorizonte1061"]},{"@type":"Person","@id":"http:\/\/www.radiohorizonte.fm\/radio\/#\/schema\/person\/f8fa003a405bb86729fd87d15d0ddafa","name":"Cristian Galarza","image":{"@type":"ImageObject","inLanguage":"es-AR","@id":"https:\/\/secure.gravatar.com\/avatar\/fad34bc2c773209c05d7d53b08a69b680eeb55f3be014e52b31643d20ab65925?s=96&d=mm&r=g","url":"https:\/\/secure.gravatar.com\/avatar\/fad34bc2c773209c05d7d53b08a69b680eeb55f3be014e52b31643d20ab65925?s=96&d=mm&r=g","contentUrl":"https:\/\/secure.gravatar.com\/avatar\/fad34bc2c773209c05d7d53b08a69b680eeb55f3be014e52b31643d20ab65925?s=96&d=mm&r=g","caption":"Cristian Galarza"},"url":"http:\/\/www.radiohorizonte.fm\/radio\/author\/cristian\/"}]}},"_links":{"self":[{"href":"http:\/\/www.radiohorizonte.fm\/radio\/wp-json\/wp\/v2\/posts\/41746","targetHints":{"allow":["GET"]}}],"collection":[{"href":"http:\/\/www.radiohorizonte.fm\/radio\/wp-json\/wp\/v2\/posts"}],"about":[{"href":"http:\/\/www.radiohorizonte.fm\/radio\/wp-json\/wp\/v2\/types\/post"}],"author":[{"embeddable":true,"href":"http:\/\/www.radiohorizonte.fm\/radio\/wp-json\/wp\/v2\/users\/2"}],"replies":[{"embeddable":true,"href":"http:\/\/www.radiohorizonte.fm\/radio\/wp-json\/wp\/v2\/comments?post=41746"}],"version-history":[{"count":1,"href":"http:\/\/www.radiohorizonte.fm\/radio\/wp-json\/wp\/v2\/posts\/41746\/revisions"}],"predecessor-version":[{"id":41748,"href":"http:\/\/www.radiohorizonte.fm\/radio\/wp-json\/wp\/v2\/posts\/41746\/revisions\/41748"}],"wp:featuredmedia":[{"embeddable":true,"href":"http:\/\/www.radiohorizonte.fm\/radio\/wp-json\/wp\/v2\/media\/41747"}],"wp:attachment":[{"href":"http:\/\/www.radiohorizonte.fm\/radio\/wp-json\/wp\/v2\/media?parent=41746"}],"wp:term":[{"taxonomy":"category","embeddable":true,"href":"http:\/\/www.radiohorizonte.fm\/radio\/wp-json\/wp\/v2\/categories?post=41746"},{"taxonomy":"post_tag","embeddable":true,"href":"http:\/\/www.radiohorizonte.fm\/radio\/wp-json\/wp\/v2\/tags?post=41746"}],"curies":[{"name":"wp","href":"https:\/\/api.w.org\/{rel}","templated":true}]}}