{"id":41750,"date":"2023-08-15T08:04:42","date_gmt":"2023-08-15T11:04:42","guid":{"rendered":"http:\/\/www.radiohorizonte.fm\/radio\/?p=41750"},"modified":"2023-08-15T08:04:42","modified_gmt":"2023-08-15T11:04:42","slug":"hallaron-ahogada-en-empedrado-la-mujer-perdida-hace-siete-dias-en-capital","status":"publish","type":"post","link":"http:\/\/www.radiohorizonte.fm\/radio\/2023\/08\/15\/hallaron-ahogada-en-empedrado-la-mujer-perdida-hace-siete-dias-en-capital\/","title":{"rendered":"Hallaron ahogada en Empedrado a la mujer perdida hace siete d\u00edas en Capital"},"content":{"rendered":"<p>El cuerpo sin vida de Stella Navarrete fue hallado flotando en aguas del r\u00edo Paran\u00e1, a orillas de la localidad de Empedrado, y trasladado hacia la capital correntina para someterlo a una autopsia. Se cree que pudo tratarse de un suicidio, reci\u00e9n por la tarde sus familiares lo habr\u00edan reconocido, informaron fuentes allegadas al caso.<\/p>\n<p><img loading=\"lazy\" decoding=\"async\" class=\"alignnone size-full wp-image-41751\" src=\"http:\/\/www.radiohorizonte.fm\/radio\/wp-content\/uploads\/2023\/08\/1313790w762h679c.jpg.jpg\" alt=\"\" width=\"762\" height=\"679\" srcset=\"http:\/\/www.radiohorizonte.fm\/radio\/wp-content\/uploads\/2023\/08\/1313790w762h679c.jpg.jpg 762w, http:\/\/www.radiohorizonte.fm\/radio\/wp-content\/uploads\/2023\/08\/1313790w762h679c.jpg-300x267.jpg 300w, http:\/\/www.radiohorizonte.fm\/radio\/wp-content\/uploads\/2023\/08\/1313790w762h679c.jpg-65x58.jpg 65w, http:\/\/www.radiohorizonte.fm\/radio\/wp-content\/uploads\/2023\/08\/1313790w762h679c.jpg-224x200.jpg 224w, http:\/\/www.radiohorizonte.fm\/radio\/wp-content\/uploads\/2023\/08\/1313790w762h679c.jpg-85x76.jpg 85w, http:\/\/www.radiohorizonte.fm\/radio\/wp-content\/uploads\/2023\/08\/1313790w762h679c.jpg-140x125.jpg 140w, http:\/\/www.radiohorizonte.fm\/radio\/wp-content\/uploads\/2023\/08\/1313790w762h679c.jpg-90x80.jpg 90w\" sizes=\"auto, (max-width: 762px) 100vw, 762px\" \/><\/p>\n<p>Fue en horas de la ma\u00f1ana, cuando pescadores habr\u00edan notado el cuerpo en las orillas y dieron aviso a la Prefectura y a la Polic\u00eda, quienes llevaron a cabo todas las tareas sumariales de rigor. Luego de retirado el cuerpo del agua, fue trasladado por orden judicial a las instalaciones del Instituto M\u00e9dico Forense, en el que se le habr\u00eda practicado la autopsia que arroj\u00f3 como resultado que su muerte se habr\u00eda dado por ahogamiento. Ayer por la tarde, se aguardaba la presencia de sus familiares para reconocer y retirar el cad\u00e1ver para su inhumaci\u00f3n.<\/p>\n<p>Hace un par de d\u00edas se hab\u00eda ampliado su b\u00fasqueda a localidades de El Sombrero y Derqui, al tiempo que embarcaciones particulares buscaban cerca de Santa Luc\u00eda. Al parecer, ya se tem\u00eda lo peor.<\/p>\n<p>Stella hab\u00eda sido vista por \u00faltima vez el martes 8, alrededor de las 22, por inmediaciones de las calles Fray Jos\u00e9 Quintana y San Luis de la capital correntina. A una cuadra de la costanera y cerca de la Punta San Sebasti\u00e1n. Seg\u00fan indicaron a \u00e9poca cercanos a la familia, Stella estaba atravesando un dif\u00edcil momento emocional.<\/p>\n","protected":false},"excerpt":{"rendered":"<div class=\"post-excerpt\"><p>El cuerpo sin vida de Stella Navarrete fue hallado flotando en aguas del r\u00edo Paran\u00e1, a orillas de la localidad de Empedrado, y trasladado hacia la capital correntina para someterlo a una autopsia. Se cree que pudo tratarse de un suicidio, reci\u00e9n por la tarde sus familiares lo habr\u00edan reconocido, informaron fuentes allegadas al caso.<\/p>\n<\/div>","protected":false},"author":2,"featured_media":41751,"comment_status":"closed","ping_status":"closed","sticky":false,"template":"","format":"standard","meta":{"_acf_changed":false,"footnotes":""},"categories":[2],"tags":[],"class_list":["post-41750","post","type-post","status-publish","format-standard","has-post-thumbnail","hentry","category-noticias"],"acf":[],"yoast_head":"<!-- This site is optimized with the Yoast SEO plugin v28.1 - https:\/\/yoast.com\/product\/yoast-seo-wordpress\/ -->\n<title>Hallaron ahogada en Empedrado a la mujer perdida hace siete d\u00edas en Capital - Horizonte<\/title>\n<meta name=\"robots\" content=\"index, follow, max-snippet:-1, max-image-preview:large, max-video-preview:-1\" \/>\n<link rel=\"canonical\" href=\"https:\/\/www.radiohorizonte.fm\/radio\/2023\/08\/15\/hallaron-ahogada-en-empedrado-la-mujer-perdida-hace-siete-dias-en-capital\/\" \/>\n<meta property=\"og:locale\" content=\"es_ES\" \/>\n<meta property=\"og:type\" content=\"article\" \/>\n<meta property=\"og:title\" content=\"Hallaron ahogada en Empedrado a la mujer perdida hace siete d\u00edas en Capital - Horizonte\" \/>\n<meta property=\"og:description\" content=\"El cuerpo sin vida de Stella Navarrete fue hallado flotando en aguas del r\u00edo Paran\u00e1, a orillas de la localidad de Empedrado, y trasladado hacia la capital correntina para someterlo a una autopsia. Se cree que pudo tratarse de un suicidio, reci\u00e9n por la tarde sus familiares lo habr\u00edan reconocido, informaron fuentes allegadas al caso.\" \/>\n<meta property=\"og:url\" content=\"https:\/\/www.radiohorizonte.fm\/radio\/2023\/08\/15\/hallaron-ahogada-en-empedrado-la-mujer-perdida-hace-siete-dias-en-capital\/\" \/>\n<meta property=\"og:site_name\" content=\"Horizonte\" \/>\n<meta property=\"article:publisher\" content=\"http:\/\/www.facebook.com\/HORIZONTE106.1\" \/>\n<meta property=\"article:published_time\" content=\"2023-08-15T11:04:42+00:00\" \/>\n<meta property=\"og:image\" content=\"https:\/\/www.radiohorizonte.fm\/radio\/wp-content\/uploads\/2023\/08\/1313790w762h679c.jpg.jpg\" \/>\n\t<meta property=\"og:image:width\" content=\"762\" \/>\n\t<meta property=\"og:image:height\" content=\"679\" \/>\n\t<meta property=\"og:image:type\" content=\"image\/jpeg\" \/>\n<meta name=\"author\" content=\"Cristian Galarza\" \/>\n<meta name=\"twitter:card\" content=\"summary_large_image\" \/>\n<meta name=\"twitter:creator\" content=\"@fmhorizonte1061\" \/>\n<meta name=\"twitter:site\" content=\"@fmhorizonte1061\" \/>\n<meta name=\"twitter:label1\" content=\"Escrito por\" \/>\n\t<meta name=\"twitter:data1\" content=\"Cristian Galarza\" \/>\n\t<meta name=\"twitter:label2\" content=\"Tiempo de lectura\" \/>\n\t<meta name=\"twitter:data2\" content=\"1 minuto\" \/>\n<script type=\"application\/ld+json\" class=\"yoast-schema-graph\">{\"@context\":\"https:\\\/\\\/schema.org\",\"@graph\":[{\"@type\":\"Article\",\"@id\":\"https:\\\/\\\/www.radiohorizonte.fm\\\/radio\\\/2023\\\/08\\\/15\\\/hallaron-ahogada-en-empedrado-la-mujer-perdida-hace-siete-dias-en-capital\\\/#article\",\"isPartOf\":{\"@id\":\"https:\\\/\\\/www.radiohorizonte.fm\\\/radio\\\/2023\\\/08\\\/15\\\/hallaron-ahogada-en-empedrado-la-mujer-perdida-hace-siete-dias-en-capital\\\/\"},\"author\":{\"name\":\"Cristian Galarza\",\"@id\":\"http:\\\/\\\/www.radiohorizonte.fm\\\/radio\\\/#\\\/schema\\\/person\\\/f8fa003a405bb86729fd87d15d0ddafa\"},\"headline\":\"Hallaron ahogada en Empedrado a la mujer perdida hace siete d\u00edas en Capital\",\"datePublished\":\"2023-08-15T11:04:42+00:00\",\"mainEntityOfPage\":{\"@id\":\"https:\\\/\\\/www.radiohorizonte.fm\\\/radio\\\/2023\\\/08\\\/15\\\/hallaron-ahogada-en-empedrado-la-mujer-perdida-hace-siete-dias-en-capital\\\/\"},\"wordCount\":273,\"publisher\":{\"@id\":\"http:\\\/\\\/www.radiohorizonte.fm\\\/radio\\\/#organization\"},\"image\":{\"@id\":\"https:\\\/\\\/www.radiohorizonte.fm\\\/radio\\\/2023\\\/08\\\/15\\\/hallaron-ahogada-en-empedrado-la-mujer-perdida-hace-siete-dias-en-capital\\\/#primaryimage\"},\"thumbnailUrl\":\"http:\\\/\\\/www.radiohorizonte.fm\\\/radio\\\/wp-content\\\/uploads\\\/2023\\\/08\\\/1313790w762h679c.jpg.jpg\",\"articleSection\":[\"Noticias\"],\"inLanguage\":\"es-AR\"},{\"@type\":\"WebPage\",\"@id\":\"https:\\\/\\\/www.radiohorizonte.fm\\\/radio\\\/2023\\\/08\\\/15\\\/hallaron-ahogada-en-empedrado-la-mujer-perdida-hace-siete-dias-en-capital\\\/\",\"url\":\"https:\\\/\\\/www.radiohorizonte.fm\\\/radio\\\/2023\\\/08\\\/15\\\/hallaron-ahogada-en-empedrado-la-mujer-perdida-hace-siete-dias-en-capital\\\/\",\"name\":\"Hallaron ahogada en Empedrado a la mujer perdida hace siete d\u00edas en Capital - Horizonte\",\"isPartOf\":{\"@id\":\"http:\\\/\\\/www.radiohorizonte.fm\\\/radio\\\/#website\"},\"primaryImageOfPage\":{\"@id\":\"https:\\\/\\\/www.radiohorizonte.fm\\\/radio\\\/2023\\\/08\\\/15\\\/hallaron-ahogada-en-empedrado-la-mujer-perdida-hace-siete-dias-en-capital\\\/#primaryimage\"},\"image\":{\"@id\":\"https:\\\/\\\/www.radiohorizonte.fm\\\/radio\\\/2023\\\/08\\\/15\\\/hallaron-ahogada-en-empedrado-la-mujer-perdida-hace-siete-dias-en-capital\\\/#primaryimage\"},\"thumbnailUrl\":\"http:\\\/\\\/www.radiohorizonte.fm\\\/radio\\\/wp-content\\\/uploads\\\/2023\\\/08\\\/1313790w762h679c.jpg.jpg\",\"datePublished\":\"2023-08-15T11:04:42+00:00\",\"breadcrumb\":{\"@id\":\"https:\\\/\\\/www.radiohorizonte.fm\\\/radio\\\/2023\\\/08\\\/15\\\/hallaron-ahogada-en-empedrado-la-mujer-perdida-hace-siete-dias-en-capital\\\/#breadcrumb\"},\"inLanguage\":\"es-AR\",\"potentialAction\":[{\"@type\":\"ReadAction\",\"target\":[\"https:\\\/\\\/www.radiohorizonte.fm\\\/radio\\\/2023\\\/08\\\/15\\\/hallaron-ahogada-en-empedrado-la-mujer-perdida-hace-siete-dias-en-capital\\\/\"]}]},{\"@type\":\"ImageObject\",\"inLanguage\":\"es-AR\",\"@id\":\"https:\\\/\\\/www.radiohorizonte.fm\\\/radio\\\/2023\\\/08\\\/15\\\/hallaron-ahogada-en-empedrado-la-mujer-perdida-hace-siete-dias-en-capital\\\/#primaryimage\",\"url\":\"http:\\\/\\\/www.radiohorizonte.fm\\\/radio\\\/wp-content\\\/uploads\\\/2023\\\/08\\\/1313790w762h679c.jpg.jpg\",\"contentUrl\":\"http:\\\/\\\/www.radiohorizonte.fm\\\/radio\\\/wp-content\\\/uploads\\\/2023\\\/08\\\/1313790w762h679c.jpg.jpg\",\"width\":762,\"height\":679},{\"@type\":\"BreadcrumbList\",\"@id\":\"https:\\\/\\\/www.radiohorizonte.fm\\\/radio\\\/2023\\\/08\\\/15\\\/hallaron-ahogada-en-empedrado-la-mujer-perdida-hace-siete-dias-en-capital\\\/#breadcrumb\",\"itemListElement\":[{\"@type\":\"ListItem\",\"position\":1,\"name\":\"Home\",\"item\":\"http:\\\/\\\/www.radiohorizonte.fm\\\/radio\\\/\"},{\"@type\":\"ListItem\",\"position\":2,\"name\":\"Hallaron ahogada en Empedrado a la mujer perdida hace siete d\u00edas en Capital\"}]},{\"@type\":\"WebSite\",\"@id\":\"http:\\\/\\\/www.radiohorizonte.fm\\\/radio\\\/#website\",\"url\":\"http:\\\/\\\/www.radiohorizonte.fm\\\/radio\\\/\",\"name\":\"Horizonte\",\"description\":\"Radio Horizonte 106.1 - Una radio de clasicos\",\"publisher\":{\"@id\":\"http:\\\/\\\/www.radiohorizonte.fm\\\/radio\\\/#organization\"},\"potentialAction\":[{\"@type\":\"SearchAction\",\"target\":{\"@type\":\"EntryPoint\",\"urlTemplate\":\"http:\\\/\\\/www.radiohorizonte.fm\\\/radio\\\/?s={search_term_string}\"},\"query-input\":{\"@type\":\"PropertyValueSpecification\",\"valueRequired\":true,\"valueName\":\"search_term_string\"}}],\"inLanguage\":\"es-AR\"},{\"@type\":\"Organization\",\"@id\":\"http:\\\/\\\/www.radiohorizonte.fm\\\/radio\\\/#organization\",\"name\":\"Horizonte\",\"url\":\"http:\\\/\\\/www.radiohorizonte.fm\\\/radio\\\/\",\"logo\":{\"@type\":\"ImageObject\",\"inLanguage\":\"es-AR\",\"@id\":\"http:\\\/\\\/www.radiohorizonte.fm\\\/radio\\\/#\\\/schema\\\/logo\\\/image\\\/\",\"url\":\"http:\\\/\\\/www.radiohorizonte.fm\\\/radio\\\/wp-content\\\/uploads\\\/2025\\\/06\\\/Portada-FM-Horizonte_modelo-imagen-scaled.jpg\",\"contentUrl\":\"http:\\\/\\\/www.radiohorizonte.fm\\\/radio\\\/wp-content\\\/uploads\\\/2025\\\/06\\\/Portada-FM-Horizonte_modelo-imagen-scaled.jpg\",\"width\":2560,\"height\":1056,\"caption\":\"Horizonte\"},\"image\":{\"@id\":\"http:\\\/\\\/www.radiohorizonte.fm\\\/radio\\\/#\\\/schema\\\/logo\\\/image\\\/\"},\"sameAs\":[\"http:\\\/\\\/www.facebook.com\\\/HORIZONTE106.1\",\"https:\\\/\\\/x.com\\\/fmhorizonte1061\"]},{\"@type\":\"Person\",\"@id\":\"http:\\\/\\\/www.radiohorizonte.fm\\\/radio\\\/#\\\/schema\\\/person\\\/f8fa003a405bb86729fd87d15d0ddafa\",\"name\":\"Cristian Galarza\",\"image\":{\"@type\":\"ImageObject\",\"inLanguage\":\"es-AR\",\"@id\":\"https:\\\/\\\/secure.gravatar.com\\\/avatar\\\/fad34bc2c773209c05d7d53b08a69b680eeb55f3be014e52b31643d20ab65925?s=96&d=mm&r=g\",\"url\":\"https:\\\/\\\/secure.gravatar.com\\\/avatar\\\/fad34bc2c773209c05d7d53b08a69b680eeb55f3be014e52b31643d20ab65925?s=96&d=mm&r=g\",\"contentUrl\":\"https:\\\/\\\/secure.gravatar.com\\\/avatar\\\/fad34bc2c773209c05d7d53b08a69b680eeb55f3be014e52b31643d20ab65925?s=96&d=mm&r=g\",\"caption\":\"Cristian Galarza\"},\"url\":\"http:\\\/\\\/www.radiohorizonte.fm\\\/radio\\\/author\\\/cristian\\\/\"}]}<\/script>\n<!-- \/ Yoast SEO plugin. -->","yoast_head_json":{"title":"Hallaron ahogada en Empedrado a la mujer perdida hace siete d\u00edas en Capital - Horizonte","robots":{"index":"index","follow":"follow","max-snippet":"max-snippet:-1","max-image-preview":"max-image-preview:large","max-video-preview":"max-video-preview:-1"},"canonical":"https:\/\/www.radiohorizonte.fm\/radio\/2023\/08\/15\/hallaron-ahogada-en-empedrado-la-mujer-perdida-hace-siete-dias-en-capital\/","og_locale":"es_ES","og_type":"article","og_title":"Hallaron ahogada en Empedrado a la mujer perdida hace siete d\u00edas en Capital - Horizonte","og_description":"El cuerpo sin vida de Stella Navarrete fue hallado flotando en aguas del r\u00edo Paran\u00e1, a orillas de la localidad de Empedrado, y trasladado hacia la capital correntina para someterlo a una autopsia. Se cree que pudo tratarse de un suicidio, reci\u00e9n por la tarde sus familiares lo habr\u00edan reconocido, informaron fuentes allegadas al caso.","og_url":"https:\/\/www.radiohorizonte.fm\/radio\/2023\/08\/15\/hallaron-ahogada-en-empedrado-la-mujer-perdida-hace-siete-dias-en-capital\/","og_site_name":"Horizonte","article_publisher":"http:\/\/www.facebook.com\/HORIZONTE106.1","article_published_time":"2023-08-15T11:04:42+00:00","og_image":[{"width":762,"height":679,"url":"https:\/\/www.radiohorizonte.fm\/radio\/wp-content\/uploads\/2023\/08\/1313790w762h679c.jpg.jpg","type":"image\/jpeg"}],"author":"Cristian Galarza","twitter_card":"summary_large_image","twitter_creator":"@fmhorizonte1061","twitter_site":"@fmhorizonte1061","twitter_misc":{"Escrito por":"Cristian Galarza","Tiempo de lectura":"1 minuto"},"schema":{"@context":"https:\/\/schema.org","@graph":[{"@type":"Article","@id":"https:\/\/www.radiohorizonte.fm\/radio\/2023\/08\/15\/hallaron-ahogada-en-empedrado-la-mujer-perdida-hace-siete-dias-en-capital\/#article","isPartOf":{"@id":"https:\/\/www.radiohorizonte.fm\/radio\/2023\/08\/15\/hallaron-ahogada-en-empedrado-la-mujer-perdida-hace-siete-dias-en-capital\/"},"author":{"name":"Cristian Galarza","@id":"http:\/\/www.radiohorizonte.fm\/radio\/#\/schema\/person\/f8fa003a405bb86729fd87d15d0ddafa"},"headline":"Hallaron ahogada en Empedrado a la mujer perdida hace siete d\u00edas en Capital","datePublished":"2023-08-15T11:04:42+00:00","mainEntityOfPage":{"@id":"https:\/\/www.radiohorizonte.fm\/radio\/2023\/08\/15\/hallaron-ahogada-en-empedrado-la-mujer-perdida-hace-siete-dias-en-capital\/"},"wordCount":273,"publisher":{"@id":"http:\/\/www.radiohorizonte.fm\/radio\/#organization"},"image":{"@id":"https:\/\/www.radiohorizonte.fm\/radio\/2023\/08\/15\/hallaron-ahogada-en-empedrado-la-mujer-perdida-hace-siete-dias-en-capital\/#primaryimage"},"thumbnailUrl":"http:\/\/www.radiohorizonte.fm\/radio\/wp-content\/uploads\/2023\/08\/1313790w762h679c.jpg.jpg","articleSection":["Noticias"],"inLanguage":"es-AR"},{"@type":"WebPage","@id":"https:\/\/www.radiohorizonte.fm\/radio\/2023\/08\/15\/hallaron-ahogada-en-empedrado-la-mujer-perdida-hace-siete-dias-en-capital\/","url":"https:\/\/www.radiohorizonte.fm\/radio\/2023\/08\/15\/hallaron-ahogada-en-empedrado-la-mujer-perdida-hace-siete-dias-en-capital\/","name":"Hallaron ahogada en Empedrado a la mujer perdida hace siete d\u00edas en Capital - Horizonte","isPartOf":{"@id":"http:\/\/www.radiohorizonte.fm\/radio\/#website"},"primaryImageOfPage":{"@id":"https:\/\/www.radiohorizonte.fm\/radio\/2023\/08\/15\/hallaron-ahogada-en-empedrado-la-mujer-perdida-hace-siete-dias-en-capital\/#primaryimage"},"image":{"@id":"https:\/\/www.radiohorizonte.fm\/radio\/2023\/08\/15\/hallaron-ahogada-en-empedrado-la-mujer-perdida-hace-siete-dias-en-capital\/#primaryimage"},"thumbnailUrl":"http:\/\/www.radiohorizonte.fm\/radio\/wp-content\/uploads\/2023\/08\/1313790w762h679c.jpg.jpg","datePublished":"2023-08-15T11:04:42+00:00","breadcrumb":{"@id":"https:\/\/www.radiohorizonte.fm\/radio\/2023\/08\/15\/hallaron-ahogada-en-empedrado-la-mujer-perdida-hace-siete-dias-en-capital\/#breadcrumb"},"inLanguage":"es-AR","potentialAction":[{"@type":"ReadAction","target":["https:\/\/www.radiohorizonte.fm\/radio\/2023\/08\/15\/hallaron-ahogada-en-empedrado-la-mujer-perdida-hace-siete-dias-en-capital\/"]}]},{"@type":"ImageObject","inLanguage":"es-AR","@id":"https:\/\/www.radiohorizonte.fm\/radio\/2023\/08\/15\/hallaron-ahogada-en-empedrado-la-mujer-perdida-hace-siete-dias-en-capital\/#primaryimage","url":"http:\/\/www.radiohorizonte.fm\/radio\/wp-content\/uploads\/2023\/08\/1313790w762h679c.jpg.jpg","contentUrl":"http:\/\/www.radiohorizonte.fm\/radio\/wp-content\/uploads\/2023\/08\/1313790w762h679c.jpg.jpg","width":762,"height":679},{"@type":"BreadcrumbList","@id":"https:\/\/www.radiohorizonte.fm\/radio\/2023\/08\/15\/hallaron-ahogada-en-empedrado-la-mujer-perdida-hace-siete-dias-en-capital\/#breadcrumb","itemListElement":[{"@type":"ListItem","position":1,"name":"Home","item":"http:\/\/www.radiohorizonte.fm\/radio\/"},{"@type":"ListItem","position":2,"name":"Hallaron ahogada en Empedrado a la mujer perdida hace siete d\u00edas en Capital"}]},{"@type":"WebSite","@id":"http:\/\/www.radiohorizonte.fm\/radio\/#website","url":"http:\/\/www.radiohorizonte.fm\/radio\/","name":"Horizonte","description":"Radio Horizonte 106.1 - Una radio de clasicos","publisher":{"@id":"http:\/\/www.radiohorizonte.fm\/radio\/#organization"},"potentialAction":[{"@type":"SearchAction","target":{"@type":"EntryPoint","urlTemplate":"http:\/\/www.radiohorizonte.fm\/radio\/?s={search_term_string}"},"query-input":{"@type":"PropertyValueSpecification","valueRequired":true,"valueName":"search_term_string"}}],"inLanguage":"es-AR"},{"@type":"Organization","@id":"http:\/\/www.radiohorizonte.fm\/radio\/#organization","name":"Horizonte","url":"http:\/\/www.radiohorizonte.fm\/radio\/","logo":{"@type":"ImageObject","inLanguage":"es-AR","@id":"http:\/\/www.radiohorizonte.fm\/radio\/#\/schema\/logo\/image\/","url":"http:\/\/www.radiohorizonte.fm\/radio\/wp-content\/uploads\/2025\/06\/Portada-FM-Horizonte_modelo-imagen-scaled.jpg","contentUrl":"http:\/\/www.radiohorizonte.fm\/radio\/wp-content\/uploads\/2025\/06\/Portada-FM-Horizonte_modelo-imagen-scaled.jpg","width":2560,"height":1056,"caption":"Horizonte"},"image":{"@id":"http:\/\/www.radiohorizonte.fm\/radio\/#\/schema\/logo\/image\/"},"sameAs":["http:\/\/www.facebook.com\/HORIZONTE106.1","https:\/\/x.com\/fmhorizonte1061"]},{"@type":"Person","@id":"http:\/\/www.radiohorizonte.fm\/radio\/#\/schema\/person\/f8fa003a405bb86729fd87d15d0ddafa","name":"Cristian Galarza","image":{"@type":"ImageObject","inLanguage":"es-AR","@id":"https:\/\/secure.gravatar.com\/avatar\/fad34bc2c773209c05d7d53b08a69b680eeb55f3be014e52b31643d20ab65925?s=96&d=mm&r=g","url":"https:\/\/secure.gravatar.com\/avatar\/fad34bc2c773209c05d7d53b08a69b680eeb55f3be014e52b31643d20ab65925?s=96&d=mm&r=g","contentUrl":"https:\/\/secure.gravatar.com\/avatar\/fad34bc2c773209c05d7d53b08a69b680eeb55f3be014e52b31643d20ab65925?s=96&d=mm&r=g","caption":"Cristian Galarza"},"url":"http:\/\/www.radiohorizonte.fm\/radio\/author\/cristian\/"}]}},"_links":{"self":[{"href":"http:\/\/www.radiohorizonte.fm\/radio\/wp-json\/wp\/v2\/posts\/41750","targetHints":{"allow":["GET"]}}],"collection":[{"href":"http:\/\/www.radiohorizonte.fm\/radio\/wp-json\/wp\/v2\/posts"}],"about":[{"href":"http:\/\/www.radiohorizonte.fm\/radio\/wp-json\/wp\/v2\/types\/post"}],"author":[{"embeddable":true,"href":"http:\/\/www.radiohorizonte.fm\/radio\/wp-json\/wp\/v2\/users\/2"}],"replies":[{"embeddable":true,"href":"http:\/\/www.radiohorizonte.fm\/radio\/wp-json\/wp\/v2\/comments?post=41750"}],"version-history":[{"count":1,"href":"http:\/\/www.radiohorizonte.fm\/radio\/wp-json\/wp\/v2\/posts\/41750\/revisions"}],"predecessor-version":[{"id":41752,"href":"http:\/\/www.radiohorizonte.fm\/radio\/wp-json\/wp\/v2\/posts\/41750\/revisions\/41752"}],"wp:featuredmedia":[{"embeddable":true,"href":"http:\/\/www.radiohorizonte.fm\/radio\/wp-json\/wp\/v2\/media\/41751"}],"wp:attachment":[{"href":"http:\/\/www.radiohorizonte.fm\/radio\/wp-json\/wp\/v2\/media?parent=41750"}],"wp:term":[{"taxonomy":"category","embeddable":true,"href":"http:\/\/www.radiohorizonte.fm\/radio\/wp-json\/wp\/v2\/categories?post=41750"},{"taxonomy":"post_tag","embeddable":true,"href":"http:\/\/www.radiohorizonte.fm\/radio\/wp-json\/wp\/v2\/tags?post=41750"}],"curies":[{"name":"wp","href":"https:\/\/api.w.org\/{rel}","templated":true}]}}