{"id":41758,"date":"2023-08-16T07:08:56","date_gmt":"2023-08-16T10:08:56","guid":{"rendered":"http:\/\/www.radiohorizonte.fm\/radio\/?p=41758"},"modified":"2023-08-16T07:08:56","modified_gmt":"2023-08-16T10:08:56","slug":"el-indice-de-precios-al-consumidor-registro-una-suba-del-63-en-julio","status":"publish","type":"post","link":"http:\/\/www.radiohorizonte.fm\/radio\/2023\/08\/16\/el-indice-de-precios-al-consumidor-registro-una-suba-del-63-en-julio\/","title":{"rendered":"El \u00cdndice de Precios al Consumidor registr\u00f3 una suba del 6,3% en julio"},"content":{"rendered":"<div class=\"wrapper-header\">\n<div class=\"container-xl\">\n<div class=\"row\">\n<div class=\"col-12\">\n<div class=\"head-content mb-4\">\n<p class=\"speak\">El informe del\u00a0Instituto Nacional de Estad\u00edstica y Censos detall\u00f3 que\u00a0en los primeros siete meses del a\u00f1o la inflaci\u00f3n minorista marc\u00f3 un acumulado de 60,2%.<\/p>\n<p><img loading=\"lazy\" decoding=\"async\" class=\"alignnone size-full wp-image-21738\" src=\"http:\/\/www.radiohorizonte.fm\/radio\/wp-content\/uploads\/2019\/05\/5c4a1f714fc2f_1004x565.jpg\" alt=\"\" width=\"1004\" height=\"565\" srcset=\"http:\/\/www.radiohorizonte.fm\/radio\/wp-content\/uploads\/2019\/05\/5c4a1f714fc2f_1004x565.jpg 1004w, http:\/\/www.radiohorizonte.fm\/radio\/wp-content\/uploads\/2019\/05\/5c4a1f714fc2f_1004x565-300x169.jpg 300w, http:\/\/www.radiohorizonte.fm\/radio\/wp-content\/uploads\/2019\/05\/5c4a1f714fc2f_1004x565-768x432.jpg 768w, http:\/\/www.radiohorizonte.fm\/radio\/wp-content\/uploads\/2019\/05\/5c4a1f714fc2f_1004x565-65x37.jpg 65w, http:\/\/www.radiohorizonte.fm\/radio\/wp-content\/uploads\/2019\/05\/5c4a1f714fc2f_1004x565-320x180.jpg 320w, http:\/\/www.radiohorizonte.fm\/radio\/wp-content\/uploads\/2019\/05\/5c4a1f714fc2f_1004x565-85x48.jpg 85w, http:\/\/www.radiohorizonte.fm\/radio\/wp-content\/uploads\/2019\/05\/5c4a1f714fc2f_1004x565-220x125.jpg 220w, http:\/\/www.radiohorizonte.fm\/radio\/wp-content\/uploads\/2019\/05\/5c4a1f714fc2f_1004x565-90x51.jpg 90w\" sizes=\"auto, (max-width: 1004px) 100vw, 1004px\" \/><\/p>\n<\/div>\n<\/div>\n<\/div>\n<\/div>\n<\/div>\n<div class=\"wrapper-editable-content\">\u00a0El \u00edndice de Precios al Consumidor (IPC) registr\u00f3 en julio una suba de 6,3%, tres d\u00e9cimas m\u00e1s que el 6% de junio, inform\u00f3 hoy el Instituto Nacional de Estad\u00edstica y Censos (Indec).<\/p>\n<p>De esta manera, en los primeros siete meses del a\u00f1o la inflaci\u00f3n minorista marc\u00f3 un acumulado de 60,2% y en los \u00faltimos 12 meses de 113,4%.<\/p>\n<div class=\"flourish-embed flourish-chart\" data-src=\"visualisation\/14743611\"><iframe loading=\"lazy\" title=\"Interactive or visual content\" src=\"https:\/\/flo.uri.sh\/visualisation\/14743611\/embed?auto=1\" width=\"300\" height=\"150\" frameborder=\"0\" scrolling=\"no\" sandbox=\"allow-same-origin allow-forms allow-scripts allow-downloads allow-popups allow-popups-to-escape-sandbox allow-top-navigation-by-user-activation\"><\/iframe><\/p>\n<div class=\"flourish-credit\"><a href=\"https:\/\/flourish.studio\/visualisations\/line-bar-pie-charts\/?utm_source=showcase&amp;utm_campaign=visualisation\/14743611\" target=\"_top\"><img decoding=\"async\" src=\"https:\/\/public.flourish.studio\/resources\/bosh.svg\" alt=\"Flourish logo\" \/>A Flourish chart<\/a><\/div>\n<\/div>\n<p>Durante el s\u00e9ptimo mes del a\u00f1o el rubro de mayor aumento fue Comunicaciones, con una suba de 12,2%, por el incremento de los servicios de telefon\u00eda e internet.<\/p>\n<p>En segundo lugar se ubic\u00f3 Recreaci\u00f3n y Cultura, con un avance de 11,2%, principalmente por los aumentos en los paquetes tur\u00edsticos relacionados con las vacaciones de invierno.<\/p>\n<p>Luego se ubic\u00f3 Bebidas alcoh\u00f3licas y tabaco, con un incremento de 9%.<\/p>\n<p>La divisi\u00f3n con mayor incidencia en en el IPC de julio fue Alimentos y bebidas no alcoh\u00f3licas, con un aumento de 5,8%.<\/p>\n<p>Al interior de este rubro se destacaron las subas en los precios de Pan y cereales, as\u00ed como de Carnes y derivados.<\/p>\n<p>Las dos divisiones que registraron las menores variaciones en julio fueron Vivienda, agua, electricidad, gas y otros combustibles, con un alza del 4%; y Prendas de vestir y calzado, con una suba de 3%.<\/p>\n<p>La inflaci\u00f3n de 6,3% registrada en julio corto la tendencia a la baja de los dos meses previos -mayo (7,8%) y junio (6%)- tras haber alcanzado en abril el m\u00e1ximo para lo que va del corriente a\u00f1o, cuando el IPC marc\u00f3 una suba de 8,4%.<\/p>\n<p><strong>En julio el acumulado de los \u00faltimos doce meses reflej\u00f3 la primera desaceleraci\u00f3n<\/strong>\u00a0al ubicarse en 113,4%, tras el 115,6% de junio pasado.<\/p>\n<p>Lo concreto es que esta desaceleraci\u00f3n en la medici\u00f3n del \u00faltimo a\u00f1o no se replicara durante el corriente mes de agosto debido a la devaluaci\u00f3n dispuesta por el Banco Central durante la v\u00edspera que se ubic\u00f3 en torno al 20%.<\/p>\n<figure class=\"mb-3\"><img decoding=\"async\" class=\" lazy \" src=\"https:\/\/www.telam.com.ar\/thumbs\/bluesteel\/advf\/imagenes\/2023\/08\/64dbdfd4129d1_1200.jpg\" alt=\"Infografa\" width=\"100%\" height=\"100%\" \/><\/p>\n<div class=\"media-icons\"><\/div><figcaption>Infograf\u00eda.<\/figcaption><\/figure>\n<p>Esta situaci\u00f3n en las \u00faltimas horas impact\u00f3 de lleno sobre comercios y consumidores, ya que las empresas empezaron a enviar nuevas listas de precios con subas incluso por encima del ajuste registrado en la cotizaci\u00f3n del peso frente a la moneda estadounidense.<\/p>\n<p>Frente a este contexto, el Gobierno inicio este martes<strong>\u00a0una serie de di\u00e1logos con empresarios del sector alimenticios, productores de bienes de higiene personal, limpieza, e incluso de combustibles, para alcanzar un nuevo acuerdo de precios que rija durante los pr\u00f3ximos meses.<\/strong><\/p>\n<p>Las negociaciones en curso buscan que la devaluaci\u00f3n del peso implementada ayer no impacte de manera plena en los precios, como forma de cuidar los bolsillos de los consumidores.<\/p>\n<p>Este martes los funcionarios del Ministerio de Econom\u00eda se reunieron con las empresas exportadoras de carne vacuna, entre las que se encuentran las c\u00e1maras ABC, Unica y Fifra, y los supermercados e hipermercados nucleados en ASU, CAS y FASA y carnicer\u00edas adheridas, para discutir la suba de los precios tras la devaluaci\u00f3n, ya que el cronograma firmado originalmente en el programa Precios Justos Carne contemplaba un incremento de 5% a partir ma\u00f1ana.<\/p>\n<p>En lo que respecta a julio pasado, entre los productos del rubro Alimentos y bebidas no alcoh\u00f3licas los que m\u00e1s subieron fueron la Papa (34,1%), Az\u00facar (17,1%), Yoggurt firme (16,7%), Arroz blanco (12,4%), Leche entera en polvo (12%), Dulce de leche (10,8%) y el kilo de Lechuga (10,7%).<\/p>\n<div class=\"twitter-tweet twitter-tweet-rendered\"><iframe loading=\"lazy\" id=\"twitter-widget-0\" class=\"\" title=\"Twitter Tweet\" src=\"https:\/\/platform.twitter.com\/embed\/Tweet.html?creatorScreenName=agenciatelam&amp;dnt=false&amp;embedId=twitter-widget-0&amp;features=eyJ0ZndfdGltZWxpbmVfbGlzdCI6eyJidWNrZXQiOltdLCJ2ZXJzaW9uIjpudWxsfSwidGZ3X2ZvbGxvd2VyX2NvdW50X3N1bnNldCI6eyJidWNrZXQiOnRydWUsInZlcnNpb24iOm51bGx9LCJ0ZndfdHdlZXRfZWRpdF9iYWNrZW5kIjp7ImJ1Y2tldCI6Im9uIiwidmVyc2lvbiI6bnVsbH0sInRmd19yZWZzcmNfc2Vzc2lvbiI6eyJidWNrZXQiOiJvbiIsInZlcnNpb24iOm51bGx9LCJ0ZndfZm9zbnJfc29mdF9pbnRlcnZlbnRpb25zX2VuYWJsZWQiOnsiYnVja2V0Ijoib24iLCJ2ZXJzaW9uIjpudWxsfSwidGZ3X21peGVkX21lZGlhXzE1ODk3Ijp7ImJ1Y2tldCI6InRyZWF0bWVudCIsInZlcnNpb24iOm51bGx9LCJ0ZndfZXhwZXJpbWVudHNfY29va2llX2V4cGlyYXRpb24iOnsiYnVja2V0IjoxMjA5NjAwLCJ2ZXJzaW9uIjpudWxsfSwidGZ3X3Nob3dfYmlyZHdhdGNoX3Bpdm90c19lbmFibGVkIjp7ImJ1Y2tldCI6Im9uIiwidmVyc2lvbiI6bnVsbH0sInRmd19kdXBsaWNhdGVfc2NyaWJlc190b19zZXR0aW5ncyI6eyJidWNrZXQiOiJvbiIsInZlcnNpb24iOm51bGx9LCJ0ZndfdXNlX3Byb2ZpbGVfaW1hZ2Vfc2hhcGVfZW5hYmxlZCI6eyJidWNrZXQiOiJvbiIsInZlcnNpb24iOm51bGx9LCJ0ZndfdmlkZW9faGxzX2R5bmFtaWNfbWFuaWZlc3RzXzE1MDgyIjp7ImJ1Y2tldCI6InRydWVfYml0cmF0ZSIsInZlcnNpb24iOm51bGx9LCJ0ZndfbGVnYWN5X3RpbWVsaW5lX3N1bnNldCI6eyJidWNrZXQiOnRydWUsInZlcnNpb24iOm51bGx9LCJ0ZndfdHdlZXRfZWRpdF9mcm9udGVuZCI6eyJidWNrZXQiOiJvbiIsInZlcnNpb24iOm51bGx9fQ%3D%3D&amp;frame=false&amp;hideCard=false&amp;hideThread=false&amp;id=1691525226058682368&amp;lang=es&amp;origin=https%3A%2F%2Fwww.telam.com.ar%2Fnotas%2F202308%2F637139-precios-al-consumidor-julio-indec.html&amp;sessionId=42e21acb6ff6c41d46894007d8e86309b7f48ad6&amp;siteScreenName=agenciatelam&amp;theme=light&amp;widgetsVersion=aaf4084522e3a%3A1674595607486&amp;width=550px\" width=\"300\" height=\"150\" frameborder=\"0\" scrolling=\"no\" allowfullscreen=\"allowfullscreen\" data-tweet-id=\"1691525226058682368\"><\/iframe><\/div>\n<p>Por categor\u00edas, los precios de los servicios Regulados subieron 6,7%; el IPC N\u00facleo reflej\u00f3 un incremento de 6,5%; y los productos y servicios Estacionales marcaron un incremento promedio de 5,1%.<\/p>\n<p>En lo que respecta a las distintas regiones del pa\u00eds, por encima del promedio general de 6,3% se ubicaron la Patagonia (7,8%) y la regi\u00f3n Pampeana (6,4%).<\/p>\n<p>En el mismo nivel que el promedio general estuvieron las provincias de la regi\u00f3n de Cuyo y del Noreste, con una suba de 6,3% en julio.<\/p>\n<p>Mientras que por debajo del promedio general se ubicaron el Gran Buenos Aires (CABA+Conurbano bonaerense) (6,2%) y la regi\u00f3n del Noroeste (6,1%).<\/p>\n<p>Por rubros, en lo que va del a\u00f1o, y con un alza promedio del 60,2% se destacaron las subas del 69,1% en Hoteles y Restaurantes; 67,7% en Educaci\u00f3n; 66% tanto en Educaci\u00f3n como en Recreaci\u00f3n y Cultura; y del 64,5% en Alimentos y Bebidas Alcoh\u00f3licas.<\/p><\/div>\n","protected":false},"excerpt":{"rendered":"<div class=\"post-excerpt\"><p>El informe del\u00a0Instituto Nacional de Estad\u00edstica y Censos detall\u00f3 que\u00a0en los primeros siete meses del a\u00f1o la inflaci\u00f3n minorista marc\u00f3 un acumulado de 60,2%. \u00a0El \u00edndice de Precios al Consumidor (IPC) registr\u00f3 en julio una suba de 6,3%, tres d\u00e9cimas m\u00e1s que el 6% de junio, inform\u00f3 hoy el Instituto Nacional de Estad\u00edstica y Censos<\/p>\n<\/div>","protected":false},"author":2,"featured_media":21738,"comment_status":"closed","ping_status":"closed","sticky":false,"template":"","format":"standard","meta":{"_acf_changed":false,"footnotes":""},"categories":[2],"tags":[],"class_list":["post-41758","post","type-post","status-publish","format-standard","has-post-thumbnail","hentry","category-noticias"],"acf":[],"yoast_head":"<!-- This site is optimized with the Yoast SEO plugin v28.1 - https:\/\/yoast.com\/product\/yoast-seo-wordpress\/ -->\n<title>El \u00cdndice de Precios al Consumidor registr\u00f3 una suba del 6,3% en julio - Horizonte<\/title>\n<meta name=\"robots\" content=\"index, follow, max-snippet:-1, max-image-preview:large, max-video-preview:-1\" \/>\n<link rel=\"canonical\" href=\"http:\/\/www.radiohorizonte.fm\/radio\/2023\/08\/16\/el-indice-de-precios-al-consumidor-registro-una-suba-del-63-en-julio\/\" \/>\n<meta property=\"og:locale\" content=\"es_ES\" \/>\n<meta property=\"og:type\" content=\"article\" \/>\n<meta property=\"og:title\" content=\"El \u00cdndice de Precios al Consumidor registr\u00f3 una suba del 6,3% en julio - Horizonte\" \/>\n<meta property=\"og:description\" content=\"El informe del\u00a0Instituto Nacional de Estad\u00edstica y Censos detall\u00f3 que\u00a0en los primeros siete meses del a\u00f1o la inflaci\u00f3n minorista marc\u00f3 un acumulado de 60,2%. \u00a0El \u00edndice de Precios al Consumidor (IPC) registr\u00f3 en julio una suba de 6,3%, tres d\u00e9cimas m\u00e1s que el 6% de junio, inform\u00f3 hoy el Instituto Nacional de Estad\u00edstica y Censos\" \/>\n<meta property=\"og:url\" content=\"http:\/\/www.radiohorizonte.fm\/radio\/2023\/08\/16\/el-indice-de-precios-al-consumidor-registro-una-suba-del-63-en-julio\/\" \/>\n<meta property=\"og:site_name\" content=\"Horizonte\" \/>\n<meta property=\"article:publisher\" content=\"http:\/\/www.facebook.com\/HORIZONTE106.1\" \/>\n<meta property=\"article:published_time\" content=\"2023-08-16T10:08:56+00:00\" \/>\n<meta property=\"og:image\" content=\"http:\/\/www.radiohorizonte.fm\/radio\/wp-content\/uploads\/2019\/05\/5c4a1f714fc2f_1004x565.jpg\" \/>\n\t<meta property=\"og:image:width\" content=\"1004\" \/>\n\t<meta property=\"og:image:height\" content=\"565\" \/>\n\t<meta property=\"og:image:type\" content=\"image\/jpeg\" \/>\n<meta name=\"author\" content=\"Cristian Galarza\" \/>\n<meta name=\"twitter:card\" content=\"summary_large_image\" \/>\n<meta name=\"twitter:creator\" content=\"@fmhorizonte1061\" \/>\n<meta name=\"twitter:site\" content=\"@fmhorizonte1061\" \/>\n<meta name=\"twitter:label1\" content=\"Escrito por\" \/>\n\t<meta name=\"twitter:data1\" content=\"Cristian Galarza\" \/>\n\t<meta name=\"twitter:label2\" content=\"Tiempo de lectura\" \/>\n\t<meta name=\"twitter:data2\" content=\"4 minutos\" \/>\n<script type=\"application\/ld+json\" class=\"yoast-schema-graph\">{\"@context\":\"https:\\\/\\\/schema.org\",\"@graph\":[{\"@type\":\"Article\",\"@id\":\"http:\\\/\\\/www.radiohorizonte.fm\\\/radio\\\/2023\\\/08\\\/16\\\/el-indice-de-precios-al-consumidor-registro-una-suba-del-63-en-julio\\\/#article\",\"isPartOf\":{\"@id\":\"http:\\\/\\\/www.radiohorizonte.fm\\\/radio\\\/2023\\\/08\\\/16\\\/el-indice-de-precios-al-consumidor-registro-una-suba-del-63-en-julio\\\/\"},\"author\":{\"name\":\"Cristian Galarza\",\"@id\":\"http:\\\/\\\/www.radiohorizonte.fm\\\/radio\\\/#\\\/schema\\\/person\\\/f8fa003a405bb86729fd87d15d0ddafa\"},\"headline\":\"El \u00cdndice de Precios al Consumidor registr\u00f3 una suba del 6,3% en julio\",\"datePublished\":\"2023-08-16T10:08:56+00:00\",\"mainEntityOfPage\":{\"@id\":\"http:\\\/\\\/www.radiohorizonte.fm\\\/radio\\\/2023\\\/08\\\/16\\\/el-indice-de-precios-al-consumidor-registro-una-suba-del-63-en-julio\\\/\"},\"wordCount\":747,\"publisher\":{\"@id\":\"http:\\\/\\\/www.radiohorizonte.fm\\\/radio\\\/#organization\"},\"image\":{\"@id\":\"http:\\\/\\\/www.radiohorizonte.fm\\\/radio\\\/2023\\\/08\\\/16\\\/el-indice-de-precios-al-consumidor-registro-una-suba-del-63-en-julio\\\/#primaryimage\"},\"thumbnailUrl\":\"http:\\\/\\\/www.radiohorizonte.fm\\\/radio\\\/wp-content\\\/uploads\\\/2019\\\/05\\\/5c4a1f714fc2f_1004x565.jpg\",\"articleSection\":[\"Noticias\"],\"inLanguage\":\"es-AR\"},{\"@type\":\"WebPage\",\"@id\":\"http:\\\/\\\/www.radiohorizonte.fm\\\/radio\\\/2023\\\/08\\\/16\\\/el-indice-de-precios-al-consumidor-registro-una-suba-del-63-en-julio\\\/\",\"url\":\"http:\\\/\\\/www.radiohorizonte.fm\\\/radio\\\/2023\\\/08\\\/16\\\/el-indice-de-precios-al-consumidor-registro-una-suba-del-63-en-julio\\\/\",\"name\":\"El \u00cdndice de Precios al Consumidor registr\u00f3 una suba del 6,3% en julio - Horizonte\",\"isPartOf\":{\"@id\":\"http:\\\/\\\/www.radiohorizonte.fm\\\/radio\\\/#website\"},\"primaryImageOfPage\":{\"@id\":\"http:\\\/\\\/www.radiohorizonte.fm\\\/radio\\\/2023\\\/08\\\/16\\\/el-indice-de-precios-al-consumidor-registro-una-suba-del-63-en-julio\\\/#primaryimage\"},\"image\":{\"@id\":\"http:\\\/\\\/www.radiohorizonte.fm\\\/radio\\\/2023\\\/08\\\/16\\\/el-indice-de-precios-al-consumidor-registro-una-suba-del-63-en-julio\\\/#primaryimage\"},\"thumbnailUrl\":\"http:\\\/\\\/www.radiohorizonte.fm\\\/radio\\\/wp-content\\\/uploads\\\/2019\\\/05\\\/5c4a1f714fc2f_1004x565.jpg\",\"datePublished\":\"2023-08-16T10:08:56+00:00\",\"breadcrumb\":{\"@id\":\"http:\\\/\\\/www.radiohorizonte.fm\\\/radio\\\/2023\\\/08\\\/16\\\/el-indice-de-precios-al-consumidor-registro-una-suba-del-63-en-julio\\\/#breadcrumb\"},\"inLanguage\":\"es-AR\",\"potentialAction\":[{\"@type\":\"ReadAction\",\"target\":[\"http:\\\/\\\/www.radiohorizonte.fm\\\/radio\\\/2023\\\/08\\\/16\\\/el-indice-de-precios-al-consumidor-registro-una-suba-del-63-en-julio\\\/\"]}]},{\"@type\":\"ImageObject\",\"inLanguage\":\"es-AR\",\"@id\":\"http:\\\/\\\/www.radiohorizonte.fm\\\/radio\\\/2023\\\/08\\\/16\\\/el-indice-de-precios-al-consumidor-registro-una-suba-del-63-en-julio\\\/#primaryimage\",\"url\":\"http:\\\/\\\/www.radiohorizonte.fm\\\/radio\\\/wp-content\\\/uploads\\\/2019\\\/05\\\/5c4a1f714fc2f_1004x565.jpg\",\"contentUrl\":\"http:\\\/\\\/www.radiohorizonte.fm\\\/radio\\\/wp-content\\\/uploads\\\/2019\\\/05\\\/5c4a1f714fc2f_1004x565.jpg\",\"width\":1004,\"height\":565},{\"@type\":\"BreadcrumbList\",\"@id\":\"http:\\\/\\\/www.radiohorizonte.fm\\\/radio\\\/2023\\\/08\\\/16\\\/el-indice-de-precios-al-consumidor-registro-una-suba-del-63-en-julio\\\/#breadcrumb\",\"itemListElement\":[{\"@type\":\"ListItem\",\"position\":1,\"name\":\"Home\",\"item\":\"http:\\\/\\\/www.radiohorizonte.fm\\\/radio\\\/\"},{\"@type\":\"ListItem\",\"position\":2,\"name\":\"El \u00cdndice de Precios al Consumidor registr\u00f3 una suba del 6,3% en julio\"}]},{\"@type\":\"WebSite\",\"@id\":\"http:\\\/\\\/www.radiohorizonte.fm\\\/radio\\\/#website\",\"url\":\"http:\\\/\\\/www.radiohorizonte.fm\\\/radio\\\/\",\"name\":\"Horizonte\",\"description\":\"Radio Horizonte 106.1 - Una radio de clasicos\",\"publisher\":{\"@id\":\"http:\\\/\\\/www.radiohorizonte.fm\\\/radio\\\/#organization\"},\"potentialAction\":[{\"@type\":\"SearchAction\",\"target\":{\"@type\":\"EntryPoint\",\"urlTemplate\":\"http:\\\/\\\/www.radiohorizonte.fm\\\/radio\\\/?s={search_term_string}\"},\"query-input\":{\"@type\":\"PropertyValueSpecification\",\"valueRequired\":true,\"valueName\":\"search_term_string\"}}],\"inLanguage\":\"es-AR\"},{\"@type\":\"Organization\",\"@id\":\"http:\\\/\\\/www.radiohorizonte.fm\\\/radio\\\/#organization\",\"name\":\"Horizonte\",\"url\":\"http:\\\/\\\/www.radiohorizonte.fm\\\/radio\\\/\",\"logo\":{\"@type\":\"ImageObject\",\"inLanguage\":\"es-AR\",\"@id\":\"http:\\\/\\\/www.radiohorizonte.fm\\\/radio\\\/#\\\/schema\\\/logo\\\/image\\\/\",\"url\":\"http:\\\/\\\/www.radiohorizonte.fm\\\/radio\\\/wp-content\\\/uploads\\\/2025\\\/06\\\/Portada-FM-Horizonte_modelo-imagen-scaled.jpg\",\"contentUrl\":\"http:\\\/\\\/www.radiohorizonte.fm\\\/radio\\\/wp-content\\\/uploads\\\/2025\\\/06\\\/Portada-FM-Horizonte_modelo-imagen-scaled.jpg\",\"width\":2560,\"height\":1056,\"caption\":\"Horizonte\"},\"image\":{\"@id\":\"http:\\\/\\\/www.radiohorizonte.fm\\\/radio\\\/#\\\/schema\\\/logo\\\/image\\\/\"},\"sameAs\":[\"http:\\\/\\\/www.facebook.com\\\/HORIZONTE106.1\",\"https:\\\/\\\/x.com\\\/fmhorizonte1061\"]},{\"@type\":\"Person\",\"@id\":\"http:\\\/\\\/www.radiohorizonte.fm\\\/radio\\\/#\\\/schema\\\/person\\\/f8fa003a405bb86729fd87d15d0ddafa\",\"name\":\"Cristian Galarza\",\"image\":{\"@type\":\"ImageObject\",\"inLanguage\":\"es-AR\",\"@id\":\"https:\\\/\\\/secure.gravatar.com\\\/avatar\\\/fad34bc2c773209c05d7d53b08a69b680eeb55f3be014e52b31643d20ab65925?s=96&d=mm&r=g\",\"url\":\"https:\\\/\\\/secure.gravatar.com\\\/avatar\\\/fad34bc2c773209c05d7d53b08a69b680eeb55f3be014e52b31643d20ab65925?s=96&d=mm&r=g\",\"contentUrl\":\"https:\\\/\\\/secure.gravatar.com\\\/avatar\\\/fad34bc2c773209c05d7d53b08a69b680eeb55f3be014e52b31643d20ab65925?s=96&d=mm&r=g\",\"caption\":\"Cristian Galarza\"},\"url\":\"http:\\\/\\\/www.radiohorizonte.fm\\\/radio\\\/author\\\/cristian\\\/\"}]}<\/script>\n<!-- \/ Yoast SEO plugin. -->","yoast_head_json":{"title":"El \u00cdndice de Precios al Consumidor registr\u00f3 una suba del 6,3% en julio - Horizonte","robots":{"index":"index","follow":"follow","max-snippet":"max-snippet:-1","max-image-preview":"max-image-preview:large","max-video-preview":"max-video-preview:-1"},"canonical":"http:\/\/www.radiohorizonte.fm\/radio\/2023\/08\/16\/el-indice-de-precios-al-consumidor-registro-una-suba-del-63-en-julio\/","og_locale":"es_ES","og_type":"article","og_title":"El \u00cdndice de Precios al Consumidor registr\u00f3 una suba del 6,3% en julio - Horizonte","og_description":"El informe del\u00a0Instituto Nacional de Estad\u00edstica y Censos detall\u00f3 que\u00a0en los primeros siete meses del a\u00f1o la inflaci\u00f3n minorista marc\u00f3 un acumulado de 60,2%. \u00a0El \u00edndice de Precios al Consumidor (IPC) registr\u00f3 en julio una suba de 6,3%, tres d\u00e9cimas m\u00e1s que el 6% de junio, inform\u00f3 hoy el Instituto Nacional de Estad\u00edstica y Censos","og_url":"http:\/\/www.radiohorizonte.fm\/radio\/2023\/08\/16\/el-indice-de-precios-al-consumidor-registro-una-suba-del-63-en-julio\/","og_site_name":"Horizonte","article_publisher":"http:\/\/www.facebook.com\/HORIZONTE106.1","article_published_time":"2023-08-16T10:08:56+00:00","og_image":[{"width":1004,"height":565,"url":"http:\/\/www.radiohorizonte.fm\/radio\/wp-content\/uploads\/2019\/05\/5c4a1f714fc2f_1004x565.jpg","type":"image\/jpeg"}],"author":"Cristian Galarza","twitter_card":"summary_large_image","twitter_creator":"@fmhorizonte1061","twitter_site":"@fmhorizonte1061","twitter_misc":{"Escrito por":"Cristian Galarza","Tiempo de lectura":"4 minutos"},"schema":{"@context":"https:\/\/schema.org","@graph":[{"@type":"Article","@id":"http:\/\/www.radiohorizonte.fm\/radio\/2023\/08\/16\/el-indice-de-precios-al-consumidor-registro-una-suba-del-63-en-julio\/#article","isPartOf":{"@id":"http:\/\/www.radiohorizonte.fm\/radio\/2023\/08\/16\/el-indice-de-precios-al-consumidor-registro-una-suba-del-63-en-julio\/"},"author":{"name":"Cristian Galarza","@id":"http:\/\/www.radiohorizonte.fm\/radio\/#\/schema\/person\/f8fa003a405bb86729fd87d15d0ddafa"},"headline":"El \u00cdndice de Precios al Consumidor registr\u00f3 una suba del 6,3% en julio","datePublished":"2023-08-16T10:08:56+00:00","mainEntityOfPage":{"@id":"http:\/\/www.radiohorizonte.fm\/radio\/2023\/08\/16\/el-indice-de-precios-al-consumidor-registro-una-suba-del-63-en-julio\/"},"wordCount":747,"publisher":{"@id":"http:\/\/www.radiohorizonte.fm\/radio\/#organization"},"image":{"@id":"http:\/\/www.radiohorizonte.fm\/radio\/2023\/08\/16\/el-indice-de-precios-al-consumidor-registro-una-suba-del-63-en-julio\/#primaryimage"},"thumbnailUrl":"http:\/\/www.radiohorizonte.fm\/radio\/wp-content\/uploads\/2019\/05\/5c4a1f714fc2f_1004x565.jpg","articleSection":["Noticias"],"inLanguage":"es-AR"},{"@type":"WebPage","@id":"http:\/\/www.radiohorizonte.fm\/radio\/2023\/08\/16\/el-indice-de-precios-al-consumidor-registro-una-suba-del-63-en-julio\/","url":"http:\/\/www.radiohorizonte.fm\/radio\/2023\/08\/16\/el-indice-de-precios-al-consumidor-registro-una-suba-del-63-en-julio\/","name":"El \u00cdndice de Precios al Consumidor registr\u00f3 una suba del 6,3% en julio - Horizonte","isPartOf":{"@id":"http:\/\/www.radiohorizonte.fm\/radio\/#website"},"primaryImageOfPage":{"@id":"http:\/\/www.radiohorizonte.fm\/radio\/2023\/08\/16\/el-indice-de-precios-al-consumidor-registro-una-suba-del-63-en-julio\/#primaryimage"},"image":{"@id":"http:\/\/www.radiohorizonte.fm\/radio\/2023\/08\/16\/el-indice-de-precios-al-consumidor-registro-una-suba-del-63-en-julio\/#primaryimage"},"thumbnailUrl":"http:\/\/www.radiohorizonte.fm\/radio\/wp-content\/uploads\/2019\/05\/5c4a1f714fc2f_1004x565.jpg","datePublished":"2023-08-16T10:08:56+00:00","breadcrumb":{"@id":"http:\/\/www.radiohorizonte.fm\/radio\/2023\/08\/16\/el-indice-de-precios-al-consumidor-registro-una-suba-del-63-en-julio\/#breadcrumb"},"inLanguage":"es-AR","potentialAction":[{"@type":"ReadAction","target":["http:\/\/www.radiohorizonte.fm\/radio\/2023\/08\/16\/el-indice-de-precios-al-consumidor-registro-una-suba-del-63-en-julio\/"]}]},{"@type":"ImageObject","inLanguage":"es-AR","@id":"http:\/\/www.radiohorizonte.fm\/radio\/2023\/08\/16\/el-indice-de-precios-al-consumidor-registro-una-suba-del-63-en-julio\/#primaryimage","url":"http:\/\/www.radiohorizonte.fm\/radio\/wp-content\/uploads\/2019\/05\/5c4a1f714fc2f_1004x565.jpg","contentUrl":"http:\/\/www.radiohorizonte.fm\/radio\/wp-content\/uploads\/2019\/05\/5c4a1f714fc2f_1004x565.jpg","width":1004,"height":565},{"@type":"BreadcrumbList","@id":"http:\/\/www.radiohorizonte.fm\/radio\/2023\/08\/16\/el-indice-de-precios-al-consumidor-registro-una-suba-del-63-en-julio\/#breadcrumb","itemListElement":[{"@type":"ListItem","position":1,"name":"Home","item":"http:\/\/www.radiohorizonte.fm\/radio\/"},{"@type":"ListItem","position":2,"name":"El \u00cdndice de Precios al Consumidor registr\u00f3 una suba del 6,3% en julio"}]},{"@type":"WebSite","@id":"http:\/\/www.radiohorizonte.fm\/radio\/#website","url":"http:\/\/www.radiohorizonte.fm\/radio\/","name":"Horizonte","description":"Radio Horizonte 106.1 - Una radio de clasicos","publisher":{"@id":"http:\/\/www.radiohorizonte.fm\/radio\/#organization"},"potentialAction":[{"@type":"SearchAction","target":{"@type":"EntryPoint","urlTemplate":"http:\/\/www.radiohorizonte.fm\/radio\/?s={search_term_string}"},"query-input":{"@type":"PropertyValueSpecification","valueRequired":true,"valueName":"search_term_string"}}],"inLanguage":"es-AR"},{"@type":"Organization","@id":"http:\/\/www.radiohorizonte.fm\/radio\/#organization","name":"Horizonte","url":"http:\/\/www.radiohorizonte.fm\/radio\/","logo":{"@type":"ImageObject","inLanguage":"es-AR","@id":"http:\/\/www.radiohorizonte.fm\/radio\/#\/schema\/logo\/image\/","url":"http:\/\/www.radiohorizonte.fm\/radio\/wp-content\/uploads\/2025\/06\/Portada-FM-Horizonte_modelo-imagen-scaled.jpg","contentUrl":"http:\/\/www.radiohorizonte.fm\/radio\/wp-content\/uploads\/2025\/06\/Portada-FM-Horizonte_modelo-imagen-scaled.jpg","width":2560,"height":1056,"caption":"Horizonte"},"image":{"@id":"http:\/\/www.radiohorizonte.fm\/radio\/#\/schema\/logo\/image\/"},"sameAs":["http:\/\/www.facebook.com\/HORIZONTE106.1","https:\/\/x.com\/fmhorizonte1061"]},{"@type":"Person","@id":"http:\/\/www.radiohorizonte.fm\/radio\/#\/schema\/person\/f8fa003a405bb86729fd87d15d0ddafa","name":"Cristian Galarza","image":{"@type":"ImageObject","inLanguage":"es-AR","@id":"https:\/\/secure.gravatar.com\/avatar\/fad34bc2c773209c05d7d53b08a69b680eeb55f3be014e52b31643d20ab65925?s=96&d=mm&r=g","url":"https:\/\/secure.gravatar.com\/avatar\/fad34bc2c773209c05d7d53b08a69b680eeb55f3be014e52b31643d20ab65925?s=96&d=mm&r=g","contentUrl":"https:\/\/secure.gravatar.com\/avatar\/fad34bc2c773209c05d7d53b08a69b680eeb55f3be014e52b31643d20ab65925?s=96&d=mm&r=g","caption":"Cristian Galarza"},"url":"http:\/\/www.radiohorizonte.fm\/radio\/author\/cristian\/"}]}},"_links":{"self":[{"href":"http:\/\/www.radiohorizonte.fm\/radio\/wp-json\/wp\/v2\/posts\/41758","targetHints":{"allow":["GET"]}}],"collection":[{"href":"http:\/\/www.radiohorizonte.fm\/radio\/wp-json\/wp\/v2\/posts"}],"about":[{"href":"http:\/\/www.radiohorizonte.fm\/radio\/wp-json\/wp\/v2\/types\/post"}],"author":[{"embeddable":true,"href":"http:\/\/www.radiohorizonte.fm\/radio\/wp-json\/wp\/v2\/users\/2"}],"replies":[{"embeddable":true,"href":"http:\/\/www.radiohorizonte.fm\/radio\/wp-json\/wp\/v2\/comments?post=41758"}],"version-history":[{"count":1,"href":"http:\/\/www.radiohorizonte.fm\/radio\/wp-json\/wp\/v2\/posts\/41758\/revisions"}],"predecessor-version":[{"id":41759,"href":"http:\/\/www.radiohorizonte.fm\/radio\/wp-json\/wp\/v2\/posts\/41758\/revisions\/41759"}],"wp:featuredmedia":[{"embeddable":true,"href":"http:\/\/www.radiohorizonte.fm\/radio\/wp-json\/wp\/v2\/media\/21738"}],"wp:attachment":[{"href":"http:\/\/www.radiohorizonte.fm\/radio\/wp-json\/wp\/v2\/media?parent=41758"}],"wp:term":[{"taxonomy":"category","embeddable":true,"href":"http:\/\/www.radiohorizonte.fm\/radio\/wp-json\/wp\/v2\/categories?post=41758"},{"taxonomy":"post_tag","embeddable":true,"href":"http:\/\/www.radiohorizonte.fm\/radio\/wp-json\/wp\/v2\/tags?post=41758"}],"curies":[{"name":"wp","href":"https:\/\/api.w.org\/{rel}","templated":true}]}}