{"id":41764,"date":"2023-08-16T07:20:26","date_gmt":"2023-08-16T10:20:26","guid":{"rendered":"http:\/\/www.radiohorizonte.fm\/radio\/?p=41764"},"modified":"2023-08-16T07:20:26","modified_gmt":"2023-08-16T10:20:26","slug":"un-policia-correntino-era-parte-de-la-banda-narco-desarticulada","status":"publish","type":"post","link":"http:\/\/www.radiohorizonte.fm\/radio\/2023\/08\/16\/un-policia-correntino-era-parte-de-la-banda-narco-desarticulada\/","title":{"rendered":"Un polic\u00eda correntino era parte de la banda narco desarticulada"},"content":{"rendered":"<p>Un jefe policial y un colaborador tambi\u00e9n de la fuerza quedaron supeditados a la causa. Incautaron armas, droga, dinero y veh\u00edculos. Por ahora no anunciaron cambios en la c\u00fapula policial. No descartan m\u00e1s detenciones.<\/p>\n<p><img loading=\"lazy\" decoding=\"async\" class=\"alignnone size-full wp-image-41765\" src=\"http:\/\/www.radiohorizonte.fm\/radio\/wp-content\/uploads\/2023\/08\/1313995w762h816c.jpg-1.jpg\" alt=\"\" width=\"762\" height=\"816\" srcset=\"http:\/\/www.radiohorizonte.fm\/radio\/wp-content\/uploads\/2023\/08\/1313995w762h816c.jpg-1.jpg 762w, http:\/\/www.radiohorizonte.fm\/radio\/wp-content\/uploads\/2023\/08\/1313995w762h816c.jpg-1-280x300.jpg 280w, http:\/\/www.radiohorizonte.fm\/radio\/wp-content\/uploads\/2023\/08\/1313995w762h816c.jpg-1-300x321.jpg 300w, http:\/\/www.radiohorizonte.fm\/radio\/wp-content\/uploads\/2023\/08\/1313995w762h816c.jpg-1-61x65.jpg 61w, http:\/\/www.radiohorizonte.fm\/radio\/wp-content\/uploads\/2023\/08\/1313995w762h816c.jpg-1-187x200.jpg 187w, http:\/\/www.radiohorizonte.fm\/radio\/wp-content\/uploads\/2023\/08\/1313995w762h816c.jpg-1-79x85.jpg 79w, http:\/\/www.radiohorizonte.fm\/radio\/wp-content\/uploads\/2023\/08\/1313995w762h816c.jpg-1-117x125.jpg 117w, http:\/\/www.radiohorizonte.fm\/radio\/wp-content\/uploads\/2023\/08\/1313995w762h816c.jpg-1-84x90.jpg 84w\" sizes=\"auto, (max-width: 762px) 100vw, 762px\" \/><\/p>\n<p>La Polic\u00eda Federal Argentina desbarat\u00f3 ayer gran parte de una organizaci\u00f3n narco criminal que llevaba adelante sus actividades de venta de estupefacientes en la provincia de Corrientes y el interior de Chaco. La justicia federal liber\u00f3 14 \u00f3rdenes de allanamientos que permiti\u00f3 a los efectivos de investigaciones complejas detener, entre los sospechosos, a un sargento de la Polic\u00eda de Corrientes y allanaron las oficinas de la Direcci\u00f3n General de Seguridad Metropolitana, supeditando a la causa al Jefe m\u00e1ximo de esa unidad y a su colaborador directo y padre del polic\u00eda detenido. La causa est\u00e1 bajo secreto de sumario, pero las pesquisas contin\u00faan, dado que faltar\u00edan m\u00e1s detenciones.<\/p>\n<p>La investigaci\u00f3n que surgi\u00f3 a trav\u00e9s de una denuncia NN, en el Juzgado Federal N\u00b01 de Juan Carlos Vallejos de la capital correntina y en la que tambi\u00e9n intervino la Procuradur\u00eda de Narcocriminalidad (PROCUNAR). Fue hace casi un a\u00f1o, durante el cual se juntaron pruebas concretas sobre los movimientos que realizaba la organizaci\u00f3n narco criminal. Los datos que se recolectaban apuntaban a una organizaci\u00f3n que operaba en Corrientes, pero con ramificaciones en el interior de la provincia de Chaco, de donde se abastec\u00eda adem\u00e1s de la droga m\u00e1s dura. M\u00e1s precisamente, desde la ciudad de Presidencia Roque S\u00e1enz Pe\u00f1a, donde tambi\u00e9n se realizaron allanamientos y se logr\u00f3 la detenci\u00f3n de una persona, relacionada a la banda.<\/p>\n<p>Seg\u00fan los informes oficiales elevados por la Polic\u00eda Federal, en total fueron 14 los allanamientos realizados en los que se detuvo a 8 personas, 5 hombres y 3 mujeres, todos mayores de edad. Otros 3 hombres quedaron supeditados a la causa de forma directa y se investiga su relaci\u00f3n con la organizaci\u00f3n. Se incautaron 2,800 kilogramos de marihuana, 15,3 gramos de coca\u00edna, tres pistolas de grueso calibre sin documentaci\u00f3n legal, una gran cantidad de municiones de diferentes calibres, un rifle de aire comprimido, un arma de fuego tumbera, tres camionetas, un auto, siete motos, decenas de tel\u00e9fonos celulares, as\u00ed como tambi\u00e9n $1.709.310 pesos en efectivo, 308 d\u00f3lares, computadoras y dem\u00e1s elementos de inter\u00e9s. Tanto los aprehendidos como los elementos secuestrados, quedaron a disposici\u00f3n de la Justicia.<\/p>\n<h2>Golpe en la Polic\u00eda<\/h2>\n<p>Pero en Corrientes, sin dudas el mayor golpe lo sufri\u00f3 la propia Polic\u00eda de la Provincia, ya que varias de las \u00f3rdenes impartidas por la Justicia federal involucraba allanar algunas viviendas particulares de efectivos de la fuerza entre ellos jefes en ejercicio, as\u00ed como la Direcci\u00f3n General de Seguridad Metropolitana, la oficina estrat\u00e9gica de la lucha contra la delincuencia en toda la provincia; ahora bajo la lupa por su relaci\u00f3n con la banda narco criminal desarticulada. Y no era para menos, ya que en las redadas fue detenido un Sargento de apellido Gonz\u00e1lez, alias &#8220;batatita&#8221;, en cuyo poder se hallaron m\u00e1s de 60 bochitas de marihuana y varias armas de fuego ilegales. El sujeto es hijo de un oficial mayor retirado de la fuerza hace a\u00f1os, pero colaborador directo del Comisario General Luciano Vallejos, en &#8220;La Metro&#8221;. Estos dos \u00faltimos quedaron supeditados a la causa, luego de que sus viviendas tambi\u00e9n fueran requisadas. De la Direcci\u00f3n General de Seguridad Metropolitana, los federales se llevaron una agenda, entre otros art\u00edculos de la oficina del m\u00e1ximo jefe del \u00e1rea.<\/p>\n<p>Fuente: Diario \u00c9poca<\/p>\n","protected":false},"excerpt":{"rendered":"<div class=\"post-excerpt\"><p>Un jefe policial y un colaborador tambi\u00e9n de la fuerza quedaron supeditados a la causa. Incautaron armas, droga, dinero y veh\u00edculos. Por ahora no anunciaron cambios en la c\u00fapula policial. No descartan m\u00e1s detenciones. La Polic\u00eda Federal Argentina desbarat\u00f3 ayer gran parte de una organizaci\u00f3n narco criminal que llevaba adelante sus actividades de venta de<\/p>\n<\/div>","protected":false},"author":2,"featured_media":41765,"comment_status":"closed","ping_status":"closed","sticky":false,"template":"","format":"standard","meta":{"_acf_changed":false,"footnotes":""},"categories":[2],"tags":[],"class_list":["post-41764","post","type-post","status-publish","format-standard","has-post-thumbnail","hentry","category-noticias"],"acf":[],"yoast_head":"<!-- This site is optimized with the Yoast SEO plugin v28.1 - https:\/\/yoast.com\/product\/yoast-seo-wordpress\/ -->\n<title>Un polic\u00eda correntino era parte de la banda narco desarticulada - Horizonte<\/title>\n<meta name=\"robots\" content=\"index, follow, max-snippet:-1, max-image-preview:large, max-video-preview:-1\" \/>\n<link rel=\"canonical\" href=\"http:\/\/www.radiohorizonte.fm\/radio\/2023\/08\/16\/un-policia-correntino-era-parte-de-la-banda-narco-desarticulada\/\" \/>\n<meta property=\"og:locale\" content=\"es_ES\" \/>\n<meta property=\"og:type\" content=\"article\" \/>\n<meta property=\"og:title\" content=\"Un polic\u00eda correntino era parte de la banda narco desarticulada - Horizonte\" \/>\n<meta property=\"og:description\" content=\"Un jefe policial y un colaborador tambi\u00e9n de la fuerza quedaron supeditados a la causa. Incautaron armas, droga, dinero y veh\u00edculos. Por ahora no anunciaron cambios en la c\u00fapula policial. No descartan m\u00e1s detenciones. La Polic\u00eda Federal Argentina desbarat\u00f3 ayer gran parte de una organizaci\u00f3n narco criminal que llevaba adelante sus actividades de venta de\" \/>\n<meta property=\"og:url\" content=\"http:\/\/www.radiohorizonte.fm\/radio\/2023\/08\/16\/un-policia-correntino-era-parte-de-la-banda-narco-desarticulada\/\" \/>\n<meta property=\"og:site_name\" content=\"Horizonte\" \/>\n<meta property=\"article:publisher\" content=\"http:\/\/www.facebook.com\/HORIZONTE106.1\" \/>\n<meta property=\"article:published_time\" content=\"2023-08-16T10:20:26+00:00\" \/>\n<meta property=\"og:image\" content=\"http:\/\/www.radiohorizonte.fm\/radio\/wp-content\/uploads\/2023\/08\/1313995w762h816c.jpg-1.jpg\" \/>\n\t<meta property=\"og:image:width\" content=\"762\" \/>\n\t<meta property=\"og:image:height\" content=\"816\" \/>\n\t<meta property=\"og:image:type\" content=\"image\/jpeg\" \/>\n<meta name=\"author\" content=\"Cristian Galarza\" \/>\n<meta name=\"twitter:card\" content=\"summary_large_image\" \/>\n<meta name=\"twitter:creator\" content=\"@fmhorizonte1061\" \/>\n<meta name=\"twitter:site\" content=\"@fmhorizonte1061\" \/>\n<meta name=\"twitter:label1\" content=\"Escrito por\" \/>\n\t<meta name=\"twitter:data1\" content=\"Cristian Galarza\" \/>\n\t<meta name=\"twitter:label2\" content=\"Tiempo de lectura\" \/>\n\t<meta name=\"twitter:data2\" content=\"3 minutos\" \/>\n<script type=\"application\/ld+json\" class=\"yoast-schema-graph\">{\"@context\":\"https:\\\/\\\/schema.org\",\"@graph\":[{\"@type\":\"Article\",\"@id\":\"http:\\\/\\\/www.radiohorizonte.fm\\\/radio\\\/2023\\\/08\\\/16\\\/un-policia-correntino-era-parte-de-la-banda-narco-desarticulada\\\/#article\",\"isPartOf\":{\"@id\":\"http:\\\/\\\/www.radiohorizonte.fm\\\/radio\\\/2023\\\/08\\\/16\\\/un-policia-correntino-era-parte-de-la-banda-narco-desarticulada\\\/\"},\"author\":{\"name\":\"Cristian Galarza\",\"@id\":\"http:\\\/\\\/www.radiohorizonte.fm\\\/radio\\\/#\\\/schema\\\/person\\\/f8fa003a405bb86729fd87d15d0ddafa\"},\"headline\":\"Un polic\u00eda correntino era parte de la banda narco desarticulada\",\"datePublished\":\"2023-08-16T10:20:26+00:00\",\"mainEntityOfPage\":{\"@id\":\"http:\\\/\\\/www.radiohorizonte.fm\\\/radio\\\/2023\\\/08\\\/16\\\/un-policia-correntino-era-parte-de-la-banda-narco-desarticulada\\\/\"},\"wordCount\":619,\"publisher\":{\"@id\":\"http:\\\/\\\/www.radiohorizonte.fm\\\/radio\\\/#organization\"},\"image\":{\"@id\":\"http:\\\/\\\/www.radiohorizonte.fm\\\/radio\\\/2023\\\/08\\\/16\\\/un-policia-correntino-era-parte-de-la-banda-narco-desarticulada\\\/#primaryimage\"},\"thumbnailUrl\":\"http:\\\/\\\/www.radiohorizonte.fm\\\/radio\\\/wp-content\\\/uploads\\\/2023\\\/08\\\/1313995w762h816c.jpg-1.jpg\",\"articleSection\":[\"Noticias\"],\"inLanguage\":\"es-AR\"},{\"@type\":\"WebPage\",\"@id\":\"http:\\\/\\\/www.radiohorizonte.fm\\\/radio\\\/2023\\\/08\\\/16\\\/un-policia-correntino-era-parte-de-la-banda-narco-desarticulada\\\/\",\"url\":\"http:\\\/\\\/www.radiohorizonte.fm\\\/radio\\\/2023\\\/08\\\/16\\\/un-policia-correntino-era-parte-de-la-banda-narco-desarticulada\\\/\",\"name\":\"Un polic\u00eda correntino era parte de la banda narco desarticulada - Horizonte\",\"isPartOf\":{\"@id\":\"http:\\\/\\\/www.radiohorizonte.fm\\\/radio\\\/#website\"},\"primaryImageOfPage\":{\"@id\":\"http:\\\/\\\/www.radiohorizonte.fm\\\/radio\\\/2023\\\/08\\\/16\\\/un-policia-correntino-era-parte-de-la-banda-narco-desarticulada\\\/#primaryimage\"},\"image\":{\"@id\":\"http:\\\/\\\/www.radiohorizonte.fm\\\/radio\\\/2023\\\/08\\\/16\\\/un-policia-correntino-era-parte-de-la-banda-narco-desarticulada\\\/#primaryimage\"},\"thumbnailUrl\":\"http:\\\/\\\/www.radiohorizonte.fm\\\/radio\\\/wp-content\\\/uploads\\\/2023\\\/08\\\/1313995w762h816c.jpg-1.jpg\",\"datePublished\":\"2023-08-16T10:20:26+00:00\",\"breadcrumb\":{\"@id\":\"http:\\\/\\\/www.radiohorizonte.fm\\\/radio\\\/2023\\\/08\\\/16\\\/un-policia-correntino-era-parte-de-la-banda-narco-desarticulada\\\/#breadcrumb\"},\"inLanguage\":\"es-AR\",\"potentialAction\":[{\"@type\":\"ReadAction\",\"target\":[\"http:\\\/\\\/www.radiohorizonte.fm\\\/radio\\\/2023\\\/08\\\/16\\\/un-policia-correntino-era-parte-de-la-banda-narco-desarticulada\\\/\"]}]},{\"@type\":\"ImageObject\",\"inLanguage\":\"es-AR\",\"@id\":\"http:\\\/\\\/www.radiohorizonte.fm\\\/radio\\\/2023\\\/08\\\/16\\\/un-policia-correntino-era-parte-de-la-banda-narco-desarticulada\\\/#primaryimage\",\"url\":\"http:\\\/\\\/www.radiohorizonte.fm\\\/radio\\\/wp-content\\\/uploads\\\/2023\\\/08\\\/1313995w762h816c.jpg-1.jpg\",\"contentUrl\":\"http:\\\/\\\/www.radiohorizonte.fm\\\/radio\\\/wp-content\\\/uploads\\\/2023\\\/08\\\/1313995w762h816c.jpg-1.jpg\",\"width\":762,\"height\":816},{\"@type\":\"BreadcrumbList\",\"@id\":\"http:\\\/\\\/www.radiohorizonte.fm\\\/radio\\\/2023\\\/08\\\/16\\\/un-policia-correntino-era-parte-de-la-banda-narco-desarticulada\\\/#breadcrumb\",\"itemListElement\":[{\"@type\":\"ListItem\",\"position\":1,\"name\":\"Home\",\"item\":\"http:\\\/\\\/www.radiohorizonte.fm\\\/radio\\\/\"},{\"@type\":\"ListItem\",\"position\":2,\"name\":\"Un polic\u00eda correntino era parte de la banda narco desarticulada\"}]},{\"@type\":\"WebSite\",\"@id\":\"http:\\\/\\\/www.radiohorizonte.fm\\\/radio\\\/#website\",\"url\":\"http:\\\/\\\/www.radiohorizonte.fm\\\/radio\\\/\",\"name\":\"Horizonte\",\"description\":\"Radio Horizonte 106.1 - Una radio de clasicos\",\"publisher\":{\"@id\":\"http:\\\/\\\/www.radiohorizonte.fm\\\/radio\\\/#organization\"},\"potentialAction\":[{\"@type\":\"SearchAction\",\"target\":{\"@type\":\"EntryPoint\",\"urlTemplate\":\"http:\\\/\\\/www.radiohorizonte.fm\\\/radio\\\/?s={search_term_string}\"},\"query-input\":{\"@type\":\"PropertyValueSpecification\",\"valueRequired\":true,\"valueName\":\"search_term_string\"}}],\"inLanguage\":\"es-AR\"},{\"@type\":\"Organization\",\"@id\":\"http:\\\/\\\/www.radiohorizonte.fm\\\/radio\\\/#organization\",\"name\":\"Horizonte\",\"url\":\"http:\\\/\\\/www.radiohorizonte.fm\\\/radio\\\/\",\"logo\":{\"@type\":\"ImageObject\",\"inLanguage\":\"es-AR\",\"@id\":\"http:\\\/\\\/www.radiohorizonte.fm\\\/radio\\\/#\\\/schema\\\/logo\\\/image\\\/\",\"url\":\"http:\\\/\\\/www.radiohorizonte.fm\\\/radio\\\/wp-content\\\/uploads\\\/2025\\\/06\\\/Portada-FM-Horizonte_modelo-imagen-scaled.jpg\",\"contentUrl\":\"http:\\\/\\\/www.radiohorizonte.fm\\\/radio\\\/wp-content\\\/uploads\\\/2025\\\/06\\\/Portada-FM-Horizonte_modelo-imagen-scaled.jpg\",\"width\":2560,\"height\":1056,\"caption\":\"Horizonte\"},\"image\":{\"@id\":\"http:\\\/\\\/www.radiohorizonte.fm\\\/radio\\\/#\\\/schema\\\/logo\\\/image\\\/\"},\"sameAs\":[\"http:\\\/\\\/www.facebook.com\\\/HORIZONTE106.1\",\"https:\\\/\\\/x.com\\\/fmhorizonte1061\"]},{\"@type\":\"Person\",\"@id\":\"http:\\\/\\\/www.radiohorizonte.fm\\\/radio\\\/#\\\/schema\\\/person\\\/f8fa003a405bb86729fd87d15d0ddafa\",\"name\":\"Cristian Galarza\",\"image\":{\"@type\":\"ImageObject\",\"inLanguage\":\"es-AR\",\"@id\":\"https:\\\/\\\/secure.gravatar.com\\\/avatar\\\/fad34bc2c773209c05d7d53b08a69b680eeb55f3be014e52b31643d20ab65925?s=96&d=mm&r=g\",\"url\":\"https:\\\/\\\/secure.gravatar.com\\\/avatar\\\/fad34bc2c773209c05d7d53b08a69b680eeb55f3be014e52b31643d20ab65925?s=96&d=mm&r=g\",\"contentUrl\":\"https:\\\/\\\/secure.gravatar.com\\\/avatar\\\/fad34bc2c773209c05d7d53b08a69b680eeb55f3be014e52b31643d20ab65925?s=96&d=mm&r=g\",\"caption\":\"Cristian Galarza\"},\"url\":\"http:\\\/\\\/www.radiohorizonte.fm\\\/radio\\\/author\\\/cristian\\\/\"}]}<\/script>\n<!-- \/ Yoast SEO plugin. -->","yoast_head_json":{"title":"Un polic\u00eda correntino era parte de la banda narco desarticulada - Horizonte","robots":{"index":"index","follow":"follow","max-snippet":"max-snippet:-1","max-image-preview":"max-image-preview:large","max-video-preview":"max-video-preview:-1"},"canonical":"http:\/\/www.radiohorizonte.fm\/radio\/2023\/08\/16\/un-policia-correntino-era-parte-de-la-banda-narco-desarticulada\/","og_locale":"es_ES","og_type":"article","og_title":"Un polic\u00eda correntino era parte de la banda narco desarticulada - Horizonte","og_description":"Un jefe policial y un colaborador tambi\u00e9n de la fuerza quedaron supeditados a la causa. Incautaron armas, droga, dinero y veh\u00edculos. Por ahora no anunciaron cambios en la c\u00fapula policial. No descartan m\u00e1s detenciones. La Polic\u00eda Federal Argentina desbarat\u00f3 ayer gran parte de una organizaci\u00f3n narco criminal que llevaba adelante sus actividades de venta de","og_url":"http:\/\/www.radiohorizonte.fm\/radio\/2023\/08\/16\/un-policia-correntino-era-parte-de-la-banda-narco-desarticulada\/","og_site_name":"Horizonte","article_publisher":"http:\/\/www.facebook.com\/HORIZONTE106.1","article_published_time":"2023-08-16T10:20:26+00:00","og_image":[{"width":762,"height":816,"url":"http:\/\/www.radiohorizonte.fm\/radio\/wp-content\/uploads\/2023\/08\/1313995w762h816c.jpg-1.jpg","type":"image\/jpeg"}],"author":"Cristian Galarza","twitter_card":"summary_large_image","twitter_creator":"@fmhorizonte1061","twitter_site":"@fmhorizonte1061","twitter_misc":{"Escrito por":"Cristian Galarza","Tiempo de lectura":"3 minutos"},"schema":{"@context":"https:\/\/schema.org","@graph":[{"@type":"Article","@id":"http:\/\/www.radiohorizonte.fm\/radio\/2023\/08\/16\/un-policia-correntino-era-parte-de-la-banda-narco-desarticulada\/#article","isPartOf":{"@id":"http:\/\/www.radiohorizonte.fm\/radio\/2023\/08\/16\/un-policia-correntino-era-parte-de-la-banda-narco-desarticulada\/"},"author":{"name":"Cristian Galarza","@id":"http:\/\/www.radiohorizonte.fm\/radio\/#\/schema\/person\/f8fa003a405bb86729fd87d15d0ddafa"},"headline":"Un polic\u00eda correntino era parte de la banda narco desarticulada","datePublished":"2023-08-16T10:20:26+00:00","mainEntityOfPage":{"@id":"http:\/\/www.radiohorizonte.fm\/radio\/2023\/08\/16\/un-policia-correntino-era-parte-de-la-banda-narco-desarticulada\/"},"wordCount":619,"publisher":{"@id":"http:\/\/www.radiohorizonte.fm\/radio\/#organization"},"image":{"@id":"http:\/\/www.radiohorizonte.fm\/radio\/2023\/08\/16\/un-policia-correntino-era-parte-de-la-banda-narco-desarticulada\/#primaryimage"},"thumbnailUrl":"http:\/\/www.radiohorizonte.fm\/radio\/wp-content\/uploads\/2023\/08\/1313995w762h816c.jpg-1.jpg","articleSection":["Noticias"],"inLanguage":"es-AR"},{"@type":"WebPage","@id":"http:\/\/www.radiohorizonte.fm\/radio\/2023\/08\/16\/un-policia-correntino-era-parte-de-la-banda-narco-desarticulada\/","url":"http:\/\/www.radiohorizonte.fm\/radio\/2023\/08\/16\/un-policia-correntino-era-parte-de-la-banda-narco-desarticulada\/","name":"Un polic\u00eda correntino era parte de la banda narco desarticulada - Horizonte","isPartOf":{"@id":"http:\/\/www.radiohorizonte.fm\/radio\/#website"},"primaryImageOfPage":{"@id":"http:\/\/www.radiohorizonte.fm\/radio\/2023\/08\/16\/un-policia-correntino-era-parte-de-la-banda-narco-desarticulada\/#primaryimage"},"image":{"@id":"http:\/\/www.radiohorizonte.fm\/radio\/2023\/08\/16\/un-policia-correntino-era-parte-de-la-banda-narco-desarticulada\/#primaryimage"},"thumbnailUrl":"http:\/\/www.radiohorizonte.fm\/radio\/wp-content\/uploads\/2023\/08\/1313995w762h816c.jpg-1.jpg","datePublished":"2023-08-16T10:20:26+00:00","breadcrumb":{"@id":"http:\/\/www.radiohorizonte.fm\/radio\/2023\/08\/16\/un-policia-correntino-era-parte-de-la-banda-narco-desarticulada\/#breadcrumb"},"inLanguage":"es-AR","potentialAction":[{"@type":"ReadAction","target":["http:\/\/www.radiohorizonte.fm\/radio\/2023\/08\/16\/un-policia-correntino-era-parte-de-la-banda-narco-desarticulada\/"]}]},{"@type":"ImageObject","inLanguage":"es-AR","@id":"http:\/\/www.radiohorizonte.fm\/radio\/2023\/08\/16\/un-policia-correntino-era-parte-de-la-banda-narco-desarticulada\/#primaryimage","url":"http:\/\/www.radiohorizonte.fm\/radio\/wp-content\/uploads\/2023\/08\/1313995w762h816c.jpg-1.jpg","contentUrl":"http:\/\/www.radiohorizonte.fm\/radio\/wp-content\/uploads\/2023\/08\/1313995w762h816c.jpg-1.jpg","width":762,"height":816},{"@type":"BreadcrumbList","@id":"http:\/\/www.radiohorizonte.fm\/radio\/2023\/08\/16\/un-policia-correntino-era-parte-de-la-banda-narco-desarticulada\/#breadcrumb","itemListElement":[{"@type":"ListItem","position":1,"name":"Home","item":"http:\/\/www.radiohorizonte.fm\/radio\/"},{"@type":"ListItem","position":2,"name":"Un polic\u00eda correntino era parte de la banda narco desarticulada"}]},{"@type":"WebSite","@id":"http:\/\/www.radiohorizonte.fm\/radio\/#website","url":"http:\/\/www.radiohorizonte.fm\/radio\/","name":"Horizonte","description":"Radio Horizonte 106.1 - Una radio de clasicos","publisher":{"@id":"http:\/\/www.radiohorizonte.fm\/radio\/#organization"},"potentialAction":[{"@type":"SearchAction","target":{"@type":"EntryPoint","urlTemplate":"http:\/\/www.radiohorizonte.fm\/radio\/?s={search_term_string}"},"query-input":{"@type":"PropertyValueSpecification","valueRequired":true,"valueName":"search_term_string"}}],"inLanguage":"es-AR"},{"@type":"Organization","@id":"http:\/\/www.radiohorizonte.fm\/radio\/#organization","name":"Horizonte","url":"http:\/\/www.radiohorizonte.fm\/radio\/","logo":{"@type":"ImageObject","inLanguage":"es-AR","@id":"http:\/\/www.radiohorizonte.fm\/radio\/#\/schema\/logo\/image\/","url":"http:\/\/www.radiohorizonte.fm\/radio\/wp-content\/uploads\/2025\/06\/Portada-FM-Horizonte_modelo-imagen-scaled.jpg","contentUrl":"http:\/\/www.radiohorizonte.fm\/radio\/wp-content\/uploads\/2025\/06\/Portada-FM-Horizonte_modelo-imagen-scaled.jpg","width":2560,"height":1056,"caption":"Horizonte"},"image":{"@id":"http:\/\/www.radiohorizonte.fm\/radio\/#\/schema\/logo\/image\/"},"sameAs":["http:\/\/www.facebook.com\/HORIZONTE106.1","https:\/\/x.com\/fmhorizonte1061"]},{"@type":"Person","@id":"http:\/\/www.radiohorizonte.fm\/radio\/#\/schema\/person\/f8fa003a405bb86729fd87d15d0ddafa","name":"Cristian Galarza","image":{"@type":"ImageObject","inLanguage":"es-AR","@id":"https:\/\/secure.gravatar.com\/avatar\/fad34bc2c773209c05d7d53b08a69b680eeb55f3be014e52b31643d20ab65925?s=96&d=mm&r=g","url":"https:\/\/secure.gravatar.com\/avatar\/fad34bc2c773209c05d7d53b08a69b680eeb55f3be014e52b31643d20ab65925?s=96&d=mm&r=g","contentUrl":"https:\/\/secure.gravatar.com\/avatar\/fad34bc2c773209c05d7d53b08a69b680eeb55f3be014e52b31643d20ab65925?s=96&d=mm&r=g","caption":"Cristian Galarza"},"url":"http:\/\/www.radiohorizonte.fm\/radio\/author\/cristian\/"}]}},"_links":{"self":[{"href":"http:\/\/www.radiohorizonte.fm\/radio\/wp-json\/wp\/v2\/posts\/41764","targetHints":{"allow":["GET"]}}],"collection":[{"href":"http:\/\/www.radiohorizonte.fm\/radio\/wp-json\/wp\/v2\/posts"}],"about":[{"href":"http:\/\/www.radiohorizonte.fm\/radio\/wp-json\/wp\/v2\/types\/post"}],"author":[{"embeddable":true,"href":"http:\/\/www.radiohorizonte.fm\/radio\/wp-json\/wp\/v2\/users\/2"}],"replies":[{"embeddable":true,"href":"http:\/\/www.radiohorizonte.fm\/radio\/wp-json\/wp\/v2\/comments?post=41764"}],"version-history":[{"count":1,"href":"http:\/\/www.radiohorizonte.fm\/radio\/wp-json\/wp\/v2\/posts\/41764\/revisions"}],"predecessor-version":[{"id":41766,"href":"http:\/\/www.radiohorizonte.fm\/radio\/wp-json\/wp\/v2\/posts\/41764\/revisions\/41766"}],"wp:featuredmedia":[{"embeddable":true,"href":"http:\/\/www.radiohorizonte.fm\/radio\/wp-json\/wp\/v2\/media\/41765"}],"wp:attachment":[{"href":"http:\/\/www.radiohorizonte.fm\/radio\/wp-json\/wp\/v2\/media?parent=41764"}],"wp:term":[{"taxonomy":"category","embeddable":true,"href":"http:\/\/www.radiohorizonte.fm\/radio\/wp-json\/wp\/v2\/categories?post=41764"},{"taxonomy":"post_tag","embeddable":true,"href":"http:\/\/www.radiohorizonte.fm\/radio\/wp-json\/wp\/v2\/tags?post=41764"}],"curies":[{"name":"wp","href":"https:\/\/api.w.org\/{rel}","templated":true}]}}