{"id":41770,"date":"2023-08-17T07:17:16","date_gmt":"2023-08-17T10:17:16","guid":{"rendered":"http:\/\/www.radiohorizonte.fm\/radio\/?p=41770"},"modified":"2023-08-17T07:17:16","modified_gmt":"2023-08-17T10:17:16","slug":"con-gran-marco-de-publico-valdes-participo-del-festival-del-libertador-en-yapeyu","status":"publish","type":"post","link":"http:\/\/www.radiohorizonte.fm\/radio\/2023\/08\/17\/con-gran-marco-de-publico-valdes-participo-del-festival-del-libertador-en-yapeyu\/","title":{"rendered":"Con gran marco de p\u00fablico, Vald\u00e9s particip\u00f3 del Festival del Libertador en Yapey\u00fa"},"content":{"rendered":"<p>El gobernador Gustavo Vald\u00e9s particip\u00f3 este mi\u00e9rcoles por la noche del tradicional Festival del Libertador en Yapey\u00fa, evento en el cual a las 00 horas ya de este jueves, se enton\u00f3 el Himno Nacional al cumplirse 173 a\u00f1os del paso a la inmortalidad de General Jos\u00e9 Francisco de San Mart\u00edn, nacido en esa tierra. Se cont\u00f3 con gran marco de p\u00fablico, compuesto mayoritariamente por j\u00f3venes, que llegaron hasta el Camping Municipal para disfrutar de n\u00fameros artistas que fueron pasando por el escenario.<\/p>\n<p><img loading=\"lazy\" decoding=\"async\" class=\"alignnone size-full wp-image-41771\" src=\"http:\/\/www.radiohorizonte.fm\/radio\/wp-content\/uploads\/2023\/08\/imagen-48488.jpg\" alt=\"\" width=\"1280\" height=\"853\" srcset=\"http:\/\/www.radiohorizonte.fm\/radio\/wp-content\/uploads\/2023\/08\/imagen-48488.jpg 1280w, http:\/\/www.radiohorizonte.fm\/radio\/wp-content\/uploads\/2023\/08\/imagen-48488-300x200.jpg 300w, http:\/\/www.radiohorizonte.fm\/radio\/wp-content\/uploads\/2023\/08\/imagen-48488-768x512.jpg 768w, http:\/\/www.radiohorizonte.fm\/radio\/wp-content\/uploads\/2023\/08\/imagen-48488-1024x682.jpg 1024w, http:\/\/www.radiohorizonte.fm\/radio\/wp-content\/uploads\/2023\/08\/imagen-48488-65x43.jpg 65w, http:\/\/www.radiohorizonte.fm\/radio\/wp-content\/uploads\/2023\/08\/imagen-48488-85x57.jpg 85w, http:\/\/www.radiohorizonte.fm\/radio\/wp-content\/uploads\/2023\/08\/imagen-48488-188x125.jpg 188w, http:\/\/www.radiohorizonte.fm\/radio\/wp-content\/uploads\/2023\/08\/imagen-48488-90x60.jpg 90w\" sizes=\"auto, (max-width: 1280px) 100vw, 1280px\" \/><\/p>\n<p>Minutos antes de las 24 horas, se present\u00f3 a la Banda Militar \u201cVuelta de Obligado\u201d del Grupo de Artiller\u00eda de Monte N\u00b03 con asiento en Paso de los Libres, a cargo de su director, el Capit\u00e1n Rolando Briana, quienes tomaron posici\u00f3n en el escenario, al igual que los abanderados del Regimiento Granaderos a Caballo \u201cGeneral San Mart\u00edn\u201d Destacamento Militar Yapey\u00fa. De esta manera, se procedi\u00f3 a entonar el Himno Nacional Argentino y luego la Marcha de San Lorenzo, para recibir un nuevo 17 de agosto, fecha de otro aniversario del fallecimiento del Libertador.<\/p>\n<p>Seguidamente, Vald\u00e9s hizo entrega de un subsidio de 20 millones de pesos a la Municipalidad local, destinado a la organizaci\u00f3n del evento, el cual fue recibido por la intendenta de Yapey\u00fa, Marisol Fagundez. La misma expres\u00f3 ante el p\u00fablico que \u201csi no rendimos homenaje al General San Mart\u00edn, esto no es Yapey\u00fa, as\u00ed que viva la Patria por el legado que nos dej\u00f3\u201d.<\/p>\n<p><img loading=\"lazy\" decoding=\"async\" class=\"alignnone size-full wp-image-41772\" src=\"http:\/\/www.radiohorizonte.fm\/radio\/wp-content\/uploads\/2023\/08\/imagen-48487.jpg\" alt=\"\" width=\"1280\" height=\"853\" srcset=\"http:\/\/www.radiohorizonte.fm\/radio\/wp-content\/uploads\/2023\/08\/imagen-48487.jpg 1280w, http:\/\/www.radiohorizonte.fm\/radio\/wp-content\/uploads\/2023\/08\/imagen-48487-300x200.jpg 300w, http:\/\/www.radiohorizonte.fm\/radio\/wp-content\/uploads\/2023\/08\/imagen-48487-768x512.jpg 768w, http:\/\/www.radiohorizonte.fm\/radio\/wp-content\/uploads\/2023\/08\/imagen-48487-1024x682.jpg 1024w, http:\/\/www.radiohorizonte.fm\/radio\/wp-content\/uploads\/2023\/08\/imagen-48487-65x43.jpg 65w, http:\/\/www.radiohorizonte.fm\/radio\/wp-content\/uploads\/2023\/08\/imagen-48487-85x57.jpg 85w, http:\/\/www.radiohorizonte.fm\/radio\/wp-content\/uploads\/2023\/08\/imagen-48487-188x125.jpg 188w, http:\/\/www.radiohorizonte.fm\/radio\/wp-content\/uploads\/2023\/08\/imagen-48487-90x60.jpg 90w\" sizes=\"auto, (max-width: 1280px) 100vw, 1280px\" \/><\/p>\n<p>Se\u00f1al\u00f3 que \u201cesto no se puede explicar, porque cuando vemos todos estos j\u00f3venes cantando el Himno con tanto fervor y patriotismo, sabemos que nuestra Argentina tiene futuro\u201d. Pidi\u00f3 asimismo que \u201cnunca dejen morir esos valores sanmartinianos que tanta falta nos hace hoy\u201d, y agreg\u00f3 particularmente para los j\u00f3venes, que \u201ccada uno de ustedes tienen que ser transmisores de esos valores que nos dej\u00f3 San Mart\u00edn\u201d.<\/p>\n<p>Por su parte, el Gobernador remarc\u00f3 que \u201choy como todos los a\u00f1os venimos a juntarnos, a reunirnos para honrar al Padre de la Patria, que nos leg\u00f3 el ejemplo, su hombr\u00eda de bien, su compromiso con la Patria y su hidalgu\u00eda\u201d. Se pregunt\u00f3 as\u00ed, \u201c\u00bfcu\u00e1nto necesitamos hoy en nuestra Patria el ejemplo de San Mart\u00edn?\u201d y le dedic\u00f3 unas palabras directamente al Libertador: \u201cChe General, nosotros estamos presentes y vamos a construir la Patria que nos merecemos\u201d, para cerrar al grito de \u201c\u00a1viva la Patria correntinos!\u201d.<\/p>\n<p>Algunos de los artistas que pasaron por el escenario durante la velada que se extendi\u00f3 hasta la madrugada de este jueves, fueron los G\u00fcepa Che, Mat\u00edas Valdez, Taiel M\u00e1rquez y DJ Guillermo Atencio.<\/p>\n<p>Acompa\u00f1aron al primer Mandatario, los ministros de Desarrollo Social, Ad\u00e1n Gaya; de Justicia, Juan Jos\u00e9 L\u00f3pez Desimoni; Industria, Trabajo y Comercio, Mariel Gabur; y de Educaci\u00f3n, Pr\u00e1xedes L\u00f3pez, entre otras autoridades provinciales y municipales. Para este jueves a partir de las 15 horas, se espera el inicio del acto oficial por el 173\u00b0 aniversario del paso a la inmortalidad de San Mart\u00edn, en la Plaza de Armas, seguido del desfile c\u00edvico militar.<\/p>\n","protected":false},"excerpt":{"rendered":"<div class=\"post-excerpt\"><p>El gobernador Gustavo Vald\u00e9s particip\u00f3 este mi\u00e9rcoles por la noche del tradicional Festival del Libertador en Yapey\u00fa, evento en el cual a las 00 horas ya de este jueves, se enton\u00f3 el Himno Nacional al cumplirse 173 a\u00f1os del paso a la inmortalidad de General Jos\u00e9 Francisco de San Mart\u00edn, nacido en esa tierra. Se<\/p>\n<\/div>","protected":false},"author":2,"featured_media":41771,"comment_status":"closed","ping_status":"closed","sticky":false,"template":"","format":"standard","meta":{"_acf_changed":false,"footnotes":""},"categories":[2],"tags":[],"class_list":["post-41770","post","type-post","status-publish","format-standard","has-post-thumbnail","hentry","category-noticias"],"acf":[],"yoast_head":"<!-- This site is optimized with the Yoast SEO plugin v28.1 - https:\/\/yoast.com\/product\/yoast-seo-wordpress\/ -->\n<title>Con gran marco de p\u00fablico, Vald\u00e9s particip\u00f3 del Festival del Libertador en Yapey\u00fa - Horizonte<\/title>\n<meta name=\"robots\" content=\"index, follow, max-snippet:-1, max-image-preview:large, max-video-preview:-1\" \/>\n<link rel=\"canonical\" href=\"http:\/\/www.radiohorizonte.fm\/radio\/2023\/08\/17\/con-gran-marco-de-publico-valdes-participo-del-festival-del-libertador-en-yapeyu\/\" \/>\n<meta property=\"og:locale\" content=\"es_ES\" \/>\n<meta property=\"og:type\" content=\"article\" \/>\n<meta property=\"og:title\" content=\"Con gran marco de p\u00fablico, Vald\u00e9s particip\u00f3 del Festival del Libertador en Yapey\u00fa - Horizonte\" \/>\n<meta property=\"og:description\" content=\"El gobernador Gustavo Vald\u00e9s particip\u00f3 este mi\u00e9rcoles por la noche del tradicional Festival del Libertador en Yapey\u00fa, evento en el cual a las 00 horas ya de este jueves, se enton\u00f3 el Himno Nacional al cumplirse 173 a\u00f1os del paso a la inmortalidad de General Jos\u00e9 Francisco de San Mart\u00edn, nacido en esa tierra. Se\" \/>\n<meta property=\"og:url\" content=\"http:\/\/www.radiohorizonte.fm\/radio\/2023\/08\/17\/con-gran-marco-de-publico-valdes-participo-del-festival-del-libertador-en-yapeyu\/\" \/>\n<meta property=\"og:site_name\" content=\"Horizonte\" \/>\n<meta property=\"article:publisher\" content=\"http:\/\/www.facebook.com\/HORIZONTE106.1\" \/>\n<meta property=\"article:published_time\" content=\"2023-08-17T10:17:16+00:00\" \/>\n<meta property=\"og:image\" content=\"http:\/\/www.radiohorizonte.fm\/radio\/wp-content\/uploads\/2023\/08\/imagen-48488.jpg\" \/>\n\t<meta property=\"og:image:width\" content=\"1280\" \/>\n\t<meta property=\"og:image:height\" content=\"853\" \/>\n\t<meta property=\"og:image:type\" content=\"image\/jpeg\" \/>\n<meta name=\"author\" content=\"Cristian Galarza\" \/>\n<meta name=\"twitter:card\" content=\"summary_large_image\" \/>\n<meta name=\"twitter:creator\" content=\"@fmhorizonte1061\" \/>\n<meta name=\"twitter:site\" content=\"@fmhorizonte1061\" \/>\n<meta name=\"twitter:label1\" content=\"Escrito por\" \/>\n\t<meta name=\"twitter:data1\" content=\"Cristian Galarza\" \/>\n\t<meta name=\"twitter:label2\" content=\"Tiempo de lectura\" \/>\n\t<meta name=\"twitter:data2\" content=\"3 minutos\" \/>\n<script type=\"application\/ld+json\" class=\"yoast-schema-graph\">{\"@context\":\"https:\\\/\\\/schema.org\",\"@graph\":[{\"@type\":\"Article\",\"@id\":\"http:\\\/\\\/www.radiohorizonte.fm\\\/radio\\\/2023\\\/08\\\/17\\\/con-gran-marco-de-publico-valdes-participo-del-festival-del-libertador-en-yapeyu\\\/#article\",\"isPartOf\":{\"@id\":\"http:\\\/\\\/www.radiohorizonte.fm\\\/radio\\\/2023\\\/08\\\/17\\\/con-gran-marco-de-publico-valdes-participo-del-festival-del-libertador-en-yapeyu\\\/\"},\"author\":{\"name\":\"Cristian Galarza\",\"@id\":\"http:\\\/\\\/www.radiohorizonte.fm\\\/radio\\\/#\\\/schema\\\/person\\\/f8fa003a405bb86729fd87d15d0ddafa\"},\"headline\":\"Con gran marco de p\u00fablico, Vald\u00e9s particip\u00f3 del Festival del Libertador en Yapey\u00fa\",\"datePublished\":\"2023-08-17T10:17:16+00:00\",\"mainEntityOfPage\":{\"@id\":\"http:\\\/\\\/www.radiohorizonte.fm\\\/radio\\\/2023\\\/08\\\/17\\\/con-gran-marco-de-publico-valdes-participo-del-festival-del-libertador-en-yapeyu\\\/\"},\"wordCount\":537,\"publisher\":{\"@id\":\"http:\\\/\\\/www.radiohorizonte.fm\\\/radio\\\/#organization\"},\"image\":{\"@id\":\"http:\\\/\\\/www.radiohorizonte.fm\\\/radio\\\/2023\\\/08\\\/17\\\/con-gran-marco-de-publico-valdes-participo-del-festival-del-libertador-en-yapeyu\\\/#primaryimage\"},\"thumbnailUrl\":\"http:\\\/\\\/www.radiohorizonte.fm\\\/radio\\\/wp-content\\\/uploads\\\/2023\\\/08\\\/imagen-48488.jpg\",\"articleSection\":[\"Noticias\"],\"inLanguage\":\"es-AR\"},{\"@type\":\"WebPage\",\"@id\":\"http:\\\/\\\/www.radiohorizonte.fm\\\/radio\\\/2023\\\/08\\\/17\\\/con-gran-marco-de-publico-valdes-participo-del-festival-del-libertador-en-yapeyu\\\/\",\"url\":\"http:\\\/\\\/www.radiohorizonte.fm\\\/radio\\\/2023\\\/08\\\/17\\\/con-gran-marco-de-publico-valdes-participo-del-festival-del-libertador-en-yapeyu\\\/\",\"name\":\"Con gran marco de p\u00fablico, Vald\u00e9s particip\u00f3 del Festival del Libertador en Yapey\u00fa - Horizonte\",\"isPartOf\":{\"@id\":\"http:\\\/\\\/www.radiohorizonte.fm\\\/radio\\\/#website\"},\"primaryImageOfPage\":{\"@id\":\"http:\\\/\\\/www.radiohorizonte.fm\\\/radio\\\/2023\\\/08\\\/17\\\/con-gran-marco-de-publico-valdes-participo-del-festival-del-libertador-en-yapeyu\\\/#primaryimage\"},\"image\":{\"@id\":\"http:\\\/\\\/www.radiohorizonte.fm\\\/radio\\\/2023\\\/08\\\/17\\\/con-gran-marco-de-publico-valdes-participo-del-festival-del-libertador-en-yapeyu\\\/#primaryimage\"},\"thumbnailUrl\":\"http:\\\/\\\/www.radiohorizonte.fm\\\/radio\\\/wp-content\\\/uploads\\\/2023\\\/08\\\/imagen-48488.jpg\",\"datePublished\":\"2023-08-17T10:17:16+00:00\",\"breadcrumb\":{\"@id\":\"http:\\\/\\\/www.radiohorizonte.fm\\\/radio\\\/2023\\\/08\\\/17\\\/con-gran-marco-de-publico-valdes-participo-del-festival-del-libertador-en-yapeyu\\\/#breadcrumb\"},\"inLanguage\":\"es-AR\",\"potentialAction\":[{\"@type\":\"ReadAction\",\"target\":[\"http:\\\/\\\/www.radiohorizonte.fm\\\/radio\\\/2023\\\/08\\\/17\\\/con-gran-marco-de-publico-valdes-participo-del-festival-del-libertador-en-yapeyu\\\/\"]}]},{\"@type\":\"ImageObject\",\"inLanguage\":\"es-AR\",\"@id\":\"http:\\\/\\\/www.radiohorizonte.fm\\\/radio\\\/2023\\\/08\\\/17\\\/con-gran-marco-de-publico-valdes-participo-del-festival-del-libertador-en-yapeyu\\\/#primaryimage\",\"url\":\"http:\\\/\\\/www.radiohorizonte.fm\\\/radio\\\/wp-content\\\/uploads\\\/2023\\\/08\\\/imagen-48488.jpg\",\"contentUrl\":\"http:\\\/\\\/www.radiohorizonte.fm\\\/radio\\\/wp-content\\\/uploads\\\/2023\\\/08\\\/imagen-48488.jpg\",\"width\":1280,\"height\":853},{\"@type\":\"BreadcrumbList\",\"@id\":\"http:\\\/\\\/www.radiohorizonte.fm\\\/radio\\\/2023\\\/08\\\/17\\\/con-gran-marco-de-publico-valdes-participo-del-festival-del-libertador-en-yapeyu\\\/#breadcrumb\",\"itemListElement\":[{\"@type\":\"ListItem\",\"position\":1,\"name\":\"Home\",\"item\":\"http:\\\/\\\/www.radiohorizonte.fm\\\/radio\\\/\"},{\"@type\":\"ListItem\",\"position\":2,\"name\":\"Con gran marco de p\u00fablico, Vald\u00e9s particip\u00f3 del Festival del Libertador en Yapey\u00fa\"}]},{\"@type\":\"WebSite\",\"@id\":\"http:\\\/\\\/www.radiohorizonte.fm\\\/radio\\\/#website\",\"url\":\"http:\\\/\\\/www.radiohorizonte.fm\\\/radio\\\/\",\"name\":\"Horizonte\",\"description\":\"Radio Horizonte 106.1 - Una radio de clasicos\",\"publisher\":{\"@id\":\"http:\\\/\\\/www.radiohorizonte.fm\\\/radio\\\/#organization\"},\"potentialAction\":[{\"@type\":\"SearchAction\",\"target\":{\"@type\":\"EntryPoint\",\"urlTemplate\":\"http:\\\/\\\/www.radiohorizonte.fm\\\/radio\\\/?s={search_term_string}\"},\"query-input\":{\"@type\":\"PropertyValueSpecification\",\"valueRequired\":true,\"valueName\":\"search_term_string\"}}],\"inLanguage\":\"es-AR\"},{\"@type\":\"Organization\",\"@id\":\"http:\\\/\\\/www.radiohorizonte.fm\\\/radio\\\/#organization\",\"name\":\"Horizonte\",\"url\":\"http:\\\/\\\/www.radiohorizonte.fm\\\/radio\\\/\",\"logo\":{\"@type\":\"ImageObject\",\"inLanguage\":\"es-AR\",\"@id\":\"http:\\\/\\\/www.radiohorizonte.fm\\\/radio\\\/#\\\/schema\\\/logo\\\/image\\\/\",\"url\":\"http:\\\/\\\/www.radiohorizonte.fm\\\/radio\\\/wp-content\\\/uploads\\\/2025\\\/06\\\/Portada-FM-Horizonte_modelo-imagen-scaled.jpg\",\"contentUrl\":\"http:\\\/\\\/www.radiohorizonte.fm\\\/radio\\\/wp-content\\\/uploads\\\/2025\\\/06\\\/Portada-FM-Horizonte_modelo-imagen-scaled.jpg\",\"width\":2560,\"height\":1056,\"caption\":\"Horizonte\"},\"image\":{\"@id\":\"http:\\\/\\\/www.radiohorizonte.fm\\\/radio\\\/#\\\/schema\\\/logo\\\/image\\\/\"},\"sameAs\":[\"http:\\\/\\\/www.facebook.com\\\/HORIZONTE106.1\",\"https:\\\/\\\/x.com\\\/fmhorizonte1061\"]},{\"@type\":\"Person\",\"@id\":\"http:\\\/\\\/www.radiohorizonte.fm\\\/radio\\\/#\\\/schema\\\/person\\\/f8fa003a405bb86729fd87d15d0ddafa\",\"name\":\"Cristian Galarza\",\"image\":{\"@type\":\"ImageObject\",\"inLanguage\":\"es-AR\",\"@id\":\"https:\\\/\\\/secure.gravatar.com\\\/avatar\\\/fad34bc2c773209c05d7d53b08a69b680eeb55f3be014e52b31643d20ab65925?s=96&d=mm&r=g\",\"url\":\"https:\\\/\\\/secure.gravatar.com\\\/avatar\\\/fad34bc2c773209c05d7d53b08a69b680eeb55f3be014e52b31643d20ab65925?s=96&d=mm&r=g\",\"contentUrl\":\"https:\\\/\\\/secure.gravatar.com\\\/avatar\\\/fad34bc2c773209c05d7d53b08a69b680eeb55f3be014e52b31643d20ab65925?s=96&d=mm&r=g\",\"caption\":\"Cristian Galarza\"},\"url\":\"http:\\\/\\\/www.radiohorizonte.fm\\\/radio\\\/author\\\/cristian\\\/\"}]}<\/script>\n<!-- \/ Yoast SEO plugin. -->","yoast_head_json":{"title":"Con gran marco de p\u00fablico, Vald\u00e9s particip\u00f3 del Festival del Libertador en Yapey\u00fa - Horizonte","robots":{"index":"index","follow":"follow","max-snippet":"max-snippet:-1","max-image-preview":"max-image-preview:large","max-video-preview":"max-video-preview:-1"},"canonical":"http:\/\/www.radiohorizonte.fm\/radio\/2023\/08\/17\/con-gran-marco-de-publico-valdes-participo-del-festival-del-libertador-en-yapeyu\/","og_locale":"es_ES","og_type":"article","og_title":"Con gran marco de p\u00fablico, Vald\u00e9s particip\u00f3 del Festival del Libertador en Yapey\u00fa - Horizonte","og_description":"El gobernador Gustavo Vald\u00e9s particip\u00f3 este mi\u00e9rcoles por la noche del tradicional Festival del Libertador en Yapey\u00fa, evento en el cual a las 00 horas ya de este jueves, se enton\u00f3 el Himno Nacional al cumplirse 173 a\u00f1os del paso a la inmortalidad de General Jos\u00e9 Francisco de San Mart\u00edn, nacido en esa tierra. Se","og_url":"http:\/\/www.radiohorizonte.fm\/radio\/2023\/08\/17\/con-gran-marco-de-publico-valdes-participo-del-festival-del-libertador-en-yapeyu\/","og_site_name":"Horizonte","article_publisher":"http:\/\/www.facebook.com\/HORIZONTE106.1","article_published_time":"2023-08-17T10:17:16+00:00","og_image":[{"width":1280,"height":853,"url":"http:\/\/www.radiohorizonte.fm\/radio\/wp-content\/uploads\/2023\/08\/imagen-48488.jpg","type":"image\/jpeg"}],"author":"Cristian Galarza","twitter_card":"summary_large_image","twitter_creator":"@fmhorizonte1061","twitter_site":"@fmhorizonte1061","twitter_misc":{"Escrito por":"Cristian Galarza","Tiempo de lectura":"3 minutos"},"schema":{"@context":"https:\/\/schema.org","@graph":[{"@type":"Article","@id":"http:\/\/www.radiohorizonte.fm\/radio\/2023\/08\/17\/con-gran-marco-de-publico-valdes-participo-del-festival-del-libertador-en-yapeyu\/#article","isPartOf":{"@id":"http:\/\/www.radiohorizonte.fm\/radio\/2023\/08\/17\/con-gran-marco-de-publico-valdes-participo-del-festival-del-libertador-en-yapeyu\/"},"author":{"name":"Cristian Galarza","@id":"http:\/\/www.radiohorizonte.fm\/radio\/#\/schema\/person\/f8fa003a405bb86729fd87d15d0ddafa"},"headline":"Con gran marco de p\u00fablico, Vald\u00e9s particip\u00f3 del Festival del Libertador en Yapey\u00fa","datePublished":"2023-08-17T10:17:16+00:00","mainEntityOfPage":{"@id":"http:\/\/www.radiohorizonte.fm\/radio\/2023\/08\/17\/con-gran-marco-de-publico-valdes-participo-del-festival-del-libertador-en-yapeyu\/"},"wordCount":537,"publisher":{"@id":"http:\/\/www.radiohorizonte.fm\/radio\/#organization"},"image":{"@id":"http:\/\/www.radiohorizonte.fm\/radio\/2023\/08\/17\/con-gran-marco-de-publico-valdes-participo-del-festival-del-libertador-en-yapeyu\/#primaryimage"},"thumbnailUrl":"http:\/\/www.radiohorizonte.fm\/radio\/wp-content\/uploads\/2023\/08\/imagen-48488.jpg","articleSection":["Noticias"],"inLanguage":"es-AR"},{"@type":"WebPage","@id":"http:\/\/www.radiohorizonte.fm\/radio\/2023\/08\/17\/con-gran-marco-de-publico-valdes-participo-del-festival-del-libertador-en-yapeyu\/","url":"http:\/\/www.radiohorizonte.fm\/radio\/2023\/08\/17\/con-gran-marco-de-publico-valdes-participo-del-festival-del-libertador-en-yapeyu\/","name":"Con gran marco de p\u00fablico, Vald\u00e9s particip\u00f3 del Festival del Libertador en Yapey\u00fa - Horizonte","isPartOf":{"@id":"http:\/\/www.radiohorizonte.fm\/radio\/#website"},"primaryImageOfPage":{"@id":"http:\/\/www.radiohorizonte.fm\/radio\/2023\/08\/17\/con-gran-marco-de-publico-valdes-participo-del-festival-del-libertador-en-yapeyu\/#primaryimage"},"image":{"@id":"http:\/\/www.radiohorizonte.fm\/radio\/2023\/08\/17\/con-gran-marco-de-publico-valdes-participo-del-festival-del-libertador-en-yapeyu\/#primaryimage"},"thumbnailUrl":"http:\/\/www.radiohorizonte.fm\/radio\/wp-content\/uploads\/2023\/08\/imagen-48488.jpg","datePublished":"2023-08-17T10:17:16+00:00","breadcrumb":{"@id":"http:\/\/www.radiohorizonte.fm\/radio\/2023\/08\/17\/con-gran-marco-de-publico-valdes-participo-del-festival-del-libertador-en-yapeyu\/#breadcrumb"},"inLanguage":"es-AR","potentialAction":[{"@type":"ReadAction","target":["http:\/\/www.radiohorizonte.fm\/radio\/2023\/08\/17\/con-gran-marco-de-publico-valdes-participo-del-festival-del-libertador-en-yapeyu\/"]}]},{"@type":"ImageObject","inLanguage":"es-AR","@id":"http:\/\/www.radiohorizonte.fm\/radio\/2023\/08\/17\/con-gran-marco-de-publico-valdes-participo-del-festival-del-libertador-en-yapeyu\/#primaryimage","url":"http:\/\/www.radiohorizonte.fm\/radio\/wp-content\/uploads\/2023\/08\/imagen-48488.jpg","contentUrl":"http:\/\/www.radiohorizonte.fm\/radio\/wp-content\/uploads\/2023\/08\/imagen-48488.jpg","width":1280,"height":853},{"@type":"BreadcrumbList","@id":"http:\/\/www.radiohorizonte.fm\/radio\/2023\/08\/17\/con-gran-marco-de-publico-valdes-participo-del-festival-del-libertador-en-yapeyu\/#breadcrumb","itemListElement":[{"@type":"ListItem","position":1,"name":"Home","item":"http:\/\/www.radiohorizonte.fm\/radio\/"},{"@type":"ListItem","position":2,"name":"Con gran marco de p\u00fablico, Vald\u00e9s particip\u00f3 del Festival del Libertador en Yapey\u00fa"}]},{"@type":"WebSite","@id":"http:\/\/www.radiohorizonte.fm\/radio\/#website","url":"http:\/\/www.radiohorizonte.fm\/radio\/","name":"Horizonte","description":"Radio Horizonte 106.1 - Una radio de clasicos","publisher":{"@id":"http:\/\/www.radiohorizonte.fm\/radio\/#organization"},"potentialAction":[{"@type":"SearchAction","target":{"@type":"EntryPoint","urlTemplate":"http:\/\/www.radiohorizonte.fm\/radio\/?s={search_term_string}"},"query-input":{"@type":"PropertyValueSpecification","valueRequired":true,"valueName":"search_term_string"}}],"inLanguage":"es-AR"},{"@type":"Organization","@id":"http:\/\/www.radiohorizonte.fm\/radio\/#organization","name":"Horizonte","url":"http:\/\/www.radiohorizonte.fm\/radio\/","logo":{"@type":"ImageObject","inLanguage":"es-AR","@id":"http:\/\/www.radiohorizonte.fm\/radio\/#\/schema\/logo\/image\/","url":"http:\/\/www.radiohorizonte.fm\/radio\/wp-content\/uploads\/2025\/06\/Portada-FM-Horizonte_modelo-imagen-scaled.jpg","contentUrl":"http:\/\/www.radiohorizonte.fm\/radio\/wp-content\/uploads\/2025\/06\/Portada-FM-Horizonte_modelo-imagen-scaled.jpg","width":2560,"height":1056,"caption":"Horizonte"},"image":{"@id":"http:\/\/www.radiohorizonte.fm\/radio\/#\/schema\/logo\/image\/"},"sameAs":["http:\/\/www.facebook.com\/HORIZONTE106.1","https:\/\/x.com\/fmhorizonte1061"]},{"@type":"Person","@id":"http:\/\/www.radiohorizonte.fm\/radio\/#\/schema\/person\/f8fa003a405bb86729fd87d15d0ddafa","name":"Cristian Galarza","image":{"@type":"ImageObject","inLanguage":"es-AR","@id":"https:\/\/secure.gravatar.com\/avatar\/fad34bc2c773209c05d7d53b08a69b680eeb55f3be014e52b31643d20ab65925?s=96&d=mm&r=g","url":"https:\/\/secure.gravatar.com\/avatar\/fad34bc2c773209c05d7d53b08a69b680eeb55f3be014e52b31643d20ab65925?s=96&d=mm&r=g","contentUrl":"https:\/\/secure.gravatar.com\/avatar\/fad34bc2c773209c05d7d53b08a69b680eeb55f3be014e52b31643d20ab65925?s=96&d=mm&r=g","caption":"Cristian Galarza"},"url":"http:\/\/www.radiohorizonte.fm\/radio\/author\/cristian\/"}]}},"_links":{"self":[{"href":"http:\/\/www.radiohorizonte.fm\/radio\/wp-json\/wp\/v2\/posts\/41770","targetHints":{"allow":["GET"]}}],"collection":[{"href":"http:\/\/www.radiohorizonte.fm\/radio\/wp-json\/wp\/v2\/posts"}],"about":[{"href":"http:\/\/www.radiohorizonte.fm\/radio\/wp-json\/wp\/v2\/types\/post"}],"author":[{"embeddable":true,"href":"http:\/\/www.radiohorizonte.fm\/radio\/wp-json\/wp\/v2\/users\/2"}],"replies":[{"embeddable":true,"href":"http:\/\/www.radiohorizonte.fm\/radio\/wp-json\/wp\/v2\/comments?post=41770"}],"version-history":[{"count":1,"href":"http:\/\/www.radiohorizonte.fm\/radio\/wp-json\/wp\/v2\/posts\/41770\/revisions"}],"predecessor-version":[{"id":41773,"href":"http:\/\/www.radiohorizonte.fm\/radio\/wp-json\/wp\/v2\/posts\/41770\/revisions\/41773"}],"wp:featuredmedia":[{"embeddable":true,"href":"http:\/\/www.radiohorizonte.fm\/radio\/wp-json\/wp\/v2\/media\/41771"}],"wp:attachment":[{"href":"http:\/\/www.radiohorizonte.fm\/radio\/wp-json\/wp\/v2\/media?parent=41770"}],"wp:term":[{"taxonomy":"category","embeddable":true,"href":"http:\/\/www.radiohorizonte.fm\/radio\/wp-json\/wp\/v2\/categories?post=41770"},{"taxonomy":"post_tag","embeddable":true,"href":"http:\/\/www.radiohorizonte.fm\/radio\/wp-json\/wp\/v2\/tags?post=41770"}],"curies":[{"name":"wp","href":"https:\/\/api.w.org\/{rel}","templated":true}]}}