{"id":41785,"date":"2023-08-18T07:22:49","date_gmt":"2023-08-18T10:22:49","guid":{"rendered":"http:\/\/www.radiohorizonte.fm\/radio\/?p=41785"},"modified":"2023-08-18T07:22:49","modified_gmt":"2023-08-18T10:22:49","slug":"canasta-basica-subio-71-en-julio-una-familia-tipo-necesito-casi-249-000-para-no-ser-pobre","status":"publish","type":"post","link":"http:\/\/www.radiohorizonte.fm\/radio\/2023\/08\/18\/canasta-basica-subio-71-en-julio-una-familia-tipo-necesito-casi-249-000-para-no-ser-pobre\/","title":{"rendered":"Canasta b\u00e1sica subi\u00f3 7,1% en julio: una familia tipo necesit\u00f3 casi $249.000 para no ser pobre"},"content":{"rendered":"<header class=\"news-headline\">\n<p class=\"news-headline__article-summary\">Adem\u00e1s, la canasta alimentaria (CBA) aument\u00f3 yambi\u00e9n 7,1% en julio, por lo que un grupo familiar compuesto por dos adultos y dos menores necesit\u00f3 percibir ingresos por $111.642 para no caer en la indigencia, inform\u00f3 el INDEC.<\/p>\n<p><img loading=\"lazy\" decoding=\"async\" class=\"alignnone size-full wp-image-9310\" src=\"http:\/\/www.radiohorizonte.fm\/radio\/wp-content\/uploads\/2017\/09\/canasta.jpg\" alt=\"\" width=\"640\" height=\"360\" srcset=\"http:\/\/www.radiohorizonte.fm\/radio\/wp-content\/uploads\/2017\/09\/canasta.jpg 640w, http:\/\/www.radiohorizonte.fm\/radio\/wp-content\/uploads\/2017\/09\/canasta-300x169.jpg 300w, http:\/\/www.radiohorizonte.fm\/radio\/wp-content\/uploads\/2017\/09\/canasta-65x37.jpg 65w, http:\/\/www.radiohorizonte.fm\/radio\/wp-content\/uploads\/2017\/09\/canasta-320x180.jpg 320w, http:\/\/www.radiohorizonte.fm\/radio\/wp-content\/uploads\/2017\/09\/canasta-85x48.jpg 85w, http:\/\/www.radiohorizonte.fm\/radio\/wp-content\/uploads\/2017\/09\/canasta-220x125.jpg 220w, http:\/\/www.radiohorizonte.fm\/radio\/wp-content\/uploads\/2017\/09\/canasta-90x51.jpg 90w\" sizes=\"auto, (max-width: 640px) 100vw, 640px\" \/><\/p>\n<p><strong>El costo de la\u00a0canasta b\u00e1sica\u00a0alimentaria (CBA) subi\u00f3 7,1% en julio<\/strong>, por lo que un grupo familiar compuesto por dos adultos y dos menores necesit\u00f3 percibir ingresos por\u00a0<strong>$111.642<\/strong>\u00a0para\u00a0<strong>no caer en la indigencia<\/strong>, inform\u00f3 este jueves el\u00a0<strong>Instituto Nacional de Estad\u00edstica y Censos (INDEC).<\/strong><\/p>\n<article class=\"article-body article-body--third-paragraph content-protected-false\">Por su parte<strong>, el costo de la canasta b\u00e1sica total (CBT),<\/strong>\u00a0que adem\u00e1s de alimentos mide precio de la indumentaria, transporte y servicios, tambi\u00e9n marc\u00f3 un\u00a0<strong>incremento de 7,1% en julio,\u00a0<\/strong>por lo que el mismo grupo familiar necesit\u00f3 contar con ingresos por\u00a0<strong>$248.962 para no caer debajo de la l\u00ednea de la pobreza.<\/strong><\/p>\n<\/article>\n<article class=\"article-body article-body--fourth-paragraph content-protected-false\"><\/article>\n<article class=\"article-body article-body--remaining-paragraph content-protected-false\">Esta informaci\u00f3n surge luego de que el marte el INDEC informara que la inflaci\u00f3n de julio fue de 6,3%.<\/p>\n<p>La divisi\u00f3n con mayor incidencia en en el<strong>\u00a0IPC de julio fue Alimentos y bebidas no alcoh\u00f3licas, con un aumento de 5,8%,<\/strong>\u00a0en el que se destacaron las subas en los precios de Pan y cereales, as\u00ed como de Carnes y derivados.<\/p>\n<p>Los productos que m\u00e1s se incrementaron fueron la\u00a0<strong>Papa (34,1%), Az\u00facar (17,1%), Yogurt firme (16,7%), Arroz blanco (12,4%), Leche entera en polvo (12%), Dulce de leche (10,8%) y el kilo de Lechuga (10,7%).<\/strong><\/p>\n<p>Frente a este contexto, el Gobierno alcanz\u00f3 el lunes un nuevo acuerdo de precios que implica\u00a0<strong>aumentos del 5% para los pr\u00f3ximos tres meses, a cambio de mejoras fiscales para las empresas que adhieran a la iniciativa.<\/strong><\/p>\n<p>De esta forma, en los primeros\u00a0<strong>siete meses<\/strong>\u00a0del a\u00f1o la\u00a0<strong>canasta alimentaria acumul\u00f3 un aument\u00f3 66,2%, mientras que la canasta b\u00e1sica total subi\u00f3 63,2%, frente a una la inflaci\u00f3n general de 60,2% en el mismo per\u00edodo.<\/strong><\/p>\n<p><strong>En tanto, en los \u00faltimos doce meses, el costo de la CBA avanz\u00f3 125,7 % y la CBT 123,7 %, mientras que en similar lapso la inflaci\u00f3n fue de 113,4%.<\/strong><\/p>\n<\/article>\n<\/header>\n","protected":false},"excerpt":{"rendered":"<div class=\"post-excerpt\"><p>Adem\u00e1s, la canasta alimentaria (CBA) aument\u00f3 yambi\u00e9n 7,1% en julio, por lo que un grupo familiar compuesto por dos adultos y dos menores necesit\u00f3 percibir ingresos por $111.642 para no caer en la indigencia, inform\u00f3 el INDEC. El costo de la\u00a0canasta b\u00e1sica\u00a0alimentaria (CBA) subi\u00f3 7,1% en julio, por lo que un grupo familiar compuesto por<\/p>\n<\/div>","protected":false},"author":2,"featured_media":10739,"comment_status":"closed","ping_status":"closed","sticky":false,"template":"","format":"standard","meta":{"_acf_changed":false,"footnotes":""},"categories":[2],"tags":[],"class_list":["post-41785","post","type-post","status-publish","format-standard","has-post-thumbnail","hentry","category-noticias"],"acf":[],"yoast_head":"<!-- This site is optimized with the Yoast SEO plugin v28.1 - https:\/\/yoast.com\/product\/yoast-seo-wordpress\/ -->\n<title>Canasta b\u00e1sica subi\u00f3 7,1% en julio: una familia tipo necesit\u00f3 casi $249.000 para no ser pobre - Horizonte<\/title>\n<meta name=\"robots\" content=\"index, follow, max-snippet:-1, max-image-preview:large, max-video-preview:-1\" \/>\n<link rel=\"canonical\" href=\"https:\/\/www.radiohorizonte.fm\/radio\/2023\/08\/18\/canasta-basica-subio-71-en-julio-una-familia-tipo-necesito-casi-249-000-para-no-ser-pobre\/\" \/>\n<meta property=\"og:locale\" content=\"es_ES\" \/>\n<meta property=\"og:type\" content=\"article\" \/>\n<meta property=\"og:title\" content=\"Canasta b\u00e1sica subi\u00f3 7,1% en julio: una familia tipo necesit\u00f3 casi $249.000 para no ser pobre - Horizonte\" \/>\n<meta property=\"og:description\" content=\"Adem\u00e1s, la canasta alimentaria (CBA) aument\u00f3 yambi\u00e9n 7,1% en julio, por lo que un grupo familiar compuesto por dos adultos y dos menores necesit\u00f3 percibir ingresos por $111.642 para no caer en la indigencia, inform\u00f3 el INDEC. El costo de la\u00a0canasta b\u00e1sica\u00a0alimentaria (CBA) subi\u00f3 7,1% en julio, por lo que un grupo familiar compuesto por\" \/>\n<meta property=\"og:url\" content=\"https:\/\/www.radiohorizonte.fm\/radio\/2023\/08\/18\/canasta-basica-subio-71-en-julio-una-familia-tipo-necesito-casi-249-000-para-no-ser-pobre\/\" \/>\n<meta property=\"og:site_name\" content=\"Horizonte\" \/>\n<meta property=\"article:publisher\" content=\"http:\/\/www.facebook.com\/HORIZONTE106.1\" \/>\n<meta property=\"article:published_time\" content=\"2023-08-18T10:22:49+00:00\" \/>\n<meta property=\"og:image\" content=\"https:\/\/www.radiohorizonte.fm\/radio\/wp-content\/uploads\/2017\/11\/canasta.jpg\" \/>\n\t<meta property=\"og:image:width\" content=\"768\" \/>\n\t<meta property=\"og:image:height\" content=\"415\" \/>\n\t<meta property=\"og:image:type\" content=\"image\/jpeg\" \/>\n<meta name=\"author\" content=\"Cristian Galarza\" \/>\n<meta name=\"twitter:card\" content=\"summary_large_image\" \/>\n<meta name=\"twitter:creator\" content=\"@fmhorizonte1061\" \/>\n<meta name=\"twitter:site\" content=\"@fmhorizonte1061\" \/>\n<meta name=\"twitter:label1\" content=\"Escrito por\" \/>\n\t<meta name=\"twitter:data1\" content=\"Cristian Galarza\" \/>\n\t<meta name=\"twitter:label2\" content=\"Tiempo de lectura\" \/>\n\t<meta name=\"twitter:data2\" content=\"2 minutos\" \/>\n<script type=\"application\/ld+json\" class=\"yoast-schema-graph\">{\"@context\":\"https:\\\/\\\/schema.org\",\"@graph\":[{\"@type\":\"Article\",\"@id\":\"https:\\\/\\\/www.radiohorizonte.fm\\\/radio\\\/2023\\\/08\\\/18\\\/canasta-basica-subio-71-en-julio-una-familia-tipo-necesito-casi-249-000-para-no-ser-pobre\\\/#article\",\"isPartOf\":{\"@id\":\"https:\\\/\\\/www.radiohorizonte.fm\\\/radio\\\/2023\\\/08\\\/18\\\/canasta-basica-subio-71-en-julio-una-familia-tipo-necesito-casi-249-000-para-no-ser-pobre\\\/\"},\"author\":{\"name\":\"Cristian Galarza\",\"@id\":\"http:\\\/\\\/www.radiohorizonte.fm\\\/radio\\\/#\\\/schema\\\/person\\\/f8fa003a405bb86729fd87d15d0ddafa\"},\"headline\":\"Canasta b\u00e1sica subi\u00f3 7,1% en julio: una familia tipo necesit\u00f3 casi $249.000 para no ser pobre\",\"datePublished\":\"2023-08-18T10:22:49+00:00\",\"mainEntityOfPage\":{\"@id\":\"https:\\\/\\\/www.radiohorizonte.fm\\\/radio\\\/2023\\\/08\\\/18\\\/canasta-basica-subio-71-en-julio-una-familia-tipo-necesito-casi-249-000-para-no-ser-pobre\\\/\"},\"wordCount\":347,\"publisher\":{\"@id\":\"http:\\\/\\\/www.radiohorizonte.fm\\\/radio\\\/#organization\"},\"image\":{\"@id\":\"https:\\\/\\\/www.radiohorizonte.fm\\\/radio\\\/2023\\\/08\\\/18\\\/canasta-basica-subio-71-en-julio-una-familia-tipo-necesito-casi-249-000-para-no-ser-pobre\\\/#primaryimage\"},\"thumbnailUrl\":\"http:\\\/\\\/www.radiohorizonte.fm\\\/radio\\\/wp-content\\\/uploads\\\/2017\\\/11\\\/canasta.jpg\",\"articleSection\":[\"Noticias\"],\"inLanguage\":\"es-AR\"},{\"@type\":\"WebPage\",\"@id\":\"https:\\\/\\\/www.radiohorizonte.fm\\\/radio\\\/2023\\\/08\\\/18\\\/canasta-basica-subio-71-en-julio-una-familia-tipo-necesito-casi-249-000-para-no-ser-pobre\\\/\",\"url\":\"https:\\\/\\\/www.radiohorizonte.fm\\\/radio\\\/2023\\\/08\\\/18\\\/canasta-basica-subio-71-en-julio-una-familia-tipo-necesito-casi-249-000-para-no-ser-pobre\\\/\",\"name\":\"Canasta b\u00e1sica subi\u00f3 7,1% en julio: una familia tipo necesit\u00f3 casi $249.000 para no ser pobre - Horizonte\",\"isPartOf\":{\"@id\":\"http:\\\/\\\/www.radiohorizonte.fm\\\/radio\\\/#website\"},\"primaryImageOfPage\":{\"@id\":\"https:\\\/\\\/www.radiohorizonte.fm\\\/radio\\\/2023\\\/08\\\/18\\\/canasta-basica-subio-71-en-julio-una-familia-tipo-necesito-casi-249-000-para-no-ser-pobre\\\/#primaryimage\"},\"image\":{\"@id\":\"https:\\\/\\\/www.radiohorizonte.fm\\\/radio\\\/2023\\\/08\\\/18\\\/canasta-basica-subio-71-en-julio-una-familia-tipo-necesito-casi-249-000-para-no-ser-pobre\\\/#primaryimage\"},\"thumbnailUrl\":\"http:\\\/\\\/www.radiohorizonte.fm\\\/radio\\\/wp-content\\\/uploads\\\/2017\\\/11\\\/canasta.jpg\",\"datePublished\":\"2023-08-18T10:22:49+00:00\",\"breadcrumb\":{\"@id\":\"https:\\\/\\\/www.radiohorizonte.fm\\\/radio\\\/2023\\\/08\\\/18\\\/canasta-basica-subio-71-en-julio-una-familia-tipo-necesito-casi-249-000-para-no-ser-pobre\\\/#breadcrumb\"},\"inLanguage\":\"es-AR\",\"potentialAction\":[{\"@type\":\"ReadAction\",\"target\":[\"https:\\\/\\\/www.radiohorizonte.fm\\\/radio\\\/2023\\\/08\\\/18\\\/canasta-basica-subio-71-en-julio-una-familia-tipo-necesito-casi-249-000-para-no-ser-pobre\\\/\"]}]},{\"@type\":\"ImageObject\",\"inLanguage\":\"es-AR\",\"@id\":\"https:\\\/\\\/www.radiohorizonte.fm\\\/radio\\\/2023\\\/08\\\/18\\\/canasta-basica-subio-71-en-julio-una-familia-tipo-necesito-casi-249-000-para-no-ser-pobre\\\/#primaryimage\",\"url\":\"http:\\\/\\\/www.radiohorizonte.fm\\\/radio\\\/wp-content\\\/uploads\\\/2017\\\/11\\\/canasta.jpg\",\"contentUrl\":\"http:\\\/\\\/www.radiohorizonte.fm\\\/radio\\\/wp-content\\\/uploads\\\/2017\\\/11\\\/canasta.jpg\",\"width\":768,\"height\":415},{\"@type\":\"BreadcrumbList\",\"@id\":\"https:\\\/\\\/www.radiohorizonte.fm\\\/radio\\\/2023\\\/08\\\/18\\\/canasta-basica-subio-71-en-julio-una-familia-tipo-necesito-casi-249-000-para-no-ser-pobre\\\/#breadcrumb\",\"itemListElement\":[{\"@type\":\"ListItem\",\"position\":1,\"name\":\"Home\",\"item\":\"http:\\\/\\\/www.radiohorizonte.fm\\\/radio\\\/\"},{\"@type\":\"ListItem\",\"position\":2,\"name\":\"Canasta b\u00e1sica subi\u00f3 7,1% en julio: una familia tipo necesit\u00f3 casi $249.000 para no ser pobre\"}]},{\"@type\":\"WebSite\",\"@id\":\"http:\\\/\\\/www.radiohorizonte.fm\\\/radio\\\/#website\",\"url\":\"http:\\\/\\\/www.radiohorizonte.fm\\\/radio\\\/\",\"name\":\"Horizonte\",\"description\":\"Radio Horizonte 106.1 - Una radio de clasicos\",\"publisher\":{\"@id\":\"http:\\\/\\\/www.radiohorizonte.fm\\\/radio\\\/#organization\"},\"potentialAction\":[{\"@type\":\"SearchAction\",\"target\":{\"@type\":\"EntryPoint\",\"urlTemplate\":\"http:\\\/\\\/www.radiohorizonte.fm\\\/radio\\\/?s={search_term_string}\"},\"query-input\":{\"@type\":\"PropertyValueSpecification\",\"valueRequired\":true,\"valueName\":\"search_term_string\"}}],\"inLanguage\":\"es-AR\"},{\"@type\":\"Organization\",\"@id\":\"http:\\\/\\\/www.radiohorizonte.fm\\\/radio\\\/#organization\",\"name\":\"Horizonte\",\"url\":\"http:\\\/\\\/www.radiohorizonte.fm\\\/radio\\\/\",\"logo\":{\"@type\":\"ImageObject\",\"inLanguage\":\"es-AR\",\"@id\":\"http:\\\/\\\/www.radiohorizonte.fm\\\/radio\\\/#\\\/schema\\\/logo\\\/image\\\/\",\"url\":\"http:\\\/\\\/www.radiohorizonte.fm\\\/radio\\\/wp-content\\\/uploads\\\/2025\\\/06\\\/Portada-FM-Horizonte_modelo-imagen-scaled.jpg\",\"contentUrl\":\"http:\\\/\\\/www.radiohorizonte.fm\\\/radio\\\/wp-content\\\/uploads\\\/2025\\\/06\\\/Portada-FM-Horizonte_modelo-imagen-scaled.jpg\",\"width\":2560,\"height\":1056,\"caption\":\"Horizonte\"},\"image\":{\"@id\":\"http:\\\/\\\/www.radiohorizonte.fm\\\/radio\\\/#\\\/schema\\\/logo\\\/image\\\/\"},\"sameAs\":[\"http:\\\/\\\/www.facebook.com\\\/HORIZONTE106.1\",\"https:\\\/\\\/x.com\\\/fmhorizonte1061\"]},{\"@type\":\"Person\",\"@id\":\"http:\\\/\\\/www.radiohorizonte.fm\\\/radio\\\/#\\\/schema\\\/person\\\/f8fa003a405bb86729fd87d15d0ddafa\",\"name\":\"Cristian Galarza\",\"image\":{\"@type\":\"ImageObject\",\"inLanguage\":\"es-AR\",\"@id\":\"https:\\\/\\\/secure.gravatar.com\\\/avatar\\\/fad34bc2c773209c05d7d53b08a69b680eeb55f3be014e52b31643d20ab65925?s=96&d=mm&r=g\",\"url\":\"https:\\\/\\\/secure.gravatar.com\\\/avatar\\\/fad34bc2c773209c05d7d53b08a69b680eeb55f3be014e52b31643d20ab65925?s=96&d=mm&r=g\",\"contentUrl\":\"https:\\\/\\\/secure.gravatar.com\\\/avatar\\\/fad34bc2c773209c05d7d53b08a69b680eeb55f3be014e52b31643d20ab65925?s=96&d=mm&r=g\",\"caption\":\"Cristian Galarza\"},\"url\":\"http:\\\/\\\/www.radiohorizonte.fm\\\/radio\\\/author\\\/cristian\\\/\"}]}<\/script>\n<!-- \/ Yoast SEO plugin. -->","yoast_head_json":{"title":"Canasta b\u00e1sica subi\u00f3 7,1% en julio: una familia tipo necesit\u00f3 casi $249.000 para no ser pobre - Horizonte","robots":{"index":"index","follow":"follow","max-snippet":"max-snippet:-1","max-image-preview":"max-image-preview:large","max-video-preview":"max-video-preview:-1"},"canonical":"https:\/\/www.radiohorizonte.fm\/radio\/2023\/08\/18\/canasta-basica-subio-71-en-julio-una-familia-tipo-necesito-casi-249-000-para-no-ser-pobre\/","og_locale":"es_ES","og_type":"article","og_title":"Canasta b\u00e1sica subi\u00f3 7,1% en julio: una familia tipo necesit\u00f3 casi $249.000 para no ser pobre - Horizonte","og_description":"Adem\u00e1s, la canasta alimentaria (CBA) aument\u00f3 yambi\u00e9n 7,1% en julio, por lo que un grupo familiar compuesto por dos adultos y dos menores necesit\u00f3 percibir ingresos por $111.642 para no caer en la indigencia, inform\u00f3 el INDEC. El costo de la\u00a0canasta b\u00e1sica\u00a0alimentaria (CBA) subi\u00f3 7,1% en julio, por lo que un grupo familiar compuesto por","og_url":"https:\/\/www.radiohorizonte.fm\/radio\/2023\/08\/18\/canasta-basica-subio-71-en-julio-una-familia-tipo-necesito-casi-249-000-para-no-ser-pobre\/","og_site_name":"Horizonte","article_publisher":"http:\/\/www.facebook.com\/HORIZONTE106.1","article_published_time":"2023-08-18T10:22:49+00:00","og_image":[{"width":768,"height":415,"url":"https:\/\/www.radiohorizonte.fm\/radio\/wp-content\/uploads\/2017\/11\/canasta.jpg","type":"image\/jpeg"}],"author":"Cristian Galarza","twitter_card":"summary_large_image","twitter_creator":"@fmhorizonte1061","twitter_site":"@fmhorizonte1061","twitter_misc":{"Escrito por":"Cristian Galarza","Tiempo de lectura":"2 minutos"},"schema":{"@context":"https:\/\/schema.org","@graph":[{"@type":"Article","@id":"https:\/\/www.radiohorizonte.fm\/radio\/2023\/08\/18\/canasta-basica-subio-71-en-julio-una-familia-tipo-necesito-casi-249-000-para-no-ser-pobre\/#article","isPartOf":{"@id":"https:\/\/www.radiohorizonte.fm\/radio\/2023\/08\/18\/canasta-basica-subio-71-en-julio-una-familia-tipo-necesito-casi-249-000-para-no-ser-pobre\/"},"author":{"name":"Cristian Galarza","@id":"http:\/\/www.radiohorizonte.fm\/radio\/#\/schema\/person\/f8fa003a405bb86729fd87d15d0ddafa"},"headline":"Canasta b\u00e1sica subi\u00f3 7,1% en julio: una familia tipo necesit\u00f3 casi $249.000 para no ser pobre","datePublished":"2023-08-18T10:22:49+00:00","mainEntityOfPage":{"@id":"https:\/\/www.radiohorizonte.fm\/radio\/2023\/08\/18\/canasta-basica-subio-71-en-julio-una-familia-tipo-necesito-casi-249-000-para-no-ser-pobre\/"},"wordCount":347,"publisher":{"@id":"http:\/\/www.radiohorizonte.fm\/radio\/#organization"},"image":{"@id":"https:\/\/www.radiohorizonte.fm\/radio\/2023\/08\/18\/canasta-basica-subio-71-en-julio-una-familia-tipo-necesito-casi-249-000-para-no-ser-pobre\/#primaryimage"},"thumbnailUrl":"http:\/\/www.radiohorizonte.fm\/radio\/wp-content\/uploads\/2017\/11\/canasta.jpg","articleSection":["Noticias"],"inLanguage":"es-AR"},{"@type":"WebPage","@id":"https:\/\/www.radiohorizonte.fm\/radio\/2023\/08\/18\/canasta-basica-subio-71-en-julio-una-familia-tipo-necesito-casi-249-000-para-no-ser-pobre\/","url":"https:\/\/www.radiohorizonte.fm\/radio\/2023\/08\/18\/canasta-basica-subio-71-en-julio-una-familia-tipo-necesito-casi-249-000-para-no-ser-pobre\/","name":"Canasta b\u00e1sica subi\u00f3 7,1% en julio: una familia tipo necesit\u00f3 casi $249.000 para no ser pobre - Horizonte","isPartOf":{"@id":"http:\/\/www.radiohorizonte.fm\/radio\/#website"},"primaryImageOfPage":{"@id":"https:\/\/www.radiohorizonte.fm\/radio\/2023\/08\/18\/canasta-basica-subio-71-en-julio-una-familia-tipo-necesito-casi-249-000-para-no-ser-pobre\/#primaryimage"},"image":{"@id":"https:\/\/www.radiohorizonte.fm\/radio\/2023\/08\/18\/canasta-basica-subio-71-en-julio-una-familia-tipo-necesito-casi-249-000-para-no-ser-pobre\/#primaryimage"},"thumbnailUrl":"http:\/\/www.radiohorizonte.fm\/radio\/wp-content\/uploads\/2017\/11\/canasta.jpg","datePublished":"2023-08-18T10:22:49+00:00","breadcrumb":{"@id":"https:\/\/www.radiohorizonte.fm\/radio\/2023\/08\/18\/canasta-basica-subio-71-en-julio-una-familia-tipo-necesito-casi-249-000-para-no-ser-pobre\/#breadcrumb"},"inLanguage":"es-AR","potentialAction":[{"@type":"ReadAction","target":["https:\/\/www.radiohorizonte.fm\/radio\/2023\/08\/18\/canasta-basica-subio-71-en-julio-una-familia-tipo-necesito-casi-249-000-para-no-ser-pobre\/"]}]},{"@type":"ImageObject","inLanguage":"es-AR","@id":"https:\/\/www.radiohorizonte.fm\/radio\/2023\/08\/18\/canasta-basica-subio-71-en-julio-una-familia-tipo-necesito-casi-249-000-para-no-ser-pobre\/#primaryimage","url":"http:\/\/www.radiohorizonte.fm\/radio\/wp-content\/uploads\/2017\/11\/canasta.jpg","contentUrl":"http:\/\/www.radiohorizonte.fm\/radio\/wp-content\/uploads\/2017\/11\/canasta.jpg","width":768,"height":415},{"@type":"BreadcrumbList","@id":"https:\/\/www.radiohorizonte.fm\/radio\/2023\/08\/18\/canasta-basica-subio-71-en-julio-una-familia-tipo-necesito-casi-249-000-para-no-ser-pobre\/#breadcrumb","itemListElement":[{"@type":"ListItem","position":1,"name":"Home","item":"http:\/\/www.radiohorizonte.fm\/radio\/"},{"@type":"ListItem","position":2,"name":"Canasta b\u00e1sica subi\u00f3 7,1% en julio: una familia tipo necesit\u00f3 casi $249.000 para no ser pobre"}]},{"@type":"WebSite","@id":"http:\/\/www.radiohorizonte.fm\/radio\/#website","url":"http:\/\/www.radiohorizonte.fm\/radio\/","name":"Horizonte","description":"Radio Horizonte 106.1 - Una radio de clasicos","publisher":{"@id":"http:\/\/www.radiohorizonte.fm\/radio\/#organization"},"potentialAction":[{"@type":"SearchAction","target":{"@type":"EntryPoint","urlTemplate":"http:\/\/www.radiohorizonte.fm\/radio\/?s={search_term_string}"},"query-input":{"@type":"PropertyValueSpecification","valueRequired":true,"valueName":"search_term_string"}}],"inLanguage":"es-AR"},{"@type":"Organization","@id":"http:\/\/www.radiohorizonte.fm\/radio\/#organization","name":"Horizonte","url":"http:\/\/www.radiohorizonte.fm\/radio\/","logo":{"@type":"ImageObject","inLanguage":"es-AR","@id":"http:\/\/www.radiohorizonte.fm\/radio\/#\/schema\/logo\/image\/","url":"http:\/\/www.radiohorizonte.fm\/radio\/wp-content\/uploads\/2025\/06\/Portada-FM-Horizonte_modelo-imagen-scaled.jpg","contentUrl":"http:\/\/www.radiohorizonte.fm\/radio\/wp-content\/uploads\/2025\/06\/Portada-FM-Horizonte_modelo-imagen-scaled.jpg","width":2560,"height":1056,"caption":"Horizonte"},"image":{"@id":"http:\/\/www.radiohorizonte.fm\/radio\/#\/schema\/logo\/image\/"},"sameAs":["http:\/\/www.facebook.com\/HORIZONTE106.1","https:\/\/x.com\/fmhorizonte1061"]},{"@type":"Person","@id":"http:\/\/www.radiohorizonte.fm\/radio\/#\/schema\/person\/f8fa003a405bb86729fd87d15d0ddafa","name":"Cristian Galarza","image":{"@type":"ImageObject","inLanguage":"es-AR","@id":"https:\/\/secure.gravatar.com\/avatar\/fad34bc2c773209c05d7d53b08a69b680eeb55f3be014e52b31643d20ab65925?s=96&d=mm&r=g","url":"https:\/\/secure.gravatar.com\/avatar\/fad34bc2c773209c05d7d53b08a69b680eeb55f3be014e52b31643d20ab65925?s=96&d=mm&r=g","contentUrl":"https:\/\/secure.gravatar.com\/avatar\/fad34bc2c773209c05d7d53b08a69b680eeb55f3be014e52b31643d20ab65925?s=96&d=mm&r=g","caption":"Cristian Galarza"},"url":"http:\/\/www.radiohorizonte.fm\/radio\/author\/cristian\/"}]}},"_links":{"self":[{"href":"http:\/\/www.radiohorizonte.fm\/radio\/wp-json\/wp\/v2\/posts\/41785","targetHints":{"allow":["GET"]}}],"collection":[{"href":"http:\/\/www.radiohorizonte.fm\/radio\/wp-json\/wp\/v2\/posts"}],"about":[{"href":"http:\/\/www.radiohorizonte.fm\/radio\/wp-json\/wp\/v2\/types\/post"}],"author":[{"embeddable":true,"href":"http:\/\/www.radiohorizonte.fm\/radio\/wp-json\/wp\/v2\/users\/2"}],"replies":[{"embeddable":true,"href":"http:\/\/www.radiohorizonte.fm\/radio\/wp-json\/wp\/v2\/comments?post=41785"}],"version-history":[{"count":1,"href":"http:\/\/www.radiohorizonte.fm\/radio\/wp-json\/wp\/v2\/posts\/41785\/revisions"}],"predecessor-version":[{"id":41786,"href":"http:\/\/www.radiohorizonte.fm\/radio\/wp-json\/wp\/v2\/posts\/41785\/revisions\/41786"}],"wp:featuredmedia":[{"embeddable":true,"href":"http:\/\/www.radiohorizonte.fm\/radio\/wp-json\/wp\/v2\/media\/10739"}],"wp:attachment":[{"href":"http:\/\/www.radiohorizonte.fm\/radio\/wp-json\/wp\/v2\/media?parent=41785"}],"wp:term":[{"taxonomy":"category","embeddable":true,"href":"http:\/\/www.radiohorizonte.fm\/radio\/wp-json\/wp\/v2\/categories?post=41785"},{"taxonomy":"post_tag","embeddable":true,"href":"http:\/\/www.radiohorizonte.fm\/radio\/wp-json\/wp\/v2\/tags?post=41785"}],"curies":[{"name":"wp","href":"https:\/\/api.w.org\/{rel}","templated":true}]}}