{"id":41787,"date":"2023-08-18T07:00:22","date_gmt":"2023-08-18T10:00:22","guid":{"rendered":"http:\/\/www.radiohorizonte.fm\/radio\/?p=41787"},"modified":"2023-08-18T07:27:06","modified_gmt":"2023-08-18T10:27:06","slug":"en-yapeyu-valdes-insto-tomar-el-ejemplo-de-san-martin-y-actuar-con-racionalidad-coraje-y-vision-para-sacar-al-pais-adelante","status":"publish","type":"post","link":"http:\/\/www.radiohorizonte.fm\/radio\/2023\/08\/18\/en-yapeyu-valdes-insto-tomar-el-ejemplo-de-san-martin-y-actuar-con-racionalidad-coraje-y-vision-para-sacar-al-pais-adelante\/","title":{"rendered":"En Yapey\u00fa, Vald\u00e9s inst\u00f3 a tomar el ejemplo de San Mart\u00edn y actuar \u201ccon racionalidad, coraje y visi\u00f3n\u201d para sacar al pa\u00eds adelante"},"content":{"rendered":"<p>El gobernador Gustavo Vald\u00e9s encabez\u00f3 este jueves en Yapey\u00fa el acto central por el 173\u00b0 aniversario del Paso a la Inmortalidad del General Jos\u00e9 Francisco de San Mart\u00edn. Con un mensaje enraizado en la historia y la actualidad del pa\u00eds, el mandatario destac\u00f3 la importancia de recordar la obra y los valores del pr\u00f3cer y su influencia en los momentos desafiantes que enfrenta la naci\u00f3n. &#8220;Actuemos con racionalidad, con coraje, con visi\u00f3n estrat\u00e9gica, con honestidad, y solidaridad para sacar a nuestra Argentina adelante&#8221;, exhort\u00f3.<\/p>\n<p><img loading=\"lazy\" decoding=\"async\" class=\"alignnone size-full wp-image-41788\" src=\"http:\/\/www.radiohorizonte.fm\/radio\/wp-content\/uploads\/2023\/08\/imagen-48502.jpg\" alt=\"\" width=\"1599\" height=\"1066\" srcset=\"http:\/\/www.radiohorizonte.fm\/radio\/wp-content\/uploads\/2023\/08\/imagen-48502.jpg 1599w, http:\/\/www.radiohorizonte.fm\/radio\/wp-content\/uploads\/2023\/08\/imagen-48502-300x200.jpg 300w, http:\/\/www.radiohorizonte.fm\/radio\/wp-content\/uploads\/2023\/08\/imagen-48502-768x512.jpg 768w, http:\/\/www.radiohorizonte.fm\/radio\/wp-content\/uploads\/2023\/08\/imagen-48502-1024x683.jpg 1024w, http:\/\/www.radiohorizonte.fm\/radio\/wp-content\/uploads\/2023\/08\/imagen-48502-65x43.jpg 65w, http:\/\/www.radiohorizonte.fm\/radio\/wp-content\/uploads\/2023\/08\/imagen-48502-85x57.jpg 85w, http:\/\/www.radiohorizonte.fm\/radio\/wp-content\/uploads\/2023\/08\/imagen-48502-188x125.jpg 188w, http:\/\/www.radiohorizonte.fm\/radio\/wp-content\/uploads\/2023\/08\/imagen-48502-90x60.jpg 90w\" sizes=\"auto, (max-width: 1599px) 100vw, 1599px\" \/><\/p>\n<p>Para dar inicio al acto, el jefe de la Agrupaci\u00f3n Libertador, teniente coronel Agust\u00edn Luzuriaga present\u00f3 a los efectivos formados al gobernador de la provincia Gustavo Vald\u00e9s, quien pas\u00f3 revista y salud\u00f3 a la formaci\u00f3n acompa\u00f1ado por el comandante de la Primera Divisi\u00f3n de Ej\u00e9rcito General de Brigada, Aldo Ferrari y la intendenta de Yapey\u00fa, Marisol Fag\u00fandez.<\/p>\n<p><img loading=\"lazy\" decoding=\"async\" class=\"alignnone size-full wp-image-41789\" src=\"http:\/\/www.radiohorizonte.fm\/radio\/wp-content\/uploads\/2023\/08\/imagen-48504.jpg\" alt=\"\" width=\"1599\" height=\"1066\" srcset=\"http:\/\/www.radiohorizonte.fm\/radio\/wp-content\/uploads\/2023\/08\/imagen-48504.jpg 1599w, http:\/\/www.radiohorizonte.fm\/radio\/wp-content\/uploads\/2023\/08\/imagen-48504-300x200.jpg 300w, http:\/\/www.radiohorizonte.fm\/radio\/wp-content\/uploads\/2023\/08\/imagen-48504-768x512.jpg 768w, http:\/\/www.radiohorizonte.fm\/radio\/wp-content\/uploads\/2023\/08\/imagen-48504-1024x683.jpg 1024w, http:\/\/www.radiohorizonte.fm\/radio\/wp-content\/uploads\/2023\/08\/imagen-48504-65x43.jpg 65w, http:\/\/www.radiohorizonte.fm\/radio\/wp-content\/uploads\/2023\/08\/imagen-48504-85x57.jpg 85w, http:\/\/www.radiohorizonte.fm\/radio\/wp-content\/uploads\/2023\/08\/imagen-48504-188x125.jpg 188w, http:\/\/www.radiohorizonte.fm\/radio\/wp-content\/uploads\/2023\/08\/imagen-48504-90x60.jpg 90w\" sizes=\"auto, (max-width: 1599px) 100vw, 1599px\" \/><br \/>\nPosteriormente, hizo ingreso el sable corvo del Libertador General San Mart\u00edn en manos del cabo Ezequiel Cardozo, integrante del Regimiento de Granaderos a Caballo.<br \/>\nA continuaci\u00f3n, se procedi\u00f3 a la entonaci\u00f3n del Himno Nacional a cargo de la Banda Militar &#8220;Vuelta de Obligado&#8221; del Grupo de Artiller\u00eda de Monte 3, con asiento en la localidad de Paso de los Libres. El cura p\u00e1rroco An\u00edbal Ciarrochi realiz\u00f3 la bendici\u00f3n del acto.<br \/>\nLuego, para rendirle homenaje al Libertador, el titular de Ejecutivo\u00a0y otras autoridades colocaron ofrendas florales al pie de su monumento.<br \/>\n&#8220;Nos congregamos una vez m\u00e1s en esta localidad en donde naci\u00f3 el Padre de la Patria para rendirle homenaje, y esta vez a sus 173 a\u00f1os de desaparici\u00f3n f\u00edsica&#8221;, comenz\u00f3 Vald\u00e9s a la hora de su discurso. &#8220;Ese dato s\u00f3lo habla de la importancia hist\u00f3rica de su acci\u00f3n y tambi\u00e9n de su legado, que 173 a\u00f1os m\u00e1s tarde sintamos el deseo, la necesidad y el deber de venir a homenajearlo y a recordar fundamentalmente su obra, a exaltar sus valores para no olvidarlo&#8221;, continu\u00f3.<br \/>\nVald\u00e9s abord\u00f3 la relevancia de San Mart\u00edn en el contexto actual, se\u00f1alando: &#8220;Es porque vivi\u00f3 una vida que nos ilumin\u00f3 y nos sigue iluminando absolutamente a todos&#8221;. Reflexion\u00f3 adem\u00e1s sobre las dificultades que los argentinos enfrentan hoy, haciendo hincapi\u00e9 en la responsabilidad colectiva para evitar caer en caminos err\u00f3neos. &#8220;El riesgo que tenemos hoy es que los desaciertos nos lleven por cansancio, por bronca, o por desesperanza hacia caminos equivocados que nunca terminan bien&#8221;, advirti\u00f3.<br \/>\nUtilizando una serie de ejemplos, el gobernador describi\u00f3 tanto las adversidades como el potencial de la naci\u00f3n argentina. &#8220;Pero los argentinos no somos s\u00f3lo errores y fracasos&#8221;, proclam\u00f3, resaltando la diversidad de talentos y logros en diversos campos que han caracterizado al pa\u00eds a lo largo de su historia. \u201cSomos la tierra de los Messi, los Ginobili, los Borges, los Spinetta, los Papa Francisco y muchos otros\u201d.<br \/>\nEl mandatario record\u00f3 las virtudes de San Mart\u00edn, enfatizando su compromiso, humildad, claridad de objetivos y unidad en la lucha por la independencia. Estableci\u00f3 un paralelo con la situaci\u00f3n actual, instando a los ciudadanos a seguir el ejemplo del pr\u00f3cer en la toma de decisiones y el ejercicio del voto. &#8220;Actuemos con racionalidad, con coraje, con visi\u00f3n estrat\u00e9gica, con honestidad, y solidaridad para sacar a nuestra Argentina adelante&#8221;, exhort\u00f3.<br \/>\nPara cerrar, el mandatario rindi\u00f3 homenaje con el grito de &#8220;\u00a1Viva el General San Mart\u00edn! \u00a1Viva la patria! \u00a1Viva Corrientes!&#8221; como un llamado a la unidad y al compromiso continuo en la construcci\u00f3n de una naci\u00f3n pr\u00f3spera y solidaria.<br \/>\n<strong>Intendenta Marisol Fag\u00fandez<\/strong><br \/>\n&#8220;Los ideales del General San Mart\u00edn se convirtieron en el orgullo de su pueblo\u00a0de ser reconocido como la Cuna del Libertador y Padre de la Patria&#8221;, comenz\u00f3 la intendenta, al referirse a la localidad de Yapey\u00fa.<br \/>\nFag\u00fandez dio cuenta que, junto a sus compoblanos, &#8220;nacemos con el compromiso de custodiar la libertad e independencia de la Patria, a trav\u00e9s del modelo de don Jos\u00e9 de San Mart\u00edn, que gu\u00eda nuestro peregrinar&#8221;. &#8220;Debemos volver a poner en primer lugar sus virtudes, que constituyen el respeto hacia el otro y el amor hacia la Patria&#8221;, continu\u00f3 la jefa comunal, refiri\u00e9ndose sobre el &#8220;ciudadano ejemplar y patriota desinteresado&#8221;.<br \/>\nLa intendenta resalt\u00f3, adem\u00e1s, la cualidad de organizador y la disciplina del Libertador, posicion\u00e1ndolo como &#8220;uno de los m\u00e1s c\u00e9lebres guerreros de la historia mundial&#8221;, recordando sus distintas campa\u00f1as libertadoras.<br \/>\nAsimismo, Fag\u00fandez destac\u00f3 su &#8220;saber pol\u00edtico para dar respuesta a las emergencias sociales y su aplomo para librarnos de la opresi\u00f3n&#8221;.<br \/>\nContinuando, la jefa comunal, haciendo un paralelismo con la situaci\u00f3n social actual del pa\u00eds, record\u00f3 una de tantas frases c\u00e9lebres de San Mart\u00edn: &#8220;&#8216;Cuando la Patria est\u00e1 en peligro, todo es permitido, excepto no defenderla'&#8221;, para as\u00ed &#8220;sacar a esta Argentina, que sufre desde el lugar que se encuentra&#8221;.<br \/>\nFinalmente, la titular de la Comuna local, manifest\u00f3 su agradecimiento, en la oportunidad, al gobernador Gustavo Vald\u00e9s, &#8220;por su invalorable acompa\u00f1amiento y gesti\u00f3n federal en toda la provincia, que permite a nuestros pueblos estar en un lugar mejor&#8221;, instando a que &#8220;este modelo se replique en la Argentina&#8221;.<br \/>\n<strong>Homenaje al Sargento Cabral<\/strong><br \/>\nDespu\u00e9s del combate de San Lorenzo, el teniente coronel San Mart\u00edn al redactar su parte de guerra donde indicaban c\u00f3mo hab\u00edan sido las acciones y enumeraba la lista de los heridos y muertos de esa contienda. Al reconocer el valor de estos hombres que hab\u00edan dado generosamente su sangre por el bien de la naciente patria decide que el ascendido granadero Juan Bautista Cabral encabezar\u00eda todas las listas de revista de la unidad y que se le deber\u00e1 rendir honores en todas sus formaciones, esta orden se mantiene hasta nuestros d\u00edas siendo una tradici\u00f3n que se sigue desarrollando con respeto y admiraci\u00f3n.<br \/>\nLa misma, fue requerida por el jefe de Destacamento Militar de Yapey\u00fa del Regimiento de Granaderos a Caballo, mayor Omar Alcides Reyes y contest\u00f3 el sargento Patricio Ledesma.<br \/>\n<strong>Final del acto y desfile<\/strong><br \/>\nTras los discursos, se retir\u00f3 del predio el sable corvo del General San Mart\u00edn y la Agrupaci\u00f3n Libertador adopt\u00f3 el dispositivo de desfile. Luego, las autoridades acompa\u00f1aron al gobernador al Templete donde se realiz\u00f3 la firma del libro hist\u00f3rico de visitas.<br \/>\nEl desfile c\u00edvico militar tuvo lugar sobre la avenida Libertador, con la Agrupaci\u00f3n hom\u00f3nima como apertura, a la que siguieron instituciones educativas, agrupaciones tradicionalistas y otras fuerzas de seguridad.<br \/>\nAdem\u00e1s de las mencionadas autoridades, acompa\u00f1aron las actividades el vicegobernador, Pedro Braillard Poccard; el vicepresidente del Senado, Henry Fick; legisladores nacionales y provinciales; ministros, secretarios y subsecretarios provinciales; veteranos de la Guerra de Malvinas; el integrante del C\u00edrculo Hist\u00f3rico Sanmartiniano de Bolougne Sur Mer, Philippe Casse; intendentes de localidades vecinas; representantes de fuerzas de seguridad y dem\u00e1s autoridades.<\/p>\n","protected":false},"excerpt":{"rendered":"<div class=\"post-excerpt\"><p>El gobernador Gustavo Vald\u00e9s encabez\u00f3 este jueves en Yapey\u00fa el acto central por el 173\u00b0 aniversario del Paso a la Inmortalidad del General Jos\u00e9 Francisco de San Mart\u00edn. Con un mensaje enraizado en la historia y la actualidad del pa\u00eds, el mandatario destac\u00f3 la importancia de recordar la obra y los valores del pr\u00f3cer y<\/p>\n<\/div>","protected":false},"author":2,"featured_media":41788,"comment_status":"closed","ping_status":"closed","sticky":false,"template":"","format":"standard","meta":{"_acf_changed":false,"footnotes":""},"categories":[2],"tags":[],"class_list":["post-41787","post","type-post","status-publish","format-standard","has-post-thumbnail","hentry","category-noticias"],"acf":[],"yoast_head":"<!-- This site is optimized with the Yoast SEO plugin v28.1 - https:\/\/yoast.com\/product\/yoast-seo-wordpress\/ -->\n<title>En Yapey\u00fa, Vald\u00e9s inst\u00f3 a tomar el ejemplo de San Mart\u00edn y actuar \u201ccon racionalidad, coraje y visi\u00f3n\u201d para sacar al pa\u00eds adelante - Horizonte<\/title>\n<meta name=\"robots\" content=\"index, follow, max-snippet:-1, max-image-preview:large, max-video-preview:-1\" \/>\n<link rel=\"canonical\" href=\"https:\/\/www.radiohorizonte.fm\/radio\/2023\/08\/18\/en-yapeyu-valdes-insto-tomar-el-ejemplo-de-san-martin-y-actuar-con-racionalidad-coraje-y-vision-para-sacar-al-pais-adelante\/\" \/>\n<meta property=\"og:locale\" content=\"es_ES\" \/>\n<meta property=\"og:type\" content=\"article\" \/>\n<meta property=\"og:title\" content=\"En Yapey\u00fa, Vald\u00e9s inst\u00f3 a tomar el ejemplo de San Mart\u00edn y actuar \u201ccon racionalidad, coraje y visi\u00f3n\u201d para sacar al pa\u00eds adelante - Horizonte\" \/>\n<meta property=\"og:description\" content=\"El gobernador Gustavo Vald\u00e9s encabez\u00f3 este jueves en Yapey\u00fa el acto central por el 173\u00b0 aniversario del Paso a la Inmortalidad del General Jos\u00e9 Francisco de San Mart\u00edn. Con un mensaje enraizado en la historia y la actualidad del pa\u00eds, el mandatario destac\u00f3 la importancia de recordar la obra y los valores del pr\u00f3cer y\" \/>\n<meta property=\"og:url\" content=\"https:\/\/www.radiohorizonte.fm\/radio\/2023\/08\/18\/en-yapeyu-valdes-insto-tomar-el-ejemplo-de-san-martin-y-actuar-con-racionalidad-coraje-y-vision-para-sacar-al-pais-adelante\/\" \/>\n<meta property=\"og:site_name\" content=\"Horizonte\" \/>\n<meta property=\"article:publisher\" content=\"http:\/\/www.facebook.com\/HORIZONTE106.1\" \/>\n<meta property=\"article:published_time\" content=\"2023-08-18T10:00:22+00:00\" \/>\n<meta property=\"article:modified_time\" content=\"2023-08-18T10:27:06+00:00\" \/>\n<meta property=\"og:image\" content=\"https:\/\/www.radiohorizonte.fm\/radio\/wp-content\/uploads\/2023\/08\/imagen-48502.jpg\" \/>\n\t<meta property=\"og:image:width\" content=\"1599\" \/>\n\t<meta property=\"og:image:height\" content=\"1066\" \/>\n\t<meta property=\"og:image:type\" content=\"image\/jpeg\" \/>\n<meta name=\"author\" content=\"Cristian Galarza\" \/>\n<meta name=\"twitter:card\" content=\"summary_large_image\" \/>\n<meta name=\"twitter:creator\" content=\"@fmhorizonte1061\" \/>\n<meta name=\"twitter:site\" content=\"@fmhorizonte1061\" \/>\n<meta name=\"twitter:label1\" content=\"Escrito por\" \/>\n\t<meta name=\"twitter:data1\" content=\"Cristian Galarza\" \/>\n\t<meta name=\"twitter:label2\" content=\"Tiempo de lectura\" \/>\n\t<meta name=\"twitter:data2\" content=\"6 minutos\" \/>\n<script type=\"application\/ld+json\" class=\"yoast-schema-graph\">{\"@context\":\"https:\\\/\\\/schema.org\",\"@graph\":[{\"@type\":\"Article\",\"@id\":\"https:\\\/\\\/www.radiohorizonte.fm\\\/radio\\\/2023\\\/08\\\/18\\\/en-yapeyu-valdes-insto-tomar-el-ejemplo-de-san-martin-y-actuar-con-racionalidad-coraje-y-vision-para-sacar-al-pais-adelante\\\/#article\",\"isPartOf\":{\"@id\":\"https:\\\/\\\/www.radiohorizonte.fm\\\/radio\\\/2023\\\/08\\\/18\\\/en-yapeyu-valdes-insto-tomar-el-ejemplo-de-san-martin-y-actuar-con-racionalidad-coraje-y-vision-para-sacar-al-pais-adelante\\\/\"},\"author\":{\"name\":\"Cristian Galarza\",\"@id\":\"http:\\\/\\\/www.radiohorizonte.fm\\\/radio\\\/#\\\/schema\\\/person\\\/f8fa003a405bb86729fd87d15d0ddafa\"},\"headline\":\"En Yapey\u00fa, Vald\u00e9s inst\u00f3 a tomar el ejemplo de San Mart\u00edn y actuar \u201ccon racionalidad, coraje y visi\u00f3n\u201d para sacar al pa\u00eds adelante\",\"datePublished\":\"2023-08-18T10:00:22+00:00\",\"dateModified\":\"2023-08-18T10:27:06+00:00\",\"mainEntityOfPage\":{\"@id\":\"https:\\\/\\\/www.radiohorizonte.fm\\\/radio\\\/2023\\\/08\\\/18\\\/en-yapeyu-valdes-insto-tomar-el-ejemplo-de-san-martin-y-actuar-con-racionalidad-coraje-y-vision-para-sacar-al-pais-adelante\\\/\"},\"wordCount\":1206,\"publisher\":{\"@id\":\"http:\\\/\\\/www.radiohorizonte.fm\\\/radio\\\/#organization\"},\"image\":{\"@id\":\"https:\\\/\\\/www.radiohorizonte.fm\\\/radio\\\/2023\\\/08\\\/18\\\/en-yapeyu-valdes-insto-tomar-el-ejemplo-de-san-martin-y-actuar-con-racionalidad-coraje-y-vision-para-sacar-al-pais-adelante\\\/#primaryimage\"},\"thumbnailUrl\":\"http:\\\/\\\/www.radiohorizonte.fm\\\/radio\\\/wp-content\\\/uploads\\\/2023\\\/08\\\/imagen-48502.jpg\",\"articleSection\":[\"Noticias\"],\"inLanguage\":\"es-AR\"},{\"@type\":\"WebPage\",\"@id\":\"https:\\\/\\\/www.radiohorizonte.fm\\\/radio\\\/2023\\\/08\\\/18\\\/en-yapeyu-valdes-insto-tomar-el-ejemplo-de-san-martin-y-actuar-con-racionalidad-coraje-y-vision-para-sacar-al-pais-adelante\\\/\",\"url\":\"https:\\\/\\\/www.radiohorizonte.fm\\\/radio\\\/2023\\\/08\\\/18\\\/en-yapeyu-valdes-insto-tomar-el-ejemplo-de-san-martin-y-actuar-con-racionalidad-coraje-y-vision-para-sacar-al-pais-adelante\\\/\",\"name\":\"En Yapey\u00fa, Vald\u00e9s inst\u00f3 a tomar el ejemplo de San Mart\u00edn y actuar \u201ccon racionalidad, coraje y visi\u00f3n\u201d para sacar al pa\u00eds adelante - Horizonte\",\"isPartOf\":{\"@id\":\"http:\\\/\\\/www.radiohorizonte.fm\\\/radio\\\/#website\"},\"primaryImageOfPage\":{\"@id\":\"https:\\\/\\\/www.radiohorizonte.fm\\\/radio\\\/2023\\\/08\\\/18\\\/en-yapeyu-valdes-insto-tomar-el-ejemplo-de-san-martin-y-actuar-con-racionalidad-coraje-y-vision-para-sacar-al-pais-adelante\\\/#primaryimage\"},\"image\":{\"@id\":\"https:\\\/\\\/www.radiohorizonte.fm\\\/radio\\\/2023\\\/08\\\/18\\\/en-yapeyu-valdes-insto-tomar-el-ejemplo-de-san-martin-y-actuar-con-racionalidad-coraje-y-vision-para-sacar-al-pais-adelante\\\/#primaryimage\"},\"thumbnailUrl\":\"http:\\\/\\\/www.radiohorizonte.fm\\\/radio\\\/wp-content\\\/uploads\\\/2023\\\/08\\\/imagen-48502.jpg\",\"datePublished\":\"2023-08-18T10:00:22+00:00\",\"dateModified\":\"2023-08-18T10:27:06+00:00\",\"breadcrumb\":{\"@id\":\"https:\\\/\\\/www.radiohorizonte.fm\\\/radio\\\/2023\\\/08\\\/18\\\/en-yapeyu-valdes-insto-tomar-el-ejemplo-de-san-martin-y-actuar-con-racionalidad-coraje-y-vision-para-sacar-al-pais-adelante\\\/#breadcrumb\"},\"inLanguage\":\"es-AR\",\"potentialAction\":[{\"@type\":\"ReadAction\",\"target\":[\"https:\\\/\\\/www.radiohorizonte.fm\\\/radio\\\/2023\\\/08\\\/18\\\/en-yapeyu-valdes-insto-tomar-el-ejemplo-de-san-martin-y-actuar-con-racionalidad-coraje-y-vision-para-sacar-al-pais-adelante\\\/\"]}]},{\"@type\":\"ImageObject\",\"inLanguage\":\"es-AR\",\"@id\":\"https:\\\/\\\/www.radiohorizonte.fm\\\/radio\\\/2023\\\/08\\\/18\\\/en-yapeyu-valdes-insto-tomar-el-ejemplo-de-san-martin-y-actuar-con-racionalidad-coraje-y-vision-para-sacar-al-pais-adelante\\\/#primaryimage\",\"url\":\"http:\\\/\\\/www.radiohorizonte.fm\\\/radio\\\/wp-content\\\/uploads\\\/2023\\\/08\\\/imagen-48502.jpg\",\"contentUrl\":\"http:\\\/\\\/www.radiohorizonte.fm\\\/radio\\\/wp-content\\\/uploads\\\/2023\\\/08\\\/imagen-48502.jpg\",\"width\":1599,\"height\":1066},{\"@type\":\"BreadcrumbList\",\"@id\":\"https:\\\/\\\/www.radiohorizonte.fm\\\/radio\\\/2023\\\/08\\\/18\\\/en-yapeyu-valdes-insto-tomar-el-ejemplo-de-san-martin-y-actuar-con-racionalidad-coraje-y-vision-para-sacar-al-pais-adelante\\\/#breadcrumb\",\"itemListElement\":[{\"@type\":\"ListItem\",\"position\":1,\"name\":\"Home\",\"item\":\"http:\\\/\\\/www.radiohorizonte.fm\\\/radio\\\/\"},{\"@type\":\"ListItem\",\"position\":2,\"name\":\"En Yapey\u00fa, Vald\u00e9s inst\u00f3 a tomar el ejemplo de San Mart\u00edn y actuar \u201ccon racionalidad, coraje y visi\u00f3n\u201d para sacar al pa\u00eds adelante\"}]},{\"@type\":\"WebSite\",\"@id\":\"http:\\\/\\\/www.radiohorizonte.fm\\\/radio\\\/#website\",\"url\":\"http:\\\/\\\/www.radiohorizonte.fm\\\/radio\\\/\",\"name\":\"Horizonte\",\"description\":\"Radio Horizonte 106.1 - Una radio de clasicos\",\"publisher\":{\"@id\":\"http:\\\/\\\/www.radiohorizonte.fm\\\/radio\\\/#organization\"},\"potentialAction\":[{\"@type\":\"SearchAction\",\"target\":{\"@type\":\"EntryPoint\",\"urlTemplate\":\"http:\\\/\\\/www.radiohorizonte.fm\\\/radio\\\/?s={search_term_string}\"},\"query-input\":{\"@type\":\"PropertyValueSpecification\",\"valueRequired\":true,\"valueName\":\"search_term_string\"}}],\"inLanguage\":\"es-AR\"},{\"@type\":\"Organization\",\"@id\":\"http:\\\/\\\/www.radiohorizonte.fm\\\/radio\\\/#organization\",\"name\":\"Horizonte\",\"url\":\"http:\\\/\\\/www.radiohorizonte.fm\\\/radio\\\/\",\"logo\":{\"@type\":\"ImageObject\",\"inLanguage\":\"es-AR\",\"@id\":\"http:\\\/\\\/www.radiohorizonte.fm\\\/radio\\\/#\\\/schema\\\/logo\\\/image\\\/\",\"url\":\"http:\\\/\\\/www.radiohorizonte.fm\\\/radio\\\/wp-content\\\/uploads\\\/2025\\\/06\\\/Portada-FM-Horizonte_modelo-imagen-scaled.jpg\",\"contentUrl\":\"http:\\\/\\\/www.radiohorizonte.fm\\\/radio\\\/wp-content\\\/uploads\\\/2025\\\/06\\\/Portada-FM-Horizonte_modelo-imagen-scaled.jpg\",\"width\":2560,\"height\":1056,\"caption\":\"Horizonte\"},\"image\":{\"@id\":\"http:\\\/\\\/www.radiohorizonte.fm\\\/radio\\\/#\\\/schema\\\/logo\\\/image\\\/\"},\"sameAs\":[\"http:\\\/\\\/www.facebook.com\\\/HORIZONTE106.1\",\"https:\\\/\\\/x.com\\\/fmhorizonte1061\"]},{\"@type\":\"Person\",\"@id\":\"http:\\\/\\\/www.radiohorizonte.fm\\\/radio\\\/#\\\/schema\\\/person\\\/f8fa003a405bb86729fd87d15d0ddafa\",\"name\":\"Cristian Galarza\",\"image\":{\"@type\":\"ImageObject\",\"inLanguage\":\"es-AR\",\"@id\":\"https:\\\/\\\/secure.gravatar.com\\\/avatar\\\/fad34bc2c773209c05d7d53b08a69b680eeb55f3be014e52b31643d20ab65925?s=96&d=mm&r=g\",\"url\":\"https:\\\/\\\/secure.gravatar.com\\\/avatar\\\/fad34bc2c773209c05d7d53b08a69b680eeb55f3be014e52b31643d20ab65925?s=96&d=mm&r=g\",\"contentUrl\":\"https:\\\/\\\/secure.gravatar.com\\\/avatar\\\/fad34bc2c773209c05d7d53b08a69b680eeb55f3be014e52b31643d20ab65925?s=96&d=mm&r=g\",\"caption\":\"Cristian Galarza\"},\"url\":\"http:\\\/\\\/www.radiohorizonte.fm\\\/radio\\\/author\\\/cristian\\\/\"}]}<\/script>\n<!-- \/ Yoast SEO plugin. -->","yoast_head_json":{"title":"En Yapey\u00fa, Vald\u00e9s inst\u00f3 a tomar el ejemplo de San Mart\u00edn y actuar \u201ccon racionalidad, coraje y visi\u00f3n\u201d para sacar al pa\u00eds adelante - Horizonte","robots":{"index":"index","follow":"follow","max-snippet":"max-snippet:-1","max-image-preview":"max-image-preview:large","max-video-preview":"max-video-preview:-1"},"canonical":"https:\/\/www.radiohorizonte.fm\/radio\/2023\/08\/18\/en-yapeyu-valdes-insto-tomar-el-ejemplo-de-san-martin-y-actuar-con-racionalidad-coraje-y-vision-para-sacar-al-pais-adelante\/","og_locale":"es_ES","og_type":"article","og_title":"En Yapey\u00fa, Vald\u00e9s inst\u00f3 a tomar el ejemplo de San Mart\u00edn y actuar \u201ccon racionalidad, coraje y visi\u00f3n\u201d para sacar al pa\u00eds adelante - Horizonte","og_description":"El gobernador Gustavo Vald\u00e9s encabez\u00f3 este jueves en Yapey\u00fa el acto central por el 173\u00b0 aniversario del Paso a la Inmortalidad del General Jos\u00e9 Francisco de San Mart\u00edn. Con un mensaje enraizado en la historia y la actualidad del pa\u00eds, el mandatario destac\u00f3 la importancia de recordar la obra y los valores del pr\u00f3cer y","og_url":"https:\/\/www.radiohorizonte.fm\/radio\/2023\/08\/18\/en-yapeyu-valdes-insto-tomar-el-ejemplo-de-san-martin-y-actuar-con-racionalidad-coraje-y-vision-para-sacar-al-pais-adelante\/","og_site_name":"Horizonte","article_publisher":"http:\/\/www.facebook.com\/HORIZONTE106.1","article_published_time":"2023-08-18T10:00:22+00:00","article_modified_time":"2023-08-18T10:27:06+00:00","og_image":[{"width":1599,"height":1066,"url":"https:\/\/www.radiohorizonte.fm\/radio\/wp-content\/uploads\/2023\/08\/imagen-48502.jpg","type":"image\/jpeg"}],"author":"Cristian Galarza","twitter_card":"summary_large_image","twitter_creator":"@fmhorizonte1061","twitter_site":"@fmhorizonte1061","twitter_misc":{"Escrito por":"Cristian Galarza","Tiempo de lectura":"6 minutos"},"schema":{"@context":"https:\/\/schema.org","@graph":[{"@type":"Article","@id":"https:\/\/www.radiohorizonte.fm\/radio\/2023\/08\/18\/en-yapeyu-valdes-insto-tomar-el-ejemplo-de-san-martin-y-actuar-con-racionalidad-coraje-y-vision-para-sacar-al-pais-adelante\/#article","isPartOf":{"@id":"https:\/\/www.radiohorizonte.fm\/radio\/2023\/08\/18\/en-yapeyu-valdes-insto-tomar-el-ejemplo-de-san-martin-y-actuar-con-racionalidad-coraje-y-vision-para-sacar-al-pais-adelante\/"},"author":{"name":"Cristian Galarza","@id":"http:\/\/www.radiohorizonte.fm\/radio\/#\/schema\/person\/f8fa003a405bb86729fd87d15d0ddafa"},"headline":"En Yapey\u00fa, Vald\u00e9s inst\u00f3 a tomar el ejemplo de San Mart\u00edn y actuar \u201ccon racionalidad, coraje y visi\u00f3n\u201d para sacar al pa\u00eds adelante","datePublished":"2023-08-18T10:00:22+00:00","dateModified":"2023-08-18T10:27:06+00:00","mainEntityOfPage":{"@id":"https:\/\/www.radiohorizonte.fm\/radio\/2023\/08\/18\/en-yapeyu-valdes-insto-tomar-el-ejemplo-de-san-martin-y-actuar-con-racionalidad-coraje-y-vision-para-sacar-al-pais-adelante\/"},"wordCount":1206,"publisher":{"@id":"http:\/\/www.radiohorizonte.fm\/radio\/#organization"},"image":{"@id":"https:\/\/www.radiohorizonte.fm\/radio\/2023\/08\/18\/en-yapeyu-valdes-insto-tomar-el-ejemplo-de-san-martin-y-actuar-con-racionalidad-coraje-y-vision-para-sacar-al-pais-adelante\/#primaryimage"},"thumbnailUrl":"http:\/\/www.radiohorizonte.fm\/radio\/wp-content\/uploads\/2023\/08\/imagen-48502.jpg","articleSection":["Noticias"],"inLanguage":"es-AR"},{"@type":"WebPage","@id":"https:\/\/www.radiohorizonte.fm\/radio\/2023\/08\/18\/en-yapeyu-valdes-insto-tomar-el-ejemplo-de-san-martin-y-actuar-con-racionalidad-coraje-y-vision-para-sacar-al-pais-adelante\/","url":"https:\/\/www.radiohorizonte.fm\/radio\/2023\/08\/18\/en-yapeyu-valdes-insto-tomar-el-ejemplo-de-san-martin-y-actuar-con-racionalidad-coraje-y-vision-para-sacar-al-pais-adelante\/","name":"En Yapey\u00fa, Vald\u00e9s inst\u00f3 a tomar el ejemplo de San Mart\u00edn y actuar \u201ccon racionalidad, coraje y visi\u00f3n\u201d para sacar al pa\u00eds adelante - Horizonte","isPartOf":{"@id":"http:\/\/www.radiohorizonte.fm\/radio\/#website"},"primaryImageOfPage":{"@id":"https:\/\/www.radiohorizonte.fm\/radio\/2023\/08\/18\/en-yapeyu-valdes-insto-tomar-el-ejemplo-de-san-martin-y-actuar-con-racionalidad-coraje-y-vision-para-sacar-al-pais-adelante\/#primaryimage"},"image":{"@id":"https:\/\/www.radiohorizonte.fm\/radio\/2023\/08\/18\/en-yapeyu-valdes-insto-tomar-el-ejemplo-de-san-martin-y-actuar-con-racionalidad-coraje-y-vision-para-sacar-al-pais-adelante\/#primaryimage"},"thumbnailUrl":"http:\/\/www.radiohorizonte.fm\/radio\/wp-content\/uploads\/2023\/08\/imagen-48502.jpg","datePublished":"2023-08-18T10:00:22+00:00","dateModified":"2023-08-18T10:27:06+00:00","breadcrumb":{"@id":"https:\/\/www.radiohorizonte.fm\/radio\/2023\/08\/18\/en-yapeyu-valdes-insto-tomar-el-ejemplo-de-san-martin-y-actuar-con-racionalidad-coraje-y-vision-para-sacar-al-pais-adelante\/#breadcrumb"},"inLanguage":"es-AR","potentialAction":[{"@type":"ReadAction","target":["https:\/\/www.radiohorizonte.fm\/radio\/2023\/08\/18\/en-yapeyu-valdes-insto-tomar-el-ejemplo-de-san-martin-y-actuar-con-racionalidad-coraje-y-vision-para-sacar-al-pais-adelante\/"]}]},{"@type":"ImageObject","inLanguage":"es-AR","@id":"https:\/\/www.radiohorizonte.fm\/radio\/2023\/08\/18\/en-yapeyu-valdes-insto-tomar-el-ejemplo-de-san-martin-y-actuar-con-racionalidad-coraje-y-vision-para-sacar-al-pais-adelante\/#primaryimage","url":"http:\/\/www.radiohorizonte.fm\/radio\/wp-content\/uploads\/2023\/08\/imagen-48502.jpg","contentUrl":"http:\/\/www.radiohorizonte.fm\/radio\/wp-content\/uploads\/2023\/08\/imagen-48502.jpg","width":1599,"height":1066},{"@type":"BreadcrumbList","@id":"https:\/\/www.radiohorizonte.fm\/radio\/2023\/08\/18\/en-yapeyu-valdes-insto-tomar-el-ejemplo-de-san-martin-y-actuar-con-racionalidad-coraje-y-vision-para-sacar-al-pais-adelante\/#breadcrumb","itemListElement":[{"@type":"ListItem","position":1,"name":"Home","item":"http:\/\/www.radiohorizonte.fm\/radio\/"},{"@type":"ListItem","position":2,"name":"En Yapey\u00fa, Vald\u00e9s inst\u00f3 a tomar el ejemplo de San Mart\u00edn y actuar \u201ccon racionalidad, coraje y visi\u00f3n\u201d para sacar al pa\u00eds adelante"}]},{"@type":"WebSite","@id":"http:\/\/www.radiohorizonte.fm\/radio\/#website","url":"http:\/\/www.radiohorizonte.fm\/radio\/","name":"Horizonte","description":"Radio Horizonte 106.1 - Una radio de clasicos","publisher":{"@id":"http:\/\/www.radiohorizonte.fm\/radio\/#organization"},"potentialAction":[{"@type":"SearchAction","target":{"@type":"EntryPoint","urlTemplate":"http:\/\/www.radiohorizonte.fm\/radio\/?s={search_term_string}"},"query-input":{"@type":"PropertyValueSpecification","valueRequired":true,"valueName":"search_term_string"}}],"inLanguage":"es-AR"},{"@type":"Organization","@id":"http:\/\/www.radiohorizonte.fm\/radio\/#organization","name":"Horizonte","url":"http:\/\/www.radiohorizonte.fm\/radio\/","logo":{"@type":"ImageObject","inLanguage":"es-AR","@id":"http:\/\/www.radiohorizonte.fm\/radio\/#\/schema\/logo\/image\/","url":"http:\/\/www.radiohorizonte.fm\/radio\/wp-content\/uploads\/2025\/06\/Portada-FM-Horizonte_modelo-imagen-scaled.jpg","contentUrl":"http:\/\/www.radiohorizonte.fm\/radio\/wp-content\/uploads\/2025\/06\/Portada-FM-Horizonte_modelo-imagen-scaled.jpg","width":2560,"height":1056,"caption":"Horizonte"},"image":{"@id":"http:\/\/www.radiohorizonte.fm\/radio\/#\/schema\/logo\/image\/"},"sameAs":["http:\/\/www.facebook.com\/HORIZONTE106.1","https:\/\/x.com\/fmhorizonte1061"]},{"@type":"Person","@id":"http:\/\/www.radiohorizonte.fm\/radio\/#\/schema\/person\/f8fa003a405bb86729fd87d15d0ddafa","name":"Cristian Galarza","image":{"@type":"ImageObject","inLanguage":"es-AR","@id":"https:\/\/secure.gravatar.com\/avatar\/fad34bc2c773209c05d7d53b08a69b680eeb55f3be014e52b31643d20ab65925?s=96&d=mm&r=g","url":"https:\/\/secure.gravatar.com\/avatar\/fad34bc2c773209c05d7d53b08a69b680eeb55f3be014e52b31643d20ab65925?s=96&d=mm&r=g","contentUrl":"https:\/\/secure.gravatar.com\/avatar\/fad34bc2c773209c05d7d53b08a69b680eeb55f3be014e52b31643d20ab65925?s=96&d=mm&r=g","caption":"Cristian Galarza"},"url":"http:\/\/www.radiohorizonte.fm\/radio\/author\/cristian\/"}]}},"_links":{"self":[{"href":"http:\/\/www.radiohorizonte.fm\/radio\/wp-json\/wp\/v2\/posts\/41787","targetHints":{"allow":["GET"]}}],"collection":[{"href":"http:\/\/www.radiohorizonte.fm\/radio\/wp-json\/wp\/v2\/posts"}],"about":[{"href":"http:\/\/www.radiohorizonte.fm\/radio\/wp-json\/wp\/v2\/types\/post"}],"author":[{"embeddable":true,"href":"http:\/\/www.radiohorizonte.fm\/radio\/wp-json\/wp\/v2\/users\/2"}],"replies":[{"embeddable":true,"href":"http:\/\/www.radiohorizonte.fm\/radio\/wp-json\/wp\/v2\/comments?post=41787"}],"version-history":[{"count":1,"href":"http:\/\/www.radiohorizonte.fm\/radio\/wp-json\/wp\/v2\/posts\/41787\/revisions"}],"predecessor-version":[{"id":41790,"href":"http:\/\/www.radiohorizonte.fm\/radio\/wp-json\/wp\/v2\/posts\/41787\/revisions\/41790"}],"wp:featuredmedia":[{"embeddable":true,"href":"http:\/\/www.radiohorizonte.fm\/radio\/wp-json\/wp\/v2\/media\/41788"}],"wp:attachment":[{"href":"http:\/\/www.radiohorizonte.fm\/radio\/wp-json\/wp\/v2\/media?parent=41787"}],"wp:term":[{"taxonomy":"category","embeddable":true,"href":"http:\/\/www.radiohorizonte.fm\/radio\/wp-json\/wp\/v2\/categories?post=41787"},{"taxonomy":"post_tag","embeddable":true,"href":"http:\/\/www.radiohorizonte.fm\/radio\/wp-json\/wp\/v2\/tags?post=41787"}],"curies":[{"name":"wp","href":"https:\/\/api.w.org\/{rel}","templated":true}]}}