{"id":41799,"date":"2023-08-22T07:45:29","date_gmt":"2023-08-22T10:45:29","guid":{"rendered":"http:\/\/www.radiohorizonte.fm\/radio\/?p=41799"},"modified":"2023-08-22T07:45:29","modified_gmt":"2023-08-22T10:45:29","slug":"las-inmobiliarias-presentaron-un-proyecto-para-poder-actualizar-los-alquileres-cada-cuatro-meses","status":"publish","type":"post","link":"http:\/\/www.radiohorizonte.fm\/radio\/2023\/08\/22\/las-inmobiliarias-presentaron-un-proyecto-para-poder-actualizar-los-alquileres-cada-cuatro-meses\/","title":{"rendered":"Las inmobiliarias presentaron un proyecto para poder actualizar los alquileres cada cuatro meses"},"content":{"rendered":"<p class=\"article-subheadline left \">Cinco entidades elevaron una propuesta conjunta en Diputados solicitando la modificaci\u00f3n de dos art\u00edculos de la Ley de Alquileres. Qu\u00e9 proponen y por qu\u00e9<\/p>\n<p><img loading=\"lazy\" decoding=\"async\" class=\"alignnone size-full wp-image-3933\" src=\"http:\/\/www.radiohorizonte.fm\/radio\/wp-content\/uploads\/2017\/02\/alquileres.jpg\" alt=\"\" width=\"700\" height=\"514\" srcset=\"http:\/\/www.radiohorizonte.fm\/radio\/wp-content\/uploads\/2017\/02\/alquileres.jpg 700w, http:\/\/www.radiohorizonte.fm\/radio\/wp-content\/uploads\/2017\/02\/alquileres-300x220.jpg 300w, http:\/\/www.radiohorizonte.fm\/radio\/wp-content\/uploads\/2017\/02\/alquileres-65x48.jpg 65w, http:\/\/www.radiohorizonte.fm\/radio\/wp-content\/uploads\/2017\/02\/alquileres-272x200.jpg 272w, http:\/\/www.radiohorizonte.fm\/radio\/wp-content\/uploads\/2017\/02\/alquileres-85x62.jpg 85w, http:\/\/www.radiohorizonte.fm\/radio\/wp-content\/uploads\/2017\/02\/alquileres-170x125.jpg 170w, http:\/\/www.radiohorizonte.fm\/radio\/wp-content\/uploads\/2017\/02\/alquileres-90x66.jpg 90w\" sizes=\"auto, (max-width: 700px) 100vw, 700px\" \/><\/p>\n<div class=\"byline\">\u00a0En julio se cumplieron dos a\u00f1os desde la entrada en vigencia de la<b>\u00a0Ley de Alquileres<\/b>\u00a0y a pesar de la disconformidad que reina entre los jugadores del sector inmobiliario y los inquilinos con las normas del juego que establece la normativa, hasta el momento ninguna modificaci\u00f3n ha logrado avanzar en el debate parlamentario.<\/div>\n<div>\n<p class=\"paragraph\" data-mrf-recirculation=\"Links inline\">El pr\u00f3ximo mi\u00e9rcoles ser\u00e1 un d\u00eda clave para el debate, teniendo en cuenta que la presidencia de\u00a0la\u00a0<b>C\u00e1mara de Diputados\u00a0<\/b>cit\u00f3 a los legisladores\u00a0para discutir al menos dos iniciativas en el recinto. Una fue encarada por la oposici\u00f3n y b\u00e1sicamente propone dos grandes cambios. Por un lado, retrotrae los contratos a un plazo de dos a\u00f1os (hoy son tres); por el otro, busca darle libertad a las partes negociadoras para que determinen cu\u00e1l debe ser la periodicidad de las subas de las rentas.<\/p>\n<div class=\"inline ad-wrapper\">\n<div class=\"dfpAd ad-inline\">\n<div id=\"infobae\/economia\/nota\/inline\" class=\"infobae\/economia\/nota\/inline arcad\" data-google-query-id=\"CMqNzdiK8IADFVRR3QIdvhcNhw\">\n<div id=\"google_ads_iframe_\/1058609\/infobae\/economia\/nota\/inline_0__container__\"><iframe id=\"google_ads_iframe_\/1058609\/infobae\/economia\/nota\/inline_0\" tabindex=\"0\" title=\"3rd party ad content\" role=\"region\" name=\"google_ads_iframe_\/1058609\/infobae\/economia\/nota\/inline_0\" width=\"1\" height=\"1\" frameborder=\"0\" marginwidth=\"0\" marginheight=\"0\" scrolling=\"no\" aria-label=\"Advertisement\" data-load-complete=\"true\" data-google-container-id=\"a\"><\/iframe><\/div>\n<\/div>\n<\/div>\n<\/div>\n<p class=\"paragraph\" data-mrf-recirculation=\"Links inline\">En paralelo, desde el\u00a0<b>Frente de Todos<\/b>\u00a0buscar\u00e1n avanzar con el dictamen de mayor\u00eda que propone mantener el plazo de 3 a\u00f1os, ajustes anuales y beneficios impositivos para los propietarios que vuelquen sus propiedades al mercado de alquiler.<\/p>\n<p class=\"paragraph\" data-mrf-recirculation=\"Links inline\">Ahora se sum\u00f3 una tercer propuesta a la discusi\u00f3n, dado que cinco entidades en forma conjunta elevaron a la presidente de la C\u00e1mara de Diputados de la Naci\u00f3n,\u00a0<b>Cecilia Moreau<\/b>, una nota conjunta con la propuesta de dos medidas concretas centradas sobre los dos puntos m\u00e1s discutidos: el tiempo de duraci\u00f3n de los contratos y el plazo de actualizaci\u00f3n del valor de los alquileres.<\/p>\n<h2 class=\"header headline-class-h2\">Qu\u00e9 proponen los privados<\/h2>\n<p class=\"paragraph\" data-mrf-recirculation=\"Links inline\">La\u00a0<b>C\u00e1mara Empresaria de Desarrolladores Urbanos<\/b>\u00a0(CEDU), la<b>\u00a0Asociaci\u00f3n de Empresarios de la Vivienda<\/b>\u00a0(AEV), la\u00a0<b>Federaci\u00f3n Inmobiliaria de la Rep\u00fablica Argentina\u00a0<\/b>(FIRA), la<b>\u00a0Fundaci\u00f3n de Estudios para el Desarrollo Inmobiliario<\/b>\u00a0(FEDI) y\u00a0<b>la C\u00e1mara Inmobiliaria Argentina<\/b>\u00a0(CIA), en consenso con todas las empresas adheridas, pidieron a todos los legisladores que pongan en consideraci\u00f3n la modificaci\u00f3n de dos art\u00edculos de la<b>\u00a0ley 27.551<\/b>\u00a0(Ley de Alquileres).<\/p>\n<p class=\"paragraph\" data-mrf-recirculation=\"Links inline\"><b>1- Reducci\u00f3n como m\u00ednimo a 4 meses el per\u00edodo de actualizaci\u00f3n de los c\u00e1nones locativos<\/b><\/p>\n<p class=\"paragraph\" data-mrf-recirculation=\"Links inline\">En ese punto, las empresas le solicitan a los legisladores que modifiquen el art\u00edculo 14 de la ley con el siguiente texto: \u201cEn los contratos de locaci\u00f3n de inmuebles destinados a uso habitacional, el precio del alquiler debe fijarse como valor \u00fanico y por per\u00edodos mensuales, sobre el cual pueden realizarse ajustes como m\u00ednimo\u00a0<b>cuatrimestrales<\/b>. En ning\u00fan caso se pueden establecer bonificaciones ni otras metodolog\u00edas que induzcan a error al locatario\u201d.<\/p>\n<div class=\"rawHTML raw_html \"><iframe loading=\"lazy\" src=\"https:\/\/drive.google.com\/file\/d\/1DzucWChEk7fuoOAlnYoE1_gDE-v4LPR_\/preview\" width=\"100%\" height=\"480\"><\/iframe><\/div>\n<p class=\"paragraph\" data-mrf-recirculation=\"Links inline\">En concreto, el cambio que proponen es reducir de un a\u00f1o a cuatro meses el per\u00edodo de actualizaci\u00f3n del valor de renta. No proponen, sin embargo, un cambio en la f\u00f3rmula de c\u00e1lculo. Desde su punto de vista, la actualizaci\u00f3n del valor de renta debe seguir siendo fijado en funci\u00f3n de un \u00edndice conformado por partes iguales por las variaciones mensuales del IPC y la remuneraci\u00f3n imponible promedio de los trabajadores estables (Ripte).<\/p>\n<p class=\"paragraph\" data-mrf-recirculation=\"Links inline\"><b>2- Reducci\u00f3n a 2 a\u00f1os del plazo legal m\u00ednimo de un nuevo contrato de locaci\u00f3n<\/b><\/p>\n<p class=\"paragraph\" data-mrf-recirculation=\"Links inline\">En el segundo punto, los empresarios hacen alusi\u00f3n al art\u00edculo 1.198 del C\u00f3digo Civil y Comercial de la Naci\u00f3n y solicitan modificarlo por el siguiente texto. \u201cPlazo m\u00ednimo de la locaci\u00f3n de inmueble. El contrato de locaci\u00f3n de inmueble, cualquiera sea su destino, si carece de plazo expreso y determinado mayor, se considera celebrado por el plazo m\u00ednimo legal de dos (2) a\u00f1os, excepto los casos del art\u00edculo 1.199 y los de plazo determinado\u201d.<\/p>\n<p class=\"paragraph\" data-mrf-recirculation=\"Links inline\">Como fundamento, los entidades aseguraron que ya ha quedado demostrado que la actualizaci\u00f3n anual del canon locativo para vivienda es un per\u00edodo muy extenso dentro de un contexto inflacionario desequilibrado. Las empresas explicaron que el per\u00edodo establecido de un a\u00f1o ha generado una \u201cgran presi\u00f3n\u201d en el valor locativo inicial, una aceleraci\u00f3n en los precios, retracci\u00f3n de la oferta y una suba de precio muy abrupta al momento de aplicar el \u00edndice de actualizaci\u00f3n contemplado en la ley.<\/p>\n<div class=\"rawHTML raw_html \"><iframe loading=\"lazy\" src=\"https:\/\/drive.google.com\/file\/d\/1GOBVN9KJ7r-6zGqcD9Ql3oYmS_uS_BQ7\/preview\" width=\"100%\" height=\"480\"><\/iframe><\/div>\n<p class=\"paragraph\" data-mrf-recirculation=\"Links inline\">Los organismos firmantes sostienen que las medidas sugeridas \u201cpodr\u00e1n contribuir a corto plazo a llevar una soluci\u00f3n temporal en materia de alquileres\u201d, aunque aclararon que resultan tambi\u00e9n necesarias \u201cotras acciones\u201d que impulsen a aumentar la oferta locativa y fomentar el desarrollo de la construcci\u00f3n.<\/p>\n<p class=\"paragraph\" data-mrf-recirculation=\"Links inline\">Firmaron el escrito\u00a0<b>Carlos Spina<\/b>\u00a0(presidente de AEV),\u00a0<b>Dami\u00e1n Tabakmann<\/b>\u00a0(presidente de CEDU),\u00a0<b>Josefina Pantano<\/b>,\u00a0<b>Emilio Caravaca Pazos<\/b>\u00a0(secretaria general y presidente de FIRA),\u00a0<b>Claudio Vold\u00e1novich<\/b>\u00a0(secretario general de FEDI) y\u00a0<b>Alejandro Bennazar\u00a0<\/b>(presidente de CIA).<\/p>\n<p data-mrf-recirculation=\"Links inline\">Fuente: Infobae<\/p>\n<\/div>\n","protected":false},"excerpt":{"rendered":"<div class=\"post-excerpt\"><p>Cinco entidades elevaron una propuesta conjunta en Diputados solicitando la modificaci\u00f3n de dos art\u00edculos de la Ley de Alquileres. Qu\u00e9 proponen y por qu\u00e9 \u00a0En julio se cumplieron dos a\u00f1os desde la entrada en vigencia de la\u00a0Ley de Alquileres\u00a0y a pesar de la disconformidad que reina entre los jugadores del sector inmobiliario y los inquilinos<\/p>\n<\/div>","protected":false},"author":2,"featured_media":3703,"comment_status":"closed","ping_status":"closed","sticky":false,"template":"","format":"standard","meta":{"_acf_changed":false,"footnotes":""},"categories":[2],"tags":[],"class_list":["post-41799","post","type-post","status-publish","format-standard","has-post-thumbnail","hentry","category-noticias"],"acf":[],"yoast_head":"<!-- This site is optimized with the Yoast SEO plugin v28.1 - https:\/\/yoast.com\/product\/yoast-seo-wordpress\/ -->\n<title>Las inmobiliarias presentaron un proyecto para poder actualizar los alquileres cada cuatro meses - Horizonte<\/title>\n<meta name=\"robots\" content=\"index, follow, max-snippet:-1, max-image-preview:large, max-video-preview:-1\" \/>\n<link rel=\"canonical\" href=\"http:\/\/www.radiohorizonte.fm\/radio\/2023\/08\/22\/las-inmobiliarias-presentaron-un-proyecto-para-poder-actualizar-los-alquileres-cada-cuatro-meses\/\" \/>\n<meta property=\"og:locale\" content=\"es_ES\" \/>\n<meta property=\"og:type\" content=\"article\" \/>\n<meta property=\"og:title\" content=\"Las inmobiliarias presentaron un proyecto para poder actualizar los alquileres cada cuatro meses - Horizonte\" \/>\n<meta property=\"og:description\" content=\"Cinco entidades elevaron una propuesta conjunta en Diputados solicitando la modificaci\u00f3n de dos art\u00edculos de la Ley de Alquileres. Qu\u00e9 proponen y por qu\u00e9 \u00a0En julio se cumplieron dos a\u00f1os desde la entrada en vigencia de la\u00a0Ley de Alquileres\u00a0y a pesar de la disconformidad que reina entre los jugadores del sector inmobiliario y los inquilinos\" \/>\n<meta property=\"og:url\" content=\"http:\/\/www.radiohorizonte.fm\/radio\/2023\/08\/22\/las-inmobiliarias-presentaron-un-proyecto-para-poder-actualizar-los-alquileres-cada-cuatro-meses\/\" \/>\n<meta property=\"og:site_name\" content=\"Horizonte\" \/>\n<meta property=\"article:publisher\" content=\"http:\/\/www.facebook.com\/HORIZONTE106.1\" \/>\n<meta property=\"article:published_time\" content=\"2023-08-22T10:45:29+00:00\" \/>\n<meta property=\"og:image\" content=\"http:\/\/www.radiohorizonte.fm\/radio\/wp-content\/uploads\/2017\/02\/alquila.jpg\" \/>\n\t<meta property=\"og:image:width\" content=\"324\" \/>\n\t<meta property=\"og:image:height\" content=\"182\" \/>\n\t<meta property=\"og:image:type\" content=\"image\/jpeg\" \/>\n<meta name=\"author\" content=\"Cristian Galarza\" \/>\n<meta name=\"twitter:card\" content=\"summary_large_image\" \/>\n<meta name=\"twitter:creator\" content=\"@fmhorizonte1061\" \/>\n<meta name=\"twitter:site\" content=\"@fmhorizonte1061\" \/>\n<meta name=\"twitter:label1\" content=\"Escrito por\" \/>\n\t<meta name=\"twitter:data1\" content=\"Cristian Galarza\" \/>\n\t<meta name=\"twitter:label2\" content=\"Tiempo de lectura\" \/>\n\t<meta name=\"twitter:data2\" content=\"4 minutos\" \/>\n<script type=\"application\/ld+json\" class=\"yoast-schema-graph\">{\"@context\":\"https:\\\/\\\/schema.org\",\"@graph\":[{\"@type\":\"Article\",\"@id\":\"http:\\\/\\\/www.radiohorizonte.fm\\\/radio\\\/2023\\\/08\\\/22\\\/las-inmobiliarias-presentaron-un-proyecto-para-poder-actualizar-los-alquileres-cada-cuatro-meses\\\/#article\",\"isPartOf\":{\"@id\":\"http:\\\/\\\/www.radiohorizonte.fm\\\/radio\\\/2023\\\/08\\\/22\\\/las-inmobiliarias-presentaron-un-proyecto-para-poder-actualizar-los-alquileres-cada-cuatro-meses\\\/\"},\"author\":{\"name\":\"Cristian Galarza\",\"@id\":\"http:\\\/\\\/www.radiohorizonte.fm\\\/radio\\\/#\\\/schema\\\/person\\\/f8fa003a405bb86729fd87d15d0ddafa\"},\"headline\":\"Las inmobiliarias presentaron un proyecto para poder actualizar los alquileres cada cuatro meses\",\"datePublished\":\"2023-08-22T10:45:29+00:00\",\"mainEntityOfPage\":{\"@id\":\"http:\\\/\\\/www.radiohorizonte.fm\\\/radio\\\/2023\\\/08\\\/22\\\/las-inmobiliarias-presentaron-un-proyecto-para-poder-actualizar-los-alquileres-cada-cuatro-meses\\\/\"},\"wordCount\":825,\"publisher\":{\"@id\":\"http:\\\/\\\/www.radiohorizonte.fm\\\/radio\\\/#organization\"},\"image\":{\"@id\":\"http:\\\/\\\/www.radiohorizonte.fm\\\/radio\\\/2023\\\/08\\\/22\\\/las-inmobiliarias-presentaron-un-proyecto-para-poder-actualizar-los-alquileres-cada-cuatro-meses\\\/#primaryimage\"},\"thumbnailUrl\":\"http:\\\/\\\/www.radiohorizonte.fm\\\/radio\\\/wp-content\\\/uploads\\\/2017\\\/02\\\/alquila.jpg\",\"articleSection\":[\"Noticias\"],\"inLanguage\":\"es-AR\"},{\"@type\":\"WebPage\",\"@id\":\"http:\\\/\\\/www.radiohorizonte.fm\\\/radio\\\/2023\\\/08\\\/22\\\/las-inmobiliarias-presentaron-un-proyecto-para-poder-actualizar-los-alquileres-cada-cuatro-meses\\\/\",\"url\":\"http:\\\/\\\/www.radiohorizonte.fm\\\/radio\\\/2023\\\/08\\\/22\\\/las-inmobiliarias-presentaron-un-proyecto-para-poder-actualizar-los-alquileres-cada-cuatro-meses\\\/\",\"name\":\"Las inmobiliarias presentaron un proyecto para poder actualizar los alquileres cada cuatro meses - Horizonte\",\"isPartOf\":{\"@id\":\"http:\\\/\\\/www.radiohorizonte.fm\\\/radio\\\/#website\"},\"primaryImageOfPage\":{\"@id\":\"http:\\\/\\\/www.radiohorizonte.fm\\\/radio\\\/2023\\\/08\\\/22\\\/las-inmobiliarias-presentaron-un-proyecto-para-poder-actualizar-los-alquileres-cada-cuatro-meses\\\/#primaryimage\"},\"image\":{\"@id\":\"http:\\\/\\\/www.radiohorizonte.fm\\\/radio\\\/2023\\\/08\\\/22\\\/las-inmobiliarias-presentaron-un-proyecto-para-poder-actualizar-los-alquileres-cada-cuatro-meses\\\/#primaryimage\"},\"thumbnailUrl\":\"http:\\\/\\\/www.radiohorizonte.fm\\\/radio\\\/wp-content\\\/uploads\\\/2017\\\/02\\\/alquila.jpg\",\"datePublished\":\"2023-08-22T10:45:29+00:00\",\"breadcrumb\":{\"@id\":\"http:\\\/\\\/www.radiohorizonte.fm\\\/radio\\\/2023\\\/08\\\/22\\\/las-inmobiliarias-presentaron-un-proyecto-para-poder-actualizar-los-alquileres-cada-cuatro-meses\\\/#breadcrumb\"},\"inLanguage\":\"es-AR\",\"potentialAction\":[{\"@type\":\"ReadAction\",\"target\":[\"http:\\\/\\\/www.radiohorizonte.fm\\\/radio\\\/2023\\\/08\\\/22\\\/las-inmobiliarias-presentaron-un-proyecto-para-poder-actualizar-los-alquileres-cada-cuatro-meses\\\/\"]}]},{\"@type\":\"ImageObject\",\"inLanguage\":\"es-AR\",\"@id\":\"http:\\\/\\\/www.radiohorizonte.fm\\\/radio\\\/2023\\\/08\\\/22\\\/las-inmobiliarias-presentaron-un-proyecto-para-poder-actualizar-los-alquileres-cada-cuatro-meses\\\/#primaryimage\",\"url\":\"http:\\\/\\\/www.radiohorizonte.fm\\\/radio\\\/wp-content\\\/uploads\\\/2017\\\/02\\\/alquila.jpg\",\"contentUrl\":\"http:\\\/\\\/www.radiohorizonte.fm\\\/radio\\\/wp-content\\\/uploads\\\/2017\\\/02\\\/alquila.jpg\",\"width\":324,\"height\":182},{\"@type\":\"BreadcrumbList\",\"@id\":\"http:\\\/\\\/www.radiohorizonte.fm\\\/radio\\\/2023\\\/08\\\/22\\\/las-inmobiliarias-presentaron-un-proyecto-para-poder-actualizar-los-alquileres-cada-cuatro-meses\\\/#breadcrumb\",\"itemListElement\":[{\"@type\":\"ListItem\",\"position\":1,\"name\":\"Home\",\"item\":\"http:\\\/\\\/www.radiohorizonte.fm\\\/radio\\\/\"},{\"@type\":\"ListItem\",\"position\":2,\"name\":\"Las inmobiliarias presentaron un proyecto para poder actualizar los alquileres cada cuatro meses\"}]},{\"@type\":\"WebSite\",\"@id\":\"http:\\\/\\\/www.radiohorizonte.fm\\\/radio\\\/#website\",\"url\":\"http:\\\/\\\/www.radiohorizonte.fm\\\/radio\\\/\",\"name\":\"Horizonte\",\"description\":\"Radio Horizonte 106.1 - Una radio de clasicos\",\"publisher\":{\"@id\":\"http:\\\/\\\/www.radiohorizonte.fm\\\/radio\\\/#organization\"},\"potentialAction\":[{\"@type\":\"SearchAction\",\"target\":{\"@type\":\"EntryPoint\",\"urlTemplate\":\"http:\\\/\\\/www.radiohorizonte.fm\\\/radio\\\/?s={search_term_string}\"},\"query-input\":{\"@type\":\"PropertyValueSpecification\",\"valueRequired\":true,\"valueName\":\"search_term_string\"}}],\"inLanguage\":\"es-AR\"},{\"@type\":\"Organization\",\"@id\":\"http:\\\/\\\/www.radiohorizonte.fm\\\/radio\\\/#organization\",\"name\":\"Horizonte\",\"url\":\"http:\\\/\\\/www.radiohorizonte.fm\\\/radio\\\/\",\"logo\":{\"@type\":\"ImageObject\",\"inLanguage\":\"es-AR\",\"@id\":\"http:\\\/\\\/www.radiohorizonte.fm\\\/radio\\\/#\\\/schema\\\/logo\\\/image\\\/\",\"url\":\"http:\\\/\\\/www.radiohorizonte.fm\\\/radio\\\/wp-content\\\/uploads\\\/2025\\\/06\\\/Portada-FM-Horizonte_modelo-imagen-scaled.jpg\",\"contentUrl\":\"http:\\\/\\\/www.radiohorizonte.fm\\\/radio\\\/wp-content\\\/uploads\\\/2025\\\/06\\\/Portada-FM-Horizonte_modelo-imagen-scaled.jpg\",\"width\":2560,\"height\":1056,\"caption\":\"Horizonte\"},\"image\":{\"@id\":\"http:\\\/\\\/www.radiohorizonte.fm\\\/radio\\\/#\\\/schema\\\/logo\\\/image\\\/\"},\"sameAs\":[\"http:\\\/\\\/www.facebook.com\\\/HORIZONTE106.1\",\"https:\\\/\\\/x.com\\\/fmhorizonte1061\"]},{\"@type\":\"Person\",\"@id\":\"http:\\\/\\\/www.radiohorizonte.fm\\\/radio\\\/#\\\/schema\\\/person\\\/f8fa003a405bb86729fd87d15d0ddafa\",\"name\":\"Cristian Galarza\",\"image\":{\"@type\":\"ImageObject\",\"inLanguage\":\"es-AR\",\"@id\":\"https:\\\/\\\/secure.gravatar.com\\\/avatar\\\/fad34bc2c773209c05d7d53b08a69b680eeb55f3be014e52b31643d20ab65925?s=96&d=mm&r=g\",\"url\":\"https:\\\/\\\/secure.gravatar.com\\\/avatar\\\/fad34bc2c773209c05d7d53b08a69b680eeb55f3be014e52b31643d20ab65925?s=96&d=mm&r=g\",\"contentUrl\":\"https:\\\/\\\/secure.gravatar.com\\\/avatar\\\/fad34bc2c773209c05d7d53b08a69b680eeb55f3be014e52b31643d20ab65925?s=96&d=mm&r=g\",\"caption\":\"Cristian Galarza\"},\"url\":\"http:\\\/\\\/www.radiohorizonte.fm\\\/radio\\\/author\\\/cristian\\\/\"}]}<\/script>\n<!-- \/ Yoast SEO plugin. -->","yoast_head_json":{"title":"Las inmobiliarias presentaron un proyecto para poder actualizar los alquileres cada cuatro meses - Horizonte","robots":{"index":"index","follow":"follow","max-snippet":"max-snippet:-1","max-image-preview":"max-image-preview:large","max-video-preview":"max-video-preview:-1"},"canonical":"http:\/\/www.radiohorizonte.fm\/radio\/2023\/08\/22\/las-inmobiliarias-presentaron-un-proyecto-para-poder-actualizar-los-alquileres-cada-cuatro-meses\/","og_locale":"es_ES","og_type":"article","og_title":"Las inmobiliarias presentaron un proyecto para poder actualizar los alquileres cada cuatro meses - Horizonte","og_description":"Cinco entidades elevaron una propuesta conjunta en Diputados solicitando la modificaci\u00f3n de dos art\u00edculos de la Ley de Alquileres. Qu\u00e9 proponen y por qu\u00e9 \u00a0En julio se cumplieron dos a\u00f1os desde la entrada en vigencia de la\u00a0Ley de Alquileres\u00a0y a pesar de la disconformidad que reina entre los jugadores del sector inmobiliario y los inquilinos","og_url":"http:\/\/www.radiohorizonte.fm\/radio\/2023\/08\/22\/las-inmobiliarias-presentaron-un-proyecto-para-poder-actualizar-los-alquileres-cada-cuatro-meses\/","og_site_name":"Horizonte","article_publisher":"http:\/\/www.facebook.com\/HORIZONTE106.1","article_published_time":"2023-08-22T10:45:29+00:00","og_image":[{"width":324,"height":182,"url":"http:\/\/www.radiohorizonte.fm\/radio\/wp-content\/uploads\/2017\/02\/alquila.jpg","type":"image\/jpeg"}],"author":"Cristian Galarza","twitter_card":"summary_large_image","twitter_creator":"@fmhorizonte1061","twitter_site":"@fmhorizonte1061","twitter_misc":{"Escrito por":"Cristian Galarza","Tiempo de lectura":"4 minutos"},"schema":{"@context":"https:\/\/schema.org","@graph":[{"@type":"Article","@id":"http:\/\/www.radiohorizonte.fm\/radio\/2023\/08\/22\/las-inmobiliarias-presentaron-un-proyecto-para-poder-actualizar-los-alquileres-cada-cuatro-meses\/#article","isPartOf":{"@id":"http:\/\/www.radiohorizonte.fm\/radio\/2023\/08\/22\/las-inmobiliarias-presentaron-un-proyecto-para-poder-actualizar-los-alquileres-cada-cuatro-meses\/"},"author":{"name":"Cristian Galarza","@id":"http:\/\/www.radiohorizonte.fm\/radio\/#\/schema\/person\/f8fa003a405bb86729fd87d15d0ddafa"},"headline":"Las inmobiliarias presentaron un proyecto para poder actualizar los alquileres cada cuatro meses","datePublished":"2023-08-22T10:45:29+00:00","mainEntityOfPage":{"@id":"http:\/\/www.radiohorizonte.fm\/radio\/2023\/08\/22\/las-inmobiliarias-presentaron-un-proyecto-para-poder-actualizar-los-alquileres-cada-cuatro-meses\/"},"wordCount":825,"publisher":{"@id":"http:\/\/www.radiohorizonte.fm\/radio\/#organization"},"image":{"@id":"http:\/\/www.radiohorizonte.fm\/radio\/2023\/08\/22\/las-inmobiliarias-presentaron-un-proyecto-para-poder-actualizar-los-alquileres-cada-cuatro-meses\/#primaryimage"},"thumbnailUrl":"http:\/\/www.radiohorizonte.fm\/radio\/wp-content\/uploads\/2017\/02\/alquila.jpg","articleSection":["Noticias"],"inLanguage":"es-AR"},{"@type":"WebPage","@id":"http:\/\/www.radiohorizonte.fm\/radio\/2023\/08\/22\/las-inmobiliarias-presentaron-un-proyecto-para-poder-actualizar-los-alquileres-cada-cuatro-meses\/","url":"http:\/\/www.radiohorizonte.fm\/radio\/2023\/08\/22\/las-inmobiliarias-presentaron-un-proyecto-para-poder-actualizar-los-alquileres-cada-cuatro-meses\/","name":"Las inmobiliarias presentaron un proyecto para poder actualizar los alquileres cada cuatro meses - Horizonte","isPartOf":{"@id":"http:\/\/www.radiohorizonte.fm\/radio\/#website"},"primaryImageOfPage":{"@id":"http:\/\/www.radiohorizonte.fm\/radio\/2023\/08\/22\/las-inmobiliarias-presentaron-un-proyecto-para-poder-actualizar-los-alquileres-cada-cuatro-meses\/#primaryimage"},"image":{"@id":"http:\/\/www.radiohorizonte.fm\/radio\/2023\/08\/22\/las-inmobiliarias-presentaron-un-proyecto-para-poder-actualizar-los-alquileres-cada-cuatro-meses\/#primaryimage"},"thumbnailUrl":"http:\/\/www.radiohorizonte.fm\/radio\/wp-content\/uploads\/2017\/02\/alquila.jpg","datePublished":"2023-08-22T10:45:29+00:00","breadcrumb":{"@id":"http:\/\/www.radiohorizonte.fm\/radio\/2023\/08\/22\/las-inmobiliarias-presentaron-un-proyecto-para-poder-actualizar-los-alquileres-cada-cuatro-meses\/#breadcrumb"},"inLanguage":"es-AR","potentialAction":[{"@type":"ReadAction","target":["http:\/\/www.radiohorizonte.fm\/radio\/2023\/08\/22\/las-inmobiliarias-presentaron-un-proyecto-para-poder-actualizar-los-alquileres-cada-cuatro-meses\/"]}]},{"@type":"ImageObject","inLanguage":"es-AR","@id":"http:\/\/www.radiohorizonte.fm\/radio\/2023\/08\/22\/las-inmobiliarias-presentaron-un-proyecto-para-poder-actualizar-los-alquileres-cada-cuatro-meses\/#primaryimage","url":"http:\/\/www.radiohorizonte.fm\/radio\/wp-content\/uploads\/2017\/02\/alquila.jpg","contentUrl":"http:\/\/www.radiohorizonte.fm\/radio\/wp-content\/uploads\/2017\/02\/alquila.jpg","width":324,"height":182},{"@type":"BreadcrumbList","@id":"http:\/\/www.radiohorizonte.fm\/radio\/2023\/08\/22\/las-inmobiliarias-presentaron-un-proyecto-para-poder-actualizar-los-alquileres-cada-cuatro-meses\/#breadcrumb","itemListElement":[{"@type":"ListItem","position":1,"name":"Home","item":"http:\/\/www.radiohorizonte.fm\/radio\/"},{"@type":"ListItem","position":2,"name":"Las inmobiliarias presentaron un proyecto para poder actualizar los alquileres cada cuatro meses"}]},{"@type":"WebSite","@id":"http:\/\/www.radiohorizonte.fm\/radio\/#website","url":"http:\/\/www.radiohorizonte.fm\/radio\/","name":"Horizonte","description":"Radio Horizonte 106.1 - Una radio de clasicos","publisher":{"@id":"http:\/\/www.radiohorizonte.fm\/radio\/#organization"},"potentialAction":[{"@type":"SearchAction","target":{"@type":"EntryPoint","urlTemplate":"http:\/\/www.radiohorizonte.fm\/radio\/?s={search_term_string}"},"query-input":{"@type":"PropertyValueSpecification","valueRequired":true,"valueName":"search_term_string"}}],"inLanguage":"es-AR"},{"@type":"Organization","@id":"http:\/\/www.radiohorizonte.fm\/radio\/#organization","name":"Horizonte","url":"http:\/\/www.radiohorizonte.fm\/radio\/","logo":{"@type":"ImageObject","inLanguage":"es-AR","@id":"http:\/\/www.radiohorizonte.fm\/radio\/#\/schema\/logo\/image\/","url":"http:\/\/www.radiohorizonte.fm\/radio\/wp-content\/uploads\/2025\/06\/Portada-FM-Horizonte_modelo-imagen-scaled.jpg","contentUrl":"http:\/\/www.radiohorizonte.fm\/radio\/wp-content\/uploads\/2025\/06\/Portada-FM-Horizonte_modelo-imagen-scaled.jpg","width":2560,"height":1056,"caption":"Horizonte"},"image":{"@id":"http:\/\/www.radiohorizonte.fm\/radio\/#\/schema\/logo\/image\/"},"sameAs":["http:\/\/www.facebook.com\/HORIZONTE106.1","https:\/\/x.com\/fmhorizonte1061"]},{"@type":"Person","@id":"http:\/\/www.radiohorizonte.fm\/radio\/#\/schema\/person\/f8fa003a405bb86729fd87d15d0ddafa","name":"Cristian Galarza","image":{"@type":"ImageObject","inLanguage":"es-AR","@id":"https:\/\/secure.gravatar.com\/avatar\/fad34bc2c773209c05d7d53b08a69b680eeb55f3be014e52b31643d20ab65925?s=96&d=mm&r=g","url":"https:\/\/secure.gravatar.com\/avatar\/fad34bc2c773209c05d7d53b08a69b680eeb55f3be014e52b31643d20ab65925?s=96&d=mm&r=g","contentUrl":"https:\/\/secure.gravatar.com\/avatar\/fad34bc2c773209c05d7d53b08a69b680eeb55f3be014e52b31643d20ab65925?s=96&d=mm&r=g","caption":"Cristian Galarza"},"url":"http:\/\/www.radiohorizonte.fm\/radio\/author\/cristian\/"}]}},"_links":{"self":[{"href":"http:\/\/www.radiohorizonte.fm\/radio\/wp-json\/wp\/v2\/posts\/41799","targetHints":{"allow":["GET"]}}],"collection":[{"href":"http:\/\/www.radiohorizonte.fm\/radio\/wp-json\/wp\/v2\/posts"}],"about":[{"href":"http:\/\/www.radiohorizonte.fm\/radio\/wp-json\/wp\/v2\/types\/post"}],"author":[{"embeddable":true,"href":"http:\/\/www.radiohorizonte.fm\/radio\/wp-json\/wp\/v2\/users\/2"}],"replies":[{"embeddable":true,"href":"http:\/\/www.radiohorizonte.fm\/radio\/wp-json\/wp\/v2\/comments?post=41799"}],"version-history":[{"count":1,"href":"http:\/\/www.radiohorizonte.fm\/radio\/wp-json\/wp\/v2\/posts\/41799\/revisions"}],"predecessor-version":[{"id":41800,"href":"http:\/\/www.radiohorizonte.fm\/radio\/wp-json\/wp\/v2\/posts\/41799\/revisions\/41800"}],"wp:featuredmedia":[{"embeddable":true,"href":"http:\/\/www.radiohorizonte.fm\/radio\/wp-json\/wp\/v2\/media\/3703"}],"wp:attachment":[{"href":"http:\/\/www.radiohorizonte.fm\/radio\/wp-json\/wp\/v2\/media?parent=41799"}],"wp:term":[{"taxonomy":"category","embeddable":true,"href":"http:\/\/www.radiohorizonte.fm\/radio\/wp-json\/wp\/v2\/categories?post=41799"},{"taxonomy":"post_tag","embeddable":true,"href":"http:\/\/www.radiohorizonte.fm\/radio\/wp-json\/wp\/v2\/tags?post=41799"}],"curies":[{"name":"wp","href":"https:\/\/api.w.org\/{rel}","templated":true}]}}