{"id":41811,"date":"2023-08-23T07:53:06","date_gmt":"2023-08-23T10:53:06","guid":{"rendered":"http:\/\/www.radiohorizonte.fm\/radio\/?p=41811"},"modified":"2023-08-23T07:53:06","modified_gmt":"2023-08-23T10:53:06","slug":"inicio-la-inscripcion-para-una-nueva-edicion-del-hello-hackathon","status":"publish","type":"post","link":"http:\/\/www.radiohorizonte.fm\/radio\/2023\/08\/23\/inicio-la-inscripcion-para-una-nueva-edicion-del-hello-hackathon\/","title":{"rendered":"Inici\u00f3 la inscripci\u00f3n para una nueva edici\u00f3n del &#8220;Hello Hackathon\u201d"},"content":{"rendered":"<p>Se trata de una actividad que propone generar espacios donde estudiantes trabajen en ideas de innovaci\u00f3n tecnol\u00f3gica, y promocionar la econom\u00eda del conocimiento como un sector estrat\u00e9gico para el desarrollo econ\u00f3mico de la ciudad. Las inscripciones est\u00e1n abiertas hasta el 25 de agosto y las escuelas secundarias deber\u00e1n escribir un mail a\u00a0<a href=\"mailto:ecodelconocimiento.mcctes@gmail.com\">ecodelconocimiento.mcctes@gmail.com\u00a0<img loading=\"lazy\" decoding=\"async\" class=\"alignnone size-full wp-image-41812\" src=\"http:\/\/www.radiohorizonte.fm\/radio\/wp-content\/uploads\/2023\/08\/hakathon_2.jpeg\" alt=\"\" width=\"848\" height=\"565\" srcset=\"http:\/\/www.radiohorizonte.fm\/radio\/wp-content\/uploads\/2023\/08\/hakathon_2.jpeg 848w, http:\/\/www.radiohorizonte.fm\/radio\/wp-content\/uploads\/2023\/08\/hakathon_2-300x200.jpeg 300w, http:\/\/www.radiohorizonte.fm\/radio\/wp-content\/uploads\/2023\/08\/hakathon_2-768x512.jpeg 768w, http:\/\/www.radiohorizonte.fm\/radio\/wp-content\/uploads\/2023\/08\/hakathon_2-65x43.jpeg 65w, http:\/\/www.radiohorizonte.fm\/radio\/wp-content\/uploads\/2023\/08\/hakathon_2-85x57.jpeg 85w, http:\/\/www.radiohorizonte.fm\/radio\/wp-content\/uploads\/2023\/08\/hakathon_2-188x125.jpeg 188w, http:\/\/www.radiohorizonte.fm\/radio\/wp-content\/uploads\/2023\/08\/hakathon_2-90x60.jpeg 90w\" sizes=\"auto, (max-width: 848px) 100vw, 848px\" \/><\/a><\/p>\n<p>La Municipalidad de Corrientes inici\u00f3 este martes la inscripci\u00f3n para una nueva edici\u00f3n del \u201cHello Hackathon Corrientes\u201d. Es una actividad destinada a j\u00f3venes de 13 a 18 a\u00f1os, que busca promover la Econom\u00eda del Conocimiento.<\/p>\n<p>Se trata de una acci\u00f3n llevada adelante por la Secretaria de Desarrollo Econ\u00f3mico de la Municipalidad en conjunto con el Ministerio de Ciencia y Tecnolog\u00eda de la Provincia, el Ministerio de Educaci\u00f3n de la Provincia, el Laboratorio de Desarrollo Territorial de la Facultad de Derecho y Ciencias Sociales y Pol\u00edticas de la Universidad Nacional del Nordeste (UNNE), el Instituto Nacional de Tecnolog\u00eda Industrial (INTI), el Polo IT de Corrientes y la C\u00e1mara de Blockchain de Corrientes.<\/p>\n<p>Las escuelas secundarias interesadas en participar pueden inscribirse en\u00a0<a href=\"mailto:ecodelconocimiento.mcctes@gmail.com\">ecodelconocimiento.mcctes@gmail.com<\/a>\u00a0hasta el 25 de agosto. Est\u00e1 destinado a j\u00f3venes de entre 13 y 18 a\u00f1os de la ciudad de Corrientes.<\/p>\n<p>La jornada se realizar\u00e1 el viernes 1 de septiembre, desde las 8, en el Sal\u00f3n Auditorio de la Facultad de Derecho y Ciencias Pol\u00edticas y Sociales, ubicado por avenida Libertad 5460 de la ciudad de Corrientes.<\/p>\n<p>El \u201cHello Hackathon Corrientes\u201d permite abordar la co-creaci\u00f3n de soluciones tecnol\u00f3gicas conjuntas frente a las problem\u00e1ticas actuales de la ciudad, estimulando una participaci\u00f3n activa, abierta y colaborativa de los adolescentes a quienes se dirige principalmente el certamen.<\/p>\n<p>Cabe recordar que en las \u00faltimas ediciones se presentaron propuestas vinculadas a la econom\u00eda circular, smart cities y cuidados del ambiente, con el prop\u00f3sito de generar ideas de negocios que puedan llevarse a la pr\u00e1ctica acompa\u00f1as por la Municipalidad y distintos socios estrat\u00e9gicos. En esos casos, los ganadores fueron La Escuela T\u00e9cnica Carmen Molina de Llano, Escuela Normal Dr. Juan Pujol y el Colegio Secundario Manuel Belgrano.<\/p>\n","protected":false},"excerpt":{"rendered":"<div class=\"post-excerpt\"><p>Se trata de una actividad que propone generar espacios donde estudiantes trabajen en ideas de innovaci\u00f3n tecnol\u00f3gica, y promocionar la econom\u00eda del conocimiento como un sector estrat\u00e9gico para el desarrollo econ\u00f3mico de la ciudad. Las inscripciones est\u00e1n abiertas hasta el 25 de agosto y las escuelas secundarias deber\u00e1n escribir un mail a\u00a0ecodelconocimiento.mcctes@gmail.com\u00a0 La Municipalidad de<\/p>\n<\/div>","protected":false},"author":2,"featured_media":41812,"comment_status":"closed","ping_status":"closed","sticky":false,"template":"","format":"standard","meta":{"_acf_changed":false,"footnotes":""},"categories":[2],"tags":[],"class_list":["post-41811","post","type-post","status-publish","format-standard","has-post-thumbnail","hentry","category-noticias"],"acf":[],"yoast_head":"<!-- This site is optimized with the Yoast SEO plugin v28.1 - https:\/\/yoast.com\/product\/yoast-seo-wordpress\/ -->\n<title>Inici\u00f3 la inscripci\u00f3n para una nueva edici\u00f3n del &quot;Hello Hackathon\u201d - Horizonte<\/title>\n<meta name=\"robots\" content=\"index, follow, max-snippet:-1, max-image-preview:large, max-video-preview:-1\" \/>\n<link rel=\"canonical\" href=\"http:\/\/www.radiohorizonte.fm\/radio\/2023\/08\/23\/inicio-la-inscripcion-para-una-nueva-edicion-del-hello-hackathon\/\" \/>\n<meta property=\"og:locale\" content=\"es_ES\" \/>\n<meta property=\"og:type\" content=\"article\" \/>\n<meta property=\"og:title\" content=\"Inici\u00f3 la inscripci\u00f3n para una nueva edici\u00f3n del &quot;Hello Hackathon\u201d - Horizonte\" \/>\n<meta property=\"og:description\" content=\"Se trata de una actividad que propone generar espacios donde estudiantes trabajen en ideas de innovaci\u00f3n tecnol\u00f3gica, y promocionar la econom\u00eda del conocimiento como un sector estrat\u00e9gico para el desarrollo econ\u00f3mico de la ciudad. Las inscripciones est\u00e1n abiertas hasta el 25 de agosto y las escuelas secundarias deber\u00e1n escribir un mail a\u00a0ecodelconocimiento.mcctes@gmail.com\u00a0 La Municipalidad de\" \/>\n<meta property=\"og:url\" content=\"http:\/\/www.radiohorizonte.fm\/radio\/2023\/08\/23\/inicio-la-inscripcion-para-una-nueva-edicion-del-hello-hackathon\/\" \/>\n<meta property=\"og:site_name\" content=\"Horizonte\" \/>\n<meta property=\"article:publisher\" content=\"http:\/\/www.facebook.com\/HORIZONTE106.1\" \/>\n<meta property=\"article:published_time\" content=\"2023-08-23T10:53:06+00:00\" \/>\n<meta property=\"og:image\" content=\"http:\/\/www.radiohorizonte.fm\/radio\/wp-content\/uploads\/2023\/08\/hakathon_2.jpeg\" \/>\n\t<meta property=\"og:image:width\" content=\"848\" \/>\n\t<meta property=\"og:image:height\" content=\"565\" \/>\n\t<meta property=\"og:image:type\" content=\"image\/jpeg\" \/>\n<meta name=\"author\" content=\"Cristian Galarza\" \/>\n<meta name=\"twitter:card\" content=\"summary_large_image\" \/>\n<meta name=\"twitter:creator\" content=\"@fmhorizonte1061\" \/>\n<meta name=\"twitter:site\" content=\"@fmhorizonte1061\" \/>\n<meta name=\"twitter:label1\" content=\"Escrito por\" \/>\n\t<meta name=\"twitter:data1\" content=\"Cristian Galarza\" \/>\n\t<meta name=\"twitter:label2\" content=\"Tiempo de lectura\" \/>\n\t<meta name=\"twitter:data2\" content=\"2 minutos\" \/>\n<script type=\"application\/ld+json\" class=\"yoast-schema-graph\">{\"@context\":\"https:\\\/\\\/schema.org\",\"@graph\":[{\"@type\":\"Article\",\"@id\":\"http:\\\/\\\/www.radiohorizonte.fm\\\/radio\\\/2023\\\/08\\\/23\\\/inicio-la-inscripcion-para-una-nueva-edicion-del-hello-hackathon\\\/#article\",\"isPartOf\":{\"@id\":\"http:\\\/\\\/www.radiohorizonte.fm\\\/radio\\\/2023\\\/08\\\/23\\\/inicio-la-inscripcion-para-una-nueva-edicion-del-hello-hackathon\\\/\"},\"author\":{\"name\":\"Cristian Galarza\",\"@id\":\"http:\\\/\\\/www.radiohorizonte.fm\\\/radio\\\/#\\\/schema\\\/person\\\/f8fa003a405bb86729fd87d15d0ddafa\"},\"headline\":\"Inici\u00f3 la inscripci\u00f3n para una nueva edici\u00f3n del &#8220;Hello Hackathon\u201d\",\"datePublished\":\"2023-08-23T10:53:06+00:00\",\"mainEntityOfPage\":{\"@id\":\"http:\\\/\\\/www.radiohorizonte.fm\\\/radio\\\/2023\\\/08\\\/23\\\/inicio-la-inscripcion-para-una-nueva-edicion-del-hello-hackathon\\\/\"},\"wordCount\":376,\"publisher\":{\"@id\":\"http:\\\/\\\/www.radiohorizonte.fm\\\/radio\\\/#organization\"},\"image\":{\"@id\":\"http:\\\/\\\/www.radiohorizonte.fm\\\/radio\\\/2023\\\/08\\\/23\\\/inicio-la-inscripcion-para-una-nueva-edicion-del-hello-hackathon\\\/#primaryimage\"},\"thumbnailUrl\":\"http:\\\/\\\/www.radiohorizonte.fm\\\/radio\\\/wp-content\\\/uploads\\\/2023\\\/08\\\/hakathon_2.jpeg\",\"articleSection\":[\"Noticias\"],\"inLanguage\":\"es-AR\"},{\"@type\":\"WebPage\",\"@id\":\"http:\\\/\\\/www.radiohorizonte.fm\\\/radio\\\/2023\\\/08\\\/23\\\/inicio-la-inscripcion-para-una-nueva-edicion-del-hello-hackathon\\\/\",\"url\":\"http:\\\/\\\/www.radiohorizonte.fm\\\/radio\\\/2023\\\/08\\\/23\\\/inicio-la-inscripcion-para-una-nueva-edicion-del-hello-hackathon\\\/\",\"name\":\"Inici\u00f3 la inscripci\u00f3n para una nueva edici\u00f3n del \\\"Hello Hackathon\u201d - Horizonte\",\"isPartOf\":{\"@id\":\"http:\\\/\\\/www.radiohorizonte.fm\\\/radio\\\/#website\"},\"primaryImageOfPage\":{\"@id\":\"http:\\\/\\\/www.radiohorizonte.fm\\\/radio\\\/2023\\\/08\\\/23\\\/inicio-la-inscripcion-para-una-nueva-edicion-del-hello-hackathon\\\/#primaryimage\"},\"image\":{\"@id\":\"http:\\\/\\\/www.radiohorizonte.fm\\\/radio\\\/2023\\\/08\\\/23\\\/inicio-la-inscripcion-para-una-nueva-edicion-del-hello-hackathon\\\/#primaryimage\"},\"thumbnailUrl\":\"http:\\\/\\\/www.radiohorizonte.fm\\\/radio\\\/wp-content\\\/uploads\\\/2023\\\/08\\\/hakathon_2.jpeg\",\"datePublished\":\"2023-08-23T10:53:06+00:00\",\"breadcrumb\":{\"@id\":\"http:\\\/\\\/www.radiohorizonte.fm\\\/radio\\\/2023\\\/08\\\/23\\\/inicio-la-inscripcion-para-una-nueva-edicion-del-hello-hackathon\\\/#breadcrumb\"},\"inLanguage\":\"es-AR\",\"potentialAction\":[{\"@type\":\"ReadAction\",\"target\":[\"http:\\\/\\\/www.radiohorizonte.fm\\\/radio\\\/2023\\\/08\\\/23\\\/inicio-la-inscripcion-para-una-nueva-edicion-del-hello-hackathon\\\/\"]}]},{\"@type\":\"ImageObject\",\"inLanguage\":\"es-AR\",\"@id\":\"http:\\\/\\\/www.radiohorizonte.fm\\\/radio\\\/2023\\\/08\\\/23\\\/inicio-la-inscripcion-para-una-nueva-edicion-del-hello-hackathon\\\/#primaryimage\",\"url\":\"http:\\\/\\\/www.radiohorizonte.fm\\\/radio\\\/wp-content\\\/uploads\\\/2023\\\/08\\\/hakathon_2.jpeg\",\"contentUrl\":\"http:\\\/\\\/www.radiohorizonte.fm\\\/radio\\\/wp-content\\\/uploads\\\/2023\\\/08\\\/hakathon_2.jpeg\",\"width\":848,\"height\":565},{\"@type\":\"BreadcrumbList\",\"@id\":\"http:\\\/\\\/www.radiohorizonte.fm\\\/radio\\\/2023\\\/08\\\/23\\\/inicio-la-inscripcion-para-una-nueva-edicion-del-hello-hackathon\\\/#breadcrumb\",\"itemListElement\":[{\"@type\":\"ListItem\",\"position\":1,\"name\":\"Home\",\"item\":\"http:\\\/\\\/www.radiohorizonte.fm\\\/radio\\\/\"},{\"@type\":\"ListItem\",\"position\":2,\"name\":\"Inici\u00f3 la inscripci\u00f3n para una nueva edici\u00f3n del &#8220;Hello Hackathon\u201d\"}]},{\"@type\":\"WebSite\",\"@id\":\"http:\\\/\\\/www.radiohorizonte.fm\\\/radio\\\/#website\",\"url\":\"http:\\\/\\\/www.radiohorizonte.fm\\\/radio\\\/\",\"name\":\"Horizonte\",\"description\":\"Radio Horizonte 106.1 - Una radio de clasicos\",\"publisher\":{\"@id\":\"http:\\\/\\\/www.radiohorizonte.fm\\\/radio\\\/#organization\"},\"potentialAction\":[{\"@type\":\"SearchAction\",\"target\":{\"@type\":\"EntryPoint\",\"urlTemplate\":\"http:\\\/\\\/www.radiohorizonte.fm\\\/radio\\\/?s={search_term_string}\"},\"query-input\":{\"@type\":\"PropertyValueSpecification\",\"valueRequired\":true,\"valueName\":\"search_term_string\"}}],\"inLanguage\":\"es-AR\"},{\"@type\":\"Organization\",\"@id\":\"http:\\\/\\\/www.radiohorizonte.fm\\\/radio\\\/#organization\",\"name\":\"Horizonte\",\"url\":\"http:\\\/\\\/www.radiohorizonte.fm\\\/radio\\\/\",\"logo\":{\"@type\":\"ImageObject\",\"inLanguage\":\"es-AR\",\"@id\":\"http:\\\/\\\/www.radiohorizonte.fm\\\/radio\\\/#\\\/schema\\\/logo\\\/image\\\/\",\"url\":\"http:\\\/\\\/www.radiohorizonte.fm\\\/radio\\\/wp-content\\\/uploads\\\/2025\\\/06\\\/Portada-FM-Horizonte_modelo-imagen-scaled.jpg\",\"contentUrl\":\"http:\\\/\\\/www.radiohorizonte.fm\\\/radio\\\/wp-content\\\/uploads\\\/2025\\\/06\\\/Portada-FM-Horizonte_modelo-imagen-scaled.jpg\",\"width\":2560,\"height\":1056,\"caption\":\"Horizonte\"},\"image\":{\"@id\":\"http:\\\/\\\/www.radiohorizonte.fm\\\/radio\\\/#\\\/schema\\\/logo\\\/image\\\/\"},\"sameAs\":[\"http:\\\/\\\/www.facebook.com\\\/HORIZONTE106.1\",\"https:\\\/\\\/x.com\\\/fmhorizonte1061\"]},{\"@type\":\"Person\",\"@id\":\"http:\\\/\\\/www.radiohorizonte.fm\\\/radio\\\/#\\\/schema\\\/person\\\/f8fa003a405bb86729fd87d15d0ddafa\",\"name\":\"Cristian Galarza\",\"image\":{\"@type\":\"ImageObject\",\"inLanguage\":\"es-AR\",\"@id\":\"https:\\\/\\\/secure.gravatar.com\\\/avatar\\\/fad34bc2c773209c05d7d53b08a69b680eeb55f3be014e52b31643d20ab65925?s=96&d=mm&r=g\",\"url\":\"https:\\\/\\\/secure.gravatar.com\\\/avatar\\\/fad34bc2c773209c05d7d53b08a69b680eeb55f3be014e52b31643d20ab65925?s=96&d=mm&r=g\",\"contentUrl\":\"https:\\\/\\\/secure.gravatar.com\\\/avatar\\\/fad34bc2c773209c05d7d53b08a69b680eeb55f3be014e52b31643d20ab65925?s=96&d=mm&r=g\",\"caption\":\"Cristian Galarza\"},\"url\":\"http:\\\/\\\/www.radiohorizonte.fm\\\/radio\\\/author\\\/cristian\\\/\"}]}<\/script>\n<!-- \/ Yoast SEO plugin. -->","yoast_head_json":{"title":"Inici\u00f3 la inscripci\u00f3n para una nueva edici\u00f3n del \"Hello Hackathon\u201d - Horizonte","robots":{"index":"index","follow":"follow","max-snippet":"max-snippet:-1","max-image-preview":"max-image-preview:large","max-video-preview":"max-video-preview:-1"},"canonical":"http:\/\/www.radiohorizonte.fm\/radio\/2023\/08\/23\/inicio-la-inscripcion-para-una-nueva-edicion-del-hello-hackathon\/","og_locale":"es_ES","og_type":"article","og_title":"Inici\u00f3 la inscripci\u00f3n para una nueva edici\u00f3n del \"Hello Hackathon\u201d - Horizonte","og_description":"Se trata de una actividad que propone generar espacios donde estudiantes trabajen en ideas de innovaci\u00f3n tecnol\u00f3gica, y promocionar la econom\u00eda del conocimiento como un sector estrat\u00e9gico para el desarrollo econ\u00f3mico de la ciudad. Las inscripciones est\u00e1n abiertas hasta el 25 de agosto y las escuelas secundarias deber\u00e1n escribir un mail a\u00a0ecodelconocimiento.mcctes@gmail.com\u00a0 La Municipalidad de","og_url":"http:\/\/www.radiohorizonte.fm\/radio\/2023\/08\/23\/inicio-la-inscripcion-para-una-nueva-edicion-del-hello-hackathon\/","og_site_name":"Horizonte","article_publisher":"http:\/\/www.facebook.com\/HORIZONTE106.1","article_published_time":"2023-08-23T10:53:06+00:00","og_image":[{"width":848,"height":565,"url":"http:\/\/www.radiohorizonte.fm\/radio\/wp-content\/uploads\/2023\/08\/hakathon_2.jpeg","type":"image\/jpeg"}],"author":"Cristian Galarza","twitter_card":"summary_large_image","twitter_creator":"@fmhorizonte1061","twitter_site":"@fmhorizonte1061","twitter_misc":{"Escrito por":"Cristian Galarza","Tiempo de lectura":"2 minutos"},"schema":{"@context":"https:\/\/schema.org","@graph":[{"@type":"Article","@id":"http:\/\/www.radiohorizonte.fm\/radio\/2023\/08\/23\/inicio-la-inscripcion-para-una-nueva-edicion-del-hello-hackathon\/#article","isPartOf":{"@id":"http:\/\/www.radiohorizonte.fm\/radio\/2023\/08\/23\/inicio-la-inscripcion-para-una-nueva-edicion-del-hello-hackathon\/"},"author":{"name":"Cristian Galarza","@id":"http:\/\/www.radiohorizonte.fm\/radio\/#\/schema\/person\/f8fa003a405bb86729fd87d15d0ddafa"},"headline":"Inici\u00f3 la inscripci\u00f3n para una nueva edici\u00f3n del &#8220;Hello Hackathon\u201d","datePublished":"2023-08-23T10:53:06+00:00","mainEntityOfPage":{"@id":"http:\/\/www.radiohorizonte.fm\/radio\/2023\/08\/23\/inicio-la-inscripcion-para-una-nueva-edicion-del-hello-hackathon\/"},"wordCount":376,"publisher":{"@id":"http:\/\/www.radiohorizonte.fm\/radio\/#organization"},"image":{"@id":"http:\/\/www.radiohorizonte.fm\/radio\/2023\/08\/23\/inicio-la-inscripcion-para-una-nueva-edicion-del-hello-hackathon\/#primaryimage"},"thumbnailUrl":"http:\/\/www.radiohorizonte.fm\/radio\/wp-content\/uploads\/2023\/08\/hakathon_2.jpeg","articleSection":["Noticias"],"inLanguage":"es-AR"},{"@type":"WebPage","@id":"http:\/\/www.radiohorizonte.fm\/radio\/2023\/08\/23\/inicio-la-inscripcion-para-una-nueva-edicion-del-hello-hackathon\/","url":"http:\/\/www.radiohorizonte.fm\/radio\/2023\/08\/23\/inicio-la-inscripcion-para-una-nueva-edicion-del-hello-hackathon\/","name":"Inici\u00f3 la inscripci\u00f3n para una nueva edici\u00f3n del \"Hello Hackathon\u201d - Horizonte","isPartOf":{"@id":"http:\/\/www.radiohorizonte.fm\/radio\/#website"},"primaryImageOfPage":{"@id":"http:\/\/www.radiohorizonte.fm\/radio\/2023\/08\/23\/inicio-la-inscripcion-para-una-nueva-edicion-del-hello-hackathon\/#primaryimage"},"image":{"@id":"http:\/\/www.radiohorizonte.fm\/radio\/2023\/08\/23\/inicio-la-inscripcion-para-una-nueva-edicion-del-hello-hackathon\/#primaryimage"},"thumbnailUrl":"http:\/\/www.radiohorizonte.fm\/radio\/wp-content\/uploads\/2023\/08\/hakathon_2.jpeg","datePublished":"2023-08-23T10:53:06+00:00","breadcrumb":{"@id":"http:\/\/www.radiohorizonte.fm\/radio\/2023\/08\/23\/inicio-la-inscripcion-para-una-nueva-edicion-del-hello-hackathon\/#breadcrumb"},"inLanguage":"es-AR","potentialAction":[{"@type":"ReadAction","target":["http:\/\/www.radiohorizonte.fm\/radio\/2023\/08\/23\/inicio-la-inscripcion-para-una-nueva-edicion-del-hello-hackathon\/"]}]},{"@type":"ImageObject","inLanguage":"es-AR","@id":"http:\/\/www.radiohorizonte.fm\/radio\/2023\/08\/23\/inicio-la-inscripcion-para-una-nueva-edicion-del-hello-hackathon\/#primaryimage","url":"http:\/\/www.radiohorizonte.fm\/radio\/wp-content\/uploads\/2023\/08\/hakathon_2.jpeg","contentUrl":"http:\/\/www.radiohorizonte.fm\/radio\/wp-content\/uploads\/2023\/08\/hakathon_2.jpeg","width":848,"height":565},{"@type":"BreadcrumbList","@id":"http:\/\/www.radiohorizonte.fm\/radio\/2023\/08\/23\/inicio-la-inscripcion-para-una-nueva-edicion-del-hello-hackathon\/#breadcrumb","itemListElement":[{"@type":"ListItem","position":1,"name":"Home","item":"http:\/\/www.radiohorizonte.fm\/radio\/"},{"@type":"ListItem","position":2,"name":"Inici\u00f3 la inscripci\u00f3n para una nueva edici\u00f3n del &#8220;Hello Hackathon\u201d"}]},{"@type":"WebSite","@id":"http:\/\/www.radiohorizonte.fm\/radio\/#website","url":"http:\/\/www.radiohorizonte.fm\/radio\/","name":"Horizonte","description":"Radio Horizonte 106.1 - Una radio de clasicos","publisher":{"@id":"http:\/\/www.radiohorizonte.fm\/radio\/#organization"},"potentialAction":[{"@type":"SearchAction","target":{"@type":"EntryPoint","urlTemplate":"http:\/\/www.radiohorizonte.fm\/radio\/?s={search_term_string}"},"query-input":{"@type":"PropertyValueSpecification","valueRequired":true,"valueName":"search_term_string"}}],"inLanguage":"es-AR"},{"@type":"Organization","@id":"http:\/\/www.radiohorizonte.fm\/radio\/#organization","name":"Horizonte","url":"http:\/\/www.radiohorizonte.fm\/radio\/","logo":{"@type":"ImageObject","inLanguage":"es-AR","@id":"http:\/\/www.radiohorizonte.fm\/radio\/#\/schema\/logo\/image\/","url":"http:\/\/www.radiohorizonte.fm\/radio\/wp-content\/uploads\/2025\/06\/Portada-FM-Horizonte_modelo-imagen-scaled.jpg","contentUrl":"http:\/\/www.radiohorizonte.fm\/radio\/wp-content\/uploads\/2025\/06\/Portada-FM-Horizonte_modelo-imagen-scaled.jpg","width":2560,"height":1056,"caption":"Horizonte"},"image":{"@id":"http:\/\/www.radiohorizonte.fm\/radio\/#\/schema\/logo\/image\/"},"sameAs":["http:\/\/www.facebook.com\/HORIZONTE106.1","https:\/\/x.com\/fmhorizonte1061"]},{"@type":"Person","@id":"http:\/\/www.radiohorizonte.fm\/radio\/#\/schema\/person\/f8fa003a405bb86729fd87d15d0ddafa","name":"Cristian Galarza","image":{"@type":"ImageObject","inLanguage":"es-AR","@id":"https:\/\/secure.gravatar.com\/avatar\/fad34bc2c773209c05d7d53b08a69b680eeb55f3be014e52b31643d20ab65925?s=96&d=mm&r=g","url":"https:\/\/secure.gravatar.com\/avatar\/fad34bc2c773209c05d7d53b08a69b680eeb55f3be014e52b31643d20ab65925?s=96&d=mm&r=g","contentUrl":"https:\/\/secure.gravatar.com\/avatar\/fad34bc2c773209c05d7d53b08a69b680eeb55f3be014e52b31643d20ab65925?s=96&d=mm&r=g","caption":"Cristian Galarza"},"url":"http:\/\/www.radiohorizonte.fm\/radio\/author\/cristian\/"}]}},"_links":{"self":[{"href":"http:\/\/www.radiohorizonte.fm\/radio\/wp-json\/wp\/v2\/posts\/41811","targetHints":{"allow":["GET"]}}],"collection":[{"href":"http:\/\/www.radiohorizonte.fm\/radio\/wp-json\/wp\/v2\/posts"}],"about":[{"href":"http:\/\/www.radiohorizonte.fm\/radio\/wp-json\/wp\/v2\/types\/post"}],"author":[{"embeddable":true,"href":"http:\/\/www.radiohorizonte.fm\/radio\/wp-json\/wp\/v2\/users\/2"}],"replies":[{"embeddable":true,"href":"http:\/\/www.radiohorizonte.fm\/radio\/wp-json\/wp\/v2\/comments?post=41811"}],"version-history":[{"count":1,"href":"http:\/\/www.radiohorizonte.fm\/radio\/wp-json\/wp\/v2\/posts\/41811\/revisions"}],"predecessor-version":[{"id":41813,"href":"http:\/\/www.radiohorizonte.fm\/radio\/wp-json\/wp\/v2\/posts\/41811\/revisions\/41813"}],"wp:featuredmedia":[{"embeddable":true,"href":"http:\/\/www.radiohorizonte.fm\/radio\/wp-json\/wp\/v2\/media\/41812"}],"wp:attachment":[{"href":"http:\/\/www.radiohorizonte.fm\/radio\/wp-json\/wp\/v2\/media?parent=41811"}],"wp:term":[{"taxonomy":"category","embeddable":true,"href":"http:\/\/www.radiohorizonte.fm\/radio\/wp-json\/wp\/v2\/categories?post=41811"},{"taxonomy":"post_tag","embeddable":true,"href":"http:\/\/www.radiohorizonte.fm\/radio\/wp-json\/wp\/v2\/tags?post=41811"}],"curies":[{"name":"wp","href":"https:\/\/api.w.org\/{rel}","templated":true}]}}