{"id":41814,"date":"2023-08-24T07:20:56","date_gmt":"2023-08-24T10:20:56","guid":{"rendered":"http:\/\/www.radiohorizonte.fm\/radio\/?p=41814"},"modified":"2023-08-24T07:20:56","modified_gmt":"2023-08-24T10:20:56","slug":"registro-de-personas-modifican-la-norma-69-anos-despues-y-permitiran-nombres-aborigenes","status":"publish","type":"post","link":"http:\/\/www.radiohorizonte.fm\/radio\/2023\/08\/24\/registro-de-personas-modifican-la-norma-69-anos-despues-y-permitiran-nombres-aborigenes\/","title":{"rendered":"Registro de Personas: modifican la norma 69 a\u00f1os despu\u00e9s y permitir\u00e1n nombres abor\u00edgenes"},"content":{"rendered":"<div class=\"item is-12 mnp\">\n<div class=\"articulo__intro\">Los legisladores aprobaron por unanimidad los cambios. La iniciativa deber\u00e1 ser tratada ahora en el Senado.<\/div>\n<\/div>\n<div class=\"item articulo__main\">\u00a0<img loading=\"lazy\" decoding=\"async\" class=\"alignnone size-full wp-image-9667\" src=\"http:\/\/www.radiohorizonte.fm\/radio\/wp-content\/uploads\/2017\/10\/registro-1.jpg\" alt=\"\" width=\"700\" height=\"351\" srcset=\"http:\/\/www.radiohorizonte.fm\/radio\/wp-content\/uploads\/2017\/10\/registro-1.jpg 700w, http:\/\/www.radiohorizonte.fm\/radio\/wp-content\/uploads\/2017\/10\/registro-1-300x150.jpg 300w, http:\/\/www.radiohorizonte.fm\/radio\/wp-content\/uploads\/2017\/10\/registro-1-65x33.jpg 65w, http:\/\/www.radiohorizonte.fm\/radio\/wp-content\/uploads\/2017\/10\/registro-1-320x160.jpg 320w, http:\/\/www.radiohorizonte.fm\/radio\/wp-content\/uploads\/2017\/10\/registro-1-85x43.jpg 85w, http:\/\/www.radiohorizonte.fm\/radio\/wp-content\/uploads\/2017\/10\/registro-1-220x110.jpg 220w, http:\/\/www.radiohorizonte.fm\/radio\/wp-content\/uploads\/2017\/10\/registro-1-90x45.jpg 90w\" sizes=\"auto, (max-width: 700px) 100vw, 700px\" \/>La C\u00e1mara de Diputados aprob\u00f3 por unanimidad la modificaci\u00f3n a la normativa que crea el Registro Provincial de las Personas (Ley 1.878 que data del a\u00f1o 1.954), adecu\u00e1ndola al C\u00f3digo Civil Nacional, por lo que incluye uniones convivenciales y la autorizaci\u00f3n a la inscripci\u00f3n de nombres abor\u00edgenes, entre otros importantes cambios.<\/p>\n<p>El diputado Eduardo Hardoy agradeci\u00f3 a sus pares el apoyo a esta iniciativa \u00a0cuya autor\u00eda es del bloque Partido Liberal, destacando en su alocuci\u00f3n que entre otros puntos, esta importante modificaci\u00f3n \u201csuprime, por ejemplo, el instituto de legitimaci\u00f3n de los hijos nacidos fuera del matrimonio, una figura jur\u00eddica derogada hace tiempo\u201d, acotando que \u201clo que se busca es dar claridad a todos aquellos que tienen que recurrir al Registro por determinadas cuestiones\u201d.<\/p>\n<p>Uno de los art\u00edculos que se modific\u00f3 fue el 68, en el que se incorpor\u00f3 la posibilidad de inscribir a las personas con nombres abor\u00edgenes.<\/p>\n<p>\u201cArt\u00edculo 68.- No podr\u00e1n inscribirse m\u00e1s de tres prenombres, apellidos como prenombres, primeros prenombres id\u00e9nticos a primeros prenombres de hermanos vivos, ni prenombres extravagantes. Podr\u00e1n inscribirse nombres abor\u00edgenes o derivados de voces abor\u00edgenes aut\u00f3ctonas y latinoamericanas\u201d. Se modificaron nueve art\u00edculos de la vieja ley: 22, 44 bis, 63, se derog\u00f3 el 64; se cambiaron los art\u00edculos 65, 66, 68, 69 y 71.<\/p>\n<div class=\"articulo__cuerpo\">\n<p>Tambi\u00e9n se incorpor\u00f3 el matrimonio igualitario, que ya estaba vigente, pero no figuraba en la ley madre de creaci\u00f3n del Registro.<\/p>\n<\/div>\n<div class=\"votacion\"><\/div>\n<div>Fuente: EL Litoral<\/div>\n<\/div>\n","protected":false},"excerpt":{"rendered":"<div class=\"post-excerpt\"><p>Los legisladores aprobaron por unanimidad los cambios. La iniciativa deber\u00e1 ser tratada ahora en el Senado. \u00a0La C\u00e1mara de Diputados aprob\u00f3 por unanimidad la modificaci\u00f3n a la normativa que crea el Registro Provincial de las Personas (Ley 1.878 que data del a\u00f1o 1.954), adecu\u00e1ndola al C\u00f3digo Civil Nacional, por lo que incluye uniones convivenciales y<\/p>\n<\/div>","protected":false},"author":2,"featured_media":9667,"comment_status":"closed","ping_status":"closed","sticky":false,"template":"","format":"standard","meta":{"_acf_changed":false,"footnotes":""},"categories":[2],"tags":[],"class_list":["post-41814","post","type-post","status-publish","format-standard","has-post-thumbnail","hentry","category-noticias"],"acf":[],"yoast_head":"<!-- This site is optimized with the Yoast SEO plugin v28.1 - https:\/\/yoast.com\/product\/yoast-seo-wordpress\/ -->\n<title>Registro de Personas: modifican la norma 69 a\u00f1os despu\u00e9s y permitir\u00e1n nombres abor\u00edgenes - Horizonte<\/title>\n<meta name=\"robots\" content=\"index, follow, max-snippet:-1, max-image-preview:large, max-video-preview:-1\" \/>\n<link rel=\"canonical\" href=\"http:\/\/www.radiohorizonte.fm\/radio\/2023\/08\/24\/registro-de-personas-modifican-la-norma-69-anos-despues-y-permitiran-nombres-aborigenes\/\" \/>\n<meta property=\"og:locale\" content=\"es_ES\" \/>\n<meta property=\"og:type\" content=\"article\" \/>\n<meta property=\"og:title\" content=\"Registro de Personas: modifican la norma 69 a\u00f1os despu\u00e9s y permitir\u00e1n nombres abor\u00edgenes - Horizonte\" \/>\n<meta property=\"og:description\" content=\"Los legisladores aprobaron por unanimidad los cambios. La iniciativa deber\u00e1 ser tratada ahora en el Senado. \u00a0La C\u00e1mara de Diputados aprob\u00f3 por unanimidad la modificaci\u00f3n a la normativa que crea el Registro Provincial de las Personas (Ley 1.878 que data del a\u00f1o 1.954), adecu\u00e1ndola al C\u00f3digo Civil Nacional, por lo que incluye uniones convivenciales y\" \/>\n<meta property=\"og:url\" content=\"http:\/\/www.radiohorizonte.fm\/radio\/2023\/08\/24\/registro-de-personas-modifican-la-norma-69-anos-despues-y-permitiran-nombres-aborigenes\/\" \/>\n<meta property=\"og:site_name\" content=\"Horizonte\" \/>\n<meta property=\"article:publisher\" content=\"http:\/\/www.facebook.com\/HORIZONTE106.1\" \/>\n<meta property=\"article:published_time\" content=\"2023-08-24T10:20:56+00:00\" \/>\n<meta property=\"og:image\" content=\"http:\/\/www.radiohorizonte.fm\/radio\/wp-content\/uploads\/2017\/10\/registro-1.jpg\" \/>\n\t<meta property=\"og:image:width\" content=\"700\" \/>\n\t<meta property=\"og:image:height\" content=\"351\" \/>\n\t<meta property=\"og:image:type\" content=\"image\/jpeg\" \/>\n<meta name=\"author\" content=\"Cristian Galarza\" \/>\n<meta name=\"twitter:card\" content=\"summary_large_image\" \/>\n<meta name=\"twitter:creator\" content=\"@fmhorizonte1061\" \/>\n<meta name=\"twitter:site\" content=\"@fmhorizonte1061\" \/>\n<meta name=\"twitter:label1\" content=\"Escrito por\" \/>\n\t<meta name=\"twitter:data1\" content=\"Cristian Galarza\" \/>\n\t<meta name=\"twitter:label2\" content=\"Tiempo de lectura\" \/>\n\t<meta name=\"twitter:data2\" content=\"1 minuto\" \/>\n<script type=\"application\/ld+json\" class=\"yoast-schema-graph\">{\"@context\":\"https:\\\/\\\/schema.org\",\"@graph\":[{\"@type\":\"Article\",\"@id\":\"http:\\\/\\\/www.radiohorizonte.fm\\\/radio\\\/2023\\\/08\\\/24\\\/registro-de-personas-modifican-la-norma-69-anos-despues-y-permitiran-nombres-aborigenes\\\/#article\",\"isPartOf\":{\"@id\":\"http:\\\/\\\/www.radiohorizonte.fm\\\/radio\\\/2023\\\/08\\\/24\\\/registro-de-personas-modifican-la-norma-69-anos-despues-y-permitiran-nombres-aborigenes\\\/\"},\"author\":{\"name\":\"Cristian Galarza\",\"@id\":\"http:\\\/\\\/www.radiohorizonte.fm\\\/radio\\\/#\\\/schema\\\/person\\\/f8fa003a405bb86729fd87d15d0ddafa\"},\"headline\":\"Registro de Personas: modifican la norma 69 a\u00f1os despu\u00e9s y permitir\u00e1n nombres abor\u00edgenes\",\"datePublished\":\"2023-08-24T10:20:56+00:00\",\"mainEntityOfPage\":{\"@id\":\"http:\\\/\\\/www.radiohorizonte.fm\\\/radio\\\/2023\\\/08\\\/24\\\/registro-de-personas-modifican-la-norma-69-anos-despues-y-permitiran-nombres-aborigenes\\\/\"},\"wordCount\":281,\"publisher\":{\"@id\":\"http:\\\/\\\/www.radiohorizonte.fm\\\/radio\\\/#organization\"},\"image\":{\"@id\":\"http:\\\/\\\/www.radiohorizonte.fm\\\/radio\\\/2023\\\/08\\\/24\\\/registro-de-personas-modifican-la-norma-69-anos-despues-y-permitiran-nombres-aborigenes\\\/#primaryimage\"},\"thumbnailUrl\":\"http:\\\/\\\/www.radiohorizonte.fm\\\/radio\\\/wp-content\\\/uploads\\\/2017\\\/10\\\/registro-1.jpg\",\"articleSection\":[\"Noticias\"],\"inLanguage\":\"es-AR\"},{\"@type\":\"WebPage\",\"@id\":\"http:\\\/\\\/www.radiohorizonte.fm\\\/radio\\\/2023\\\/08\\\/24\\\/registro-de-personas-modifican-la-norma-69-anos-despues-y-permitiran-nombres-aborigenes\\\/\",\"url\":\"http:\\\/\\\/www.radiohorizonte.fm\\\/radio\\\/2023\\\/08\\\/24\\\/registro-de-personas-modifican-la-norma-69-anos-despues-y-permitiran-nombres-aborigenes\\\/\",\"name\":\"Registro de Personas: modifican la norma 69 a\u00f1os despu\u00e9s y permitir\u00e1n nombres abor\u00edgenes - Horizonte\",\"isPartOf\":{\"@id\":\"http:\\\/\\\/www.radiohorizonte.fm\\\/radio\\\/#website\"},\"primaryImageOfPage\":{\"@id\":\"http:\\\/\\\/www.radiohorizonte.fm\\\/radio\\\/2023\\\/08\\\/24\\\/registro-de-personas-modifican-la-norma-69-anos-despues-y-permitiran-nombres-aborigenes\\\/#primaryimage\"},\"image\":{\"@id\":\"http:\\\/\\\/www.radiohorizonte.fm\\\/radio\\\/2023\\\/08\\\/24\\\/registro-de-personas-modifican-la-norma-69-anos-despues-y-permitiran-nombres-aborigenes\\\/#primaryimage\"},\"thumbnailUrl\":\"http:\\\/\\\/www.radiohorizonte.fm\\\/radio\\\/wp-content\\\/uploads\\\/2017\\\/10\\\/registro-1.jpg\",\"datePublished\":\"2023-08-24T10:20:56+00:00\",\"breadcrumb\":{\"@id\":\"http:\\\/\\\/www.radiohorizonte.fm\\\/radio\\\/2023\\\/08\\\/24\\\/registro-de-personas-modifican-la-norma-69-anos-despues-y-permitiran-nombres-aborigenes\\\/#breadcrumb\"},\"inLanguage\":\"es-AR\",\"potentialAction\":[{\"@type\":\"ReadAction\",\"target\":[\"http:\\\/\\\/www.radiohorizonte.fm\\\/radio\\\/2023\\\/08\\\/24\\\/registro-de-personas-modifican-la-norma-69-anos-despues-y-permitiran-nombres-aborigenes\\\/\"]}]},{\"@type\":\"ImageObject\",\"inLanguage\":\"es-AR\",\"@id\":\"http:\\\/\\\/www.radiohorizonte.fm\\\/radio\\\/2023\\\/08\\\/24\\\/registro-de-personas-modifican-la-norma-69-anos-despues-y-permitiran-nombres-aborigenes\\\/#primaryimage\",\"url\":\"http:\\\/\\\/www.radiohorizonte.fm\\\/radio\\\/wp-content\\\/uploads\\\/2017\\\/10\\\/registro-1.jpg\",\"contentUrl\":\"http:\\\/\\\/www.radiohorizonte.fm\\\/radio\\\/wp-content\\\/uploads\\\/2017\\\/10\\\/registro-1.jpg\",\"width\":700,\"height\":351},{\"@type\":\"BreadcrumbList\",\"@id\":\"http:\\\/\\\/www.radiohorizonte.fm\\\/radio\\\/2023\\\/08\\\/24\\\/registro-de-personas-modifican-la-norma-69-anos-despues-y-permitiran-nombres-aborigenes\\\/#breadcrumb\",\"itemListElement\":[{\"@type\":\"ListItem\",\"position\":1,\"name\":\"Home\",\"item\":\"http:\\\/\\\/www.radiohorizonte.fm\\\/radio\\\/\"},{\"@type\":\"ListItem\",\"position\":2,\"name\":\"Registro de Personas: modifican la norma 69 a\u00f1os despu\u00e9s y permitir\u00e1n nombres abor\u00edgenes\"}]},{\"@type\":\"WebSite\",\"@id\":\"http:\\\/\\\/www.radiohorizonte.fm\\\/radio\\\/#website\",\"url\":\"http:\\\/\\\/www.radiohorizonte.fm\\\/radio\\\/\",\"name\":\"Horizonte\",\"description\":\"Radio Horizonte 106.1 - Una radio de clasicos\",\"publisher\":{\"@id\":\"http:\\\/\\\/www.radiohorizonte.fm\\\/radio\\\/#organization\"},\"potentialAction\":[{\"@type\":\"SearchAction\",\"target\":{\"@type\":\"EntryPoint\",\"urlTemplate\":\"http:\\\/\\\/www.radiohorizonte.fm\\\/radio\\\/?s={search_term_string}\"},\"query-input\":{\"@type\":\"PropertyValueSpecification\",\"valueRequired\":true,\"valueName\":\"search_term_string\"}}],\"inLanguage\":\"es-AR\"},{\"@type\":\"Organization\",\"@id\":\"http:\\\/\\\/www.radiohorizonte.fm\\\/radio\\\/#organization\",\"name\":\"Horizonte\",\"url\":\"http:\\\/\\\/www.radiohorizonte.fm\\\/radio\\\/\",\"logo\":{\"@type\":\"ImageObject\",\"inLanguage\":\"es-AR\",\"@id\":\"http:\\\/\\\/www.radiohorizonte.fm\\\/radio\\\/#\\\/schema\\\/logo\\\/image\\\/\",\"url\":\"http:\\\/\\\/www.radiohorizonte.fm\\\/radio\\\/wp-content\\\/uploads\\\/2025\\\/06\\\/Portada-FM-Horizonte_modelo-imagen-scaled.jpg\",\"contentUrl\":\"http:\\\/\\\/www.radiohorizonte.fm\\\/radio\\\/wp-content\\\/uploads\\\/2025\\\/06\\\/Portada-FM-Horizonte_modelo-imagen-scaled.jpg\",\"width\":2560,\"height\":1056,\"caption\":\"Horizonte\"},\"image\":{\"@id\":\"http:\\\/\\\/www.radiohorizonte.fm\\\/radio\\\/#\\\/schema\\\/logo\\\/image\\\/\"},\"sameAs\":[\"http:\\\/\\\/www.facebook.com\\\/HORIZONTE106.1\",\"https:\\\/\\\/x.com\\\/fmhorizonte1061\"]},{\"@type\":\"Person\",\"@id\":\"http:\\\/\\\/www.radiohorizonte.fm\\\/radio\\\/#\\\/schema\\\/person\\\/f8fa003a405bb86729fd87d15d0ddafa\",\"name\":\"Cristian Galarza\",\"image\":{\"@type\":\"ImageObject\",\"inLanguage\":\"es-AR\",\"@id\":\"https:\\\/\\\/secure.gravatar.com\\\/avatar\\\/fad34bc2c773209c05d7d53b08a69b680eeb55f3be014e52b31643d20ab65925?s=96&d=mm&r=g\",\"url\":\"https:\\\/\\\/secure.gravatar.com\\\/avatar\\\/fad34bc2c773209c05d7d53b08a69b680eeb55f3be014e52b31643d20ab65925?s=96&d=mm&r=g\",\"contentUrl\":\"https:\\\/\\\/secure.gravatar.com\\\/avatar\\\/fad34bc2c773209c05d7d53b08a69b680eeb55f3be014e52b31643d20ab65925?s=96&d=mm&r=g\",\"caption\":\"Cristian Galarza\"},\"url\":\"http:\\\/\\\/www.radiohorizonte.fm\\\/radio\\\/author\\\/cristian\\\/\"}]}<\/script>\n<!-- \/ Yoast SEO plugin. -->","yoast_head_json":{"title":"Registro de Personas: modifican la norma 69 a\u00f1os despu\u00e9s y permitir\u00e1n nombres abor\u00edgenes - Horizonte","robots":{"index":"index","follow":"follow","max-snippet":"max-snippet:-1","max-image-preview":"max-image-preview:large","max-video-preview":"max-video-preview:-1"},"canonical":"http:\/\/www.radiohorizonte.fm\/radio\/2023\/08\/24\/registro-de-personas-modifican-la-norma-69-anos-despues-y-permitiran-nombres-aborigenes\/","og_locale":"es_ES","og_type":"article","og_title":"Registro de Personas: modifican la norma 69 a\u00f1os despu\u00e9s y permitir\u00e1n nombres abor\u00edgenes - Horizonte","og_description":"Los legisladores aprobaron por unanimidad los cambios. La iniciativa deber\u00e1 ser tratada ahora en el Senado. \u00a0La C\u00e1mara de Diputados aprob\u00f3 por unanimidad la modificaci\u00f3n a la normativa que crea el Registro Provincial de las Personas (Ley 1.878 que data del a\u00f1o 1.954), adecu\u00e1ndola al C\u00f3digo Civil Nacional, por lo que incluye uniones convivenciales y","og_url":"http:\/\/www.radiohorizonte.fm\/radio\/2023\/08\/24\/registro-de-personas-modifican-la-norma-69-anos-despues-y-permitiran-nombres-aborigenes\/","og_site_name":"Horizonte","article_publisher":"http:\/\/www.facebook.com\/HORIZONTE106.1","article_published_time":"2023-08-24T10:20:56+00:00","og_image":[{"width":700,"height":351,"url":"http:\/\/www.radiohorizonte.fm\/radio\/wp-content\/uploads\/2017\/10\/registro-1.jpg","type":"image\/jpeg"}],"author":"Cristian Galarza","twitter_card":"summary_large_image","twitter_creator":"@fmhorizonte1061","twitter_site":"@fmhorizonte1061","twitter_misc":{"Escrito por":"Cristian Galarza","Tiempo de lectura":"1 minuto"},"schema":{"@context":"https:\/\/schema.org","@graph":[{"@type":"Article","@id":"http:\/\/www.radiohorizonte.fm\/radio\/2023\/08\/24\/registro-de-personas-modifican-la-norma-69-anos-despues-y-permitiran-nombres-aborigenes\/#article","isPartOf":{"@id":"http:\/\/www.radiohorizonte.fm\/radio\/2023\/08\/24\/registro-de-personas-modifican-la-norma-69-anos-despues-y-permitiran-nombres-aborigenes\/"},"author":{"name":"Cristian Galarza","@id":"http:\/\/www.radiohorizonte.fm\/radio\/#\/schema\/person\/f8fa003a405bb86729fd87d15d0ddafa"},"headline":"Registro de Personas: modifican la norma 69 a\u00f1os despu\u00e9s y permitir\u00e1n nombres abor\u00edgenes","datePublished":"2023-08-24T10:20:56+00:00","mainEntityOfPage":{"@id":"http:\/\/www.radiohorizonte.fm\/radio\/2023\/08\/24\/registro-de-personas-modifican-la-norma-69-anos-despues-y-permitiran-nombres-aborigenes\/"},"wordCount":281,"publisher":{"@id":"http:\/\/www.radiohorizonte.fm\/radio\/#organization"},"image":{"@id":"http:\/\/www.radiohorizonte.fm\/radio\/2023\/08\/24\/registro-de-personas-modifican-la-norma-69-anos-despues-y-permitiran-nombres-aborigenes\/#primaryimage"},"thumbnailUrl":"http:\/\/www.radiohorizonte.fm\/radio\/wp-content\/uploads\/2017\/10\/registro-1.jpg","articleSection":["Noticias"],"inLanguage":"es-AR"},{"@type":"WebPage","@id":"http:\/\/www.radiohorizonte.fm\/radio\/2023\/08\/24\/registro-de-personas-modifican-la-norma-69-anos-despues-y-permitiran-nombres-aborigenes\/","url":"http:\/\/www.radiohorizonte.fm\/radio\/2023\/08\/24\/registro-de-personas-modifican-la-norma-69-anos-despues-y-permitiran-nombres-aborigenes\/","name":"Registro de Personas: modifican la norma 69 a\u00f1os despu\u00e9s y permitir\u00e1n nombres abor\u00edgenes - Horizonte","isPartOf":{"@id":"http:\/\/www.radiohorizonte.fm\/radio\/#website"},"primaryImageOfPage":{"@id":"http:\/\/www.radiohorizonte.fm\/radio\/2023\/08\/24\/registro-de-personas-modifican-la-norma-69-anos-despues-y-permitiran-nombres-aborigenes\/#primaryimage"},"image":{"@id":"http:\/\/www.radiohorizonte.fm\/radio\/2023\/08\/24\/registro-de-personas-modifican-la-norma-69-anos-despues-y-permitiran-nombres-aborigenes\/#primaryimage"},"thumbnailUrl":"http:\/\/www.radiohorizonte.fm\/radio\/wp-content\/uploads\/2017\/10\/registro-1.jpg","datePublished":"2023-08-24T10:20:56+00:00","breadcrumb":{"@id":"http:\/\/www.radiohorizonte.fm\/radio\/2023\/08\/24\/registro-de-personas-modifican-la-norma-69-anos-despues-y-permitiran-nombres-aborigenes\/#breadcrumb"},"inLanguage":"es-AR","potentialAction":[{"@type":"ReadAction","target":["http:\/\/www.radiohorizonte.fm\/radio\/2023\/08\/24\/registro-de-personas-modifican-la-norma-69-anos-despues-y-permitiran-nombres-aborigenes\/"]}]},{"@type":"ImageObject","inLanguage":"es-AR","@id":"http:\/\/www.radiohorizonte.fm\/radio\/2023\/08\/24\/registro-de-personas-modifican-la-norma-69-anos-despues-y-permitiran-nombres-aborigenes\/#primaryimage","url":"http:\/\/www.radiohorizonte.fm\/radio\/wp-content\/uploads\/2017\/10\/registro-1.jpg","contentUrl":"http:\/\/www.radiohorizonte.fm\/radio\/wp-content\/uploads\/2017\/10\/registro-1.jpg","width":700,"height":351},{"@type":"BreadcrumbList","@id":"http:\/\/www.radiohorizonte.fm\/radio\/2023\/08\/24\/registro-de-personas-modifican-la-norma-69-anos-despues-y-permitiran-nombres-aborigenes\/#breadcrumb","itemListElement":[{"@type":"ListItem","position":1,"name":"Home","item":"http:\/\/www.radiohorizonte.fm\/radio\/"},{"@type":"ListItem","position":2,"name":"Registro de Personas: modifican la norma 69 a\u00f1os despu\u00e9s y permitir\u00e1n nombres abor\u00edgenes"}]},{"@type":"WebSite","@id":"http:\/\/www.radiohorizonte.fm\/radio\/#website","url":"http:\/\/www.radiohorizonte.fm\/radio\/","name":"Horizonte","description":"Radio Horizonte 106.1 - Una radio de clasicos","publisher":{"@id":"http:\/\/www.radiohorizonte.fm\/radio\/#organization"},"potentialAction":[{"@type":"SearchAction","target":{"@type":"EntryPoint","urlTemplate":"http:\/\/www.radiohorizonte.fm\/radio\/?s={search_term_string}"},"query-input":{"@type":"PropertyValueSpecification","valueRequired":true,"valueName":"search_term_string"}}],"inLanguage":"es-AR"},{"@type":"Organization","@id":"http:\/\/www.radiohorizonte.fm\/radio\/#organization","name":"Horizonte","url":"http:\/\/www.radiohorizonte.fm\/radio\/","logo":{"@type":"ImageObject","inLanguage":"es-AR","@id":"http:\/\/www.radiohorizonte.fm\/radio\/#\/schema\/logo\/image\/","url":"http:\/\/www.radiohorizonte.fm\/radio\/wp-content\/uploads\/2025\/06\/Portada-FM-Horizonte_modelo-imagen-scaled.jpg","contentUrl":"http:\/\/www.radiohorizonte.fm\/radio\/wp-content\/uploads\/2025\/06\/Portada-FM-Horizonte_modelo-imagen-scaled.jpg","width":2560,"height":1056,"caption":"Horizonte"},"image":{"@id":"http:\/\/www.radiohorizonte.fm\/radio\/#\/schema\/logo\/image\/"},"sameAs":["http:\/\/www.facebook.com\/HORIZONTE106.1","https:\/\/x.com\/fmhorizonte1061"]},{"@type":"Person","@id":"http:\/\/www.radiohorizonte.fm\/radio\/#\/schema\/person\/f8fa003a405bb86729fd87d15d0ddafa","name":"Cristian Galarza","image":{"@type":"ImageObject","inLanguage":"es-AR","@id":"https:\/\/secure.gravatar.com\/avatar\/fad34bc2c773209c05d7d53b08a69b680eeb55f3be014e52b31643d20ab65925?s=96&d=mm&r=g","url":"https:\/\/secure.gravatar.com\/avatar\/fad34bc2c773209c05d7d53b08a69b680eeb55f3be014e52b31643d20ab65925?s=96&d=mm&r=g","contentUrl":"https:\/\/secure.gravatar.com\/avatar\/fad34bc2c773209c05d7d53b08a69b680eeb55f3be014e52b31643d20ab65925?s=96&d=mm&r=g","caption":"Cristian Galarza"},"url":"http:\/\/www.radiohorizonte.fm\/radio\/author\/cristian\/"}]}},"_links":{"self":[{"href":"http:\/\/www.radiohorizonte.fm\/radio\/wp-json\/wp\/v2\/posts\/41814","targetHints":{"allow":["GET"]}}],"collection":[{"href":"http:\/\/www.radiohorizonte.fm\/radio\/wp-json\/wp\/v2\/posts"}],"about":[{"href":"http:\/\/www.radiohorizonte.fm\/radio\/wp-json\/wp\/v2\/types\/post"}],"author":[{"embeddable":true,"href":"http:\/\/www.radiohorizonte.fm\/radio\/wp-json\/wp\/v2\/users\/2"}],"replies":[{"embeddable":true,"href":"http:\/\/www.radiohorizonte.fm\/radio\/wp-json\/wp\/v2\/comments?post=41814"}],"version-history":[{"count":1,"href":"http:\/\/www.radiohorizonte.fm\/radio\/wp-json\/wp\/v2\/posts\/41814\/revisions"}],"predecessor-version":[{"id":41815,"href":"http:\/\/www.radiohorizonte.fm\/radio\/wp-json\/wp\/v2\/posts\/41814\/revisions\/41815"}],"wp:featuredmedia":[{"embeddable":true,"href":"http:\/\/www.radiohorizonte.fm\/radio\/wp-json\/wp\/v2\/media\/9667"}],"wp:attachment":[{"href":"http:\/\/www.radiohorizonte.fm\/radio\/wp-json\/wp\/v2\/media?parent=41814"}],"wp:term":[{"taxonomy":"category","embeddable":true,"href":"http:\/\/www.radiohorizonte.fm\/radio\/wp-json\/wp\/v2\/categories?post=41814"},{"taxonomy":"post_tag","embeddable":true,"href":"http:\/\/www.radiohorizonte.fm\/radio\/wp-json\/wp\/v2\/tags?post=41814"}],"curies":[{"name":"wp","href":"https:\/\/api.w.org\/{rel}","templated":true}]}}