{"id":41817,"date":"2023-08-24T11:08:53","date_gmt":"2023-08-24T14:08:53","guid":{"rendered":"http:\/\/www.radiohorizonte.fm\/radio\/?p=41817"},"modified":"2023-08-24T11:08:53","modified_gmt":"2023-08-24T14:08:53","slug":"las-ventas-de-autos-usados-cayeron-70-tras-la-devaluacion","status":"publish","type":"post","link":"http:\/\/www.radiohorizonte.fm\/radio\/2023\/08\/24\/las-ventas-de-autos-usados-cayeron-70-tras-la-devaluacion\/","title":{"rendered":"Las ventas de autos usados cayeron 70% tras la devaluaci\u00f3n"},"content":{"rendered":"<header class=\"news-headline\">\n<p class=\"news-headline__article-summary\">La C\u00e1mara del Comercio Automotor advirti\u00f3 que hay fuerte dispersi\u00f3n de precios, y que la devaluaci\u00f3n impact\u00f3 en los costos en d\u00f3lares.<\/p>\n<p><img loading=\"lazy\" decoding=\"async\" class=\"alignnone size-full wp-image-9202\" src=\"http:\/\/www.radiohorizonte.fm\/radio\/wp-content\/uploads\/2017\/09\/autos.jpg\" alt=\"\" width=\"715\" height=\"402\" srcset=\"http:\/\/www.radiohorizonte.fm\/radio\/wp-content\/uploads\/2017\/09\/autos.jpg 715w, http:\/\/www.radiohorizonte.fm\/radio\/wp-content\/uploads\/2017\/09\/autos-300x169.jpg 300w, http:\/\/www.radiohorizonte.fm\/radio\/wp-content\/uploads\/2017\/09\/autos-65x37.jpg 65w, http:\/\/www.radiohorizonte.fm\/radio\/wp-content\/uploads\/2017\/09\/autos-320x180.jpg 320w, http:\/\/www.radiohorizonte.fm\/radio\/wp-content\/uploads\/2017\/09\/autos-85x48.jpg 85w, http:\/\/www.radiohorizonte.fm\/radio\/wp-content\/uploads\/2017\/09\/autos-220x125.jpg 220w, http:\/\/www.radiohorizonte.fm\/radio\/wp-content\/uploads\/2017\/09\/autos-90x51.jpg 90w\" sizes=\"auto, (max-width: 715px) 100vw, 715px\" \/><\/p>\n<article class=\"article-body article-body--first-paragraph content-protected-false\" data-td-script-src=\"https:\/\/www.ambito.com\/td\/modulos\/encuestas\/js\/function-embeds-min-version-1660312092.js\">El mercado de<strong>\u00a0autos usados<\/strong>\u00a0sufri\u00f3 un \u201cfreno importante\u201d de ventas, las cuales cayeron un 70% tras la\u00a0<strong>devaluaci\u00f3n<\/strong>,\u00a0que provoc\u00f3 una severa distorsi\u00f3n de precios, advirti\u00f3 el secretario de la<strong>\u00a0C\u00e1mara del Comercio Automotor (CCA)<\/strong>, Alejandro Lamas.<\/p>\n<\/article>\n<article class=\"article-body article-body--second-paragraph content-protected-false\">\u201cHoy no tenemos una<strong>\u00a0lista de precios<\/strong>, que se basa en el promedio de las operaciones, que es lo que chequea el mercado, para sacar un promedio del valor de los autos usados\u201d, explic\u00f3 en di\u00e1logo con Noticias Argentinas.<\/p>\n<article class=\"article-body article-body--third-paragraph content-protected-false\">Lamas alert\u00f3 que falta una actualizaci\u00f3n de precios y se\u00f1al\u00f3 que \u201csi bien el mercado no est\u00e1 totalmente paralizado, hay un freno importante en las ventas que cayeron 70% despu\u00e9s de la devaluaci\u00f3n\u201d.<\/p>\n<\/article>\n<article class=\"article-body article-body--fourth-paragraph content-protected-false\">Se\u00f1al\u00f3 que las terminales \u201cmarcan el rumbo de los precios todos los meses, pero ahora no lo est\u00e1n haciendo, porque tambi\u00e9n deben analizar su situaci\u00f3n\u201d, consign\u00f3.<\/p>\n<\/article>\n<article class=\"article-body article-body--remaining-paragraph content-protected-false\">\u201cOcurre que con la\u00a0<strong>devaluaci\u00f3n<\/strong>\u00a0que le aumentan\u00a0<strong>los costos en d\u00f3lares<\/strong>, sumado a que a fin de mes vence el plazo del tope para que los autos nuevos en venta no paguen impuestos, no se sabe a ciencia cierta cual es la cotizaci\u00f3n de los autos\u201d explic\u00f3.<\/p>\n<h2>Clave: vence el plazo del tope para que autos nuevos no paguen impuestos<\/h2>\n<p>El 31 de agosto vence el plazo trimestral para el<strong>\u00a0tope de precios de $8,4 millones<\/strong>, para que los<strong>\u00a0autos nuevos<\/strong>\u00a0no paguen los impuestos internos sobre las ventas y debe ser actualizado por la AFIP.<\/p>\n<p>Ese tope deber\u00eda actualizarse seg\u00fan la inflaci\u00f3n y el\u00a0<strong>impuesto PAIS\u00a0<\/strong>con el adicional del 7,5% que dispuso el Gobierno para todos los productos importados de la industria que ingresan al pa\u00eds, tanto veh\u00edculos terminados como insumos o autopartes para las f\u00e1bricas.<\/p>\n<p>Lamas se\u00f1al\u00f3 que \u201cmuchos toman como precio oficial para los usados la lista de la c\u00e1mara que por el disley que hay en los precios de las\u00a0<strong>cotizaciones hoy est\u00e1 desactualizada\u201d.<\/strong><\/p>\n<div id=\"7643711-Libre-1016354043_wrap\" class=\"embed_cont type_imagen\" contenteditable=\"false\">\n<div id=\"7643711-Libre-1016354043_content\" class=\"embed_content\"><img loading=\"lazy\" decoding=\"async\" id=\"7643711-Libre-1016354043_embed\" title=\"impacto global. La pandemia afect\u00f3 la producci\u00f3n de autos nuevos.\" src=\"https:\/\/media.ambito.com\/p\/6891b7bd892bb30171b078c3153beaa7\/adjuntos\/239\/imagenes\/039\/840\/0039840485\/pag8-usados_optjpeg.jpeg?2022-05-08-16-33-20\" alt=\"impacto global. La pandemia afect\u00f3 la producci\u00f3n de autos nuevos.\" width=\"730\" height=\"450\" data-td-src-property=\"https:\/\/media.ambito.com\/p\/6891b7bd892bb30171b078c3153beaa7\/adjuntos\/239\/imagenes\/039\/840\/0039840485\/pag8-usados_optjpeg.jpeg?2022-05-08-16-33-20\" \/><\/div>\n<div id=\"7643711-Libre-1016354043_epigrafe\" class=\"embed_epigrafe\">\n<p>impacto global. La pandemia afect\u00f3 la producci\u00f3n de autos nuevos.<\/p>\n<\/div>\n<\/div>\n<p>\u201cEl p\u00fablico consumidor se fija en los sitios de publicaci\u00f3n de autos y ve que hay una distorsi\u00f3n de precios y que para el mismo auto y modelo a veces hay diferencias que llegan al doble y confundido retrae operaciones\u201d, explico el titular de la CCA.<\/p>\n<p>\u201cEsa dispersi\u00f3n impacta en el mercado y tampoco hay oferta para recomponer los stock\u201d, agreg\u00f3 Lamas, quien se\u00f1al\u00f3 que la situaci\u00f3n \u201cpodr\u00eda normalizarse en la segunda quincena de septiembre\u201d, cuando las terminales definan el precio de los autos nuevos, que sirven de referencia en el mercado de usados.<\/p>\n<p>Lamas consider\u00f3 que \u201ccomo hoy\u00a0<strong>no tenemos precios<\/strong>\u00a0para los autos nuevos, que sirve de referencia para el de los usados, el mercado de los negocios se torna muy dif\u00edcil en un contexto de inestabilidad de precios\u201d.<\/p>\n<p>Fuente: \u00e1mbito<\/p>\n<\/article>\n<\/article>\n<\/header>\n","protected":false},"excerpt":{"rendered":"<div class=\"post-excerpt\"><p>La C\u00e1mara del Comercio Automotor advirti\u00f3 que hay fuerte dispersi\u00f3n de precios, y que la devaluaci\u00f3n impact\u00f3 en los costos en d\u00f3lares. El mercado de\u00a0autos usados\u00a0sufri\u00f3 un \u201cfreno importante\u201d de ventas, las cuales cayeron un 70% tras la\u00a0devaluaci\u00f3n,\u00a0que provoc\u00f3 una severa distorsi\u00f3n de precios, advirti\u00f3 el secretario de la\u00a0C\u00e1mara del Comercio Automotor (CCA), Alejandro Lamas.<\/p>\n<\/div>","protected":false},"author":2,"featured_media":9202,"comment_status":"closed","ping_status":"closed","sticky":false,"template":"","format":"standard","meta":{"_acf_changed":false,"footnotes":""},"categories":[2],"tags":[],"class_list":["post-41817","post","type-post","status-publish","format-standard","has-post-thumbnail","hentry","category-noticias"],"acf":[],"yoast_head":"<!-- This site is optimized with the Yoast SEO plugin v28.1 - https:\/\/yoast.com\/product\/yoast-seo-wordpress\/ -->\n<title>Las ventas de autos usados cayeron 70% tras la devaluaci\u00f3n - Horizonte<\/title>\n<meta name=\"robots\" content=\"index, follow, max-snippet:-1, max-image-preview:large, max-video-preview:-1\" \/>\n<link rel=\"canonical\" href=\"https:\/\/www.radiohorizonte.fm\/radio\/2023\/08\/24\/las-ventas-de-autos-usados-cayeron-70-tras-la-devaluacion\/\" \/>\n<meta property=\"og:locale\" content=\"es_ES\" \/>\n<meta property=\"og:type\" content=\"article\" \/>\n<meta property=\"og:title\" content=\"Las ventas de autos usados cayeron 70% tras la devaluaci\u00f3n - Horizonte\" \/>\n<meta property=\"og:description\" content=\"La C\u00e1mara del Comercio Automotor advirti\u00f3 que hay fuerte dispersi\u00f3n de precios, y que la devaluaci\u00f3n impact\u00f3 en los costos en d\u00f3lares. El mercado de\u00a0autos usados\u00a0sufri\u00f3 un \u201cfreno importante\u201d de ventas, las cuales cayeron un 70% tras la\u00a0devaluaci\u00f3n,\u00a0que provoc\u00f3 una severa distorsi\u00f3n de precios, advirti\u00f3 el secretario de la\u00a0C\u00e1mara del Comercio Automotor (CCA), Alejandro Lamas.\" \/>\n<meta property=\"og:url\" content=\"https:\/\/www.radiohorizonte.fm\/radio\/2023\/08\/24\/las-ventas-de-autos-usados-cayeron-70-tras-la-devaluacion\/\" \/>\n<meta property=\"og:site_name\" content=\"Horizonte\" \/>\n<meta property=\"article:publisher\" content=\"http:\/\/www.facebook.com\/HORIZONTE106.1\" \/>\n<meta property=\"article:published_time\" content=\"2023-08-24T14:08:53+00:00\" \/>\n<meta property=\"og:image\" content=\"https:\/\/www.radiohorizonte.fm\/radio\/wp-content\/uploads\/2017\/09\/autos.jpg\" \/>\n\t<meta property=\"og:image:width\" content=\"715\" \/>\n\t<meta property=\"og:image:height\" content=\"402\" \/>\n\t<meta property=\"og:image:type\" content=\"image\/jpeg\" \/>\n<meta name=\"author\" content=\"Cristian Galarza\" \/>\n<meta name=\"twitter:card\" content=\"summary_large_image\" \/>\n<meta name=\"twitter:creator\" content=\"@fmhorizonte1061\" \/>\n<meta name=\"twitter:site\" content=\"@fmhorizonte1061\" \/>\n<meta name=\"twitter:label1\" content=\"Escrito por\" \/>\n\t<meta name=\"twitter:data1\" content=\"Cristian Galarza\" \/>\n\t<meta name=\"twitter:label2\" content=\"Tiempo de lectura\" \/>\n\t<meta name=\"twitter:data2\" content=\"3 minutos\" \/>\n<script type=\"application\/ld+json\" class=\"yoast-schema-graph\">{\"@context\":\"https:\\\/\\\/schema.org\",\"@graph\":[{\"@type\":\"Article\",\"@id\":\"https:\\\/\\\/www.radiohorizonte.fm\\\/radio\\\/2023\\\/08\\\/24\\\/las-ventas-de-autos-usados-cayeron-70-tras-la-devaluacion\\\/#article\",\"isPartOf\":{\"@id\":\"https:\\\/\\\/www.radiohorizonte.fm\\\/radio\\\/2023\\\/08\\\/24\\\/las-ventas-de-autos-usados-cayeron-70-tras-la-devaluacion\\\/\"},\"author\":{\"name\":\"Cristian Galarza\",\"@id\":\"http:\\\/\\\/www.radiohorizonte.fm\\\/radio\\\/#\\\/schema\\\/person\\\/f8fa003a405bb86729fd87d15d0ddafa\"},\"headline\":\"Las ventas de autos usados cayeron 70% tras la devaluaci\u00f3n\",\"datePublished\":\"2023-08-24T14:08:53+00:00\",\"mainEntityOfPage\":{\"@id\":\"https:\\\/\\\/www.radiohorizonte.fm\\\/radio\\\/2023\\\/08\\\/24\\\/las-ventas-de-autos-usados-cayeron-70-tras-la-devaluacion\\\/\"},\"wordCount\":512,\"publisher\":{\"@id\":\"http:\\\/\\\/www.radiohorizonte.fm\\\/radio\\\/#organization\"},\"image\":{\"@id\":\"https:\\\/\\\/www.radiohorizonte.fm\\\/radio\\\/2023\\\/08\\\/24\\\/las-ventas-de-autos-usados-cayeron-70-tras-la-devaluacion\\\/#primaryimage\"},\"thumbnailUrl\":\"http:\\\/\\\/www.radiohorizonte.fm\\\/radio\\\/wp-content\\\/uploads\\\/2017\\\/09\\\/autos.jpg\",\"articleSection\":[\"Noticias\"],\"inLanguage\":\"es-AR\"},{\"@type\":\"WebPage\",\"@id\":\"https:\\\/\\\/www.radiohorizonte.fm\\\/radio\\\/2023\\\/08\\\/24\\\/las-ventas-de-autos-usados-cayeron-70-tras-la-devaluacion\\\/\",\"url\":\"https:\\\/\\\/www.radiohorizonte.fm\\\/radio\\\/2023\\\/08\\\/24\\\/las-ventas-de-autos-usados-cayeron-70-tras-la-devaluacion\\\/\",\"name\":\"Las ventas de autos usados cayeron 70% tras la devaluaci\u00f3n - Horizonte\",\"isPartOf\":{\"@id\":\"http:\\\/\\\/www.radiohorizonte.fm\\\/radio\\\/#website\"},\"primaryImageOfPage\":{\"@id\":\"https:\\\/\\\/www.radiohorizonte.fm\\\/radio\\\/2023\\\/08\\\/24\\\/las-ventas-de-autos-usados-cayeron-70-tras-la-devaluacion\\\/#primaryimage\"},\"image\":{\"@id\":\"https:\\\/\\\/www.radiohorizonte.fm\\\/radio\\\/2023\\\/08\\\/24\\\/las-ventas-de-autos-usados-cayeron-70-tras-la-devaluacion\\\/#primaryimage\"},\"thumbnailUrl\":\"http:\\\/\\\/www.radiohorizonte.fm\\\/radio\\\/wp-content\\\/uploads\\\/2017\\\/09\\\/autos.jpg\",\"datePublished\":\"2023-08-24T14:08:53+00:00\",\"breadcrumb\":{\"@id\":\"https:\\\/\\\/www.radiohorizonte.fm\\\/radio\\\/2023\\\/08\\\/24\\\/las-ventas-de-autos-usados-cayeron-70-tras-la-devaluacion\\\/#breadcrumb\"},\"inLanguage\":\"es-AR\",\"potentialAction\":[{\"@type\":\"ReadAction\",\"target\":[\"https:\\\/\\\/www.radiohorizonte.fm\\\/radio\\\/2023\\\/08\\\/24\\\/las-ventas-de-autos-usados-cayeron-70-tras-la-devaluacion\\\/\"]}]},{\"@type\":\"ImageObject\",\"inLanguage\":\"es-AR\",\"@id\":\"https:\\\/\\\/www.radiohorizonte.fm\\\/radio\\\/2023\\\/08\\\/24\\\/las-ventas-de-autos-usados-cayeron-70-tras-la-devaluacion\\\/#primaryimage\",\"url\":\"http:\\\/\\\/www.radiohorizonte.fm\\\/radio\\\/wp-content\\\/uploads\\\/2017\\\/09\\\/autos.jpg\",\"contentUrl\":\"http:\\\/\\\/www.radiohorizonte.fm\\\/radio\\\/wp-content\\\/uploads\\\/2017\\\/09\\\/autos.jpg\",\"width\":715,\"height\":402},{\"@type\":\"BreadcrumbList\",\"@id\":\"https:\\\/\\\/www.radiohorizonte.fm\\\/radio\\\/2023\\\/08\\\/24\\\/las-ventas-de-autos-usados-cayeron-70-tras-la-devaluacion\\\/#breadcrumb\",\"itemListElement\":[{\"@type\":\"ListItem\",\"position\":1,\"name\":\"Home\",\"item\":\"http:\\\/\\\/www.radiohorizonte.fm\\\/radio\\\/\"},{\"@type\":\"ListItem\",\"position\":2,\"name\":\"Las ventas de autos usados cayeron 70% tras la devaluaci\u00f3n\"}]},{\"@type\":\"WebSite\",\"@id\":\"http:\\\/\\\/www.radiohorizonte.fm\\\/radio\\\/#website\",\"url\":\"http:\\\/\\\/www.radiohorizonte.fm\\\/radio\\\/\",\"name\":\"Horizonte\",\"description\":\"Radio Horizonte 106.1 - Una radio de clasicos\",\"publisher\":{\"@id\":\"http:\\\/\\\/www.radiohorizonte.fm\\\/radio\\\/#organization\"},\"potentialAction\":[{\"@type\":\"SearchAction\",\"target\":{\"@type\":\"EntryPoint\",\"urlTemplate\":\"http:\\\/\\\/www.radiohorizonte.fm\\\/radio\\\/?s={search_term_string}\"},\"query-input\":{\"@type\":\"PropertyValueSpecification\",\"valueRequired\":true,\"valueName\":\"search_term_string\"}}],\"inLanguage\":\"es-AR\"},{\"@type\":\"Organization\",\"@id\":\"http:\\\/\\\/www.radiohorizonte.fm\\\/radio\\\/#organization\",\"name\":\"Horizonte\",\"url\":\"http:\\\/\\\/www.radiohorizonte.fm\\\/radio\\\/\",\"logo\":{\"@type\":\"ImageObject\",\"inLanguage\":\"es-AR\",\"@id\":\"http:\\\/\\\/www.radiohorizonte.fm\\\/radio\\\/#\\\/schema\\\/logo\\\/image\\\/\",\"url\":\"http:\\\/\\\/www.radiohorizonte.fm\\\/radio\\\/wp-content\\\/uploads\\\/2025\\\/06\\\/Portada-FM-Horizonte_modelo-imagen-scaled.jpg\",\"contentUrl\":\"http:\\\/\\\/www.radiohorizonte.fm\\\/radio\\\/wp-content\\\/uploads\\\/2025\\\/06\\\/Portada-FM-Horizonte_modelo-imagen-scaled.jpg\",\"width\":2560,\"height\":1056,\"caption\":\"Horizonte\"},\"image\":{\"@id\":\"http:\\\/\\\/www.radiohorizonte.fm\\\/radio\\\/#\\\/schema\\\/logo\\\/image\\\/\"},\"sameAs\":[\"http:\\\/\\\/www.facebook.com\\\/HORIZONTE106.1\",\"https:\\\/\\\/x.com\\\/fmhorizonte1061\"]},{\"@type\":\"Person\",\"@id\":\"http:\\\/\\\/www.radiohorizonte.fm\\\/radio\\\/#\\\/schema\\\/person\\\/f8fa003a405bb86729fd87d15d0ddafa\",\"name\":\"Cristian Galarza\",\"image\":{\"@type\":\"ImageObject\",\"inLanguage\":\"es-AR\",\"@id\":\"https:\\\/\\\/secure.gravatar.com\\\/avatar\\\/fad34bc2c773209c05d7d53b08a69b680eeb55f3be014e52b31643d20ab65925?s=96&d=mm&r=g\",\"url\":\"https:\\\/\\\/secure.gravatar.com\\\/avatar\\\/fad34bc2c773209c05d7d53b08a69b680eeb55f3be014e52b31643d20ab65925?s=96&d=mm&r=g\",\"contentUrl\":\"https:\\\/\\\/secure.gravatar.com\\\/avatar\\\/fad34bc2c773209c05d7d53b08a69b680eeb55f3be014e52b31643d20ab65925?s=96&d=mm&r=g\",\"caption\":\"Cristian Galarza\"},\"url\":\"http:\\\/\\\/www.radiohorizonte.fm\\\/radio\\\/author\\\/cristian\\\/\"}]}<\/script>\n<!-- \/ Yoast SEO plugin. -->","yoast_head_json":{"title":"Las ventas de autos usados cayeron 70% tras la devaluaci\u00f3n - Horizonte","robots":{"index":"index","follow":"follow","max-snippet":"max-snippet:-1","max-image-preview":"max-image-preview:large","max-video-preview":"max-video-preview:-1"},"canonical":"https:\/\/www.radiohorizonte.fm\/radio\/2023\/08\/24\/las-ventas-de-autos-usados-cayeron-70-tras-la-devaluacion\/","og_locale":"es_ES","og_type":"article","og_title":"Las ventas de autos usados cayeron 70% tras la devaluaci\u00f3n - Horizonte","og_description":"La C\u00e1mara del Comercio Automotor advirti\u00f3 que hay fuerte dispersi\u00f3n de precios, y que la devaluaci\u00f3n impact\u00f3 en los costos en d\u00f3lares. El mercado de\u00a0autos usados\u00a0sufri\u00f3 un \u201cfreno importante\u201d de ventas, las cuales cayeron un 70% tras la\u00a0devaluaci\u00f3n,\u00a0que provoc\u00f3 una severa distorsi\u00f3n de precios, advirti\u00f3 el secretario de la\u00a0C\u00e1mara del Comercio Automotor (CCA), Alejandro Lamas.","og_url":"https:\/\/www.radiohorizonte.fm\/radio\/2023\/08\/24\/las-ventas-de-autos-usados-cayeron-70-tras-la-devaluacion\/","og_site_name":"Horizonte","article_publisher":"http:\/\/www.facebook.com\/HORIZONTE106.1","article_published_time":"2023-08-24T14:08:53+00:00","og_image":[{"width":715,"height":402,"url":"https:\/\/www.radiohorizonte.fm\/radio\/wp-content\/uploads\/2017\/09\/autos.jpg","type":"image\/jpeg"}],"author":"Cristian Galarza","twitter_card":"summary_large_image","twitter_creator":"@fmhorizonte1061","twitter_site":"@fmhorizonte1061","twitter_misc":{"Escrito por":"Cristian Galarza","Tiempo de lectura":"3 minutos"},"schema":{"@context":"https:\/\/schema.org","@graph":[{"@type":"Article","@id":"https:\/\/www.radiohorizonte.fm\/radio\/2023\/08\/24\/las-ventas-de-autos-usados-cayeron-70-tras-la-devaluacion\/#article","isPartOf":{"@id":"https:\/\/www.radiohorizonte.fm\/radio\/2023\/08\/24\/las-ventas-de-autos-usados-cayeron-70-tras-la-devaluacion\/"},"author":{"name":"Cristian Galarza","@id":"http:\/\/www.radiohorizonte.fm\/radio\/#\/schema\/person\/f8fa003a405bb86729fd87d15d0ddafa"},"headline":"Las ventas de autos usados cayeron 70% tras la devaluaci\u00f3n","datePublished":"2023-08-24T14:08:53+00:00","mainEntityOfPage":{"@id":"https:\/\/www.radiohorizonte.fm\/radio\/2023\/08\/24\/las-ventas-de-autos-usados-cayeron-70-tras-la-devaluacion\/"},"wordCount":512,"publisher":{"@id":"http:\/\/www.radiohorizonte.fm\/radio\/#organization"},"image":{"@id":"https:\/\/www.radiohorizonte.fm\/radio\/2023\/08\/24\/las-ventas-de-autos-usados-cayeron-70-tras-la-devaluacion\/#primaryimage"},"thumbnailUrl":"http:\/\/www.radiohorizonte.fm\/radio\/wp-content\/uploads\/2017\/09\/autos.jpg","articleSection":["Noticias"],"inLanguage":"es-AR"},{"@type":"WebPage","@id":"https:\/\/www.radiohorizonte.fm\/radio\/2023\/08\/24\/las-ventas-de-autos-usados-cayeron-70-tras-la-devaluacion\/","url":"https:\/\/www.radiohorizonte.fm\/radio\/2023\/08\/24\/las-ventas-de-autos-usados-cayeron-70-tras-la-devaluacion\/","name":"Las ventas de autos usados cayeron 70% tras la devaluaci\u00f3n - Horizonte","isPartOf":{"@id":"http:\/\/www.radiohorizonte.fm\/radio\/#website"},"primaryImageOfPage":{"@id":"https:\/\/www.radiohorizonte.fm\/radio\/2023\/08\/24\/las-ventas-de-autos-usados-cayeron-70-tras-la-devaluacion\/#primaryimage"},"image":{"@id":"https:\/\/www.radiohorizonte.fm\/radio\/2023\/08\/24\/las-ventas-de-autos-usados-cayeron-70-tras-la-devaluacion\/#primaryimage"},"thumbnailUrl":"http:\/\/www.radiohorizonte.fm\/radio\/wp-content\/uploads\/2017\/09\/autos.jpg","datePublished":"2023-08-24T14:08:53+00:00","breadcrumb":{"@id":"https:\/\/www.radiohorizonte.fm\/radio\/2023\/08\/24\/las-ventas-de-autos-usados-cayeron-70-tras-la-devaluacion\/#breadcrumb"},"inLanguage":"es-AR","potentialAction":[{"@type":"ReadAction","target":["https:\/\/www.radiohorizonte.fm\/radio\/2023\/08\/24\/las-ventas-de-autos-usados-cayeron-70-tras-la-devaluacion\/"]}]},{"@type":"ImageObject","inLanguage":"es-AR","@id":"https:\/\/www.radiohorizonte.fm\/radio\/2023\/08\/24\/las-ventas-de-autos-usados-cayeron-70-tras-la-devaluacion\/#primaryimage","url":"http:\/\/www.radiohorizonte.fm\/radio\/wp-content\/uploads\/2017\/09\/autos.jpg","contentUrl":"http:\/\/www.radiohorizonte.fm\/radio\/wp-content\/uploads\/2017\/09\/autos.jpg","width":715,"height":402},{"@type":"BreadcrumbList","@id":"https:\/\/www.radiohorizonte.fm\/radio\/2023\/08\/24\/las-ventas-de-autos-usados-cayeron-70-tras-la-devaluacion\/#breadcrumb","itemListElement":[{"@type":"ListItem","position":1,"name":"Home","item":"http:\/\/www.radiohorizonte.fm\/radio\/"},{"@type":"ListItem","position":2,"name":"Las ventas de autos usados cayeron 70% tras la devaluaci\u00f3n"}]},{"@type":"WebSite","@id":"http:\/\/www.radiohorizonte.fm\/radio\/#website","url":"http:\/\/www.radiohorizonte.fm\/radio\/","name":"Horizonte","description":"Radio Horizonte 106.1 - Una radio de clasicos","publisher":{"@id":"http:\/\/www.radiohorizonte.fm\/radio\/#organization"},"potentialAction":[{"@type":"SearchAction","target":{"@type":"EntryPoint","urlTemplate":"http:\/\/www.radiohorizonte.fm\/radio\/?s={search_term_string}"},"query-input":{"@type":"PropertyValueSpecification","valueRequired":true,"valueName":"search_term_string"}}],"inLanguage":"es-AR"},{"@type":"Organization","@id":"http:\/\/www.radiohorizonte.fm\/radio\/#organization","name":"Horizonte","url":"http:\/\/www.radiohorizonte.fm\/radio\/","logo":{"@type":"ImageObject","inLanguage":"es-AR","@id":"http:\/\/www.radiohorizonte.fm\/radio\/#\/schema\/logo\/image\/","url":"http:\/\/www.radiohorizonte.fm\/radio\/wp-content\/uploads\/2025\/06\/Portada-FM-Horizonte_modelo-imagen-scaled.jpg","contentUrl":"http:\/\/www.radiohorizonte.fm\/radio\/wp-content\/uploads\/2025\/06\/Portada-FM-Horizonte_modelo-imagen-scaled.jpg","width":2560,"height":1056,"caption":"Horizonte"},"image":{"@id":"http:\/\/www.radiohorizonte.fm\/radio\/#\/schema\/logo\/image\/"},"sameAs":["http:\/\/www.facebook.com\/HORIZONTE106.1","https:\/\/x.com\/fmhorizonte1061"]},{"@type":"Person","@id":"http:\/\/www.radiohorizonte.fm\/radio\/#\/schema\/person\/f8fa003a405bb86729fd87d15d0ddafa","name":"Cristian Galarza","image":{"@type":"ImageObject","inLanguage":"es-AR","@id":"https:\/\/secure.gravatar.com\/avatar\/fad34bc2c773209c05d7d53b08a69b680eeb55f3be014e52b31643d20ab65925?s=96&d=mm&r=g","url":"https:\/\/secure.gravatar.com\/avatar\/fad34bc2c773209c05d7d53b08a69b680eeb55f3be014e52b31643d20ab65925?s=96&d=mm&r=g","contentUrl":"https:\/\/secure.gravatar.com\/avatar\/fad34bc2c773209c05d7d53b08a69b680eeb55f3be014e52b31643d20ab65925?s=96&d=mm&r=g","caption":"Cristian Galarza"},"url":"http:\/\/www.radiohorizonte.fm\/radio\/author\/cristian\/"}]}},"_links":{"self":[{"href":"http:\/\/www.radiohorizonte.fm\/radio\/wp-json\/wp\/v2\/posts\/41817","targetHints":{"allow":["GET"]}}],"collection":[{"href":"http:\/\/www.radiohorizonte.fm\/radio\/wp-json\/wp\/v2\/posts"}],"about":[{"href":"http:\/\/www.radiohorizonte.fm\/radio\/wp-json\/wp\/v2\/types\/post"}],"author":[{"embeddable":true,"href":"http:\/\/www.radiohorizonte.fm\/radio\/wp-json\/wp\/v2\/users\/2"}],"replies":[{"embeddable":true,"href":"http:\/\/www.radiohorizonte.fm\/radio\/wp-json\/wp\/v2\/comments?post=41817"}],"version-history":[{"count":1,"href":"http:\/\/www.radiohorizonte.fm\/radio\/wp-json\/wp\/v2\/posts\/41817\/revisions"}],"predecessor-version":[{"id":41818,"href":"http:\/\/www.radiohorizonte.fm\/radio\/wp-json\/wp\/v2\/posts\/41817\/revisions\/41818"}],"wp:featuredmedia":[{"embeddable":true,"href":"http:\/\/www.radiohorizonte.fm\/radio\/wp-json\/wp\/v2\/media\/9202"}],"wp:attachment":[{"href":"http:\/\/www.radiohorizonte.fm\/radio\/wp-json\/wp\/v2\/media?parent=41817"}],"wp:term":[{"taxonomy":"category","embeddable":true,"href":"http:\/\/www.radiohorizonte.fm\/radio\/wp-json\/wp\/v2\/categories?post=41817"},{"taxonomy":"post_tag","embeddable":true,"href":"http:\/\/www.radiohorizonte.fm\/radio\/wp-json\/wp\/v2\/tags?post=41817"}],"curies":[{"name":"wp","href":"https:\/\/api.w.org\/{rel}","templated":true}]}}