{"id":41822,"date":"2023-08-24T11:59:46","date_gmt":"2023-08-24T14:59:46","guid":{"rendered":"http:\/\/www.radiohorizonte.fm\/radio\/?p=41822"},"modified":"2023-08-24T11:59:46","modified_gmt":"2023-08-24T14:59:46","slug":"con-un-homenaje-julian-zini-se-inauguro-el-festival-de-chamame-de-invierno","status":"publish","type":"post","link":"http:\/\/www.radiohorizonte.fm\/radio\/2023\/08\/24\/con-un-homenaje-julian-zini-se-inauguro-el-festival-de-chamame-de-invierno\/","title":{"rendered":"Con un homenaje a Juli\u00e1n Zini se inaugur\u00f3 el Festival de Chamam\u00e9 de Invierno"},"content":{"rendered":"<p>En el auditorio Juli\u00e1n Zini, se inaugur\u00f3 este mi\u00e9rcoles a la noche el 13\u00ba Festival de Chamam\u00e9 de Invierno, organizado por el Gobierno de la Provincia, a trav\u00e9s del Instituto de Cultura de Corrientes, ofreciendo nuevas miradas tanto en la composici\u00f3n como interpretaci\u00f3n del cancionero tradicional.<\/p>\n<p><img loading=\"lazy\" decoding=\"async\" class=\"alignnone size-full wp-image-41823\" src=\"http:\/\/www.radiohorizonte.fm\/radio\/wp-content\/uploads\/2023\/08\/imagen-48814.jpg\" alt=\"\" width=\"1599\" height=\"1066\" srcset=\"http:\/\/www.radiohorizonte.fm\/radio\/wp-content\/uploads\/2023\/08\/imagen-48814.jpg 1599w, http:\/\/www.radiohorizonte.fm\/radio\/wp-content\/uploads\/2023\/08\/imagen-48814-300x200.jpg 300w, http:\/\/www.radiohorizonte.fm\/radio\/wp-content\/uploads\/2023\/08\/imagen-48814-768x512.jpg 768w, http:\/\/www.radiohorizonte.fm\/radio\/wp-content\/uploads\/2023\/08\/imagen-48814-1024x683.jpg 1024w, http:\/\/www.radiohorizonte.fm\/radio\/wp-content\/uploads\/2023\/08\/imagen-48814-65x43.jpg 65w, http:\/\/www.radiohorizonte.fm\/radio\/wp-content\/uploads\/2023\/08\/imagen-48814-85x57.jpg 85w, http:\/\/www.radiohorizonte.fm\/radio\/wp-content\/uploads\/2023\/08\/imagen-48814-188x125.jpg 188w, http:\/\/www.radiohorizonte.fm\/radio\/wp-content\/uploads\/2023\/08\/imagen-48814-90x60.jpg 90w\" sizes=\"auto, (max-width: 1599px) 100vw, 1599px\" \/><br \/>\nAsistieron al acto inaugural autoridades provinciales y municipales, ocasi\u00f3n en la que el vicegobernador de la provincia, Dr. Pedro Braillard Poccard, al tomar la palabra expres\u00f3: \u201cToda ocasi\u00f3n para disfrutar de nuestra m\u00fasica es buena, es propicia. Felicito al Instituto de Cultura que desde hace varios a\u00f1os viene realizando esta actividad de invierno, y como bien se dijo ac\u00e1 con un justo homenaje a quien le dio el nombre a este Auditorio, el padre Juli\u00e1n Zini\u201d.<br \/>\nPor otra parte, el mandatario destac\u00f3 las pol\u00edticas p\u00fablicas con relaci\u00f3n al chamam\u00e9. \u201cNuestro compromiso con la cultura es permanente, tratamos siempre de hacer algo m\u00e1s por todas las expresiones, pero fundamentalmente por aquella que est\u00e1 ligada a nuestras ra\u00edces, a nuestros sentimientos, a eso que disfrutamos tanto que es nuestro chamam\u00e9\u201d.<\/p>\n<p><strong>Programaci\u00f3n<\/strong><br \/>\nEl festival de invierno di\u00f3 inicio con un homenaje a Juli\u00e1n Zini, uno de los grandes exponentes e incansable investigador del chamam\u00e9, al cumplirse tres a\u00f1os de su fallecimiento, a cargo de la Orquesta Folcl\u00f3rica de la Provincia, seguida por la propuesta art\u00edstica Las Chamameceras, integrada por quienes compartieran la vida musical y pastoral del padre Juli\u00e1n: Rosita Leiva y Esperanza C\u00e1ceres.<br \/>\nJuan Pablo Barber\u00e1n, poeta que inici\u00f3 su carrera art\u00edstica llevando los versos de Juli\u00e1n Zini a los escenarios, fue el encargado de dar el cierre a este sentido homenaje.<br \/>\nLas actividades continuar\u00e1n, jueves 24, a las 21. Se presentar\u00e1n V\u00edctor Pi\u00f1eyro y Ver\u00f3nica Vasco con un repertorio de canciones cl\u00e1sicas del cancionero chamamecero en un formato intimista de voz y guitarra.<br \/>\nAsimismo, el virtuoso Daniel Gim\u00e9nez presentar\u00e1 un trabajo exclusivamente guitarr\u00edstico abordando el chamam\u00e9 con un tratamiento instrumental desde la guitarra solista. Lo acompa\u00f1ar\u00e1 como invitado su Hermano Ismael Gim\u00e9nez, con el que har\u00e1n un homenaje a Nini Flores.<br \/>\nPara finalizar, Gabriel Cocomarola junto a Ana Paula Romero brindar\u00e1n un elaborado repertorio tradicional instrumental.<br \/>\nLa jornada de cierre, el viernes 25, dar\u00e1 inicio \u2013mismo horario- con la presentaci\u00f3n de Jorge Bern\u00e1rdez en Cuarteto, quien ejecutar\u00e1 estrenos de canciones, como as\u00ed tambi\u00e9n piezas instrumental tradicionales. Le seguir\u00e1, Paula Basalo, quien brindar\u00e1 al p\u00fablico profundas interpretaciones de sus propias canciones. El cierre ser\u00e1 con la actuaci\u00f3n de Pedro del Prado, quien junto a su talentoso y destacado hijo Pedro R\u00edos, brindar\u00e1n un gran show en un formato ac\u00fastico.<\/p>\n","protected":false},"excerpt":{"rendered":"<div class=\"post-excerpt\"><p>En el auditorio Juli\u00e1n Zini, se inaugur\u00f3 este mi\u00e9rcoles a la noche el 13\u00ba Festival de Chamam\u00e9 de Invierno, organizado por el Gobierno de la Provincia, a trav\u00e9s del Instituto de Cultura de Corrientes, ofreciendo nuevas miradas tanto en la composici\u00f3n como interpretaci\u00f3n del cancionero tradicional. Asistieron al acto inaugural autoridades provinciales y municipales, ocasi\u00f3n<\/p>\n<\/div>","protected":false},"author":2,"featured_media":41823,"comment_status":"closed","ping_status":"closed","sticky":false,"template":"","format":"standard","meta":{"_acf_changed":false,"footnotes":""},"categories":[2],"tags":[],"class_list":["post-41822","post","type-post","status-publish","format-standard","has-post-thumbnail","hentry","category-noticias"],"acf":[],"yoast_head":"<!-- This site is optimized with the Yoast SEO plugin v28.1 - https:\/\/yoast.com\/product\/yoast-seo-wordpress\/ -->\n<title>Con un homenaje a Juli\u00e1n Zini se inaugur\u00f3 el Festival de Chamam\u00e9 de Invierno - Horizonte<\/title>\n<meta name=\"robots\" content=\"index, follow, max-snippet:-1, max-image-preview:large, max-video-preview:-1\" \/>\n<link rel=\"canonical\" href=\"https:\/\/www.radiohorizonte.fm\/radio\/2023\/08\/24\/con-un-homenaje-julian-zini-se-inauguro-el-festival-de-chamame-de-invierno\/\" \/>\n<meta property=\"og:locale\" content=\"es_ES\" \/>\n<meta property=\"og:type\" content=\"article\" \/>\n<meta property=\"og:title\" content=\"Con un homenaje a Juli\u00e1n Zini se inaugur\u00f3 el Festival de Chamam\u00e9 de Invierno - Horizonte\" \/>\n<meta property=\"og:description\" content=\"En el auditorio Juli\u00e1n Zini, se inaugur\u00f3 este mi\u00e9rcoles a la noche el 13\u00ba Festival de Chamam\u00e9 de Invierno, organizado por el Gobierno de la Provincia, a trav\u00e9s del Instituto de Cultura de Corrientes, ofreciendo nuevas miradas tanto en la composici\u00f3n como interpretaci\u00f3n del cancionero tradicional. Asistieron al acto inaugural autoridades provinciales y municipales, ocasi\u00f3n\" \/>\n<meta property=\"og:url\" content=\"https:\/\/www.radiohorizonte.fm\/radio\/2023\/08\/24\/con-un-homenaje-julian-zini-se-inauguro-el-festival-de-chamame-de-invierno\/\" \/>\n<meta property=\"og:site_name\" content=\"Horizonte\" \/>\n<meta property=\"article:publisher\" content=\"http:\/\/www.facebook.com\/HORIZONTE106.1\" \/>\n<meta property=\"article:published_time\" content=\"2023-08-24T14:59:46+00:00\" \/>\n<meta property=\"og:image\" content=\"https:\/\/www.radiohorizonte.fm\/radio\/wp-content\/uploads\/2023\/08\/imagen-48814.jpg\" \/>\n\t<meta property=\"og:image:width\" content=\"1599\" \/>\n\t<meta property=\"og:image:height\" content=\"1066\" \/>\n\t<meta property=\"og:image:type\" content=\"image\/jpeg\" \/>\n<meta name=\"author\" content=\"Cristian Galarza\" \/>\n<meta name=\"twitter:card\" content=\"summary_large_image\" \/>\n<meta name=\"twitter:creator\" content=\"@fmhorizonte1061\" \/>\n<meta name=\"twitter:site\" content=\"@fmhorizonte1061\" \/>\n<meta name=\"twitter:label1\" content=\"Escrito por\" \/>\n\t<meta name=\"twitter:data1\" content=\"Cristian Galarza\" \/>\n\t<meta name=\"twitter:label2\" content=\"Tiempo de lectura\" \/>\n\t<meta name=\"twitter:data2\" content=\"2 minutos\" \/>\n<script type=\"application\/ld+json\" class=\"yoast-schema-graph\">{\"@context\":\"https:\\\/\\\/schema.org\",\"@graph\":[{\"@type\":\"Article\",\"@id\":\"https:\\\/\\\/www.radiohorizonte.fm\\\/radio\\\/2023\\\/08\\\/24\\\/con-un-homenaje-julian-zini-se-inauguro-el-festival-de-chamame-de-invierno\\\/#article\",\"isPartOf\":{\"@id\":\"https:\\\/\\\/www.radiohorizonte.fm\\\/radio\\\/2023\\\/08\\\/24\\\/con-un-homenaje-julian-zini-se-inauguro-el-festival-de-chamame-de-invierno\\\/\"},\"author\":{\"name\":\"Cristian Galarza\",\"@id\":\"http:\\\/\\\/www.radiohorizonte.fm\\\/radio\\\/#\\\/schema\\\/person\\\/f8fa003a405bb86729fd87d15d0ddafa\"},\"headline\":\"Con un homenaje a Juli\u00e1n Zini se inaugur\u00f3 el Festival de Chamam\u00e9 de Invierno\",\"datePublished\":\"2023-08-24T14:59:46+00:00\",\"mainEntityOfPage\":{\"@id\":\"https:\\\/\\\/www.radiohorizonte.fm\\\/radio\\\/2023\\\/08\\\/24\\\/con-un-homenaje-julian-zini-se-inauguro-el-festival-de-chamame-de-invierno\\\/\"},\"wordCount\":479,\"publisher\":{\"@id\":\"http:\\\/\\\/www.radiohorizonte.fm\\\/radio\\\/#organization\"},\"image\":{\"@id\":\"https:\\\/\\\/www.radiohorizonte.fm\\\/radio\\\/2023\\\/08\\\/24\\\/con-un-homenaje-julian-zini-se-inauguro-el-festival-de-chamame-de-invierno\\\/#primaryimage\"},\"thumbnailUrl\":\"http:\\\/\\\/www.radiohorizonte.fm\\\/radio\\\/wp-content\\\/uploads\\\/2023\\\/08\\\/imagen-48814.jpg\",\"articleSection\":[\"Noticias\"],\"inLanguage\":\"es-AR\"},{\"@type\":\"WebPage\",\"@id\":\"https:\\\/\\\/www.radiohorizonte.fm\\\/radio\\\/2023\\\/08\\\/24\\\/con-un-homenaje-julian-zini-se-inauguro-el-festival-de-chamame-de-invierno\\\/\",\"url\":\"https:\\\/\\\/www.radiohorizonte.fm\\\/radio\\\/2023\\\/08\\\/24\\\/con-un-homenaje-julian-zini-se-inauguro-el-festival-de-chamame-de-invierno\\\/\",\"name\":\"Con un homenaje a Juli\u00e1n Zini se inaugur\u00f3 el Festival de Chamam\u00e9 de Invierno - Horizonte\",\"isPartOf\":{\"@id\":\"http:\\\/\\\/www.radiohorizonte.fm\\\/radio\\\/#website\"},\"primaryImageOfPage\":{\"@id\":\"https:\\\/\\\/www.radiohorizonte.fm\\\/radio\\\/2023\\\/08\\\/24\\\/con-un-homenaje-julian-zini-se-inauguro-el-festival-de-chamame-de-invierno\\\/#primaryimage\"},\"image\":{\"@id\":\"https:\\\/\\\/www.radiohorizonte.fm\\\/radio\\\/2023\\\/08\\\/24\\\/con-un-homenaje-julian-zini-se-inauguro-el-festival-de-chamame-de-invierno\\\/#primaryimage\"},\"thumbnailUrl\":\"http:\\\/\\\/www.radiohorizonte.fm\\\/radio\\\/wp-content\\\/uploads\\\/2023\\\/08\\\/imagen-48814.jpg\",\"datePublished\":\"2023-08-24T14:59:46+00:00\",\"breadcrumb\":{\"@id\":\"https:\\\/\\\/www.radiohorizonte.fm\\\/radio\\\/2023\\\/08\\\/24\\\/con-un-homenaje-julian-zini-se-inauguro-el-festival-de-chamame-de-invierno\\\/#breadcrumb\"},\"inLanguage\":\"es-AR\",\"potentialAction\":[{\"@type\":\"ReadAction\",\"target\":[\"https:\\\/\\\/www.radiohorizonte.fm\\\/radio\\\/2023\\\/08\\\/24\\\/con-un-homenaje-julian-zini-se-inauguro-el-festival-de-chamame-de-invierno\\\/\"]}]},{\"@type\":\"ImageObject\",\"inLanguage\":\"es-AR\",\"@id\":\"https:\\\/\\\/www.radiohorizonte.fm\\\/radio\\\/2023\\\/08\\\/24\\\/con-un-homenaje-julian-zini-se-inauguro-el-festival-de-chamame-de-invierno\\\/#primaryimage\",\"url\":\"http:\\\/\\\/www.radiohorizonte.fm\\\/radio\\\/wp-content\\\/uploads\\\/2023\\\/08\\\/imagen-48814.jpg\",\"contentUrl\":\"http:\\\/\\\/www.radiohorizonte.fm\\\/radio\\\/wp-content\\\/uploads\\\/2023\\\/08\\\/imagen-48814.jpg\",\"width\":1599,\"height\":1066},{\"@type\":\"BreadcrumbList\",\"@id\":\"https:\\\/\\\/www.radiohorizonte.fm\\\/radio\\\/2023\\\/08\\\/24\\\/con-un-homenaje-julian-zini-se-inauguro-el-festival-de-chamame-de-invierno\\\/#breadcrumb\",\"itemListElement\":[{\"@type\":\"ListItem\",\"position\":1,\"name\":\"Home\",\"item\":\"http:\\\/\\\/www.radiohorizonte.fm\\\/radio\\\/\"},{\"@type\":\"ListItem\",\"position\":2,\"name\":\"Con un homenaje a Juli\u00e1n Zini se inaugur\u00f3 el Festival de Chamam\u00e9 de Invierno\"}]},{\"@type\":\"WebSite\",\"@id\":\"http:\\\/\\\/www.radiohorizonte.fm\\\/radio\\\/#website\",\"url\":\"http:\\\/\\\/www.radiohorizonte.fm\\\/radio\\\/\",\"name\":\"Horizonte\",\"description\":\"Radio Horizonte 106.1 - Una radio de clasicos\",\"publisher\":{\"@id\":\"http:\\\/\\\/www.radiohorizonte.fm\\\/radio\\\/#organization\"},\"potentialAction\":[{\"@type\":\"SearchAction\",\"target\":{\"@type\":\"EntryPoint\",\"urlTemplate\":\"http:\\\/\\\/www.radiohorizonte.fm\\\/radio\\\/?s={search_term_string}\"},\"query-input\":{\"@type\":\"PropertyValueSpecification\",\"valueRequired\":true,\"valueName\":\"search_term_string\"}}],\"inLanguage\":\"es-AR\"},{\"@type\":\"Organization\",\"@id\":\"http:\\\/\\\/www.radiohorizonte.fm\\\/radio\\\/#organization\",\"name\":\"Horizonte\",\"url\":\"http:\\\/\\\/www.radiohorizonte.fm\\\/radio\\\/\",\"logo\":{\"@type\":\"ImageObject\",\"inLanguage\":\"es-AR\",\"@id\":\"http:\\\/\\\/www.radiohorizonte.fm\\\/radio\\\/#\\\/schema\\\/logo\\\/image\\\/\",\"url\":\"http:\\\/\\\/www.radiohorizonte.fm\\\/radio\\\/wp-content\\\/uploads\\\/2025\\\/06\\\/Portada-FM-Horizonte_modelo-imagen-scaled.jpg\",\"contentUrl\":\"http:\\\/\\\/www.radiohorizonte.fm\\\/radio\\\/wp-content\\\/uploads\\\/2025\\\/06\\\/Portada-FM-Horizonte_modelo-imagen-scaled.jpg\",\"width\":2560,\"height\":1056,\"caption\":\"Horizonte\"},\"image\":{\"@id\":\"http:\\\/\\\/www.radiohorizonte.fm\\\/radio\\\/#\\\/schema\\\/logo\\\/image\\\/\"},\"sameAs\":[\"http:\\\/\\\/www.facebook.com\\\/HORIZONTE106.1\",\"https:\\\/\\\/x.com\\\/fmhorizonte1061\"]},{\"@type\":\"Person\",\"@id\":\"http:\\\/\\\/www.radiohorizonte.fm\\\/radio\\\/#\\\/schema\\\/person\\\/f8fa003a405bb86729fd87d15d0ddafa\",\"name\":\"Cristian Galarza\",\"image\":{\"@type\":\"ImageObject\",\"inLanguage\":\"es-AR\",\"@id\":\"https:\\\/\\\/secure.gravatar.com\\\/avatar\\\/fad34bc2c773209c05d7d53b08a69b680eeb55f3be014e52b31643d20ab65925?s=96&d=mm&r=g\",\"url\":\"https:\\\/\\\/secure.gravatar.com\\\/avatar\\\/fad34bc2c773209c05d7d53b08a69b680eeb55f3be014e52b31643d20ab65925?s=96&d=mm&r=g\",\"contentUrl\":\"https:\\\/\\\/secure.gravatar.com\\\/avatar\\\/fad34bc2c773209c05d7d53b08a69b680eeb55f3be014e52b31643d20ab65925?s=96&d=mm&r=g\",\"caption\":\"Cristian Galarza\"},\"url\":\"http:\\\/\\\/www.radiohorizonte.fm\\\/radio\\\/author\\\/cristian\\\/\"}]}<\/script>\n<!-- \/ Yoast SEO plugin. -->","yoast_head_json":{"title":"Con un homenaje a Juli\u00e1n Zini se inaugur\u00f3 el Festival de Chamam\u00e9 de Invierno - Horizonte","robots":{"index":"index","follow":"follow","max-snippet":"max-snippet:-1","max-image-preview":"max-image-preview:large","max-video-preview":"max-video-preview:-1"},"canonical":"https:\/\/www.radiohorizonte.fm\/radio\/2023\/08\/24\/con-un-homenaje-julian-zini-se-inauguro-el-festival-de-chamame-de-invierno\/","og_locale":"es_ES","og_type":"article","og_title":"Con un homenaje a Juli\u00e1n Zini se inaugur\u00f3 el Festival de Chamam\u00e9 de Invierno - Horizonte","og_description":"En el auditorio Juli\u00e1n Zini, se inaugur\u00f3 este mi\u00e9rcoles a la noche el 13\u00ba Festival de Chamam\u00e9 de Invierno, organizado por el Gobierno de la Provincia, a trav\u00e9s del Instituto de Cultura de Corrientes, ofreciendo nuevas miradas tanto en la composici\u00f3n como interpretaci\u00f3n del cancionero tradicional. Asistieron al acto inaugural autoridades provinciales y municipales, ocasi\u00f3n","og_url":"https:\/\/www.radiohorizonte.fm\/radio\/2023\/08\/24\/con-un-homenaje-julian-zini-se-inauguro-el-festival-de-chamame-de-invierno\/","og_site_name":"Horizonte","article_publisher":"http:\/\/www.facebook.com\/HORIZONTE106.1","article_published_time":"2023-08-24T14:59:46+00:00","og_image":[{"width":1599,"height":1066,"url":"https:\/\/www.radiohorizonte.fm\/radio\/wp-content\/uploads\/2023\/08\/imagen-48814.jpg","type":"image\/jpeg"}],"author":"Cristian Galarza","twitter_card":"summary_large_image","twitter_creator":"@fmhorizonte1061","twitter_site":"@fmhorizonte1061","twitter_misc":{"Escrito por":"Cristian Galarza","Tiempo de lectura":"2 minutos"},"schema":{"@context":"https:\/\/schema.org","@graph":[{"@type":"Article","@id":"https:\/\/www.radiohorizonte.fm\/radio\/2023\/08\/24\/con-un-homenaje-julian-zini-se-inauguro-el-festival-de-chamame-de-invierno\/#article","isPartOf":{"@id":"https:\/\/www.radiohorizonte.fm\/radio\/2023\/08\/24\/con-un-homenaje-julian-zini-se-inauguro-el-festival-de-chamame-de-invierno\/"},"author":{"name":"Cristian Galarza","@id":"http:\/\/www.radiohorizonte.fm\/radio\/#\/schema\/person\/f8fa003a405bb86729fd87d15d0ddafa"},"headline":"Con un homenaje a Juli\u00e1n Zini se inaugur\u00f3 el Festival de Chamam\u00e9 de Invierno","datePublished":"2023-08-24T14:59:46+00:00","mainEntityOfPage":{"@id":"https:\/\/www.radiohorizonte.fm\/radio\/2023\/08\/24\/con-un-homenaje-julian-zini-se-inauguro-el-festival-de-chamame-de-invierno\/"},"wordCount":479,"publisher":{"@id":"http:\/\/www.radiohorizonte.fm\/radio\/#organization"},"image":{"@id":"https:\/\/www.radiohorizonte.fm\/radio\/2023\/08\/24\/con-un-homenaje-julian-zini-se-inauguro-el-festival-de-chamame-de-invierno\/#primaryimage"},"thumbnailUrl":"http:\/\/www.radiohorizonte.fm\/radio\/wp-content\/uploads\/2023\/08\/imagen-48814.jpg","articleSection":["Noticias"],"inLanguage":"es-AR"},{"@type":"WebPage","@id":"https:\/\/www.radiohorizonte.fm\/radio\/2023\/08\/24\/con-un-homenaje-julian-zini-se-inauguro-el-festival-de-chamame-de-invierno\/","url":"https:\/\/www.radiohorizonte.fm\/radio\/2023\/08\/24\/con-un-homenaje-julian-zini-se-inauguro-el-festival-de-chamame-de-invierno\/","name":"Con un homenaje a Juli\u00e1n Zini se inaugur\u00f3 el Festival de Chamam\u00e9 de Invierno - Horizonte","isPartOf":{"@id":"http:\/\/www.radiohorizonte.fm\/radio\/#website"},"primaryImageOfPage":{"@id":"https:\/\/www.radiohorizonte.fm\/radio\/2023\/08\/24\/con-un-homenaje-julian-zini-se-inauguro-el-festival-de-chamame-de-invierno\/#primaryimage"},"image":{"@id":"https:\/\/www.radiohorizonte.fm\/radio\/2023\/08\/24\/con-un-homenaje-julian-zini-se-inauguro-el-festival-de-chamame-de-invierno\/#primaryimage"},"thumbnailUrl":"http:\/\/www.radiohorizonte.fm\/radio\/wp-content\/uploads\/2023\/08\/imagen-48814.jpg","datePublished":"2023-08-24T14:59:46+00:00","breadcrumb":{"@id":"https:\/\/www.radiohorizonte.fm\/radio\/2023\/08\/24\/con-un-homenaje-julian-zini-se-inauguro-el-festival-de-chamame-de-invierno\/#breadcrumb"},"inLanguage":"es-AR","potentialAction":[{"@type":"ReadAction","target":["https:\/\/www.radiohorizonte.fm\/radio\/2023\/08\/24\/con-un-homenaje-julian-zini-se-inauguro-el-festival-de-chamame-de-invierno\/"]}]},{"@type":"ImageObject","inLanguage":"es-AR","@id":"https:\/\/www.radiohorizonte.fm\/radio\/2023\/08\/24\/con-un-homenaje-julian-zini-se-inauguro-el-festival-de-chamame-de-invierno\/#primaryimage","url":"http:\/\/www.radiohorizonte.fm\/radio\/wp-content\/uploads\/2023\/08\/imagen-48814.jpg","contentUrl":"http:\/\/www.radiohorizonte.fm\/radio\/wp-content\/uploads\/2023\/08\/imagen-48814.jpg","width":1599,"height":1066},{"@type":"BreadcrumbList","@id":"https:\/\/www.radiohorizonte.fm\/radio\/2023\/08\/24\/con-un-homenaje-julian-zini-se-inauguro-el-festival-de-chamame-de-invierno\/#breadcrumb","itemListElement":[{"@type":"ListItem","position":1,"name":"Home","item":"http:\/\/www.radiohorizonte.fm\/radio\/"},{"@type":"ListItem","position":2,"name":"Con un homenaje a Juli\u00e1n Zini se inaugur\u00f3 el Festival de Chamam\u00e9 de Invierno"}]},{"@type":"WebSite","@id":"http:\/\/www.radiohorizonte.fm\/radio\/#website","url":"http:\/\/www.radiohorizonte.fm\/radio\/","name":"Horizonte","description":"Radio Horizonte 106.1 - Una radio de clasicos","publisher":{"@id":"http:\/\/www.radiohorizonte.fm\/radio\/#organization"},"potentialAction":[{"@type":"SearchAction","target":{"@type":"EntryPoint","urlTemplate":"http:\/\/www.radiohorizonte.fm\/radio\/?s={search_term_string}"},"query-input":{"@type":"PropertyValueSpecification","valueRequired":true,"valueName":"search_term_string"}}],"inLanguage":"es-AR"},{"@type":"Organization","@id":"http:\/\/www.radiohorizonte.fm\/radio\/#organization","name":"Horizonte","url":"http:\/\/www.radiohorizonte.fm\/radio\/","logo":{"@type":"ImageObject","inLanguage":"es-AR","@id":"http:\/\/www.radiohorizonte.fm\/radio\/#\/schema\/logo\/image\/","url":"http:\/\/www.radiohorizonte.fm\/radio\/wp-content\/uploads\/2025\/06\/Portada-FM-Horizonte_modelo-imagen-scaled.jpg","contentUrl":"http:\/\/www.radiohorizonte.fm\/radio\/wp-content\/uploads\/2025\/06\/Portada-FM-Horizonte_modelo-imagen-scaled.jpg","width":2560,"height":1056,"caption":"Horizonte"},"image":{"@id":"http:\/\/www.radiohorizonte.fm\/radio\/#\/schema\/logo\/image\/"},"sameAs":["http:\/\/www.facebook.com\/HORIZONTE106.1","https:\/\/x.com\/fmhorizonte1061"]},{"@type":"Person","@id":"http:\/\/www.radiohorizonte.fm\/radio\/#\/schema\/person\/f8fa003a405bb86729fd87d15d0ddafa","name":"Cristian Galarza","image":{"@type":"ImageObject","inLanguage":"es-AR","@id":"https:\/\/secure.gravatar.com\/avatar\/fad34bc2c773209c05d7d53b08a69b680eeb55f3be014e52b31643d20ab65925?s=96&d=mm&r=g","url":"https:\/\/secure.gravatar.com\/avatar\/fad34bc2c773209c05d7d53b08a69b680eeb55f3be014e52b31643d20ab65925?s=96&d=mm&r=g","contentUrl":"https:\/\/secure.gravatar.com\/avatar\/fad34bc2c773209c05d7d53b08a69b680eeb55f3be014e52b31643d20ab65925?s=96&d=mm&r=g","caption":"Cristian Galarza"},"url":"http:\/\/www.radiohorizonte.fm\/radio\/author\/cristian\/"}]}},"_links":{"self":[{"href":"http:\/\/www.radiohorizonte.fm\/radio\/wp-json\/wp\/v2\/posts\/41822","targetHints":{"allow":["GET"]}}],"collection":[{"href":"http:\/\/www.radiohorizonte.fm\/radio\/wp-json\/wp\/v2\/posts"}],"about":[{"href":"http:\/\/www.radiohorizonte.fm\/radio\/wp-json\/wp\/v2\/types\/post"}],"author":[{"embeddable":true,"href":"http:\/\/www.radiohorizonte.fm\/radio\/wp-json\/wp\/v2\/users\/2"}],"replies":[{"embeddable":true,"href":"http:\/\/www.radiohorizonte.fm\/radio\/wp-json\/wp\/v2\/comments?post=41822"}],"version-history":[{"count":1,"href":"http:\/\/www.radiohorizonte.fm\/radio\/wp-json\/wp\/v2\/posts\/41822\/revisions"}],"predecessor-version":[{"id":41824,"href":"http:\/\/www.radiohorizonte.fm\/radio\/wp-json\/wp\/v2\/posts\/41822\/revisions\/41824"}],"wp:featuredmedia":[{"embeddable":true,"href":"http:\/\/www.radiohorizonte.fm\/radio\/wp-json\/wp\/v2\/media\/41823"}],"wp:attachment":[{"href":"http:\/\/www.radiohorizonte.fm\/radio\/wp-json\/wp\/v2\/media?parent=41822"}],"wp:term":[{"taxonomy":"category","embeddable":true,"href":"http:\/\/www.radiohorizonte.fm\/radio\/wp-json\/wp\/v2\/categories?post=41822"},{"taxonomy":"post_tag","embeddable":true,"href":"http:\/\/www.radiohorizonte.fm\/radio\/wp-json\/wp\/v2\/tags?post=41822"}],"curies":[{"name":"wp","href":"https:\/\/api.w.org\/{rel}","templated":true}]}}