{"id":41825,"date":"2023-08-25T07:17:40","date_gmt":"2023-08-25T10:17:40","guid":{"rendered":"http:\/\/www.radiohorizonte.fm\/radio\/?p=41825"},"modified":"2023-08-25T07:17:40","modified_gmt":"2023-08-25T10:17:40","slug":"trump-se-entrego-en-georgia-y-quedo-libre-bajo-fianza","status":"publish","type":"post","link":"http:\/\/www.radiohorizonte.fm\/radio\/2023\/08\/25\/trump-se-entrego-en-georgia-y-quedo-libre-bajo-fianza\/","title":{"rendered":"Trump se entreg\u00f3 en Georgia y qued\u00f3 libre bajo fianza"},"content":{"rendered":"<div class=\"wrapper-header\">\n<div class=\"container-xl\">\n<div class=\"row\">\n<div class=\"col-12\">\n<div class=\"head-content mb-4\">\n<p class=\"speak\">El expresidente estadounidense\u00a0fue fichado en la c\u00e1rcel del condado de Fulton, en la ciudad de Atlanta, donde se le tom\u00f3 la fotograf\u00eda de rigor para el prontuario y se retir\u00f3 luego de\u00a0pagar 200.000 d\u00f3lares.<\/p>\n<\/div>\n<\/div>\n<\/div>\n<\/div>\n<\/div>\n<div class=\"wrapper-editable-content\">\u00a0<img loading=\"lazy\" decoding=\"async\" class=\"alignnone size-full wp-image-41826\" src=\"http:\/\/www.radiohorizonte.fm\/radio\/wp-content\/uploads\/2023\/08\/64e7f8340d1a8_1200.jpg\" alt=\"\" width=\"1200\" height=\"675\" srcset=\"http:\/\/www.radiohorizonte.fm\/radio\/wp-content\/uploads\/2023\/08\/64e7f8340d1a8_1200.jpg 1200w, http:\/\/www.radiohorizonte.fm\/radio\/wp-content\/uploads\/2023\/08\/64e7f8340d1a8_1200-300x169.jpg 300w, http:\/\/www.radiohorizonte.fm\/radio\/wp-content\/uploads\/2023\/08\/64e7f8340d1a8_1200-768x432.jpg 768w, http:\/\/www.radiohorizonte.fm\/radio\/wp-content\/uploads\/2023\/08\/64e7f8340d1a8_1200-1024x576.jpg 1024w, http:\/\/www.radiohorizonte.fm\/radio\/wp-content\/uploads\/2023\/08\/64e7f8340d1a8_1200-65x37.jpg 65w, http:\/\/www.radiohorizonte.fm\/radio\/wp-content\/uploads\/2023\/08\/64e7f8340d1a8_1200-320x180.jpg 320w, http:\/\/www.radiohorizonte.fm\/radio\/wp-content\/uploads\/2023\/08\/64e7f8340d1a8_1200-85x48.jpg 85w, http:\/\/www.radiohorizonte.fm\/radio\/wp-content\/uploads\/2023\/08\/64e7f8340d1a8_1200-220x125.jpg 220w, http:\/\/www.radiohorizonte.fm\/radio\/wp-content\/uploads\/2023\/08\/64e7f8340d1a8_1200-90x51.jpg 90w\" sizes=\"auto, (max-width: 1200px) 100vw, 1200px\" \/><\/div>\n<div>El expresidente de Estados Unidos Donald Trump cumpli\u00f3 este jueves por la noche su anunciada entrega a la polic\u00eda del estado Georgia, donde est\u00e1 procesado bajo la acusaci\u00f3n de haber intentado alterar los resultados de las elecciones de 2020, y qued\u00f3 en libertad bajo fianza tras pagar 200.000 d\u00f3lares.<\/p>\n<p><strong>En un tr\u00e1mite que dur\u00f3 menos de media hora, Trump fue fichado en la c\u00e1rcel del condado de Fulton, en la ciudad de Atlanta -capital de Georgia-, donde se constat\u00f3 que mide 1,92 metros y pesa 97,5 kilogramos, y se le tom\u00f3 la fotograf\u00eda de rigor para el prontuario,<\/strong>\u00a0inform\u00f3 el sheriff Patrick Labat, seg\u00fan la televisora CNN.<\/p>\n<p>Tras el tr\u00e1mite, la caravana de autos que acompa\u00f1a al exjefe de la Casa Blanca fue de inmediato hacia el Aeropuerto Internacional Hartsfield-Jackson de Atlanta para que el exmandatario regresara a Nueva Jersey.<\/p>\n<p><strong>El magnate, que siempre denunci\u00f3 que todo es una maniobra para frustrar su candidatura a otro mandato en 2024, fue puesto en libertad condicional despu\u00e9s de una breve detenci\u00f3n y del pago de una fianza de 200.000 d\u00f3lares<\/strong>, pactada por sus abogados con la Fiscal\u00eda.<\/p>\n<figure class=\"mb-3\"><img decoding=\"async\" class=\" lazy \" src=\"https:\/\/www.telam.com.ar\/thumbs\/bluesteel\/advf\/imagenes\/2023\/08\/64e800c5b9f05_1200.jpg\" alt=\"Foto AFP\" width=\"100%\" height=\"100%\" \/><\/p>\n<div class=\"media-icons\"><\/div><figcaption>Foto: AFP<\/figcaption><\/figure>\n<p>La llegada del expresidente a la sede policial y prisi\u00f3n de Atlanta fue acompa\u00f1ada por un fuerte operativo policial y acordonamiento de la zona, que impidi\u00f3 el acceso al complejo carcelario mientras dur\u00f3 el procedimiento.<\/p>\n<p><strong>El fichaje incluy\u00f3 la impresi\u00f3n de sus huellas dactilares, las dos cl\u00e1sicas fotograf\u00edas de frente y perfil, el escaneo ocular para la identificaci\u00f3n biom\u00e9trica y algunos datos personales.<\/strong><\/p>\n<p>Trump ya hab\u00eda sido fichado por la Polic\u00eda al ser inculpado este a\u00f1o en otras tres investigaciones penales en los estados de Nueva York y Florida y en Washington, pero no se le hab\u00eda tomado una foto policial.<\/p>\n<p>Est\u00e1s im\u00e1genes, entonces, lo convierten en el primer expresidente de Estados Unidos en ser fichado con foto.<\/p>\n<p>A diferencia de esas ocasiones, adem\u00e1s, en este caso su aparici\u00f3n no incluy\u00f3 una comparecencia en una corte ante una autoridad judicial.<\/p>\n<figure class=\"mb-3\"><img decoding=\"async\" class=\" lazy \" src=\"https:\/\/www.telam.com.ar\/thumbs\/bluesteel\/advf\/imagenes\/2023\/06\/64831a85994a6_1200.jpg\" alt=\"El millonario de 77 aos fue inculpado este mes por la fiscal de distrito del condado de Fulton Fani Willis Foto AFP\" width=\"100%\" height=\"100%\" \/><\/p>\n<div class=\"media-icons\"><\/div><figcaption>El millonario de 77 a\u00f1os fue inculpado este mes por la fiscal de distrito del condado de Fulton, Fani Willis \/ Foto: AFP<\/figcaption><\/figure>\n<p>Seg\u00fan acordaron los defensores de Trump con la Fiscal\u00eda, no podr\u00e1 utilizar sus redes sociales para referirse al resto de los acusados.<\/p>\n<p>El millonario de 77 a\u00f1os fue inculpado este mes por la fiscal de distrito del condado de Fulton, Fani Willis, que lo acus\u00f3 de intento de alterar los resultados en Georgia de las elecciones que en 2020 perdi\u00f3 con el presidente Joe Biden, que gan\u00f3 en ese estado clave.<\/p>\n<p>Biden buscar\u00e1 su reelecci\u00f3n en los comicios de noviembre de 2024.<\/p>\n<p><strong>Otros 18 allegados tambi\u00e9n fueron procesados junto al expresidente en vir\u00a0tud de una ley vigente en Georgia sobre la delincuencia en banda organizada que se suele usar contra las pandillas y prev\u00e9 penas de entre cinco y 20 a\u00f1os de prisi\u00f3n.<\/strong><\/p>\n<p>El d\u00eda de la acusaci\u00f3n, Willis dijo que los 19 imputados ten\u00edan hasta ma\u00f1ana para entregarse.<\/p>\n<p>Varios de ellos ya se presentaron voluntariamente ante las autoridades de Georgia, entre ellos el exabogado de Trump y exalcalde de Nueva York, Rudy Giuliani, que lo hizo ayer.<\/p>\n<p>El abogado Steven Sadow, especializado en derecho penal y muy conocido en Georgia, anunci\u00f3 hoy que hab\u00eda sido contratado por Trump para este caso.<\/p>\n<p><strong>&#8220;He sido contratado para representar al presidente Trump en el caso del condado de Fulton, Georgia&#8221;,\u00a0<\/strong>dijo en un comunicado.<\/p>\n<p><strong>&#8220;El presidente nunca deber\u00eda haber sido acusado. Es inocente de todos los cargos que se le imputan. Esperamos que el caso sea desestimado o, si es necesario, que un jurado imparcial y de mente abierta declare al presidente inocente&#8221;,<\/strong>\u00a0agreg\u00f3.<\/p>\n<figure class=\"mb-3\"><img decoding=\"async\" class=\" lazy \" src=\"https:\/\/www.telam.com.ar\/thumbs\/bluesteel\/advf\/imagenes\/2023\/08\/64e77b79ab92a_1200.jpg\" alt=\"El abogado Steven Sadow especializado en derecho penal y muy conocido en Georgia Foto IG stevesadow\" width=\"100%\" height=\"100%\" \/><\/p>\n<div class=\"media-icons\"><\/div><figcaption>El abogado Steven Sadow, especializado en derecho penal y muy conocido en Georgia \/ Foto: IG @stevesadow<\/figcaption><\/figure>\n<p>CNN dijo que una fuente cercana a<strong>\u00a0Trump le confirm\u00f3 que Sadow reemplazar\u00e1 al abogado que hasta ahora representaba en este caso de Georgia al expresidente y candidato a la reelecci\u00f3n en 2024<\/strong>, Drew Findling.<\/p>\n<p>La investigaci\u00f3n comenz\u00f3 por una llamada telef\u00f3nica de enero de 2021 -cuya grabaci\u00f3n se hizo p\u00fablica- en la que<strong>\u00a0Trump pidi\u00f3 a un funcionario local de Georgia que &#8220;encontrara&#8221; unas 12.000 boletas a su nombre que le faltaban para ganar los 16 electores de Georgia.<\/strong><\/p>\n<p>Un gran jurado reunido en Atlanta aprob\u00f3 la inculpaci\u00f3n el 15 de agosto pasado despu\u00e9s de que los testigos convocados por la fiscal\u00eda declararan durante toda la jornada.<\/p>\n<p>La fiscal Willis fue quien cre\u00f3 este panel de ciudadanos con poder para investigar si hab\u00eda pruebas suficientes para acusar a Trump, en particular por fraude e interferencia electoral.<\/p>\n<p>Este caso a\u00f1ade un nuevo frente judicial a los tres que ten\u00eda el exmandatario, inmerso en la campa\u00f1a para las primarias del Partido Republicano, en las que aparece como favorito.<\/p>\n<p>Un fiscal especial de Washington inculp\u00f3 a Trump este mes de m\u00faltiples intentos de alterar el resultado de las elecciones de 2020 a nivel nacional en las semanas previas a que cientos de sus seguidores atacaran el edificio del Congreso en Washington para intentar frustrar el procedimiento legislativo de certificaci\u00f3n del triunfo del dem\u00f3crata Joe Biden.<\/p>\n<p>En otra causa que se instruye en Miami, Florida, un tribunal federal lo acus\u00f3 en junio de &#8220;retenci\u00f3n de documentos clasificados&#8221; y &#8220;obstrucci\u00f3n de una investigaci\u00f3n federal&#8221; por haberse llevado documentos oficiales de la Casa Blanca al dejar la presidencia.<\/p>\n<p>En marzo, un gran jurado del estado de Nueva York lo acus\u00f3 de fraude fiscal en relaci\u00f3n al pago de dinero a una actriz porno para que guardara silencio sobre una relaci\u00f3n extramatrimonial, de modo de no perjudicar su candidatura en 2016.<\/p><\/div>\n","protected":false},"excerpt":{"rendered":"<div class=\"post-excerpt\"><p>El expresidente estadounidense\u00a0fue fichado en la c\u00e1rcel del condado de Fulton, en la ciudad de Atlanta, donde se le tom\u00f3 la fotograf\u00eda de rigor para el prontuario y se retir\u00f3 luego de\u00a0pagar 200.000 d\u00f3lares. \u00a0 El expresidente de Estados Unidos Donald Trump cumpli\u00f3 este jueves por la noche su anunciada entrega a la polic\u00eda del<\/p>\n<\/div>","protected":false},"author":2,"featured_media":41826,"comment_status":"closed","ping_status":"closed","sticky":false,"template":"","format":"standard","meta":{"_acf_changed":false,"footnotes":""},"categories":[2],"tags":[],"class_list":["post-41825","post","type-post","status-publish","format-standard","has-post-thumbnail","hentry","category-noticias"],"acf":[],"yoast_head":"<!-- This site is optimized with the Yoast SEO plugin v28.1 - https:\/\/yoast.com\/product\/yoast-seo-wordpress\/ -->\n<title>Trump se entreg\u00f3 en Georgia y qued\u00f3 libre bajo fianza - Horizonte<\/title>\n<meta name=\"robots\" content=\"index, follow, max-snippet:-1, max-image-preview:large, max-video-preview:-1\" \/>\n<link rel=\"canonical\" href=\"http:\/\/www.radiohorizonte.fm\/radio\/2023\/08\/25\/trump-se-entrego-en-georgia-y-quedo-libre-bajo-fianza\/\" \/>\n<meta property=\"og:locale\" content=\"es_ES\" \/>\n<meta property=\"og:type\" content=\"article\" \/>\n<meta property=\"og:title\" content=\"Trump se entreg\u00f3 en Georgia y qued\u00f3 libre bajo fianza - Horizonte\" \/>\n<meta property=\"og:description\" content=\"El expresidente estadounidense\u00a0fue fichado en la c\u00e1rcel del condado de Fulton, en la ciudad de Atlanta, donde se le tom\u00f3 la fotograf\u00eda de rigor para el prontuario y se retir\u00f3 luego de\u00a0pagar 200.000 d\u00f3lares. \u00a0 El expresidente de Estados Unidos Donald Trump cumpli\u00f3 este jueves por la noche su anunciada entrega a la polic\u00eda del\" \/>\n<meta property=\"og:url\" content=\"http:\/\/www.radiohorizonte.fm\/radio\/2023\/08\/25\/trump-se-entrego-en-georgia-y-quedo-libre-bajo-fianza\/\" \/>\n<meta property=\"og:site_name\" content=\"Horizonte\" \/>\n<meta property=\"article:publisher\" content=\"http:\/\/www.facebook.com\/HORIZONTE106.1\" \/>\n<meta property=\"article:published_time\" content=\"2023-08-25T10:17:40+00:00\" \/>\n<meta property=\"og:image\" content=\"http:\/\/www.radiohorizonte.fm\/radio\/wp-content\/uploads\/2023\/08\/64e7f8340d1a8_1200.jpg\" \/>\n\t<meta property=\"og:image:width\" content=\"1200\" \/>\n\t<meta property=\"og:image:height\" content=\"675\" \/>\n\t<meta property=\"og:image:type\" content=\"image\/jpeg\" \/>\n<meta name=\"author\" content=\"Cristian Galarza\" \/>\n<meta name=\"twitter:card\" content=\"summary_large_image\" \/>\n<meta name=\"twitter:creator\" content=\"@fmhorizonte1061\" \/>\n<meta name=\"twitter:site\" content=\"@fmhorizonte1061\" \/>\n<meta name=\"twitter:label1\" content=\"Escrito por\" \/>\n\t<meta name=\"twitter:data1\" content=\"Cristian Galarza\" \/>\n\t<meta name=\"twitter:label2\" content=\"Tiempo de lectura\" \/>\n\t<meta name=\"twitter:data2\" content=\"5 minutos\" \/>\n<script type=\"application\/ld+json\" class=\"yoast-schema-graph\">{\"@context\":\"https:\\\/\\\/schema.org\",\"@graph\":[{\"@type\":\"Article\",\"@id\":\"http:\\\/\\\/www.radiohorizonte.fm\\\/radio\\\/2023\\\/08\\\/25\\\/trump-se-entrego-en-georgia-y-quedo-libre-bajo-fianza\\\/#article\",\"isPartOf\":{\"@id\":\"http:\\\/\\\/www.radiohorizonte.fm\\\/radio\\\/2023\\\/08\\\/25\\\/trump-se-entrego-en-georgia-y-quedo-libre-bajo-fianza\\\/\"},\"author\":{\"name\":\"Cristian Galarza\",\"@id\":\"http:\\\/\\\/www.radiohorizonte.fm\\\/radio\\\/#\\\/schema\\\/person\\\/f8fa003a405bb86729fd87d15d0ddafa\"},\"headline\":\"Trump se entreg\u00f3 en Georgia y qued\u00f3 libre bajo fianza\",\"datePublished\":\"2023-08-25T10:17:40+00:00\",\"mainEntityOfPage\":{\"@id\":\"http:\\\/\\\/www.radiohorizonte.fm\\\/radio\\\/2023\\\/08\\\/25\\\/trump-se-entrego-en-georgia-y-quedo-libre-bajo-fianza\\\/\"},\"wordCount\":1013,\"publisher\":{\"@id\":\"http:\\\/\\\/www.radiohorizonte.fm\\\/radio\\\/#organization\"},\"image\":{\"@id\":\"http:\\\/\\\/www.radiohorizonte.fm\\\/radio\\\/2023\\\/08\\\/25\\\/trump-se-entrego-en-georgia-y-quedo-libre-bajo-fianza\\\/#primaryimage\"},\"thumbnailUrl\":\"http:\\\/\\\/www.radiohorizonte.fm\\\/radio\\\/wp-content\\\/uploads\\\/2023\\\/08\\\/64e7f8340d1a8_1200.jpg\",\"articleSection\":[\"Noticias\"],\"inLanguage\":\"es-AR\"},{\"@type\":\"WebPage\",\"@id\":\"http:\\\/\\\/www.radiohorizonte.fm\\\/radio\\\/2023\\\/08\\\/25\\\/trump-se-entrego-en-georgia-y-quedo-libre-bajo-fianza\\\/\",\"url\":\"http:\\\/\\\/www.radiohorizonte.fm\\\/radio\\\/2023\\\/08\\\/25\\\/trump-se-entrego-en-georgia-y-quedo-libre-bajo-fianza\\\/\",\"name\":\"Trump se entreg\u00f3 en Georgia y qued\u00f3 libre bajo fianza - Horizonte\",\"isPartOf\":{\"@id\":\"http:\\\/\\\/www.radiohorizonte.fm\\\/radio\\\/#website\"},\"primaryImageOfPage\":{\"@id\":\"http:\\\/\\\/www.radiohorizonte.fm\\\/radio\\\/2023\\\/08\\\/25\\\/trump-se-entrego-en-georgia-y-quedo-libre-bajo-fianza\\\/#primaryimage\"},\"image\":{\"@id\":\"http:\\\/\\\/www.radiohorizonte.fm\\\/radio\\\/2023\\\/08\\\/25\\\/trump-se-entrego-en-georgia-y-quedo-libre-bajo-fianza\\\/#primaryimage\"},\"thumbnailUrl\":\"http:\\\/\\\/www.radiohorizonte.fm\\\/radio\\\/wp-content\\\/uploads\\\/2023\\\/08\\\/64e7f8340d1a8_1200.jpg\",\"datePublished\":\"2023-08-25T10:17:40+00:00\",\"breadcrumb\":{\"@id\":\"http:\\\/\\\/www.radiohorizonte.fm\\\/radio\\\/2023\\\/08\\\/25\\\/trump-se-entrego-en-georgia-y-quedo-libre-bajo-fianza\\\/#breadcrumb\"},\"inLanguage\":\"es-AR\",\"potentialAction\":[{\"@type\":\"ReadAction\",\"target\":[\"http:\\\/\\\/www.radiohorizonte.fm\\\/radio\\\/2023\\\/08\\\/25\\\/trump-se-entrego-en-georgia-y-quedo-libre-bajo-fianza\\\/\"]}]},{\"@type\":\"ImageObject\",\"inLanguage\":\"es-AR\",\"@id\":\"http:\\\/\\\/www.radiohorizonte.fm\\\/radio\\\/2023\\\/08\\\/25\\\/trump-se-entrego-en-georgia-y-quedo-libre-bajo-fianza\\\/#primaryimage\",\"url\":\"http:\\\/\\\/www.radiohorizonte.fm\\\/radio\\\/wp-content\\\/uploads\\\/2023\\\/08\\\/64e7f8340d1a8_1200.jpg\",\"contentUrl\":\"http:\\\/\\\/www.radiohorizonte.fm\\\/radio\\\/wp-content\\\/uploads\\\/2023\\\/08\\\/64e7f8340d1a8_1200.jpg\",\"width\":1200,\"height\":675},{\"@type\":\"BreadcrumbList\",\"@id\":\"http:\\\/\\\/www.radiohorizonte.fm\\\/radio\\\/2023\\\/08\\\/25\\\/trump-se-entrego-en-georgia-y-quedo-libre-bajo-fianza\\\/#breadcrumb\",\"itemListElement\":[{\"@type\":\"ListItem\",\"position\":1,\"name\":\"Home\",\"item\":\"http:\\\/\\\/www.radiohorizonte.fm\\\/radio\\\/\"},{\"@type\":\"ListItem\",\"position\":2,\"name\":\"Trump se entreg\u00f3 en Georgia y qued\u00f3 libre bajo fianza\"}]},{\"@type\":\"WebSite\",\"@id\":\"http:\\\/\\\/www.radiohorizonte.fm\\\/radio\\\/#website\",\"url\":\"http:\\\/\\\/www.radiohorizonte.fm\\\/radio\\\/\",\"name\":\"Horizonte\",\"description\":\"Radio Horizonte 106.1 - Una radio de clasicos\",\"publisher\":{\"@id\":\"http:\\\/\\\/www.radiohorizonte.fm\\\/radio\\\/#organization\"},\"potentialAction\":[{\"@type\":\"SearchAction\",\"target\":{\"@type\":\"EntryPoint\",\"urlTemplate\":\"http:\\\/\\\/www.radiohorizonte.fm\\\/radio\\\/?s={search_term_string}\"},\"query-input\":{\"@type\":\"PropertyValueSpecification\",\"valueRequired\":true,\"valueName\":\"search_term_string\"}}],\"inLanguage\":\"es-AR\"},{\"@type\":\"Organization\",\"@id\":\"http:\\\/\\\/www.radiohorizonte.fm\\\/radio\\\/#organization\",\"name\":\"Horizonte\",\"url\":\"http:\\\/\\\/www.radiohorizonte.fm\\\/radio\\\/\",\"logo\":{\"@type\":\"ImageObject\",\"inLanguage\":\"es-AR\",\"@id\":\"http:\\\/\\\/www.radiohorizonte.fm\\\/radio\\\/#\\\/schema\\\/logo\\\/image\\\/\",\"url\":\"http:\\\/\\\/www.radiohorizonte.fm\\\/radio\\\/wp-content\\\/uploads\\\/2025\\\/06\\\/Portada-FM-Horizonte_modelo-imagen-scaled.jpg\",\"contentUrl\":\"http:\\\/\\\/www.radiohorizonte.fm\\\/radio\\\/wp-content\\\/uploads\\\/2025\\\/06\\\/Portada-FM-Horizonte_modelo-imagen-scaled.jpg\",\"width\":2560,\"height\":1056,\"caption\":\"Horizonte\"},\"image\":{\"@id\":\"http:\\\/\\\/www.radiohorizonte.fm\\\/radio\\\/#\\\/schema\\\/logo\\\/image\\\/\"},\"sameAs\":[\"http:\\\/\\\/www.facebook.com\\\/HORIZONTE106.1\",\"https:\\\/\\\/x.com\\\/fmhorizonte1061\"]},{\"@type\":\"Person\",\"@id\":\"http:\\\/\\\/www.radiohorizonte.fm\\\/radio\\\/#\\\/schema\\\/person\\\/f8fa003a405bb86729fd87d15d0ddafa\",\"name\":\"Cristian Galarza\",\"image\":{\"@type\":\"ImageObject\",\"inLanguage\":\"es-AR\",\"@id\":\"https:\\\/\\\/secure.gravatar.com\\\/avatar\\\/fad34bc2c773209c05d7d53b08a69b680eeb55f3be014e52b31643d20ab65925?s=96&d=mm&r=g\",\"url\":\"https:\\\/\\\/secure.gravatar.com\\\/avatar\\\/fad34bc2c773209c05d7d53b08a69b680eeb55f3be014e52b31643d20ab65925?s=96&d=mm&r=g\",\"contentUrl\":\"https:\\\/\\\/secure.gravatar.com\\\/avatar\\\/fad34bc2c773209c05d7d53b08a69b680eeb55f3be014e52b31643d20ab65925?s=96&d=mm&r=g\",\"caption\":\"Cristian Galarza\"},\"url\":\"http:\\\/\\\/www.radiohorizonte.fm\\\/radio\\\/author\\\/cristian\\\/\"}]}<\/script>\n<!-- \/ Yoast SEO plugin. -->","yoast_head_json":{"title":"Trump se entreg\u00f3 en Georgia y qued\u00f3 libre bajo fianza - Horizonte","robots":{"index":"index","follow":"follow","max-snippet":"max-snippet:-1","max-image-preview":"max-image-preview:large","max-video-preview":"max-video-preview:-1"},"canonical":"http:\/\/www.radiohorizonte.fm\/radio\/2023\/08\/25\/trump-se-entrego-en-georgia-y-quedo-libre-bajo-fianza\/","og_locale":"es_ES","og_type":"article","og_title":"Trump se entreg\u00f3 en Georgia y qued\u00f3 libre bajo fianza - Horizonte","og_description":"El expresidente estadounidense\u00a0fue fichado en la c\u00e1rcel del condado de Fulton, en la ciudad de Atlanta, donde se le tom\u00f3 la fotograf\u00eda de rigor para el prontuario y se retir\u00f3 luego de\u00a0pagar 200.000 d\u00f3lares. \u00a0 El expresidente de Estados Unidos Donald Trump cumpli\u00f3 este jueves por la noche su anunciada entrega a la polic\u00eda del","og_url":"http:\/\/www.radiohorizonte.fm\/radio\/2023\/08\/25\/trump-se-entrego-en-georgia-y-quedo-libre-bajo-fianza\/","og_site_name":"Horizonte","article_publisher":"http:\/\/www.facebook.com\/HORIZONTE106.1","article_published_time":"2023-08-25T10:17:40+00:00","og_image":[{"width":1200,"height":675,"url":"http:\/\/www.radiohorizonte.fm\/radio\/wp-content\/uploads\/2023\/08\/64e7f8340d1a8_1200.jpg","type":"image\/jpeg"}],"author":"Cristian Galarza","twitter_card":"summary_large_image","twitter_creator":"@fmhorizonte1061","twitter_site":"@fmhorizonte1061","twitter_misc":{"Escrito por":"Cristian Galarza","Tiempo de lectura":"5 minutos"},"schema":{"@context":"https:\/\/schema.org","@graph":[{"@type":"Article","@id":"http:\/\/www.radiohorizonte.fm\/radio\/2023\/08\/25\/trump-se-entrego-en-georgia-y-quedo-libre-bajo-fianza\/#article","isPartOf":{"@id":"http:\/\/www.radiohorizonte.fm\/radio\/2023\/08\/25\/trump-se-entrego-en-georgia-y-quedo-libre-bajo-fianza\/"},"author":{"name":"Cristian Galarza","@id":"http:\/\/www.radiohorizonte.fm\/radio\/#\/schema\/person\/f8fa003a405bb86729fd87d15d0ddafa"},"headline":"Trump se entreg\u00f3 en Georgia y qued\u00f3 libre bajo fianza","datePublished":"2023-08-25T10:17:40+00:00","mainEntityOfPage":{"@id":"http:\/\/www.radiohorizonte.fm\/radio\/2023\/08\/25\/trump-se-entrego-en-georgia-y-quedo-libre-bajo-fianza\/"},"wordCount":1013,"publisher":{"@id":"http:\/\/www.radiohorizonte.fm\/radio\/#organization"},"image":{"@id":"http:\/\/www.radiohorizonte.fm\/radio\/2023\/08\/25\/trump-se-entrego-en-georgia-y-quedo-libre-bajo-fianza\/#primaryimage"},"thumbnailUrl":"http:\/\/www.radiohorizonte.fm\/radio\/wp-content\/uploads\/2023\/08\/64e7f8340d1a8_1200.jpg","articleSection":["Noticias"],"inLanguage":"es-AR"},{"@type":"WebPage","@id":"http:\/\/www.radiohorizonte.fm\/radio\/2023\/08\/25\/trump-se-entrego-en-georgia-y-quedo-libre-bajo-fianza\/","url":"http:\/\/www.radiohorizonte.fm\/radio\/2023\/08\/25\/trump-se-entrego-en-georgia-y-quedo-libre-bajo-fianza\/","name":"Trump se entreg\u00f3 en Georgia y qued\u00f3 libre bajo fianza - Horizonte","isPartOf":{"@id":"http:\/\/www.radiohorizonte.fm\/radio\/#website"},"primaryImageOfPage":{"@id":"http:\/\/www.radiohorizonte.fm\/radio\/2023\/08\/25\/trump-se-entrego-en-georgia-y-quedo-libre-bajo-fianza\/#primaryimage"},"image":{"@id":"http:\/\/www.radiohorizonte.fm\/radio\/2023\/08\/25\/trump-se-entrego-en-georgia-y-quedo-libre-bajo-fianza\/#primaryimage"},"thumbnailUrl":"http:\/\/www.radiohorizonte.fm\/radio\/wp-content\/uploads\/2023\/08\/64e7f8340d1a8_1200.jpg","datePublished":"2023-08-25T10:17:40+00:00","breadcrumb":{"@id":"http:\/\/www.radiohorizonte.fm\/radio\/2023\/08\/25\/trump-se-entrego-en-georgia-y-quedo-libre-bajo-fianza\/#breadcrumb"},"inLanguage":"es-AR","potentialAction":[{"@type":"ReadAction","target":["http:\/\/www.radiohorizonte.fm\/radio\/2023\/08\/25\/trump-se-entrego-en-georgia-y-quedo-libre-bajo-fianza\/"]}]},{"@type":"ImageObject","inLanguage":"es-AR","@id":"http:\/\/www.radiohorizonte.fm\/radio\/2023\/08\/25\/trump-se-entrego-en-georgia-y-quedo-libre-bajo-fianza\/#primaryimage","url":"http:\/\/www.radiohorizonte.fm\/radio\/wp-content\/uploads\/2023\/08\/64e7f8340d1a8_1200.jpg","contentUrl":"http:\/\/www.radiohorizonte.fm\/radio\/wp-content\/uploads\/2023\/08\/64e7f8340d1a8_1200.jpg","width":1200,"height":675},{"@type":"BreadcrumbList","@id":"http:\/\/www.radiohorizonte.fm\/radio\/2023\/08\/25\/trump-se-entrego-en-georgia-y-quedo-libre-bajo-fianza\/#breadcrumb","itemListElement":[{"@type":"ListItem","position":1,"name":"Home","item":"http:\/\/www.radiohorizonte.fm\/radio\/"},{"@type":"ListItem","position":2,"name":"Trump se entreg\u00f3 en Georgia y qued\u00f3 libre bajo fianza"}]},{"@type":"WebSite","@id":"http:\/\/www.radiohorizonte.fm\/radio\/#website","url":"http:\/\/www.radiohorizonte.fm\/radio\/","name":"Horizonte","description":"Radio Horizonte 106.1 - Una radio de clasicos","publisher":{"@id":"http:\/\/www.radiohorizonte.fm\/radio\/#organization"},"potentialAction":[{"@type":"SearchAction","target":{"@type":"EntryPoint","urlTemplate":"http:\/\/www.radiohorizonte.fm\/radio\/?s={search_term_string}"},"query-input":{"@type":"PropertyValueSpecification","valueRequired":true,"valueName":"search_term_string"}}],"inLanguage":"es-AR"},{"@type":"Organization","@id":"http:\/\/www.radiohorizonte.fm\/radio\/#organization","name":"Horizonte","url":"http:\/\/www.radiohorizonte.fm\/radio\/","logo":{"@type":"ImageObject","inLanguage":"es-AR","@id":"http:\/\/www.radiohorizonte.fm\/radio\/#\/schema\/logo\/image\/","url":"http:\/\/www.radiohorizonte.fm\/radio\/wp-content\/uploads\/2025\/06\/Portada-FM-Horizonte_modelo-imagen-scaled.jpg","contentUrl":"http:\/\/www.radiohorizonte.fm\/radio\/wp-content\/uploads\/2025\/06\/Portada-FM-Horizonte_modelo-imagen-scaled.jpg","width":2560,"height":1056,"caption":"Horizonte"},"image":{"@id":"http:\/\/www.radiohorizonte.fm\/radio\/#\/schema\/logo\/image\/"},"sameAs":["http:\/\/www.facebook.com\/HORIZONTE106.1","https:\/\/x.com\/fmhorizonte1061"]},{"@type":"Person","@id":"http:\/\/www.radiohorizonte.fm\/radio\/#\/schema\/person\/f8fa003a405bb86729fd87d15d0ddafa","name":"Cristian Galarza","image":{"@type":"ImageObject","inLanguage":"es-AR","@id":"https:\/\/secure.gravatar.com\/avatar\/fad34bc2c773209c05d7d53b08a69b680eeb55f3be014e52b31643d20ab65925?s=96&d=mm&r=g","url":"https:\/\/secure.gravatar.com\/avatar\/fad34bc2c773209c05d7d53b08a69b680eeb55f3be014e52b31643d20ab65925?s=96&d=mm&r=g","contentUrl":"https:\/\/secure.gravatar.com\/avatar\/fad34bc2c773209c05d7d53b08a69b680eeb55f3be014e52b31643d20ab65925?s=96&d=mm&r=g","caption":"Cristian Galarza"},"url":"http:\/\/www.radiohorizonte.fm\/radio\/author\/cristian\/"}]}},"_links":{"self":[{"href":"http:\/\/www.radiohorizonte.fm\/radio\/wp-json\/wp\/v2\/posts\/41825","targetHints":{"allow":["GET"]}}],"collection":[{"href":"http:\/\/www.radiohorizonte.fm\/radio\/wp-json\/wp\/v2\/posts"}],"about":[{"href":"http:\/\/www.radiohorizonte.fm\/radio\/wp-json\/wp\/v2\/types\/post"}],"author":[{"embeddable":true,"href":"http:\/\/www.radiohorizonte.fm\/radio\/wp-json\/wp\/v2\/users\/2"}],"replies":[{"embeddable":true,"href":"http:\/\/www.radiohorizonte.fm\/radio\/wp-json\/wp\/v2\/comments?post=41825"}],"version-history":[{"count":1,"href":"http:\/\/www.radiohorizonte.fm\/radio\/wp-json\/wp\/v2\/posts\/41825\/revisions"}],"predecessor-version":[{"id":41827,"href":"http:\/\/www.radiohorizonte.fm\/radio\/wp-json\/wp\/v2\/posts\/41825\/revisions\/41827"}],"wp:featuredmedia":[{"embeddable":true,"href":"http:\/\/www.radiohorizonte.fm\/radio\/wp-json\/wp\/v2\/media\/41826"}],"wp:attachment":[{"href":"http:\/\/www.radiohorizonte.fm\/radio\/wp-json\/wp\/v2\/media?parent=41825"}],"wp:term":[{"taxonomy":"category","embeddable":true,"href":"http:\/\/www.radiohorizonte.fm\/radio\/wp-json\/wp\/v2\/categories?post=41825"},{"taxonomy":"post_tag","embeddable":true,"href":"http:\/\/www.radiohorizonte.fm\/radio\/wp-json\/wp\/v2\/tags?post=41825"}],"curies":[{"name":"wp","href":"https:\/\/api.w.org\/{rel}","templated":true}]}}