{"id":41828,"date":"2023-08-25T07:19:19","date_gmt":"2023-08-25T10:19:19","guid":{"rendered":"http:\/\/www.radiohorizonte.fm\/radio\/?p=41828"},"modified":"2023-08-25T07:19:19","modified_gmt":"2023-08-25T10:19:19","slug":"valdes-ratifico-su-acompanamiento-bullrich-y-abogo-por-un-cambio-razonable","status":"publish","type":"post","link":"http:\/\/www.radiohorizonte.fm\/radio\/2023\/08\/25\/valdes-ratifico-su-acompanamiento-bullrich-y-abogo-por-un-cambio-razonable\/","title":{"rendered":"Vald\u00e9s ratific\u00f3 su acompa\u00f1amiento a Bullrich y abog\u00f3 por un &#8220;cambio razonable&#8221;"},"content":{"rendered":"<div>El gobernador de Corrientes, Gustavo Vald\u00e9s particip\u00f3 este jueves en la ciudad de Buenos Aires en el encuentro que concret\u00f3 Juntos por el Cambio para ratificar su acompa\u00f1amiento a Patricia Bullrich como candidata a presidente de la Naci\u00f3n, afirmando que &#8220;es la \u00fanica&#8221; capaz de &#8220;ofrecer un cambio razonable e integral&#8221; por contar con una &#8220;alianza pol\u00edtica con despliegue territorial, equipos de trabajo y experiencia de gesti\u00f3n&#8221;.<\/div>\n<div><img loading=\"lazy\" decoding=\"async\" class=\"alignnone size-full wp-image-41829\" src=\"http:\/\/www.radiohorizonte.fm\/radio\/wp-content\/uploads\/2023\/08\/WhatsApp-Image-2023-08-24-at-18.50.25-1.jpeg\" alt=\"\" width=\"1200\" height=\"1200\" srcset=\"http:\/\/www.radiohorizonte.fm\/radio\/wp-content\/uploads\/2023\/08\/WhatsApp-Image-2023-08-24-at-18.50.25-1.jpeg 1200w, http:\/\/www.radiohorizonte.fm\/radio\/wp-content\/uploads\/2023\/08\/WhatsApp-Image-2023-08-24-at-18.50.25-1-150x150.jpeg 150w, http:\/\/www.radiohorizonte.fm\/radio\/wp-content\/uploads\/2023\/08\/WhatsApp-Image-2023-08-24-at-18.50.25-1-300x300.jpeg 300w, http:\/\/www.radiohorizonte.fm\/radio\/wp-content\/uploads\/2023\/08\/WhatsApp-Image-2023-08-24-at-18.50.25-1-768x768.jpeg 768w, http:\/\/www.radiohorizonte.fm\/radio\/wp-content\/uploads\/2023\/08\/WhatsApp-Image-2023-08-24-at-18.50.25-1-1024x1024.jpeg 1024w, http:\/\/www.radiohorizonte.fm\/radio\/wp-content\/uploads\/2023\/08\/WhatsApp-Image-2023-08-24-at-18.50.25-1-65x65.jpeg 65w, http:\/\/www.radiohorizonte.fm\/radio\/wp-content\/uploads\/2023\/08\/WhatsApp-Image-2023-08-24-at-18.50.25-1-200x200.jpeg 200w, http:\/\/www.radiohorizonte.fm\/radio\/wp-content\/uploads\/2023\/08\/WhatsApp-Image-2023-08-24-at-18.50.25-1-85x85.jpeg 85w, http:\/\/www.radiohorizonte.fm\/radio\/wp-content\/uploads\/2023\/08\/WhatsApp-Image-2023-08-24-at-18.50.25-1-125x125.jpeg 125w, http:\/\/www.radiohorizonte.fm\/radio\/wp-content\/uploads\/2023\/08\/WhatsApp-Image-2023-08-24-at-18.50.25-1-90x90.jpeg 90w\" sizes=\"auto, (max-width: 1200px) 100vw, 1200px\" \/><\/div>\n<div><\/div>\n<div>La actividad se desarroll\u00f3 en el Hotel NH, a media cuadra de la Plaza de Mayo, desde\u00a0las 10:30, encabezada por Bullrich y su\u00a0compa\u00f1ero de f\u00f3rmula, el mendocino Luis Petri, con todos los gobernadores y 270 legisladores y candidatos a legisladores de la coalici\u00f3n. De esta forma, adem\u00e1s de Vald\u00e9s, estuvieron all\u00ed, expresando su apoyo, Horacio Rodr\u00edguez Larreta (CABA), Gerardo Morales (Jujuy), y Rodolfo Su\u00e1rez (Mendoza).<\/div>\n<div><\/div>\n<div>&#8220;Convoqu\u00e9 al equipo nacional de Juntos por el Cambio y analizamos la situaci\u00f3n de crisis y desgobierno actual&#8221;, afirm\u00f3 Bullrich sobre el motivo del encuentro. Y al respecto, sostuvo que &#8220;para sacar la Argentina adelante, se necesita mucha decisi\u00f3n y coraje para hacer cumplir la ley&#8221;, asegurando que &#8220;en unidad y con firmeza vamos a ordenar el pa\u00eds y terminar con las mafias, los narcos y el uso de la pobreza para beneficio propio&#8221;.<\/div>\n<div><\/div>\n<div>Y Vald\u00e9s afirm\u00f3 en la ocasi\u00f3n que &#8220;Juntos por el Cambio es la \u00fanica alianza pol\u00edtica con despliegue territorial, equipos de trabajo y experiencia de gesti\u00f3n que puede gobernar Argentina y ofrecer un cambio razonable e integral: por eso, con dirigentes de todo el pa\u00eds, ratificamos el acompa\u00f1amiento a Patricia Bullrich&#8221;.<\/div>\n","protected":false},"excerpt":{"rendered":"<div class=\"post-excerpt\"><p>El gobernador de Corrientes, Gustavo Vald\u00e9s particip\u00f3 este jueves en la ciudad de Buenos Aires en el encuentro que concret\u00f3 Juntos por el Cambio para ratificar su acompa\u00f1amiento a Patricia Bullrich como candidata a presidente de la Naci\u00f3n, afirmando que &#8220;es la \u00fanica&#8221; capaz de &#8220;ofrecer un cambio razonable e integral&#8221; por contar con una<\/p>\n<\/div>","protected":false},"author":2,"featured_media":41829,"comment_status":"closed","ping_status":"closed","sticky":false,"template":"","format":"standard","meta":{"_acf_changed":false,"footnotes":""},"categories":[2],"tags":[],"class_list":["post-41828","post","type-post","status-publish","format-standard","has-post-thumbnail","hentry","category-noticias"],"acf":[],"yoast_head":"<!-- This site is optimized with the Yoast SEO plugin v28.1 - https:\/\/yoast.com\/product\/yoast-seo-wordpress\/ -->\n<title>Vald\u00e9s ratific\u00f3 su acompa\u00f1amiento a Bullrich y abog\u00f3 por un &quot;cambio razonable&quot; - Horizonte<\/title>\n<meta name=\"robots\" content=\"index, follow, max-snippet:-1, max-image-preview:large, max-video-preview:-1\" \/>\n<link rel=\"canonical\" href=\"http:\/\/www.radiohorizonte.fm\/radio\/2023\/08\/25\/valdes-ratifico-su-acompanamiento-bullrich-y-abogo-por-un-cambio-razonable\/\" \/>\n<meta property=\"og:locale\" content=\"es_ES\" \/>\n<meta property=\"og:type\" content=\"article\" \/>\n<meta property=\"og:title\" content=\"Vald\u00e9s ratific\u00f3 su acompa\u00f1amiento a Bullrich y abog\u00f3 por un &quot;cambio razonable&quot; - Horizonte\" \/>\n<meta property=\"og:description\" content=\"El gobernador de Corrientes, Gustavo Vald\u00e9s particip\u00f3 este jueves en la ciudad de Buenos Aires en el encuentro que concret\u00f3 Juntos por el Cambio para ratificar su acompa\u00f1amiento a Patricia Bullrich como candidata a presidente de la Naci\u00f3n, afirmando que &#8220;es la \u00fanica&#8221; capaz de &#8220;ofrecer un cambio razonable e integral&#8221; por contar con una\" \/>\n<meta property=\"og:url\" content=\"http:\/\/www.radiohorizonte.fm\/radio\/2023\/08\/25\/valdes-ratifico-su-acompanamiento-bullrich-y-abogo-por-un-cambio-razonable\/\" \/>\n<meta property=\"og:site_name\" content=\"Horizonte\" \/>\n<meta property=\"article:publisher\" content=\"http:\/\/www.facebook.com\/HORIZONTE106.1\" \/>\n<meta property=\"article:published_time\" content=\"2023-08-25T10:19:19+00:00\" \/>\n<meta property=\"og:image\" content=\"http:\/\/www.radiohorizonte.fm\/radio\/wp-content\/uploads\/2023\/08\/WhatsApp-Image-2023-08-24-at-18.50.25-1.jpeg\" \/>\n\t<meta property=\"og:image:width\" content=\"1200\" \/>\n\t<meta property=\"og:image:height\" content=\"1200\" \/>\n\t<meta property=\"og:image:type\" content=\"image\/jpeg\" \/>\n<meta name=\"author\" content=\"Cristian Galarza\" \/>\n<meta name=\"twitter:card\" content=\"summary_large_image\" \/>\n<meta name=\"twitter:creator\" content=\"@fmhorizonte1061\" \/>\n<meta name=\"twitter:site\" content=\"@fmhorizonte1061\" \/>\n<meta name=\"twitter:label1\" content=\"Escrito por\" \/>\n\t<meta name=\"twitter:data1\" content=\"Cristian Galarza\" \/>\n\t<meta name=\"twitter:label2\" content=\"Tiempo de lectura\" \/>\n\t<meta name=\"twitter:data2\" content=\"1 minuto\" \/>\n<script type=\"application\/ld+json\" class=\"yoast-schema-graph\">{\"@context\":\"https:\\\/\\\/schema.org\",\"@graph\":[{\"@type\":\"Article\",\"@id\":\"http:\\\/\\\/www.radiohorizonte.fm\\\/radio\\\/2023\\\/08\\\/25\\\/valdes-ratifico-su-acompanamiento-bullrich-y-abogo-por-un-cambio-razonable\\\/#article\",\"isPartOf\":{\"@id\":\"http:\\\/\\\/www.radiohorizonte.fm\\\/radio\\\/2023\\\/08\\\/25\\\/valdes-ratifico-su-acompanamiento-bullrich-y-abogo-por-un-cambio-razonable\\\/\"},\"author\":{\"name\":\"Cristian Galarza\",\"@id\":\"http:\\\/\\\/www.radiohorizonte.fm\\\/radio\\\/#\\\/schema\\\/person\\\/f8fa003a405bb86729fd87d15d0ddafa\"},\"headline\":\"Vald\u00e9s ratific\u00f3 su acompa\u00f1amiento a Bullrich y abog\u00f3 por un &#8220;cambio razonable&#8221;\",\"datePublished\":\"2023-08-25T10:19:19+00:00\",\"mainEntityOfPage\":{\"@id\":\"http:\\\/\\\/www.radiohorizonte.fm\\\/radio\\\/2023\\\/08\\\/25\\\/valdes-ratifico-su-acompanamiento-bullrich-y-abogo-por-un-cambio-razonable\\\/\"},\"wordCount\":292,\"publisher\":{\"@id\":\"http:\\\/\\\/www.radiohorizonte.fm\\\/radio\\\/#organization\"},\"image\":{\"@id\":\"http:\\\/\\\/www.radiohorizonte.fm\\\/radio\\\/2023\\\/08\\\/25\\\/valdes-ratifico-su-acompanamiento-bullrich-y-abogo-por-un-cambio-razonable\\\/#primaryimage\"},\"thumbnailUrl\":\"http:\\\/\\\/www.radiohorizonte.fm\\\/radio\\\/wp-content\\\/uploads\\\/2023\\\/08\\\/WhatsApp-Image-2023-08-24-at-18.50.25-1.jpeg\",\"articleSection\":[\"Noticias\"],\"inLanguage\":\"es-AR\"},{\"@type\":\"WebPage\",\"@id\":\"http:\\\/\\\/www.radiohorizonte.fm\\\/radio\\\/2023\\\/08\\\/25\\\/valdes-ratifico-su-acompanamiento-bullrich-y-abogo-por-un-cambio-razonable\\\/\",\"url\":\"http:\\\/\\\/www.radiohorizonte.fm\\\/radio\\\/2023\\\/08\\\/25\\\/valdes-ratifico-su-acompanamiento-bullrich-y-abogo-por-un-cambio-razonable\\\/\",\"name\":\"Vald\u00e9s ratific\u00f3 su acompa\u00f1amiento a Bullrich y abog\u00f3 por un \\\"cambio razonable\\\" - Horizonte\",\"isPartOf\":{\"@id\":\"http:\\\/\\\/www.radiohorizonte.fm\\\/radio\\\/#website\"},\"primaryImageOfPage\":{\"@id\":\"http:\\\/\\\/www.radiohorizonte.fm\\\/radio\\\/2023\\\/08\\\/25\\\/valdes-ratifico-su-acompanamiento-bullrich-y-abogo-por-un-cambio-razonable\\\/#primaryimage\"},\"image\":{\"@id\":\"http:\\\/\\\/www.radiohorizonte.fm\\\/radio\\\/2023\\\/08\\\/25\\\/valdes-ratifico-su-acompanamiento-bullrich-y-abogo-por-un-cambio-razonable\\\/#primaryimage\"},\"thumbnailUrl\":\"http:\\\/\\\/www.radiohorizonte.fm\\\/radio\\\/wp-content\\\/uploads\\\/2023\\\/08\\\/WhatsApp-Image-2023-08-24-at-18.50.25-1.jpeg\",\"datePublished\":\"2023-08-25T10:19:19+00:00\",\"breadcrumb\":{\"@id\":\"http:\\\/\\\/www.radiohorizonte.fm\\\/radio\\\/2023\\\/08\\\/25\\\/valdes-ratifico-su-acompanamiento-bullrich-y-abogo-por-un-cambio-razonable\\\/#breadcrumb\"},\"inLanguage\":\"es-AR\",\"potentialAction\":[{\"@type\":\"ReadAction\",\"target\":[\"http:\\\/\\\/www.radiohorizonte.fm\\\/radio\\\/2023\\\/08\\\/25\\\/valdes-ratifico-su-acompanamiento-bullrich-y-abogo-por-un-cambio-razonable\\\/\"]}]},{\"@type\":\"ImageObject\",\"inLanguage\":\"es-AR\",\"@id\":\"http:\\\/\\\/www.radiohorizonte.fm\\\/radio\\\/2023\\\/08\\\/25\\\/valdes-ratifico-su-acompanamiento-bullrich-y-abogo-por-un-cambio-razonable\\\/#primaryimage\",\"url\":\"http:\\\/\\\/www.radiohorizonte.fm\\\/radio\\\/wp-content\\\/uploads\\\/2023\\\/08\\\/WhatsApp-Image-2023-08-24-at-18.50.25-1.jpeg\",\"contentUrl\":\"http:\\\/\\\/www.radiohorizonte.fm\\\/radio\\\/wp-content\\\/uploads\\\/2023\\\/08\\\/WhatsApp-Image-2023-08-24-at-18.50.25-1.jpeg\",\"width\":1200,\"height\":1200},{\"@type\":\"BreadcrumbList\",\"@id\":\"http:\\\/\\\/www.radiohorizonte.fm\\\/radio\\\/2023\\\/08\\\/25\\\/valdes-ratifico-su-acompanamiento-bullrich-y-abogo-por-un-cambio-razonable\\\/#breadcrumb\",\"itemListElement\":[{\"@type\":\"ListItem\",\"position\":1,\"name\":\"Home\",\"item\":\"http:\\\/\\\/www.radiohorizonte.fm\\\/radio\\\/\"},{\"@type\":\"ListItem\",\"position\":2,\"name\":\"Vald\u00e9s ratific\u00f3 su acompa\u00f1amiento a Bullrich y abog\u00f3 por un &#8220;cambio razonable&#8221;\"}]},{\"@type\":\"WebSite\",\"@id\":\"http:\\\/\\\/www.radiohorizonte.fm\\\/radio\\\/#website\",\"url\":\"http:\\\/\\\/www.radiohorizonte.fm\\\/radio\\\/\",\"name\":\"Horizonte\",\"description\":\"Radio Horizonte 106.1 - Una radio de clasicos\",\"publisher\":{\"@id\":\"http:\\\/\\\/www.radiohorizonte.fm\\\/radio\\\/#organization\"},\"potentialAction\":[{\"@type\":\"SearchAction\",\"target\":{\"@type\":\"EntryPoint\",\"urlTemplate\":\"http:\\\/\\\/www.radiohorizonte.fm\\\/radio\\\/?s={search_term_string}\"},\"query-input\":{\"@type\":\"PropertyValueSpecification\",\"valueRequired\":true,\"valueName\":\"search_term_string\"}}],\"inLanguage\":\"es-AR\"},{\"@type\":\"Organization\",\"@id\":\"http:\\\/\\\/www.radiohorizonte.fm\\\/radio\\\/#organization\",\"name\":\"Horizonte\",\"url\":\"http:\\\/\\\/www.radiohorizonte.fm\\\/radio\\\/\",\"logo\":{\"@type\":\"ImageObject\",\"inLanguage\":\"es-AR\",\"@id\":\"http:\\\/\\\/www.radiohorizonte.fm\\\/radio\\\/#\\\/schema\\\/logo\\\/image\\\/\",\"url\":\"http:\\\/\\\/www.radiohorizonte.fm\\\/radio\\\/wp-content\\\/uploads\\\/2025\\\/06\\\/Portada-FM-Horizonte_modelo-imagen-scaled.jpg\",\"contentUrl\":\"http:\\\/\\\/www.radiohorizonte.fm\\\/radio\\\/wp-content\\\/uploads\\\/2025\\\/06\\\/Portada-FM-Horizonte_modelo-imagen-scaled.jpg\",\"width\":2560,\"height\":1056,\"caption\":\"Horizonte\"},\"image\":{\"@id\":\"http:\\\/\\\/www.radiohorizonte.fm\\\/radio\\\/#\\\/schema\\\/logo\\\/image\\\/\"},\"sameAs\":[\"http:\\\/\\\/www.facebook.com\\\/HORIZONTE106.1\",\"https:\\\/\\\/x.com\\\/fmhorizonte1061\"]},{\"@type\":\"Person\",\"@id\":\"http:\\\/\\\/www.radiohorizonte.fm\\\/radio\\\/#\\\/schema\\\/person\\\/f8fa003a405bb86729fd87d15d0ddafa\",\"name\":\"Cristian Galarza\",\"image\":{\"@type\":\"ImageObject\",\"inLanguage\":\"es-AR\",\"@id\":\"https:\\\/\\\/secure.gravatar.com\\\/avatar\\\/fad34bc2c773209c05d7d53b08a69b680eeb55f3be014e52b31643d20ab65925?s=96&d=mm&r=g\",\"url\":\"https:\\\/\\\/secure.gravatar.com\\\/avatar\\\/fad34bc2c773209c05d7d53b08a69b680eeb55f3be014e52b31643d20ab65925?s=96&d=mm&r=g\",\"contentUrl\":\"https:\\\/\\\/secure.gravatar.com\\\/avatar\\\/fad34bc2c773209c05d7d53b08a69b680eeb55f3be014e52b31643d20ab65925?s=96&d=mm&r=g\",\"caption\":\"Cristian Galarza\"},\"url\":\"http:\\\/\\\/www.radiohorizonte.fm\\\/radio\\\/author\\\/cristian\\\/\"}]}<\/script>\n<!-- \/ Yoast SEO plugin. -->","yoast_head_json":{"title":"Vald\u00e9s ratific\u00f3 su acompa\u00f1amiento a Bullrich y abog\u00f3 por un \"cambio razonable\" - Horizonte","robots":{"index":"index","follow":"follow","max-snippet":"max-snippet:-1","max-image-preview":"max-image-preview:large","max-video-preview":"max-video-preview:-1"},"canonical":"http:\/\/www.radiohorizonte.fm\/radio\/2023\/08\/25\/valdes-ratifico-su-acompanamiento-bullrich-y-abogo-por-un-cambio-razonable\/","og_locale":"es_ES","og_type":"article","og_title":"Vald\u00e9s ratific\u00f3 su acompa\u00f1amiento a Bullrich y abog\u00f3 por un \"cambio razonable\" - Horizonte","og_description":"El gobernador de Corrientes, Gustavo Vald\u00e9s particip\u00f3 este jueves en la ciudad de Buenos Aires en el encuentro que concret\u00f3 Juntos por el Cambio para ratificar su acompa\u00f1amiento a Patricia Bullrich como candidata a presidente de la Naci\u00f3n, afirmando que &#8220;es la \u00fanica&#8221; capaz de &#8220;ofrecer un cambio razonable e integral&#8221; por contar con una","og_url":"http:\/\/www.radiohorizonte.fm\/radio\/2023\/08\/25\/valdes-ratifico-su-acompanamiento-bullrich-y-abogo-por-un-cambio-razonable\/","og_site_name":"Horizonte","article_publisher":"http:\/\/www.facebook.com\/HORIZONTE106.1","article_published_time":"2023-08-25T10:19:19+00:00","og_image":[{"width":1200,"height":1200,"url":"http:\/\/www.radiohorizonte.fm\/radio\/wp-content\/uploads\/2023\/08\/WhatsApp-Image-2023-08-24-at-18.50.25-1.jpeg","type":"image\/jpeg"}],"author":"Cristian Galarza","twitter_card":"summary_large_image","twitter_creator":"@fmhorizonte1061","twitter_site":"@fmhorizonte1061","twitter_misc":{"Escrito por":"Cristian Galarza","Tiempo de lectura":"1 minuto"},"schema":{"@context":"https:\/\/schema.org","@graph":[{"@type":"Article","@id":"http:\/\/www.radiohorizonte.fm\/radio\/2023\/08\/25\/valdes-ratifico-su-acompanamiento-bullrich-y-abogo-por-un-cambio-razonable\/#article","isPartOf":{"@id":"http:\/\/www.radiohorizonte.fm\/radio\/2023\/08\/25\/valdes-ratifico-su-acompanamiento-bullrich-y-abogo-por-un-cambio-razonable\/"},"author":{"name":"Cristian Galarza","@id":"http:\/\/www.radiohorizonte.fm\/radio\/#\/schema\/person\/f8fa003a405bb86729fd87d15d0ddafa"},"headline":"Vald\u00e9s ratific\u00f3 su acompa\u00f1amiento a Bullrich y abog\u00f3 por un &#8220;cambio razonable&#8221;","datePublished":"2023-08-25T10:19:19+00:00","mainEntityOfPage":{"@id":"http:\/\/www.radiohorizonte.fm\/radio\/2023\/08\/25\/valdes-ratifico-su-acompanamiento-bullrich-y-abogo-por-un-cambio-razonable\/"},"wordCount":292,"publisher":{"@id":"http:\/\/www.radiohorizonte.fm\/radio\/#organization"},"image":{"@id":"http:\/\/www.radiohorizonte.fm\/radio\/2023\/08\/25\/valdes-ratifico-su-acompanamiento-bullrich-y-abogo-por-un-cambio-razonable\/#primaryimage"},"thumbnailUrl":"http:\/\/www.radiohorizonte.fm\/radio\/wp-content\/uploads\/2023\/08\/WhatsApp-Image-2023-08-24-at-18.50.25-1.jpeg","articleSection":["Noticias"],"inLanguage":"es-AR"},{"@type":"WebPage","@id":"http:\/\/www.radiohorizonte.fm\/radio\/2023\/08\/25\/valdes-ratifico-su-acompanamiento-bullrich-y-abogo-por-un-cambio-razonable\/","url":"http:\/\/www.radiohorizonte.fm\/radio\/2023\/08\/25\/valdes-ratifico-su-acompanamiento-bullrich-y-abogo-por-un-cambio-razonable\/","name":"Vald\u00e9s ratific\u00f3 su acompa\u00f1amiento a Bullrich y abog\u00f3 por un \"cambio razonable\" - Horizonte","isPartOf":{"@id":"http:\/\/www.radiohorizonte.fm\/radio\/#website"},"primaryImageOfPage":{"@id":"http:\/\/www.radiohorizonte.fm\/radio\/2023\/08\/25\/valdes-ratifico-su-acompanamiento-bullrich-y-abogo-por-un-cambio-razonable\/#primaryimage"},"image":{"@id":"http:\/\/www.radiohorizonte.fm\/radio\/2023\/08\/25\/valdes-ratifico-su-acompanamiento-bullrich-y-abogo-por-un-cambio-razonable\/#primaryimage"},"thumbnailUrl":"http:\/\/www.radiohorizonte.fm\/radio\/wp-content\/uploads\/2023\/08\/WhatsApp-Image-2023-08-24-at-18.50.25-1.jpeg","datePublished":"2023-08-25T10:19:19+00:00","breadcrumb":{"@id":"http:\/\/www.radiohorizonte.fm\/radio\/2023\/08\/25\/valdes-ratifico-su-acompanamiento-bullrich-y-abogo-por-un-cambio-razonable\/#breadcrumb"},"inLanguage":"es-AR","potentialAction":[{"@type":"ReadAction","target":["http:\/\/www.radiohorizonte.fm\/radio\/2023\/08\/25\/valdes-ratifico-su-acompanamiento-bullrich-y-abogo-por-un-cambio-razonable\/"]}]},{"@type":"ImageObject","inLanguage":"es-AR","@id":"http:\/\/www.radiohorizonte.fm\/radio\/2023\/08\/25\/valdes-ratifico-su-acompanamiento-bullrich-y-abogo-por-un-cambio-razonable\/#primaryimage","url":"http:\/\/www.radiohorizonte.fm\/radio\/wp-content\/uploads\/2023\/08\/WhatsApp-Image-2023-08-24-at-18.50.25-1.jpeg","contentUrl":"http:\/\/www.radiohorizonte.fm\/radio\/wp-content\/uploads\/2023\/08\/WhatsApp-Image-2023-08-24-at-18.50.25-1.jpeg","width":1200,"height":1200},{"@type":"BreadcrumbList","@id":"http:\/\/www.radiohorizonte.fm\/radio\/2023\/08\/25\/valdes-ratifico-su-acompanamiento-bullrich-y-abogo-por-un-cambio-razonable\/#breadcrumb","itemListElement":[{"@type":"ListItem","position":1,"name":"Home","item":"http:\/\/www.radiohorizonte.fm\/radio\/"},{"@type":"ListItem","position":2,"name":"Vald\u00e9s ratific\u00f3 su acompa\u00f1amiento a Bullrich y abog\u00f3 por un &#8220;cambio razonable&#8221;"}]},{"@type":"WebSite","@id":"http:\/\/www.radiohorizonte.fm\/radio\/#website","url":"http:\/\/www.radiohorizonte.fm\/radio\/","name":"Horizonte","description":"Radio Horizonte 106.1 - Una radio de clasicos","publisher":{"@id":"http:\/\/www.radiohorizonte.fm\/radio\/#organization"},"potentialAction":[{"@type":"SearchAction","target":{"@type":"EntryPoint","urlTemplate":"http:\/\/www.radiohorizonte.fm\/radio\/?s={search_term_string}"},"query-input":{"@type":"PropertyValueSpecification","valueRequired":true,"valueName":"search_term_string"}}],"inLanguage":"es-AR"},{"@type":"Organization","@id":"http:\/\/www.radiohorizonte.fm\/radio\/#organization","name":"Horizonte","url":"http:\/\/www.radiohorizonte.fm\/radio\/","logo":{"@type":"ImageObject","inLanguage":"es-AR","@id":"http:\/\/www.radiohorizonte.fm\/radio\/#\/schema\/logo\/image\/","url":"http:\/\/www.radiohorizonte.fm\/radio\/wp-content\/uploads\/2025\/06\/Portada-FM-Horizonte_modelo-imagen-scaled.jpg","contentUrl":"http:\/\/www.radiohorizonte.fm\/radio\/wp-content\/uploads\/2025\/06\/Portada-FM-Horizonte_modelo-imagen-scaled.jpg","width":2560,"height":1056,"caption":"Horizonte"},"image":{"@id":"http:\/\/www.radiohorizonte.fm\/radio\/#\/schema\/logo\/image\/"},"sameAs":["http:\/\/www.facebook.com\/HORIZONTE106.1","https:\/\/x.com\/fmhorizonte1061"]},{"@type":"Person","@id":"http:\/\/www.radiohorizonte.fm\/radio\/#\/schema\/person\/f8fa003a405bb86729fd87d15d0ddafa","name":"Cristian Galarza","image":{"@type":"ImageObject","inLanguage":"es-AR","@id":"https:\/\/secure.gravatar.com\/avatar\/fad34bc2c773209c05d7d53b08a69b680eeb55f3be014e52b31643d20ab65925?s=96&d=mm&r=g","url":"https:\/\/secure.gravatar.com\/avatar\/fad34bc2c773209c05d7d53b08a69b680eeb55f3be014e52b31643d20ab65925?s=96&d=mm&r=g","contentUrl":"https:\/\/secure.gravatar.com\/avatar\/fad34bc2c773209c05d7d53b08a69b680eeb55f3be014e52b31643d20ab65925?s=96&d=mm&r=g","caption":"Cristian Galarza"},"url":"http:\/\/www.radiohorizonte.fm\/radio\/author\/cristian\/"}]}},"_links":{"self":[{"href":"http:\/\/www.radiohorizonte.fm\/radio\/wp-json\/wp\/v2\/posts\/41828","targetHints":{"allow":["GET"]}}],"collection":[{"href":"http:\/\/www.radiohorizonte.fm\/radio\/wp-json\/wp\/v2\/posts"}],"about":[{"href":"http:\/\/www.radiohorizonte.fm\/radio\/wp-json\/wp\/v2\/types\/post"}],"author":[{"embeddable":true,"href":"http:\/\/www.radiohorizonte.fm\/radio\/wp-json\/wp\/v2\/users\/2"}],"replies":[{"embeddable":true,"href":"http:\/\/www.radiohorizonte.fm\/radio\/wp-json\/wp\/v2\/comments?post=41828"}],"version-history":[{"count":1,"href":"http:\/\/www.radiohorizonte.fm\/radio\/wp-json\/wp\/v2\/posts\/41828\/revisions"}],"predecessor-version":[{"id":41830,"href":"http:\/\/www.radiohorizonte.fm\/radio\/wp-json\/wp\/v2\/posts\/41828\/revisions\/41830"}],"wp:featuredmedia":[{"embeddable":true,"href":"http:\/\/www.radiohorizonte.fm\/radio\/wp-json\/wp\/v2\/media\/41829"}],"wp:attachment":[{"href":"http:\/\/www.radiohorizonte.fm\/radio\/wp-json\/wp\/v2\/media?parent=41828"}],"wp:term":[{"taxonomy":"category","embeddable":true,"href":"http:\/\/www.radiohorizonte.fm\/radio\/wp-json\/wp\/v2\/categories?post=41828"},{"taxonomy":"post_tag","embeddable":true,"href":"http:\/\/www.radiohorizonte.fm\/radio\/wp-json\/wp\/v2\/tags?post=41828"}],"curies":[{"name":"wp","href":"https:\/\/api.w.org\/{rel}","templated":true}]}}