{"id":41832,"date":"2023-08-25T09:55:58","date_gmt":"2023-08-25T12:55:58","guid":{"rendered":"http:\/\/www.radiohorizonte.fm\/radio\/?p=41832"},"modified":"2023-08-25T09:55:58","modified_gmt":"2023-08-25T12:55:58","slug":"hallan-el-cuerpo-de-un-camionero-atado-de-pies-y-manos","status":"publish","type":"post","link":"http:\/\/www.radiohorizonte.fm\/radio\/2023\/08\/25\/hallan-el-cuerpo-de-un-camionero-atado-de-pies-y-manos\/","title":{"rendered":"Hallan el cuerpo de un camionero, atado de pies y manos"},"content":{"rendered":"<p>Se trata de un hombre oriundo de Brasil, quien era buscado por su familia desde el 13 de agosto pasado. Ten\u00eda 29 a\u00f1os y estaba desocupado.<\/p>\n<p><img loading=\"lazy\" decoding=\"async\" class=\"alignnone size-full wp-image-41833\" src=\"http:\/\/www.radiohorizonte.fm\/radio\/wp-content\/uploads\/2023\/08\/159355w790h493c.webp_.jpg\" alt=\"\" width=\"790\" height=\"493\" srcset=\"http:\/\/www.radiohorizonte.fm\/radio\/wp-content\/uploads\/2023\/08\/159355w790h493c.webp_.jpg 790w, http:\/\/www.radiohorizonte.fm\/radio\/wp-content\/uploads\/2023\/08\/159355w790h493c.webp_-300x187.jpg 300w, http:\/\/www.radiohorizonte.fm\/radio\/wp-content\/uploads\/2023\/08\/159355w790h493c.webp_-768x479.jpg 768w, http:\/\/www.radiohorizonte.fm\/radio\/wp-content\/uploads\/2023\/08\/159355w790h493c.webp_-65x41.jpg 65w, http:\/\/www.radiohorizonte.fm\/radio\/wp-content\/uploads\/2023\/08\/159355w790h493c.webp_-320x200.jpg 320w, http:\/\/www.radiohorizonte.fm\/radio\/wp-content\/uploads\/2023\/08\/159355w790h493c.webp_-85x53.jpg 85w, http:\/\/www.radiohorizonte.fm\/radio\/wp-content\/uploads\/2023\/08\/159355w790h493c.webp_-200x125.jpg 200w, http:\/\/www.radiohorizonte.fm\/radio\/wp-content\/uploads\/2023\/08\/159355w790h493c.webp_-90x56.jpg 90w\" sizes=\"auto, (max-width: 790px) 100vw, 790px\" \/><\/p>\n<p><strong>Un brasile\u00f1o que se encontraba desaparecido desde el 13 de agosto pasado, fue hallado flotando en el R\u00edo Uruguay, a la altura de la ciudad de Paso de los Libres, en Corrientes, y la autopsia determin\u00f3 que fue asesinado por asfixia mec\u00e1nica.<\/strong><\/p>\n<p>Adem\u00e1s,\u00a0<strong>se verific\u00f3 que llevaba las manos y los pies atados, sujetado a ladrillos para que hicieran peso y evitar que subiera a la superficie,<\/strong>\u00a0informaron este jueves fuentes de la investigaci\u00f3n.<\/p>\n<p class=\" aBigClassNameToAvoidCollisionInText\"><strong>El hombre fue identificado como Luiz Eduardo Silva dos Santos (29), un camionero desocupado oriundo de la ciudad brasile\u00f1a de Uruguayana<\/strong>, y una versi\u00f3n dada a conocer por medios de Paso de los Libres, indica que\u00a0<strong>el chofer habr\u00eda sido v\u00edctima de un secuestro por parte de dos hombres, en el barrio Uni\u00e4o das Vilas de Uruguayana.<\/strong><\/p>\n<p><strong>El hallazgo se produjo el pasado domingo<\/strong>\u00a0y en el hecho interviene el titular de la Unidad Fiscal de Investigaciones Concretas de Paso de los Libres, Facundo Sotelo, quien confirm\u00f3 que Silva dos Santos era buscado por su familia desde el 13 de agosto pasado.<\/p>\n<p><strong>El fiscal Sotelo habl\u00f3 de &#8220;una muerte traum\u00e1tica&#8221; y detall\u00f3 que se trata de &#8220;un cuerpo con una soga rodeando su cuello, con contrapeso de ladrillos en el otro extremo de la soga, pies y manos atadas, provocada por otra u otras personas&#8221;.<\/strong><\/p>\n<p>En declaraciones radiales, el funcionario precis\u00f3 que el lunes \u00faltimo a la ma\u00f1ana, la familia de la v\u00edctima lleg\u00f3 hasta la ciudad correntina, donde identificaron el cuerpo y se cumplieron los tr\u00e1mites de rigor para el traslado a Brasil.<\/p>\n<p>El representante del Ministerio P\u00fablico Fiscal a\u00f1adi\u00f3 que\u00a0<strong>el cad\u00e1ver ten\u00eda &#8220;prendas de vestir, short y una remera, que se encontraban desgarradas, entendemos que por el tiempo transcurrido seg\u00fan indican las pericias, al igual que el cuerpo en estado de avanzada descomposici\u00f3n&#8221;.<\/strong><\/p>\n<p>Finalmente, el fiscal Sotelo explic\u00f3 que la competencia de la investigaci\u00f3n del caso pasar\u00e1 a las autoridades brasile\u00f1as, ya que la denuncia de la familia fue radicada en ese pa\u00eds.<\/p>\n","protected":false},"excerpt":{"rendered":"<div class=\"post-excerpt\"><p>Se trata de un hombre oriundo de Brasil, quien era buscado por su familia desde el 13 de agosto pasado. Ten\u00eda 29 a\u00f1os y estaba desocupado. Un brasile\u00f1o que se encontraba desaparecido desde el 13 de agosto pasado, fue hallado flotando en el R\u00edo Uruguay, a la altura de la ciudad de Paso de los<\/p>\n<\/div>","protected":false},"author":2,"featured_media":41833,"comment_status":"closed","ping_status":"closed","sticky":false,"template":"","format":"standard","meta":{"_acf_changed":false,"footnotes":""},"categories":[2],"tags":[],"class_list":["post-41832","post","type-post","status-publish","format-standard","has-post-thumbnail","hentry","category-noticias"],"acf":[],"yoast_head":"<!-- This site is optimized with the Yoast SEO plugin v28.1 - https:\/\/yoast.com\/product\/yoast-seo-wordpress\/ -->\n<title>Hallan el cuerpo de un camionero, atado de pies y manos - Horizonte<\/title>\n<meta name=\"robots\" content=\"index, follow, max-snippet:-1, max-image-preview:large, max-video-preview:-1\" \/>\n<link rel=\"canonical\" href=\"http:\/\/www.radiohorizonte.fm\/radio\/2023\/08\/25\/hallan-el-cuerpo-de-un-camionero-atado-de-pies-y-manos\/\" \/>\n<meta property=\"og:locale\" content=\"es_ES\" \/>\n<meta property=\"og:type\" content=\"article\" \/>\n<meta property=\"og:title\" content=\"Hallan el cuerpo de un camionero, atado de pies y manos - Horizonte\" \/>\n<meta property=\"og:description\" content=\"Se trata de un hombre oriundo de Brasil, quien era buscado por su familia desde el 13 de agosto pasado. Ten\u00eda 29 a\u00f1os y estaba desocupado. Un brasile\u00f1o que se encontraba desaparecido desde el 13 de agosto pasado, fue hallado flotando en el R\u00edo Uruguay, a la altura de la ciudad de Paso de los\" \/>\n<meta property=\"og:url\" content=\"http:\/\/www.radiohorizonte.fm\/radio\/2023\/08\/25\/hallan-el-cuerpo-de-un-camionero-atado-de-pies-y-manos\/\" \/>\n<meta property=\"og:site_name\" content=\"Horizonte\" \/>\n<meta property=\"article:publisher\" content=\"http:\/\/www.facebook.com\/HORIZONTE106.1\" \/>\n<meta property=\"article:published_time\" content=\"2023-08-25T12:55:58+00:00\" \/>\n<meta property=\"og:image\" content=\"http:\/\/www.radiohorizonte.fm\/radio\/wp-content\/uploads\/2023\/08\/159355w790h493c.webp_.jpg\" \/>\n\t<meta property=\"og:image:width\" content=\"790\" \/>\n\t<meta property=\"og:image:height\" content=\"493\" \/>\n\t<meta property=\"og:image:type\" content=\"image\/jpeg\" \/>\n<meta name=\"author\" content=\"Cristian Galarza\" \/>\n<meta name=\"twitter:card\" content=\"summary_large_image\" \/>\n<meta name=\"twitter:creator\" content=\"@fmhorizonte1061\" \/>\n<meta name=\"twitter:site\" content=\"@fmhorizonte1061\" \/>\n<meta name=\"twitter:label1\" content=\"Escrito por\" \/>\n\t<meta name=\"twitter:data1\" content=\"Cristian Galarza\" \/>\n\t<meta name=\"twitter:label2\" content=\"Tiempo de lectura\" \/>\n\t<meta name=\"twitter:data2\" content=\"2 minutos\" \/>\n<script type=\"application\/ld+json\" class=\"yoast-schema-graph\">{\"@context\":\"https:\\\/\\\/schema.org\",\"@graph\":[{\"@type\":\"Article\",\"@id\":\"http:\\\/\\\/www.radiohorizonte.fm\\\/radio\\\/2023\\\/08\\\/25\\\/hallan-el-cuerpo-de-un-camionero-atado-de-pies-y-manos\\\/#article\",\"isPartOf\":{\"@id\":\"http:\\\/\\\/www.radiohorizonte.fm\\\/radio\\\/2023\\\/08\\\/25\\\/hallan-el-cuerpo-de-un-camionero-atado-de-pies-y-manos\\\/\"},\"author\":{\"name\":\"Cristian Galarza\",\"@id\":\"http:\\\/\\\/www.radiohorizonte.fm\\\/radio\\\/#\\\/schema\\\/person\\\/f8fa003a405bb86729fd87d15d0ddafa\"},\"headline\":\"Hallan el cuerpo de un camionero, atado de pies y manos\",\"datePublished\":\"2023-08-25T12:55:58+00:00\",\"mainEntityOfPage\":{\"@id\":\"http:\\\/\\\/www.radiohorizonte.fm\\\/radio\\\/2023\\\/08\\\/25\\\/hallan-el-cuerpo-de-un-camionero-atado-de-pies-y-manos\\\/\"},\"wordCount\":387,\"publisher\":{\"@id\":\"http:\\\/\\\/www.radiohorizonte.fm\\\/radio\\\/#organization\"},\"image\":{\"@id\":\"http:\\\/\\\/www.radiohorizonte.fm\\\/radio\\\/2023\\\/08\\\/25\\\/hallan-el-cuerpo-de-un-camionero-atado-de-pies-y-manos\\\/#primaryimage\"},\"thumbnailUrl\":\"http:\\\/\\\/www.radiohorizonte.fm\\\/radio\\\/wp-content\\\/uploads\\\/2023\\\/08\\\/159355w790h493c.webp_.jpg\",\"articleSection\":[\"Noticias\"],\"inLanguage\":\"es-AR\"},{\"@type\":\"WebPage\",\"@id\":\"http:\\\/\\\/www.radiohorizonte.fm\\\/radio\\\/2023\\\/08\\\/25\\\/hallan-el-cuerpo-de-un-camionero-atado-de-pies-y-manos\\\/\",\"url\":\"http:\\\/\\\/www.radiohorizonte.fm\\\/radio\\\/2023\\\/08\\\/25\\\/hallan-el-cuerpo-de-un-camionero-atado-de-pies-y-manos\\\/\",\"name\":\"Hallan el cuerpo de un camionero, atado de pies y manos - Horizonte\",\"isPartOf\":{\"@id\":\"http:\\\/\\\/www.radiohorizonte.fm\\\/radio\\\/#website\"},\"primaryImageOfPage\":{\"@id\":\"http:\\\/\\\/www.radiohorizonte.fm\\\/radio\\\/2023\\\/08\\\/25\\\/hallan-el-cuerpo-de-un-camionero-atado-de-pies-y-manos\\\/#primaryimage\"},\"image\":{\"@id\":\"http:\\\/\\\/www.radiohorizonte.fm\\\/radio\\\/2023\\\/08\\\/25\\\/hallan-el-cuerpo-de-un-camionero-atado-de-pies-y-manos\\\/#primaryimage\"},\"thumbnailUrl\":\"http:\\\/\\\/www.radiohorizonte.fm\\\/radio\\\/wp-content\\\/uploads\\\/2023\\\/08\\\/159355w790h493c.webp_.jpg\",\"datePublished\":\"2023-08-25T12:55:58+00:00\",\"breadcrumb\":{\"@id\":\"http:\\\/\\\/www.radiohorizonte.fm\\\/radio\\\/2023\\\/08\\\/25\\\/hallan-el-cuerpo-de-un-camionero-atado-de-pies-y-manos\\\/#breadcrumb\"},\"inLanguage\":\"es-AR\",\"potentialAction\":[{\"@type\":\"ReadAction\",\"target\":[\"http:\\\/\\\/www.radiohorizonte.fm\\\/radio\\\/2023\\\/08\\\/25\\\/hallan-el-cuerpo-de-un-camionero-atado-de-pies-y-manos\\\/\"]}]},{\"@type\":\"ImageObject\",\"inLanguage\":\"es-AR\",\"@id\":\"http:\\\/\\\/www.radiohorizonte.fm\\\/radio\\\/2023\\\/08\\\/25\\\/hallan-el-cuerpo-de-un-camionero-atado-de-pies-y-manos\\\/#primaryimage\",\"url\":\"http:\\\/\\\/www.radiohorizonte.fm\\\/radio\\\/wp-content\\\/uploads\\\/2023\\\/08\\\/159355w790h493c.webp_.jpg\",\"contentUrl\":\"http:\\\/\\\/www.radiohorizonte.fm\\\/radio\\\/wp-content\\\/uploads\\\/2023\\\/08\\\/159355w790h493c.webp_.jpg\",\"width\":790,\"height\":493},{\"@type\":\"BreadcrumbList\",\"@id\":\"http:\\\/\\\/www.radiohorizonte.fm\\\/radio\\\/2023\\\/08\\\/25\\\/hallan-el-cuerpo-de-un-camionero-atado-de-pies-y-manos\\\/#breadcrumb\",\"itemListElement\":[{\"@type\":\"ListItem\",\"position\":1,\"name\":\"Home\",\"item\":\"http:\\\/\\\/www.radiohorizonte.fm\\\/radio\\\/\"},{\"@type\":\"ListItem\",\"position\":2,\"name\":\"Hallan el cuerpo de un camionero, atado de pies y manos\"}]},{\"@type\":\"WebSite\",\"@id\":\"http:\\\/\\\/www.radiohorizonte.fm\\\/radio\\\/#website\",\"url\":\"http:\\\/\\\/www.radiohorizonte.fm\\\/radio\\\/\",\"name\":\"Horizonte\",\"description\":\"Radio Horizonte 106.1 - Una radio de clasicos\",\"publisher\":{\"@id\":\"http:\\\/\\\/www.radiohorizonte.fm\\\/radio\\\/#organization\"},\"potentialAction\":[{\"@type\":\"SearchAction\",\"target\":{\"@type\":\"EntryPoint\",\"urlTemplate\":\"http:\\\/\\\/www.radiohorizonte.fm\\\/radio\\\/?s={search_term_string}\"},\"query-input\":{\"@type\":\"PropertyValueSpecification\",\"valueRequired\":true,\"valueName\":\"search_term_string\"}}],\"inLanguage\":\"es-AR\"},{\"@type\":\"Organization\",\"@id\":\"http:\\\/\\\/www.radiohorizonte.fm\\\/radio\\\/#organization\",\"name\":\"Horizonte\",\"url\":\"http:\\\/\\\/www.radiohorizonte.fm\\\/radio\\\/\",\"logo\":{\"@type\":\"ImageObject\",\"inLanguage\":\"es-AR\",\"@id\":\"http:\\\/\\\/www.radiohorizonte.fm\\\/radio\\\/#\\\/schema\\\/logo\\\/image\\\/\",\"url\":\"http:\\\/\\\/www.radiohorizonte.fm\\\/radio\\\/wp-content\\\/uploads\\\/2025\\\/06\\\/Portada-FM-Horizonte_modelo-imagen-scaled.jpg\",\"contentUrl\":\"http:\\\/\\\/www.radiohorizonte.fm\\\/radio\\\/wp-content\\\/uploads\\\/2025\\\/06\\\/Portada-FM-Horizonte_modelo-imagen-scaled.jpg\",\"width\":2560,\"height\":1056,\"caption\":\"Horizonte\"},\"image\":{\"@id\":\"http:\\\/\\\/www.radiohorizonte.fm\\\/radio\\\/#\\\/schema\\\/logo\\\/image\\\/\"},\"sameAs\":[\"http:\\\/\\\/www.facebook.com\\\/HORIZONTE106.1\",\"https:\\\/\\\/x.com\\\/fmhorizonte1061\"]},{\"@type\":\"Person\",\"@id\":\"http:\\\/\\\/www.radiohorizonte.fm\\\/radio\\\/#\\\/schema\\\/person\\\/f8fa003a405bb86729fd87d15d0ddafa\",\"name\":\"Cristian Galarza\",\"image\":{\"@type\":\"ImageObject\",\"inLanguage\":\"es-AR\",\"@id\":\"https:\\\/\\\/secure.gravatar.com\\\/avatar\\\/fad34bc2c773209c05d7d53b08a69b680eeb55f3be014e52b31643d20ab65925?s=96&d=mm&r=g\",\"url\":\"https:\\\/\\\/secure.gravatar.com\\\/avatar\\\/fad34bc2c773209c05d7d53b08a69b680eeb55f3be014e52b31643d20ab65925?s=96&d=mm&r=g\",\"contentUrl\":\"https:\\\/\\\/secure.gravatar.com\\\/avatar\\\/fad34bc2c773209c05d7d53b08a69b680eeb55f3be014e52b31643d20ab65925?s=96&d=mm&r=g\",\"caption\":\"Cristian Galarza\"},\"url\":\"http:\\\/\\\/www.radiohorizonte.fm\\\/radio\\\/author\\\/cristian\\\/\"}]}<\/script>\n<!-- \/ Yoast SEO plugin. -->","yoast_head_json":{"title":"Hallan el cuerpo de un camionero, atado de pies y manos - Horizonte","robots":{"index":"index","follow":"follow","max-snippet":"max-snippet:-1","max-image-preview":"max-image-preview:large","max-video-preview":"max-video-preview:-1"},"canonical":"http:\/\/www.radiohorizonte.fm\/radio\/2023\/08\/25\/hallan-el-cuerpo-de-un-camionero-atado-de-pies-y-manos\/","og_locale":"es_ES","og_type":"article","og_title":"Hallan el cuerpo de un camionero, atado de pies y manos - Horizonte","og_description":"Se trata de un hombre oriundo de Brasil, quien era buscado por su familia desde el 13 de agosto pasado. Ten\u00eda 29 a\u00f1os y estaba desocupado. Un brasile\u00f1o que se encontraba desaparecido desde el 13 de agosto pasado, fue hallado flotando en el R\u00edo Uruguay, a la altura de la ciudad de Paso de los","og_url":"http:\/\/www.radiohorizonte.fm\/radio\/2023\/08\/25\/hallan-el-cuerpo-de-un-camionero-atado-de-pies-y-manos\/","og_site_name":"Horizonte","article_publisher":"http:\/\/www.facebook.com\/HORIZONTE106.1","article_published_time":"2023-08-25T12:55:58+00:00","og_image":[{"width":790,"height":493,"url":"http:\/\/www.radiohorizonte.fm\/radio\/wp-content\/uploads\/2023\/08\/159355w790h493c.webp_.jpg","type":"image\/jpeg"}],"author":"Cristian Galarza","twitter_card":"summary_large_image","twitter_creator":"@fmhorizonte1061","twitter_site":"@fmhorizonte1061","twitter_misc":{"Escrito por":"Cristian Galarza","Tiempo de lectura":"2 minutos"},"schema":{"@context":"https:\/\/schema.org","@graph":[{"@type":"Article","@id":"http:\/\/www.radiohorizonte.fm\/radio\/2023\/08\/25\/hallan-el-cuerpo-de-un-camionero-atado-de-pies-y-manos\/#article","isPartOf":{"@id":"http:\/\/www.radiohorizonte.fm\/radio\/2023\/08\/25\/hallan-el-cuerpo-de-un-camionero-atado-de-pies-y-manos\/"},"author":{"name":"Cristian Galarza","@id":"http:\/\/www.radiohorizonte.fm\/radio\/#\/schema\/person\/f8fa003a405bb86729fd87d15d0ddafa"},"headline":"Hallan el cuerpo de un camionero, atado de pies y manos","datePublished":"2023-08-25T12:55:58+00:00","mainEntityOfPage":{"@id":"http:\/\/www.radiohorizonte.fm\/radio\/2023\/08\/25\/hallan-el-cuerpo-de-un-camionero-atado-de-pies-y-manos\/"},"wordCount":387,"publisher":{"@id":"http:\/\/www.radiohorizonte.fm\/radio\/#organization"},"image":{"@id":"http:\/\/www.radiohorizonte.fm\/radio\/2023\/08\/25\/hallan-el-cuerpo-de-un-camionero-atado-de-pies-y-manos\/#primaryimage"},"thumbnailUrl":"http:\/\/www.radiohorizonte.fm\/radio\/wp-content\/uploads\/2023\/08\/159355w790h493c.webp_.jpg","articleSection":["Noticias"],"inLanguage":"es-AR"},{"@type":"WebPage","@id":"http:\/\/www.radiohorizonte.fm\/radio\/2023\/08\/25\/hallan-el-cuerpo-de-un-camionero-atado-de-pies-y-manos\/","url":"http:\/\/www.radiohorizonte.fm\/radio\/2023\/08\/25\/hallan-el-cuerpo-de-un-camionero-atado-de-pies-y-manos\/","name":"Hallan el cuerpo de un camionero, atado de pies y manos - Horizonte","isPartOf":{"@id":"http:\/\/www.radiohorizonte.fm\/radio\/#website"},"primaryImageOfPage":{"@id":"http:\/\/www.radiohorizonte.fm\/radio\/2023\/08\/25\/hallan-el-cuerpo-de-un-camionero-atado-de-pies-y-manos\/#primaryimage"},"image":{"@id":"http:\/\/www.radiohorizonte.fm\/radio\/2023\/08\/25\/hallan-el-cuerpo-de-un-camionero-atado-de-pies-y-manos\/#primaryimage"},"thumbnailUrl":"http:\/\/www.radiohorizonte.fm\/radio\/wp-content\/uploads\/2023\/08\/159355w790h493c.webp_.jpg","datePublished":"2023-08-25T12:55:58+00:00","breadcrumb":{"@id":"http:\/\/www.radiohorizonte.fm\/radio\/2023\/08\/25\/hallan-el-cuerpo-de-un-camionero-atado-de-pies-y-manos\/#breadcrumb"},"inLanguage":"es-AR","potentialAction":[{"@type":"ReadAction","target":["http:\/\/www.radiohorizonte.fm\/radio\/2023\/08\/25\/hallan-el-cuerpo-de-un-camionero-atado-de-pies-y-manos\/"]}]},{"@type":"ImageObject","inLanguage":"es-AR","@id":"http:\/\/www.radiohorizonte.fm\/radio\/2023\/08\/25\/hallan-el-cuerpo-de-un-camionero-atado-de-pies-y-manos\/#primaryimage","url":"http:\/\/www.radiohorizonte.fm\/radio\/wp-content\/uploads\/2023\/08\/159355w790h493c.webp_.jpg","contentUrl":"http:\/\/www.radiohorizonte.fm\/radio\/wp-content\/uploads\/2023\/08\/159355w790h493c.webp_.jpg","width":790,"height":493},{"@type":"BreadcrumbList","@id":"http:\/\/www.radiohorizonte.fm\/radio\/2023\/08\/25\/hallan-el-cuerpo-de-un-camionero-atado-de-pies-y-manos\/#breadcrumb","itemListElement":[{"@type":"ListItem","position":1,"name":"Home","item":"http:\/\/www.radiohorizonte.fm\/radio\/"},{"@type":"ListItem","position":2,"name":"Hallan el cuerpo de un camionero, atado de pies y manos"}]},{"@type":"WebSite","@id":"http:\/\/www.radiohorizonte.fm\/radio\/#website","url":"http:\/\/www.radiohorizonte.fm\/radio\/","name":"Horizonte","description":"Radio Horizonte 106.1 - Una radio de clasicos","publisher":{"@id":"http:\/\/www.radiohorizonte.fm\/radio\/#organization"},"potentialAction":[{"@type":"SearchAction","target":{"@type":"EntryPoint","urlTemplate":"http:\/\/www.radiohorizonte.fm\/radio\/?s={search_term_string}"},"query-input":{"@type":"PropertyValueSpecification","valueRequired":true,"valueName":"search_term_string"}}],"inLanguage":"es-AR"},{"@type":"Organization","@id":"http:\/\/www.radiohorizonte.fm\/radio\/#organization","name":"Horizonte","url":"http:\/\/www.radiohorizonte.fm\/radio\/","logo":{"@type":"ImageObject","inLanguage":"es-AR","@id":"http:\/\/www.radiohorizonte.fm\/radio\/#\/schema\/logo\/image\/","url":"http:\/\/www.radiohorizonte.fm\/radio\/wp-content\/uploads\/2025\/06\/Portada-FM-Horizonte_modelo-imagen-scaled.jpg","contentUrl":"http:\/\/www.radiohorizonte.fm\/radio\/wp-content\/uploads\/2025\/06\/Portada-FM-Horizonte_modelo-imagen-scaled.jpg","width":2560,"height":1056,"caption":"Horizonte"},"image":{"@id":"http:\/\/www.radiohorizonte.fm\/radio\/#\/schema\/logo\/image\/"},"sameAs":["http:\/\/www.facebook.com\/HORIZONTE106.1","https:\/\/x.com\/fmhorizonte1061"]},{"@type":"Person","@id":"http:\/\/www.radiohorizonte.fm\/radio\/#\/schema\/person\/f8fa003a405bb86729fd87d15d0ddafa","name":"Cristian Galarza","image":{"@type":"ImageObject","inLanguage":"es-AR","@id":"https:\/\/secure.gravatar.com\/avatar\/fad34bc2c773209c05d7d53b08a69b680eeb55f3be014e52b31643d20ab65925?s=96&d=mm&r=g","url":"https:\/\/secure.gravatar.com\/avatar\/fad34bc2c773209c05d7d53b08a69b680eeb55f3be014e52b31643d20ab65925?s=96&d=mm&r=g","contentUrl":"https:\/\/secure.gravatar.com\/avatar\/fad34bc2c773209c05d7d53b08a69b680eeb55f3be014e52b31643d20ab65925?s=96&d=mm&r=g","caption":"Cristian Galarza"},"url":"http:\/\/www.radiohorizonte.fm\/radio\/author\/cristian\/"}]}},"_links":{"self":[{"href":"http:\/\/www.radiohorizonte.fm\/radio\/wp-json\/wp\/v2\/posts\/41832","targetHints":{"allow":["GET"]}}],"collection":[{"href":"http:\/\/www.radiohorizonte.fm\/radio\/wp-json\/wp\/v2\/posts"}],"about":[{"href":"http:\/\/www.radiohorizonte.fm\/radio\/wp-json\/wp\/v2\/types\/post"}],"author":[{"embeddable":true,"href":"http:\/\/www.radiohorizonte.fm\/radio\/wp-json\/wp\/v2\/users\/2"}],"replies":[{"embeddable":true,"href":"http:\/\/www.radiohorizonte.fm\/radio\/wp-json\/wp\/v2\/comments?post=41832"}],"version-history":[{"count":1,"href":"http:\/\/www.radiohorizonte.fm\/radio\/wp-json\/wp\/v2\/posts\/41832\/revisions"}],"predecessor-version":[{"id":41834,"href":"http:\/\/www.radiohorizonte.fm\/radio\/wp-json\/wp\/v2\/posts\/41832\/revisions\/41834"}],"wp:featuredmedia":[{"embeddable":true,"href":"http:\/\/www.radiohorizonte.fm\/radio\/wp-json\/wp\/v2\/media\/41833"}],"wp:attachment":[{"href":"http:\/\/www.radiohorizonte.fm\/radio\/wp-json\/wp\/v2\/media?parent=41832"}],"wp:term":[{"taxonomy":"category","embeddable":true,"href":"http:\/\/www.radiohorizonte.fm\/radio\/wp-json\/wp\/v2\/categories?post=41832"},{"taxonomy":"post_tag","embeddable":true,"href":"http:\/\/www.radiohorizonte.fm\/radio\/wp-json\/wp\/v2\/tags?post=41832"}],"curies":[{"name":"wp","href":"https:\/\/api.w.org\/{rel}","templated":true}]}}