{"id":41835,"date":"2023-08-25T11:46:54","date_gmt":"2023-08-25T14:46:54","guid":{"rendered":"http:\/\/www.radiohorizonte.fm\/radio\/?p=41835"},"modified":"2023-08-25T11:46:54","modified_gmt":"2023-08-25T14:46:54","slug":"los-78-anos-murio-hersha-parady-actriz-de-la-familia-ingalls","status":"publish","type":"post","link":"http:\/\/www.radiohorizonte.fm\/radio\/2023\/08\/25\/los-78-anos-murio-hersha-parady-actriz-de-la-familia-ingalls\/","title":{"rendered":"A los 78 a\u00f1os muri\u00f3 Hersha Parady, actriz de &#8220;La familia Ingalls&#8221;"},"content":{"rendered":"<div class=\"wrapper-header\">\n<div class=\"container-xl\">\n<div class=\"row\">\n<div class=\"col-12\">\n<div class=\"head-content mb-4\">\n<p class=\"speak\">La artista particip\u00f3 en 35 cap\u00edtulos del popular programa televisivo, y en la tercera temporada ya hab\u00eda tenido una peque\u00f1a intervenci\u00f3n en un cap\u00edtulo como Eliza, la cu\u00f1ada de Charles Ingalls.<\/p>\n<\/div>\n<\/div>\n<\/div>\n<\/div>\n<\/div>\n<div class=\"wrapper-editable-content\">\u00a0<img loading=\"lazy\" decoding=\"async\" class=\"alignnone size-full wp-image-41836\" src=\"http:\/\/www.radiohorizonte.fm\/radio\/wp-content\/uploads\/2023\/08\/64e8ab8f2ec77_1200.jpg\" alt=\"\" width=\"1200\" height=\"675\" srcset=\"http:\/\/www.radiohorizonte.fm\/radio\/wp-content\/uploads\/2023\/08\/64e8ab8f2ec77_1200.jpg 1200w, http:\/\/www.radiohorizonte.fm\/radio\/wp-content\/uploads\/2023\/08\/64e8ab8f2ec77_1200-300x169.jpg 300w, http:\/\/www.radiohorizonte.fm\/radio\/wp-content\/uploads\/2023\/08\/64e8ab8f2ec77_1200-768x432.jpg 768w, http:\/\/www.radiohorizonte.fm\/radio\/wp-content\/uploads\/2023\/08\/64e8ab8f2ec77_1200-1024x576.jpg 1024w, http:\/\/www.radiohorizonte.fm\/radio\/wp-content\/uploads\/2023\/08\/64e8ab8f2ec77_1200-65x37.jpg 65w, http:\/\/www.radiohorizonte.fm\/radio\/wp-content\/uploads\/2023\/08\/64e8ab8f2ec77_1200-320x180.jpg 320w, http:\/\/www.radiohorizonte.fm\/radio\/wp-content\/uploads\/2023\/08\/64e8ab8f2ec77_1200-85x48.jpg 85w, http:\/\/www.radiohorizonte.fm\/radio\/wp-content\/uploads\/2023\/08\/64e8ab8f2ec77_1200-220x125.jpg 220w, http:\/\/www.radiohorizonte.fm\/radio\/wp-content\/uploads\/2023\/08\/64e8ab8f2ec77_1200-90x51.jpg 90w\" sizes=\"auto, (max-width: 1200px) 100vw, 1200px\" \/><\/div>\n<div>La actriz estadounidense<strong>\u00a0Hersha Parady<\/strong>, recordada mundialmente por su papel como la profesora Alice en la serie<strong>\u00a0&#8220;La familia Ingalls&#8221;<\/strong>, muri\u00f3 a los 78 a\u00f1os en Norfoklk, estado de Virginia, inform\u00f3 este viernes a trav\u00e9s de redes sociales su hijo, Jonathan Peverall.<\/p>\n<p>Parady hab\u00eda sido intervenida quir\u00fargicamente en julio pasado por un meningioma (tumor cerebral) y Peverall hab\u00eda creado una p\u00e1gina en la plataforma de financiaci\u00f3n colectiva (crowfounding) GoFundMe para ayudar en los gastos del tratamiento m\u00e9dico de Hersha.<\/p>\n<p>Producida por la cadena televisiva NBC estadounidense,<strong>\u00a0&#8220;La familia Ingalls&#8221;\u00a0<\/strong>fue un programa televisivo de masividad global producido entre 1974 y 1983 por el actor\u00a0<strong>Michael Landon\u00a0<\/strong>(padre de la familia y protagonista del env\u00edo) a partir de los libros &#8220;Little House in the Pariere&#8221; (t\u00edtulo original de la serie) de Laura Ingalls Wilder.<\/p>\n<p>Las serie giraba en torno de la vida y las situaciones que enfrentaba una familia compuesta por su padre, madre y tres hijas en la\u00a0<strong>&#8220;frontera civilizatoria&#8221;\u00a0<\/strong>del Oeste norteamericana en el siglo XIX y la vida en esa comunidad.<\/p>\n<p>Hersha Parady se uni\u00f3 al programa entre la cuarta y la sexta temporadas como la profesora Alice. El cap\u00edtulo en que se desarrolla su \u00faltima aparici\u00f3n, titulado<strong>\u00a0&#8220;May We Make Them Proud&#8221;<\/strong>, donde muere bajo las llamas junto a su beb\u00e9 intentando rescatar a los ni\u00f1os de la escuela para ciegos de la comunidad de un incendio, fue uno de las vistos de la historia de un programa, de alt\u00edsimos niveles de popularidad.<\/p>\n<figure class=\"mb-3\"><img decoding=\"async\" class=\" lazy \" src=\"https:\/\/www.telam.com.ar\/thumbs\/bluesteel\/advf\/imagenes\/2023\/08\/64e8ab8f3d27b_1200.jpg\" alt=\"Producida por la cadena televisiva NBC estadounidense La familia Ingalls fue un programa televisivo de masividad global producido entre 1974 y 1983 por el actor Michael Landon\" width=\"100%\" height=\"100%\" \/><\/p>\n<div class=\"media-icons\"><\/div><figcaption>Producida por la cadena televisiva NBC estadounidense, &#8220;La familia Ingalls&#8221; fue un programa televisivo de masividad global producido entre 1974 y 1983 por el actor Michael Landon.<\/figcaption><\/figure>\n<p><strong>&#8220;Al menos me fui con un rugido y no con un gemido&#8221;<\/strong>, se\u00f1al\u00f3, no sin humor, en alguna entrevista a prop\u00f3sito de ese final impactante que tuvo su personaje en la serie.<\/p>\n<p>Particip\u00f3 en 35 cap\u00edtulos de la serie, y en la tercera temporada, antes de ser la profesora Alice, ya hab\u00eda tenido una peque\u00f1a intervenci\u00f3n en un cap\u00edtulo como Eliza, la cu\u00f1ada de Charles Ingalls.<\/p>\n<p>Aunque su papel como la profesora Alice Garvey fue el m\u00e1s relevante, Parfady tambi\u00e9n act\u00fao en series como &#8220;Los Walton&#8221; (1975), &#8220;Mannix&#8221; (1972), y en pel\u00edculas como &#8220;Coraje&#8221; (1984) y &#8220;The Break&#8221; (1995), pero nunca pas\u00f3 de roles secundarios.<\/p>\n<p><strong>&#8220;Nuestra salvaje, indomable y talentosa Hersha nos ha dejado. Descansa en paz&#8221;<\/strong>, escribi\u00f3 en su cuenta de Facebook Alison Arngrim, int\u00e9rprete de Nellie Ollsen en la serie y compa\u00f1era de reparto.<\/p>\n<p>Luego de la operaci\u00f3n de cerebro del mes anterior, Paady desarroll\u00f3 una infecci\u00f3n pulmonar y pas\u00f3 sus \u00faltimos d\u00edas en terapia intensiva.<\/p><\/div>\n","protected":false},"excerpt":{"rendered":"<div class=\"post-excerpt\"><p>La artista particip\u00f3 en 35 cap\u00edtulos del popular programa televisivo, y en la tercera temporada ya hab\u00eda tenido una peque\u00f1a intervenci\u00f3n en un cap\u00edtulo como Eliza, la cu\u00f1ada de Charles Ingalls. \u00a0 La actriz estadounidense\u00a0Hersha Parady, recordada mundialmente por su papel como la profesora Alice en la serie\u00a0&#8220;La familia Ingalls&#8221;, muri\u00f3 a los 78 a\u00f1os<\/p>\n<\/div>","protected":false},"author":2,"featured_media":41836,"comment_status":"closed","ping_status":"closed","sticky":false,"template":"","format":"standard","meta":{"_acf_changed":false,"footnotes":""},"categories":[3],"tags":[],"class_list":["post-41835","post","type-post","status-publish","format-standard","has-post-thumbnail","hentry","category-infomusic"],"acf":[],"yoast_head":"<!-- This site is optimized with the Yoast SEO plugin v28.1 - https:\/\/yoast.com\/product\/yoast-seo-wordpress\/ -->\n<title>A los 78 a\u00f1os muri\u00f3 Hersha Parady, actriz de &quot;La familia Ingalls&quot; - Horizonte<\/title>\n<meta name=\"robots\" content=\"index, follow, max-snippet:-1, max-image-preview:large, max-video-preview:-1\" \/>\n<link rel=\"canonical\" href=\"http:\/\/www.radiohorizonte.fm\/radio\/2023\/08\/25\/los-78-anos-murio-hersha-parady-actriz-de-la-familia-ingalls\/\" \/>\n<meta property=\"og:locale\" content=\"es_ES\" \/>\n<meta property=\"og:type\" content=\"article\" \/>\n<meta property=\"og:title\" content=\"A los 78 a\u00f1os muri\u00f3 Hersha Parady, actriz de &quot;La familia Ingalls&quot; - Horizonte\" \/>\n<meta property=\"og:description\" content=\"La artista particip\u00f3 en 35 cap\u00edtulos del popular programa televisivo, y en la tercera temporada ya hab\u00eda tenido una peque\u00f1a intervenci\u00f3n en un cap\u00edtulo como Eliza, la cu\u00f1ada de Charles Ingalls. \u00a0 La actriz estadounidense\u00a0Hersha Parady, recordada mundialmente por su papel como la profesora Alice en la serie\u00a0&#8220;La familia Ingalls&#8221;, muri\u00f3 a los 78 a\u00f1os\" \/>\n<meta property=\"og:url\" content=\"http:\/\/www.radiohorizonte.fm\/radio\/2023\/08\/25\/los-78-anos-murio-hersha-parady-actriz-de-la-familia-ingalls\/\" \/>\n<meta property=\"og:site_name\" content=\"Horizonte\" \/>\n<meta property=\"article:publisher\" content=\"http:\/\/www.facebook.com\/HORIZONTE106.1\" \/>\n<meta property=\"article:published_time\" content=\"2023-08-25T14:46:54+00:00\" \/>\n<meta property=\"og:image\" content=\"http:\/\/www.radiohorizonte.fm\/radio\/wp-content\/uploads\/2023\/08\/64e8ab8f2ec77_1200.jpg\" \/>\n\t<meta property=\"og:image:width\" content=\"1200\" \/>\n\t<meta property=\"og:image:height\" content=\"675\" \/>\n\t<meta property=\"og:image:type\" content=\"image\/jpeg\" \/>\n<meta name=\"author\" content=\"Cristian Galarza\" \/>\n<meta name=\"twitter:card\" content=\"summary_large_image\" \/>\n<meta name=\"twitter:creator\" content=\"@fmhorizonte1061\" \/>\n<meta name=\"twitter:site\" content=\"@fmhorizonte1061\" \/>\n<meta name=\"twitter:label1\" content=\"Escrito por\" \/>\n\t<meta name=\"twitter:data1\" content=\"Cristian Galarza\" \/>\n\t<meta name=\"twitter:label2\" content=\"Tiempo de lectura\" \/>\n\t<meta name=\"twitter:data2\" content=\"2 minutos\" \/>\n<script type=\"application\/ld+json\" class=\"yoast-schema-graph\">{\"@context\":\"https:\\\/\\\/schema.org\",\"@graph\":[{\"@type\":\"Article\",\"@id\":\"http:\\\/\\\/www.radiohorizonte.fm\\\/radio\\\/2023\\\/08\\\/25\\\/los-78-anos-murio-hersha-parady-actriz-de-la-familia-ingalls\\\/#article\",\"isPartOf\":{\"@id\":\"http:\\\/\\\/www.radiohorizonte.fm\\\/radio\\\/2023\\\/08\\\/25\\\/los-78-anos-murio-hersha-parady-actriz-de-la-familia-ingalls\\\/\"},\"author\":{\"name\":\"Cristian Galarza\",\"@id\":\"http:\\\/\\\/www.radiohorizonte.fm\\\/radio\\\/#\\\/schema\\\/person\\\/f8fa003a405bb86729fd87d15d0ddafa\"},\"headline\":\"A los 78 a\u00f1os muri\u00f3 Hersha Parady, actriz de &#8220;La familia Ingalls&#8221;\",\"datePublished\":\"2023-08-25T14:46:54+00:00\",\"mainEntityOfPage\":{\"@id\":\"http:\\\/\\\/www.radiohorizonte.fm\\\/radio\\\/2023\\\/08\\\/25\\\/los-78-anos-murio-hersha-parady-actriz-de-la-familia-ingalls\\\/\"},\"wordCount\":500,\"publisher\":{\"@id\":\"http:\\\/\\\/www.radiohorizonte.fm\\\/radio\\\/#organization\"},\"image\":{\"@id\":\"http:\\\/\\\/www.radiohorizonte.fm\\\/radio\\\/2023\\\/08\\\/25\\\/los-78-anos-murio-hersha-parady-actriz-de-la-familia-ingalls\\\/#primaryimage\"},\"thumbnailUrl\":\"http:\\\/\\\/www.radiohorizonte.fm\\\/radio\\\/wp-content\\\/uploads\\\/2023\\\/08\\\/64e8ab8f2ec77_1200.jpg\",\"articleSection\":[\"Infomusic\"],\"inLanguage\":\"es-AR\"},{\"@type\":\"WebPage\",\"@id\":\"http:\\\/\\\/www.radiohorizonte.fm\\\/radio\\\/2023\\\/08\\\/25\\\/los-78-anos-murio-hersha-parady-actriz-de-la-familia-ingalls\\\/\",\"url\":\"http:\\\/\\\/www.radiohorizonte.fm\\\/radio\\\/2023\\\/08\\\/25\\\/los-78-anos-murio-hersha-parady-actriz-de-la-familia-ingalls\\\/\",\"name\":\"A los 78 a\u00f1os muri\u00f3 Hersha Parady, actriz de \\\"La familia Ingalls\\\" - Horizonte\",\"isPartOf\":{\"@id\":\"http:\\\/\\\/www.radiohorizonte.fm\\\/radio\\\/#website\"},\"primaryImageOfPage\":{\"@id\":\"http:\\\/\\\/www.radiohorizonte.fm\\\/radio\\\/2023\\\/08\\\/25\\\/los-78-anos-murio-hersha-parady-actriz-de-la-familia-ingalls\\\/#primaryimage\"},\"image\":{\"@id\":\"http:\\\/\\\/www.radiohorizonte.fm\\\/radio\\\/2023\\\/08\\\/25\\\/los-78-anos-murio-hersha-parady-actriz-de-la-familia-ingalls\\\/#primaryimage\"},\"thumbnailUrl\":\"http:\\\/\\\/www.radiohorizonte.fm\\\/radio\\\/wp-content\\\/uploads\\\/2023\\\/08\\\/64e8ab8f2ec77_1200.jpg\",\"datePublished\":\"2023-08-25T14:46:54+00:00\",\"breadcrumb\":{\"@id\":\"http:\\\/\\\/www.radiohorizonte.fm\\\/radio\\\/2023\\\/08\\\/25\\\/los-78-anos-murio-hersha-parady-actriz-de-la-familia-ingalls\\\/#breadcrumb\"},\"inLanguage\":\"es-AR\",\"potentialAction\":[{\"@type\":\"ReadAction\",\"target\":[\"http:\\\/\\\/www.radiohorizonte.fm\\\/radio\\\/2023\\\/08\\\/25\\\/los-78-anos-murio-hersha-parady-actriz-de-la-familia-ingalls\\\/\"]}]},{\"@type\":\"ImageObject\",\"inLanguage\":\"es-AR\",\"@id\":\"http:\\\/\\\/www.radiohorizonte.fm\\\/radio\\\/2023\\\/08\\\/25\\\/los-78-anos-murio-hersha-parady-actriz-de-la-familia-ingalls\\\/#primaryimage\",\"url\":\"http:\\\/\\\/www.radiohorizonte.fm\\\/radio\\\/wp-content\\\/uploads\\\/2023\\\/08\\\/64e8ab8f2ec77_1200.jpg\",\"contentUrl\":\"http:\\\/\\\/www.radiohorizonte.fm\\\/radio\\\/wp-content\\\/uploads\\\/2023\\\/08\\\/64e8ab8f2ec77_1200.jpg\",\"width\":1200,\"height\":675},{\"@type\":\"BreadcrumbList\",\"@id\":\"http:\\\/\\\/www.radiohorizonte.fm\\\/radio\\\/2023\\\/08\\\/25\\\/los-78-anos-murio-hersha-parady-actriz-de-la-familia-ingalls\\\/#breadcrumb\",\"itemListElement\":[{\"@type\":\"ListItem\",\"position\":1,\"name\":\"Home\",\"item\":\"http:\\\/\\\/www.radiohorizonte.fm\\\/radio\\\/\"},{\"@type\":\"ListItem\",\"position\":2,\"name\":\"A los 78 a\u00f1os muri\u00f3 Hersha Parady, actriz de &#8220;La familia Ingalls&#8221;\"}]},{\"@type\":\"WebSite\",\"@id\":\"http:\\\/\\\/www.radiohorizonte.fm\\\/radio\\\/#website\",\"url\":\"http:\\\/\\\/www.radiohorizonte.fm\\\/radio\\\/\",\"name\":\"Horizonte\",\"description\":\"Radio Horizonte 106.1 - Una radio de clasicos\",\"publisher\":{\"@id\":\"http:\\\/\\\/www.radiohorizonte.fm\\\/radio\\\/#organization\"},\"potentialAction\":[{\"@type\":\"SearchAction\",\"target\":{\"@type\":\"EntryPoint\",\"urlTemplate\":\"http:\\\/\\\/www.radiohorizonte.fm\\\/radio\\\/?s={search_term_string}\"},\"query-input\":{\"@type\":\"PropertyValueSpecification\",\"valueRequired\":true,\"valueName\":\"search_term_string\"}}],\"inLanguage\":\"es-AR\"},{\"@type\":\"Organization\",\"@id\":\"http:\\\/\\\/www.radiohorizonte.fm\\\/radio\\\/#organization\",\"name\":\"Horizonte\",\"url\":\"http:\\\/\\\/www.radiohorizonte.fm\\\/radio\\\/\",\"logo\":{\"@type\":\"ImageObject\",\"inLanguage\":\"es-AR\",\"@id\":\"http:\\\/\\\/www.radiohorizonte.fm\\\/radio\\\/#\\\/schema\\\/logo\\\/image\\\/\",\"url\":\"http:\\\/\\\/www.radiohorizonte.fm\\\/radio\\\/wp-content\\\/uploads\\\/2025\\\/06\\\/Portada-FM-Horizonte_modelo-imagen-scaled.jpg\",\"contentUrl\":\"http:\\\/\\\/www.radiohorizonte.fm\\\/radio\\\/wp-content\\\/uploads\\\/2025\\\/06\\\/Portada-FM-Horizonte_modelo-imagen-scaled.jpg\",\"width\":2560,\"height\":1056,\"caption\":\"Horizonte\"},\"image\":{\"@id\":\"http:\\\/\\\/www.radiohorizonte.fm\\\/radio\\\/#\\\/schema\\\/logo\\\/image\\\/\"},\"sameAs\":[\"http:\\\/\\\/www.facebook.com\\\/HORIZONTE106.1\",\"https:\\\/\\\/x.com\\\/fmhorizonte1061\"]},{\"@type\":\"Person\",\"@id\":\"http:\\\/\\\/www.radiohorizonte.fm\\\/radio\\\/#\\\/schema\\\/person\\\/f8fa003a405bb86729fd87d15d0ddafa\",\"name\":\"Cristian Galarza\",\"image\":{\"@type\":\"ImageObject\",\"inLanguage\":\"es-AR\",\"@id\":\"https:\\\/\\\/secure.gravatar.com\\\/avatar\\\/fad34bc2c773209c05d7d53b08a69b680eeb55f3be014e52b31643d20ab65925?s=96&d=mm&r=g\",\"url\":\"https:\\\/\\\/secure.gravatar.com\\\/avatar\\\/fad34bc2c773209c05d7d53b08a69b680eeb55f3be014e52b31643d20ab65925?s=96&d=mm&r=g\",\"contentUrl\":\"https:\\\/\\\/secure.gravatar.com\\\/avatar\\\/fad34bc2c773209c05d7d53b08a69b680eeb55f3be014e52b31643d20ab65925?s=96&d=mm&r=g\",\"caption\":\"Cristian Galarza\"},\"url\":\"http:\\\/\\\/www.radiohorizonte.fm\\\/radio\\\/author\\\/cristian\\\/\"}]}<\/script>\n<!-- \/ Yoast SEO plugin. -->","yoast_head_json":{"title":"A los 78 a\u00f1os muri\u00f3 Hersha Parady, actriz de \"La familia Ingalls\" - Horizonte","robots":{"index":"index","follow":"follow","max-snippet":"max-snippet:-1","max-image-preview":"max-image-preview:large","max-video-preview":"max-video-preview:-1"},"canonical":"http:\/\/www.radiohorizonte.fm\/radio\/2023\/08\/25\/los-78-anos-murio-hersha-parady-actriz-de-la-familia-ingalls\/","og_locale":"es_ES","og_type":"article","og_title":"A los 78 a\u00f1os muri\u00f3 Hersha Parady, actriz de \"La familia Ingalls\" - Horizonte","og_description":"La artista particip\u00f3 en 35 cap\u00edtulos del popular programa televisivo, y en la tercera temporada ya hab\u00eda tenido una peque\u00f1a intervenci\u00f3n en un cap\u00edtulo como Eliza, la cu\u00f1ada de Charles Ingalls. \u00a0 La actriz estadounidense\u00a0Hersha Parady, recordada mundialmente por su papel como la profesora Alice en la serie\u00a0&#8220;La familia Ingalls&#8221;, muri\u00f3 a los 78 a\u00f1os","og_url":"http:\/\/www.radiohorizonte.fm\/radio\/2023\/08\/25\/los-78-anos-murio-hersha-parady-actriz-de-la-familia-ingalls\/","og_site_name":"Horizonte","article_publisher":"http:\/\/www.facebook.com\/HORIZONTE106.1","article_published_time":"2023-08-25T14:46:54+00:00","og_image":[{"width":1200,"height":675,"url":"http:\/\/www.radiohorizonte.fm\/radio\/wp-content\/uploads\/2023\/08\/64e8ab8f2ec77_1200.jpg","type":"image\/jpeg"}],"author":"Cristian Galarza","twitter_card":"summary_large_image","twitter_creator":"@fmhorizonte1061","twitter_site":"@fmhorizonte1061","twitter_misc":{"Escrito por":"Cristian Galarza","Tiempo de lectura":"2 minutos"},"schema":{"@context":"https:\/\/schema.org","@graph":[{"@type":"Article","@id":"http:\/\/www.radiohorizonte.fm\/radio\/2023\/08\/25\/los-78-anos-murio-hersha-parady-actriz-de-la-familia-ingalls\/#article","isPartOf":{"@id":"http:\/\/www.radiohorizonte.fm\/radio\/2023\/08\/25\/los-78-anos-murio-hersha-parady-actriz-de-la-familia-ingalls\/"},"author":{"name":"Cristian Galarza","@id":"http:\/\/www.radiohorizonte.fm\/radio\/#\/schema\/person\/f8fa003a405bb86729fd87d15d0ddafa"},"headline":"A los 78 a\u00f1os muri\u00f3 Hersha Parady, actriz de &#8220;La familia Ingalls&#8221;","datePublished":"2023-08-25T14:46:54+00:00","mainEntityOfPage":{"@id":"http:\/\/www.radiohorizonte.fm\/radio\/2023\/08\/25\/los-78-anos-murio-hersha-parady-actriz-de-la-familia-ingalls\/"},"wordCount":500,"publisher":{"@id":"http:\/\/www.radiohorizonte.fm\/radio\/#organization"},"image":{"@id":"http:\/\/www.radiohorizonte.fm\/radio\/2023\/08\/25\/los-78-anos-murio-hersha-parady-actriz-de-la-familia-ingalls\/#primaryimage"},"thumbnailUrl":"http:\/\/www.radiohorizonte.fm\/radio\/wp-content\/uploads\/2023\/08\/64e8ab8f2ec77_1200.jpg","articleSection":["Infomusic"],"inLanguage":"es-AR"},{"@type":"WebPage","@id":"http:\/\/www.radiohorizonte.fm\/radio\/2023\/08\/25\/los-78-anos-murio-hersha-parady-actriz-de-la-familia-ingalls\/","url":"http:\/\/www.radiohorizonte.fm\/radio\/2023\/08\/25\/los-78-anos-murio-hersha-parady-actriz-de-la-familia-ingalls\/","name":"A los 78 a\u00f1os muri\u00f3 Hersha Parady, actriz de \"La familia Ingalls\" - Horizonte","isPartOf":{"@id":"http:\/\/www.radiohorizonte.fm\/radio\/#website"},"primaryImageOfPage":{"@id":"http:\/\/www.radiohorizonte.fm\/radio\/2023\/08\/25\/los-78-anos-murio-hersha-parady-actriz-de-la-familia-ingalls\/#primaryimage"},"image":{"@id":"http:\/\/www.radiohorizonte.fm\/radio\/2023\/08\/25\/los-78-anos-murio-hersha-parady-actriz-de-la-familia-ingalls\/#primaryimage"},"thumbnailUrl":"http:\/\/www.radiohorizonte.fm\/radio\/wp-content\/uploads\/2023\/08\/64e8ab8f2ec77_1200.jpg","datePublished":"2023-08-25T14:46:54+00:00","breadcrumb":{"@id":"http:\/\/www.radiohorizonte.fm\/radio\/2023\/08\/25\/los-78-anos-murio-hersha-parady-actriz-de-la-familia-ingalls\/#breadcrumb"},"inLanguage":"es-AR","potentialAction":[{"@type":"ReadAction","target":["http:\/\/www.radiohorizonte.fm\/radio\/2023\/08\/25\/los-78-anos-murio-hersha-parady-actriz-de-la-familia-ingalls\/"]}]},{"@type":"ImageObject","inLanguage":"es-AR","@id":"http:\/\/www.radiohorizonte.fm\/radio\/2023\/08\/25\/los-78-anos-murio-hersha-parady-actriz-de-la-familia-ingalls\/#primaryimage","url":"http:\/\/www.radiohorizonte.fm\/radio\/wp-content\/uploads\/2023\/08\/64e8ab8f2ec77_1200.jpg","contentUrl":"http:\/\/www.radiohorizonte.fm\/radio\/wp-content\/uploads\/2023\/08\/64e8ab8f2ec77_1200.jpg","width":1200,"height":675},{"@type":"BreadcrumbList","@id":"http:\/\/www.radiohorizonte.fm\/radio\/2023\/08\/25\/los-78-anos-murio-hersha-parady-actriz-de-la-familia-ingalls\/#breadcrumb","itemListElement":[{"@type":"ListItem","position":1,"name":"Home","item":"http:\/\/www.radiohorizonte.fm\/radio\/"},{"@type":"ListItem","position":2,"name":"A los 78 a\u00f1os muri\u00f3 Hersha Parady, actriz de &#8220;La familia Ingalls&#8221;"}]},{"@type":"WebSite","@id":"http:\/\/www.radiohorizonte.fm\/radio\/#website","url":"http:\/\/www.radiohorizonte.fm\/radio\/","name":"Horizonte","description":"Radio Horizonte 106.1 - Una radio de clasicos","publisher":{"@id":"http:\/\/www.radiohorizonte.fm\/radio\/#organization"},"potentialAction":[{"@type":"SearchAction","target":{"@type":"EntryPoint","urlTemplate":"http:\/\/www.radiohorizonte.fm\/radio\/?s={search_term_string}"},"query-input":{"@type":"PropertyValueSpecification","valueRequired":true,"valueName":"search_term_string"}}],"inLanguage":"es-AR"},{"@type":"Organization","@id":"http:\/\/www.radiohorizonte.fm\/radio\/#organization","name":"Horizonte","url":"http:\/\/www.radiohorizonte.fm\/radio\/","logo":{"@type":"ImageObject","inLanguage":"es-AR","@id":"http:\/\/www.radiohorizonte.fm\/radio\/#\/schema\/logo\/image\/","url":"http:\/\/www.radiohorizonte.fm\/radio\/wp-content\/uploads\/2025\/06\/Portada-FM-Horizonte_modelo-imagen-scaled.jpg","contentUrl":"http:\/\/www.radiohorizonte.fm\/radio\/wp-content\/uploads\/2025\/06\/Portada-FM-Horizonte_modelo-imagen-scaled.jpg","width":2560,"height":1056,"caption":"Horizonte"},"image":{"@id":"http:\/\/www.radiohorizonte.fm\/radio\/#\/schema\/logo\/image\/"},"sameAs":["http:\/\/www.facebook.com\/HORIZONTE106.1","https:\/\/x.com\/fmhorizonte1061"]},{"@type":"Person","@id":"http:\/\/www.radiohorizonte.fm\/radio\/#\/schema\/person\/f8fa003a405bb86729fd87d15d0ddafa","name":"Cristian Galarza","image":{"@type":"ImageObject","inLanguage":"es-AR","@id":"https:\/\/secure.gravatar.com\/avatar\/fad34bc2c773209c05d7d53b08a69b680eeb55f3be014e52b31643d20ab65925?s=96&d=mm&r=g","url":"https:\/\/secure.gravatar.com\/avatar\/fad34bc2c773209c05d7d53b08a69b680eeb55f3be014e52b31643d20ab65925?s=96&d=mm&r=g","contentUrl":"https:\/\/secure.gravatar.com\/avatar\/fad34bc2c773209c05d7d53b08a69b680eeb55f3be014e52b31643d20ab65925?s=96&d=mm&r=g","caption":"Cristian Galarza"},"url":"http:\/\/www.radiohorizonte.fm\/radio\/author\/cristian\/"}]}},"_links":{"self":[{"href":"http:\/\/www.radiohorizonte.fm\/radio\/wp-json\/wp\/v2\/posts\/41835","targetHints":{"allow":["GET"]}}],"collection":[{"href":"http:\/\/www.radiohorizonte.fm\/radio\/wp-json\/wp\/v2\/posts"}],"about":[{"href":"http:\/\/www.radiohorizonte.fm\/radio\/wp-json\/wp\/v2\/types\/post"}],"author":[{"embeddable":true,"href":"http:\/\/www.radiohorizonte.fm\/radio\/wp-json\/wp\/v2\/users\/2"}],"replies":[{"embeddable":true,"href":"http:\/\/www.radiohorizonte.fm\/radio\/wp-json\/wp\/v2\/comments?post=41835"}],"version-history":[{"count":1,"href":"http:\/\/www.radiohorizonte.fm\/radio\/wp-json\/wp\/v2\/posts\/41835\/revisions"}],"predecessor-version":[{"id":41837,"href":"http:\/\/www.radiohorizonte.fm\/radio\/wp-json\/wp\/v2\/posts\/41835\/revisions\/41837"}],"wp:featuredmedia":[{"embeddable":true,"href":"http:\/\/www.radiohorizonte.fm\/radio\/wp-json\/wp\/v2\/media\/41836"}],"wp:attachment":[{"href":"http:\/\/www.radiohorizonte.fm\/radio\/wp-json\/wp\/v2\/media?parent=41835"}],"wp:term":[{"taxonomy":"category","embeddable":true,"href":"http:\/\/www.radiohorizonte.fm\/radio\/wp-json\/wp\/v2\/categories?post=41835"},{"taxonomy":"post_tag","embeddable":true,"href":"http:\/\/www.radiohorizonte.fm\/radio\/wp-json\/wp\/v2\/tags?post=41835"}],"curies":[{"name":"wp","href":"https:\/\/api.w.org\/{rel}","templated":true}]}}