{"id":41842,"date":"2023-08-28T07:15:25","date_gmt":"2023-08-28T10:15:25","guid":{"rendered":"http:\/\/www.radiohorizonte.fm\/radio\/?p=41842"},"modified":"2023-08-28T07:15:25","modified_gmt":"2023-08-28T10:15:25","slug":"morenita-marin-intento-evitar-su-arresto-los-tiros-y-lo-mataron","status":"publish","type":"post","link":"http:\/\/www.radiohorizonte.fm\/radio\/2023\/08\/28\/morenita-marin-intento-evitar-su-arresto-los-tiros-y-lo-mataron\/","title":{"rendered":"&#8220;Morenita&#8221; Mar\u00edn intent\u00f3 evitar su arresto a los tiros y lo mataron"},"content":{"rendered":"<p>El peligroso narcotraficante que estaba pr\u00f3fugo desde febrero, cuando desapareci\u00f3 de su arresto domiciliario, hab\u00eda regresado a su casa y un operativo conjunto de la Polic\u00eda Federal y Prefectura lo enfrent\u00f3. Se jug\u00f3 la vida y perdi\u00f3.<\/p>\n<p><img loading=\"lazy\" decoding=\"async\" class=\"alignnone size-full wp-image-41843\" src=\"http:\/\/www.radiohorizonte.fm\/radio\/wp-content\/uploads\/2023\/08\/1316534w762h642c.jpg.jpg\" alt=\"\" width=\"762\" height=\"642\" srcset=\"http:\/\/www.radiohorizonte.fm\/radio\/wp-content\/uploads\/2023\/08\/1316534w762h642c.jpg.jpg 762w, http:\/\/www.radiohorizonte.fm\/radio\/wp-content\/uploads\/2023\/08\/1316534w762h642c.jpg-300x253.jpg 300w, http:\/\/www.radiohorizonte.fm\/radio\/wp-content\/uploads\/2023\/08\/1316534w762h642c.jpg-65x55.jpg 65w, http:\/\/www.radiohorizonte.fm\/radio\/wp-content\/uploads\/2023\/08\/1316534w762h642c.jpg-237x200.jpg 237w, http:\/\/www.radiohorizonte.fm\/radio\/wp-content\/uploads\/2023\/08\/1316534w762h642c.jpg-85x72.jpg 85w, http:\/\/www.radiohorizonte.fm\/radio\/wp-content\/uploads\/2023\/08\/1316534w762h642c.jpg-148x125.jpg 148w, http:\/\/www.radiohorizonte.fm\/radio\/wp-content\/uploads\/2023\/08\/1316534w762h642c.jpg-90x76.jpg 90w\" sizes=\"auto, (max-width: 762px) 100vw, 762px\" \/><\/p>\n<p>La carrera delictiva de Federico &#8220;Morenita&#8221; Mar\u00edn termin\u00f3 abruptamente anoche, a pocos metros de su casa en Itat\u00ed. El narcotraficante fue abatido en un enfrentamiento armado con efectivos de la Polic\u00eda Federal y de Prefectura Naval, ya que resisti\u00f3 el arresto a los tiros. En la refriega, un prefecto result\u00f3 herido.<\/p>\n<p>Mar\u00edn se hizo famoso a nivel nacional en 2016, cuando un Juez Federal, con asiento en Buenos Aires, orden\u00f3 el operativo &#8220;Sapucay&#8221;, que destap\u00f3 la complicidad de la pol\u00edtica local con los narcotraficantes. Anoche visitaba familiares, luego de estar pr\u00f3fugo desde febrero, cuando se escap\u00f3 de su arresto domiciliario y fue a esconderse a las islas del r\u00edo Paran\u00e1.<\/p>\n<p>Al cierre de esta edici\u00f3n, trascendi\u00f3 que el narcotraficante estaba oculto en una de las islas fronterizas y que iba a visitar a sus familiares, por lo que se mont\u00f3 un operativo cerrojo para evitar su fuga, lo que deriv\u00f3 en el enfrentamiento que termin\u00f3 cuando el delincuente fue abatido.<\/p>\n<p>En octubre de 2021, Mar\u00edn fue condenado a ocho a\u00f1os de prisi\u00f3n como organizador de diversas maniobras de narcotr\u00e1fico. Ten\u00eda su base log\u00edstica en Itat\u00ed, puerta de entrada de la marihuana paraguaya y punto desde el cual era distribuida a, al menos, siete provincias argentinas.<\/p>\n<p>El caso desat\u00f3 un esc\u00e1ndalo en la provincia de Corrientes, porque en el marco de la investigaci\u00f3n, en marzo de 2017, fueron detenidos el intendente y el viceintendente de Itat\u00ed, Natividad &#8220;Roger&#8221; Ter\u00e1n y Fabio Aquino, respectivamente. Esos funcionarios pol\u00edticos, junto con polic\u00edas correntinos que daban protecci\u00f3n a la banda, recibieron sentencias en un expediente que se movi\u00f3 en forma paralela a esta causa.<\/p>\n<p>Uno de esos episodios fue el contrabando de 387,5 kilogramos de marihuana detectados por la Prefectura Naval Argentina (PNA) el 10 de septiembre de 2018, en la costa del r\u00edo Paran\u00e1, sobre la localidad correntina de Paso de la Patria.<\/p>\n<p>Adem\u00e1s, Mar\u00edn reconoci\u00f3 su participaci\u00f3n en el traslado de otros 410,5 kilogramos de marihuana hallados en la Ruta Nacional N\u00b012, tambi\u00e9n en cercan\u00edas de Paso de la Patria, el 14 de septiembre de 2018, en un utilitario Fiat Doblo abandonado tras una persecuci\u00f3n de la PNA; el veh\u00edculo ten\u00eda orden de secuestro por haber sido denunciado como robado.<\/p>\n<p>&#8220;Morenita&#8221; Mar\u00edn fue perseguido desde que se desat\u00f3 el esc\u00e1ndalo en Itat\u00ed en 2016, pero logr\u00f3 mantenerse pr\u00f3fugo hasta octubre de 2018, momento en el que fue detenido por Gendarmer\u00eda. Ese narco, que figuraba en la lista de los hombres m\u00e1s buscados en Argentina, no se hab\u00eda alejado demasiado de la zona en la que ten\u00eda consolidado un poder en las sombras. Fue finalmente capturado en Itat\u00ed, cuando visitaba a su esposa e hijos.<\/p>\n<p>Mar\u00edn tambi\u00e9n hab\u00eda sido beneficiado como &#8220;testigo protegido&#8221;, al dar testimonios que involucraron a otros c\u00f3mplices, por lo que obtuvo el arresto domiciliario en el conurbano bonaerense.<\/p>\n<p>De ese domicilio se fug\u00f3 en febrero y desat\u00f3 una b\u00fasqueda internacional, aunque siempre permanec\u00eda en las inmediaciones, cruzando entre Argentina y Paraguay, en las islas y frondosos montes ribere\u00f1os, hasta que anoche un certero disparo termin\u00f3 con su vida.<\/p>\n<div class=\"content-tags floatFix\">Fuente: D\u00edario \u00c9poca<\/div>\n","protected":false},"excerpt":{"rendered":"<div class=\"post-excerpt\"><p>El peligroso narcotraficante que estaba pr\u00f3fugo desde febrero, cuando desapareci\u00f3 de su arresto domiciliario, hab\u00eda regresado a su casa y un operativo conjunto de la Polic\u00eda Federal y Prefectura lo enfrent\u00f3. Se jug\u00f3 la vida y perdi\u00f3. La carrera delictiva de Federico &#8220;Morenita&#8221; Mar\u00edn termin\u00f3 abruptamente anoche, a pocos metros de su casa en Itat\u00ed.<\/p>\n<\/div>","protected":false},"author":2,"featured_media":41843,"comment_status":"closed","ping_status":"closed","sticky":false,"template":"","format":"standard","meta":{"_acf_changed":false,"footnotes":""},"categories":[2],"tags":[],"class_list":["post-41842","post","type-post","status-publish","format-standard","has-post-thumbnail","hentry","category-noticias"],"acf":[],"yoast_head":"<!-- This site is optimized with the Yoast SEO plugin v28.1 - https:\/\/yoast.com\/product\/yoast-seo-wordpress\/ -->\n<title>&quot;Morenita&quot; Mar\u00edn intent\u00f3 evitar su arresto a los tiros y lo mataron - Horizonte<\/title>\n<meta name=\"robots\" content=\"index, follow, max-snippet:-1, max-image-preview:large, max-video-preview:-1\" \/>\n<link rel=\"canonical\" href=\"http:\/\/www.radiohorizonte.fm\/radio\/2023\/08\/28\/morenita-marin-intento-evitar-su-arresto-los-tiros-y-lo-mataron\/\" \/>\n<meta property=\"og:locale\" content=\"es_ES\" \/>\n<meta property=\"og:type\" content=\"article\" \/>\n<meta property=\"og:title\" content=\"&quot;Morenita&quot; Mar\u00edn intent\u00f3 evitar su arresto a los tiros y lo mataron - Horizonte\" \/>\n<meta property=\"og:description\" content=\"El peligroso narcotraficante que estaba pr\u00f3fugo desde febrero, cuando desapareci\u00f3 de su arresto domiciliario, hab\u00eda regresado a su casa y un operativo conjunto de la Polic\u00eda Federal y Prefectura lo enfrent\u00f3. Se jug\u00f3 la vida y perdi\u00f3. La carrera delictiva de Federico &#8220;Morenita&#8221; Mar\u00edn termin\u00f3 abruptamente anoche, a pocos metros de su casa en Itat\u00ed.\" \/>\n<meta property=\"og:url\" content=\"http:\/\/www.radiohorizonte.fm\/radio\/2023\/08\/28\/morenita-marin-intento-evitar-su-arresto-los-tiros-y-lo-mataron\/\" \/>\n<meta property=\"og:site_name\" content=\"Horizonte\" \/>\n<meta property=\"article:publisher\" content=\"http:\/\/www.facebook.com\/HORIZONTE106.1\" \/>\n<meta property=\"article:published_time\" content=\"2023-08-28T10:15:25+00:00\" \/>\n<meta property=\"og:image\" content=\"http:\/\/www.radiohorizonte.fm\/radio\/wp-content\/uploads\/2023\/08\/1316534w762h642c.jpg.jpg\" \/>\n\t<meta property=\"og:image:width\" content=\"762\" \/>\n\t<meta property=\"og:image:height\" content=\"642\" \/>\n\t<meta property=\"og:image:type\" content=\"image\/jpeg\" \/>\n<meta name=\"author\" content=\"Cristian Galarza\" \/>\n<meta name=\"twitter:card\" content=\"summary_large_image\" \/>\n<meta name=\"twitter:creator\" content=\"@fmhorizonte1061\" \/>\n<meta name=\"twitter:site\" content=\"@fmhorizonte1061\" \/>\n<meta name=\"twitter:label1\" content=\"Escrito por\" \/>\n\t<meta name=\"twitter:data1\" content=\"Cristian Galarza\" \/>\n\t<meta name=\"twitter:label2\" content=\"Tiempo de lectura\" \/>\n\t<meta name=\"twitter:data2\" content=\"3 minutos\" \/>\n<script type=\"application\/ld+json\" class=\"yoast-schema-graph\">{\"@context\":\"https:\\\/\\\/schema.org\",\"@graph\":[{\"@type\":\"Article\",\"@id\":\"http:\\\/\\\/www.radiohorizonte.fm\\\/radio\\\/2023\\\/08\\\/28\\\/morenita-marin-intento-evitar-su-arresto-los-tiros-y-lo-mataron\\\/#article\",\"isPartOf\":{\"@id\":\"http:\\\/\\\/www.radiohorizonte.fm\\\/radio\\\/2023\\\/08\\\/28\\\/morenita-marin-intento-evitar-su-arresto-los-tiros-y-lo-mataron\\\/\"},\"author\":{\"name\":\"Cristian Galarza\",\"@id\":\"http:\\\/\\\/www.radiohorizonte.fm\\\/radio\\\/#\\\/schema\\\/person\\\/f8fa003a405bb86729fd87d15d0ddafa\"},\"headline\":\"&#8220;Morenita&#8221; Mar\u00edn intent\u00f3 evitar su arresto a los tiros y lo mataron\",\"datePublished\":\"2023-08-28T10:15:25+00:00\",\"mainEntityOfPage\":{\"@id\":\"http:\\\/\\\/www.radiohorizonte.fm\\\/radio\\\/2023\\\/08\\\/28\\\/morenita-marin-intento-evitar-su-arresto-los-tiros-y-lo-mataron\\\/\"},\"wordCount\":596,\"publisher\":{\"@id\":\"http:\\\/\\\/www.radiohorizonte.fm\\\/radio\\\/#organization\"},\"image\":{\"@id\":\"http:\\\/\\\/www.radiohorizonte.fm\\\/radio\\\/2023\\\/08\\\/28\\\/morenita-marin-intento-evitar-su-arresto-los-tiros-y-lo-mataron\\\/#primaryimage\"},\"thumbnailUrl\":\"http:\\\/\\\/www.radiohorizonte.fm\\\/radio\\\/wp-content\\\/uploads\\\/2023\\\/08\\\/1316534w762h642c.jpg.jpg\",\"articleSection\":[\"Noticias\"],\"inLanguage\":\"es-AR\"},{\"@type\":\"WebPage\",\"@id\":\"http:\\\/\\\/www.radiohorizonte.fm\\\/radio\\\/2023\\\/08\\\/28\\\/morenita-marin-intento-evitar-su-arresto-los-tiros-y-lo-mataron\\\/\",\"url\":\"http:\\\/\\\/www.radiohorizonte.fm\\\/radio\\\/2023\\\/08\\\/28\\\/morenita-marin-intento-evitar-su-arresto-los-tiros-y-lo-mataron\\\/\",\"name\":\"\\\"Morenita\\\" Mar\u00edn intent\u00f3 evitar su arresto a los tiros y lo mataron - Horizonte\",\"isPartOf\":{\"@id\":\"http:\\\/\\\/www.radiohorizonte.fm\\\/radio\\\/#website\"},\"primaryImageOfPage\":{\"@id\":\"http:\\\/\\\/www.radiohorizonte.fm\\\/radio\\\/2023\\\/08\\\/28\\\/morenita-marin-intento-evitar-su-arresto-los-tiros-y-lo-mataron\\\/#primaryimage\"},\"image\":{\"@id\":\"http:\\\/\\\/www.radiohorizonte.fm\\\/radio\\\/2023\\\/08\\\/28\\\/morenita-marin-intento-evitar-su-arresto-los-tiros-y-lo-mataron\\\/#primaryimage\"},\"thumbnailUrl\":\"http:\\\/\\\/www.radiohorizonte.fm\\\/radio\\\/wp-content\\\/uploads\\\/2023\\\/08\\\/1316534w762h642c.jpg.jpg\",\"datePublished\":\"2023-08-28T10:15:25+00:00\",\"breadcrumb\":{\"@id\":\"http:\\\/\\\/www.radiohorizonte.fm\\\/radio\\\/2023\\\/08\\\/28\\\/morenita-marin-intento-evitar-su-arresto-los-tiros-y-lo-mataron\\\/#breadcrumb\"},\"inLanguage\":\"es-AR\",\"potentialAction\":[{\"@type\":\"ReadAction\",\"target\":[\"http:\\\/\\\/www.radiohorizonte.fm\\\/radio\\\/2023\\\/08\\\/28\\\/morenita-marin-intento-evitar-su-arresto-los-tiros-y-lo-mataron\\\/\"]}]},{\"@type\":\"ImageObject\",\"inLanguage\":\"es-AR\",\"@id\":\"http:\\\/\\\/www.radiohorizonte.fm\\\/radio\\\/2023\\\/08\\\/28\\\/morenita-marin-intento-evitar-su-arresto-los-tiros-y-lo-mataron\\\/#primaryimage\",\"url\":\"http:\\\/\\\/www.radiohorizonte.fm\\\/radio\\\/wp-content\\\/uploads\\\/2023\\\/08\\\/1316534w762h642c.jpg.jpg\",\"contentUrl\":\"http:\\\/\\\/www.radiohorizonte.fm\\\/radio\\\/wp-content\\\/uploads\\\/2023\\\/08\\\/1316534w762h642c.jpg.jpg\",\"width\":762,\"height\":642},{\"@type\":\"BreadcrumbList\",\"@id\":\"http:\\\/\\\/www.radiohorizonte.fm\\\/radio\\\/2023\\\/08\\\/28\\\/morenita-marin-intento-evitar-su-arresto-los-tiros-y-lo-mataron\\\/#breadcrumb\",\"itemListElement\":[{\"@type\":\"ListItem\",\"position\":1,\"name\":\"Home\",\"item\":\"http:\\\/\\\/www.radiohorizonte.fm\\\/radio\\\/\"},{\"@type\":\"ListItem\",\"position\":2,\"name\":\"&#8220;Morenita&#8221; Mar\u00edn intent\u00f3 evitar su arresto a los tiros y lo mataron\"}]},{\"@type\":\"WebSite\",\"@id\":\"http:\\\/\\\/www.radiohorizonte.fm\\\/radio\\\/#website\",\"url\":\"http:\\\/\\\/www.radiohorizonte.fm\\\/radio\\\/\",\"name\":\"Horizonte\",\"description\":\"Radio Horizonte 106.1 - Una radio de clasicos\",\"publisher\":{\"@id\":\"http:\\\/\\\/www.radiohorizonte.fm\\\/radio\\\/#organization\"},\"potentialAction\":[{\"@type\":\"SearchAction\",\"target\":{\"@type\":\"EntryPoint\",\"urlTemplate\":\"http:\\\/\\\/www.radiohorizonte.fm\\\/radio\\\/?s={search_term_string}\"},\"query-input\":{\"@type\":\"PropertyValueSpecification\",\"valueRequired\":true,\"valueName\":\"search_term_string\"}}],\"inLanguage\":\"es-AR\"},{\"@type\":\"Organization\",\"@id\":\"http:\\\/\\\/www.radiohorizonte.fm\\\/radio\\\/#organization\",\"name\":\"Horizonte\",\"url\":\"http:\\\/\\\/www.radiohorizonte.fm\\\/radio\\\/\",\"logo\":{\"@type\":\"ImageObject\",\"inLanguage\":\"es-AR\",\"@id\":\"http:\\\/\\\/www.radiohorizonte.fm\\\/radio\\\/#\\\/schema\\\/logo\\\/image\\\/\",\"url\":\"http:\\\/\\\/www.radiohorizonte.fm\\\/radio\\\/wp-content\\\/uploads\\\/2025\\\/06\\\/Portada-FM-Horizonte_modelo-imagen-scaled.jpg\",\"contentUrl\":\"http:\\\/\\\/www.radiohorizonte.fm\\\/radio\\\/wp-content\\\/uploads\\\/2025\\\/06\\\/Portada-FM-Horizonte_modelo-imagen-scaled.jpg\",\"width\":2560,\"height\":1056,\"caption\":\"Horizonte\"},\"image\":{\"@id\":\"http:\\\/\\\/www.radiohorizonte.fm\\\/radio\\\/#\\\/schema\\\/logo\\\/image\\\/\"},\"sameAs\":[\"http:\\\/\\\/www.facebook.com\\\/HORIZONTE106.1\",\"https:\\\/\\\/x.com\\\/fmhorizonte1061\"]},{\"@type\":\"Person\",\"@id\":\"http:\\\/\\\/www.radiohorizonte.fm\\\/radio\\\/#\\\/schema\\\/person\\\/f8fa003a405bb86729fd87d15d0ddafa\",\"name\":\"Cristian Galarza\",\"image\":{\"@type\":\"ImageObject\",\"inLanguage\":\"es-AR\",\"@id\":\"https:\\\/\\\/secure.gravatar.com\\\/avatar\\\/fad34bc2c773209c05d7d53b08a69b680eeb55f3be014e52b31643d20ab65925?s=96&d=mm&r=g\",\"url\":\"https:\\\/\\\/secure.gravatar.com\\\/avatar\\\/fad34bc2c773209c05d7d53b08a69b680eeb55f3be014e52b31643d20ab65925?s=96&d=mm&r=g\",\"contentUrl\":\"https:\\\/\\\/secure.gravatar.com\\\/avatar\\\/fad34bc2c773209c05d7d53b08a69b680eeb55f3be014e52b31643d20ab65925?s=96&d=mm&r=g\",\"caption\":\"Cristian Galarza\"},\"url\":\"http:\\\/\\\/www.radiohorizonte.fm\\\/radio\\\/author\\\/cristian\\\/\"}]}<\/script>\n<!-- \/ Yoast SEO plugin. -->","yoast_head_json":{"title":"\"Morenita\" Mar\u00edn intent\u00f3 evitar su arresto a los tiros y lo mataron - Horizonte","robots":{"index":"index","follow":"follow","max-snippet":"max-snippet:-1","max-image-preview":"max-image-preview:large","max-video-preview":"max-video-preview:-1"},"canonical":"http:\/\/www.radiohorizonte.fm\/radio\/2023\/08\/28\/morenita-marin-intento-evitar-su-arresto-los-tiros-y-lo-mataron\/","og_locale":"es_ES","og_type":"article","og_title":"\"Morenita\" Mar\u00edn intent\u00f3 evitar su arresto a los tiros y lo mataron - Horizonte","og_description":"El peligroso narcotraficante que estaba pr\u00f3fugo desde febrero, cuando desapareci\u00f3 de su arresto domiciliario, hab\u00eda regresado a su casa y un operativo conjunto de la Polic\u00eda Federal y Prefectura lo enfrent\u00f3. Se jug\u00f3 la vida y perdi\u00f3. La carrera delictiva de Federico &#8220;Morenita&#8221; Mar\u00edn termin\u00f3 abruptamente anoche, a pocos metros de su casa en Itat\u00ed.","og_url":"http:\/\/www.radiohorizonte.fm\/radio\/2023\/08\/28\/morenita-marin-intento-evitar-su-arresto-los-tiros-y-lo-mataron\/","og_site_name":"Horizonte","article_publisher":"http:\/\/www.facebook.com\/HORIZONTE106.1","article_published_time":"2023-08-28T10:15:25+00:00","og_image":[{"width":762,"height":642,"url":"http:\/\/www.radiohorizonte.fm\/radio\/wp-content\/uploads\/2023\/08\/1316534w762h642c.jpg.jpg","type":"image\/jpeg"}],"author":"Cristian Galarza","twitter_card":"summary_large_image","twitter_creator":"@fmhorizonte1061","twitter_site":"@fmhorizonte1061","twitter_misc":{"Escrito por":"Cristian Galarza","Tiempo de lectura":"3 minutos"},"schema":{"@context":"https:\/\/schema.org","@graph":[{"@type":"Article","@id":"http:\/\/www.radiohorizonte.fm\/radio\/2023\/08\/28\/morenita-marin-intento-evitar-su-arresto-los-tiros-y-lo-mataron\/#article","isPartOf":{"@id":"http:\/\/www.radiohorizonte.fm\/radio\/2023\/08\/28\/morenita-marin-intento-evitar-su-arresto-los-tiros-y-lo-mataron\/"},"author":{"name":"Cristian Galarza","@id":"http:\/\/www.radiohorizonte.fm\/radio\/#\/schema\/person\/f8fa003a405bb86729fd87d15d0ddafa"},"headline":"&#8220;Morenita&#8221; Mar\u00edn intent\u00f3 evitar su arresto a los tiros y lo mataron","datePublished":"2023-08-28T10:15:25+00:00","mainEntityOfPage":{"@id":"http:\/\/www.radiohorizonte.fm\/radio\/2023\/08\/28\/morenita-marin-intento-evitar-su-arresto-los-tiros-y-lo-mataron\/"},"wordCount":596,"publisher":{"@id":"http:\/\/www.radiohorizonte.fm\/radio\/#organization"},"image":{"@id":"http:\/\/www.radiohorizonte.fm\/radio\/2023\/08\/28\/morenita-marin-intento-evitar-su-arresto-los-tiros-y-lo-mataron\/#primaryimage"},"thumbnailUrl":"http:\/\/www.radiohorizonte.fm\/radio\/wp-content\/uploads\/2023\/08\/1316534w762h642c.jpg.jpg","articleSection":["Noticias"],"inLanguage":"es-AR"},{"@type":"WebPage","@id":"http:\/\/www.radiohorizonte.fm\/radio\/2023\/08\/28\/morenita-marin-intento-evitar-su-arresto-los-tiros-y-lo-mataron\/","url":"http:\/\/www.radiohorizonte.fm\/radio\/2023\/08\/28\/morenita-marin-intento-evitar-su-arresto-los-tiros-y-lo-mataron\/","name":"\"Morenita\" Mar\u00edn intent\u00f3 evitar su arresto a los tiros y lo mataron - Horizonte","isPartOf":{"@id":"http:\/\/www.radiohorizonte.fm\/radio\/#website"},"primaryImageOfPage":{"@id":"http:\/\/www.radiohorizonte.fm\/radio\/2023\/08\/28\/morenita-marin-intento-evitar-su-arresto-los-tiros-y-lo-mataron\/#primaryimage"},"image":{"@id":"http:\/\/www.radiohorizonte.fm\/radio\/2023\/08\/28\/morenita-marin-intento-evitar-su-arresto-los-tiros-y-lo-mataron\/#primaryimage"},"thumbnailUrl":"http:\/\/www.radiohorizonte.fm\/radio\/wp-content\/uploads\/2023\/08\/1316534w762h642c.jpg.jpg","datePublished":"2023-08-28T10:15:25+00:00","breadcrumb":{"@id":"http:\/\/www.radiohorizonte.fm\/radio\/2023\/08\/28\/morenita-marin-intento-evitar-su-arresto-los-tiros-y-lo-mataron\/#breadcrumb"},"inLanguage":"es-AR","potentialAction":[{"@type":"ReadAction","target":["http:\/\/www.radiohorizonte.fm\/radio\/2023\/08\/28\/morenita-marin-intento-evitar-su-arresto-los-tiros-y-lo-mataron\/"]}]},{"@type":"ImageObject","inLanguage":"es-AR","@id":"http:\/\/www.radiohorizonte.fm\/radio\/2023\/08\/28\/morenita-marin-intento-evitar-su-arresto-los-tiros-y-lo-mataron\/#primaryimage","url":"http:\/\/www.radiohorizonte.fm\/radio\/wp-content\/uploads\/2023\/08\/1316534w762h642c.jpg.jpg","contentUrl":"http:\/\/www.radiohorizonte.fm\/radio\/wp-content\/uploads\/2023\/08\/1316534w762h642c.jpg.jpg","width":762,"height":642},{"@type":"BreadcrumbList","@id":"http:\/\/www.radiohorizonte.fm\/radio\/2023\/08\/28\/morenita-marin-intento-evitar-su-arresto-los-tiros-y-lo-mataron\/#breadcrumb","itemListElement":[{"@type":"ListItem","position":1,"name":"Home","item":"http:\/\/www.radiohorizonte.fm\/radio\/"},{"@type":"ListItem","position":2,"name":"&#8220;Morenita&#8221; Mar\u00edn intent\u00f3 evitar su arresto a los tiros y lo mataron"}]},{"@type":"WebSite","@id":"http:\/\/www.radiohorizonte.fm\/radio\/#website","url":"http:\/\/www.radiohorizonte.fm\/radio\/","name":"Horizonte","description":"Radio Horizonte 106.1 - Una radio de clasicos","publisher":{"@id":"http:\/\/www.radiohorizonte.fm\/radio\/#organization"},"potentialAction":[{"@type":"SearchAction","target":{"@type":"EntryPoint","urlTemplate":"http:\/\/www.radiohorizonte.fm\/radio\/?s={search_term_string}"},"query-input":{"@type":"PropertyValueSpecification","valueRequired":true,"valueName":"search_term_string"}}],"inLanguage":"es-AR"},{"@type":"Organization","@id":"http:\/\/www.radiohorizonte.fm\/radio\/#organization","name":"Horizonte","url":"http:\/\/www.radiohorizonte.fm\/radio\/","logo":{"@type":"ImageObject","inLanguage":"es-AR","@id":"http:\/\/www.radiohorizonte.fm\/radio\/#\/schema\/logo\/image\/","url":"http:\/\/www.radiohorizonte.fm\/radio\/wp-content\/uploads\/2025\/06\/Portada-FM-Horizonte_modelo-imagen-scaled.jpg","contentUrl":"http:\/\/www.radiohorizonte.fm\/radio\/wp-content\/uploads\/2025\/06\/Portada-FM-Horizonte_modelo-imagen-scaled.jpg","width":2560,"height":1056,"caption":"Horizonte"},"image":{"@id":"http:\/\/www.radiohorizonte.fm\/radio\/#\/schema\/logo\/image\/"},"sameAs":["http:\/\/www.facebook.com\/HORIZONTE106.1","https:\/\/x.com\/fmhorizonte1061"]},{"@type":"Person","@id":"http:\/\/www.radiohorizonte.fm\/radio\/#\/schema\/person\/f8fa003a405bb86729fd87d15d0ddafa","name":"Cristian Galarza","image":{"@type":"ImageObject","inLanguage":"es-AR","@id":"https:\/\/secure.gravatar.com\/avatar\/fad34bc2c773209c05d7d53b08a69b680eeb55f3be014e52b31643d20ab65925?s=96&d=mm&r=g","url":"https:\/\/secure.gravatar.com\/avatar\/fad34bc2c773209c05d7d53b08a69b680eeb55f3be014e52b31643d20ab65925?s=96&d=mm&r=g","contentUrl":"https:\/\/secure.gravatar.com\/avatar\/fad34bc2c773209c05d7d53b08a69b680eeb55f3be014e52b31643d20ab65925?s=96&d=mm&r=g","caption":"Cristian Galarza"},"url":"http:\/\/www.radiohorizonte.fm\/radio\/author\/cristian\/"}]}},"_links":{"self":[{"href":"http:\/\/www.radiohorizonte.fm\/radio\/wp-json\/wp\/v2\/posts\/41842","targetHints":{"allow":["GET"]}}],"collection":[{"href":"http:\/\/www.radiohorizonte.fm\/radio\/wp-json\/wp\/v2\/posts"}],"about":[{"href":"http:\/\/www.radiohorizonte.fm\/radio\/wp-json\/wp\/v2\/types\/post"}],"author":[{"embeddable":true,"href":"http:\/\/www.radiohorizonte.fm\/radio\/wp-json\/wp\/v2\/users\/2"}],"replies":[{"embeddable":true,"href":"http:\/\/www.radiohorizonte.fm\/radio\/wp-json\/wp\/v2\/comments?post=41842"}],"version-history":[{"count":1,"href":"http:\/\/www.radiohorizonte.fm\/radio\/wp-json\/wp\/v2\/posts\/41842\/revisions"}],"predecessor-version":[{"id":41844,"href":"http:\/\/www.radiohorizonte.fm\/radio\/wp-json\/wp\/v2\/posts\/41842\/revisions\/41844"}],"wp:featuredmedia":[{"embeddable":true,"href":"http:\/\/www.radiohorizonte.fm\/radio\/wp-json\/wp\/v2\/media\/41843"}],"wp:attachment":[{"href":"http:\/\/www.radiohorizonte.fm\/radio\/wp-json\/wp\/v2\/media?parent=41842"}],"wp:term":[{"taxonomy":"category","embeddable":true,"href":"http:\/\/www.radiohorizonte.fm\/radio\/wp-json\/wp\/v2\/categories?post=41842"},{"taxonomy":"post_tag","embeddable":true,"href":"http:\/\/www.radiohorizonte.fm\/radio\/wp-json\/wp\/v2\/tags?post=41842"}],"curies":[{"name":"wp","href":"https:\/\/api.w.org\/{rel}","templated":true}]}}