{"id":41845,"date":"2023-08-28T07:17:35","date_gmt":"2023-08-28T10:17:35","guid":{"rendered":"http:\/\/www.radiohorizonte.fm\/radio\/?p=41845"},"modified":"2023-08-28T07:17:35","modified_gmt":"2023-08-28T10:17:35","slug":"massa-anuncio-medidas-para-beneficiar-pymes-trabajadores-monotributistas-y-jubilados","status":"publish","type":"post","link":"http:\/\/www.radiohorizonte.fm\/radio\/2023\/08\/28\/massa-anuncio-medidas-para-beneficiar-pymes-trabajadores-monotributistas-y-jubilados\/","title":{"rendered":"Massa anunci\u00f3 medidas para beneficiar a pymes, trabajadores, monotributistas y jubilados"},"content":{"rendered":"<div class=\"wrapper-header\">\n<div class=\"container-xl\">\n<div class=\"row\">\n<div class=\"col-12\">\n<div class=\"head-content mb-4\">\n<p class=\"speak\">A trav\u00e9s de una serie de mensajes en redes sociales, el ministro de Econom\u00eda y candidato presidencial se\u00f1al\u00f3 que habr\u00e1\u00a0beneficios, cr\u00e9ditos y quitas de impuestos, entre otras medidas.<\/p>\n<p><img loading=\"lazy\" decoding=\"async\" class=\"alignnone size-full wp-image-41846\" src=\"http:\/\/www.radiohorizonte.fm\/radio\/wp-content\/uploads\/2023\/08\/64eba3c49dfb4_1200.jpg\" alt=\"\" width=\"1200\" height=\"675\" srcset=\"http:\/\/www.radiohorizonte.fm\/radio\/wp-content\/uploads\/2023\/08\/64eba3c49dfb4_1200.jpg 1200w, http:\/\/www.radiohorizonte.fm\/radio\/wp-content\/uploads\/2023\/08\/64eba3c49dfb4_1200-300x169.jpg 300w, http:\/\/www.radiohorizonte.fm\/radio\/wp-content\/uploads\/2023\/08\/64eba3c49dfb4_1200-768x432.jpg 768w, http:\/\/www.radiohorizonte.fm\/radio\/wp-content\/uploads\/2023\/08\/64eba3c49dfb4_1200-1024x576.jpg 1024w, http:\/\/www.radiohorizonte.fm\/radio\/wp-content\/uploads\/2023\/08\/64eba3c49dfb4_1200-65x37.jpg 65w, http:\/\/www.radiohorizonte.fm\/radio\/wp-content\/uploads\/2023\/08\/64eba3c49dfb4_1200-320x180.jpg 320w, http:\/\/www.radiohorizonte.fm\/radio\/wp-content\/uploads\/2023\/08\/64eba3c49dfb4_1200-85x48.jpg 85w, http:\/\/www.radiohorizonte.fm\/radio\/wp-content\/uploads\/2023\/08\/64eba3c49dfb4_1200-220x125.jpg 220w, http:\/\/www.radiohorizonte.fm\/radio\/wp-content\/uploads\/2023\/08\/64eba3c49dfb4_1200-90x51.jpg 90w\" sizes=\"auto, (max-width: 1200px) 100vw, 1200px\" \/><\/p>\n<\/div>\n<\/div>\n<\/div>\n<\/div>\n<\/div>\n<div class=\"wrapper-editable-content\">\u00a0El ministro de Econom\u00eda, Sergio Massa, anunci\u00f3 este domingo un paquete de medidas dentro del Programa de Fortalecimiento de la Actividad Econ\u00f3mica y del Ingreso que i<strong>ncluye sumas fijas no remunerativas a cuenta de futuros incrementos y cr\u00e9ditos para trabajadores, mejoras para monotributistas, aumentos para jubilados, ayuda social, pre financiaci\u00f3n de exportaciones y baja de retenciones para econom\u00edas regionales,\u00a0<\/strong>entre otras.<\/p>\n<p>Las medidas tambi\u00e9n abarcaron a empresas pymes, empleadas de casas particulares y la suspensi\u00f3n de los aumentos en la medicina prepaga por espacio de noventa d\u00edas para trabajadores y familias con ingresos mensuales menores a $2 millones.<\/p>\n<p>A trav\u00e9s de su cuenta en la red social Instagram, a lo largo de casi toda la jornada, Massa anunci\u00f3 un programa que apunta a mitigar los efectos de la devaluaci\u00f3n y ratific\u00f3 un acuerdo de precios con m\u00e1s de 425 empresas que incluyen 53.000 productos de primera necesidad.<\/p>\n<blockquote class=\"instagram-media\" data-instgrm-captioned=\"\" data-instgrm-permalink=\"https:\/\/www.instagram.com\/reel\/Cwc_Y2kvRdP\/?utm_source=ig_embed&amp;utm_campaign=loading\" data-instgrm-version=\"14\">\n<div>\n<div><\/div>\n<div><\/div>\n<div><\/div>\n<div>\n<div>Ver esta publicaci\u00f3n en Instagram<\/div>\n<\/div>\n<div><\/div>\n<div><\/div>\n<div><\/div>\n<p><a href=\"https:\/\/www.instagram.com\/reel\/Cwc_Y2kvRdP\/?utm_source=ig_embed&amp;utm_campaign=loading\" target=\"_blank\" rel=\"noopener\">Una publicaci\u00f3n compartida de Sergio Massa (@sergiomassaok)<\/a><\/p>\n<\/div>\n<\/blockquote>\n<p>En ese marco, el jefe del Palacio de Hacienda dispuso\u00a0<strong>un incremento de salarios no remunerativo, por \u00fanica vez y a cuenta de futuros aumentos en las discusiones paritarias de 60.000 pesos pagaderos en dos cuotas mensuales, para los empleados p\u00fablicos y privados que perciban un ingreso neto menor a los 400.000 pesos mensuales.<\/strong><\/p>\n<p>El responsable de la cartera econ\u00f3mica subray\u00f3 que estos incrementos son &#8220;a cuenta de la futura paritaria, con el objetivo de reforzar el poder de compra de los salarios de los trabajadores&#8221;.<\/p>\n<p>Massa tambi\u00e9n agreg\u00f3 que\u00a0<strong>&#8220;en el caso de las micro empresas le vamos a devolver el 100% de las contribuciones patronales y en el caso de las peque\u00f1as y medianas empresas (PYME), del 50% de las contribuciones para ayudar a los trabajadores&#8221;<\/strong>.<\/p>\n<p>El jefe del Palacio de Hacienda expres\u00f3 que &#8220;son 5,5 millones de trabajadores alcanzados por esta medida, con salarios de hasta 400.000 pesos mensuales&#8221;.<\/p>\n<figure class=\"mb-3\"><img decoding=\"async\" class=\" lazy \" src=\"https:\/\/www.telam.com.ar\/thumbs\/bluesteel\/advf\/imagenes\/2023\/08\/64ebdfdd0a6f2_1200.jpg\" alt=\"Telam SE\" width=\"100%\" height=\"100%\" \/><\/p>\n<div class=\"media-icons\"><\/div><figcaption><\/figcaption><\/figure>\n<p>En relaci\u00f3n con una mayor ayuda a los trabajadores formales, el ministro present\u00f3 una l\u00ednea de cr\u00e9ditos para trabajadores de hasta 48 meses de plazo, con tres meses de gracia y con una tasa de inter\u00e9s por la mitad de la que se cobra en el mercado financiero.<\/p>\n<p>Massa explic\u00f3 que\u00a0<strong>se va a poder acceder a l\u00edneas de cr\u00e9dito de hasta $400.000 en 24, 36 \u00f3 48 cuotas y los fondos se depositar\u00e1n en la tarjeta de cr\u00e9dito bancaria dentro de los 5 d\u00edas h\u00e1biles&#8221;.<\/strong><\/p>\n<p>El ministro detall\u00f3 que &#8220;el programa tiene fondos disponibles por 400.000 millones de pesos y la tasa de inter\u00e9s es la mitad de la que se paga actualmente sobre el saldo de las tarjetas de cr\u00e9dito&#8221;.<\/p>\n<p>Adem\u00e1s, Massa anticip\u00f3 que habr\u00e1 una ayuda adicional de 20.000 pesos para los beneficiaros del programa Potenciar Trabajo que &#8220;se pagar\u00e1 en dos tramos de 10.000 pesos en septiembre y otro tanto en octubre&#8221; y destac\u00f3 que &#8220;esa ayuda alcanza a 1.300.000 beneficiarios y que tiene por objetivo tambi\u00e9n la protecci\u00f3n y el cuidado de los sectores m\u00e1s vulnerables&#8221;.<\/p>\n<p>En l\u00ednea con la ayuda social, el responsable de la cartera econ\u00f3mica explic\u00f3 que se va a reforzar la Tarjeta Alimentar con un incremento adicional en dos cuotas mensuales, con el siguiente detalle: para las familias con un hijo: $10.000; para las familias con dos hijos: $17.000; para las familias con tres hijos: $23.000.<\/p>\n<p>El jefe del Palacio de Hacienda enfatiz\u00f3 que\u00a0<strong>&#8220;adem\u00e1s, terminado el refuerzo, la tarjeta alimentar aumentar\u00e1 un 30%&#8221;.<\/strong><\/p>\n<figure class=\"mb-3\"><img decoding=\"async\" class=\" lazy \" src=\"https:\/\/www.telam.com.ar\/thumbs\/bluesteel\/advf\/imagenes\/2023\/08\/64ebdfdd6eb81_1200.jpg\" alt=\"Telam SE\" width=\"100%\" height=\"100%\" \/><\/p>\n<div class=\"media-icons\"><\/div><figcaption><\/figcaption><\/figure>\n<p>Tambi\u00e9n se anunciaron medidas de ayuda para el sector pasivo y el ministro afirm\u00f3 que &#8220;los jubilados y pensionados que perciben el haber m\u00ednimo recibir\u00e1n un refuerzo de $37.000 en los meses de septiembre, octubre y noviembre, lo que elevar\u00e1 a $124.000 el monto total que percibir\u00e1n a partir del pr\u00f3ximo mes.<\/p>\n<p>Adem\u00e1s, coment\u00f3 que en el caso de las compras que realicen con tarjeta, &#8220;l<strong>es vamos a devolver en la tarjeta misma hasta $18.000 de reintegro del I.V.A por las compras que realizan&#8221;<\/strong>.<\/p>\n<p>M\u00e1s adelante, Massa dijo que<strong>\u00a0&#8220;los monotributistas de las categor\u00edas A, B, C y D no pagar\u00e1n por 6 meses el componente tributario de este gravamen&#8221;<\/strong>, al tiempo que a\u00f1adi\u00f3 que &#8220;adem\u00e1s, para todos los monotributistas, habr\u00e1 un acceso a cr\u00e9dito por hasta 4 millones de pesos, dependiendo de la categor\u00eda, a pagar en 24 cuotas a la mitad de la tasa bancaria con garant\u00eda 100% del Estado&#8221;.<\/p>\n<p>Massa tambi\u00e9n destac\u00f3 que &#8220;se pondr\u00e1 en marcha el monotributo productivo para la incorporaci\u00f3n a la econom\u00eda formal de los trabajadores independientes que est\u00e1n en la econom\u00eda informal&#8221;.<\/p>\n<figure class=\"mb-3\"><img decoding=\"async\" class=\" lazy \" src=\"https:\/\/www.telam.com.ar\/thumbs\/bluesteel\/advf\/imagenes\/2023\/08\/64ebdfdd50de8_1200.jpg\" alt=\"Telam SE\" width=\"100%\" height=\"100%\" \/><\/p>\n<div class=\"media-icons\"><\/div><figcaption><\/figcaption><\/figure>\n<p>El ministro tambi\u00e9n dio a conocer un nuevo programa de 770 millones de d\u00f3lares para prefinanciaci\u00f3n de exportaciones, a trav\u00e9s de l\u00edneas del Banco de la Naci\u00f3n Argentina (BNA) y del Banco de Inversiones y Comercio Exterior (BICE).<\/p>\n<p>El jefe del Palacio de Hacienda detall\u00f3 que de este total 550 millones de d\u00f3lares ser\u00e1n canalizados a trav\u00e9s del BNA y los 220 millones de d\u00f3lares restantes, por intermedio del BICE.<\/p>\n<p>Otra de las medidas anunciadas fue la eliminaci\u00f3n de los derechos a la exportaci\u00f3n para una serie de productos de las econom\u00edas regionales, con valor agregado industrial como el vino, el mosto, el arroz, el tabaco, la producci\u00f3n forestal, y la c\u00e1scara de citrus, entre otras.<\/p>\n<p><strong>&#8220;Todos los productos que tienen un proceso de industrializaci\u00f3n para las exportaciones, van a tener retenciones cero a los efectos de aumentar nuestras exportaciones con valor agregado&#8221;,<\/strong>\u00a0enfatiz\u00f3 el ministro.<\/p>\n<p>Dentro del \u00e1mbito rural, Massa dijo que se lanz\u00f3 &#8220;un nuevo programa de siembra para trigo y ma\u00edz con entrega de hasta 5 TN de fertilizantes para productores en emergencia agropecuaria a partir de un convenio con la compa\u00f1\u00eda YPF Agro&#8221;.<\/p>\n<p>El responsable de la cartera econ\u00f3mica se\u00f1al\u00f3 que &#8220;vamos a continuar con el programa Puente al Empleo, para el sector agropecuario, que transforma los planes sociales en empleo registrado para quienes tomen trabajo en el sector rural, manteni\u00e9ndose durante un a\u00f1o los planes&#8221;.<\/p>\n<p>Massa present\u00f3 un nuevo &#8220;<strong>Programa de Incremento Exportador y dijo que para los productos como la harina, el aceite y el pellet de soja vamos a dar la posibilidad de disponer del 25% de las divisas para comprar transitoriamente poroto de soja para procesar, manteniendo los puestos de trabajo de las plantas industriales y generando valor agregado en nuestro complejo industrial sojero&#8221;<\/strong>.<\/p>\n<p>Finalmente, en relaci\u00f3n a los precios, el ministro ratific\u00f3 la vigencia de un acuerdo de precios para 53.000 productos de primera necesidad, con un incremento de 5% mensual hasta fines de octubre con m\u00e1s de 425 empresas.<\/p>\n<figure class=\"mb-3\"><img decoding=\"async\" class=\" lazy \" src=\"https:\/\/www.telam.com.ar\/thumbs\/bluesteel\/advf\/imagenes\/2023\/08\/64ebdfdd2f746_1200.jpg\" alt=\"Telam SE\" width=\"100%\" height=\"100%\" \/><\/p>\n<div class=\"media-icons\"><\/div><figcaption><\/figcaption><\/figure>\n<p>Massa dijo que se trata de un &#8220;sendero del 5% con m\u00e1s de 400 empresas que representan m\u00e1s de 53.000 productos de higiene y alimentos de primera necesidad de la canasta de los argentinos&#8221;.<\/p>\n<p>El ministro enfatiz\u00f3 tambi\u00e9n que habr\u00e1 &#8220;cero aumento de combustibles hasta el 1\u00b0 de noviembre y cero aumento de medicamentos hasta el 1\u00b0 de noviembre&#8221;<\/p>\n<p>Massa sostuvo que &#8220;para este programa ponemos un beneficio del 6% del total de impuestos que pagan las empresas en descuento del IVA y del impuesto a las ganancias de cada una de esas empresas&#8221;.<\/p>\n<h2 class=\"\">Uno por uno, los anuncios de Massa<\/h2>\n<blockquote class=\"instagram-media\" data-instgrm-captioned=\"\" data-instgrm-permalink=\"https:\/\/www.instagram.com\/reel\/Cwds8ucMand\/?utm_source=ig_embed&amp;utm_campaign=loading\" data-instgrm-version=\"14\">\n<div>\n<div><\/div>\n<div><\/div>\n<div><\/div>\n<div>\n<div>Ver esta publicaci\u00f3n en Instagram<\/div>\n<\/div>\n<div><\/div>\n<div><\/div>\n<div><\/div>\n<p><a href=\"https:\/\/www.instagram.com\/reel\/Cwds8ucMand\/?utm_source=ig_embed&amp;utm_campaign=loading\" target=\"_blank\" rel=\"noopener\">Una publicaci\u00f3n compartida de Sergio Massa (@sergiomassaok)<\/a><\/p>\n<\/div>\n<\/blockquote>\n<blockquote class=\"instagram-media\" data-instgrm-captioned=\"\" data-instgrm-permalink=\"https:\/\/www.instagram.com\/reel\/CwdFUSvPP6j\/?utm_source=ig_embed&amp;utm_campaign=loading\" data-instgrm-version=\"14\">\n<div>\n<div><\/div>\n<div><\/div>\n<div><\/div>\n<div>\n<div>Ver esta publicaci\u00f3n en Instagram<\/div>\n<\/div>\n<div><\/div>\n<div><\/div>\n<div><\/div>\n<p><a href=\"https:\/\/www.instagram.com\/reel\/CwdFUSvPP6j\/?utm_source=ig_embed&amp;utm_campaign=loading\" target=\"_blank\" rel=\"noopener\">Una publicaci\u00f3n compartida de Sergio Massa (@sergiomassaok)<\/a><\/p>\n<\/div>\n<\/blockquote>\n<blockquote class=\"instagram-media\" data-instgrm-captioned=\"\" data-instgrm-permalink=\"https:\/\/www.instagram.com\/reel\/CwdOQK2xF4M\/?utm_source=ig_embed&amp;utm_campaign=loading\" data-instgrm-version=\"14\">\n<div>\n<div><\/div>\n<div><\/div>\n<div><\/div>\n<div>\n<div>Ver esta publicaci\u00f3n en Instagram<\/div>\n<\/div>\n<div><\/div>\n<div><\/div>\n<div><\/div>\n<p><a href=\"https:\/\/www.instagram.com\/reel\/CwdOQK2xF4M\/?utm_source=ig_embed&amp;utm_campaign=loading\" target=\"_blank\" rel=\"noopener\">Una publicaci\u00f3n compartida de Sergio Massa (@sergiomassaok)<\/a><\/p>\n<\/div>\n<\/blockquote>\n<blockquote class=\"instagram-media\" data-instgrm-captioned=\"\" data-instgrm-permalink=\"https:\/\/www.instagram.com\/reel\/Cwd7J4LP-7o\/?utm_source=ig_embed&amp;utm_campaign=loading\" data-instgrm-version=\"14\">\n<div>\n<div><\/div>\n<div><\/div>\n<div><\/div>\n<div>\n<div>Ver esta publicaci\u00f3n en Instagram<\/div>\n<\/div>\n<div><\/div>\n<div><\/div>\n<div><\/div>\n<p><a href=\"https:\/\/www.instagram.com\/reel\/Cwd7J4LP-7o\/?utm_source=ig_embed&amp;utm_campaign=loading\" target=\"_blank\" rel=\"noopener\">Una publicaci\u00f3n compartida de Sergio Massa (@sergiomassaok)<\/a><\/p>\n<\/div>\n<\/blockquote>\n<blockquote class=\"instagram-media\" data-instgrm-captioned=\"\" data-instgrm-permalink=\"https:\/\/www.instagram.com\/reel\/CwddZ7DJAab\/?utm_source=ig_embed&amp;utm_campaign=loading\" data-instgrm-version=\"14\">\n<div>\n<div><\/div>\n<div><\/div>\n<div><\/div>\n<div>\n<div>Ver esta publicaci\u00f3n en Instagram<\/div>\n<\/div>\n<div><\/div>\n<div><\/div>\n<div><\/div>\n<p><a href=\"https:\/\/www.instagram.com\/reel\/CwddZ7DJAab\/?utm_source=ig_embed&amp;utm_campaign=loading\" target=\"_blank\" rel=\"noopener\">Una publicaci\u00f3n compartida por Sergio Massa (@sergiomassaok)<\/a><\/p>\n<\/div>\n<\/blockquote>\n<blockquote class=\"instagram-media\" data-instgrm-captioned=\"\" data-instgrm-permalink=\"https:\/\/www.instagram.com\/reel\/Cwd1kUMuXRQ\/?utm_source=ig_embed&amp;utm_campaign=loading\" data-instgrm-version=\"14\">\n<div>\n<div><\/div>\n<div><\/div>\n<div><\/div>\n<div>\n<div>Ver esta publicaci\u00f3n en Instagram<\/div>\n<\/div>\n<div><\/div>\n<div><\/div>\n<div><\/div>\n<p><a href=\"https:\/\/www.instagram.com\/reel\/Cwd1kUMuXRQ\/?utm_source=ig_embed&amp;utm_campaign=loading\" target=\"_blank\" rel=\"noopener\">Una publicaci\u00f3n compartida de Sergio Massa (@sergiomassaok)<\/a><\/p>\n<\/div>\n<\/blockquote>\n<blockquote class=\"instagram-media\" data-instgrm-captioned=\"\" data-instgrm-permalink=\"https:\/\/www.instagram.com\/reel\/CwdgadLpaja\/?utm_source=ig_embed&amp;utm_campaign=loading\" data-instgrm-version=\"14\">\n<div>\n<div><\/div>\n<div><\/div>\n<div><\/div>\n<div>\n<div>Ver esta publicaci\u00f3n en Instagram<\/div>\n<\/div>\n<div><\/div>\n<div><\/div>\n<div><\/div>\n<p><a href=\"https:\/\/www.instagram.com\/reel\/CwdgadLpaja\/?utm_source=ig_embed&amp;utm_campaign=loading\" target=\"_blank\" rel=\"noopener\">Una publicaci\u00f3n compartida por Sergio Massa (@sergiomassaok)<\/a><\/p>\n<\/div>\n<\/blockquote>\n<blockquote class=\"instagram-media\" data-instgrm-captioned=\"\" data-instgrm-permalink=\"https:\/\/www.instagram.com\/reel\/Cwd78LxLvKT\/?utm_source=ig_embed&amp;utm_campaign=loading\" data-instgrm-version=\"14\">\n<div>\n<div><\/div>\n<div><\/div>\n<div><\/div>\n<div>\n<div>Ver esta publicaci\u00f3n en Instagram<\/div>\n<\/div>\n<div><\/div>\n<div><\/div>\n<div><\/div>\n<p><a href=\"https:\/\/www.instagram.com\/reel\/Cwd78LxLvKT\/?utm_source=ig_embed&amp;utm_campaign=loading\" target=\"_blank\" rel=\"noopener\">Una publicaci\u00f3n compartida de Sergio Massa (@sergiomassaok)<\/a><\/p>\n<\/div>\n<\/blockquote>\n<blockquote class=\"instagram-media\" data-instgrm-captioned=\"\" data-instgrm-permalink=\"https:\/\/www.instagram.com\/reel\/CwditBoJcIl\/?utm_source=ig_embed&amp;utm_campaign=loading\" data-instgrm-version=\"14\">\n<div>\n<div><\/div>\n<div><\/div>\n<div><\/div>\n<div>\n<div>Ver esta publicaci\u00f3n en Instagram<\/div>\n<\/div>\n<div><\/div>\n<div><\/div>\n<div><\/div>\n<p><a href=\"https:\/\/www.instagram.com\/reel\/CwditBoJcIl\/?utm_source=ig_embed&amp;utm_campaign=loading\" target=\"_blank\" rel=\"noopener\">Una publicaci\u00f3n compartida por Sergio Massa (@sergiomassaok)<\/a><\/p>\n<\/div>\n<\/blockquote>\n<blockquote class=\"instagram-media\" data-instgrm-captioned=\"\" data-instgrm-permalink=\"https:\/\/www.instagram.com\/reel\/CwdmEhqpQIU\/?utm_source=ig_embed&amp;utm_campaign=loading\" data-instgrm-version=\"14\">\n<div>\n<div><\/div>\n<div><\/div>\n<div><\/div>\n<div>\n<div>Ver esta publicaci\u00f3n en Instagram<\/div>\n<\/div>\n<div><\/div>\n<div><\/div>\n<div><\/div>\n<p><a href=\"https:\/\/www.instagram.com\/reel\/CwdmEhqpQIU\/?utm_source=ig_embed&amp;utm_campaign=loading\" target=\"_blank\" rel=\"noopener\">Una publicaci\u00f3n compartida por Sergio Massa (@sergiomassaok)<\/a><\/p>\n<\/div>\n<\/blockquote>\n<h2 class=\"\">Hablan los ministros<\/h2>\n<p>M\u00e1s all\u00e1 de los anuncios realizados este domingo por Massa, el lunes la ministra de Trabajo, Empleo y Seguridad Social, Raquel &#8220;Kelly&#8221; Olmos, ser\u00e1 la primera en dialogar con los medios desde la sede de su cartera, sobre Avenida Alem 650, desde las 9, para brindar precisiones sobre las medidas relacionadas con su cartera, en especial los referidos a la entrega de una suma fija para trabajadores.<\/p>\n<p>En tanto, a las 12, hablar\u00e1 la titular de Anses, Fernanda Raverta, para referirse a los refuerzos que recibir\u00e1n los jubilados y pensionados que perciben el haber m\u00ednimo en los meses de septiembre, octubre y noviembre.<\/p>\n<p>A las 15 ser\u00e1 el turno del titular de la AFIP, Carlos Castagneto; el director general de Aduana, Guillermo Michel; y la titular de la Direcci\u00f3n General Impositiva de AFIP, Virginia Garc\u00eda, para brindar precisiones sobres cuestiones impositivas.<\/p>\n<p>Por \u00faltimo, a las 18, la ministra de Desarrollo Social, Victoria Tolosa Paz, explicar\u00e1 en qu\u00e9 consiste el refuerzo extraordinario de la Prestaci\u00f3n Alimentar para septiembre y octubre, y el aumento posterior del 30% en el monto mensual.<\/p>\n<div class=\"jumbotron pt-4 mt-3\">\n<h3 class=\"module-title\">LA CGT EXPRES\u00d3 SU APOYO A LAS MEDIDAS ANUNCIADAS POR MASSA<\/h3>\n<p>La CGT apoy\u00f3 este domingo las medidas anunciadas por el ministro de Econom\u00eda y candidato presidencial de Uni\u00f3n por la Patria (UxP), Sergio Massa, porque van<strong>\u00a0&#8220;en la senda de un Estado presente&#8221; y dan &#8220;una mano a todos aquellos cuya situaci\u00f3n econ\u00f3mica se ha visto da\u00f1ada por este dif\u00edcil contexto&#8221;.<\/strong><\/p>\n<p>El consejo directivo nacional de la central sindical emiti\u00f3 un comunicado titulado &#8220;La CGT acompa\u00f1a las medidas anunciadas por el ministro de Econom\u00eda Sergio Massa&#8221; poco despu\u00e9s de que el funcionario hiciera una serie de anuncios para diversos sectores sociales.<\/p>\n<p>La CGT dijo que<strong>\u00a0&#8220;apoya las medidas anunciadas a lo largo del d\u00eda de hoy por el ministro de Econom\u00eda, Sergio Massa, cuyo objetivo es ayudar y respaldar a trabajadores, pymes, monotributistas, jubilados y sectores de la econom\u00eda social y del agro&#8221;.<\/strong><\/p>\n<p>&#8220;Los anuncios van en la senda de un Estado presente que, a trav\u00e9s de programas de beneficios, cr\u00e9ditos o quita de impuestos, da una mano a todos aquellos cuya situaci\u00f3n econ\u00f3mica se ha visto da\u00f1ada por este dif\u00edcil contexto&#8221;, a\u00f1adi\u00f3.<\/p>\n<p>La central que conducen H\u00e9ctor Daer, Carlos Acu\u00f1a y Pablo Moyano afirm\u00f3 que &#8220;este importante esfuerzo del Gobierno Nacional es una muestra del compromiso con los distintos sectores de nuestro pa\u00eds, cuyo aporte es fundamental para construir la Argentina que queremos&#8221;.<\/p>\n<p>&#8220;Esta CGT ratifica el respaldo al ministro Sergio Massa, cuya decisi\u00f3n de implementar estas pol\u00edticas que fortalecen el salario de los trabajadores y trabajadoras nos permiten vislumbrar otro horizonte para nuestro pa\u00eds, con m\u00e1s trabajo, m\u00e1s producci\u00f3n y m\u00e1s desarrollo&#8221;, enfatiz\u00f3.<\/p>\n<\/div>\n<\/div>\n","protected":false},"excerpt":{"rendered":"<div class=\"post-excerpt\"><p>A trav\u00e9s de una serie de mensajes en redes sociales, el ministro de Econom\u00eda y candidato presidencial se\u00f1al\u00f3 que habr\u00e1\u00a0beneficios, cr\u00e9ditos y quitas de impuestos, entre otras medidas. \u00a0El ministro de Econom\u00eda, Sergio Massa, anunci\u00f3 este domingo un paquete de medidas dentro del Programa de Fortalecimiento de la Actividad Econ\u00f3mica y del Ingreso que incluye<\/p>\n<\/div>","protected":false},"author":2,"featured_media":41846,"comment_status":"closed","ping_status":"closed","sticky":false,"template":"","format":"standard","meta":{"_acf_changed":false,"footnotes":""},"categories":[2],"tags":[],"class_list":["post-41845","post","type-post","status-publish","format-standard","has-post-thumbnail","hentry","category-noticias"],"acf":[],"yoast_head":"<!-- This site is optimized with the Yoast SEO plugin v28.1 - https:\/\/yoast.com\/product\/yoast-seo-wordpress\/ -->\n<title>Massa anunci\u00f3 medidas para beneficiar a pymes, trabajadores, monotributistas y jubilados - Horizonte<\/title>\n<meta name=\"robots\" content=\"index, follow, max-snippet:-1, max-image-preview:large, max-video-preview:-1\" \/>\n<link rel=\"canonical\" href=\"http:\/\/www.radiohorizonte.fm\/radio\/2023\/08\/28\/massa-anuncio-medidas-para-beneficiar-pymes-trabajadores-monotributistas-y-jubilados\/\" \/>\n<meta property=\"og:locale\" content=\"es_ES\" \/>\n<meta property=\"og:type\" content=\"article\" \/>\n<meta property=\"og:title\" content=\"Massa anunci\u00f3 medidas para beneficiar a pymes, trabajadores, monotributistas y jubilados - Horizonte\" \/>\n<meta property=\"og:description\" content=\"A trav\u00e9s de una serie de mensajes en redes sociales, el ministro de Econom\u00eda y candidato presidencial se\u00f1al\u00f3 que habr\u00e1\u00a0beneficios, cr\u00e9ditos y quitas de impuestos, entre otras medidas. \u00a0El ministro de Econom\u00eda, Sergio Massa, anunci\u00f3 este domingo un paquete de medidas dentro del Programa de Fortalecimiento de la Actividad Econ\u00f3mica y del Ingreso que incluye\" \/>\n<meta property=\"og:url\" content=\"http:\/\/www.radiohorizonte.fm\/radio\/2023\/08\/28\/massa-anuncio-medidas-para-beneficiar-pymes-trabajadores-monotributistas-y-jubilados\/\" \/>\n<meta property=\"og:site_name\" content=\"Horizonte\" \/>\n<meta property=\"article:publisher\" content=\"http:\/\/www.facebook.com\/HORIZONTE106.1\" \/>\n<meta property=\"article:published_time\" content=\"2023-08-28T10:17:35+00:00\" \/>\n<meta property=\"og:image\" content=\"http:\/\/www.radiohorizonte.fm\/radio\/wp-content\/uploads\/2023\/08\/64eba3c49dfb4_1200.jpg\" \/>\n\t<meta property=\"og:image:width\" content=\"1200\" \/>\n\t<meta property=\"og:image:height\" content=\"675\" \/>\n\t<meta property=\"og:image:type\" content=\"image\/jpeg\" \/>\n<meta name=\"author\" content=\"Cristian Galarza\" \/>\n<meta name=\"twitter:card\" content=\"summary_large_image\" \/>\n<meta name=\"twitter:creator\" content=\"@fmhorizonte1061\" \/>\n<meta name=\"twitter:site\" content=\"@fmhorizonte1061\" \/>\n<meta name=\"twitter:label1\" content=\"Escrito por\" \/>\n\t<meta name=\"twitter:data1\" content=\"Cristian Galarza\" \/>\n\t<meta name=\"twitter:label2\" content=\"Tiempo de lectura\" \/>\n\t<meta name=\"twitter:data2\" content=\"9 minutos\" \/>\n<script type=\"application\/ld+json\" class=\"yoast-schema-graph\">{\"@context\":\"https:\\\/\\\/schema.org\",\"@graph\":[{\"@type\":\"Article\",\"@id\":\"http:\\\/\\\/www.radiohorizonte.fm\\\/radio\\\/2023\\\/08\\\/28\\\/massa-anuncio-medidas-para-beneficiar-pymes-trabajadores-monotributistas-y-jubilados\\\/#article\",\"isPartOf\":{\"@id\":\"http:\\\/\\\/www.radiohorizonte.fm\\\/radio\\\/2023\\\/08\\\/28\\\/massa-anuncio-medidas-para-beneficiar-pymes-trabajadores-monotributistas-y-jubilados\\\/\"},\"author\":{\"name\":\"Cristian Galarza\",\"@id\":\"http:\\\/\\\/www.radiohorizonte.fm\\\/radio\\\/#\\\/schema\\\/person\\\/f8fa003a405bb86729fd87d15d0ddafa\"},\"headline\":\"Massa anunci\u00f3 medidas para beneficiar a pymes, trabajadores, monotributistas y jubilados\",\"datePublished\":\"2023-08-28T10:17:35+00:00\",\"mainEntityOfPage\":{\"@id\":\"http:\\\/\\\/www.radiohorizonte.fm\\\/radio\\\/2023\\\/08\\\/28\\\/massa-anuncio-medidas-para-beneficiar-pymes-trabajadores-monotributistas-y-jubilados\\\/\"},\"wordCount\":1874,\"publisher\":{\"@id\":\"http:\\\/\\\/www.radiohorizonte.fm\\\/radio\\\/#organization\"},\"image\":{\"@id\":\"http:\\\/\\\/www.radiohorizonte.fm\\\/radio\\\/2023\\\/08\\\/28\\\/massa-anuncio-medidas-para-beneficiar-pymes-trabajadores-monotributistas-y-jubilados\\\/#primaryimage\"},\"thumbnailUrl\":\"http:\\\/\\\/www.radiohorizonte.fm\\\/radio\\\/wp-content\\\/uploads\\\/2023\\\/08\\\/64eba3c49dfb4_1200.jpg\",\"articleSection\":[\"Noticias\"],\"inLanguage\":\"es-AR\"},{\"@type\":\"WebPage\",\"@id\":\"http:\\\/\\\/www.radiohorizonte.fm\\\/radio\\\/2023\\\/08\\\/28\\\/massa-anuncio-medidas-para-beneficiar-pymes-trabajadores-monotributistas-y-jubilados\\\/\",\"url\":\"http:\\\/\\\/www.radiohorizonte.fm\\\/radio\\\/2023\\\/08\\\/28\\\/massa-anuncio-medidas-para-beneficiar-pymes-trabajadores-monotributistas-y-jubilados\\\/\",\"name\":\"Massa anunci\u00f3 medidas para beneficiar a pymes, trabajadores, monotributistas y jubilados - Horizonte\",\"isPartOf\":{\"@id\":\"http:\\\/\\\/www.radiohorizonte.fm\\\/radio\\\/#website\"},\"primaryImageOfPage\":{\"@id\":\"http:\\\/\\\/www.radiohorizonte.fm\\\/radio\\\/2023\\\/08\\\/28\\\/massa-anuncio-medidas-para-beneficiar-pymes-trabajadores-monotributistas-y-jubilados\\\/#primaryimage\"},\"image\":{\"@id\":\"http:\\\/\\\/www.radiohorizonte.fm\\\/radio\\\/2023\\\/08\\\/28\\\/massa-anuncio-medidas-para-beneficiar-pymes-trabajadores-monotributistas-y-jubilados\\\/#primaryimage\"},\"thumbnailUrl\":\"http:\\\/\\\/www.radiohorizonte.fm\\\/radio\\\/wp-content\\\/uploads\\\/2023\\\/08\\\/64eba3c49dfb4_1200.jpg\",\"datePublished\":\"2023-08-28T10:17:35+00:00\",\"breadcrumb\":{\"@id\":\"http:\\\/\\\/www.radiohorizonte.fm\\\/radio\\\/2023\\\/08\\\/28\\\/massa-anuncio-medidas-para-beneficiar-pymes-trabajadores-monotributistas-y-jubilados\\\/#breadcrumb\"},\"inLanguage\":\"es-AR\",\"potentialAction\":[{\"@type\":\"ReadAction\",\"target\":[\"http:\\\/\\\/www.radiohorizonte.fm\\\/radio\\\/2023\\\/08\\\/28\\\/massa-anuncio-medidas-para-beneficiar-pymes-trabajadores-monotributistas-y-jubilados\\\/\"]}]},{\"@type\":\"ImageObject\",\"inLanguage\":\"es-AR\",\"@id\":\"http:\\\/\\\/www.radiohorizonte.fm\\\/radio\\\/2023\\\/08\\\/28\\\/massa-anuncio-medidas-para-beneficiar-pymes-trabajadores-monotributistas-y-jubilados\\\/#primaryimage\",\"url\":\"http:\\\/\\\/www.radiohorizonte.fm\\\/radio\\\/wp-content\\\/uploads\\\/2023\\\/08\\\/64eba3c49dfb4_1200.jpg\",\"contentUrl\":\"http:\\\/\\\/www.radiohorizonte.fm\\\/radio\\\/wp-content\\\/uploads\\\/2023\\\/08\\\/64eba3c49dfb4_1200.jpg\",\"width\":1200,\"height\":675},{\"@type\":\"BreadcrumbList\",\"@id\":\"http:\\\/\\\/www.radiohorizonte.fm\\\/radio\\\/2023\\\/08\\\/28\\\/massa-anuncio-medidas-para-beneficiar-pymes-trabajadores-monotributistas-y-jubilados\\\/#breadcrumb\",\"itemListElement\":[{\"@type\":\"ListItem\",\"position\":1,\"name\":\"Home\",\"item\":\"http:\\\/\\\/www.radiohorizonte.fm\\\/radio\\\/\"},{\"@type\":\"ListItem\",\"position\":2,\"name\":\"Massa anunci\u00f3 medidas para beneficiar a pymes, trabajadores, monotributistas y jubilados\"}]},{\"@type\":\"WebSite\",\"@id\":\"http:\\\/\\\/www.radiohorizonte.fm\\\/radio\\\/#website\",\"url\":\"http:\\\/\\\/www.radiohorizonte.fm\\\/radio\\\/\",\"name\":\"Horizonte\",\"description\":\"Radio Horizonte 106.1 - Una radio de clasicos\",\"publisher\":{\"@id\":\"http:\\\/\\\/www.radiohorizonte.fm\\\/radio\\\/#organization\"},\"potentialAction\":[{\"@type\":\"SearchAction\",\"target\":{\"@type\":\"EntryPoint\",\"urlTemplate\":\"http:\\\/\\\/www.radiohorizonte.fm\\\/radio\\\/?s={search_term_string}\"},\"query-input\":{\"@type\":\"PropertyValueSpecification\",\"valueRequired\":true,\"valueName\":\"search_term_string\"}}],\"inLanguage\":\"es-AR\"},{\"@type\":\"Organization\",\"@id\":\"http:\\\/\\\/www.radiohorizonte.fm\\\/radio\\\/#organization\",\"name\":\"Horizonte\",\"url\":\"http:\\\/\\\/www.radiohorizonte.fm\\\/radio\\\/\",\"logo\":{\"@type\":\"ImageObject\",\"inLanguage\":\"es-AR\",\"@id\":\"http:\\\/\\\/www.radiohorizonte.fm\\\/radio\\\/#\\\/schema\\\/logo\\\/image\\\/\",\"url\":\"http:\\\/\\\/www.radiohorizonte.fm\\\/radio\\\/wp-content\\\/uploads\\\/2025\\\/06\\\/Portada-FM-Horizonte_modelo-imagen-scaled.jpg\",\"contentUrl\":\"http:\\\/\\\/www.radiohorizonte.fm\\\/radio\\\/wp-content\\\/uploads\\\/2025\\\/06\\\/Portada-FM-Horizonte_modelo-imagen-scaled.jpg\",\"width\":2560,\"height\":1056,\"caption\":\"Horizonte\"},\"image\":{\"@id\":\"http:\\\/\\\/www.radiohorizonte.fm\\\/radio\\\/#\\\/schema\\\/logo\\\/image\\\/\"},\"sameAs\":[\"http:\\\/\\\/www.facebook.com\\\/HORIZONTE106.1\",\"https:\\\/\\\/x.com\\\/fmhorizonte1061\"]},{\"@type\":\"Person\",\"@id\":\"http:\\\/\\\/www.radiohorizonte.fm\\\/radio\\\/#\\\/schema\\\/person\\\/f8fa003a405bb86729fd87d15d0ddafa\",\"name\":\"Cristian Galarza\",\"image\":{\"@type\":\"ImageObject\",\"inLanguage\":\"es-AR\",\"@id\":\"https:\\\/\\\/secure.gravatar.com\\\/avatar\\\/fad34bc2c773209c05d7d53b08a69b680eeb55f3be014e52b31643d20ab65925?s=96&d=mm&r=g\",\"url\":\"https:\\\/\\\/secure.gravatar.com\\\/avatar\\\/fad34bc2c773209c05d7d53b08a69b680eeb55f3be014e52b31643d20ab65925?s=96&d=mm&r=g\",\"contentUrl\":\"https:\\\/\\\/secure.gravatar.com\\\/avatar\\\/fad34bc2c773209c05d7d53b08a69b680eeb55f3be014e52b31643d20ab65925?s=96&d=mm&r=g\",\"caption\":\"Cristian Galarza\"},\"url\":\"http:\\\/\\\/www.radiohorizonte.fm\\\/radio\\\/author\\\/cristian\\\/\"}]}<\/script>\n<!-- \/ Yoast SEO plugin. -->","yoast_head_json":{"title":"Massa anunci\u00f3 medidas para beneficiar a pymes, trabajadores, monotributistas y jubilados - Horizonte","robots":{"index":"index","follow":"follow","max-snippet":"max-snippet:-1","max-image-preview":"max-image-preview:large","max-video-preview":"max-video-preview:-1"},"canonical":"http:\/\/www.radiohorizonte.fm\/radio\/2023\/08\/28\/massa-anuncio-medidas-para-beneficiar-pymes-trabajadores-monotributistas-y-jubilados\/","og_locale":"es_ES","og_type":"article","og_title":"Massa anunci\u00f3 medidas para beneficiar a pymes, trabajadores, monotributistas y jubilados - Horizonte","og_description":"A trav\u00e9s de una serie de mensajes en redes sociales, el ministro de Econom\u00eda y candidato presidencial se\u00f1al\u00f3 que habr\u00e1\u00a0beneficios, cr\u00e9ditos y quitas de impuestos, entre otras medidas. \u00a0El ministro de Econom\u00eda, Sergio Massa, anunci\u00f3 este domingo un paquete de medidas dentro del Programa de Fortalecimiento de la Actividad Econ\u00f3mica y del Ingreso que incluye","og_url":"http:\/\/www.radiohorizonte.fm\/radio\/2023\/08\/28\/massa-anuncio-medidas-para-beneficiar-pymes-trabajadores-monotributistas-y-jubilados\/","og_site_name":"Horizonte","article_publisher":"http:\/\/www.facebook.com\/HORIZONTE106.1","article_published_time":"2023-08-28T10:17:35+00:00","og_image":[{"width":1200,"height":675,"url":"http:\/\/www.radiohorizonte.fm\/radio\/wp-content\/uploads\/2023\/08\/64eba3c49dfb4_1200.jpg","type":"image\/jpeg"}],"author":"Cristian Galarza","twitter_card":"summary_large_image","twitter_creator":"@fmhorizonte1061","twitter_site":"@fmhorizonte1061","twitter_misc":{"Escrito por":"Cristian Galarza","Tiempo de lectura":"9 minutos"},"schema":{"@context":"https:\/\/schema.org","@graph":[{"@type":"Article","@id":"http:\/\/www.radiohorizonte.fm\/radio\/2023\/08\/28\/massa-anuncio-medidas-para-beneficiar-pymes-trabajadores-monotributistas-y-jubilados\/#article","isPartOf":{"@id":"http:\/\/www.radiohorizonte.fm\/radio\/2023\/08\/28\/massa-anuncio-medidas-para-beneficiar-pymes-trabajadores-monotributistas-y-jubilados\/"},"author":{"name":"Cristian Galarza","@id":"http:\/\/www.radiohorizonte.fm\/radio\/#\/schema\/person\/f8fa003a405bb86729fd87d15d0ddafa"},"headline":"Massa anunci\u00f3 medidas para beneficiar a pymes, trabajadores, monotributistas y jubilados","datePublished":"2023-08-28T10:17:35+00:00","mainEntityOfPage":{"@id":"http:\/\/www.radiohorizonte.fm\/radio\/2023\/08\/28\/massa-anuncio-medidas-para-beneficiar-pymes-trabajadores-monotributistas-y-jubilados\/"},"wordCount":1874,"publisher":{"@id":"http:\/\/www.radiohorizonte.fm\/radio\/#organization"},"image":{"@id":"http:\/\/www.radiohorizonte.fm\/radio\/2023\/08\/28\/massa-anuncio-medidas-para-beneficiar-pymes-trabajadores-monotributistas-y-jubilados\/#primaryimage"},"thumbnailUrl":"http:\/\/www.radiohorizonte.fm\/radio\/wp-content\/uploads\/2023\/08\/64eba3c49dfb4_1200.jpg","articleSection":["Noticias"],"inLanguage":"es-AR"},{"@type":"WebPage","@id":"http:\/\/www.radiohorizonte.fm\/radio\/2023\/08\/28\/massa-anuncio-medidas-para-beneficiar-pymes-trabajadores-monotributistas-y-jubilados\/","url":"http:\/\/www.radiohorizonte.fm\/radio\/2023\/08\/28\/massa-anuncio-medidas-para-beneficiar-pymes-trabajadores-monotributistas-y-jubilados\/","name":"Massa anunci\u00f3 medidas para beneficiar a pymes, trabajadores, monotributistas y jubilados - Horizonte","isPartOf":{"@id":"http:\/\/www.radiohorizonte.fm\/radio\/#website"},"primaryImageOfPage":{"@id":"http:\/\/www.radiohorizonte.fm\/radio\/2023\/08\/28\/massa-anuncio-medidas-para-beneficiar-pymes-trabajadores-monotributistas-y-jubilados\/#primaryimage"},"image":{"@id":"http:\/\/www.radiohorizonte.fm\/radio\/2023\/08\/28\/massa-anuncio-medidas-para-beneficiar-pymes-trabajadores-monotributistas-y-jubilados\/#primaryimage"},"thumbnailUrl":"http:\/\/www.radiohorizonte.fm\/radio\/wp-content\/uploads\/2023\/08\/64eba3c49dfb4_1200.jpg","datePublished":"2023-08-28T10:17:35+00:00","breadcrumb":{"@id":"http:\/\/www.radiohorizonte.fm\/radio\/2023\/08\/28\/massa-anuncio-medidas-para-beneficiar-pymes-trabajadores-monotributistas-y-jubilados\/#breadcrumb"},"inLanguage":"es-AR","potentialAction":[{"@type":"ReadAction","target":["http:\/\/www.radiohorizonte.fm\/radio\/2023\/08\/28\/massa-anuncio-medidas-para-beneficiar-pymes-trabajadores-monotributistas-y-jubilados\/"]}]},{"@type":"ImageObject","inLanguage":"es-AR","@id":"http:\/\/www.radiohorizonte.fm\/radio\/2023\/08\/28\/massa-anuncio-medidas-para-beneficiar-pymes-trabajadores-monotributistas-y-jubilados\/#primaryimage","url":"http:\/\/www.radiohorizonte.fm\/radio\/wp-content\/uploads\/2023\/08\/64eba3c49dfb4_1200.jpg","contentUrl":"http:\/\/www.radiohorizonte.fm\/radio\/wp-content\/uploads\/2023\/08\/64eba3c49dfb4_1200.jpg","width":1200,"height":675},{"@type":"BreadcrumbList","@id":"http:\/\/www.radiohorizonte.fm\/radio\/2023\/08\/28\/massa-anuncio-medidas-para-beneficiar-pymes-trabajadores-monotributistas-y-jubilados\/#breadcrumb","itemListElement":[{"@type":"ListItem","position":1,"name":"Home","item":"http:\/\/www.radiohorizonte.fm\/radio\/"},{"@type":"ListItem","position":2,"name":"Massa anunci\u00f3 medidas para beneficiar a pymes, trabajadores, monotributistas y jubilados"}]},{"@type":"WebSite","@id":"http:\/\/www.radiohorizonte.fm\/radio\/#website","url":"http:\/\/www.radiohorizonte.fm\/radio\/","name":"Horizonte","description":"Radio Horizonte 106.1 - Una radio de clasicos","publisher":{"@id":"http:\/\/www.radiohorizonte.fm\/radio\/#organization"},"potentialAction":[{"@type":"SearchAction","target":{"@type":"EntryPoint","urlTemplate":"http:\/\/www.radiohorizonte.fm\/radio\/?s={search_term_string}"},"query-input":{"@type":"PropertyValueSpecification","valueRequired":true,"valueName":"search_term_string"}}],"inLanguage":"es-AR"},{"@type":"Organization","@id":"http:\/\/www.radiohorizonte.fm\/radio\/#organization","name":"Horizonte","url":"http:\/\/www.radiohorizonte.fm\/radio\/","logo":{"@type":"ImageObject","inLanguage":"es-AR","@id":"http:\/\/www.radiohorizonte.fm\/radio\/#\/schema\/logo\/image\/","url":"http:\/\/www.radiohorizonte.fm\/radio\/wp-content\/uploads\/2025\/06\/Portada-FM-Horizonte_modelo-imagen-scaled.jpg","contentUrl":"http:\/\/www.radiohorizonte.fm\/radio\/wp-content\/uploads\/2025\/06\/Portada-FM-Horizonte_modelo-imagen-scaled.jpg","width":2560,"height":1056,"caption":"Horizonte"},"image":{"@id":"http:\/\/www.radiohorizonte.fm\/radio\/#\/schema\/logo\/image\/"},"sameAs":["http:\/\/www.facebook.com\/HORIZONTE106.1","https:\/\/x.com\/fmhorizonte1061"]},{"@type":"Person","@id":"http:\/\/www.radiohorizonte.fm\/radio\/#\/schema\/person\/f8fa003a405bb86729fd87d15d0ddafa","name":"Cristian Galarza","image":{"@type":"ImageObject","inLanguage":"es-AR","@id":"https:\/\/secure.gravatar.com\/avatar\/fad34bc2c773209c05d7d53b08a69b680eeb55f3be014e52b31643d20ab65925?s=96&d=mm&r=g","url":"https:\/\/secure.gravatar.com\/avatar\/fad34bc2c773209c05d7d53b08a69b680eeb55f3be014e52b31643d20ab65925?s=96&d=mm&r=g","contentUrl":"https:\/\/secure.gravatar.com\/avatar\/fad34bc2c773209c05d7d53b08a69b680eeb55f3be014e52b31643d20ab65925?s=96&d=mm&r=g","caption":"Cristian Galarza"},"url":"http:\/\/www.radiohorizonte.fm\/radio\/author\/cristian\/"}]}},"_links":{"self":[{"href":"http:\/\/www.radiohorizonte.fm\/radio\/wp-json\/wp\/v2\/posts\/41845","targetHints":{"allow":["GET"]}}],"collection":[{"href":"http:\/\/www.radiohorizonte.fm\/radio\/wp-json\/wp\/v2\/posts"}],"about":[{"href":"http:\/\/www.radiohorizonte.fm\/radio\/wp-json\/wp\/v2\/types\/post"}],"author":[{"embeddable":true,"href":"http:\/\/www.radiohorizonte.fm\/radio\/wp-json\/wp\/v2\/users\/2"}],"replies":[{"embeddable":true,"href":"http:\/\/www.radiohorizonte.fm\/radio\/wp-json\/wp\/v2\/comments?post=41845"}],"version-history":[{"count":1,"href":"http:\/\/www.radiohorizonte.fm\/radio\/wp-json\/wp\/v2\/posts\/41845\/revisions"}],"predecessor-version":[{"id":41847,"href":"http:\/\/www.radiohorizonte.fm\/radio\/wp-json\/wp\/v2\/posts\/41845\/revisions\/41847"}],"wp:featuredmedia":[{"embeddable":true,"href":"http:\/\/www.radiohorizonte.fm\/radio\/wp-json\/wp\/v2\/media\/41846"}],"wp:attachment":[{"href":"http:\/\/www.radiohorizonte.fm\/radio\/wp-json\/wp\/v2\/media?parent=41845"}],"wp:term":[{"taxonomy":"category","embeddable":true,"href":"http:\/\/www.radiohorizonte.fm\/radio\/wp-json\/wp\/v2\/categories?post=41845"},{"taxonomy":"post_tag","embeddable":true,"href":"http:\/\/www.radiohorizonte.fm\/radio\/wp-json\/wp\/v2\/tags?post=41845"}],"curies":[{"name":"wp","href":"https:\/\/api.w.org\/{rel}","templated":true}]}}