{"id":41852,"date":"2023-08-29T07:13:22","date_gmt":"2023-08-29T10:13:22","guid":{"rendered":"http:\/\/www.radiohorizonte.fm\/radio\/?p=41852"},"modified":"2023-08-29T07:13:22","modified_gmt":"2023-08-29T10:13:22","slug":"reintegro-de-hasta-18-000-en-compras-con-debito-quienes-corresponde-y-como-acceder","status":"publish","type":"post","link":"http:\/\/www.radiohorizonte.fm\/radio\/2023\/08\/29\/reintegro-de-hasta-18-000-en-compras-con-debito-quienes-corresponde-y-como-acceder\/","title":{"rendered":"Reintegro de hasta $18.000 en compras con d\u00e9bito: a qui\u00e9nes corresponde y c\u00f3mo acceder"},"content":{"rendered":"<div class=\"wrapper-header\">\n<div class=\"container-xl\">\n<div class=\"row\">\n<div class=\"col-12\">\n<div class=\"head-content mb-4\">\n<p class=\"speak\">El beneficio est\u00e1 destinado a jubilados y pensionados -por fallecimiento o por pensi\u00f3n no contributiva- que reciben hasta 3 haberes m\u00ednimos.\u00a0 Se consigue pagando\u00a0con la tarjeta asociada a la cuenta en la que el titular cobra su haber o asignaci\u00f3n.<\/p>\n<p><img loading=\"lazy\" decoding=\"async\" class=\"alignnone size-full wp-image-41853\" src=\"http:\/\/www.radiohorizonte.fm\/radio\/wp-content\/uploads\/2023\/08\/5fa4603e99b46_1200.jpg\" alt=\"\" width=\"1004\" height=\"565\" srcset=\"http:\/\/www.radiohorizonte.fm\/radio\/wp-content\/uploads\/2023\/08\/5fa4603e99b46_1200.jpg 1004w, http:\/\/www.radiohorizonte.fm\/radio\/wp-content\/uploads\/2023\/08\/5fa4603e99b46_1200-300x169.jpg 300w, http:\/\/www.radiohorizonte.fm\/radio\/wp-content\/uploads\/2023\/08\/5fa4603e99b46_1200-768x432.jpg 768w, http:\/\/www.radiohorizonte.fm\/radio\/wp-content\/uploads\/2023\/08\/5fa4603e99b46_1200-65x37.jpg 65w, http:\/\/www.radiohorizonte.fm\/radio\/wp-content\/uploads\/2023\/08\/5fa4603e99b46_1200-320x180.jpg 320w, http:\/\/www.radiohorizonte.fm\/radio\/wp-content\/uploads\/2023\/08\/5fa4603e99b46_1200-85x48.jpg 85w, http:\/\/www.radiohorizonte.fm\/radio\/wp-content\/uploads\/2023\/08\/5fa4603e99b46_1200-220x125.jpg 220w, http:\/\/www.radiohorizonte.fm\/radio\/wp-content\/uploads\/2023\/08\/5fa4603e99b46_1200-90x51.jpg 90w\" sizes=\"auto, (max-width: 1004px) 100vw, 1004px\" \/><\/p>\n<\/div>\n<\/div>\n<\/div>\n<\/div>\n<\/div>\n<div class=\"wrapper-editable-content\">\u00a0La directora ejecutiva de la Anses, Fernanda Raverta, confirm\u00f3 este lunes que<a href=\"https:\/\/www.telam.com.ar\/notas\/202308\/638395-acceso-creditos-tasa-subsidiada.html\" target=\"_blank\" rel=\"noopener\">\u00a0s<\/a><strong>e cuadruplicar\u00e1 el monto de la devoluci\u00f3n del 15% en las compras realizadas con la tarjeta de d\u00e9bito, que pasar\u00e1 de $4.056 a $18.000\u00a0<\/strong>por mes, como parte del Programa de Fortalecimiento del Ingreso de las Familias Argentinas para compensar la p\u00e9rdida de poder adquisitivo de los salarios.<\/p>\n<p><strong>El reintegro est\u00e1 destinado a jubilados y pensionados -por fallecimiento o por pensi\u00f3n no contributiva- que reciben hasta 3 haberes m\u00ednimos<\/strong>, una modificaci\u00f3n respecto del formato de reintegro previo, que \u00fanicamente inclu\u00eda a quienes percib\u00edan el monto m\u00e1s bajo, seg\u00fan\u00a0detall\u00f3 el titular de AFIP,\u00a0Carlos Castagneto.<\/p>\n<p>Tambi\u00e9n se incluye en el acceso al reintegro a los titulares de Asignaci\u00f3n Universal por Hijo y de Asignaci\u00f3n por Embarazo para Protecci\u00f3n Social.<\/p>\n<p><strong>El reintegro consiste en la devoluci\u00f3n del 15% sobre el total de las compras en farmacias, comercios y mayoristas, con un monto m\u00e1ximo mensual de hasta $ 18.000.<\/strong><\/p>\n<p>Esto quiere decir que por compras por hasta $ 120.000 en cualquier rubro al mes recibir\u00e1n el 15% de descuento.<\/p>\n<p>Para acceder<strong>\u00a0alcanza solo con pagar con la tarjeta de d\u00e9bito asociada a la cuenta en la el titular cobra su haber o asignaci\u00f3n.<\/strong><\/p>\n<p>El dinero se reintegrar\u00e1 en la cuenta de forma autom\u00e1tica en la misma cuenta bancaria, dentro de las 24 a 48 horas de efectuada.<\/p>\n<p>&#8220;Hasta ahora hab\u00eda una devoluci\u00f3n del IVA por el consumo con tarjeta de d\u00e9bito que era de 4.000, y ahora va a ser hasta 18.000 pesos. De esta manera ampliamos y protegemos tambi\u00e9n el bolsillo de los jubilados y de las jubiladas&#8221;, afirm\u00f3 Raverta esta tarde.<\/p>\n<p>En caso de la compra se realice los d\u00edas lunes y el comercio est\u00e1 adherido a Beneficios ANSES, tambi\u00e9n se recibir\u00e1 una devoluci\u00f3n del 10% que brinda este programa, que tiene un tope de devoluci\u00f3n es de hasta $1.000 por cada compra, aunque sin l\u00edmites en la cantidad de operaciones.<\/p>\n<p>Para conocer los comercios adheridos a Beneficios Anses se puede ingresar al siguiente\u00a0<a href=\"http:\/\/www.anses.gob.ar\/anses-comercios\" target=\"_blank\" rel=\"noopener\">link<\/a>.<\/div>\n","protected":false},"excerpt":{"rendered":"<div class=\"post-excerpt\"><p>El beneficio est\u00e1 destinado a jubilados y pensionados -por fallecimiento o por pensi\u00f3n no contributiva- que reciben hasta 3 haberes m\u00ednimos.\u00a0 Se consigue pagando\u00a0con la tarjeta asociada a la cuenta en la que el titular cobra su haber o asignaci\u00f3n. \u00a0La directora ejecutiva de la Anses, Fernanda Raverta, confirm\u00f3 este lunes que\u00a0se cuadruplicar\u00e1 el monto<\/p>\n<\/div>","protected":false},"author":2,"featured_media":41853,"comment_status":"closed","ping_status":"closed","sticky":false,"template":"","format":"standard","meta":{"_acf_changed":false,"footnotes":""},"categories":[2],"tags":[],"class_list":["post-41852","post","type-post","status-publish","format-standard","has-post-thumbnail","hentry","category-noticias"],"acf":[],"yoast_head":"<!-- This site is optimized with the Yoast SEO plugin v28.1 - https:\/\/yoast.com\/product\/yoast-seo-wordpress\/ -->\n<title>Reintegro de hasta $18.000 en compras con d\u00e9bito: a qui\u00e9nes corresponde y c\u00f3mo acceder - Horizonte<\/title>\n<meta name=\"robots\" content=\"index, follow, max-snippet:-1, max-image-preview:large, max-video-preview:-1\" \/>\n<link rel=\"canonical\" href=\"http:\/\/www.radiohorizonte.fm\/radio\/2023\/08\/29\/reintegro-de-hasta-18-000-en-compras-con-debito-quienes-corresponde-y-como-acceder\/\" \/>\n<meta property=\"og:locale\" content=\"es_ES\" \/>\n<meta property=\"og:type\" content=\"article\" \/>\n<meta property=\"og:title\" content=\"Reintegro de hasta $18.000 en compras con d\u00e9bito: a qui\u00e9nes corresponde y c\u00f3mo acceder - Horizonte\" \/>\n<meta property=\"og:description\" content=\"El beneficio est\u00e1 destinado a jubilados y pensionados -por fallecimiento o por pensi\u00f3n no contributiva- que reciben hasta 3 haberes m\u00ednimos.\u00a0 Se consigue pagando\u00a0con la tarjeta asociada a la cuenta en la que el titular cobra su haber o asignaci\u00f3n. \u00a0La directora ejecutiva de la Anses, Fernanda Raverta, confirm\u00f3 este lunes que\u00a0se cuadruplicar\u00e1 el monto\" \/>\n<meta property=\"og:url\" content=\"http:\/\/www.radiohorizonte.fm\/radio\/2023\/08\/29\/reintegro-de-hasta-18-000-en-compras-con-debito-quienes-corresponde-y-como-acceder\/\" \/>\n<meta property=\"og:site_name\" content=\"Horizonte\" \/>\n<meta property=\"article:publisher\" content=\"http:\/\/www.facebook.com\/HORIZONTE106.1\" \/>\n<meta property=\"article:published_time\" content=\"2023-08-29T10:13:22+00:00\" \/>\n<meta property=\"og:image\" content=\"http:\/\/www.radiohorizonte.fm\/radio\/wp-content\/uploads\/2023\/08\/5fa4603e99b46_1200.jpg\" \/>\n\t<meta property=\"og:image:width\" content=\"1004\" \/>\n\t<meta property=\"og:image:height\" content=\"565\" \/>\n\t<meta property=\"og:image:type\" content=\"image\/jpeg\" \/>\n<meta name=\"author\" content=\"Cristian Galarza\" \/>\n<meta name=\"twitter:card\" content=\"summary_large_image\" \/>\n<meta name=\"twitter:creator\" content=\"@fmhorizonte1061\" \/>\n<meta name=\"twitter:site\" content=\"@fmhorizonte1061\" \/>\n<meta name=\"twitter:label1\" content=\"Escrito por\" \/>\n\t<meta name=\"twitter:data1\" content=\"Cristian Galarza\" \/>\n\t<meta name=\"twitter:label2\" content=\"Tiempo de lectura\" \/>\n\t<meta name=\"twitter:data2\" content=\"2 minutos\" \/>\n<script type=\"application\/ld+json\" class=\"yoast-schema-graph\">{\"@context\":\"https:\\\/\\\/schema.org\",\"@graph\":[{\"@type\":\"Article\",\"@id\":\"http:\\\/\\\/www.radiohorizonte.fm\\\/radio\\\/2023\\\/08\\\/29\\\/reintegro-de-hasta-18-000-en-compras-con-debito-quienes-corresponde-y-como-acceder\\\/#article\",\"isPartOf\":{\"@id\":\"http:\\\/\\\/www.radiohorizonte.fm\\\/radio\\\/2023\\\/08\\\/29\\\/reintegro-de-hasta-18-000-en-compras-con-debito-quienes-corresponde-y-como-acceder\\\/\"},\"author\":{\"name\":\"Cristian Galarza\",\"@id\":\"http:\\\/\\\/www.radiohorizonte.fm\\\/radio\\\/#\\\/schema\\\/person\\\/f8fa003a405bb86729fd87d15d0ddafa\"},\"headline\":\"Reintegro de hasta $18.000 en compras con d\u00e9bito: a qui\u00e9nes corresponde y c\u00f3mo acceder\",\"datePublished\":\"2023-08-29T10:13:22+00:00\",\"mainEntityOfPage\":{\"@id\":\"http:\\\/\\\/www.radiohorizonte.fm\\\/radio\\\/2023\\\/08\\\/29\\\/reintegro-de-hasta-18-000-en-compras-con-debito-quienes-corresponde-y-como-acceder\\\/\"},\"wordCount\":410,\"publisher\":{\"@id\":\"http:\\\/\\\/www.radiohorizonte.fm\\\/radio\\\/#organization\"},\"image\":{\"@id\":\"http:\\\/\\\/www.radiohorizonte.fm\\\/radio\\\/2023\\\/08\\\/29\\\/reintegro-de-hasta-18-000-en-compras-con-debito-quienes-corresponde-y-como-acceder\\\/#primaryimage\"},\"thumbnailUrl\":\"http:\\\/\\\/www.radiohorizonte.fm\\\/radio\\\/wp-content\\\/uploads\\\/2023\\\/08\\\/5fa4603e99b46_1200.jpg\",\"articleSection\":[\"Noticias\"],\"inLanguage\":\"es-AR\"},{\"@type\":\"WebPage\",\"@id\":\"http:\\\/\\\/www.radiohorizonte.fm\\\/radio\\\/2023\\\/08\\\/29\\\/reintegro-de-hasta-18-000-en-compras-con-debito-quienes-corresponde-y-como-acceder\\\/\",\"url\":\"http:\\\/\\\/www.radiohorizonte.fm\\\/radio\\\/2023\\\/08\\\/29\\\/reintegro-de-hasta-18-000-en-compras-con-debito-quienes-corresponde-y-como-acceder\\\/\",\"name\":\"Reintegro de hasta $18.000 en compras con d\u00e9bito: a qui\u00e9nes corresponde y c\u00f3mo acceder - Horizonte\",\"isPartOf\":{\"@id\":\"http:\\\/\\\/www.radiohorizonte.fm\\\/radio\\\/#website\"},\"primaryImageOfPage\":{\"@id\":\"http:\\\/\\\/www.radiohorizonte.fm\\\/radio\\\/2023\\\/08\\\/29\\\/reintegro-de-hasta-18-000-en-compras-con-debito-quienes-corresponde-y-como-acceder\\\/#primaryimage\"},\"image\":{\"@id\":\"http:\\\/\\\/www.radiohorizonte.fm\\\/radio\\\/2023\\\/08\\\/29\\\/reintegro-de-hasta-18-000-en-compras-con-debito-quienes-corresponde-y-como-acceder\\\/#primaryimage\"},\"thumbnailUrl\":\"http:\\\/\\\/www.radiohorizonte.fm\\\/radio\\\/wp-content\\\/uploads\\\/2023\\\/08\\\/5fa4603e99b46_1200.jpg\",\"datePublished\":\"2023-08-29T10:13:22+00:00\",\"breadcrumb\":{\"@id\":\"http:\\\/\\\/www.radiohorizonte.fm\\\/radio\\\/2023\\\/08\\\/29\\\/reintegro-de-hasta-18-000-en-compras-con-debito-quienes-corresponde-y-como-acceder\\\/#breadcrumb\"},\"inLanguage\":\"es-AR\",\"potentialAction\":[{\"@type\":\"ReadAction\",\"target\":[\"http:\\\/\\\/www.radiohorizonte.fm\\\/radio\\\/2023\\\/08\\\/29\\\/reintegro-de-hasta-18-000-en-compras-con-debito-quienes-corresponde-y-como-acceder\\\/\"]}]},{\"@type\":\"ImageObject\",\"inLanguage\":\"es-AR\",\"@id\":\"http:\\\/\\\/www.radiohorizonte.fm\\\/radio\\\/2023\\\/08\\\/29\\\/reintegro-de-hasta-18-000-en-compras-con-debito-quienes-corresponde-y-como-acceder\\\/#primaryimage\",\"url\":\"http:\\\/\\\/www.radiohorizonte.fm\\\/radio\\\/wp-content\\\/uploads\\\/2023\\\/08\\\/5fa4603e99b46_1200.jpg\",\"contentUrl\":\"http:\\\/\\\/www.radiohorizonte.fm\\\/radio\\\/wp-content\\\/uploads\\\/2023\\\/08\\\/5fa4603e99b46_1200.jpg\",\"width\":1004,\"height\":565},{\"@type\":\"BreadcrumbList\",\"@id\":\"http:\\\/\\\/www.radiohorizonte.fm\\\/radio\\\/2023\\\/08\\\/29\\\/reintegro-de-hasta-18-000-en-compras-con-debito-quienes-corresponde-y-como-acceder\\\/#breadcrumb\",\"itemListElement\":[{\"@type\":\"ListItem\",\"position\":1,\"name\":\"Home\",\"item\":\"http:\\\/\\\/www.radiohorizonte.fm\\\/radio\\\/\"},{\"@type\":\"ListItem\",\"position\":2,\"name\":\"Reintegro de hasta $18.000 en compras con d\u00e9bito: a qui\u00e9nes corresponde y c\u00f3mo acceder\"}]},{\"@type\":\"WebSite\",\"@id\":\"http:\\\/\\\/www.radiohorizonte.fm\\\/radio\\\/#website\",\"url\":\"http:\\\/\\\/www.radiohorizonte.fm\\\/radio\\\/\",\"name\":\"Horizonte\",\"description\":\"Radio Horizonte 106.1 - Una radio de clasicos\",\"publisher\":{\"@id\":\"http:\\\/\\\/www.radiohorizonte.fm\\\/radio\\\/#organization\"},\"potentialAction\":[{\"@type\":\"SearchAction\",\"target\":{\"@type\":\"EntryPoint\",\"urlTemplate\":\"http:\\\/\\\/www.radiohorizonte.fm\\\/radio\\\/?s={search_term_string}\"},\"query-input\":{\"@type\":\"PropertyValueSpecification\",\"valueRequired\":true,\"valueName\":\"search_term_string\"}}],\"inLanguage\":\"es-AR\"},{\"@type\":\"Organization\",\"@id\":\"http:\\\/\\\/www.radiohorizonte.fm\\\/radio\\\/#organization\",\"name\":\"Horizonte\",\"url\":\"http:\\\/\\\/www.radiohorizonte.fm\\\/radio\\\/\",\"logo\":{\"@type\":\"ImageObject\",\"inLanguage\":\"es-AR\",\"@id\":\"http:\\\/\\\/www.radiohorizonte.fm\\\/radio\\\/#\\\/schema\\\/logo\\\/image\\\/\",\"url\":\"http:\\\/\\\/www.radiohorizonte.fm\\\/radio\\\/wp-content\\\/uploads\\\/2025\\\/06\\\/Portada-FM-Horizonte_modelo-imagen-scaled.jpg\",\"contentUrl\":\"http:\\\/\\\/www.radiohorizonte.fm\\\/radio\\\/wp-content\\\/uploads\\\/2025\\\/06\\\/Portada-FM-Horizonte_modelo-imagen-scaled.jpg\",\"width\":2560,\"height\":1056,\"caption\":\"Horizonte\"},\"image\":{\"@id\":\"http:\\\/\\\/www.radiohorizonte.fm\\\/radio\\\/#\\\/schema\\\/logo\\\/image\\\/\"},\"sameAs\":[\"http:\\\/\\\/www.facebook.com\\\/HORIZONTE106.1\",\"https:\\\/\\\/x.com\\\/fmhorizonte1061\"]},{\"@type\":\"Person\",\"@id\":\"http:\\\/\\\/www.radiohorizonte.fm\\\/radio\\\/#\\\/schema\\\/person\\\/f8fa003a405bb86729fd87d15d0ddafa\",\"name\":\"Cristian Galarza\",\"image\":{\"@type\":\"ImageObject\",\"inLanguage\":\"es-AR\",\"@id\":\"https:\\\/\\\/secure.gravatar.com\\\/avatar\\\/fad34bc2c773209c05d7d53b08a69b680eeb55f3be014e52b31643d20ab65925?s=96&d=mm&r=g\",\"url\":\"https:\\\/\\\/secure.gravatar.com\\\/avatar\\\/fad34bc2c773209c05d7d53b08a69b680eeb55f3be014e52b31643d20ab65925?s=96&d=mm&r=g\",\"contentUrl\":\"https:\\\/\\\/secure.gravatar.com\\\/avatar\\\/fad34bc2c773209c05d7d53b08a69b680eeb55f3be014e52b31643d20ab65925?s=96&d=mm&r=g\",\"caption\":\"Cristian Galarza\"},\"url\":\"http:\\\/\\\/www.radiohorizonte.fm\\\/radio\\\/author\\\/cristian\\\/\"}]}<\/script>\n<!-- \/ Yoast SEO plugin. -->","yoast_head_json":{"title":"Reintegro de hasta $18.000 en compras con d\u00e9bito: a qui\u00e9nes corresponde y c\u00f3mo acceder - Horizonte","robots":{"index":"index","follow":"follow","max-snippet":"max-snippet:-1","max-image-preview":"max-image-preview:large","max-video-preview":"max-video-preview:-1"},"canonical":"http:\/\/www.radiohorizonte.fm\/radio\/2023\/08\/29\/reintegro-de-hasta-18-000-en-compras-con-debito-quienes-corresponde-y-como-acceder\/","og_locale":"es_ES","og_type":"article","og_title":"Reintegro de hasta $18.000 en compras con d\u00e9bito: a qui\u00e9nes corresponde y c\u00f3mo acceder - Horizonte","og_description":"El beneficio est\u00e1 destinado a jubilados y pensionados -por fallecimiento o por pensi\u00f3n no contributiva- que reciben hasta 3 haberes m\u00ednimos.\u00a0 Se consigue pagando\u00a0con la tarjeta asociada a la cuenta en la que el titular cobra su haber o asignaci\u00f3n. \u00a0La directora ejecutiva de la Anses, Fernanda Raverta, confirm\u00f3 este lunes que\u00a0se cuadruplicar\u00e1 el monto","og_url":"http:\/\/www.radiohorizonte.fm\/radio\/2023\/08\/29\/reintegro-de-hasta-18-000-en-compras-con-debito-quienes-corresponde-y-como-acceder\/","og_site_name":"Horizonte","article_publisher":"http:\/\/www.facebook.com\/HORIZONTE106.1","article_published_time":"2023-08-29T10:13:22+00:00","og_image":[{"width":1004,"height":565,"url":"http:\/\/www.radiohorizonte.fm\/radio\/wp-content\/uploads\/2023\/08\/5fa4603e99b46_1200.jpg","type":"image\/jpeg"}],"author":"Cristian Galarza","twitter_card":"summary_large_image","twitter_creator":"@fmhorizonte1061","twitter_site":"@fmhorizonte1061","twitter_misc":{"Escrito por":"Cristian Galarza","Tiempo de lectura":"2 minutos"},"schema":{"@context":"https:\/\/schema.org","@graph":[{"@type":"Article","@id":"http:\/\/www.radiohorizonte.fm\/radio\/2023\/08\/29\/reintegro-de-hasta-18-000-en-compras-con-debito-quienes-corresponde-y-como-acceder\/#article","isPartOf":{"@id":"http:\/\/www.radiohorizonte.fm\/radio\/2023\/08\/29\/reintegro-de-hasta-18-000-en-compras-con-debito-quienes-corresponde-y-como-acceder\/"},"author":{"name":"Cristian Galarza","@id":"http:\/\/www.radiohorizonte.fm\/radio\/#\/schema\/person\/f8fa003a405bb86729fd87d15d0ddafa"},"headline":"Reintegro de hasta $18.000 en compras con d\u00e9bito: a qui\u00e9nes corresponde y c\u00f3mo acceder","datePublished":"2023-08-29T10:13:22+00:00","mainEntityOfPage":{"@id":"http:\/\/www.radiohorizonte.fm\/radio\/2023\/08\/29\/reintegro-de-hasta-18-000-en-compras-con-debito-quienes-corresponde-y-como-acceder\/"},"wordCount":410,"publisher":{"@id":"http:\/\/www.radiohorizonte.fm\/radio\/#organization"},"image":{"@id":"http:\/\/www.radiohorizonte.fm\/radio\/2023\/08\/29\/reintegro-de-hasta-18-000-en-compras-con-debito-quienes-corresponde-y-como-acceder\/#primaryimage"},"thumbnailUrl":"http:\/\/www.radiohorizonte.fm\/radio\/wp-content\/uploads\/2023\/08\/5fa4603e99b46_1200.jpg","articleSection":["Noticias"],"inLanguage":"es-AR"},{"@type":"WebPage","@id":"http:\/\/www.radiohorizonte.fm\/radio\/2023\/08\/29\/reintegro-de-hasta-18-000-en-compras-con-debito-quienes-corresponde-y-como-acceder\/","url":"http:\/\/www.radiohorizonte.fm\/radio\/2023\/08\/29\/reintegro-de-hasta-18-000-en-compras-con-debito-quienes-corresponde-y-como-acceder\/","name":"Reintegro de hasta $18.000 en compras con d\u00e9bito: a qui\u00e9nes corresponde y c\u00f3mo acceder - Horizonte","isPartOf":{"@id":"http:\/\/www.radiohorizonte.fm\/radio\/#website"},"primaryImageOfPage":{"@id":"http:\/\/www.radiohorizonte.fm\/radio\/2023\/08\/29\/reintegro-de-hasta-18-000-en-compras-con-debito-quienes-corresponde-y-como-acceder\/#primaryimage"},"image":{"@id":"http:\/\/www.radiohorizonte.fm\/radio\/2023\/08\/29\/reintegro-de-hasta-18-000-en-compras-con-debito-quienes-corresponde-y-como-acceder\/#primaryimage"},"thumbnailUrl":"http:\/\/www.radiohorizonte.fm\/radio\/wp-content\/uploads\/2023\/08\/5fa4603e99b46_1200.jpg","datePublished":"2023-08-29T10:13:22+00:00","breadcrumb":{"@id":"http:\/\/www.radiohorizonte.fm\/radio\/2023\/08\/29\/reintegro-de-hasta-18-000-en-compras-con-debito-quienes-corresponde-y-como-acceder\/#breadcrumb"},"inLanguage":"es-AR","potentialAction":[{"@type":"ReadAction","target":["http:\/\/www.radiohorizonte.fm\/radio\/2023\/08\/29\/reintegro-de-hasta-18-000-en-compras-con-debito-quienes-corresponde-y-como-acceder\/"]}]},{"@type":"ImageObject","inLanguage":"es-AR","@id":"http:\/\/www.radiohorizonte.fm\/radio\/2023\/08\/29\/reintegro-de-hasta-18-000-en-compras-con-debito-quienes-corresponde-y-como-acceder\/#primaryimage","url":"http:\/\/www.radiohorizonte.fm\/radio\/wp-content\/uploads\/2023\/08\/5fa4603e99b46_1200.jpg","contentUrl":"http:\/\/www.radiohorizonte.fm\/radio\/wp-content\/uploads\/2023\/08\/5fa4603e99b46_1200.jpg","width":1004,"height":565},{"@type":"BreadcrumbList","@id":"http:\/\/www.radiohorizonte.fm\/radio\/2023\/08\/29\/reintegro-de-hasta-18-000-en-compras-con-debito-quienes-corresponde-y-como-acceder\/#breadcrumb","itemListElement":[{"@type":"ListItem","position":1,"name":"Home","item":"http:\/\/www.radiohorizonte.fm\/radio\/"},{"@type":"ListItem","position":2,"name":"Reintegro de hasta $18.000 en compras con d\u00e9bito: a qui\u00e9nes corresponde y c\u00f3mo acceder"}]},{"@type":"WebSite","@id":"http:\/\/www.radiohorizonte.fm\/radio\/#website","url":"http:\/\/www.radiohorizonte.fm\/radio\/","name":"Horizonte","description":"Radio Horizonte 106.1 - Una radio de clasicos","publisher":{"@id":"http:\/\/www.radiohorizonte.fm\/radio\/#organization"},"potentialAction":[{"@type":"SearchAction","target":{"@type":"EntryPoint","urlTemplate":"http:\/\/www.radiohorizonte.fm\/radio\/?s={search_term_string}"},"query-input":{"@type":"PropertyValueSpecification","valueRequired":true,"valueName":"search_term_string"}}],"inLanguage":"es-AR"},{"@type":"Organization","@id":"http:\/\/www.radiohorizonte.fm\/radio\/#organization","name":"Horizonte","url":"http:\/\/www.radiohorizonte.fm\/radio\/","logo":{"@type":"ImageObject","inLanguage":"es-AR","@id":"http:\/\/www.radiohorizonte.fm\/radio\/#\/schema\/logo\/image\/","url":"http:\/\/www.radiohorizonte.fm\/radio\/wp-content\/uploads\/2025\/06\/Portada-FM-Horizonte_modelo-imagen-scaled.jpg","contentUrl":"http:\/\/www.radiohorizonte.fm\/radio\/wp-content\/uploads\/2025\/06\/Portada-FM-Horizonte_modelo-imagen-scaled.jpg","width":2560,"height":1056,"caption":"Horizonte"},"image":{"@id":"http:\/\/www.radiohorizonte.fm\/radio\/#\/schema\/logo\/image\/"},"sameAs":["http:\/\/www.facebook.com\/HORIZONTE106.1","https:\/\/x.com\/fmhorizonte1061"]},{"@type":"Person","@id":"http:\/\/www.radiohorizonte.fm\/radio\/#\/schema\/person\/f8fa003a405bb86729fd87d15d0ddafa","name":"Cristian Galarza","image":{"@type":"ImageObject","inLanguage":"es-AR","@id":"https:\/\/secure.gravatar.com\/avatar\/fad34bc2c773209c05d7d53b08a69b680eeb55f3be014e52b31643d20ab65925?s=96&d=mm&r=g","url":"https:\/\/secure.gravatar.com\/avatar\/fad34bc2c773209c05d7d53b08a69b680eeb55f3be014e52b31643d20ab65925?s=96&d=mm&r=g","contentUrl":"https:\/\/secure.gravatar.com\/avatar\/fad34bc2c773209c05d7d53b08a69b680eeb55f3be014e52b31643d20ab65925?s=96&d=mm&r=g","caption":"Cristian Galarza"},"url":"http:\/\/www.radiohorizonte.fm\/radio\/author\/cristian\/"}]}},"_links":{"self":[{"href":"http:\/\/www.radiohorizonte.fm\/radio\/wp-json\/wp\/v2\/posts\/41852","targetHints":{"allow":["GET"]}}],"collection":[{"href":"http:\/\/www.radiohorizonte.fm\/radio\/wp-json\/wp\/v2\/posts"}],"about":[{"href":"http:\/\/www.radiohorizonte.fm\/radio\/wp-json\/wp\/v2\/types\/post"}],"author":[{"embeddable":true,"href":"http:\/\/www.radiohorizonte.fm\/radio\/wp-json\/wp\/v2\/users\/2"}],"replies":[{"embeddable":true,"href":"http:\/\/www.radiohorizonte.fm\/radio\/wp-json\/wp\/v2\/comments?post=41852"}],"version-history":[{"count":1,"href":"http:\/\/www.radiohorizonte.fm\/radio\/wp-json\/wp\/v2\/posts\/41852\/revisions"}],"predecessor-version":[{"id":41854,"href":"http:\/\/www.radiohorizonte.fm\/radio\/wp-json\/wp\/v2\/posts\/41852\/revisions\/41854"}],"wp:featuredmedia":[{"embeddable":true,"href":"http:\/\/www.radiohorizonte.fm\/radio\/wp-json\/wp\/v2\/media\/41853"}],"wp:attachment":[{"href":"http:\/\/www.radiohorizonte.fm\/radio\/wp-json\/wp\/v2\/media?parent=41852"}],"wp:term":[{"taxonomy":"category","embeddable":true,"href":"http:\/\/www.radiohorizonte.fm\/radio\/wp-json\/wp\/v2\/categories?post=41852"},{"taxonomy":"post_tag","embeddable":true,"href":"http:\/\/www.radiohorizonte.fm\/radio\/wp-json\/wp\/v2\/tags?post=41852"}],"curies":[{"name":"wp","href":"https:\/\/api.w.org\/{rel}","templated":true}]}}