{"id":41861,"date":"2023-08-29T12:03:51","date_gmt":"2023-08-29T15:03:51","guid":{"rendered":"http:\/\/www.radiohorizonte.fm\/radio\/?p=41861"},"modified":"2023-08-29T12:03:51","modified_gmt":"2023-08-29T15:03:51","slug":"multaran-las-empresas-que-no-paguen-el-bono-sus-trabajadores","status":"publish","type":"post","link":"http:\/\/www.radiohorizonte.fm\/radio\/2023\/08\/29\/multaran-las-empresas-que-no-paguen-el-bono-sus-trabajadores\/","title":{"rendered":"Multar\u00e1n a las empresas que no paguen el bono a sus trabajadores"},"content":{"rendered":"<header class=\"news-headline\">\n<p class=\"news-headline__article-summary\">Lo indic\u00f3 la ministra Kelly Olmos. Adem\u00e1s, aclar\u00f3 que no ser\u00e1 de $60.000 para todos los trabajadores.<\/p>\n<p>\u00a0<img loading=\"lazy\" decoding=\"async\" class=\"alignnone size-full wp-image-41862\" src=\"http:\/\/www.radiohorizonte.fm\/radio\/wp-content\/uploads\/2023\/08\/descarga-4.jpg\" alt=\"\" width=\"275\" height=\"183\" srcset=\"http:\/\/www.radiohorizonte.fm\/radio\/wp-content\/uploads\/2023\/08\/descarga-4.jpg 275w, http:\/\/www.radiohorizonte.fm\/radio\/wp-content\/uploads\/2023\/08\/descarga-4-65x43.jpg 65w, http:\/\/www.radiohorizonte.fm\/radio\/wp-content\/uploads\/2023\/08\/descarga-4-85x57.jpg 85w, http:\/\/www.radiohorizonte.fm\/radio\/wp-content\/uploads\/2023\/08\/descarga-4-188x125.jpg 188w, http:\/\/www.radiohorizonte.fm\/radio\/wp-content\/uploads\/2023\/08\/descarga-4-90x60.jpg 90w\" sizes=\"auto, (max-width: 275px) 100vw, 275px\" \/><\/p>\n<article class=\"article-body article-body--first-paragraph content-protected-false\" data-td-script-src=\"https:\/\/www.ambito.com\/td\/modulos\/encuestas\/js\/function-embeds-min-version-1660312092.js\">La ministra de Trabajo de la Naci\u00f3n,\u00a0<strong>Raquel &#8220;Kelly&#8221; Olmos<\/strong>, dio\u00a0nuevos detalles del bono\u00a0de $60.000 para trabajadores registrados, entre los que aclar\u00f3 que no ser\u00e1 igual para todos y que algunos podr\u00edan cobrar menos que esa cifra, y que adem\u00e1s quienes lo perciban\u00a0no podr\u00e1n comprar d\u00f3lar ahorro. Al mismo tiempo inform\u00f3 que\u00a0<strong>las empresas que no lo paguen ser\u00e1n multadas.<\/strong><\/p>\n<\/article>\n<article class=\"article-body article-body--second-paragraph content-protected-false\">\n<h2 class=\"paragraph\" data-mrf-recirculation=\"Links inline\">Multas para las empresas que no paguen el bono de $60.000<\/h2>\n<p class=\"paragraph\" data-mrf-recirculation=\"Links inline\">En declaraciones a FutuRock,\u00a0<strong>la ministra indic\u00f3 que habr\u00e1 penalidades para las compa\u00f1\u00edas que no otorguen el bono, el cual le corresponde a quienes tienen salarios de hasta $400.000 netos (alrededor de $ 481.000 brutos, dependiendo de los descuentos) al mes de agosto.<\/strong><\/p>\n<article class=\"article-body article-body--third-paragraph content-protected-false\">\n<p class=\"paragraph\" data-mrf-recirculation=\"Links inline\">\u201cSi no pagan, tienen una infracci\u00f3n. Van a tener que pagarlo y, encima, una multa\u201d, advirti\u00f3 la funcionaria, que asegur\u00f3 que se apoyar\u00e1n en los gremios para la fiscalizaci\u00f3n.<\/p>\n<\/article>\n<article class=\"article-body article-body--fourth-paragraph content-protected-false\">\n<p class=\"paragraph\" data-mrf-recirculation=\"Links inline\">Olmos destac\u00f3 el rol que tendr\u00e1n los sindicatos para detectar las faltas de los empleadores. \u201cDebemos tener el acompa\u00f1amiento de los gremios para identificar aquellas empresas que no paguen o el trabajador tiene canales an\u00f3nimos para la denuncia. Ah\u00ed act\u00faa la fiscalizaci\u00f3n\u201d, hab\u00eda indicado ayer.<\/p>\n<\/article>\n<article class=\"article-body article-body--remaining-paragraph content-protected-false\">Olmos afirm\u00f3 que la suma fija de 60.000 pesos &#8220;es para acompa\u00f1ar a los trabajadores en el impacto de la devaluaci\u00f3n impuesta por el Fondo Monetario Internacional (FMI) que trajo el macrismo a la Argentina&#8221;.<\/p>\n<p>En declaraciones formuladas a Radio Provincia, la funcionaria se refiri\u00f3 a la suma fija de 60.000 pesos que, en dos cuotas a cobrar en septiembre y octubre, deber\u00e1n percibir aquellos trabajadores -del sector privado y p\u00fablico- que hayan tenido salarios inferiores a los 400.000 pesos por todo concepto en el mes de agosto.<\/p>\n<p>&#8220;La idea es poder compensar el salto inflacionario por la devaluaci\u00f3n no deseada pero impuesta por el FMI&#8221;, reiter\u00f3.<\/p>\n<p>En ese marco, detall\u00f3 que &#8220;en las microempresas, emprendimientos de hasta 10 trabajadores, el Estado asume el 100 por ciento del costo; en aquellas pymes de hasta 110 o 120 trabajadores, el Estado concurre con el 50% del costo; y en las medianas y grandes, deben absorberlo ellas&#8221;.<\/p>\n<p>Consultada sobre qu\u00e9 ocurrir\u00e1 en el caso de las compa\u00f1\u00edas que no abonen la suma fija, Olmos respondi\u00f3 que ser\u00e1 necesario contar con &#8220;el acompa\u00f1amiento de los gremios para identificar a las empresas&#8221; y precis\u00f3 que, adem\u00e1s, &#8220;trabajadores tienen canales an\u00f3nimos para denunciar el incumplimiento&#8221;.<\/p>\n<p>Luego plante\u00f3 que si bien el Gobierno nacional no posee &#8220;competencia para imponer la decisi\u00f3n en las provincias o municipios&#8221;, el ministro de Econom\u00eda y candidato presidencial de Uni\u00f3n por la Patria (UxP), Sergio Massa, invit\u00f3 a los gobernadores e intendentes a hacerlo&#8221;.<\/p>\n<p>&#8220;Ac\u00e1 hay dos proyectos: el del Gobierno, que es de producci\u00f3n y trabajo; y el de la oposici\u00f3n, que s\u00f3lo propone el ajuste como hizo Patricia Bullrich cuando como ministra de Trabajo recort\u00f3 13 puntos los salarios&#8221;, concluy\u00f3 Olmos.<\/p>\n<p>Fuente: \u00c1mbito<\/p>\n<\/article>\n<\/article>\n<\/header>\n","protected":false},"excerpt":{"rendered":"<div class=\"post-excerpt\"><p>Lo indic\u00f3 la ministra Kelly Olmos. Adem\u00e1s, aclar\u00f3 que no ser\u00e1 de $60.000 para todos los trabajadores. \u00a0 La ministra de Trabajo de la Naci\u00f3n,\u00a0Raquel &#8220;Kelly&#8221; Olmos, dio\u00a0nuevos detalles del bono\u00a0de $60.000 para trabajadores registrados, entre los que aclar\u00f3 que no ser\u00e1 igual para todos y que algunos podr\u00edan cobrar menos que esa cifra, y<\/p>\n<\/div>","protected":false},"author":2,"featured_media":41862,"comment_status":"closed","ping_status":"closed","sticky":false,"template":"","format":"standard","meta":{"_acf_changed":false,"footnotes":""},"categories":[2],"tags":[],"class_list":["post-41861","post","type-post","status-publish","format-standard","has-post-thumbnail","hentry","category-noticias"],"acf":[],"yoast_head":"<!-- This site is optimized with the Yoast SEO plugin v28.1 - https:\/\/yoast.com\/product\/yoast-seo-wordpress\/ -->\n<title>Multar\u00e1n a las empresas que no paguen el bono a sus trabajadores - Horizonte<\/title>\n<meta name=\"robots\" content=\"index, follow, max-snippet:-1, max-image-preview:large, max-video-preview:-1\" \/>\n<link rel=\"canonical\" href=\"http:\/\/www.radiohorizonte.fm\/radio\/2023\/08\/29\/multaran-las-empresas-que-no-paguen-el-bono-sus-trabajadores\/\" \/>\n<meta property=\"og:locale\" content=\"es_ES\" \/>\n<meta property=\"og:type\" content=\"article\" \/>\n<meta property=\"og:title\" content=\"Multar\u00e1n a las empresas que no paguen el bono a sus trabajadores - Horizonte\" \/>\n<meta property=\"og:description\" content=\"Lo indic\u00f3 la ministra Kelly Olmos. Adem\u00e1s, aclar\u00f3 que no ser\u00e1 de $60.000 para todos los trabajadores. \u00a0 La ministra de Trabajo de la Naci\u00f3n,\u00a0Raquel &#8220;Kelly&#8221; Olmos, dio\u00a0nuevos detalles del bono\u00a0de $60.000 para trabajadores registrados, entre los que aclar\u00f3 que no ser\u00e1 igual para todos y que algunos podr\u00edan cobrar menos que esa cifra, y\" \/>\n<meta property=\"og:url\" content=\"http:\/\/www.radiohorizonte.fm\/radio\/2023\/08\/29\/multaran-las-empresas-que-no-paguen-el-bono-sus-trabajadores\/\" \/>\n<meta property=\"og:site_name\" content=\"Horizonte\" \/>\n<meta property=\"article:publisher\" content=\"http:\/\/www.facebook.com\/HORIZONTE106.1\" \/>\n<meta property=\"article:published_time\" content=\"2023-08-29T15:03:51+00:00\" \/>\n<meta property=\"og:image\" content=\"http:\/\/www.radiohorizonte.fm\/radio\/wp-content\/uploads\/2023\/08\/descarga-4.jpg\" \/>\n\t<meta property=\"og:image:width\" content=\"275\" \/>\n\t<meta property=\"og:image:height\" content=\"183\" \/>\n\t<meta property=\"og:image:type\" content=\"image\/jpeg\" \/>\n<meta name=\"author\" content=\"Cristian Galarza\" \/>\n<meta name=\"twitter:card\" content=\"summary_large_image\" \/>\n<meta name=\"twitter:creator\" content=\"@fmhorizonte1061\" \/>\n<meta name=\"twitter:site\" content=\"@fmhorizonte1061\" \/>\n<meta name=\"twitter:label1\" content=\"Escrito por\" \/>\n\t<meta name=\"twitter:data1\" content=\"Cristian Galarza\" \/>\n\t<meta name=\"twitter:label2\" content=\"Tiempo de lectura\" \/>\n\t<meta name=\"twitter:data2\" content=\"3 minutos\" \/>\n<script type=\"application\/ld+json\" class=\"yoast-schema-graph\">{\"@context\":\"https:\\\/\\\/schema.org\",\"@graph\":[{\"@type\":\"Article\",\"@id\":\"http:\\\/\\\/www.radiohorizonte.fm\\\/radio\\\/2023\\\/08\\\/29\\\/multaran-las-empresas-que-no-paguen-el-bono-sus-trabajadores\\\/#article\",\"isPartOf\":{\"@id\":\"http:\\\/\\\/www.radiohorizonte.fm\\\/radio\\\/2023\\\/08\\\/29\\\/multaran-las-empresas-que-no-paguen-el-bono-sus-trabajadores\\\/\"},\"author\":{\"name\":\"Cristian Galarza\",\"@id\":\"http:\\\/\\\/www.radiohorizonte.fm\\\/radio\\\/#\\\/schema\\\/person\\\/f8fa003a405bb86729fd87d15d0ddafa\"},\"headline\":\"Multar\u00e1n a las empresas que no paguen el bono a sus trabajadores\",\"datePublished\":\"2023-08-29T15:03:51+00:00\",\"mainEntityOfPage\":{\"@id\":\"http:\\\/\\\/www.radiohorizonte.fm\\\/radio\\\/2023\\\/08\\\/29\\\/multaran-las-empresas-que-no-paguen-el-bono-sus-trabajadores\\\/\"},\"wordCount\":522,\"publisher\":{\"@id\":\"http:\\\/\\\/www.radiohorizonte.fm\\\/radio\\\/#organization\"},\"image\":{\"@id\":\"http:\\\/\\\/www.radiohorizonte.fm\\\/radio\\\/2023\\\/08\\\/29\\\/multaran-las-empresas-que-no-paguen-el-bono-sus-trabajadores\\\/#primaryimage\"},\"thumbnailUrl\":\"http:\\\/\\\/www.radiohorizonte.fm\\\/radio\\\/wp-content\\\/uploads\\\/2023\\\/08\\\/descarga-4.jpg\",\"articleSection\":[\"Noticias\"],\"inLanguage\":\"es-AR\"},{\"@type\":\"WebPage\",\"@id\":\"http:\\\/\\\/www.radiohorizonte.fm\\\/radio\\\/2023\\\/08\\\/29\\\/multaran-las-empresas-que-no-paguen-el-bono-sus-trabajadores\\\/\",\"url\":\"http:\\\/\\\/www.radiohorizonte.fm\\\/radio\\\/2023\\\/08\\\/29\\\/multaran-las-empresas-que-no-paguen-el-bono-sus-trabajadores\\\/\",\"name\":\"Multar\u00e1n a las empresas que no paguen el bono a sus trabajadores - Horizonte\",\"isPartOf\":{\"@id\":\"http:\\\/\\\/www.radiohorizonte.fm\\\/radio\\\/#website\"},\"primaryImageOfPage\":{\"@id\":\"http:\\\/\\\/www.radiohorizonte.fm\\\/radio\\\/2023\\\/08\\\/29\\\/multaran-las-empresas-que-no-paguen-el-bono-sus-trabajadores\\\/#primaryimage\"},\"image\":{\"@id\":\"http:\\\/\\\/www.radiohorizonte.fm\\\/radio\\\/2023\\\/08\\\/29\\\/multaran-las-empresas-que-no-paguen-el-bono-sus-trabajadores\\\/#primaryimage\"},\"thumbnailUrl\":\"http:\\\/\\\/www.radiohorizonte.fm\\\/radio\\\/wp-content\\\/uploads\\\/2023\\\/08\\\/descarga-4.jpg\",\"datePublished\":\"2023-08-29T15:03:51+00:00\",\"breadcrumb\":{\"@id\":\"http:\\\/\\\/www.radiohorizonte.fm\\\/radio\\\/2023\\\/08\\\/29\\\/multaran-las-empresas-que-no-paguen-el-bono-sus-trabajadores\\\/#breadcrumb\"},\"inLanguage\":\"es-AR\",\"potentialAction\":[{\"@type\":\"ReadAction\",\"target\":[\"http:\\\/\\\/www.radiohorizonte.fm\\\/radio\\\/2023\\\/08\\\/29\\\/multaran-las-empresas-que-no-paguen-el-bono-sus-trabajadores\\\/\"]}]},{\"@type\":\"ImageObject\",\"inLanguage\":\"es-AR\",\"@id\":\"http:\\\/\\\/www.radiohorizonte.fm\\\/radio\\\/2023\\\/08\\\/29\\\/multaran-las-empresas-que-no-paguen-el-bono-sus-trabajadores\\\/#primaryimage\",\"url\":\"http:\\\/\\\/www.radiohorizonte.fm\\\/radio\\\/wp-content\\\/uploads\\\/2023\\\/08\\\/descarga-4.jpg\",\"contentUrl\":\"http:\\\/\\\/www.radiohorizonte.fm\\\/radio\\\/wp-content\\\/uploads\\\/2023\\\/08\\\/descarga-4.jpg\",\"width\":275,\"height\":183},{\"@type\":\"BreadcrumbList\",\"@id\":\"http:\\\/\\\/www.radiohorizonte.fm\\\/radio\\\/2023\\\/08\\\/29\\\/multaran-las-empresas-que-no-paguen-el-bono-sus-trabajadores\\\/#breadcrumb\",\"itemListElement\":[{\"@type\":\"ListItem\",\"position\":1,\"name\":\"Home\",\"item\":\"http:\\\/\\\/www.radiohorizonte.fm\\\/radio\\\/\"},{\"@type\":\"ListItem\",\"position\":2,\"name\":\"Multar\u00e1n a las empresas que no paguen el bono a sus trabajadores\"}]},{\"@type\":\"WebSite\",\"@id\":\"http:\\\/\\\/www.radiohorizonte.fm\\\/radio\\\/#website\",\"url\":\"http:\\\/\\\/www.radiohorizonte.fm\\\/radio\\\/\",\"name\":\"Horizonte\",\"description\":\"Radio Horizonte 106.1 - Una radio de clasicos\",\"publisher\":{\"@id\":\"http:\\\/\\\/www.radiohorizonte.fm\\\/radio\\\/#organization\"},\"potentialAction\":[{\"@type\":\"SearchAction\",\"target\":{\"@type\":\"EntryPoint\",\"urlTemplate\":\"http:\\\/\\\/www.radiohorizonte.fm\\\/radio\\\/?s={search_term_string}\"},\"query-input\":{\"@type\":\"PropertyValueSpecification\",\"valueRequired\":true,\"valueName\":\"search_term_string\"}}],\"inLanguage\":\"es-AR\"},{\"@type\":\"Organization\",\"@id\":\"http:\\\/\\\/www.radiohorizonte.fm\\\/radio\\\/#organization\",\"name\":\"Horizonte\",\"url\":\"http:\\\/\\\/www.radiohorizonte.fm\\\/radio\\\/\",\"logo\":{\"@type\":\"ImageObject\",\"inLanguage\":\"es-AR\",\"@id\":\"http:\\\/\\\/www.radiohorizonte.fm\\\/radio\\\/#\\\/schema\\\/logo\\\/image\\\/\",\"url\":\"http:\\\/\\\/www.radiohorizonte.fm\\\/radio\\\/wp-content\\\/uploads\\\/2025\\\/06\\\/Portada-FM-Horizonte_modelo-imagen-scaled.jpg\",\"contentUrl\":\"http:\\\/\\\/www.radiohorizonte.fm\\\/radio\\\/wp-content\\\/uploads\\\/2025\\\/06\\\/Portada-FM-Horizonte_modelo-imagen-scaled.jpg\",\"width\":2560,\"height\":1056,\"caption\":\"Horizonte\"},\"image\":{\"@id\":\"http:\\\/\\\/www.radiohorizonte.fm\\\/radio\\\/#\\\/schema\\\/logo\\\/image\\\/\"},\"sameAs\":[\"http:\\\/\\\/www.facebook.com\\\/HORIZONTE106.1\",\"https:\\\/\\\/x.com\\\/fmhorizonte1061\"]},{\"@type\":\"Person\",\"@id\":\"http:\\\/\\\/www.radiohorizonte.fm\\\/radio\\\/#\\\/schema\\\/person\\\/f8fa003a405bb86729fd87d15d0ddafa\",\"name\":\"Cristian Galarza\",\"image\":{\"@type\":\"ImageObject\",\"inLanguage\":\"es-AR\",\"@id\":\"https:\\\/\\\/secure.gravatar.com\\\/avatar\\\/fad34bc2c773209c05d7d53b08a69b680eeb55f3be014e52b31643d20ab65925?s=96&d=mm&r=g\",\"url\":\"https:\\\/\\\/secure.gravatar.com\\\/avatar\\\/fad34bc2c773209c05d7d53b08a69b680eeb55f3be014e52b31643d20ab65925?s=96&d=mm&r=g\",\"contentUrl\":\"https:\\\/\\\/secure.gravatar.com\\\/avatar\\\/fad34bc2c773209c05d7d53b08a69b680eeb55f3be014e52b31643d20ab65925?s=96&d=mm&r=g\",\"caption\":\"Cristian Galarza\"},\"url\":\"http:\\\/\\\/www.radiohorizonte.fm\\\/radio\\\/author\\\/cristian\\\/\"}]}<\/script>\n<!-- \/ Yoast SEO plugin. -->","yoast_head_json":{"title":"Multar\u00e1n a las empresas que no paguen el bono a sus trabajadores - Horizonte","robots":{"index":"index","follow":"follow","max-snippet":"max-snippet:-1","max-image-preview":"max-image-preview:large","max-video-preview":"max-video-preview:-1"},"canonical":"http:\/\/www.radiohorizonte.fm\/radio\/2023\/08\/29\/multaran-las-empresas-que-no-paguen-el-bono-sus-trabajadores\/","og_locale":"es_ES","og_type":"article","og_title":"Multar\u00e1n a las empresas que no paguen el bono a sus trabajadores - Horizonte","og_description":"Lo indic\u00f3 la ministra Kelly Olmos. Adem\u00e1s, aclar\u00f3 que no ser\u00e1 de $60.000 para todos los trabajadores. \u00a0 La ministra de Trabajo de la Naci\u00f3n,\u00a0Raquel &#8220;Kelly&#8221; Olmos, dio\u00a0nuevos detalles del bono\u00a0de $60.000 para trabajadores registrados, entre los que aclar\u00f3 que no ser\u00e1 igual para todos y que algunos podr\u00edan cobrar menos que esa cifra, y","og_url":"http:\/\/www.radiohorizonte.fm\/radio\/2023\/08\/29\/multaran-las-empresas-que-no-paguen-el-bono-sus-trabajadores\/","og_site_name":"Horizonte","article_publisher":"http:\/\/www.facebook.com\/HORIZONTE106.1","article_published_time":"2023-08-29T15:03:51+00:00","og_image":[{"width":275,"height":183,"url":"http:\/\/www.radiohorizonte.fm\/radio\/wp-content\/uploads\/2023\/08\/descarga-4.jpg","type":"image\/jpeg"}],"author":"Cristian Galarza","twitter_card":"summary_large_image","twitter_creator":"@fmhorizonte1061","twitter_site":"@fmhorizonte1061","twitter_misc":{"Escrito por":"Cristian Galarza","Tiempo de lectura":"3 minutos"},"schema":{"@context":"https:\/\/schema.org","@graph":[{"@type":"Article","@id":"http:\/\/www.radiohorizonte.fm\/radio\/2023\/08\/29\/multaran-las-empresas-que-no-paguen-el-bono-sus-trabajadores\/#article","isPartOf":{"@id":"http:\/\/www.radiohorizonte.fm\/radio\/2023\/08\/29\/multaran-las-empresas-que-no-paguen-el-bono-sus-trabajadores\/"},"author":{"name":"Cristian Galarza","@id":"http:\/\/www.radiohorizonte.fm\/radio\/#\/schema\/person\/f8fa003a405bb86729fd87d15d0ddafa"},"headline":"Multar\u00e1n a las empresas que no paguen el bono a sus trabajadores","datePublished":"2023-08-29T15:03:51+00:00","mainEntityOfPage":{"@id":"http:\/\/www.radiohorizonte.fm\/radio\/2023\/08\/29\/multaran-las-empresas-que-no-paguen-el-bono-sus-trabajadores\/"},"wordCount":522,"publisher":{"@id":"http:\/\/www.radiohorizonte.fm\/radio\/#organization"},"image":{"@id":"http:\/\/www.radiohorizonte.fm\/radio\/2023\/08\/29\/multaran-las-empresas-que-no-paguen-el-bono-sus-trabajadores\/#primaryimage"},"thumbnailUrl":"http:\/\/www.radiohorizonte.fm\/radio\/wp-content\/uploads\/2023\/08\/descarga-4.jpg","articleSection":["Noticias"],"inLanguage":"es-AR"},{"@type":"WebPage","@id":"http:\/\/www.radiohorizonte.fm\/radio\/2023\/08\/29\/multaran-las-empresas-que-no-paguen-el-bono-sus-trabajadores\/","url":"http:\/\/www.radiohorizonte.fm\/radio\/2023\/08\/29\/multaran-las-empresas-que-no-paguen-el-bono-sus-trabajadores\/","name":"Multar\u00e1n a las empresas que no paguen el bono a sus trabajadores - Horizonte","isPartOf":{"@id":"http:\/\/www.radiohorizonte.fm\/radio\/#website"},"primaryImageOfPage":{"@id":"http:\/\/www.radiohorizonte.fm\/radio\/2023\/08\/29\/multaran-las-empresas-que-no-paguen-el-bono-sus-trabajadores\/#primaryimage"},"image":{"@id":"http:\/\/www.radiohorizonte.fm\/radio\/2023\/08\/29\/multaran-las-empresas-que-no-paguen-el-bono-sus-trabajadores\/#primaryimage"},"thumbnailUrl":"http:\/\/www.radiohorizonte.fm\/radio\/wp-content\/uploads\/2023\/08\/descarga-4.jpg","datePublished":"2023-08-29T15:03:51+00:00","breadcrumb":{"@id":"http:\/\/www.radiohorizonte.fm\/radio\/2023\/08\/29\/multaran-las-empresas-que-no-paguen-el-bono-sus-trabajadores\/#breadcrumb"},"inLanguage":"es-AR","potentialAction":[{"@type":"ReadAction","target":["http:\/\/www.radiohorizonte.fm\/radio\/2023\/08\/29\/multaran-las-empresas-que-no-paguen-el-bono-sus-trabajadores\/"]}]},{"@type":"ImageObject","inLanguage":"es-AR","@id":"http:\/\/www.radiohorizonte.fm\/radio\/2023\/08\/29\/multaran-las-empresas-que-no-paguen-el-bono-sus-trabajadores\/#primaryimage","url":"http:\/\/www.radiohorizonte.fm\/radio\/wp-content\/uploads\/2023\/08\/descarga-4.jpg","contentUrl":"http:\/\/www.radiohorizonte.fm\/radio\/wp-content\/uploads\/2023\/08\/descarga-4.jpg","width":275,"height":183},{"@type":"BreadcrumbList","@id":"http:\/\/www.radiohorizonte.fm\/radio\/2023\/08\/29\/multaran-las-empresas-que-no-paguen-el-bono-sus-trabajadores\/#breadcrumb","itemListElement":[{"@type":"ListItem","position":1,"name":"Home","item":"http:\/\/www.radiohorizonte.fm\/radio\/"},{"@type":"ListItem","position":2,"name":"Multar\u00e1n a las empresas que no paguen el bono a sus trabajadores"}]},{"@type":"WebSite","@id":"http:\/\/www.radiohorizonte.fm\/radio\/#website","url":"http:\/\/www.radiohorizonte.fm\/radio\/","name":"Horizonte","description":"Radio Horizonte 106.1 - Una radio de clasicos","publisher":{"@id":"http:\/\/www.radiohorizonte.fm\/radio\/#organization"},"potentialAction":[{"@type":"SearchAction","target":{"@type":"EntryPoint","urlTemplate":"http:\/\/www.radiohorizonte.fm\/radio\/?s={search_term_string}"},"query-input":{"@type":"PropertyValueSpecification","valueRequired":true,"valueName":"search_term_string"}}],"inLanguage":"es-AR"},{"@type":"Organization","@id":"http:\/\/www.radiohorizonte.fm\/radio\/#organization","name":"Horizonte","url":"http:\/\/www.radiohorizonte.fm\/radio\/","logo":{"@type":"ImageObject","inLanguage":"es-AR","@id":"http:\/\/www.radiohorizonte.fm\/radio\/#\/schema\/logo\/image\/","url":"http:\/\/www.radiohorizonte.fm\/radio\/wp-content\/uploads\/2025\/06\/Portada-FM-Horizonte_modelo-imagen-scaled.jpg","contentUrl":"http:\/\/www.radiohorizonte.fm\/radio\/wp-content\/uploads\/2025\/06\/Portada-FM-Horizonte_modelo-imagen-scaled.jpg","width":2560,"height":1056,"caption":"Horizonte"},"image":{"@id":"http:\/\/www.radiohorizonte.fm\/radio\/#\/schema\/logo\/image\/"},"sameAs":["http:\/\/www.facebook.com\/HORIZONTE106.1","https:\/\/x.com\/fmhorizonte1061"]},{"@type":"Person","@id":"http:\/\/www.radiohorizonte.fm\/radio\/#\/schema\/person\/f8fa003a405bb86729fd87d15d0ddafa","name":"Cristian Galarza","image":{"@type":"ImageObject","inLanguage":"es-AR","@id":"https:\/\/secure.gravatar.com\/avatar\/fad34bc2c773209c05d7d53b08a69b680eeb55f3be014e52b31643d20ab65925?s=96&d=mm&r=g","url":"https:\/\/secure.gravatar.com\/avatar\/fad34bc2c773209c05d7d53b08a69b680eeb55f3be014e52b31643d20ab65925?s=96&d=mm&r=g","contentUrl":"https:\/\/secure.gravatar.com\/avatar\/fad34bc2c773209c05d7d53b08a69b680eeb55f3be014e52b31643d20ab65925?s=96&d=mm&r=g","caption":"Cristian Galarza"},"url":"http:\/\/www.radiohorizonte.fm\/radio\/author\/cristian\/"}]}},"_links":{"self":[{"href":"http:\/\/www.radiohorizonte.fm\/radio\/wp-json\/wp\/v2\/posts\/41861","targetHints":{"allow":["GET"]}}],"collection":[{"href":"http:\/\/www.radiohorizonte.fm\/radio\/wp-json\/wp\/v2\/posts"}],"about":[{"href":"http:\/\/www.radiohorizonte.fm\/radio\/wp-json\/wp\/v2\/types\/post"}],"author":[{"embeddable":true,"href":"http:\/\/www.radiohorizonte.fm\/radio\/wp-json\/wp\/v2\/users\/2"}],"replies":[{"embeddable":true,"href":"http:\/\/www.radiohorizonte.fm\/radio\/wp-json\/wp\/v2\/comments?post=41861"}],"version-history":[{"count":1,"href":"http:\/\/www.radiohorizonte.fm\/radio\/wp-json\/wp\/v2\/posts\/41861\/revisions"}],"predecessor-version":[{"id":41863,"href":"http:\/\/www.radiohorizonte.fm\/radio\/wp-json\/wp\/v2\/posts\/41861\/revisions\/41863"}],"wp:featuredmedia":[{"embeddable":true,"href":"http:\/\/www.radiohorizonte.fm\/radio\/wp-json\/wp\/v2\/media\/41862"}],"wp:attachment":[{"href":"http:\/\/www.radiohorizonte.fm\/radio\/wp-json\/wp\/v2\/media?parent=41861"}],"wp:term":[{"taxonomy":"category","embeddable":true,"href":"http:\/\/www.radiohorizonte.fm\/radio\/wp-json\/wp\/v2\/categories?post=41861"},{"taxonomy":"post_tag","embeddable":true,"href":"http:\/\/www.radiohorizonte.fm\/radio\/wp-json\/wp\/v2\/tags?post=41861"}],"curies":[{"name":"wp","href":"https:\/\/api.w.org\/{rel}","templated":true}]}}