{"id":41874,"date":"2023-08-30T10:16:28","date_gmt":"2023-08-30T13:16:28","guid":{"rendered":"http:\/\/www.radiohorizonte.fm\/radio\/?p=41874"},"modified":"2023-08-30T10:16:28","modified_gmt":"2023-08-30T13:16:28","slug":"el-chaco-no-pagaran-el-bono-estatales-anunciado-por-sergio-massa","status":"publish","type":"post","link":"http:\/\/www.radiohorizonte.fm\/radio\/2023\/08\/30\/el-chaco-no-pagaran-el-bono-estatales-anunciado-por-sergio-massa\/","title":{"rendered":"El Chaco no pagar\u00e1n el bono a estatales, anunciado por Sergio Massa"},"content":{"rendered":"<p class=\"noticia__contenido\">En conferencia de prensa el Ministro de Gobierno del Chaco, Juan Manuel Chapo, confirm\u00f3 que la provincia <strong>no abonar\u00e1\u00a0\u00a0el bono de 60 mi<\/strong>l pesos dispuesto por Massa para atenuar el impacto de la devaluaci\u00f3n.<\/p>\n<p><img loading=\"lazy\" decoding=\"async\" class=\"alignnone size-full wp-image-41875\" src=\"http:\/\/www.radiohorizonte.fm\/radio\/wp-content\/uploads\/2023\/08\/63a4534606763.jpg\" alt=\"\" width=\"1200\" height=\"675\" srcset=\"http:\/\/www.radiohorizonte.fm\/radio\/wp-content\/uploads\/2023\/08\/63a4534606763.jpg 1200w, http:\/\/www.radiohorizonte.fm\/radio\/wp-content\/uploads\/2023\/08\/63a4534606763-300x169.jpg 300w, http:\/\/www.radiohorizonte.fm\/radio\/wp-content\/uploads\/2023\/08\/63a4534606763-768x432.jpg 768w, http:\/\/www.radiohorizonte.fm\/radio\/wp-content\/uploads\/2023\/08\/63a4534606763-1024x576.jpg 1024w, http:\/\/www.radiohorizonte.fm\/radio\/wp-content\/uploads\/2023\/08\/63a4534606763-65x37.jpg 65w, http:\/\/www.radiohorizonte.fm\/radio\/wp-content\/uploads\/2023\/08\/63a4534606763-320x180.jpg 320w, http:\/\/www.radiohorizonte.fm\/radio\/wp-content\/uploads\/2023\/08\/63a4534606763-85x48.jpg 85w, http:\/\/www.radiohorizonte.fm\/radio\/wp-content\/uploads\/2023\/08\/63a4534606763-220x125.jpg 220w, http:\/\/www.radiohorizonte.fm\/radio\/wp-content\/uploads\/2023\/08\/63a4534606763-90x51.jpg 90w\" sizes=\"auto, (max-width: 1200px) 100vw, 1200px\" \/><\/p>\n<p class=\"noticia__contenido\">&#8220;La provincia ya hab\u00eda tomado medidas, previas al anuncio de Sergio Massa&#8221; afirm\u00f3 el funcionario.\u00a0Desde el ejecutivo expresaron que se encuentran imposibilitados de acompa\u00f1ar la propuesta del actual ministro de Econom\u00eda, Sergio Massa.<\/p>\n<p class=\"noticia__contenido\">Con la provincia del Chaco, ya son 13 las provincias que decidieron<strong> no aplicar el bono a empleados p\u00fablicos y privados<\/strong>: Chaco, Santa Fe, Misiones, Jujuy, Entre R\u00edos, Neuqu\u00e9n, Catamarca, Tucum\u00e1n, Santa Cruz, Salta, C\u00f3rdoba y La Pampa.\u00a0Hasta ahora solo confirmaron este pago Mendoza, La Rioja y Santiago del Estero.<\/p>\n<p>&nbsp;<\/p>\n","protected":false},"excerpt":{"rendered":"<div class=\"post-excerpt\"><p>En conferencia de prensa el Ministro de Gobierno del Chaco, Juan Manuel Chapo, confirm\u00f3 que la provincia no abonar\u00e1\u00a0\u00a0el bono de 60 mil pesos dispuesto por Massa para atenuar el impacto de la devaluaci\u00f3n. &#8220;La provincia ya hab\u00eda tomado medidas, previas al anuncio de Sergio Massa&#8221; afirm\u00f3 el funcionario.\u00a0Desde el ejecutivo expresaron que se encuentran<\/p>\n<\/div>","protected":false},"author":2,"featured_media":41875,"comment_status":"closed","ping_status":"closed","sticky":false,"template":"","format":"standard","meta":{"_acf_changed":false,"footnotes":""},"categories":[2],"tags":[],"class_list":["post-41874","post","type-post","status-publish","format-standard","has-post-thumbnail","hentry","category-noticias"],"acf":[],"yoast_head":"<!-- This site is optimized with the Yoast SEO plugin v28.1 - https:\/\/yoast.com\/product\/yoast-seo-wordpress\/ -->\n<title>El Chaco no pagar\u00e1n el bono a estatales, anunciado por Sergio Massa - Horizonte<\/title>\n<meta name=\"robots\" content=\"index, follow, max-snippet:-1, max-image-preview:large, max-video-preview:-1\" \/>\n<link rel=\"canonical\" href=\"https:\/\/www.radiohorizonte.fm\/radio\/2023\/08\/30\/el-chaco-no-pagaran-el-bono-estatales-anunciado-por-sergio-massa\/\" \/>\n<meta property=\"og:locale\" content=\"es_ES\" \/>\n<meta property=\"og:type\" content=\"article\" \/>\n<meta property=\"og:title\" content=\"El Chaco no pagar\u00e1n el bono a estatales, anunciado por Sergio Massa - Horizonte\" \/>\n<meta property=\"og:description\" content=\"En conferencia de prensa el Ministro de Gobierno del Chaco, Juan Manuel Chapo, confirm\u00f3 que la provincia no abonar\u00e1\u00a0\u00a0el bono de 60 mil pesos dispuesto por Massa para atenuar el impacto de la devaluaci\u00f3n. &#8220;La provincia ya hab\u00eda tomado medidas, previas al anuncio de Sergio Massa&#8221; afirm\u00f3 el funcionario.\u00a0Desde el ejecutivo expresaron que se encuentran\" \/>\n<meta property=\"og:url\" content=\"https:\/\/www.radiohorizonte.fm\/radio\/2023\/08\/30\/el-chaco-no-pagaran-el-bono-estatales-anunciado-por-sergio-massa\/\" \/>\n<meta property=\"og:site_name\" content=\"Horizonte\" \/>\n<meta property=\"article:publisher\" content=\"http:\/\/www.facebook.com\/HORIZONTE106.1\" \/>\n<meta property=\"article:published_time\" content=\"2023-08-30T13:16:28+00:00\" \/>\n<meta property=\"og:image\" content=\"https:\/\/www.radiohorizonte.fm\/radio\/wp-content\/uploads\/2023\/08\/63a4534606763.jpg\" \/>\n\t<meta property=\"og:image:width\" content=\"1200\" \/>\n\t<meta property=\"og:image:height\" content=\"675\" \/>\n\t<meta property=\"og:image:type\" content=\"image\/jpeg\" \/>\n<meta name=\"author\" content=\"Cristian Galarza\" \/>\n<meta name=\"twitter:card\" content=\"summary_large_image\" \/>\n<meta name=\"twitter:creator\" content=\"@fmhorizonte1061\" \/>\n<meta name=\"twitter:site\" content=\"@fmhorizonte1061\" \/>\n<meta name=\"twitter:label1\" content=\"Escrito por\" \/>\n\t<meta name=\"twitter:data1\" content=\"Cristian Galarza\" \/>\n\t<meta name=\"twitter:label2\" content=\"Tiempo de lectura\" \/>\n\t<meta name=\"twitter:data2\" content=\"1 minuto\" \/>\n<script type=\"application\/ld+json\" class=\"yoast-schema-graph\">{\"@context\":\"https:\\\/\\\/schema.org\",\"@graph\":[{\"@type\":\"Article\",\"@id\":\"https:\\\/\\\/www.radiohorizonte.fm\\\/radio\\\/2023\\\/08\\\/30\\\/el-chaco-no-pagaran-el-bono-estatales-anunciado-por-sergio-massa\\\/#article\",\"isPartOf\":{\"@id\":\"https:\\\/\\\/www.radiohorizonte.fm\\\/radio\\\/2023\\\/08\\\/30\\\/el-chaco-no-pagaran-el-bono-estatales-anunciado-por-sergio-massa\\\/\"},\"author\":{\"name\":\"Cristian Galarza\",\"@id\":\"http:\\\/\\\/www.radiohorizonte.fm\\\/radio\\\/#\\\/schema\\\/person\\\/f8fa003a405bb86729fd87d15d0ddafa\"},\"headline\":\"El Chaco no pagar\u00e1n el bono a estatales, anunciado por Sergio Massa\",\"datePublished\":\"2023-08-30T13:16:28+00:00\",\"mainEntityOfPage\":{\"@id\":\"https:\\\/\\\/www.radiohorizonte.fm\\\/radio\\\/2023\\\/08\\\/30\\\/el-chaco-no-pagaran-el-bono-estatales-anunciado-por-sergio-massa\\\/\"},\"wordCount\":141,\"publisher\":{\"@id\":\"http:\\\/\\\/www.radiohorizonte.fm\\\/radio\\\/#organization\"},\"image\":{\"@id\":\"https:\\\/\\\/www.radiohorizonte.fm\\\/radio\\\/2023\\\/08\\\/30\\\/el-chaco-no-pagaran-el-bono-estatales-anunciado-por-sergio-massa\\\/#primaryimage\"},\"thumbnailUrl\":\"http:\\\/\\\/www.radiohorizonte.fm\\\/radio\\\/wp-content\\\/uploads\\\/2023\\\/08\\\/63a4534606763.jpg\",\"articleSection\":[\"Noticias\"],\"inLanguage\":\"es-AR\"},{\"@type\":\"WebPage\",\"@id\":\"https:\\\/\\\/www.radiohorizonte.fm\\\/radio\\\/2023\\\/08\\\/30\\\/el-chaco-no-pagaran-el-bono-estatales-anunciado-por-sergio-massa\\\/\",\"url\":\"https:\\\/\\\/www.radiohorizonte.fm\\\/radio\\\/2023\\\/08\\\/30\\\/el-chaco-no-pagaran-el-bono-estatales-anunciado-por-sergio-massa\\\/\",\"name\":\"El Chaco no pagar\u00e1n el bono a estatales, anunciado por Sergio Massa - Horizonte\",\"isPartOf\":{\"@id\":\"http:\\\/\\\/www.radiohorizonte.fm\\\/radio\\\/#website\"},\"primaryImageOfPage\":{\"@id\":\"https:\\\/\\\/www.radiohorizonte.fm\\\/radio\\\/2023\\\/08\\\/30\\\/el-chaco-no-pagaran-el-bono-estatales-anunciado-por-sergio-massa\\\/#primaryimage\"},\"image\":{\"@id\":\"https:\\\/\\\/www.radiohorizonte.fm\\\/radio\\\/2023\\\/08\\\/30\\\/el-chaco-no-pagaran-el-bono-estatales-anunciado-por-sergio-massa\\\/#primaryimage\"},\"thumbnailUrl\":\"http:\\\/\\\/www.radiohorizonte.fm\\\/radio\\\/wp-content\\\/uploads\\\/2023\\\/08\\\/63a4534606763.jpg\",\"datePublished\":\"2023-08-30T13:16:28+00:00\",\"breadcrumb\":{\"@id\":\"https:\\\/\\\/www.radiohorizonte.fm\\\/radio\\\/2023\\\/08\\\/30\\\/el-chaco-no-pagaran-el-bono-estatales-anunciado-por-sergio-massa\\\/#breadcrumb\"},\"inLanguage\":\"es-AR\",\"potentialAction\":[{\"@type\":\"ReadAction\",\"target\":[\"https:\\\/\\\/www.radiohorizonte.fm\\\/radio\\\/2023\\\/08\\\/30\\\/el-chaco-no-pagaran-el-bono-estatales-anunciado-por-sergio-massa\\\/\"]}]},{\"@type\":\"ImageObject\",\"inLanguage\":\"es-AR\",\"@id\":\"https:\\\/\\\/www.radiohorizonte.fm\\\/radio\\\/2023\\\/08\\\/30\\\/el-chaco-no-pagaran-el-bono-estatales-anunciado-por-sergio-massa\\\/#primaryimage\",\"url\":\"http:\\\/\\\/www.radiohorizonte.fm\\\/radio\\\/wp-content\\\/uploads\\\/2023\\\/08\\\/63a4534606763.jpg\",\"contentUrl\":\"http:\\\/\\\/www.radiohorizonte.fm\\\/radio\\\/wp-content\\\/uploads\\\/2023\\\/08\\\/63a4534606763.jpg\",\"width\":1200,\"height\":675},{\"@type\":\"BreadcrumbList\",\"@id\":\"https:\\\/\\\/www.radiohorizonte.fm\\\/radio\\\/2023\\\/08\\\/30\\\/el-chaco-no-pagaran-el-bono-estatales-anunciado-por-sergio-massa\\\/#breadcrumb\",\"itemListElement\":[{\"@type\":\"ListItem\",\"position\":1,\"name\":\"Home\",\"item\":\"http:\\\/\\\/www.radiohorizonte.fm\\\/radio\\\/\"},{\"@type\":\"ListItem\",\"position\":2,\"name\":\"El Chaco no pagar\u00e1n el bono a estatales, anunciado por Sergio Massa\"}]},{\"@type\":\"WebSite\",\"@id\":\"http:\\\/\\\/www.radiohorizonte.fm\\\/radio\\\/#website\",\"url\":\"http:\\\/\\\/www.radiohorizonte.fm\\\/radio\\\/\",\"name\":\"Horizonte\",\"description\":\"Radio Horizonte 106.1 - Una radio de clasicos\",\"publisher\":{\"@id\":\"http:\\\/\\\/www.radiohorizonte.fm\\\/radio\\\/#organization\"},\"potentialAction\":[{\"@type\":\"SearchAction\",\"target\":{\"@type\":\"EntryPoint\",\"urlTemplate\":\"http:\\\/\\\/www.radiohorizonte.fm\\\/radio\\\/?s={search_term_string}\"},\"query-input\":{\"@type\":\"PropertyValueSpecification\",\"valueRequired\":true,\"valueName\":\"search_term_string\"}}],\"inLanguage\":\"es-AR\"},{\"@type\":\"Organization\",\"@id\":\"http:\\\/\\\/www.radiohorizonte.fm\\\/radio\\\/#organization\",\"name\":\"Horizonte\",\"url\":\"http:\\\/\\\/www.radiohorizonte.fm\\\/radio\\\/\",\"logo\":{\"@type\":\"ImageObject\",\"inLanguage\":\"es-AR\",\"@id\":\"http:\\\/\\\/www.radiohorizonte.fm\\\/radio\\\/#\\\/schema\\\/logo\\\/image\\\/\",\"url\":\"http:\\\/\\\/www.radiohorizonte.fm\\\/radio\\\/wp-content\\\/uploads\\\/2025\\\/06\\\/Portada-FM-Horizonte_modelo-imagen-scaled.jpg\",\"contentUrl\":\"http:\\\/\\\/www.radiohorizonte.fm\\\/radio\\\/wp-content\\\/uploads\\\/2025\\\/06\\\/Portada-FM-Horizonte_modelo-imagen-scaled.jpg\",\"width\":2560,\"height\":1056,\"caption\":\"Horizonte\"},\"image\":{\"@id\":\"http:\\\/\\\/www.radiohorizonte.fm\\\/radio\\\/#\\\/schema\\\/logo\\\/image\\\/\"},\"sameAs\":[\"http:\\\/\\\/www.facebook.com\\\/HORIZONTE106.1\",\"https:\\\/\\\/x.com\\\/fmhorizonte1061\"]},{\"@type\":\"Person\",\"@id\":\"http:\\\/\\\/www.radiohorizonte.fm\\\/radio\\\/#\\\/schema\\\/person\\\/f8fa003a405bb86729fd87d15d0ddafa\",\"name\":\"Cristian Galarza\",\"image\":{\"@type\":\"ImageObject\",\"inLanguage\":\"es-AR\",\"@id\":\"https:\\\/\\\/secure.gravatar.com\\\/avatar\\\/fad34bc2c773209c05d7d53b08a69b680eeb55f3be014e52b31643d20ab65925?s=96&d=mm&r=g\",\"url\":\"https:\\\/\\\/secure.gravatar.com\\\/avatar\\\/fad34bc2c773209c05d7d53b08a69b680eeb55f3be014e52b31643d20ab65925?s=96&d=mm&r=g\",\"contentUrl\":\"https:\\\/\\\/secure.gravatar.com\\\/avatar\\\/fad34bc2c773209c05d7d53b08a69b680eeb55f3be014e52b31643d20ab65925?s=96&d=mm&r=g\",\"caption\":\"Cristian Galarza\"},\"url\":\"http:\\\/\\\/www.radiohorizonte.fm\\\/radio\\\/author\\\/cristian\\\/\"}]}<\/script>\n<!-- \/ Yoast SEO plugin. -->","yoast_head_json":{"title":"El Chaco no pagar\u00e1n el bono a estatales, anunciado por Sergio Massa - Horizonte","robots":{"index":"index","follow":"follow","max-snippet":"max-snippet:-1","max-image-preview":"max-image-preview:large","max-video-preview":"max-video-preview:-1"},"canonical":"https:\/\/www.radiohorizonte.fm\/radio\/2023\/08\/30\/el-chaco-no-pagaran-el-bono-estatales-anunciado-por-sergio-massa\/","og_locale":"es_ES","og_type":"article","og_title":"El Chaco no pagar\u00e1n el bono a estatales, anunciado por Sergio Massa - Horizonte","og_description":"En conferencia de prensa el Ministro de Gobierno del Chaco, Juan Manuel Chapo, confirm\u00f3 que la provincia no abonar\u00e1\u00a0\u00a0el bono de 60 mil pesos dispuesto por Massa para atenuar el impacto de la devaluaci\u00f3n. &#8220;La provincia ya hab\u00eda tomado medidas, previas al anuncio de Sergio Massa&#8221; afirm\u00f3 el funcionario.\u00a0Desde el ejecutivo expresaron que se encuentran","og_url":"https:\/\/www.radiohorizonte.fm\/radio\/2023\/08\/30\/el-chaco-no-pagaran-el-bono-estatales-anunciado-por-sergio-massa\/","og_site_name":"Horizonte","article_publisher":"http:\/\/www.facebook.com\/HORIZONTE106.1","article_published_time":"2023-08-30T13:16:28+00:00","og_image":[{"width":1200,"height":675,"url":"https:\/\/www.radiohorizonte.fm\/radio\/wp-content\/uploads\/2023\/08\/63a4534606763.jpg","type":"image\/jpeg"}],"author":"Cristian Galarza","twitter_card":"summary_large_image","twitter_creator":"@fmhorizonte1061","twitter_site":"@fmhorizonte1061","twitter_misc":{"Escrito por":"Cristian Galarza","Tiempo de lectura":"1 minuto"},"schema":{"@context":"https:\/\/schema.org","@graph":[{"@type":"Article","@id":"https:\/\/www.radiohorizonte.fm\/radio\/2023\/08\/30\/el-chaco-no-pagaran-el-bono-estatales-anunciado-por-sergio-massa\/#article","isPartOf":{"@id":"https:\/\/www.radiohorizonte.fm\/radio\/2023\/08\/30\/el-chaco-no-pagaran-el-bono-estatales-anunciado-por-sergio-massa\/"},"author":{"name":"Cristian Galarza","@id":"http:\/\/www.radiohorizonte.fm\/radio\/#\/schema\/person\/f8fa003a405bb86729fd87d15d0ddafa"},"headline":"El Chaco no pagar\u00e1n el bono a estatales, anunciado por Sergio Massa","datePublished":"2023-08-30T13:16:28+00:00","mainEntityOfPage":{"@id":"https:\/\/www.radiohorizonte.fm\/radio\/2023\/08\/30\/el-chaco-no-pagaran-el-bono-estatales-anunciado-por-sergio-massa\/"},"wordCount":141,"publisher":{"@id":"http:\/\/www.radiohorizonte.fm\/radio\/#organization"},"image":{"@id":"https:\/\/www.radiohorizonte.fm\/radio\/2023\/08\/30\/el-chaco-no-pagaran-el-bono-estatales-anunciado-por-sergio-massa\/#primaryimage"},"thumbnailUrl":"http:\/\/www.radiohorizonte.fm\/radio\/wp-content\/uploads\/2023\/08\/63a4534606763.jpg","articleSection":["Noticias"],"inLanguage":"es-AR"},{"@type":"WebPage","@id":"https:\/\/www.radiohorizonte.fm\/radio\/2023\/08\/30\/el-chaco-no-pagaran-el-bono-estatales-anunciado-por-sergio-massa\/","url":"https:\/\/www.radiohorizonte.fm\/radio\/2023\/08\/30\/el-chaco-no-pagaran-el-bono-estatales-anunciado-por-sergio-massa\/","name":"El Chaco no pagar\u00e1n el bono a estatales, anunciado por Sergio Massa - Horizonte","isPartOf":{"@id":"http:\/\/www.radiohorizonte.fm\/radio\/#website"},"primaryImageOfPage":{"@id":"https:\/\/www.radiohorizonte.fm\/radio\/2023\/08\/30\/el-chaco-no-pagaran-el-bono-estatales-anunciado-por-sergio-massa\/#primaryimage"},"image":{"@id":"https:\/\/www.radiohorizonte.fm\/radio\/2023\/08\/30\/el-chaco-no-pagaran-el-bono-estatales-anunciado-por-sergio-massa\/#primaryimage"},"thumbnailUrl":"http:\/\/www.radiohorizonte.fm\/radio\/wp-content\/uploads\/2023\/08\/63a4534606763.jpg","datePublished":"2023-08-30T13:16:28+00:00","breadcrumb":{"@id":"https:\/\/www.radiohorizonte.fm\/radio\/2023\/08\/30\/el-chaco-no-pagaran-el-bono-estatales-anunciado-por-sergio-massa\/#breadcrumb"},"inLanguage":"es-AR","potentialAction":[{"@type":"ReadAction","target":["https:\/\/www.radiohorizonte.fm\/radio\/2023\/08\/30\/el-chaco-no-pagaran-el-bono-estatales-anunciado-por-sergio-massa\/"]}]},{"@type":"ImageObject","inLanguage":"es-AR","@id":"https:\/\/www.radiohorizonte.fm\/radio\/2023\/08\/30\/el-chaco-no-pagaran-el-bono-estatales-anunciado-por-sergio-massa\/#primaryimage","url":"http:\/\/www.radiohorizonte.fm\/radio\/wp-content\/uploads\/2023\/08\/63a4534606763.jpg","contentUrl":"http:\/\/www.radiohorizonte.fm\/radio\/wp-content\/uploads\/2023\/08\/63a4534606763.jpg","width":1200,"height":675},{"@type":"BreadcrumbList","@id":"https:\/\/www.radiohorizonte.fm\/radio\/2023\/08\/30\/el-chaco-no-pagaran-el-bono-estatales-anunciado-por-sergio-massa\/#breadcrumb","itemListElement":[{"@type":"ListItem","position":1,"name":"Home","item":"http:\/\/www.radiohorizonte.fm\/radio\/"},{"@type":"ListItem","position":2,"name":"El Chaco no pagar\u00e1n el bono a estatales, anunciado por Sergio Massa"}]},{"@type":"WebSite","@id":"http:\/\/www.radiohorizonte.fm\/radio\/#website","url":"http:\/\/www.radiohorizonte.fm\/radio\/","name":"Horizonte","description":"Radio Horizonte 106.1 - Una radio de clasicos","publisher":{"@id":"http:\/\/www.radiohorizonte.fm\/radio\/#organization"},"potentialAction":[{"@type":"SearchAction","target":{"@type":"EntryPoint","urlTemplate":"http:\/\/www.radiohorizonte.fm\/radio\/?s={search_term_string}"},"query-input":{"@type":"PropertyValueSpecification","valueRequired":true,"valueName":"search_term_string"}}],"inLanguage":"es-AR"},{"@type":"Organization","@id":"http:\/\/www.radiohorizonte.fm\/radio\/#organization","name":"Horizonte","url":"http:\/\/www.radiohorizonte.fm\/radio\/","logo":{"@type":"ImageObject","inLanguage":"es-AR","@id":"http:\/\/www.radiohorizonte.fm\/radio\/#\/schema\/logo\/image\/","url":"http:\/\/www.radiohorizonte.fm\/radio\/wp-content\/uploads\/2025\/06\/Portada-FM-Horizonte_modelo-imagen-scaled.jpg","contentUrl":"http:\/\/www.radiohorizonte.fm\/radio\/wp-content\/uploads\/2025\/06\/Portada-FM-Horizonte_modelo-imagen-scaled.jpg","width":2560,"height":1056,"caption":"Horizonte"},"image":{"@id":"http:\/\/www.radiohorizonte.fm\/radio\/#\/schema\/logo\/image\/"},"sameAs":["http:\/\/www.facebook.com\/HORIZONTE106.1","https:\/\/x.com\/fmhorizonte1061"]},{"@type":"Person","@id":"http:\/\/www.radiohorizonte.fm\/radio\/#\/schema\/person\/f8fa003a405bb86729fd87d15d0ddafa","name":"Cristian Galarza","image":{"@type":"ImageObject","inLanguage":"es-AR","@id":"https:\/\/secure.gravatar.com\/avatar\/fad34bc2c773209c05d7d53b08a69b680eeb55f3be014e52b31643d20ab65925?s=96&d=mm&r=g","url":"https:\/\/secure.gravatar.com\/avatar\/fad34bc2c773209c05d7d53b08a69b680eeb55f3be014e52b31643d20ab65925?s=96&d=mm&r=g","contentUrl":"https:\/\/secure.gravatar.com\/avatar\/fad34bc2c773209c05d7d53b08a69b680eeb55f3be014e52b31643d20ab65925?s=96&d=mm&r=g","caption":"Cristian Galarza"},"url":"http:\/\/www.radiohorizonte.fm\/radio\/author\/cristian\/"}]}},"_links":{"self":[{"href":"http:\/\/www.radiohorizonte.fm\/radio\/wp-json\/wp\/v2\/posts\/41874","targetHints":{"allow":["GET"]}}],"collection":[{"href":"http:\/\/www.radiohorizonte.fm\/radio\/wp-json\/wp\/v2\/posts"}],"about":[{"href":"http:\/\/www.radiohorizonte.fm\/radio\/wp-json\/wp\/v2\/types\/post"}],"author":[{"embeddable":true,"href":"http:\/\/www.radiohorizonte.fm\/radio\/wp-json\/wp\/v2\/users\/2"}],"replies":[{"embeddable":true,"href":"http:\/\/www.radiohorizonte.fm\/radio\/wp-json\/wp\/v2\/comments?post=41874"}],"version-history":[{"count":1,"href":"http:\/\/www.radiohorizonte.fm\/radio\/wp-json\/wp\/v2\/posts\/41874\/revisions"}],"predecessor-version":[{"id":41876,"href":"http:\/\/www.radiohorizonte.fm\/radio\/wp-json\/wp\/v2\/posts\/41874\/revisions\/41876"}],"wp:featuredmedia":[{"embeddable":true,"href":"http:\/\/www.radiohorizonte.fm\/radio\/wp-json\/wp\/v2\/media\/41875"}],"wp:attachment":[{"href":"http:\/\/www.radiohorizonte.fm\/radio\/wp-json\/wp\/v2\/media?parent=41874"}],"wp:term":[{"taxonomy":"category","embeddable":true,"href":"http:\/\/www.radiohorizonte.fm\/radio\/wp-json\/wp\/v2\/categories?post=41874"},{"taxonomy":"post_tag","embeddable":true,"href":"http:\/\/www.radiohorizonte.fm\/radio\/wp-json\/wp\/v2\/tags?post=41874"}],"curies":[{"name":"wp","href":"https:\/\/api.w.org\/{rel}","templated":true}]}}