{"id":41904,"date":"2023-09-01T11:40:06","date_gmt":"2023-09-01T14:40:06","guid":{"rendered":"http:\/\/www.radiohorizonte.fm\/radio\/?p=41904"},"modified":"2023-09-01T11:40:06","modified_gmt":"2023-09-01T14:40:06","slug":"murio-jack-sonni-exguitarrista-de-dire-straits","status":"publish","type":"post","link":"http:\/\/www.radiohorizonte.fm\/radio\/2023\/09\/01\/murio-jack-sonni-exguitarrista-de-dire-straits\/","title":{"rendered":"Muri\u00f3 Jack Sonni, exguitarrista de Dire Straits"},"content":{"rendered":"<p>Ten\u00eda 68 a\u00f1os. Sus compa\u00f1eros publicaron la noticia en redes sociales con un conmovedor mensaje.<\/p>\n<p><img loading=\"lazy\" decoding=\"async\" class=\"alignnone size-full wp-image-41905\" src=\"http:\/\/www.radiohorizonte.fm\/radio\/wp-content\/uploads\/2023\/09\/descarga-91.jpg\" alt=\"\" width=\"300\" height=\"168\" srcset=\"http:\/\/www.radiohorizonte.fm\/radio\/wp-content\/uploads\/2023\/09\/descarga-91.jpg 300w, http:\/\/www.radiohorizonte.fm\/radio\/wp-content\/uploads\/2023\/09\/descarga-91-65x36.jpg 65w, http:\/\/www.radiohorizonte.fm\/radio\/wp-content\/uploads\/2023\/09\/descarga-91-85x48.jpg 85w, http:\/\/www.radiohorizonte.fm\/radio\/wp-content\/uploads\/2023\/09\/descarga-91-220x123.jpg 220w, http:\/\/www.radiohorizonte.fm\/radio\/wp-content\/uploads\/2023\/09\/descarga-91-90x50.jpg 90w\" sizes=\"auto, (max-width: 300px) 100vw, 300px\" \/><\/p>\n<p>Jack Sonni, exguitarrista de Dire Straits, muri\u00f3 a los 68 a\u00f1os, seg\u00fan anunci\u00f3 la banda en sus redes sociales.<\/p>\n<p>&#8220;JackSonni descansa en paz&#8221;, escribieron en la red social X (antes Twitter) junto a una foto en blanco y negro del m\u00fasico. Es recordado por los fans del legendario grupo como &#8220;el otro guitarrista&#8221; durante la era del exitoso disco Brothers in Arms, publicado en 1985.<\/p>\n<p>Hasta el momento no se conoci\u00f3 la causa de su muerte. El martes, Dire Straits Legacy, una banda formada por exintegrantes de la banda, anunci\u00f3 que Jack hab\u00eda estado sufriendo problemas de salud.<\/p>\n<p>Jack Sonni naci\u00f3 en Denver, Colorado. Arranc\u00f3 su carrera musical con el piano, luego la trompeta y, a los 14 a\u00f1os pas\u00f3 a la guitarra. Su amor por la m\u00fasica lo llev\u00f3 a dejar la Universidad de Connecticut, donde estudiaba literatura, para ingresar al Conservatorio de M\u00fasica de Hartford.<\/p>\n<p>Su destino cambi\u00f3 cuando conoci\u00f3 a Mark Knopfler a mediados de los \u201880, cuando trabajaba una una casa de instrumentos musicales.<\/p>\n<p>Cuando David Knopfler, hermano del guitarrista y cantante, dej\u00f3 el grupo, Sonni se sum\u00f3 a Dire Straits. Por aquellos d\u00edas, el grupo formado en Londres estaba por ingresar a grabar su quinto disco, y el m\u00e1s famoso de todos, Brothers in Arms.<\/p>\n<p>El \u00e1lbum gan\u00f3 un premio Grammy y vendi\u00f3 m\u00e1s de 30 millones de copias en todo el mundo.<\/p>\n<p>Brothers in Arms, el disco que marc\u00f3 la carrera de Dire Straits<\/p>\n<p>El quinto trabajo de la banda comandada por el cantante y guitarrista Mark Knopfler, Brothers in Arms, fue uno de los primeros discos publicados en CD que lleg\u00f3 a vender un mill\u00f3n de copias en aquel nuevo formato.<\/p>\n<p>&#8220;Money for Nothing&#8221;, con la participaci\u00f3n de Sting, fue uno de los cortes. R\u00e1pidamente se convirti\u00f3 en un hit y tuvo mucha rotaci\u00f3n su videoclip animado que fue uno de los primeros en ser emitidos en la cadena de televisi\u00f3n MTV.<\/p>\n<p>El tema &#8220;Walk of Life&#8221;, n\u00famero 2 en las listas de \u00e9xitos brit\u00e1nicas a comienzos de 1986, es un homenaje de Knopfler al cantante estadounidense Johnny Mathis. &#8220;So Far Away&#8221;, &#8220;Your Latest Trick&#8221; y el tema que le da nombre al \u00e1lbum fueron otros de los cortes.<\/p>\n","protected":false},"excerpt":{"rendered":"<div class=\"post-excerpt\"><p>Ten\u00eda 68 a\u00f1os. Sus compa\u00f1eros publicaron la noticia en redes sociales con un conmovedor mensaje. Jack Sonni, exguitarrista de Dire Straits, muri\u00f3 a los 68 a\u00f1os, seg\u00fan anunci\u00f3 la banda en sus redes sociales. &#8220;JackSonni descansa en paz&#8221;, escribieron en la red social X (antes Twitter) junto a una foto en blanco y negro del<\/p>\n<\/div>","protected":false},"author":2,"featured_media":41905,"comment_status":"closed","ping_status":"closed","sticky":false,"template":"","format":"standard","meta":{"_acf_changed":false,"footnotes":""},"categories":[3],"tags":[],"class_list":["post-41904","post","type-post","status-publish","format-standard","has-post-thumbnail","hentry","category-infomusic"],"acf":[],"yoast_head":"<!-- This site is optimized with the Yoast SEO plugin v28.1 - https:\/\/yoast.com\/product\/yoast-seo-wordpress\/ -->\n<title>Muri\u00f3 Jack Sonni, exguitarrista de Dire Straits - Horizonte<\/title>\n<meta name=\"robots\" content=\"index, follow, max-snippet:-1, max-image-preview:large, max-video-preview:-1\" \/>\n<link rel=\"canonical\" href=\"http:\/\/www.radiohorizonte.fm\/radio\/2023\/09\/01\/murio-jack-sonni-exguitarrista-de-dire-straits\/\" \/>\n<meta property=\"og:locale\" content=\"es_ES\" \/>\n<meta property=\"og:type\" content=\"article\" \/>\n<meta property=\"og:title\" content=\"Muri\u00f3 Jack Sonni, exguitarrista de Dire Straits - Horizonte\" \/>\n<meta property=\"og:description\" content=\"Ten\u00eda 68 a\u00f1os. Sus compa\u00f1eros publicaron la noticia en redes sociales con un conmovedor mensaje. Jack Sonni, exguitarrista de Dire Straits, muri\u00f3 a los 68 a\u00f1os, seg\u00fan anunci\u00f3 la banda en sus redes sociales. &#8220;JackSonni descansa en paz&#8221;, escribieron en la red social X (antes Twitter) junto a una foto en blanco y negro del\" \/>\n<meta property=\"og:url\" content=\"http:\/\/www.radiohorizonte.fm\/radio\/2023\/09\/01\/murio-jack-sonni-exguitarrista-de-dire-straits\/\" \/>\n<meta property=\"og:site_name\" content=\"Horizonte\" \/>\n<meta property=\"article:publisher\" content=\"http:\/\/www.facebook.com\/HORIZONTE106.1\" \/>\n<meta property=\"article:published_time\" content=\"2023-09-01T14:40:06+00:00\" \/>\n<meta property=\"og:image\" content=\"http:\/\/www.radiohorizonte.fm\/radio\/wp-content\/uploads\/2023\/09\/descarga-91.jpg\" \/>\n\t<meta property=\"og:image:width\" content=\"300\" \/>\n\t<meta property=\"og:image:height\" content=\"168\" \/>\n\t<meta property=\"og:image:type\" content=\"image\/jpeg\" \/>\n<meta name=\"author\" content=\"Cristian Galarza\" \/>\n<meta name=\"twitter:card\" content=\"summary_large_image\" \/>\n<meta name=\"twitter:creator\" content=\"@fmhorizonte1061\" \/>\n<meta name=\"twitter:site\" content=\"@fmhorizonte1061\" \/>\n<meta name=\"twitter:label1\" content=\"Escrito por\" \/>\n\t<meta name=\"twitter:data1\" content=\"Cristian Galarza\" \/>\n\t<meta name=\"twitter:label2\" content=\"Tiempo de lectura\" \/>\n\t<meta name=\"twitter:data2\" content=\"2 minutos\" \/>\n<script type=\"application\/ld+json\" class=\"yoast-schema-graph\">{\"@context\":\"https:\\\/\\\/schema.org\",\"@graph\":[{\"@type\":\"Article\",\"@id\":\"http:\\\/\\\/www.radiohorizonte.fm\\\/radio\\\/2023\\\/09\\\/01\\\/murio-jack-sonni-exguitarrista-de-dire-straits\\\/#article\",\"isPartOf\":{\"@id\":\"http:\\\/\\\/www.radiohorizonte.fm\\\/radio\\\/2023\\\/09\\\/01\\\/murio-jack-sonni-exguitarrista-de-dire-straits\\\/\"},\"author\":{\"name\":\"Cristian Galarza\",\"@id\":\"http:\\\/\\\/www.radiohorizonte.fm\\\/radio\\\/#\\\/schema\\\/person\\\/f8fa003a405bb86729fd87d15d0ddafa\"},\"headline\":\"Muri\u00f3 Jack Sonni, exguitarrista de Dire Straits\",\"datePublished\":\"2023-09-01T14:40:06+00:00\",\"mainEntityOfPage\":{\"@id\":\"http:\\\/\\\/www.radiohorizonte.fm\\\/radio\\\/2023\\\/09\\\/01\\\/murio-jack-sonni-exguitarrista-de-dire-straits\\\/\"},\"wordCount\":400,\"publisher\":{\"@id\":\"http:\\\/\\\/www.radiohorizonte.fm\\\/radio\\\/#organization\"},\"image\":{\"@id\":\"http:\\\/\\\/www.radiohorizonte.fm\\\/radio\\\/2023\\\/09\\\/01\\\/murio-jack-sonni-exguitarrista-de-dire-straits\\\/#primaryimage\"},\"thumbnailUrl\":\"http:\\\/\\\/www.radiohorizonte.fm\\\/radio\\\/wp-content\\\/uploads\\\/2023\\\/09\\\/descarga-91.jpg\",\"articleSection\":[\"Infomusic\"],\"inLanguage\":\"es-AR\"},{\"@type\":\"WebPage\",\"@id\":\"http:\\\/\\\/www.radiohorizonte.fm\\\/radio\\\/2023\\\/09\\\/01\\\/murio-jack-sonni-exguitarrista-de-dire-straits\\\/\",\"url\":\"http:\\\/\\\/www.radiohorizonte.fm\\\/radio\\\/2023\\\/09\\\/01\\\/murio-jack-sonni-exguitarrista-de-dire-straits\\\/\",\"name\":\"Muri\u00f3 Jack Sonni, exguitarrista de Dire Straits - Horizonte\",\"isPartOf\":{\"@id\":\"http:\\\/\\\/www.radiohorizonte.fm\\\/radio\\\/#website\"},\"primaryImageOfPage\":{\"@id\":\"http:\\\/\\\/www.radiohorizonte.fm\\\/radio\\\/2023\\\/09\\\/01\\\/murio-jack-sonni-exguitarrista-de-dire-straits\\\/#primaryimage\"},\"image\":{\"@id\":\"http:\\\/\\\/www.radiohorizonte.fm\\\/radio\\\/2023\\\/09\\\/01\\\/murio-jack-sonni-exguitarrista-de-dire-straits\\\/#primaryimage\"},\"thumbnailUrl\":\"http:\\\/\\\/www.radiohorizonte.fm\\\/radio\\\/wp-content\\\/uploads\\\/2023\\\/09\\\/descarga-91.jpg\",\"datePublished\":\"2023-09-01T14:40:06+00:00\",\"breadcrumb\":{\"@id\":\"http:\\\/\\\/www.radiohorizonte.fm\\\/radio\\\/2023\\\/09\\\/01\\\/murio-jack-sonni-exguitarrista-de-dire-straits\\\/#breadcrumb\"},\"inLanguage\":\"es-AR\",\"potentialAction\":[{\"@type\":\"ReadAction\",\"target\":[\"http:\\\/\\\/www.radiohorizonte.fm\\\/radio\\\/2023\\\/09\\\/01\\\/murio-jack-sonni-exguitarrista-de-dire-straits\\\/\"]}]},{\"@type\":\"ImageObject\",\"inLanguage\":\"es-AR\",\"@id\":\"http:\\\/\\\/www.radiohorizonte.fm\\\/radio\\\/2023\\\/09\\\/01\\\/murio-jack-sonni-exguitarrista-de-dire-straits\\\/#primaryimage\",\"url\":\"http:\\\/\\\/www.radiohorizonte.fm\\\/radio\\\/wp-content\\\/uploads\\\/2023\\\/09\\\/descarga-91.jpg\",\"contentUrl\":\"http:\\\/\\\/www.radiohorizonte.fm\\\/radio\\\/wp-content\\\/uploads\\\/2023\\\/09\\\/descarga-91.jpg\",\"width\":300,\"height\":168},{\"@type\":\"BreadcrumbList\",\"@id\":\"http:\\\/\\\/www.radiohorizonte.fm\\\/radio\\\/2023\\\/09\\\/01\\\/murio-jack-sonni-exguitarrista-de-dire-straits\\\/#breadcrumb\",\"itemListElement\":[{\"@type\":\"ListItem\",\"position\":1,\"name\":\"Home\",\"item\":\"http:\\\/\\\/www.radiohorizonte.fm\\\/radio\\\/\"},{\"@type\":\"ListItem\",\"position\":2,\"name\":\"Muri\u00f3 Jack Sonni, exguitarrista de Dire Straits\"}]},{\"@type\":\"WebSite\",\"@id\":\"http:\\\/\\\/www.radiohorizonte.fm\\\/radio\\\/#website\",\"url\":\"http:\\\/\\\/www.radiohorizonte.fm\\\/radio\\\/\",\"name\":\"Horizonte\",\"description\":\"Radio Horizonte 106.1 - Una radio de clasicos\",\"publisher\":{\"@id\":\"http:\\\/\\\/www.radiohorizonte.fm\\\/radio\\\/#organization\"},\"potentialAction\":[{\"@type\":\"SearchAction\",\"target\":{\"@type\":\"EntryPoint\",\"urlTemplate\":\"http:\\\/\\\/www.radiohorizonte.fm\\\/radio\\\/?s={search_term_string}\"},\"query-input\":{\"@type\":\"PropertyValueSpecification\",\"valueRequired\":true,\"valueName\":\"search_term_string\"}}],\"inLanguage\":\"es-AR\"},{\"@type\":\"Organization\",\"@id\":\"http:\\\/\\\/www.radiohorizonte.fm\\\/radio\\\/#organization\",\"name\":\"Horizonte\",\"url\":\"http:\\\/\\\/www.radiohorizonte.fm\\\/radio\\\/\",\"logo\":{\"@type\":\"ImageObject\",\"inLanguage\":\"es-AR\",\"@id\":\"http:\\\/\\\/www.radiohorizonte.fm\\\/radio\\\/#\\\/schema\\\/logo\\\/image\\\/\",\"url\":\"http:\\\/\\\/www.radiohorizonte.fm\\\/radio\\\/wp-content\\\/uploads\\\/2025\\\/06\\\/Portada-FM-Horizonte_modelo-imagen-scaled.jpg\",\"contentUrl\":\"http:\\\/\\\/www.radiohorizonte.fm\\\/radio\\\/wp-content\\\/uploads\\\/2025\\\/06\\\/Portada-FM-Horizonte_modelo-imagen-scaled.jpg\",\"width\":2560,\"height\":1056,\"caption\":\"Horizonte\"},\"image\":{\"@id\":\"http:\\\/\\\/www.radiohorizonte.fm\\\/radio\\\/#\\\/schema\\\/logo\\\/image\\\/\"},\"sameAs\":[\"http:\\\/\\\/www.facebook.com\\\/HORIZONTE106.1\",\"https:\\\/\\\/x.com\\\/fmhorizonte1061\"]},{\"@type\":\"Person\",\"@id\":\"http:\\\/\\\/www.radiohorizonte.fm\\\/radio\\\/#\\\/schema\\\/person\\\/f8fa003a405bb86729fd87d15d0ddafa\",\"name\":\"Cristian Galarza\",\"image\":{\"@type\":\"ImageObject\",\"inLanguage\":\"es-AR\",\"@id\":\"https:\\\/\\\/secure.gravatar.com\\\/avatar\\\/fad34bc2c773209c05d7d53b08a69b680eeb55f3be014e52b31643d20ab65925?s=96&d=mm&r=g\",\"url\":\"https:\\\/\\\/secure.gravatar.com\\\/avatar\\\/fad34bc2c773209c05d7d53b08a69b680eeb55f3be014e52b31643d20ab65925?s=96&d=mm&r=g\",\"contentUrl\":\"https:\\\/\\\/secure.gravatar.com\\\/avatar\\\/fad34bc2c773209c05d7d53b08a69b680eeb55f3be014e52b31643d20ab65925?s=96&d=mm&r=g\",\"caption\":\"Cristian Galarza\"},\"url\":\"http:\\\/\\\/www.radiohorizonte.fm\\\/radio\\\/author\\\/cristian\\\/\"}]}<\/script>\n<!-- \/ Yoast SEO plugin. -->","yoast_head_json":{"title":"Muri\u00f3 Jack Sonni, exguitarrista de Dire Straits - Horizonte","robots":{"index":"index","follow":"follow","max-snippet":"max-snippet:-1","max-image-preview":"max-image-preview:large","max-video-preview":"max-video-preview:-1"},"canonical":"http:\/\/www.radiohorizonte.fm\/radio\/2023\/09\/01\/murio-jack-sonni-exguitarrista-de-dire-straits\/","og_locale":"es_ES","og_type":"article","og_title":"Muri\u00f3 Jack Sonni, exguitarrista de Dire Straits - Horizonte","og_description":"Ten\u00eda 68 a\u00f1os. Sus compa\u00f1eros publicaron la noticia en redes sociales con un conmovedor mensaje. Jack Sonni, exguitarrista de Dire Straits, muri\u00f3 a los 68 a\u00f1os, seg\u00fan anunci\u00f3 la banda en sus redes sociales. &#8220;JackSonni descansa en paz&#8221;, escribieron en la red social X (antes Twitter) junto a una foto en blanco y negro del","og_url":"http:\/\/www.radiohorizonte.fm\/radio\/2023\/09\/01\/murio-jack-sonni-exguitarrista-de-dire-straits\/","og_site_name":"Horizonte","article_publisher":"http:\/\/www.facebook.com\/HORIZONTE106.1","article_published_time":"2023-09-01T14:40:06+00:00","og_image":[{"width":300,"height":168,"url":"http:\/\/www.radiohorizonte.fm\/radio\/wp-content\/uploads\/2023\/09\/descarga-91.jpg","type":"image\/jpeg"}],"author":"Cristian Galarza","twitter_card":"summary_large_image","twitter_creator":"@fmhorizonte1061","twitter_site":"@fmhorizonte1061","twitter_misc":{"Escrito por":"Cristian Galarza","Tiempo de lectura":"2 minutos"},"schema":{"@context":"https:\/\/schema.org","@graph":[{"@type":"Article","@id":"http:\/\/www.radiohorizonte.fm\/radio\/2023\/09\/01\/murio-jack-sonni-exguitarrista-de-dire-straits\/#article","isPartOf":{"@id":"http:\/\/www.radiohorizonte.fm\/radio\/2023\/09\/01\/murio-jack-sonni-exguitarrista-de-dire-straits\/"},"author":{"name":"Cristian Galarza","@id":"http:\/\/www.radiohorizonte.fm\/radio\/#\/schema\/person\/f8fa003a405bb86729fd87d15d0ddafa"},"headline":"Muri\u00f3 Jack Sonni, exguitarrista de Dire Straits","datePublished":"2023-09-01T14:40:06+00:00","mainEntityOfPage":{"@id":"http:\/\/www.radiohorizonte.fm\/radio\/2023\/09\/01\/murio-jack-sonni-exguitarrista-de-dire-straits\/"},"wordCount":400,"publisher":{"@id":"http:\/\/www.radiohorizonte.fm\/radio\/#organization"},"image":{"@id":"http:\/\/www.radiohorizonte.fm\/radio\/2023\/09\/01\/murio-jack-sonni-exguitarrista-de-dire-straits\/#primaryimage"},"thumbnailUrl":"http:\/\/www.radiohorizonte.fm\/radio\/wp-content\/uploads\/2023\/09\/descarga-91.jpg","articleSection":["Infomusic"],"inLanguage":"es-AR"},{"@type":"WebPage","@id":"http:\/\/www.radiohorizonte.fm\/radio\/2023\/09\/01\/murio-jack-sonni-exguitarrista-de-dire-straits\/","url":"http:\/\/www.radiohorizonte.fm\/radio\/2023\/09\/01\/murio-jack-sonni-exguitarrista-de-dire-straits\/","name":"Muri\u00f3 Jack Sonni, exguitarrista de Dire Straits - Horizonte","isPartOf":{"@id":"http:\/\/www.radiohorizonte.fm\/radio\/#website"},"primaryImageOfPage":{"@id":"http:\/\/www.radiohorizonte.fm\/radio\/2023\/09\/01\/murio-jack-sonni-exguitarrista-de-dire-straits\/#primaryimage"},"image":{"@id":"http:\/\/www.radiohorizonte.fm\/radio\/2023\/09\/01\/murio-jack-sonni-exguitarrista-de-dire-straits\/#primaryimage"},"thumbnailUrl":"http:\/\/www.radiohorizonte.fm\/radio\/wp-content\/uploads\/2023\/09\/descarga-91.jpg","datePublished":"2023-09-01T14:40:06+00:00","breadcrumb":{"@id":"http:\/\/www.radiohorizonte.fm\/radio\/2023\/09\/01\/murio-jack-sonni-exguitarrista-de-dire-straits\/#breadcrumb"},"inLanguage":"es-AR","potentialAction":[{"@type":"ReadAction","target":["http:\/\/www.radiohorizonte.fm\/radio\/2023\/09\/01\/murio-jack-sonni-exguitarrista-de-dire-straits\/"]}]},{"@type":"ImageObject","inLanguage":"es-AR","@id":"http:\/\/www.radiohorizonte.fm\/radio\/2023\/09\/01\/murio-jack-sonni-exguitarrista-de-dire-straits\/#primaryimage","url":"http:\/\/www.radiohorizonte.fm\/radio\/wp-content\/uploads\/2023\/09\/descarga-91.jpg","contentUrl":"http:\/\/www.radiohorizonte.fm\/radio\/wp-content\/uploads\/2023\/09\/descarga-91.jpg","width":300,"height":168},{"@type":"BreadcrumbList","@id":"http:\/\/www.radiohorizonte.fm\/radio\/2023\/09\/01\/murio-jack-sonni-exguitarrista-de-dire-straits\/#breadcrumb","itemListElement":[{"@type":"ListItem","position":1,"name":"Home","item":"http:\/\/www.radiohorizonte.fm\/radio\/"},{"@type":"ListItem","position":2,"name":"Muri\u00f3 Jack Sonni, exguitarrista de Dire Straits"}]},{"@type":"WebSite","@id":"http:\/\/www.radiohorizonte.fm\/radio\/#website","url":"http:\/\/www.radiohorizonte.fm\/radio\/","name":"Horizonte","description":"Radio Horizonte 106.1 - Una radio de clasicos","publisher":{"@id":"http:\/\/www.radiohorizonte.fm\/radio\/#organization"},"potentialAction":[{"@type":"SearchAction","target":{"@type":"EntryPoint","urlTemplate":"http:\/\/www.radiohorizonte.fm\/radio\/?s={search_term_string}"},"query-input":{"@type":"PropertyValueSpecification","valueRequired":true,"valueName":"search_term_string"}}],"inLanguage":"es-AR"},{"@type":"Organization","@id":"http:\/\/www.radiohorizonte.fm\/radio\/#organization","name":"Horizonte","url":"http:\/\/www.radiohorizonte.fm\/radio\/","logo":{"@type":"ImageObject","inLanguage":"es-AR","@id":"http:\/\/www.radiohorizonte.fm\/radio\/#\/schema\/logo\/image\/","url":"http:\/\/www.radiohorizonte.fm\/radio\/wp-content\/uploads\/2025\/06\/Portada-FM-Horizonte_modelo-imagen-scaled.jpg","contentUrl":"http:\/\/www.radiohorizonte.fm\/radio\/wp-content\/uploads\/2025\/06\/Portada-FM-Horizonte_modelo-imagen-scaled.jpg","width":2560,"height":1056,"caption":"Horizonte"},"image":{"@id":"http:\/\/www.radiohorizonte.fm\/radio\/#\/schema\/logo\/image\/"},"sameAs":["http:\/\/www.facebook.com\/HORIZONTE106.1","https:\/\/x.com\/fmhorizonte1061"]},{"@type":"Person","@id":"http:\/\/www.radiohorizonte.fm\/radio\/#\/schema\/person\/f8fa003a405bb86729fd87d15d0ddafa","name":"Cristian Galarza","image":{"@type":"ImageObject","inLanguage":"es-AR","@id":"https:\/\/secure.gravatar.com\/avatar\/fad34bc2c773209c05d7d53b08a69b680eeb55f3be014e52b31643d20ab65925?s=96&d=mm&r=g","url":"https:\/\/secure.gravatar.com\/avatar\/fad34bc2c773209c05d7d53b08a69b680eeb55f3be014e52b31643d20ab65925?s=96&d=mm&r=g","contentUrl":"https:\/\/secure.gravatar.com\/avatar\/fad34bc2c773209c05d7d53b08a69b680eeb55f3be014e52b31643d20ab65925?s=96&d=mm&r=g","caption":"Cristian Galarza"},"url":"http:\/\/www.radiohorizonte.fm\/radio\/author\/cristian\/"}]}},"_links":{"self":[{"href":"http:\/\/www.radiohorizonte.fm\/radio\/wp-json\/wp\/v2\/posts\/41904","targetHints":{"allow":["GET"]}}],"collection":[{"href":"http:\/\/www.radiohorizonte.fm\/radio\/wp-json\/wp\/v2\/posts"}],"about":[{"href":"http:\/\/www.radiohorizonte.fm\/radio\/wp-json\/wp\/v2\/types\/post"}],"author":[{"embeddable":true,"href":"http:\/\/www.radiohorizonte.fm\/radio\/wp-json\/wp\/v2\/users\/2"}],"replies":[{"embeddable":true,"href":"http:\/\/www.radiohorizonte.fm\/radio\/wp-json\/wp\/v2\/comments?post=41904"}],"version-history":[{"count":1,"href":"http:\/\/www.radiohorizonte.fm\/radio\/wp-json\/wp\/v2\/posts\/41904\/revisions"}],"predecessor-version":[{"id":41906,"href":"http:\/\/www.radiohorizonte.fm\/radio\/wp-json\/wp\/v2\/posts\/41904\/revisions\/41906"}],"wp:featuredmedia":[{"embeddable":true,"href":"http:\/\/www.radiohorizonte.fm\/radio\/wp-json\/wp\/v2\/media\/41905"}],"wp:attachment":[{"href":"http:\/\/www.radiohorizonte.fm\/radio\/wp-json\/wp\/v2\/media?parent=41904"}],"wp:term":[{"taxonomy":"category","embeddable":true,"href":"http:\/\/www.radiohorizonte.fm\/radio\/wp-json\/wp\/v2\/categories?post=41904"},{"taxonomy":"post_tag","embeddable":true,"href":"http:\/\/www.radiohorizonte.fm\/radio\/wp-json\/wp\/v2\/tags?post=41904"}],"curies":[{"name":"wp","href":"https:\/\/api.w.org\/{rel}","templated":true}]}}