{"id":41909,"date":"2023-09-04T07:27:41","date_gmt":"2023-09-04T10:27:41","guid":{"rendered":"http:\/\/www.radiohorizonte.fm\/radio\/?p=41909"},"modified":"2023-09-04T07:27:41","modified_gmt":"2023-09-04T10:27:41","slug":"inteligencia-artificial-web3-robotica-y-blockchain-entre-los-principales-ejes-tematicos-de-la-telco-conf-2023","status":"publish","type":"post","link":"http:\/\/www.radiohorizonte.fm\/radio\/2023\/09\/04\/inteligencia-artificial-web3-robotica-y-blockchain-entre-los-principales-ejes-tematicos-de-la-telco-conf-2023\/","title":{"rendered":"Inteligencia Artificial, Web3, rob\u00f3tica y blockchain, entre los principales ejes tem\u00e1ticos de la TelCo Conf 2023"},"content":{"rendered":"<p>\u201cLa idea es que sea como una reuni\u00f3n de personas que comuniquen el mundo nuevo que se viene, en el que estamos todos un poco involucrados y por ah\u00ed lo vemos desde lejos, pero nos atraviesa a cada uno\u201d, explic\u00f3 uno de los integrantes del directorio de Corrientes Telecomunicaciones (TelCo), Miguel M\u00e9ndez, respecto a la TelCo Conf 2023, de la cual son los organizadores y que se llevar\u00e1 adelante este jueves 7 y viernes 8 de septiembre, en el Auditorio \u201cJuli\u00e1n Zini\u201d situado en el edificio del Banco de Corrientes. Remarc\u00f3 que durante ambas jornadas se abordar\u00e1 todo \u201clo que tenga que ver con tecnolog\u00eda aplicada a la actualidad, como Inteligencia Artificial, rob\u00f3tica, Web3, Blockchain, GovTech, Data Science y transformaci\u00f3n digital, entre otros\u201d.<\/p>\n<p><img loading=\"lazy\" decoding=\"async\" class=\"alignnone size-full wp-image-41910\" src=\"http:\/\/www.radiohorizonte.fm\/radio\/wp-content\/uploads\/2023\/09\/imagen-49198.jpg\" alt=\"\" width=\"1599\" height=\"1066\" srcset=\"http:\/\/www.radiohorizonte.fm\/radio\/wp-content\/uploads\/2023\/09\/imagen-49198.jpg 1599w, http:\/\/www.radiohorizonte.fm\/radio\/wp-content\/uploads\/2023\/09\/imagen-49198-300x200.jpg 300w, http:\/\/www.radiohorizonte.fm\/radio\/wp-content\/uploads\/2023\/09\/imagen-49198-768x512.jpg 768w, http:\/\/www.radiohorizonte.fm\/radio\/wp-content\/uploads\/2023\/09\/imagen-49198-1024x683.jpg 1024w, http:\/\/www.radiohorizonte.fm\/radio\/wp-content\/uploads\/2023\/09\/imagen-49198-65x43.jpg 65w, http:\/\/www.radiohorizonte.fm\/radio\/wp-content\/uploads\/2023\/09\/imagen-49198-85x57.jpg 85w, http:\/\/www.radiohorizonte.fm\/radio\/wp-content\/uploads\/2023\/09\/imagen-49198-188x125.jpg 188w, http:\/\/www.radiohorizonte.fm\/radio\/wp-content\/uploads\/2023\/09\/imagen-49198-90x60.jpg 90w\" sizes=\"auto, (max-width: 1599px) 100vw, 1599px\" \/><\/p>\n<p>Cont\u00f3 que una de las \u00e1reas m\u00e1s importe de TelCo, es la de desarrollo de software, donde \u201ctenemos cerca de 15 desarrolladores que son todos ingenieros y Licenciados en Sistemas recibidos en la UNNE (Universidad Nacional del Nordeste) o la UTN (Universidad Tecnol\u00f3gica Nacional)\u201d. Dijo que \u201cson mentes brillantes que lograron, por ejemplo, construir una pasarela de pago al estilo Mercado Pago, que es Wee, de la cual la Provincia es due\u00f1a, o un sistema de gesti\u00f3n de expedientes muy interesante\u201d.<\/p>\n<p>Justamente, \u201ccuando surgi\u00f3 la idea de TelCo Conf fue para tratar de acercar un poco esas mentes brillantes que son speakers en otros escenarios y que a veces no tenemos la posibilidad de viajar a Buenos Aires a escucharlos, entonces construimos este espacio para que estos especialistas diserten ac\u00e1 y todos puedan acceder y aprender\u201d se\u00f1al\u00f3.<\/p>\n<p>Por otra parte, recordaron que la primera edici\u00f3n fue muy exitosa, con un auditorio completo, al cual asisti\u00f3 a una de las jornadas el gobernador Gustavo Vald\u00e9s. Desde la organizaci\u00f3n aseguraron que \u201ccomo balance del 2022, se destaca el bot\u00f3n de pagos Wee, que en ese momento se lo anunci\u00f3 y present\u00f3, y ahora ya est\u00e1 implementado en Rentas y la DPEC (Direcci\u00f3n Provincial de Energ\u00eda de Corrientes), donde los correntinos tienen la opci\u00f3n de pagar sus impuestos con una plataforma de pago desarrollada \u00edntegramente por TelCo, con recursos humanos locales\u201d, que, adem\u00e1s, \u201clos ingresos que genera la aplicaci\u00f3n, se reinvierten en la Provincia\u201d.<\/p>\n<p>Cabe recordar que ambas jornadas iniciar\u00e1n a las 8 y se extender\u00e1n hasta las 14 horas. El sitio web oficial del evento es\u00a0<a href=\"https:\/\/telcoconf.io\/\" target=\"_blank\" rel=\"noopener\" data-saferedirecturl=\"https:\/\/www.google.com\/url?q=https:\/\/telcoconf.io\/&amp;source=gmail&amp;ust=1693908834504000&amp;usg=AOvVaw3fkDiDU2SAKR3obXbm5UtB\">https:\/\/telcoconf.io\/<\/a>, en el cual se podr\u00e1 encontrar la informaci\u00f3n actualizada sobre los speakers, agenda, y adquisici\u00f3n y venta de entradas, que adem\u00e1s del acceso a las distintas conferencias incluye coffee break y lunch.<\/p>\n<p>Para consultas se encuentra disponible el mail\u00a0<a href=\"mailto:info@telco.com.ar\" target=\"_blank\" rel=\"noopener\">info@telco.com.ar<\/a>\u00a0y el tel\u00e9fono 0810-555-8352.<\/p>\n","protected":false},"excerpt":{"rendered":"<div class=\"post-excerpt\"><p>\u201cLa idea es que sea como una reuni\u00f3n de personas que comuniquen el mundo nuevo que se viene, en el que estamos todos un poco involucrados y por ah\u00ed lo vemos desde lejos, pero nos atraviesa a cada uno\u201d, explic\u00f3 uno de los integrantes del directorio de Corrientes Telecomunicaciones (TelCo), Miguel M\u00e9ndez, respecto a la<\/p>\n<\/div>","protected":false},"author":2,"featured_media":41910,"comment_status":"closed","ping_status":"closed","sticky":false,"template":"","format":"standard","meta":{"_acf_changed":false,"footnotes":""},"categories":[2],"tags":[],"class_list":["post-41909","post","type-post","status-publish","format-standard","has-post-thumbnail","hentry","category-noticias"],"acf":[],"yoast_head":"<!-- This site is optimized with the Yoast SEO plugin v28.1 - https:\/\/yoast.com\/product\/yoast-seo-wordpress\/ -->\n<title>Inteligencia Artificial, Web3, rob\u00f3tica y blockchain, entre los principales ejes tem\u00e1ticos de la TelCo Conf 2023 - Horizonte<\/title>\n<meta name=\"robots\" content=\"index, follow, max-snippet:-1, max-image-preview:large, max-video-preview:-1\" \/>\n<link rel=\"canonical\" href=\"https:\/\/www.radiohorizonte.fm\/radio\/2023\/09\/04\/inteligencia-artificial-web3-robotica-y-blockchain-entre-los-principales-ejes-tematicos-de-la-telco-conf-2023\/\" \/>\n<meta property=\"og:locale\" content=\"es_ES\" \/>\n<meta property=\"og:type\" content=\"article\" \/>\n<meta property=\"og:title\" content=\"Inteligencia Artificial, Web3, rob\u00f3tica y blockchain, entre los principales ejes tem\u00e1ticos de la TelCo Conf 2023 - Horizonte\" \/>\n<meta property=\"og:description\" content=\"\u201cLa idea es que sea como una reuni\u00f3n de personas que comuniquen el mundo nuevo que se viene, en el que estamos todos un poco involucrados y por ah\u00ed lo vemos desde lejos, pero nos atraviesa a cada uno\u201d, explic\u00f3 uno de los integrantes del directorio de Corrientes Telecomunicaciones (TelCo), Miguel M\u00e9ndez, respecto a la\" \/>\n<meta property=\"og:url\" content=\"https:\/\/www.radiohorizonte.fm\/radio\/2023\/09\/04\/inteligencia-artificial-web3-robotica-y-blockchain-entre-los-principales-ejes-tematicos-de-la-telco-conf-2023\/\" \/>\n<meta property=\"og:site_name\" content=\"Horizonte\" \/>\n<meta property=\"article:publisher\" content=\"http:\/\/www.facebook.com\/HORIZONTE106.1\" \/>\n<meta property=\"article:published_time\" content=\"2023-09-04T10:27:41+00:00\" \/>\n<meta property=\"og:image\" content=\"https:\/\/www.radiohorizonte.fm\/radio\/wp-content\/uploads\/2023\/09\/imagen-49198.jpg\" \/>\n\t<meta property=\"og:image:width\" content=\"1599\" \/>\n\t<meta property=\"og:image:height\" content=\"1066\" \/>\n\t<meta property=\"og:image:type\" content=\"image\/jpeg\" \/>\n<meta name=\"author\" content=\"Cristian Galarza\" \/>\n<meta name=\"twitter:card\" content=\"summary_large_image\" \/>\n<meta name=\"twitter:creator\" content=\"@fmhorizonte1061\" \/>\n<meta name=\"twitter:site\" content=\"@fmhorizonte1061\" \/>\n<meta name=\"twitter:label1\" content=\"Escrito por\" \/>\n\t<meta name=\"twitter:data1\" content=\"Cristian Galarza\" \/>\n\t<meta name=\"twitter:label2\" content=\"Tiempo de lectura\" \/>\n\t<meta name=\"twitter:data2\" content=\"2 minutos\" \/>\n<script type=\"application\/ld+json\" class=\"yoast-schema-graph\">{\"@context\":\"https:\\\/\\\/schema.org\",\"@graph\":[{\"@type\":\"Article\",\"@id\":\"https:\\\/\\\/www.radiohorizonte.fm\\\/radio\\\/2023\\\/09\\\/04\\\/inteligencia-artificial-web3-robotica-y-blockchain-entre-los-principales-ejes-tematicos-de-la-telco-conf-2023\\\/#article\",\"isPartOf\":{\"@id\":\"https:\\\/\\\/www.radiohorizonte.fm\\\/radio\\\/2023\\\/09\\\/04\\\/inteligencia-artificial-web3-robotica-y-blockchain-entre-los-principales-ejes-tematicos-de-la-telco-conf-2023\\\/\"},\"author\":{\"name\":\"Cristian Galarza\",\"@id\":\"http:\\\/\\\/www.radiohorizonte.fm\\\/radio\\\/#\\\/schema\\\/person\\\/f8fa003a405bb86729fd87d15d0ddafa\"},\"headline\":\"Inteligencia Artificial, Web3, rob\u00f3tica y blockchain, entre los principales ejes tem\u00e1ticos de la TelCo Conf 2023\",\"datePublished\":\"2023-09-04T10:27:41+00:00\",\"mainEntityOfPage\":{\"@id\":\"https:\\\/\\\/www.radiohorizonte.fm\\\/radio\\\/2023\\\/09\\\/04\\\/inteligencia-artificial-web3-robotica-y-blockchain-entre-los-principales-ejes-tematicos-de-la-telco-conf-2023\\\/\"},\"wordCount\":474,\"publisher\":{\"@id\":\"http:\\\/\\\/www.radiohorizonte.fm\\\/radio\\\/#organization\"},\"image\":{\"@id\":\"https:\\\/\\\/www.radiohorizonte.fm\\\/radio\\\/2023\\\/09\\\/04\\\/inteligencia-artificial-web3-robotica-y-blockchain-entre-los-principales-ejes-tematicos-de-la-telco-conf-2023\\\/#primaryimage\"},\"thumbnailUrl\":\"http:\\\/\\\/www.radiohorizonte.fm\\\/radio\\\/wp-content\\\/uploads\\\/2023\\\/09\\\/imagen-49198.jpg\",\"articleSection\":[\"Noticias\"],\"inLanguage\":\"es-AR\"},{\"@type\":\"WebPage\",\"@id\":\"https:\\\/\\\/www.radiohorizonte.fm\\\/radio\\\/2023\\\/09\\\/04\\\/inteligencia-artificial-web3-robotica-y-blockchain-entre-los-principales-ejes-tematicos-de-la-telco-conf-2023\\\/\",\"url\":\"https:\\\/\\\/www.radiohorizonte.fm\\\/radio\\\/2023\\\/09\\\/04\\\/inteligencia-artificial-web3-robotica-y-blockchain-entre-los-principales-ejes-tematicos-de-la-telco-conf-2023\\\/\",\"name\":\"Inteligencia Artificial, Web3, rob\u00f3tica y blockchain, entre los principales ejes tem\u00e1ticos de la TelCo Conf 2023 - Horizonte\",\"isPartOf\":{\"@id\":\"http:\\\/\\\/www.radiohorizonte.fm\\\/radio\\\/#website\"},\"primaryImageOfPage\":{\"@id\":\"https:\\\/\\\/www.radiohorizonte.fm\\\/radio\\\/2023\\\/09\\\/04\\\/inteligencia-artificial-web3-robotica-y-blockchain-entre-los-principales-ejes-tematicos-de-la-telco-conf-2023\\\/#primaryimage\"},\"image\":{\"@id\":\"https:\\\/\\\/www.radiohorizonte.fm\\\/radio\\\/2023\\\/09\\\/04\\\/inteligencia-artificial-web3-robotica-y-blockchain-entre-los-principales-ejes-tematicos-de-la-telco-conf-2023\\\/#primaryimage\"},\"thumbnailUrl\":\"http:\\\/\\\/www.radiohorizonte.fm\\\/radio\\\/wp-content\\\/uploads\\\/2023\\\/09\\\/imagen-49198.jpg\",\"datePublished\":\"2023-09-04T10:27:41+00:00\",\"breadcrumb\":{\"@id\":\"https:\\\/\\\/www.radiohorizonte.fm\\\/radio\\\/2023\\\/09\\\/04\\\/inteligencia-artificial-web3-robotica-y-blockchain-entre-los-principales-ejes-tematicos-de-la-telco-conf-2023\\\/#breadcrumb\"},\"inLanguage\":\"es-AR\",\"potentialAction\":[{\"@type\":\"ReadAction\",\"target\":[\"https:\\\/\\\/www.radiohorizonte.fm\\\/radio\\\/2023\\\/09\\\/04\\\/inteligencia-artificial-web3-robotica-y-blockchain-entre-los-principales-ejes-tematicos-de-la-telco-conf-2023\\\/\"]}]},{\"@type\":\"ImageObject\",\"inLanguage\":\"es-AR\",\"@id\":\"https:\\\/\\\/www.radiohorizonte.fm\\\/radio\\\/2023\\\/09\\\/04\\\/inteligencia-artificial-web3-robotica-y-blockchain-entre-los-principales-ejes-tematicos-de-la-telco-conf-2023\\\/#primaryimage\",\"url\":\"http:\\\/\\\/www.radiohorizonte.fm\\\/radio\\\/wp-content\\\/uploads\\\/2023\\\/09\\\/imagen-49198.jpg\",\"contentUrl\":\"http:\\\/\\\/www.radiohorizonte.fm\\\/radio\\\/wp-content\\\/uploads\\\/2023\\\/09\\\/imagen-49198.jpg\",\"width\":1599,\"height\":1066},{\"@type\":\"BreadcrumbList\",\"@id\":\"https:\\\/\\\/www.radiohorizonte.fm\\\/radio\\\/2023\\\/09\\\/04\\\/inteligencia-artificial-web3-robotica-y-blockchain-entre-los-principales-ejes-tematicos-de-la-telco-conf-2023\\\/#breadcrumb\",\"itemListElement\":[{\"@type\":\"ListItem\",\"position\":1,\"name\":\"Home\",\"item\":\"http:\\\/\\\/www.radiohorizonte.fm\\\/radio\\\/\"},{\"@type\":\"ListItem\",\"position\":2,\"name\":\"Inteligencia Artificial, Web3, rob\u00f3tica y blockchain, entre los principales ejes tem\u00e1ticos de la TelCo Conf 2023\"}]},{\"@type\":\"WebSite\",\"@id\":\"http:\\\/\\\/www.radiohorizonte.fm\\\/radio\\\/#website\",\"url\":\"http:\\\/\\\/www.radiohorizonte.fm\\\/radio\\\/\",\"name\":\"Horizonte\",\"description\":\"Radio Horizonte 106.1 - Una radio de clasicos\",\"publisher\":{\"@id\":\"http:\\\/\\\/www.radiohorizonte.fm\\\/radio\\\/#organization\"},\"potentialAction\":[{\"@type\":\"SearchAction\",\"target\":{\"@type\":\"EntryPoint\",\"urlTemplate\":\"http:\\\/\\\/www.radiohorizonte.fm\\\/radio\\\/?s={search_term_string}\"},\"query-input\":{\"@type\":\"PropertyValueSpecification\",\"valueRequired\":true,\"valueName\":\"search_term_string\"}}],\"inLanguage\":\"es-AR\"},{\"@type\":\"Organization\",\"@id\":\"http:\\\/\\\/www.radiohorizonte.fm\\\/radio\\\/#organization\",\"name\":\"Horizonte\",\"url\":\"http:\\\/\\\/www.radiohorizonte.fm\\\/radio\\\/\",\"logo\":{\"@type\":\"ImageObject\",\"inLanguage\":\"es-AR\",\"@id\":\"http:\\\/\\\/www.radiohorizonte.fm\\\/radio\\\/#\\\/schema\\\/logo\\\/image\\\/\",\"url\":\"http:\\\/\\\/www.radiohorizonte.fm\\\/radio\\\/wp-content\\\/uploads\\\/2025\\\/06\\\/Portada-FM-Horizonte_modelo-imagen-scaled.jpg\",\"contentUrl\":\"http:\\\/\\\/www.radiohorizonte.fm\\\/radio\\\/wp-content\\\/uploads\\\/2025\\\/06\\\/Portada-FM-Horizonte_modelo-imagen-scaled.jpg\",\"width\":2560,\"height\":1056,\"caption\":\"Horizonte\"},\"image\":{\"@id\":\"http:\\\/\\\/www.radiohorizonte.fm\\\/radio\\\/#\\\/schema\\\/logo\\\/image\\\/\"},\"sameAs\":[\"http:\\\/\\\/www.facebook.com\\\/HORIZONTE106.1\",\"https:\\\/\\\/x.com\\\/fmhorizonte1061\"]},{\"@type\":\"Person\",\"@id\":\"http:\\\/\\\/www.radiohorizonte.fm\\\/radio\\\/#\\\/schema\\\/person\\\/f8fa003a405bb86729fd87d15d0ddafa\",\"name\":\"Cristian Galarza\",\"image\":{\"@type\":\"ImageObject\",\"inLanguage\":\"es-AR\",\"@id\":\"https:\\\/\\\/secure.gravatar.com\\\/avatar\\\/fad34bc2c773209c05d7d53b08a69b680eeb55f3be014e52b31643d20ab65925?s=96&d=mm&r=g\",\"url\":\"https:\\\/\\\/secure.gravatar.com\\\/avatar\\\/fad34bc2c773209c05d7d53b08a69b680eeb55f3be014e52b31643d20ab65925?s=96&d=mm&r=g\",\"contentUrl\":\"https:\\\/\\\/secure.gravatar.com\\\/avatar\\\/fad34bc2c773209c05d7d53b08a69b680eeb55f3be014e52b31643d20ab65925?s=96&d=mm&r=g\",\"caption\":\"Cristian Galarza\"},\"url\":\"http:\\\/\\\/www.radiohorizonte.fm\\\/radio\\\/author\\\/cristian\\\/\"}]}<\/script>\n<!-- \/ Yoast SEO plugin. -->","yoast_head_json":{"title":"Inteligencia Artificial, Web3, rob\u00f3tica y blockchain, entre los principales ejes tem\u00e1ticos de la TelCo Conf 2023 - Horizonte","robots":{"index":"index","follow":"follow","max-snippet":"max-snippet:-1","max-image-preview":"max-image-preview:large","max-video-preview":"max-video-preview:-1"},"canonical":"https:\/\/www.radiohorizonte.fm\/radio\/2023\/09\/04\/inteligencia-artificial-web3-robotica-y-blockchain-entre-los-principales-ejes-tematicos-de-la-telco-conf-2023\/","og_locale":"es_ES","og_type":"article","og_title":"Inteligencia Artificial, Web3, rob\u00f3tica y blockchain, entre los principales ejes tem\u00e1ticos de la TelCo Conf 2023 - Horizonte","og_description":"\u201cLa idea es que sea como una reuni\u00f3n de personas que comuniquen el mundo nuevo que se viene, en el que estamos todos un poco involucrados y por ah\u00ed lo vemos desde lejos, pero nos atraviesa a cada uno\u201d, explic\u00f3 uno de los integrantes del directorio de Corrientes Telecomunicaciones (TelCo), Miguel M\u00e9ndez, respecto a la","og_url":"https:\/\/www.radiohorizonte.fm\/radio\/2023\/09\/04\/inteligencia-artificial-web3-robotica-y-blockchain-entre-los-principales-ejes-tematicos-de-la-telco-conf-2023\/","og_site_name":"Horizonte","article_publisher":"http:\/\/www.facebook.com\/HORIZONTE106.1","article_published_time":"2023-09-04T10:27:41+00:00","og_image":[{"width":1599,"height":1066,"url":"https:\/\/www.radiohorizonte.fm\/radio\/wp-content\/uploads\/2023\/09\/imagen-49198.jpg","type":"image\/jpeg"}],"author":"Cristian Galarza","twitter_card":"summary_large_image","twitter_creator":"@fmhorizonte1061","twitter_site":"@fmhorizonte1061","twitter_misc":{"Escrito por":"Cristian Galarza","Tiempo de lectura":"2 minutos"},"schema":{"@context":"https:\/\/schema.org","@graph":[{"@type":"Article","@id":"https:\/\/www.radiohorizonte.fm\/radio\/2023\/09\/04\/inteligencia-artificial-web3-robotica-y-blockchain-entre-los-principales-ejes-tematicos-de-la-telco-conf-2023\/#article","isPartOf":{"@id":"https:\/\/www.radiohorizonte.fm\/radio\/2023\/09\/04\/inteligencia-artificial-web3-robotica-y-blockchain-entre-los-principales-ejes-tematicos-de-la-telco-conf-2023\/"},"author":{"name":"Cristian Galarza","@id":"http:\/\/www.radiohorizonte.fm\/radio\/#\/schema\/person\/f8fa003a405bb86729fd87d15d0ddafa"},"headline":"Inteligencia Artificial, Web3, rob\u00f3tica y blockchain, entre los principales ejes tem\u00e1ticos de la TelCo Conf 2023","datePublished":"2023-09-04T10:27:41+00:00","mainEntityOfPage":{"@id":"https:\/\/www.radiohorizonte.fm\/radio\/2023\/09\/04\/inteligencia-artificial-web3-robotica-y-blockchain-entre-los-principales-ejes-tematicos-de-la-telco-conf-2023\/"},"wordCount":474,"publisher":{"@id":"http:\/\/www.radiohorizonte.fm\/radio\/#organization"},"image":{"@id":"https:\/\/www.radiohorizonte.fm\/radio\/2023\/09\/04\/inteligencia-artificial-web3-robotica-y-blockchain-entre-los-principales-ejes-tematicos-de-la-telco-conf-2023\/#primaryimage"},"thumbnailUrl":"http:\/\/www.radiohorizonte.fm\/radio\/wp-content\/uploads\/2023\/09\/imagen-49198.jpg","articleSection":["Noticias"],"inLanguage":"es-AR"},{"@type":"WebPage","@id":"https:\/\/www.radiohorizonte.fm\/radio\/2023\/09\/04\/inteligencia-artificial-web3-robotica-y-blockchain-entre-los-principales-ejes-tematicos-de-la-telco-conf-2023\/","url":"https:\/\/www.radiohorizonte.fm\/radio\/2023\/09\/04\/inteligencia-artificial-web3-robotica-y-blockchain-entre-los-principales-ejes-tematicos-de-la-telco-conf-2023\/","name":"Inteligencia Artificial, Web3, rob\u00f3tica y blockchain, entre los principales ejes tem\u00e1ticos de la TelCo Conf 2023 - Horizonte","isPartOf":{"@id":"http:\/\/www.radiohorizonte.fm\/radio\/#website"},"primaryImageOfPage":{"@id":"https:\/\/www.radiohorizonte.fm\/radio\/2023\/09\/04\/inteligencia-artificial-web3-robotica-y-blockchain-entre-los-principales-ejes-tematicos-de-la-telco-conf-2023\/#primaryimage"},"image":{"@id":"https:\/\/www.radiohorizonte.fm\/radio\/2023\/09\/04\/inteligencia-artificial-web3-robotica-y-blockchain-entre-los-principales-ejes-tematicos-de-la-telco-conf-2023\/#primaryimage"},"thumbnailUrl":"http:\/\/www.radiohorizonte.fm\/radio\/wp-content\/uploads\/2023\/09\/imagen-49198.jpg","datePublished":"2023-09-04T10:27:41+00:00","breadcrumb":{"@id":"https:\/\/www.radiohorizonte.fm\/radio\/2023\/09\/04\/inteligencia-artificial-web3-robotica-y-blockchain-entre-los-principales-ejes-tematicos-de-la-telco-conf-2023\/#breadcrumb"},"inLanguage":"es-AR","potentialAction":[{"@type":"ReadAction","target":["https:\/\/www.radiohorizonte.fm\/radio\/2023\/09\/04\/inteligencia-artificial-web3-robotica-y-blockchain-entre-los-principales-ejes-tematicos-de-la-telco-conf-2023\/"]}]},{"@type":"ImageObject","inLanguage":"es-AR","@id":"https:\/\/www.radiohorizonte.fm\/radio\/2023\/09\/04\/inteligencia-artificial-web3-robotica-y-blockchain-entre-los-principales-ejes-tematicos-de-la-telco-conf-2023\/#primaryimage","url":"http:\/\/www.radiohorizonte.fm\/radio\/wp-content\/uploads\/2023\/09\/imagen-49198.jpg","contentUrl":"http:\/\/www.radiohorizonte.fm\/radio\/wp-content\/uploads\/2023\/09\/imagen-49198.jpg","width":1599,"height":1066},{"@type":"BreadcrumbList","@id":"https:\/\/www.radiohorizonte.fm\/radio\/2023\/09\/04\/inteligencia-artificial-web3-robotica-y-blockchain-entre-los-principales-ejes-tematicos-de-la-telco-conf-2023\/#breadcrumb","itemListElement":[{"@type":"ListItem","position":1,"name":"Home","item":"http:\/\/www.radiohorizonte.fm\/radio\/"},{"@type":"ListItem","position":2,"name":"Inteligencia Artificial, Web3, rob\u00f3tica y blockchain, entre los principales ejes tem\u00e1ticos de la TelCo Conf 2023"}]},{"@type":"WebSite","@id":"http:\/\/www.radiohorizonte.fm\/radio\/#website","url":"http:\/\/www.radiohorizonte.fm\/radio\/","name":"Horizonte","description":"Radio Horizonte 106.1 - Una radio de clasicos","publisher":{"@id":"http:\/\/www.radiohorizonte.fm\/radio\/#organization"},"potentialAction":[{"@type":"SearchAction","target":{"@type":"EntryPoint","urlTemplate":"http:\/\/www.radiohorizonte.fm\/radio\/?s={search_term_string}"},"query-input":{"@type":"PropertyValueSpecification","valueRequired":true,"valueName":"search_term_string"}}],"inLanguage":"es-AR"},{"@type":"Organization","@id":"http:\/\/www.radiohorizonte.fm\/radio\/#organization","name":"Horizonte","url":"http:\/\/www.radiohorizonte.fm\/radio\/","logo":{"@type":"ImageObject","inLanguage":"es-AR","@id":"http:\/\/www.radiohorizonte.fm\/radio\/#\/schema\/logo\/image\/","url":"http:\/\/www.radiohorizonte.fm\/radio\/wp-content\/uploads\/2025\/06\/Portada-FM-Horizonte_modelo-imagen-scaled.jpg","contentUrl":"http:\/\/www.radiohorizonte.fm\/radio\/wp-content\/uploads\/2025\/06\/Portada-FM-Horizonte_modelo-imagen-scaled.jpg","width":2560,"height":1056,"caption":"Horizonte"},"image":{"@id":"http:\/\/www.radiohorizonte.fm\/radio\/#\/schema\/logo\/image\/"},"sameAs":["http:\/\/www.facebook.com\/HORIZONTE106.1","https:\/\/x.com\/fmhorizonte1061"]},{"@type":"Person","@id":"http:\/\/www.radiohorizonte.fm\/radio\/#\/schema\/person\/f8fa003a405bb86729fd87d15d0ddafa","name":"Cristian Galarza","image":{"@type":"ImageObject","inLanguage":"es-AR","@id":"https:\/\/secure.gravatar.com\/avatar\/fad34bc2c773209c05d7d53b08a69b680eeb55f3be014e52b31643d20ab65925?s=96&d=mm&r=g","url":"https:\/\/secure.gravatar.com\/avatar\/fad34bc2c773209c05d7d53b08a69b680eeb55f3be014e52b31643d20ab65925?s=96&d=mm&r=g","contentUrl":"https:\/\/secure.gravatar.com\/avatar\/fad34bc2c773209c05d7d53b08a69b680eeb55f3be014e52b31643d20ab65925?s=96&d=mm&r=g","caption":"Cristian Galarza"},"url":"http:\/\/www.radiohorizonte.fm\/radio\/author\/cristian\/"}]}},"_links":{"self":[{"href":"http:\/\/www.radiohorizonte.fm\/radio\/wp-json\/wp\/v2\/posts\/41909","targetHints":{"allow":["GET"]}}],"collection":[{"href":"http:\/\/www.radiohorizonte.fm\/radio\/wp-json\/wp\/v2\/posts"}],"about":[{"href":"http:\/\/www.radiohorizonte.fm\/radio\/wp-json\/wp\/v2\/types\/post"}],"author":[{"embeddable":true,"href":"http:\/\/www.radiohorizonte.fm\/radio\/wp-json\/wp\/v2\/users\/2"}],"replies":[{"embeddable":true,"href":"http:\/\/www.radiohorizonte.fm\/radio\/wp-json\/wp\/v2\/comments?post=41909"}],"version-history":[{"count":1,"href":"http:\/\/www.radiohorizonte.fm\/radio\/wp-json\/wp\/v2\/posts\/41909\/revisions"}],"predecessor-version":[{"id":41911,"href":"http:\/\/www.radiohorizonte.fm\/radio\/wp-json\/wp\/v2\/posts\/41909\/revisions\/41911"}],"wp:featuredmedia":[{"embeddable":true,"href":"http:\/\/www.radiohorizonte.fm\/radio\/wp-json\/wp\/v2\/media\/41910"}],"wp:attachment":[{"href":"http:\/\/www.radiohorizonte.fm\/radio\/wp-json\/wp\/v2\/media?parent=41909"}],"wp:term":[{"taxonomy":"category","embeddable":true,"href":"http:\/\/www.radiohorizonte.fm\/radio\/wp-json\/wp\/v2\/categories?post=41909"},{"taxonomy":"post_tag","embeddable":true,"href":"http:\/\/www.radiohorizonte.fm\/radio\/wp-json\/wp\/v2\/tags?post=41909"}],"curies":[{"name":"wp","href":"https:\/\/api.w.org\/{rel}","templated":true}]}}