{"id":41913,"date":"2023-09-04T08:31:52","date_gmt":"2023-09-04T11:31:52","guid":{"rendered":"http:\/\/www.radiohorizonte.fm\/radio\/?p=41913"},"modified":"2023-09-04T08:31:52","modified_gmt":"2023-09-04T11:31:52","slug":"el-hombre-iphone-intento-ingresar-al-pais-con-26-celulares-de-alta-gama-adheridos-al-cuerpo","status":"publish","type":"post","link":"http:\/\/www.radiohorizonte.fm\/radio\/2023\/09\/04\/el-hombre-iphone-intento-ingresar-al-pais-con-26-celulares-de-alta-gama-adheridos-al-cuerpo\/","title":{"rendered":"El hombre iPhone: intent\u00f3 ingresar al pa\u00eds con 26 celulares de alta gama adheridos al cuerpo"},"content":{"rendered":"<div class=\"section-2-col article-header\">\n<div class=\"col 2-col\">\n<p class=\"h3\">El sospechoso, demasiado abrigado\u00a0para la temperatura de ese d\u00eda en la zona, fue demorado por agentes aduaneros. La mercader\u00eda incautada tendr\u00eda un valor de m\u00e1s de $4 millones.<\/p>\n<div class=\"author\"><\/div>\n<\/div>\n<\/div>\n<div class=\"section-2-col article-main-image\">\u00a0<img loading=\"lazy\" decoding=\"async\" class=\"alignnone size-full wp-image-41914\" src=\"http:\/\/www.radiohorizonte.fm\/radio\/wp-content\/uploads\/2023\/09\/764327-hombre-celularjpg-20-281-29.jpg\" alt=\"\" width=\"960\" height=\"640\" srcset=\"http:\/\/www.radiohorizonte.fm\/radio\/wp-content\/uploads\/2023\/09\/764327-hombre-celularjpg-20-281-29.jpg 960w, http:\/\/www.radiohorizonte.fm\/radio\/wp-content\/uploads\/2023\/09\/764327-hombre-celularjpg-20-281-29-300x200.jpg 300w, http:\/\/www.radiohorizonte.fm\/radio\/wp-content\/uploads\/2023\/09\/764327-hombre-celularjpg-20-281-29-768x512.jpg 768w, http:\/\/www.radiohorizonte.fm\/radio\/wp-content\/uploads\/2023\/09\/764327-hombre-celularjpg-20-281-29-65x43.jpg 65w, http:\/\/www.radiohorizonte.fm\/radio\/wp-content\/uploads\/2023\/09\/764327-hombre-celularjpg-20-281-29-85x57.jpg 85w, http:\/\/www.radiohorizonte.fm\/radio\/wp-content\/uploads\/2023\/09\/764327-hombre-celularjpg-20-281-29-188x125.jpg 188w, http:\/\/www.radiohorizonte.fm\/radio\/wp-content\/uploads\/2023\/09\/764327-hombre-celularjpg-20-281-29-90x60.jpg 90w\" sizes=\"auto, (max-width: 960px) 100vw, 960px\" \/><\/div>\n<div>\n<p>Un hombre fue detenido en\u00a0el\u00a0<b>paso fronterizo Posadas-Encarnaci\u00f3n (Paraguay)<\/b>, luego de que se le detectaran<b>\u00a026 tel\u00e9fonos iPhone de Apple<\/b>\u00a0<b>adosados al cuerpo con una faja.<\/b><\/p>\n<div id=\"talkFireEvent\"><\/div>\n<p>El hecho fue reportado por la\u00a0<b>Direcci\u00f3n General de Aduanas (DGA)<\/b>, que detall\u00f3 que lo sucedido ocurri\u00f3 en el marco de un\u00a0<b>operativo de control de un colectivo<\/b>\u00a0que arrib\u00f3 al \u00e1rea de control aduanero para ingresar a Argentina.<\/p>\n<p>Precisamente, el veh\u00edculo proven\u00eda de Encarnaci\u00f3n, Paraguay, y\u00a0<b>se dirig\u00eda a Posadas<\/b>\u00a0por el Puente Internacional San Roque Gonz\u00e1lez de Santa Cruz.<\/p>\n<p>Cuando los pasajeros bajaron del rodado para la inspecci\u00f3n de la Aduana, el personal del organismo identific\u00f3 a un hombre que caminaba con aparente tranquilidad,\u00a0<b>pero muy abrigado para la temperatura de ese d\u00eda en la zona.<\/b><\/p>\n<div align=\"center\">\n<figure class=\"caption caption-div embedded-entity\" role=\"group\">\n<div data-embed-button=\"media_image_button\" data-entity-embed-display=\"view_mode:media.single_media_image_460\" data-entity-type=\"media\" data-entity-uuid=\"fbb0337f-6e26-4f73-8a41-732c61445bc0\" data-langcode=\"es\">\n<article class=\"media media--type-image media--view-mode-single-media-image-460\">\n<div class=\"field field--name-field-media-image field--type-image field--label-hidden field__item\"><img loading=\"lazy\" decoding=\"async\" class=\"image-style-width960\" src=\"https:\/\/images.pagina12.com.ar\/styles\/width960\/public\/2023-09\/764327-captura-20de-20pantalla-202023-09-03-20191317.jpg?itok=FOVI-MQf\" width=\"960\" height=\"539\" \/><\/div>\n<\/article>\n<\/div><figcaption>El acusado extrajo voluntariamente los tel\u00e9fonos de su ropa. (Foto: DGA)<\/figcaption><figcaption><\/figcaption><\/figure>\n<\/div>\n<p>As\u00ed, el personal de la Aduana le realiz\u00f3 al hombre las preguntas de rutina, quien afirm\u00f3 que era argentino y que estaba\u00a0<b>volviendo al pa\u00eds tras un viaje con fines tur\u00edsticos.<\/b>\u00a0No obstante, mientras el sujeto hablaba, los agentes notaron que en algunas zonas de su cuerpo hab\u00eda\u00a0<b>unos bultos r\u00edgidos.<\/b><\/p>\n<p>De esta manera, decidieron convocar a las fuerzas de seguridad para inspeccionarlo con mayor detalle.<\/p>\n<p>Cuando el ciudadano argentino not\u00f3 que su suerte cambiaba se empez\u00f3 a poner nervioso e incluso, en un primer momento,\u00a0<b>opuso cierta resistencia.<\/b><\/p>\n<p>El hombre finalmente cedi\u00f3 y<b>\u00a0voluntariamente extrajo cada uno de los paquetes<\/b>\u00a0que ten\u00eda adosados a su cuerpo con una faja, para depositarlos sobre la mesa del control.<\/p>\n<h2><b>Tel\u00e9fonos por m\u00e1s de $4 millones<\/b><\/h2>\n<p>Cuando los agentes de la Aduana desarmaron los paquetes constataron la presencia de nada menos que<b>\u00a026 tel\u00e9fonos iPhone, de distintos modelos y capacidades.<br \/>\n<\/b><\/p>\n<p>La cantidad y variedad de la mercader\u00eda permite presumir que la maniobra del ciudadano argentino ten\u00eda\u00a0<b>fines comerciales<\/b>, lo cual constituye una transgresi\u00f3n al art\u00edculo 977 del C\u00f3digo Aduanero.<\/p>\n<p>En ese marco, la Aduana\u00a0secuestr\u00f3 los tel\u00e9fonos<b>\u00a0valuados en $4.675.978,40\u00a0<\/b>y la multa por la infracci\u00f3n\u00a0<b>podr\u00eda alcanzar\u00a0los $14.027.934.<\/b><\/p>\n<p>El acusado qued\u00f3 supeditado a una causa en la que intervino el Juzgado Federal de Posadas.<\/p>\n<p>Fuente: P\u00e1gina 12<\/p>\n<\/div>\n","protected":false},"excerpt":{"rendered":"<div class=\"post-excerpt\"><p>El sospechoso, demasiado abrigado\u00a0para la temperatura de ese d\u00eda en la zona, fue demorado por agentes aduaneros. La mercader\u00eda incautada tendr\u00eda un valor de m\u00e1s de $4 millones. \u00a0 Un hombre fue detenido en\u00a0el\u00a0paso fronterizo Posadas-Encarnaci\u00f3n (Paraguay), luego de que se le detectaran\u00a026 tel\u00e9fonos iPhone de Apple\u00a0adosados al cuerpo con una faja. El hecho fue<\/p>\n<\/div>","protected":false},"author":2,"featured_media":41914,"comment_status":"closed","ping_status":"closed","sticky":false,"template":"","format":"standard","meta":{"_acf_changed":false,"footnotes":""},"categories":[2],"tags":[],"class_list":["post-41913","post","type-post","status-publish","format-standard","has-post-thumbnail","hentry","category-noticias"],"acf":[],"yoast_head":"<!-- This site is optimized with the Yoast SEO plugin v28.1 - https:\/\/yoast.com\/product\/yoast-seo-wordpress\/ -->\n<title>El hombre iPhone: intent\u00f3 ingresar al pa\u00eds con 26 celulares de alta gama adheridos al cuerpo - Horizonte<\/title>\n<meta name=\"robots\" content=\"index, follow, max-snippet:-1, max-image-preview:large, max-video-preview:-1\" \/>\n<link rel=\"canonical\" href=\"http:\/\/www.radiohorizonte.fm\/radio\/2023\/09\/04\/el-hombre-iphone-intento-ingresar-al-pais-con-26-celulares-de-alta-gama-adheridos-al-cuerpo\/\" \/>\n<meta property=\"og:locale\" content=\"es_ES\" \/>\n<meta property=\"og:type\" content=\"article\" \/>\n<meta property=\"og:title\" content=\"El hombre iPhone: intent\u00f3 ingresar al pa\u00eds con 26 celulares de alta gama adheridos al cuerpo - Horizonte\" \/>\n<meta property=\"og:description\" content=\"El sospechoso, demasiado abrigado\u00a0para la temperatura de ese d\u00eda en la zona, fue demorado por agentes aduaneros. La mercader\u00eda incautada tendr\u00eda un valor de m\u00e1s de $4 millones. \u00a0 Un hombre fue detenido en\u00a0el\u00a0paso fronterizo Posadas-Encarnaci\u00f3n (Paraguay), luego de que se le detectaran\u00a026 tel\u00e9fonos iPhone de Apple\u00a0adosados al cuerpo con una faja. El hecho fue\" \/>\n<meta property=\"og:url\" content=\"http:\/\/www.radiohorizonte.fm\/radio\/2023\/09\/04\/el-hombre-iphone-intento-ingresar-al-pais-con-26-celulares-de-alta-gama-adheridos-al-cuerpo\/\" \/>\n<meta property=\"og:site_name\" content=\"Horizonte\" \/>\n<meta property=\"article:publisher\" content=\"http:\/\/www.facebook.com\/HORIZONTE106.1\" \/>\n<meta property=\"article:published_time\" content=\"2023-09-04T11:31:52+00:00\" \/>\n<meta property=\"og:image\" content=\"http:\/\/www.radiohorizonte.fm\/radio\/wp-content\/uploads\/2023\/09\/764327-hombre-celularjpg-20-281-29.jpg\" \/>\n\t<meta property=\"og:image:width\" content=\"960\" \/>\n\t<meta property=\"og:image:height\" content=\"640\" \/>\n\t<meta property=\"og:image:type\" content=\"image\/jpeg\" \/>\n<meta name=\"author\" content=\"Cristian Galarza\" \/>\n<meta name=\"twitter:card\" content=\"summary_large_image\" \/>\n<meta name=\"twitter:creator\" content=\"@fmhorizonte1061\" \/>\n<meta name=\"twitter:site\" content=\"@fmhorizonte1061\" \/>\n<meta name=\"twitter:label1\" content=\"Escrito por\" \/>\n\t<meta name=\"twitter:data1\" content=\"Cristian Galarza\" \/>\n\t<meta name=\"twitter:label2\" content=\"Tiempo de lectura\" \/>\n\t<meta name=\"twitter:data2\" content=\"2 minutos\" \/>\n<script type=\"application\/ld+json\" class=\"yoast-schema-graph\">{\"@context\":\"https:\\\/\\\/schema.org\",\"@graph\":[{\"@type\":\"Article\",\"@id\":\"http:\\\/\\\/www.radiohorizonte.fm\\\/radio\\\/2023\\\/09\\\/04\\\/el-hombre-iphone-intento-ingresar-al-pais-con-26-celulares-de-alta-gama-adheridos-al-cuerpo\\\/#article\",\"isPartOf\":{\"@id\":\"http:\\\/\\\/www.radiohorizonte.fm\\\/radio\\\/2023\\\/09\\\/04\\\/el-hombre-iphone-intento-ingresar-al-pais-con-26-celulares-de-alta-gama-adheridos-al-cuerpo\\\/\"},\"author\":{\"name\":\"Cristian Galarza\",\"@id\":\"http:\\\/\\\/www.radiohorizonte.fm\\\/radio\\\/#\\\/schema\\\/person\\\/f8fa003a405bb86729fd87d15d0ddafa\"},\"headline\":\"El hombre iPhone: intent\u00f3 ingresar al pa\u00eds con 26 celulares de alta gama adheridos al cuerpo\",\"datePublished\":\"2023-09-04T11:31:52+00:00\",\"mainEntityOfPage\":{\"@id\":\"http:\\\/\\\/www.radiohorizonte.fm\\\/radio\\\/2023\\\/09\\\/04\\\/el-hombre-iphone-intento-ingresar-al-pais-con-26-celulares-de-alta-gama-adheridos-al-cuerpo\\\/\"},\"wordCount\":421,\"publisher\":{\"@id\":\"http:\\\/\\\/www.radiohorizonte.fm\\\/radio\\\/#organization\"},\"image\":{\"@id\":\"http:\\\/\\\/www.radiohorizonte.fm\\\/radio\\\/2023\\\/09\\\/04\\\/el-hombre-iphone-intento-ingresar-al-pais-con-26-celulares-de-alta-gama-adheridos-al-cuerpo\\\/#primaryimage\"},\"thumbnailUrl\":\"http:\\\/\\\/www.radiohorizonte.fm\\\/radio\\\/wp-content\\\/uploads\\\/2023\\\/09\\\/764327-hombre-celularjpg-20-281-29.jpg\",\"articleSection\":[\"Noticias\"],\"inLanguage\":\"es-AR\"},{\"@type\":\"WebPage\",\"@id\":\"http:\\\/\\\/www.radiohorizonte.fm\\\/radio\\\/2023\\\/09\\\/04\\\/el-hombre-iphone-intento-ingresar-al-pais-con-26-celulares-de-alta-gama-adheridos-al-cuerpo\\\/\",\"url\":\"http:\\\/\\\/www.radiohorizonte.fm\\\/radio\\\/2023\\\/09\\\/04\\\/el-hombre-iphone-intento-ingresar-al-pais-con-26-celulares-de-alta-gama-adheridos-al-cuerpo\\\/\",\"name\":\"El hombre iPhone: intent\u00f3 ingresar al pa\u00eds con 26 celulares de alta gama adheridos al cuerpo - Horizonte\",\"isPartOf\":{\"@id\":\"http:\\\/\\\/www.radiohorizonte.fm\\\/radio\\\/#website\"},\"primaryImageOfPage\":{\"@id\":\"http:\\\/\\\/www.radiohorizonte.fm\\\/radio\\\/2023\\\/09\\\/04\\\/el-hombre-iphone-intento-ingresar-al-pais-con-26-celulares-de-alta-gama-adheridos-al-cuerpo\\\/#primaryimage\"},\"image\":{\"@id\":\"http:\\\/\\\/www.radiohorizonte.fm\\\/radio\\\/2023\\\/09\\\/04\\\/el-hombre-iphone-intento-ingresar-al-pais-con-26-celulares-de-alta-gama-adheridos-al-cuerpo\\\/#primaryimage\"},\"thumbnailUrl\":\"http:\\\/\\\/www.radiohorizonte.fm\\\/radio\\\/wp-content\\\/uploads\\\/2023\\\/09\\\/764327-hombre-celularjpg-20-281-29.jpg\",\"datePublished\":\"2023-09-04T11:31:52+00:00\",\"breadcrumb\":{\"@id\":\"http:\\\/\\\/www.radiohorizonte.fm\\\/radio\\\/2023\\\/09\\\/04\\\/el-hombre-iphone-intento-ingresar-al-pais-con-26-celulares-de-alta-gama-adheridos-al-cuerpo\\\/#breadcrumb\"},\"inLanguage\":\"es-AR\",\"potentialAction\":[{\"@type\":\"ReadAction\",\"target\":[\"http:\\\/\\\/www.radiohorizonte.fm\\\/radio\\\/2023\\\/09\\\/04\\\/el-hombre-iphone-intento-ingresar-al-pais-con-26-celulares-de-alta-gama-adheridos-al-cuerpo\\\/\"]}]},{\"@type\":\"ImageObject\",\"inLanguage\":\"es-AR\",\"@id\":\"http:\\\/\\\/www.radiohorizonte.fm\\\/radio\\\/2023\\\/09\\\/04\\\/el-hombre-iphone-intento-ingresar-al-pais-con-26-celulares-de-alta-gama-adheridos-al-cuerpo\\\/#primaryimage\",\"url\":\"http:\\\/\\\/www.radiohorizonte.fm\\\/radio\\\/wp-content\\\/uploads\\\/2023\\\/09\\\/764327-hombre-celularjpg-20-281-29.jpg\",\"contentUrl\":\"http:\\\/\\\/www.radiohorizonte.fm\\\/radio\\\/wp-content\\\/uploads\\\/2023\\\/09\\\/764327-hombre-celularjpg-20-281-29.jpg\",\"width\":960,\"height\":640},{\"@type\":\"BreadcrumbList\",\"@id\":\"http:\\\/\\\/www.radiohorizonte.fm\\\/radio\\\/2023\\\/09\\\/04\\\/el-hombre-iphone-intento-ingresar-al-pais-con-26-celulares-de-alta-gama-adheridos-al-cuerpo\\\/#breadcrumb\",\"itemListElement\":[{\"@type\":\"ListItem\",\"position\":1,\"name\":\"Home\",\"item\":\"http:\\\/\\\/www.radiohorizonte.fm\\\/radio\\\/\"},{\"@type\":\"ListItem\",\"position\":2,\"name\":\"El hombre iPhone: intent\u00f3 ingresar al pa\u00eds con 26 celulares de alta gama adheridos al cuerpo\"}]},{\"@type\":\"WebSite\",\"@id\":\"http:\\\/\\\/www.radiohorizonte.fm\\\/radio\\\/#website\",\"url\":\"http:\\\/\\\/www.radiohorizonte.fm\\\/radio\\\/\",\"name\":\"Horizonte\",\"description\":\"Radio Horizonte 106.1 - Una radio de clasicos\",\"publisher\":{\"@id\":\"http:\\\/\\\/www.radiohorizonte.fm\\\/radio\\\/#organization\"},\"potentialAction\":[{\"@type\":\"SearchAction\",\"target\":{\"@type\":\"EntryPoint\",\"urlTemplate\":\"http:\\\/\\\/www.radiohorizonte.fm\\\/radio\\\/?s={search_term_string}\"},\"query-input\":{\"@type\":\"PropertyValueSpecification\",\"valueRequired\":true,\"valueName\":\"search_term_string\"}}],\"inLanguage\":\"es-AR\"},{\"@type\":\"Organization\",\"@id\":\"http:\\\/\\\/www.radiohorizonte.fm\\\/radio\\\/#organization\",\"name\":\"Horizonte\",\"url\":\"http:\\\/\\\/www.radiohorizonte.fm\\\/radio\\\/\",\"logo\":{\"@type\":\"ImageObject\",\"inLanguage\":\"es-AR\",\"@id\":\"http:\\\/\\\/www.radiohorizonte.fm\\\/radio\\\/#\\\/schema\\\/logo\\\/image\\\/\",\"url\":\"http:\\\/\\\/www.radiohorizonte.fm\\\/radio\\\/wp-content\\\/uploads\\\/2025\\\/06\\\/Portada-FM-Horizonte_modelo-imagen-scaled.jpg\",\"contentUrl\":\"http:\\\/\\\/www.radiohorizonte.fm\\\/radio\\\/wp-content\\\/uploads\\\/2025\\\/06\\\/Portada-FM-Horizonte_modelo-imagen-scaled.jpg\",\"width\":2560,\"height\":1056,\"caption\":\"Horizonte\"},\"image\":{\"@id\":\"http:\\\/\\\/www.radiohorizonte.fm\\\/radio\\\/#\\\/schema\\\/logo\\\/image\\\/\"},\"sameAs\":[\"http:\\\/\\\/www.facebook.com\\\/HORIZONTE106.1\",\"https:\\\/\\\/x.com\\\/fmhorizonte1061\"]},{\"@type\":\"Person\",\"@id\":\"http:\\\/\\\/www.radiohorizonte.fm\\\/radio\\\/#\\\/schema\\\/person\\\/f8fa003a405bb86729fd87d15d0ddafa\",\"name\":\"Cristian Galarza\",\"image\":{\"@type\":\"ImageObject\",\"inLanguage\":\"es-AR\",\"@id\":\"https:\\\/\\\/secure.gravatar.com\\\/avatar\\\/fad34bc2c773209c05d7d53b08a69b680eeb55f3be014e52b31643d20ab65925?s=96&d=mm&r=g\",\"url\":\"https:\\\/\\\/secure.gravatar.com\\\/avatar\\\/fad34bc2c773209c05d7d53b08a69b680eeb55f3be014e52b31643d20ab65925?s=96&d=mm&r=g\",\"contentUrl\":\"https:\\\/\\\/secure.gravatar.com\\\/avatar\\\/fad34bc2c773209c05d7d53b08a69b680eeb55f3be014e52b31643d20ab65925?s=96&d=mm&r=g\",\"caption\":\"Cristian Galarza\"},\"url\":\"http:\\\/\\\/www.radiohorizonte.fm\\\/radio\\\/author\\\/cristian\\\/\"}]}<\/script>\n<!-- \/ Yoast SEO plugin. -->","yoast_head_json":{"title":"El hombre iPhone: intent\u00f3 ingresar al pa\u00eds con 26 celulares de alta gama adheridos al cuerpo - Horizonte","robots":{"index":"index","follow":"follow","max-snippet":"max-snippet:-1","max-image-preview":"max-image-preview:large","max-video-preview":"max-video-preview:-1"},"canonical":"http:\/\/www.radiohorizonte.fm\/radio\/2023\/09\/04\/el-hombre-iphone-intento-ingresar-al-pais-con-26-celulares-de-alta-gama-adheridos-al-cuerpo\/","og_locale":"es_ES","og_type":"article","og_title":"El hombre iPhone: intent\u00f3 ingresar al pa\u00eds con 26 celulares de alta gama adheridos al cuerpo - Horizonte","og_description":"El sospechoso, demasiado abrigado\u00a0para la temperatura de ese d\u00eda en la zona, fue demorado por agentes aduaneros. La mercader\u00eda incautada tendr\u00eda un valor de m\u00e1s de $4 millones. \u00a0 Un hombre fue detenido en\u00a0el\u00a0paso fronterizo Posadas-Encarnaci\u00f3n (Paraguay), luego de que se le detectaran\u00a026 tel\u00e9fonos iPhone de Apple\u00a0adosados al cuerpo con una faja. El hecho fue","og_url":"http:\/\/www.radiohorizonte.fm\/radio\/2023\/09\/04\/el-hombre-iphone-intento-ingresar-al-pais-con-26-celulares-de-alta-gama-adheridos-al-cuerpo\/","og_site_name":"Horizonte","article_publisher":"http:\/\/www.facebook.com\/HORIZONTE106.1","article_published_time":"2023-09-04T11:31:52+00:00","og_image":[{"width":960,"height":640,"url":"http:\/\/www.radiohorizonte.fm\/radio\/wp-content\/uploads\/2023\/09\/764327-hombre-celularjpg-20-281-29.jpg","type":"image\/jpeg"}],"author":"Cristian Galarza","twitter_card":"summary_large_image","twitter_creator":"@fmhorizonte1061","twitter_site":"@fmhorizonte1061","twitter_misc":{"Escrito por":"Cristian Galarza","Tiempo de lectura":"2 minutos"},"schema":{"@context":"https:\/\/schema.org","@graph":[{"@type":"Article","@id":"http:\/\/www.radiohorizonte.fm\/radio\/2023\/09\/04\/el-hombre-iphone-intento-ingresar-al-pais-con-26-celulares-de-alta-gama-adheridos-al-cuerpo\/#article","isPartOf":{"@id":"http:\/\/www.radiohorizonte.fm\/radio\/2023\/09\/04\/el-hombre-iphone-intento-ingresar-al-pais-con-26-celulares-de-alta-gama-adheridos-al-cuerpo\/"},"author":{"name":"Cristian Galarza","@id":"http:\/\/www.radiohorizonte.fm\/radio\/#\/schema\/person\/f8fa003a405bb86729fd87d15d0ddafa"},"headline":"El hombre iPhone: intent\u00f3 ingresar al pa\u00eds con 26 celulares de alta gama adheridos al cuerpo","datePublished":"2023-09-04T11:31:52+00:00","mainEntityOfPage":{"@id":"http:\/\/www.radiohorizonte.fm\/radio\/2023\/09\/04\/el-hombre-iphone-intento-ingresar-al-pais-con-26-celulares-de-alta-gama-adheridos-al-cuerpo\/"},"wordCount":421,"publisher":{"@id":"http:\/\/www.radiohorizonte.fm\/radio\/#organization"},"image":{"@id":"http:\/\/www.radiohorizonte.fm\/radio\/2023\/09\/04\/el-hombre-iphone-intento-ingresar-al-pais-con-26-celulares-de-alta-gama-adheridos-al-cuerpo\/#primaryimage"},"thumbnailUrl":"http:\/\/www.radiohorizonte.fm\/radio\/wp-content\/uploads\/2023\/09\/764327-hombre-celularjpg-20-281-29.jpg","articleSection":["Noticias"],"inLanguage":"es-AR"},{"@type":"WebPage","@id":"http:\/\/www.radiohorizonte.fm\/radio\/2023\/09\/04\/el-hombre-iphone-intento-ingresar-al-pais-con-26-celulares-de-alta-gama-adheridos-al-cuerpo\/","url":"http:\/\/www.radiohorizonte.fm\/radio\/2023\/09\/04\/el-hombre-iphone-intento-ingresar-al-pais-con-26-celulares-de-alta-gama-adheridos-al-cuerpo\/","name":"El hombre iPhone: intent\u00f3 ingresar al pa\u00eds con 26 celulares de alta gama adheridos al cuerpo - Horizonte","isPartOf":{"@id":"http:\/\/www.radiohorizonte.fm\/radio\/#website"},"primaryImageOfPage":{"@id":"http:\/\/www.radiohorizonte.fm\/radio\/2023\/09\/04\/el-hombre-iphone-intento-ingresar-al-pais-con-26-celulares-de-alta-gama-adheridos-al-cuerpo\/#primaryimage"},"image":{"@id":"http:\/\/www.radiohorizonte.fm\/radio\/2023\/09\/04\/el-hombre-iphone-intento-ingresar-al-pais-con-26-celulares-de-alta-gama-adheridos-al-cuerpo\/#primaryimage"},"thumbnailUrl":"http:\/\/www.radiohorizonte.fm\/radio\/wp-content\/uploads\/2023\/09\/764327-hombre-celularjpg-20-281-29.jpg","datePublished":"2023-09-04T11:31:52+00:00","breadcrumb":{"@id":"http:\/\/www.radiohorizonte.fm\/radio\/2023\/09\/04\/el-hombre-iphone-intento-ingresar-al-pais-con-26-celulares-de-alta-gama-adheridos-al-cuerpo\/#breadcrumb"},"inLanguage":"es-AR","potentialAction":[{"@type":"ReadAction","target":["http:\/\/www.radiohorizonte.fm\/radio\/2023\/09\/04\/el-hombre-iphone-intento-ingresar-al-pais-con-26-celulares-de-alta-gama-adheridos-al-cuerpo\/"]}]},{"@type":"ImageObject","inLanguage":"es-AR","@id":"http:\/\/www.radiohorizonte.fm\/radio\/2023\/09\/04\/el-hombre-iphone-intento-ingresar-al-pais-con-26-celulares-de-alta-gama-adheridos-al-cuerpo\/#primaryimage","url":"http:\/\/www.radiohorizonte.fm\/radio\/wp-content\/uploads\/2023\/09\/764327-hombre-celularjpg-20-281-29.jpg","contentUrl":"http:\/\/www.radiohorizonte.fm\/radio\/wp-content\/uploads\/2023\/09\/764327-hombre-celularjpg-20-281-29.jpg","width":960,"height":640},{"@type":"BreadcrumbList","@id":"http:\/\/www.radiohorizonte.fm\/radio\/2023\/09\/04\/el-hombre-iphone-intento-ingresar-al-pais-con-26-celulares-de-alta-gama-adheridos-al-cuerpo\/#breadcrumb","itemListElement":[{"@type":"ListItem","position":1,"name":"Home","item":"http:\/\/www.radiohorizonte.fm\/radio\/"},{"@type":"ListItem","position":2,"name":"El hombre iPhone: intent\u00f3 ingresar al pa\u00eds con 26 celulares de alta gama adheridos al cuerpo"}]},{"@type":"WebSite","@id":"http:\/\/www.radiohorizonte.fm\/radio\/#website","url":"http:\/\/www.radiohorizonte.fm\/radio\/","name":"Horizonte","description":"Radio Horizonte 106.1 - Una radio de clasicos","publisher":{"@id":"http:\/\/www.radiohorizonte.fm\/radio\/#organization"},"potentialAction":[{"@type":"SearchAction","target":{"@type":"EntryPoint","urlTemplate":"http:\/\/www.radiohorizonte.fm\/radio\/?s={search_term_string}"},"query-input":{"@type":"PropertyValueSpecification","valueRequired":true,"valueName":"search_term_string"}}],"inLanguage":"es-AR"},{"@type":"Organization","@id":"http:\/\/www.radiohorizonte.fm\/radio\/#organization","name":"Horizonte","url":"http:\/\/www.radiohorizonte.fm\/radio\/","logo":{"@type":"ImageObject","inLanguage":"es-AR","@id":"http:\/\/www.radiohorizonte.fm\/radio\/#\/schema\/logo\/image\/","url":"http:\/\/www.radiohorizonte.fm\/radio\/wp-content\/uploads\/2025\/06\/Portada-FM-Horizonte_modelo-imagen-scaled.jpg","contentUrl":"http:\/\/www.radiohorizonte.fm\/radio\/wp-content\/uploads\/2025\/06\/Portada-FM-Horizonte_modelo-imagen-scaled.jpg","width":2560,"height":1056,"caption":"Horizonte"},"image":{"@id":"http:\/\/www.radiohorizonte.fm\/radio\/#\/schema\/logo\/image\/"},"sameAs":["http:\/\/www.facebook.com\/HORIZONTE106.1","https:\/\/x.com\/fmhorizonte1061"]},{"@type":"Person","@id":"http:\/\/www.radiohorizonte.fm\/radio\/#\/schema\/person\/f8fa003a405bb86729fd87d15d0ddafa","name":"Cristian Galarza","image":{"@type":"ImageObject","inLanguage":"es-AR","@id":"https:\/\/secure.gravatar.com\/avatar\/fad34bc2c773209c05d7d53b08a69b680eeb55f3be014e52b31643d20ab65925?s=96&d=mm&r=g","url":"https:\/\/secure.gravatar.com\/avatar\/fad34bc2c773209c05d7d53b08a69b680eeb55f3be014e52b31643d20ab65925?s=96&d=mm&r=g","contentUrl":"https:\/\/secure.gravatar.com\/avatar\/fad34bc2c773209c05d7d53b08a69b680eeb55f3be014e52b31643d20ab65925?s=96&d=mm&r=g","caption":"Cristian Galarza"},"url":"http:\/\/www.radiohorizonte.fm\/radio\/author\/cristian\/"}]}},"_links":{"self":[{"href":"http:\/\/www.radiohorizonte.fm\/radio\/wp-json\/wp\/v2\/posts\/41913","targetHints":{"allow":["GET"]}}],"collection":[{"href":"http:\/\/www.radiohorizonte.fm\/radio\/wp-json\/wp\/v2\/posts"}],"about":[{"href":"http:\/\/www.radiohorizonte.fm\/radio\/wp-json\/wp\/v2\/types\/post"}],"author":[{"embeddable":true,"href":"http:\/\/www.radiohorizonte.fm\/radio\/wp-json\/wp\/v2\/users\/2"}],"replies":[{"embeddable":true,"href":"http:\/\/www.radiohorizonte.fm\/radio\/wp-json\/wp\/v2\/comments?post=41913"}],"version-history":[{"count":1,"href":"http:\/\/www.radiohorizonte.fm\/radio\/wp-json\/wp\/v2\/posts\/41913\/revisions"}],"predecessor-version":[{"id":41915,"href":"http:\/\/www.radiohorizonte.fm\/radio\/wp-json\/wp\/v2\/posts\/41913\/revisions\/41915"}],"wp:featuredmedia":[{"embeddable":true,"href":"http:\/\/www.radiohorizonte.fm\/radio\/wp-json\/wp\/v2\/media\/41914"}],"wp:attachment":[{"href":"http:\/\/www.radiohorizonte.fm\/radio\/wp-json\/wp\/v2\/media?parent=41913"}],"wp:term":[{"taxonomy":"category","embeddable":true,"href":"http:\/\/www.radiohorizonte.fm\/radio\/wp-json\/wp\/v2\/categories?post=41913"},{"taxonomy":"post_tag","embeddable":true,"href":"http:\/\/www.radiohorizonte.fm\/radio\/wp-json\/wp\/v2\/tags?post=41913"}],"curies":[{"name":"wp","href":"https:\/\/api.w.org\/{rel}","templated":true}]}}