{"id":41916,"date":"2023-09-04T08:46:47","date_gmt":"2023-09-04T11:46:47","guid":{"rendered":"http:\/\/www.radiohorizonte.fm\/radio\/?p=41916"},"modified":"2023-09-04T08:46:47","modified_gmt":"2023-09-04T11:46:47","slug":"gustavo-cerati-elegido-entre-las-50-mejores-voces-de-la-historia-del-rock-junto-jagger-y-mercury","status":"publish","type":"post","link":"http:\/\/www.radiohorizonte.fm\/radio\/2023\/09\/04\/gustavo-cerati-elegido-entre-las-50-mejores-voces-de-la-historia-del-rock-junto-jagger-y-mercury\/","title":{"rendered":"Gustavo Cerati elegido entre las 50 mejores voces de la historia del rock, junto a Jagger y Mercury"},"content":{"rendered":"<p class=\"entry-excerpt\">A nueve a\u00f1os de su muerte el cantante y m\u00fasico argentino fue elegido por la edici\u00f3n estadounidense de la revista \u201cBillboard\u201d, donde, en el puesto 33, es uno de los l\u00edderes de bandas, frontman, m\u00e1s influyentes, en un ranking liderado por el cantante de The Rolling Stones y el de Queen<\/p>\n<div class=\"entry-meta\">\u00a0<img loading=\"lazy\" decoding=\"async\" class=\"alignnone size-full wp-image-23916\" src=\"http:\/\/www.radiohorizonte.fm\/radio\/wp-content\/uploads\/2019\/09\/cerati_1.jpg_1956802537.jpg\" alt=\"\" width=\"810\" height=\"450\" srcset=\"http:\/\/www.radiohorizonte.fm\/radio\/wp-content\/uploads\/2019\/09\/cerati_1.jpg_1956802537.jpg 810w, http:\/\/www.radiohorizonte.fm\/radio\/wp-content\/uploads\/2019\/09\/cerati_1.jpg_1956802537-300x167.jpg 300w, http:\/\/www.radiohorizonte.fm\/radio\/wp-content\/uploads\/2019\/09\/cerati_1.jpg_1956802537-768x427.jpg 768w, http:\/\/www.radiohorizonte.fm\/radio\/wp-content\/uploads\/2019\/09\/cerati_1.jpg_1956802537-65x36.jpg 65w, http:\/\/www.radiohorizonte.fm\/radio\/wp-content\/uploads\/2019\/09\/cerati_1.jpg_1956802537-320x178.jpg 320w, http:\/\/www.radiohorizonte.fm\/radio\/wp-content\/uploads\/2019\/09\/cerati_1.jpg_1956802537-85x47.jpg 85w, http:\/\/www.radiohorizonte.fm\/radio\/wp-content\/uploads\/2019\/09\/cerati_1.jpg_1956802537-220x122.jpg 220w, http:\/\/www.radiohorizonte.fm\/radio\/wp-content\/uploads\/2019\/09\/cerati_1.jpg_1956802537-90x50.jpg 90w\" sizes=\"auto, (max-width: 810px) 100vw, 810px\" \/>La fuerza de Gustavo Adri\u00e1n Cerati a\u00fan sigue vigente, incluso a nueve a\u00f1os de su muerte, el 4 de setiembre de 2014. Quien fuera l\u00edder del tr\u00edo argentino Soda Stereo demostr\u00f3 c\u00f3mo la m\u00fasica vibra por las venas en su exitosa carrera como frontman del tr\u00edo y luego como solista. Precisamente por ese carisma y garra, la edici\u00f3n estadounidense de la revista\u00a0<em>Billboard<\/em>\u00a0elabor\u00f3 un ranking con los l\u00edders de bandas m\u00e1s influyentes. En el podio aparecen Mick Jagger, Stevie Nicks y Freddie Mercury. Rub\u00e9n Albarr\u00e1n, de Caf\u00e9 Tacuba, es el otro latinoamericano que integra el listado y Gustavo Cerati ocupa el puesto 33 de los 50 lugares.<\/p>\n<p>Su inconfundible voz, que marc\u00f3 generaciones, dej\u00f3 una estampa en la m\u00fasica latinoamericana y lo llev\u00f3 ubicarse en este prestigioso ranking, en el que solo figura otro m\u00fasico de lengua hispana, el mexicano Rub\u00e9n Albarr\u00e1n (#49), de Caf\u00e9 Tacuba.<\/p>\n<p>En el listado, que se confeccion\u00f3 para celebrar las siete d\u00e9cadas de rock, Cerati comparte el reconocimiento con otros grandes m\u00fasicos de la historia. El top ten del ranking lo conforman Mick Jagger (Rolling Stones), Stevie Nicks (Fleetwood Mac), Freddie Mercury (Queen), Robert Plant (Led Zeppelin), Kurt Coabin (Nirvana), David Byrne (Talking Heads), Debbie Harry (Blondie), George Clinton (Parliament\/Funkadelic), Bono (U2) y Axl Rose (Guns N\u2019 Roses).<\/p>\n<p>M\u00e1s atr\u00e1s aparecen Robert Smith (The Cure), David Lee Roth (Van Halen), Jim Morrison (The Doors), Eddie Vedder (Pearl Jam), Janis Joplin (Big Brother &amp; The Holding Company) y Paul McCartney (The Beatles), entre otros.<\/p>\n<p><iframe loading=\"lazy\" title=\"Gustavo Cerati - Fuerza Natural (En Vivo en Monterrey)\" src=\"https:\/\/www.youtube.com\/embed\/-q3imdR79Wk?feature=oembed\" width=\"640\" height=\"360\" frameborder=\"0\" allowfullscreen=\"allowfullscreen\"><\/iframe><\/p>\n<p>El ranking solo comprende a cantantes y l\u00edderes de grupos, es por eso que no figuran grandes vocalistas como Elvis Presley, Roy Orbison, Van Morrison, Leonard Cohen y Bruce Springsteen.<\/p>\n<p>La periodista Isabel Raygoza, quien escribi\u00f3 sobre Cerati en el listado, destac\u00f3: \u201cGran l\u00edder de la banda argentina Soda Stereo, emergi\u00f3 en los a\u00f1os 80 como una figura trascendente cuya presencia en el escenario combinaba encanto y m\u00edstica. Con una voz et\u00e9rea, que bailaba entre la inquietante vulnerabilidad (\u00abT\u00e9 para 3\u00bb) y la alt\u00edsima intensidad (\u00abPersiana americana\u00bb)\u201d.<\/p>\n<p>\u201cCerati conjur\u00f3 un emotivo paisaje sonoro que envolvi\u00f3 al p\u00fablico en un abrazo fascinante. Un virtuoso de la guitarra, sus dedos se deslizaban sin esfuerzo sobre las cuerdas, poseyendo la habilidad de tocar simult\u00e1neamente nuestras fibras m\u00e1s sensibles. Sus composiciones y maestr\u00eda esc\u00e9nica que desafiaron g\u00e9neros, junto con letras evocadoras que encendieron una profunda introspecci\u00f3n, quedar\u00e1n grabados para siempre en la historia del rock latino\u201d, concluy\u00f3.<\/p>\n<p><iframe loading=\"lazy\" title=\"Soda Stereo - Persiana Americana (Gira Me Ver\u00e1s Volver)\" src=\"https:\/\/www.youtube.com\/embed\/iURexk-09uE?feature=oembed\" width=\"640\" height=\"480\" frameborder=\"0\" allowfullscreen=\"allowfullscreen\"><\/iframe><\/p>\n<p>En la d\u00e9cada del noventa, Soda Stereo se convirti\u00f3 en la banda argentina de rock m\u00e1s influyente en Am\u00e9rica Latina. Tras separarse, Cerati se mantuvo como solista en ese pedestal y conquist\u00f3 con su voz y sus canciones desde M\u00e9xico hasta Chile.<\/p>\n<p>Mientras daba un concierto en Caracas, Venezuela, sufi\u00f3 un ACV en la madrugada del domingo 16 de mayo de 2010 y luego fue trasladado a la Argentina donde permaneci\u00f3 internado en coma hasta su muerte ocurrida el 4 de septiembre de 2014.<\/p>\n<p>Fuente: El ciudadano<\/p>\n<\/div>\n","protected":false},"excerpt":{"rendered":"<div class=\"post-excerpt\"><p>A nueve a\u00f1os de su muerte el cantante y m\u00fasico argentino fue elegido por la edici\u00f3n estadounidense de la revista \u201cBillboard\u201d, donde, en el puesto 33, es uno de los l\u00edderes de bandas, frontman, m\u00e1s influyentes, en un ranking liderado por el cantante de The Rolling Stones y el de Queen \u00a0La fuerza de Gustavo<\/p>\n<\/div>","protected":false},"author":2,"featured_media":23916,"comment_status":"closed","ping_status":"closed","sticky":false,"template":"","format":"standard","meta":{"_acf_changed":false,"footnotes":""},"categories":[3],"tags":[],"class_list":["post-41916","post","type-post","status-publish","format-standard","has-post-thumbnail","hentry","category-infomusic"],"acf":[],"yoast_head":"<!-- This site is optimized with the Yoast SEO plugin v28.1 - https:\/\/yoast.com\/product\/yoast-seo-wordpress\/ -->\n<title>Gustavo Cerati elegido entre las 50 mejores voces de la historia del rock, junto a Jagger y Mercury - Horizonte<\/title>\n<meta name=\"robots\" content=\"index, follow, max-snippet:-1, max-image-preview:large, max-video-preview:-1\" \/>\n<link rel=\"canonical\" href=\"http:\/\/www.radiohorizonte.fm\/radio\/2023\/09\/04\/gustavo-cerati-elegido-entre-las-50-mejores-voces-de-la-historia-del-rock-junto-jagger-y-mercury\/\" \/>\n<meta property=\"og:locale\" content=\"es_ES\" \/>\n<meta property=\"og:type\" content=\"article\" \/>\n<meta property=\"og:title\" content=\"Gustavo Cerati elegido entre las 50 mejores voces de la historia del rock, junto a Jagger y Mercury - Horizonte\" \/>\n<meta property=\"og:description\" content=\"A nueve a\u00f1os de su muerte el cantante y m\u00fasico argentino fue elegido por la edici\u00f3n estadounidense de la revista \u201cBillboard\u201d, donde, en el puesto 33, es uno de los l\u00edderes de bandas, frontman, m\u00e1s influyentes, en un ranking liderado por el cantante de The Rolling Stones y el de Queen \u00a0La fuerza de Gustavo\" \/>\n<meta property=\"og:url\" content=\"http:\/\/www.radiohorizonte.fm\/radio\/2023\/09\/04\/gustavo-cerati-elegido-entre-las-50-mejores-voces-de-la-historia-del-rock-junto-jagger-y-mercury\/\" \/>\n<meta property=\"og:site_name\" content=\"Horizonte\" \/>\n<meta property=\"article:publisher\" content=\"http:\/\/www.facebook.com\/HORIZONTE106.1\" \/>\n<meta property=\"article:published_time\" content=\"2023-09-04T11:46:47+00:00\" \/>\n<meta property=\"og:image\" content=\"http:\/\/www.radiohorizonte.fm\/radio\/wp-content\/uploads\/2019\/09\/cerati_1.jpg_1956802537.jpg\" \/>\n\t<meta property=\"og:image:width\" content=\"810\" \/>\n\t<meta property=\"og:image:height\" content=\"450\" \/>\n\t<meta property=\"og:image:type\" content=\"image\/jpeg\" \/>\n<meta name=\"author\" content=\"Cristian Galarza\" \/>\n<meta name=\"twitter:card\" content=\"summary_large_image\" \/>\n<meta name=\"twitter:creator\" content=\"@fmhorizonte1061\" \/>\n<meta name=\"twitter:site\" content=\"@fmhorizonte1061\" \/>\n<meta name=\"twitter:label1\" content=\"Escrito por\" \/>\n\t<meta name=\"twitter:data1\" content=\"Cristian Galarza\" \/>\n\t<meta name=\"twitter:label2\" content=\"Tiempo de lectura\" \/>\n\t<meta name=\"twitter:data2\" content=\"3 minutos\" \/>\n<script type=\"application\/ld+json\" class=\"yoast-schema-graph\">{\"@context\":\"https:\\\/\\\/schema.org\",\"@graph\":[{\"@type\":\"Article\",\"@id\":\"http:\\\/\\\/www.radiohorizonte.fm\\\/radio\\\/2023\\\/09\\\/04\\\/gustavo-cerati-elegido-entre-las-50-mejores-voces-de-la-historia-del-rock-junto-jagger-y-mercury\\\/#article\",\"isPartOf\":{\"@id\":\"http:\\\/\\\/www.radiohorizonte.fm\\\/radio\\\/2023\\\/09\\\/04\\\/gustavo-cerati-elegido-entre-las-50-mejores-voces-de-la-historia-del-rock-junto-jagger-y-mercury\\\/\"},\"author\":{\"name\":\"Cristian Galarza\",\"@id\":\"http:\\\/\\\/www.radiohorizonte.fm\\\/radio\\\/#\\\/schema\\\/person\\\/f8fa003a405bb86729fd87d15d0ddafa\"},\"headline\":\"Gustavo Cerati elegido entre las 50 mejores voces de la historia del rock, junto a Jagger y Mercury\",\"datePublished\":\"2023-09-04T11:46:47+00:00\",\"mainEntityOfPage\":{\"@id\":\"http:\\\/\\\/www.radiohorizonte.fm\\\/radio\\\/2023\\\/09\\\/04\\\/gustavo-cerati-elegido-entre-las-50-mejores-voces-de-la-historia-del-rock-junto-jagger-y-mercury\\\/\"},\"wordCount\":590,\"publisher\":{\"@id\":\"http:\\\/\\\/www.radiohorizonte.fm\\\/radio\\\/#organization\"},\"image\":{\"@id\":\"http:\\\/\\\/www.radiohorizonte.fm\\\/radio\\\/2023\\\/09\\\/04\\\/gustavo-cerati-elegido-entre-las-50-mejores-voces-de-la-historia-del-rock-junto-jagger-y-mercury\\\/#primaryimage\"},\"thumbnailUrl\":\"http:\\\/\\\/www.radiohorizonte.fm\\\/radio\\\/wp-content\\\/uploads\\\/2019\\\/09\\\/cerati_1.jpg_1956802537.jpg\",\"articleSection\":[\"Infomusic\"],\"inLanguage\":\"es-AR\"},{\"@type\":\"WebPage\",\"@id\":\"http:\\\/\\\/www.radiohorizonte.fm\\\/radio\\\/2023\\\/09\\\/04\\\/gustavo-cerati-elegido-entre-las-50-mejores-voces-de-la-historia-del-rock-junto-jagger-y-mercury\\\/\",\"url\":\"http:\\\/\\\/www.radiohorizonte.fm\\\/radio\\\/2023\\\/09\\\/04\\\/gustavo-cerati-elegido-entre-las-50-mejores-voces-de-la-historia-del-rock-junto-jagger-y-mercury\\\/\",\"name\":\"Gustavo Cerati elegido entre las 50 mejores voces de la historia del rock, junto a Jagger y Mercury - Horizonte\",\"isPartOf\":{\"@id\":\"http:\\\/\\\/www.radiohorizonte.fm\\\/radio\\\/#website\"},\"primaryImageOfPage\":{\"@id\":\"http:\\\/\\\/www.radiohorizonte.fm\\\/radio\\\/2023\\\/09\\\/04\\\/gustavo-cerati-elegido-entre-las-50-mejores-voces-de-la-historia-del-rock-junto-jagger-y-mercury\\\/#primaryimage\"},\"image\":{\"@id\":\"http:\\\/\\\/www.radiohorizonte.fm\\\/radio\\\/2023\\\/09\\\/04\\\/gustavo-cerati-elegido-entre-las-50-mejores-voces-de-la-historia-del-rock-junto-jagger-y-mercury\\\/#primaryimage\"},\"thumbnailUrl\":\"http:\\\/\\\/www.radiohorizonte.fm\\\/radio\\\/wp-content\\\/uploads\\\/2019\\\/09\\\/cerati_1.jpg_1956802537.jpg\",\"datePublished\":\"2023-09-04T11:46:47+00:00\",\"breadcrumb\":{\"@id\":\"http:\\\/\\\/www.radiohorizonte.fm\\\/radio\\\/2023\\\/09\\\/04\\\/gustavo-cerati-elegido-entre-las-50-mejores-voces-de-la-historia-del-rock-junto-jagger-y-mercury\\\/#breadcrumb\"},\"inLanguage\":\"es-AR\",\"potentialAction\":[{\"@type\":\"ReadAction\",\"target\":[\"http:\\\/\\\/www.radiohorizonte.fm\\\/radio\\\/2023\\\/09\\\/04\\\/gustavo-cerati-elegido-entre-las-50-mejores-voces-de-la-historia-del-rock-junto-jagger-y-mercury\\\/\"]}]},{\"@type\":\"ImageObject\",\"inLanguage\":\"es-AR\",\"@id\":\"http:\\\/\\\/www.radiohorizonte.fm\\\/radio\\\/2023\\\/09\\\/04\\\/gustavo-cerati-elegido-entre-las-50-mejores-voces-de-la-historia-del-rock-junto-jagger-y-mercury\\\/#primaryimage\",\"url\":\"http:\\\/\\\/www.radiohorizonte.fm\\\/radio\\\/wp-content\\\/uploads\\\/2019\\\/09\\\/cerati_1.jpg_1956802537.jpg\",\"contentUrl\":\"http:\\\/\\\/www.radiohorizonte.fm\\\/radio\\\/wp-content\\\/uploads\\\/2019\\\/09\\\/cerati_1.jpg_1956802537.jpg\",\"width\":810,\"height\":450},{\"@type\":\"BreadcrumbList\",\"@id\":\"http:\\\/\\\/www.radiohorizonte.fm\\\/radio\\\/2023\\\/09\\\/04\\\/gustavo-cerati-elegido-entre-las-50-mejores-voces-de-la-historia-del-rock-junto-jagger-y-mercury\\\/#breadcrumb\",\"itemListElement\":[{\"@type\":\"ListItem\",\"position\":1,\"name\":\"Home\",\"item\":\"http:\\\/\\\/www.radiohorizonte.fm\\\/radio\\\/\"},{\"@type\":\"ListItem\",\"position\":2,\"name\":\"Gustavo Cerati elegido entre las 50 mejores voces de la historia del rock, junto a Jagger y Mercury\"}]},{\"@type\":\"WebSite\",\"@id\":\"http:\\\/\\\/www.radiohorizonte.fm\\\/radio\\\/#website\",\"url\":\"http:\\\/\\\/www.radiohorizonte.fm\\\/radio\\\/\",\"name\":\"Horizonte\",\"description\":\"Radio Horizonte 106.1 - Una radio de clasicos\",\"publisher\":{\"@id\":\"http:\\\/\\\/www.radiohorizonte.fm\\\/radio\\\/#organization\"},\"potentialAction\":[{\"@type\":\"SearchAction\",\"target\":{\"@type\":\"EntryPoint\",\"urlTemplate\":\"http:\\\/\\\/www.radiohorizonte.fm\\\/radio\\\/?s={search_term_string}\"},\"query-input\":{\"@type\":\"PropertyValueSpecification\",\"valueRequired\":true,\"valueName\":\"search_term_string\"}}],\"inLanguage\":\"es-AR\"},{\"@type\":\"Organization\",\"@id\":\"http:\\\/\\\/www.radiohorizonte.fm\\\/radio\\\/#organization\",\"name\":\"Horizonte\",\"url\":\"http:\\\/\\\/www.radiohorizonte.fm\\\/radio\\\/\",\"logo\":{\"@type\":\"ImageObject\",\"inLanguage\":\"es-AR\",\"@id\":\"http:\\\/\\\/www.radiohorizonte.fm\\\/radio\\\/#\\\/schema\\\/logo\\\/image\\\/\",\"url\":\"http:\\\/\\\/www.radiohorizonte.fm\\\/radio\\\/wp-content\\\/uploads\\\/2025\\\/06\\\/Portada-FM-Horizonte_modelo-imagen-scaled.jpg\",\"contentUrl\":\"http:\\\/\\\/www.radiohorizonte.fm\\\/radio\\\/wp-content\\\/uploads\\\/2025\\\/06\\\/Portada-FM-Horizonte_modelo-imagen-scaled.jpg\",\"width\":2560,\"height\":1056,\"caption\":\"Horizonte\"},\"image\":{\"@id\":\"http:\\\/\\\/www.radiohorizonte.fm\\\/radio\\\/#\\\/schema\\\/logo\\\/image\\\/\"},\"sameAs\":[\"http:\\\/\\\/www.facebook.com\\\/HORIZONTE106.1\",\"https:\\\/\\\/x.com\\\/fmhorizonte1061\"]},{\"@type\":\"Person\",\"@id\":\"http:\\\/\\\/www.radiohorizonte.fm\\\/radio\\\/#\\\/schema\\\/person\\\/f8fa003a405bb86729fd87d15d0ddafa\",\"name\":\"Cristian Galarza\",\"image\":{\"@type\":\"ImageObject\",\"inLanguage\":\"es-AR\",\"@id\":\"https:\\\/\\\/secure.gravatar.com\\\/avatar\\\/fad34bc2c773209c05d7d53b08a69b680eeb55f3be014e52b31643d20ab65925?s=96&d=mm&r=g\",\"url\":\"https:\\\/\\\/secure.gravatar.com\\\/avatar\\\/fad34bc2c773209c05d7d53b08a69b680eeb55f3be014e52b31643d20ab65925?s=96&d=mm&r=g\",\"contentUrl\":\"https:\\\/\\\/secure.gravatar.com\\\/avatar\\\/fad34bc2c773209c05d7d53b08a69b680eeb55f3be014e52b31643d20ab65925?s=96&d=mm&r=g\",\"caption\":\"Cristian Galarza\"},\"url\":\"http:\\\/\\\/www.radiohorizonte.fm\\\/radio\\\/author\\\/cristian\\\/\"}]}<\/script>\n<!-- \/ Yoast SEO plugin. -->","yoast_head_json":{"title":"Gustavo Cerati elegido entre las 50 mejores voces de la historia del rock, junto a Jagger y Mercury - Horizonte","robots":{"index":"index","follow":"follow","max-snippet":"max-snippet:-1","max-image-preview":"max-image-preview:large","max-video-preview":"max-video-preview:-1"},"canonical":"http:\/\/www.radiohorizonte.fm\/radio\/2023\/09\/04\/gustavo-cerati-elegido-entre-las-50-mejores-voces-de-la-historia-del-rock-junto-jagger-y-mercury\/","og_locale":"es_ES","og_type":"article","og_title":"Gustavo Cerati elegido entre las 50 mejores voces de la historia del rock, junto a Jagger y Mercury - Horizonte","og_description":"A nueve a\u00f1os de su muerte el cantante y m\u00fasico argentino fue elegido por la edici\u00f3n estadounidense de la revista \u201cBillboard\u201d, donde, en el puesto 33, es uno de los l\u00edderes de bandas, frontman, m\u00e1s influyentes, en un ranking liderado por el cantante de The Rolling Stones y el de Queen \u00a0La fuerza de Gustavo","og_url":"http:\/\/www.radiohorizonte.fm\/radio\/2023\/09\/04\/gustavo-cerati-elegido-entre-las-50-mejores-voces-de-la-historia-del-rock-junto-jagger-y-mercury\/","og_site_name":"Horizonte","article_publisher":"http:\/\/www.facebook.com\/HORIZONTE106.1","article_published_time":"2023-09-04T11:46:47+00:00","og_image":[{"width":810,"height":450,"url":"http:\/\/www.radiohorizonte.fm\/radio\/wp-content\/uploads\/2019\/09\/cerati_1.jpg_1956802537.jpg","type":"image\/jpeg"}],"author":"Cristian Galarza","twitter_card":"summary_large_image","twitter_creator":"@fmhorizonte1061","twitter_site":"@fmhorizonte1061","twitter_misc":{"Escrito por":"Cristian Galarza","Tiempo de lectura":"3 minutos"},"schema":{"@context":"https:\/\/schema.org","@graph":[{"@type":"Article","@id":"http:\/\/www.radiohorizonte.fm\/radio\/2023\/09\/04\/gustavo-cerati-elegido-entre-las-50-mejores-voces-de-la-historia-del-rock-junto-jagger-y-mercury\/#article","isPartOf":{"@id":"http:\/\/www.radiohorizonte.fm\/radio\/2023\/09\/04\/gustavo-cerati-elegido-entre-las-50-mejores-voces-de-la-historia-del-rock-junto-jagger-y-mercury\/"},"author":{"name":"Cristian Galarza","@id":"http:\/\/www.radiohorizonte.fm\/radio\/#\/schema\/person\/f8fa003a405bb86729fd87d15d0ddafa"},"headline":"Gustavo Cerati elegido entre las 50 mejores voces de la historia del rock, junto a Jagger y Mercury","datePublished":"2023-09-04T11:46:47+00:00","mainEntityOfPage":{"@id":"http:\/\/www.radiohorizonte.fm\/radio\/2023\/09\/04\/gustavo-cerati-elegido-entre-las-50-mejores-voces-de-la-historia-del-rock-junto-jagger-y-mercury\/"},"wordCount":590,"publisher":{"@id":"http:\/\/www.radiohorizonte.fm\/radio\/#organization"},"image":{"@id":"http:\/\/www.radiohorizonte.fm\/radio\/2023\/09\/04\/gustavo-cerati-elegido-entre-las-50-mejores-voces-de-la-historia-del-rock-junto-jagger-y-mercury\/#primaryimage"},"thumbnailUrl":"http:\/\/www.radiohorizonte.fm\/radio\/wp-content\/uploads\/2019\/09\/cerati_1.jpg_1956802537.jpg","articleSection":["Infomusic"],"inLanguage":"es-AR"},{"@type":"WebPage","@id":"http:\/\/www.radiohorizonte.fm\/radio\/2023\/09\/04\/gustavo-cerati-elegido-entre-las-50-mejores-voces-de-la-historia-del-rock-junto-jagger-y-mercury\/","url":"http:\/\/www.radiohorizonte.fm\/radio\/2023\/09\/04\/gustavo-cerati-elegido-entre-las-50-mejores-voces-de-la-historia-del-rock-junto-jagger-y-mercury\/","name":"Gustavo Cerati elegido entre las 50 mejores voces de la historia del rock, junto a Jagger y Mercury - Horizonte","isPartOf":{"@id":"http:\/\/www.radiohorizonte.fm\/radio\/#website"},"primaryImageOfPage":{"@id":"http:\/\/www.radiohorizonte.fm\/radio\/2023\/09\/04\/gustavo-cerati-elegido-entre-las-50-mejores-voces-de-la-historia-del-rock-junto-jagger-y-mercury\/#primaryimage"},"image":{"@id":"http:\/\/www.radiohorizonte.fm\/radio\/2023\/09\/04\/gustavo-cerati-elegido-entre-las-50-mejores-voces-de-la-historia-del-rock-junto-jagger-y-mercury\/#primaryimage"},"thumbnailUrl":"http:\/\/www.radiohorizonte.fm\/radio\/wp-content\/uploads\/2019\/09\/cerati_1.jpg_1956802537.jpg","datePublished":"2023-09-04T11:46:47+00:00","breadcrumb":{"@id":"http:\/\/www.radiohorizonte.fm\/radio\/2023\/09\/04\/gustavo-cerati-elegido-entre-las-50-mejores-voces-de-la-historia-del-rock-junto-jagger-y-mercury\/#breadcrumb"},"inLanguage":"es-AR","potentialAction":[{"@type":"ReadAction","target":["http:\/\/www.radiohorizonte.fm\/radio\/2023\/09\/04\/gustavo-cerati-elegido-entre-las-50-mejores-voces-de-la-historia-del-rock-junto-jagger-y-mercury\/"]}]},{"@type":"ImageObject","inLanguage":"es-AR","@id":"http:\/\/www.radiohorizonte.fm\/radio\/2023\/09\/04\/gustavo-cerati-elegido-entre-las-50-mejores-voces-de-la-historia-del-rock-junto-jagger-y-mercury\/#primaryimage","url":"http:\/\/www.radiohorizonte.fm\/radio\/wp-content\/uploads\/2019\/09\/cerati_1.jpg_1956802537.jpg","contentUrl":"http:\/\/www.radiohorizonte.fm\/radio\/wp-content\/uploads\/2019\/09\/cerati_1.jpg_1956802537.jpg","width":810,"height":450},{"@type":"BreadcrumbList","@id":"http:\/\/www.radiohorizonte.fm\/radio\/2023\/09\/04\/gustavo-cerati-elegido-entre-las-50-mejores-voces-de-la-historia-del-rock-junto-jagger-y-mercury\/#breadcrumb","itemListElement":[{"@type":"ListItem","position":1,"name":"Home","item":"http:\/\/www.radiohorizonte.fm\/radio\/"},{"@type":"ListItem","position":2,"name":"Gustavo Cerati elegido entre las 50 mejores voces de la historia del rock, junto a Jagger y Mercury"}]},{"@type":"WebSite","@id":"http:\/\/www.radiohorizonte.fm\/radio\/#website","url":"http:\/\/www.radiohorizonte.fm\/radio\/","name":"Horizonte","description":"Radio Horizonte 106.1 - Una radio de clasicos","publisher":{"@id":"http:\/\/www.radiohorizonte.fm\/radio\/#organization"},"potentialAction":[{"@type":"SearchAction","target":{"@type":"EntryPoint","urlTemplate":"http:\/\/www.radiohorizonte.fm\/radio\/?s={search_term_string}"},"query-input":{"@type":"PropertyValueSpecification","valueRequired":true,"valueName":"search_term_string"}}],"inLanguage":"es-AR"},{"@type":"Organization","@id":"http:\/\/www.radiohorizonte.fm\/radio\/#organization","name":"Horizonte","url":"http:\/\/www.radiohorizonte.fm\/radio\/","logo":{"@type":"ImageObject","inLanguage":"es-AR","@id":"http:\/\/www.radiohorizonte.fm\/radio\/#\/schema\/logo\/image\/","url":"http:\/\/www.radiohorizonte.fm\/radio\/wp-content\/uploads\/2025\/06\/Portada-FM-Horizonte_modelo-imagen-scaled.jpg","contentUrl":"http:\/\/www.radiohorizonte.fm\/radio\/wp-content\/uploads\/2025\/06\/Portada-FM-Horizonte_modelo-imagen-scaled.jpg","width":2560,"height":1056,"caption":"Horizonte"},"image":{"@id":"http:\/\/www.radiohorizonte.fm\/radio\/#\/schema\/logo\/image\/"},"sameAs":["http:\/\/www.facebook.com\/HORIZONTE106.1","https:\/\/x.com\/fmhorizonte1061"]},{"@type":"Person","@id":"http:\/\/www.radiohorizonte.fm\/radio\/#\/schema\/person\/f8fa003a405bb86729fd87d15d0ddafa","name":"Cristian Galarza","image":{"@type":"ImageObject","inLanguage":"es-AR","@id":"https:\/\/secure.gravatar.com\/avatar\/fad34bc2c773209c05d7d53b08a69b680eeb55f3be014e52b31643d20ab65925?s=96&d=mm&r=g","url":"https:\/\/secure.gravatar.com\/avatar\/fad34bc2c773209c05d7d53b08a69b680eeb55f3be014e52b31643d20ab65925?s=96&d=mm&r=g","contentUrl":"https:\/\/secure.gravatar.com\/avatar\/fad34bc2c773209c05d7d53b08a69b680eeb55f3be014e52b31643d20ab65925?s=96&d=mm&r=g","caption":"Cristian Galarza"},"url":"http:\/\/www.radiohorizonte.fm\/radio\/author\/cristian\/"}]}},"_links":{"self":[{"href":"http:\/\/www.radiohorizonte.fm\/radio\/wp-json\/wp\/v2\/posts\/41916","targetHints":{"allow":["GET"]}}],"collection":[{"href":"http:\/\/www.radiohorizonte.fm\/radio\/wp-json\/wp\/v2\/posts"}],"about":[{"href":"http:\/\/www.radiohorizonte.fm\/radio\/wp-json\/wp\/v2\/types\/post"}],"author":[{"embeddable":true,"href":"http:\/\/www.radiohorizonte.fm\/radio\/wp-json\/wp\/v2\/users\/2"}],"replies":[{"embeddable":true,"href":"http:\/\/www.radiohorizonte.fm\/radio\/wp-json\/wp\/v2\/comments?post=41916"}],"version-history":[{"count":1,"href":"http:\/\/www.radiohorizonte.fm\/radio\/wp-json\/wp\/v2\/posts\/41916\/revisions"}],"predecessor-version":[{"id":41917,"href":"http:\/\/www.radiohorizonte.fm\/radio\/wp-json\/wp\/v2\/posts\/41916\/revisions\/41917"}],"wp:featuredmedia":[{"embeddable":true,"href":"http:\/\/www.radiohorizonte.fm\/radio\/wp-json\/wp\/v2\/media\/23916"}],"wp:attachment":[{"href":"http:\/\/www.radiohorizonte.fm\/radio\/wp-json\/wp\/v2\/media?parent=41916"}],"wp:term":[{"taxonomy":"category","embeddable":true,"href":"http:\/\/www.radiohorizonte.fm\/radio\/wp-json\/wp\/v2\/categories?post=41916"},{"taxonomy":"post_tag","embeddable":true,"href":"http:\/\/www.radiohorizonte.fm\/radio\/wp-json\/wp\/v2\/tags?post=41916"}],"curies":[{"name":"wp","href":"https:\/\/api.w.org\/{rel}","templated":true}]}}